{"id":12968,"date":"2021-02-10T01:56:50","date_gmt":"2021-02-10T01:56:50","guid":{"rendered":"https:\/\/noti-america.com\/site\/ecuador\/?p=12968"},"modified":"2021-02-10T01:56:50","modified_gmt":"2021-02-10T01:56:50","slug":"reconstruir-la-confianza-en-un-mundo-post-covid-foro-economico-mundial","status":"publish","type":"post","link":"https:\/\/noti-america.com\/site\/ecuador\/2021\/02\/10\/reconstruir-la-confianza-en-un-mundo-post-covid-foro-economico-mundial\/","title":{"rendered":"Reconstruir la confianza en un mundo post-Covid: Foro Econ\u00f3mico Mundial"},"content":{"rendered":"<p>REDACCII\u00d3N NOTI AM\u00c9RICA (ECUADOR)<\/p>\n<p><strong>Xi Jinping de China, Emmanuel Macron de Francia, y Narendra Modi de la India; intervendr\u00e1n en el foro \u201cConfianza en un mundo post-Covid\u201d.<\/strong><\/p>\n<div style=\"width: 820px\" class=\"wp-caption alignnone\"><img loading=\"lazy\" decoding=\"async\" src=\"https:\/\/www.expoknews.com\/wp-content\/uploads\/2021\/02\/Reconstruir-la-confianza-en-un-mundo-post-Covid-Foro-Economico-Mundial.-810x575.jpg\" alt=\"Reconstruir la confianza en un mundo post-Covid: Foro Econ\u00f3mico Mundial\" width=\"810\" height=\"575\" \/><p class=\"wp-caption-text\">Rutte<\/p><\/div>\n<p style=\"text-align: justify\">El fundador del Foro Econ\u00f3mico Mundial, Klaus Schwab, afirm\u00f3 que 2021 ser\u00e1 un \u201ca\u00f1o crucial\u201d para acabar con la pandemia del COVID-19, estimular el crecimiento econ\u00f3mico mundial y restablecer la confianza en un mundo post-Covid.<\/p>\n<p style=\"text-align: justify\">Schwab dijo que la Agenda de Davos del FEM, que tuvo lugar en l\u00ednea a finales de enero, se reuni\u00f3 bajo el lema \u201cA crucial year to rebuild trust\u201d (Un a\u00f1o crucial para reconstruir la confianza) mientras el mundo segu\u00eda lidiando con los efectos sanitarios y econ\u00f3micos de la crisis del coronavirus.<\/p>\n<blockquote class=\"wp-block-quote\">\n<p style=\"text-align: justify\"><strong>En el contexto de la pandemia de COVID-19, la necesidad de reajustar las prioridades y la urgencia de reformar los sistemas se han hecho m\u00e1s fuertes en todo el mundo.<\/strong><\/p>\n<p style=\"text-align: justify\"><strong>Reconstruir la confianza y aumentar la cooperaci\u00f3n mundial son cruciales para fomentar soluciones innovadoras y audaces para frenar la pandemia e impulsar una s\u00f3lida recuperaci\u00f3n.<\/strong><\/p>\n<p><strong><cite>Klaus Schwab, fundador del Foro Econ\u00f3mico Mundial.<\/cite><\/strong><\/p><\/blockquote>\n<h3 style=\"text-align: justify\">Reuni\u00f3n anual del Foro Econ\u00f3mico Mundial<\/h3>\n<p style=\"text-align: justify\">La reuni\u00f3n anual del FEM se celebra tradicionalmente en enero en la monta\u00f1a nevada de Davos (Suiza), y a ella acuden l\u00edderes mundiales, empresarios, banqueros centrales y multimillonarios para asistir a conferencias de alto nivel y sesiones de networking.<\/p>\n<div class=\"wp-block-image is-style-rounded\" style=\"text-align: justify\">\n<figure class=\"aligncenter size-large\">\n<p><div id=\"attachment_307735\" style=\"width: 1034px\" class=\"wp-caption alignnone\"><img loading=\"lazy\" decoding=\"async\" aria-describedby=\"caption-attachment-307735\" class=\"lazyloaded wp-image-307735\" src=\"https:\/\/www.expoknews.com\/wp-content\/uploads\/2021\/02\/Reconstruir-la-confianza-en-un-mundo-post-Covid-Foro-Economico-Mundial-1024x685.jpg\" alt=\"Reconstruir la confianza en un mundo post-Covid: Foro Econ\u00f3mico Mundial\" width=\"1024\" height=\"685\" data-srcset=\"https:\/\/www.expoknews.com\/wp-content\/uploads\/2021\/02\/Reconstruir-la-confianza-en-un-mundo-post-Covid-Foro-Economico-Mundial-1024x685.jpg 1024w, https:\/\/www.expoknews.com\/wp-content\/uploads\/2021\/02\/Reconstruir-la-confianza-en-un-mundo-post-Covid-Foro-Economico-Mundial-300x201.jpg 300w, https:\/\/www.expoknews.com\/wp-content\/uploads\/2021\/02\/Reconstruir-la-confianza-en-un-mundo-post-Covid-Foro-Economico-Mundial-768x514.jpg 768w, https:\/\/www.expoknews.com\/wp-content\/uploads\/2021\/02\/Reconstruir-la-confianza-en-un-mundo-post-Covid-Foro-Economico-Mundial-1536x1028.jpg 1536w, https:\/\/www.expoknews.com\/wp-content\/uploads\/2021\/02\/Reconstruir-la-confianza-en-un-mundo-post-Covid-Foro-Economico-Mundial-810x542.jpg 810w, https:\/\/www.expoknews.com\/wp-content\/uploads\/2021\/02\/Reconstruir-la-confianza-en-un-mundo-post-Covid-Foro-Economico-Mundial-1140x763.jpg 1140w, https:\/\/www.expoknews.com\/wp-content\/uploads\/2021\/02\/Reconstruir-la-confianza-en-un-mundo-post-Covid-Foro-Economico-Mundial-scaled.jpg 1196w\" data-src=\"https:\/\/www.expoknews.com\/wp-content\/uploads\/2021\/02\/Reconstruir-la-confianza-en-un-mundo-post-Covid-Foro-Economico-Mundial-1024x685.jpg\" data-sizes=\"(max-width: 1024px) 100vw, 1024px\" \/><p id=\"caption-attachment-307735\" class=\"wp-caption-text\">Suiza<\/p><\/div><\/figure>\n<\/div>\n<p style=\"text-align: justify\">Este a\u00f1o, el evento presencial se celebrar\u00e1 en Singapur del 13 al 16 de mayo. La ciudad-estado se considera m\u00e1s segura en lo que respecta al COVID-19, ya que se ha cerrado en gran medida al mundo desde que comenz\u00f3 la pandemia y tiene menos de 100 casos. Suiza, en cambio, est\u00e1 experimentando un aumento de las infecciones junto con el resto de Europa.<\/p>\n<blockquote class=\"wp-block-quote\">\n<p style=\"text-align: justify\"><strong>Los directores generales de m\u00e1s de 500 empresas tambi\u00e9n se unir\u00e1n a los debates sobre temas como los sistemas econ\u00f3micos y sociales justos y la crisis clim\u00e1tica, dijo la organizaci\u00f3n con sede en Ginebra.<\/strong><\/p>\n<\/blockquote>\n<p style=\"text-align: justify\">Mientras tanto, el evento en l\u00ednea del 25 al 29 de enero cont\u00f3 con algunos de los principales responsables pol\u00edticos del mundo, como: el Presidente de China, Xi Jinping, Narendra Modi, Primer Ministro de la India, el Presidente de Francia, Emmanuel Macron, la Canciller alemana, Angela Merkel, y Ursula von der Leyen, Presidenta de la Comisi\u00f3n Europea.<\/p>\n<h3 style=\"text-align: justify\">Una lucha en conjunto<\/h3>\n<p style=\"text-align: justify\">El FEM dijo que la pandemia ha demostrado que ninguna instituci\u00f3n o individuo por s\u00ed solo puede hacer frente a los retos econ\u00f3micos, medioambientales, sociales y tecnol\u00f3gicos de \u201c<em>este mundo complejo e interdependiente<\/em>\u201c.<\/p>\n<p style=\"text-align: justify\">Schwab afirm\u00f3 que el 2021 es un \u201ca\u00f1o de movilizaci\u00f3n\u201d en el que es clave que todos trabajen juntos para reconstruir el mundo frente a COVID-19.<\/p>\n<blockquote class=\"wp-block-quote\">\n<p style=\"text-align: justify\"><strong>Para ayudar a abordar los cambios sist\u00e9micos provocados por la crisis, la Agenda de Davos espera ofrecer a los l\u00edderes soluciones innovadoras y audaces para frenar la pandemia e impulsar una s\u00f3lida recuperaci\u00f3n durante el pr\u00f3ximo a\u00f1o, que se centran en cinco temas.<\/strong><\/p>\n<p><strong><cite>Klaus Schwab, fundador del Foro Econ\u00f3mico Mundial.<\/cite><\/strong><\/p><\/blockquote>\n<p style=\"text-align: justify\">Estos temas son:<\/p>\n<ol style=\"text-align: justify\">\n<li>El dise\u00f1o de sistemas econ\u00f3micos cohesivos, sostenibles y resilientes.<\/li>\n<li>El impulso de la transformaci\u00f3n y el crecimiento responsables de la industria.<\/li>\n<li>La mejora de la gesti\u00f3n de los bienes comunes mundiales.<\/li>\n<li>El aprovechamiento de las tecnolog\u00edas de la cuarta revoluci\u00f3n industrial.<\/li>\n<li>El avance de la cooperaci\u00f3n mundial y regional.<\/li>\n<\/ol>\n<figure class=\"wp-block-embed is-type-rich is-provider-twitter wp-block-embed-twitter\" style=\"text-align: justify\"><\/figure>\n<blockquote class=\"wp-block-quote\">\n<p style=\"text-align: justify\"><strong>Esta reuni\u00f3n \u00fanica ser\u00e1 una oportunidad para que los l\u00edderes esbocen su visi\u00f3n y aborden las cuestiones m\u00e1s importantes de nuestro tiempo, como la necesidad de acelerar la creaci\u00f3n de empleo y proteger el medio ambiente.<\/strong><\/p>\n<p><strong><cite>Klaus Schwab, fundador del Foro Econ\u00f3mico Mundial.<\/cite><\/strong><\/p><\/blockquote>\n<p style=\"text-align: justify\">Schwab afirm\u00f3 que el crecimiento econ\u00f3mico debe ser \u201c<em>m\u00e1s resiliente, m\u00e1s inclusivo y m\u00e1s sostenible<\/em>\u201c.<\/p>\n<blockquote class=\"wp-block-quote\">\n<p style=\"text-align: justify\"><strong>Nadie pod\u00eda prever lo que ha ocurrido. Pr\u00e1cticamente fuimos la \u00faltima cumbre mundial que se celebr\u00f3 en persona.<\/strong><\/p>\n<p style=\"text-align: justify\"><strong>Pero ahora tenemos m\u00e1s socios que al principio de la crisis, lo que demuestra que algunos socios no s\u00f3lo est\u00e1n interesados en establecer redes y crear contactos, sino que realmente quieren participar.<\/strong><\/p>\n<\/blockquote>\n<p>Tomada: de EXPOK<\/p>\n","protected":false},"excerpt":{"rendered":"<p>REDACCII\u00d3N NOTI AM\u00c9RICA (ECUADOR) Xi Jinping de China, Emmanuel Macron de Francia, y Narendra Modi de la India; intervendr\u00e1n en el foro \u201cConfianza en un mundo post-Covid\u201d. El fundador del Foro Econ\u00f3mico Mundial, Klaus&#46;&#46;&#46;<\/p>\n","protected":false},"author":17,"featured_media":12969,"comment_status":"open","ping_status":"open","sticky":false,"template":"","format":"standard","meta":{"_acf_changed":false,"om_disable_all_campaigns":false,"rop_custom_images_group":[],"rop_custom_messages_group":[],"rop_publish_now":"initial","rop_publish_now_accounts":{"twitter_242054905_242054905":""},"rop_publish_now_history":[],"rop_publish_now_status":"pending","_uf_show_specific_survey":0,"_uf_disable_surveys":false,"footnotes":""},"categories":[5],"tags":[],"class_list":["post-12968","post","type-post","status-publish","format-standard","has-post-thumbnail","hentry","category-economia"],"acf":[],"aioseo_notices":[],"yoast_head":"<!-- This site is optimized with the Yoast SEO Premium plugin v24.9 (Yoast SEO v27.2) - https:\/\/yoast.com\/product\/yoast-seo-premium-wordpress\/ -->\n<title>Reconstruir la confianza en un mundo post-Covid: Foro Econ\u00f3mico Mundial - Ecuador | Noti-America.com<\/title>\n<meta name=\"robots\" content=\"index, follow, max-snippet:-1, max-image-preview:large, max-video-preview:-1\" \/>\n<link rel=\"canonical\" href=\"https:\/\/noti-america.com\/site\/ecuador\/2021\/02\/10\/reconstruir-la-confianza-en-un-mundo-post-covid-foro-economico-mundial\/\" \/>\n<meta property=\"og:locale\" content=\"es_ES\" \/>\n<meta property=\"og:type\" content=\"article\" \/>\n<meta property=\"og:title\" content=\"Reconstruir la confianza en un mundo post-Covid: Foro Econ\u00f3mico Mundial\" \/>\n<meta property=\"og:description\" content=\"REDACCII\u00d3N NOTI AM\u00c9RICA (ECUADOR) Xi Jinping de China, Emmanuel Macron de Francia, y Narendra Modi de la India; intervendr\u00e1n en el foro \u201cConfianza en un mundo post-Covid\u201d. El fundador del Foro Econ\u00f3mico Mundial, Klaus&#046;&#046;&#046;\" \/>\n<meta property=\"og:url\" content=\"https:\/\/noti-america.com\/site\/ecuador\/2021\/02\/10\/reconstruir-la-confianza-en-un-mundo-post-covid-foro-economico-mundial\/\" \/>\n<meta property=\"og:site_name\" content=\"Ecuador | Noti-America.com\" \/>\n<meta property=\"article:published_time\" content=\"2021-02-10T01:56:50+00:00\" \/>\n<meta property=\"og:image\" content=\"https:\/\/noti-america.com\/site\/ecuador\/wp-content\/uploads\/sites\/18\/2021\/02\/Reconstruir-la-confianza-en-un-mundo-post-Covid-Foro-Economico-Mundial.-810x575-1.jpg\" \/>\n\t<meta property=\"og:image:width\" content=\"810\" \/>\n\t<meta property=\"og:image:height\" content=\"575\" \/>\n\t<meta property=\"og:image:type\" content=\"image\/jpeg\" \/>\n<meta name=\"author\" content=\"Gregory Quintana Montiel\" \/>\n<meta name=\"twitter:card\" content=\"summary_large_image\" \/>\n<meta name=\"twitter:creator\" content=\"@gdgregori1\" \/>\n<meta name=\"twitter:site\" content=\"@notiamerica\" \/>\n<meta name=\"twitter:label1\" content=\"Escrito por\" \/>\n\t<meta name=\"twitter:data1\" content=\"Gregory Quintana Montiel\" \/>\n\t<meta name=\"twitter:label2\" content=\"Tiempo estimado de lectura\" \/>\n\t<meta name=\"twitter:data2\" content=\"4 minutos\" \/>\n<script type=\"application\/ld+json\" class=\"yoast-schema-graph\">{\"@context\":\"https:\/\/schema.org\",\"@graph\":[{\"@type\":\"Article\",\"@id\":\"https:\/\/noti-america.com\/site\/ecuador\/2021\/02\/10\/reconstruir-la-confianza-en-un-mundo-post-covid-foro-economico-mundial\/#article\",\"isPartOf\":{\"@id\":\"https:\/\/noti-america.com\/site\/ecuador\/2021\/02\/10\/reconstruir-la-confianza-en-un-mundo-post-covid-foro-economico-mundial\/\"},\"author\":{\"name\":\"Gregory Quintana Montiel\",\"@id\":\"https:\/\/noti-america.com\/site\/ecuador\/#\/schema\/person\/3b975e42f15abfe64bfe3abdd916efda\"},\"headline\":\"Reconstruir la confianza en un mundo post-Covid: Foro Econ\u00f3mico Mundial\",\"datePublished\":\"2021-02-10T01:56:50+00:00\",\"mainEntityOfPage\":{\"@id\":\"https:\/\/noti-america.com\/site\/ecuador\/2021\/02\/10\/reconstruir-la-confianza-en-un-mundo-post-covid-foro-economico-mundial\/\"},\"wordCount\":735,\"commentCount\":0,\"publisher\":{\"@id\":\"https:\/\/noti-america.com\/site\/ecuador\/#organization\"},\"image\":{\"@id\":\"https:\/\/noti-america.com\/site\/ecuador\/2021\/02\/10\/reconstruir-la-confianza-en-un-mundo-post-covid-foro-economico-mundial\/#primaryimage\"},\"thumbnailUrl\":\"https:\/\/noti-america.com\/site\/ecuador\/wp-content\/uploads\/sites\/18\/2021\/02\/Reconstruir-la-confianza-en-un-mundo-post-Covid-Foro-Economico-Mundial.-810x575-1.jpg\",\"articleSection\":[\"Econom\u00eda\"],\"inLanguage\":\"es\",\"potentialAction\":[{\"@type\":\"CommentAction\",\"name\":\"Comment\",\"target\":[\"https:\/\/noti-america.com\/site\/ecuador\/2021\/02\/10\/reconstruir-la-confianza-en-un-mundo-post-covid-foro-economico-mundial\/#respond\"]}]},{\"@type\":\"WebPage\",\"@id\":\"https:\/\/noti-america.com\/site\/ecuador\/2021\/02\/10\/reconstruir-la-confianza-en-un-mundo-post-covid-foro-economico-mundial\/\",\"url\":\"https:\/\/noti-america.com\/site\/ecuador\/2021\/02\/10\/reconstruir-la-confianza-en-un-mundo-post-covid-foro-economico-mundial\/\",\"name\":\"Reconstruir la confianza en un mundo post-Covid: Foro Econ\u00f3mico Mundial - Ecuador | Noti-America.com\",\"isPartOf\":{\"@id\":\"https:\/\/noti-america.com\/site\/ecuador\/#website\"},\"primaryImageOfPage\":{\"@id\":\"https:\/\/noti-america.com\/site\/ecuador\/2021\/02\/10\/reconstruir-la-confianza-en-un-mundo-post-covid-foro-economico-mundial\/#primaryimage\"},\"image\":{\"@id\":\"https:\/\/noti-america.com\/site\/ecuador\/2021\/02\/10\/reconstruir-la-confianza-en-un-mundo-post-covid-foro-economico-mundial\/#primaryimage\"},\"thumbnailUrl\":\"https:\/\/noti-america.com\/site\/ecuador\/wp-content\/uploads\/sites\/18\/2021\/02\/Reconstruir-la-confianza-en-un-mundo-post-Covid-Foro-Economico-Mundial.-810x575-1.jpg\",\"datePublished\":\"2021-02-10T01:56:50+00:00\",\"breadcrumb\":{\"@id\":\"https:\/\/noti-america.com\/site\/ecuador\/2021\/02\/10\/reconstruir-la-confianza-en-un-mundo-post-covid-foro-economico-mundial\/#breadcrumb\"},\"inLanguage\":\"es\",\"potentialAction\":[{\"@type\":\"ReadAction\",\"target\":[\"https:\/\/noti-america.com\/site\/ecuador\/2021\/02\/10\/reconstruir-la-confianza-en-un-mundo-post-covid-foro-economico-mundial\/\"]}]},{\"@type\":\"ImageObject\",\"inLanguage\":\"es\",\"@id\":\"https:\/\/noti-america.com\/site\/ecuador\/2021\/02\/10\/reconstruir-la-confianza-en-un-mundo-post-covid-foro-economico-mundial\/#primaryimage\",\"url\":\"https:\/\/noti-america.com\/site\/ecuador\/wp-content\/uploads\/sites\/18\/2021\/02\/Reconstruir-la-confianza-en-un-mundo-post-Covid-Foro-Economico-Mundial.-810x575-1.jpg\",\"contentUrl\":\"https:\/\/noti-america.com\/site\/ecuador\/wp-content\/uploads\/sites\/18\/2021\/02\/Reconstruir-la-confianza-en-un-mundo-post-Covid-Foro-Economico-Mundial.-810x575-1.jpg\",\"width\":810,\"height\":575},{\"@type\":\"BreadcrumbList\",\"@id\":\"https:\/\/noti-america.com\/site\/ecuador\/2021\/02\/10\/reconstruir-la-confianza-en-un-mundo-post-covid-foro-economico-mundial\/#breadcrumb\",\"itemListElement\":[{\"@type\":\"ListItem\",\"position\":1,\"name\":\"Portada\",\"item\":\"https:\/\/noti-america.com\/site\/ecuador\/\"},{\"@type\":\"ListItem\",\"position\":2,\"name\":\"Reconstruir la confianza en un mundo post-Covid: Foro Econ\u00f3mico Mundial\"}]},{\"@type\":\"WebSite\",\"@id\":\"https:\/\/noti-america.com\/site\/ecuador\/#website\",\"url\":\"https:\/\/noti-america.com\/site\/ecuador\/\",\"name\":\"Ecuador | Noti-America.com\",\"description\":\"\",\"publisher\":{\"@id\":\"https:\/\/noti-america.com\/site\/ecuador\/#organization\"},\"potentialAction\":[{\"@type\":\"SearchAction\",\"target\":{\"@type\":\"EntryPoint\",\"urlTemplate\":\"https:\/\/noti-america.com\/site\/ecuador\/?s={search_term_string}\"},\"query-input\":{\"@type\":\"PropertyValueSpecification\",\"valueRequired\":true,\"valueName\":\"search_term_string\"}}],\"inLanguage\":\"es\"},{\"@type\":\"Organization\",\"@id\":\"https:\/\/noti-america.com\/site\/ecuador\/#organization\",\"name\":\"Noti-America LLC | Ecuador\",\"url\":\"https:\/\/noti-america.com\/site\/ecuador\/\",\"logo\":{\"@type\":\"ImageObject\",\"inLanguage\":\"es\",\"@id\":\"https:\/\/noti-america.com\/site\/ecuador\/#\/schema\/logo\/image\/\",\"url\":\"https:\/\/noti-america.com\/site\/ecuador\/wp-content\/uploads\/sites\/18\/2020\/07\/LogoNA-4x3-1.jpg\",\"contentUrl\":\"https:\/\/noti-america.com\/site\/ecuador\/wp-content\/uploads\/sites\/18\/2020\/07\/LogoNA-4x3-1.jpg\",\"width\":1236,\"height\":1080,\"caption\":\"Noti-America LLC | Ecuador\"},\"image\":{\"@id\":\"https:\/\/noti-america.com\/site\/ecuador\/#\/schema\/logo\/image\/\"},\"sameAs\":[\"https:\/\/x.com\/notiamerica\"]},{\"@type\":\"Person\",\"@id\":\"https:\/\/noti-america.com\/site\/ecuador\/#\/schema\/person\/3b975e42f15abfe64bfe3abdd916efda\",\"name\":\"Gregory Quintana Montiel\",\"image\":{\"@type\":\"ImageObject\",\"inLanguage\":\"es\",\"@id\":\"https:\/\/secure.gravatar.com\/avatar\/2d6b802f7720c2ec7744dcbe608cc2f3417aeb964d58b443c6d612b77531de1d?s=96&d=mm&r=g\",\"url\":\"https:\/\/secure.gravatar.com\/avatar\/2d6b802f7720c2ec7744dcbe608cc2f3417aeb964d58b443c6d612b77531de1d?s=96&d=mm&r=g\",\"contentUrl\":\"https:\/\/secure.gravatar.com\/avatar\/2d6b802f7720c2ec7744dcbe608cc2f3417aeb964d58b443c6d612b77531de1d?s=96&d=mm&r=g\",\"caption\":\"Gregory Quintana Montiel\"},\"description\":\"Licenciatura en Ciencias de la Comunicaci\u00f3n Social, egresado en la Especializaci\u00f3n Derecho Ambiental Desarrollo Sostenible y Sustentable, Miembro de la Comunidad de profesionales y experto para Latinoam\u00e9rica y el Caribe en Gesti\u00f3n por Resultado en el Desarrollo (COPLAC - GpRD) del Banco Interamericano de Desarrollo, experiencia en medios radiales y escritos.\",\"sameAs\":[\"https:\/\/x.com\/gdgregori1\",\"gquintana\"],\"url\":\"https:\/\/noti-america.com\/site\/ecuador\/author\/gquintana\/\"}]}<\/script>\n<!-- \/ Yoast SEO Premium plugin. -->","yoast_head_json":{"title":"Reconstruir la confianza en un mundo post-Covid: Foro Econ\u00f3mico Mundial - Ecuador | Noti-America.com","robots":{"index":"index","follow":"follow","max-snippet":"max-snippet:-1","max-image-preview":"max-image-preview:large","max-video-preview":"max-video-preview:-1"},"canonical":"https:\/\/noti-america.com\/site\/ecuador\/2021\/02\/10\/reconstruir-la-confianza-en-un-mundo-post-covid-foro-economico-mundial\/","og_locale":"es_ES","og_type":"article","og_title":"Reconstruir la confianza en un mundo post-Covid: Foro Econ\u00f3mico Mundial","og_description":"REDACCII\u00d3N NOTI AM\u00c9RICA (ECUADOR) Xi Jinping de China, Emmanuel Macron de Francia, y Narendra Modi de la India; intervendr\u00e1n en el foro \u201cConfianza en un mundo post-Covid\u201d. El fundador del Foro Econ\u00f3mico Mundial, Klaus&#46;&#46;&#46;","og_url":"https:\/\/noti-america.com\/site\/ecuador\/2021\/02\/10\/reconstruir-la-confianza-en-un-mundo-post-covid-foro-economico-mundial\/","og_site_name":"Ecuador | Noti-America.com","article_published_time":"2021-02-10T01:56:50+00:00","og_image":[{"width":810,"height":575,"url":"https:\/\/noti-america.com\/site\/ecuador\/wp-content\/uploads\/sites\/18\/2021\/02\/Reconstruir-la-confianza-en-un-mundo-post-Covid-Foro-Economico-Mundial.-810x575-1.jpg","type":"image\/jpeg"}],"author":"Gregory Quintana Montiel","twitter_card":"summary_large_image","twitter_creator":"@gdgregori1","twitter_site":"@notiamerica","twitter_misc":{"Escrito por":"Gregory Quintana Montiel","Tiempo estimado de lectura":"4 minutos"},"schema":{"@context":"https:\/\/schema.org","@graph":[{"@type":"Article","@id":"https:\/\/noti-america.com\/site\/ecuador\/2021\/02\/10\/reconstruir-la-confianza-en-un-mundo-post-covid-foro-economico-mundial\/#article","isPartOf":{"@id":"https:\/\/noti-america.com\/site\/ecuador\/2021\/02\/10\/reconstruir-la-confianza-en-un-mundo-post-covid-foro-economico-mundial\/"},"author":{"name":"Gregory Quintana Montiel","@id":"https:\/\/noti-america.com\/site\/ecuador\/#\/schema\/person\/3b975e42f15abfe64bfe3abdd916efda"},"headline":"Reconstruir la confianza en un mundo post-Covid: Foro Econ\u00f3mico Mundial","datePublished":"2021-02-10T01:56:50+00:00","mainEntityOfPage":{"@id":"https:\/\/noti-america.com\/site\/ecuador\/2021\/02\/10\/reconstruir-la-confianza-en-un-mundo-post-covid-foro-economico-mundial\/"},"wordCount":735,"commentCount":0,"publisher":{"@id":"https:\/\/noti-america.com\/site\/ecuador\/#organization"},"image":{"@id":"https:\/\/noti-america.com\/site\/ecuador\/2021\/02\/10\/reconstruir-la-confianza-en-un-mundo-post-covid-foro-economico-mundial\/#primaryimage"},"thumbnailUrl":"https:\/\/noti-america.com\/site\/ecuador\/wp-content\/uploads\/sites\/18\/2021\/02\/Reconstruir-la-confianza-en-un-mundo-post-Covid-Foro-Economico-Mundial.-810x575-1.jpg","articleSection":["Econom\u00eda"],"inLanguage":"es","potentialAction":[{"@type":"CommentAction","name":"Comment","target":["https:\/\/noti-america.com\/site\/ecuador\/2021\/02\/10\/reconstruir-la-confianza-en-un-mundo-post-covid-foro-economico-mundial\/#respond"]}]},{"@type":"WebPage","@id":"https:\/\/noti-america.com\/site\/ecuador\/2021\/02\/10\/reconstruir-la-confianza-en-un-mundo-post-covid-foro-economico-mundial\/","url":"https:\/\/noti-america.com\/site\/ecuador\/2021\/02\/10\/reconstruir-la-confianza-en-un-mundo-post-covid-foro-economico-mundial\/","name":"Reconstruir la confianza en un mundo post-Covid: Foro Econ\u00f3mico Mundial - Ecuador | Noti-America.com","isPartOf":{"@id":"https:\/\/noti-america.com\/site\/ecuador\/#website"},"primaryImageOfPage":{"@id":"https:\/\/noti-america.com\/site\/ecuador\/2021\/02\/10\/reconstruir-la-confianza-en-un-mundo-post-covid-foro-economico-mundial\/#primaryimage"},"image":{"@id":"https:\/\/noti-america.com\/site\/ecuador\/2021\/02\/10\/reconstruir-la-confianza-en-un-mundo-post-covid-foro-economico-mundial\/#primaryimage"},"thumbnailUrl":"https:\/\/noti-america.com\/site\/ecuador\/wp-content\/uploads\/sites\/18\/2021\/02\/Reconstruir-la-confianza-en-un-mundo-post-Covid-Foro-Economico-Mundial.-810x575-1.jpg","datePublished":"2021-02-10T01:56:50+00:00","breadcrumb":{"@id":"https:\/\/noti-america.com\/site\/ecuador\/2021\/02\/10\/reconstruir-la-confianza-en-un-mundo-post-covid-foro-economico-mundial\/#breadcrumb"},"inLanguage":"es","potentialAction":[{"@type":"ReadAction","target":["https:\/\/noti-america.com\/site\/ecuador\/2021\/02\/10\/reconstruir-la-confianza-en-un-mundo-post-covid-foro-economico-mundial\/"]}]},{"@type":"ImageObject","inLanguage":"es","@id":"https:\/\/noti-america.com\/site\/ecuador\/2021\/02\/10\/reconstruir-la-confianza-en-un-mundo-post-covid-foro-economico-mundial\/#primaryimage","url":"https:\/\/noti-america.com\/site\/ecuador\/wp-content\/uploads\/sites\/18\/2021\/02\/Reconstruir-la-confianza-en-un-mundo-post-Covid-Foro-Economico-Mundial.-810x575-1.jpg","contentUrl":"https:\/\/noti-america.com\/site\/ecuador\/wp-content\/uploads\/sites\/18\/2021\/02\/Reconstruir-la-confianza-en-un-mundo-post-Covid-Foro-Economico-Mundial.-810x575-1.jpg","width":810,"height":575},{"@type":"BreadcrumbList","@id":"https:\/\/noti-america.com\/site\/ecuador\/2021\/02\/10\/reconstruir-la-confianza-en-un-mundo-post-covid-foro-economico-mundial\/#breadcrumb","itemListElement":[{"@type":"ListItem","position":1,"name":"Portada","item":"https:\/\/noti-america.com\/site\/ecuador\/"},{"@type":"ListItem","position":2,"name":"Reconstruir la confianza en un mundo post-Covid: Foro Econ\u00f3mico Mundial"}]},{"@type":"WebSite","@id":"https:\/\/noti-america.com\/site\/ecuador\/#website","url":"https:\/\/noti-america.com\/site\/ecuador\/","name":"Ecuador | Noti-America.com","description":"","publisher":{"@id":"https:\/\/noti-america.com\/site\/ecuador\/#organization"},"potentialAction":[{"@type":"SearchAction","target":{"@type":"EntryPoint","urlTemplate":"https:\/\/noti-america.com\/site\/ecuador\/?s={search_term_string}"},"query-input":{"@type":"PropertyValueSpecification","valueRequired":true,"valueName":"search_term_string"}}],"inLanguage":"es"},{"@type":"Organization","@id":"https:\/\/noti-america.com\/site\/ecuador\/#organization","name":"Noti-America LLC | Ecuador","url":"https:\/\/noti-america.com\/site\/ecuador\/","logo":{"@type":"ImageObject","inLanguage":"es","@id":"https:\/\/noti-america.com\/site\/ecuador\/#\/schema\/logo\/image\/","url":"https:\/\/noti-america.com\/site\/ecuador\/wp-content\/uploads\/sites\/18\/2020\/07\/LogoNA-4x3-1.jpg","contentUrl":"https:\/\/noti-america.com\/site\/ecuador\/wp-content\/uploads\/sites\/18\/2020\/07\/LogoNA-4x3-1.jpg","width":1236,"height":1080,"caption":"Noti-America LLC | Ecuador"},"image":{"@id":"https:\/\/noti-america.com\/site\/ecuador\/#\/schema\/logo\/image\/"},"sameAs":["https:\/\/x.com\/notiamerica"]},{"@type":"Person","@id":"https:\/\/noti-america.com\/site\/ecuador\/#\/schema\/person\/3b975e42f15abfe64bfe3abdd916efda","name":"Gregory Quintana Montiel","image":{"@type":"ImageObject","inLanguage":"es","@id":"https:\/\/secure.gravatar.com\/avatar\/2d6b802f7720c2ec7744dcbe608cc2f3417aeb964d58b443c6d612b77531de1d?s=96&d=mm&r=g","url":"https:\/\/secure.gravatar.com\/avatar\/2d6b802f7720c2ec7744dcbe608cc2f3417aeb964d58b443c6d612b77531de1d?s=96&d=mm&r=g","contentUrl":"https:\/\/secure.gravatar.com\/avatar\/2d6b802f7720c2ec7744dcbe608cc2f3417aeb964d58b443c6d612b77531de1d?s=96&d=mm&r=g","caption":"Gregory Quintana Montiel"},"description":"Licenciatura en Ciencias de la Comunicaci\u00f3n Social, egresado en la Especializaci\u00f3n Derecho Ambiental Desarrollo Sostenible y Sustentable, Miembro de la Comunidad de profesionales y experto para Latinoam\u00e9rica y el Caribe en Gesti\u00f3n por Resultado en el Desarrollo (COPLAC - GpRD) del Banco Interamericano de Desarrollo, experiencia en medios radiales y escritos.","sameAs":["https:\/\/x.com\/gdgregori1","gquintana"],"url":"https:\/\/noti-america.com\/site\/ecuador\/author\/gquintana\/"}]}},"_links":{"self":[{"href":"https:\/\/noti-america.com\/site\/ecuador\/wp-json\/wp\/v2\/posts\/12968","targetHints":{"allow":["GET"]}}],"collection":[{"href":"https:\/\/noti-america.com\/site\/ecuador\/wp-json\/wp\/v2\/posts"}],"about":[{"href":"https:\/\/noti-america.com\/site\/ecuador\/wp-json\/wp\/v2\/types\/post"}],"author":[{"embeddable":true,"href":"https:\/\/noti-america.com\/site\/ecuador\/wp-json\/wp\/v2\/users\/17"}],"replies":[{"embeddable":true,"href":"https:\/\/noti-america.com\/site\/ecuador\/wp-json\/wp\/v2\/comments?post=12968"}],"version-history":[{"count":1,"href":"https:\/\/noti-america.com\/site\/ecuador\/wp-json\/wp\/v2\/posts\/12968\/revisions"}],"predecessor-version":[{"id":12970,"href":"https:\/\/noti-america.com\/site\/ecuador\/wp-json\/wp\/v2\/posts\/12968\/revisions\/12970"}],"wp:featuredmedia":[{"embeddable":true,"href":"https:\/\/noti-america.com\/site\/ecuador\/wp-json\/wp\/v2\/media\/12969"}],"wp:attachment":[{"href":"https:\/\/noti-america.com\/site\/ecuador\/wp-json\/wp\/v2\/media?parent=12968"}],"wp:term":[{"taxonomy":"category","embeddable":true,"href":"https:\/\/noti-america.com\/site\/ecuador\/wp-json\/wp\/v2\/categories?post=12968"},{"taxonomy":"post_tag","embeddable":true,"href":"https:\/\/noti-america.com\/site\/ecuador\/wp-json\/wp\/v2\/tags?post=12968"}],"curies":[{"name":"wp","href":"https:\/\/api.w.org\/{rel}","templated":true}]}}