{"id":12759,"date":"2021-01-26T16:11:08","date_gmt":"2021-01-26T16:11:08","guid":{"rendered":"https:\/\/noti-america.com\/site\/ecuador\/?p=12759"},"modified":"2021-01-26T16:11:08","modified_gmt":"2021-01-26T16:11:08","slug":"fuerzas-armadas-ofreceran-seguridad-al-proceso-electoral-del-7-de-febrero","status":"publish","type":"post","link":"https:\/\/noti-america.com\/site\/ecuador\/2021\/01\/26\/fuerzas-armadas-ofreceran-seguridad-al-proceso-electoral-del-7-de-febrero\/","title":{"rendered":"Fuerzas Armadas ofrecer\u00e1n seguridad al proceso electoral del 7 de febrero"},"content":{"rendered":"<p><strong>REDACCI\u00d3N NOTI AM\u00c9RICA (ECUADOR)<\/strong><\/p>\n<div id=\"attachment_12760\" style=\"width: 691px\" class=\"wp-caption aligncenter\"><img loading=\"lazy\" decoding=\"async\" aria-describedby=\"caption-attachment-12760\" class=\"wp-image-12760\" src=\"https:\/\/noti-america.com\/site\/ecuador\/wp-content\/uploads\/sites\/18\/2021\/01\/WhatsApp-Image-2021-01-25-at-18.33.30-300x201.jpeg\" alt=\"\" width=\"681\" height=\"456\" srcset=\"https:\/\/noti-america.com\/site\/ecuador\/wp-content\/uploads\/sites\/18\/2021\/01\/WhatsApp-Image-2021-01-25-at-18.33.30-300x201.jpeg 300w, https:\/\/noti-america.com\/site\/ecuador\/wp-content\/uploads\/sites\/18\/2021\/01\/WhatsApp-Image-2021-01-25-at-18.33.30-1024x686.jpeg 1024w, https:\/\/noti-america.com\/site\/ecuador\/wp-content\/uploads\/sites\/18\/2021\/01\/WhatsApp-Image-2021-01-25-at-18.33.30-768x514.jpeg 768w, https:\/\/noti-america.com\/site\/ecuador\/wp-content\/uploads\/sites\/18\/2021\/01\/WhatsApp-Image-2021-01-25-at-18.33.30-272x182.jpeg 272w, https:\/\/noti-america.com\/site\/ecuador\/wp-content\/uploads\/sites\/18\/2021\/01\/WhatsApp-Image-2021-01-25-at-18.33.30.jpeg 1280w\" sizes=\"auto, (max-width: 681px) 100vw, 681px\" \/><p id=\"caption-attachment-12760\" class=\"wp-caption-text\">En las instalaciones del CNE Ese realiz\u00f3 el segundo y \u00faltimo adiestramiento electoral nacional.<\/p><\/div>\n<p style=\"text-align: justify\">El Comando Operacional N\u00ba 2 \u201cOccidental\u201d cumpliendo la misi\u00f3n de apoyo al Consejo Nacional Electoral para las elecciones generales 2021 anunci\u00f3 que apoya con\u00a0 proteger los recintos e instalaciones del Consejo Nacional Electoral (CNE), resguardo y transporte del material electoral y kits t\u00e9cnicos, en la jurisdicci\u00f3n que contempla las provincias de: Guayas, Manab\u00ed, Santa Elena, Gal\u00e1pagos.<\/p>\n<p style=\"text-align: justify\">El Contralmirante Alejandro Villac\u00eds Aguilar, comandante del Comando Operacional N\u00ba 2 \u201cOccidental\u201d es quien est\u00e1 a cargo de esta\u00a0 tarea en las cuatro provincias, donde existen 981 recintos electorales y consta 13.746 juntas receptoras del voto.<\/p>\n<p style=\"text-align: justify\">Dijo que para el efecto se emplear\u00e1 7.802 militares desplegados en las diferentes localidades. Para el desempe\u00f1o de la labor se activar\u00e1n los puestos del comando, grupos y unidades operacionales, es decir en los niveles operacional y t\u00e1cticos correspondiente a la juridicci\u00f3n.<\/p>\n<p style=\"text-align: justify\">El pasado 17 de enero se realiz\u00f3 el primer simulacro para constatar la operatividad de todo el personal involucrado en esta tan importante actividad, y\u00a0 domingo 24 de enero se realiz\u00f3 el segundo y \u00faltimo adiestramiento electoral nacional.<\/p>\n","protected":false},"excerpt":{"rendered":"<p>REDACCI\u00d3N NOTI AM\u00c9RICA (ECUADOR) El Comando Operacional N\u00ba 2 \u201cOccidental\u201d cumpliendo la misi\u00f3n de apoyo al Consejo Nacional Electoral para las elecciones generales 2021 anunci\u00f3 que apoya con\u00a0 proteger los recintos e instalaciones del&#46;&#46;&#46;<\/p>\n","protected":false},"author":113,"featured_media":12760,"comment_status":"open","ping_status":"open","sticky":false,"template":"","format":"standard","meta":{"_acf_changed":false,"om_disable_all_campaigns":false,"rop_custom_images_group":[],"rop_custom_messages_group":[],"rop_publish_now":"initial","rop_publish_now_accounts":{"twitter_242054905_242054905":""},"rop_publish_now_history":[],"rop_publish_now_status":"pending","_uf_show_specific_survey":0,"_uf_disable_surveys":false,"footnotes":""},"categories":[1],"tags":[],"class_list":["post-12759","post","type-post","status-publish","format-standard","has-post-thumbnail","hentry","category-uncategorized"],"acf":[],"aioseo_notices":[],"yoast_head":"<!-- This site is optimized with the Yoast SEO Premium plugin v24.9 (Yoast SEO v27.2) - https:\/\/yoast.com\/product\/yoast-seo-premium-wordpress\/ -->\n<title>Fuerzas Armadas ofrecer\u00e1n seguridad al proceso electoral del 7 de febrero - Ecuador | Noti-America.com<\/title>\n<meta name=\"robots\" content=\"index, follow, max-snippet:-1, max-image-preview:large, max-video-preview:-1\" \/>\n<link rel=\"canonical\" href=\"https:\/\/noti-america.com\/site\/ecuador\/2021\/01\/26\/fuerzas-armadas-ofreceran-seguridad-al-proceso-electoral-del-7-de-febrero\/\" \/>\n<meta property=\"og:locale\" content=\"es_ES\" \/>\n<meta property=\"og:type\" content=\"article\" \/>\n<meta property=\"og:title\" content=\"Fuerzas Armadas ofrecer\u00e1n seguridad al proceso electoral del 7 de febrero\" \/>\n<meta property=\"og:description\" content=\"REDACCI\u00d3N NOTI AM\u00c9RICA (ECUADOR) El Comando Operacional N\u00ba 2 \u201cOccidental\u201d cumpliendo la misi\u00f3n de apoyo al Consejo Nacional Electoral para las elecciones generales 2021 anunci\u00f3 que apoya con\u00a0 proteger los recintos e instalaciones del&#046;&#046;&#046;\" \/>\n<meta property=\"og:url\" content=\"https:\/\/noti-america.com\/site\/ecuador\/2021\/01\/26\/fuerzas-armadas-ofreceran-seguridad-al-proceso-electoral-del-7-de-febrero\/\" \/>\n<meta property=\"og:site_name\" content=\"Ecuador | Noti-America.com\" \/>\n<meta property=\"article:published_time\" content=\"2021-01-26T16:11:08+00:00\" \/>\n<meta property=\"og:image\" content=\"https:\/\/noti-america.com\/site\/ecuador\/wp-content\/uploads\/sites\/18\/2021\/01\/WhatsApp-Image-2021-01-25-at-18.33.30.jpeg\" \/>\n\t<meta property=\"og:image:width\" content=\"1280\" \/>\n\t<meta property=\"og:image:height\" content=\"857\" \/>\n\t<meta property=\"og:image:type\" content=\"image\/jpeg\" \/>\n<meta name=\"author\" content=\"Henry Ortiz\" \/>\n<meta name=\"twitter:card\" content=\"summary_large_image\" \/>\n<meta name=\"twitter:creator\" content=\"@notiamerica\" \/>\n<meta name=\"twitter:site\" content=\"@notiamerica\" \/>\n<meta name=\"twitter:label1\" content=\"Escrito por\" \/>\n\t<meta name=\"twitter:data1\" content=\"Henry Ortiz\" \/>\n\t<meta name=\"twitter:label2\" content=\"Tiempo estimado de lectura\" \/>\n\t<meta name=\"twitter:data2\" content=\"1 minuto\" \/>\n<script type=\"application\/ld+json\" class=\"yoast-schema-graph\">{\"@context\":\"https:\/\/schema.org\",\"@graph\":[{\"@type\":\"Article\",\"@id\":\"https:\/\/noti-america.com\/site\/ecuador\/2021\/01\/26\/fuerzas-armadas-ofreceran-seguridad-al-proceso-electoral-del-7-de-febrero\/#article\",\"isPartOf\":{\"@id\":\"https:\/\/noti-america.com\/site\/ecuador\/2021\/01\/26\/fuerzas-armadas-ofreceran-seguridad-al-proceso-electoral-del-7-de-febrero\/\"},\"author\":{\"name\":\"Henry Ortiz\",\"@id\":\"https:\/\/noti-america.com\/site\/ecuador\/#\/schema\/person\/b9d1630cc6598af759d45c790a347283\"},\"headline\":\"Fuerzas Armadas ofrecer\u00e1n seguridad al proceso electoral del 7 de febrero\",\"datePublished\":\"2021-01-26T16:11:08+00:00\",\"mainEntityOfPage\":{\"@id\":\"https:\/\/noti-america.com\/site\/ecuador\/2021\/01\/26\/fuerzas-armadas-ofreceran-seguridad-al-proceso-electoral-del-7-de-febrero\/\"},\"wordCount\":211,\"commentCount\":0,\"publisher\":{\"@id\":\"https:\/\/noti-america.com\/site\/ecuador\/#organization\"},\"image\":{\"@id\":\"https:\/\/noti-america.com\/site\/ecuador\/2021\/01\/26\/fuerzas-armadas-ofreceran-seguridad-al-proceso-electoral-del-7-de-febrero\/#primaryimage\"},\"thumbnailUrl\":\"https:\/\/noti-america.com\/site\/ecuador\/wp-content\/uploads\/sites\/18\/2021\/01\/WhatsApp-Image-2021-01-25-at-18.33.30.jpeg\",\"articleSection\":[\"Uncategorized\"],\"inLanguage\":\"es\",\"potentialAction\":[{\"@type\":\"CommentAction\",\"name\":\"Comment\",\"target\":[\"https:\/\/noti-america.com\/site\/ecuador\/2021\/01\/26\/fuerzas-armadas-ofreceran-seguridad-al-proceso-electoral-del-7-de-febrero\/#respond\"]}]},{\"@type\":\"WebPage\",\"@id\":\"https:\/\/noti-america.com\/site\/ecuador\/2021\/01\/26\/fuerzas-armadas-ofreceran-seguridad-al-proceso-electoral-del-7-de-febrero\/\",\"url\":\"https:\/\/noti-america.com\/site\/ecuador\/2021\/01\/26\/fuerzas-armadas-ofreceran-seguridad-al-proceso-electoral-del-7-de-febrero\/\",\"name\":\"Fuerzas Armadas ofrecer\u00e1n seguridad al proceso electoral del 7 de febrero - Ecuador | Noti-America.com\",\"isPartOf\":{\"@id\":\"https:\/\/noti-america.com\/site\/ecuador\/#website\"},\"primaryImageOfPage\":{\"@id\":\"https:\/\/noti-america.com\/site\/ecuador\/2021\/01\/26\/fuerzas-armadas-ofreceran-seguridad-al-proceso-electoral-del-7-de-febrero\/#primaryimage\"},\"image\":{\"@id\":\"https:\/\/noti-america.com\/site\/ecuador\/2021\/01\/26\/fuerzas-armadas-ofreceran-seguridad-al-proceso-electoral-del-7-de-febrero\/#primaryimage\"},\"thumbnailUrl\":\"https:\/\/noti-america.com\/site\/ecuador\/wp-content\/uploads\/sites\/18\/2021\/01\/WhatsApp-Image-2021-01-25-at-18.33.30.jpeg\",\"datePublished\":\"2021-01-26T16:11:08+00:00\",\"breadcrumb\":{\"@id\":\"https:\/\/noti-america.com\/site\/ecuador\/2021\/01\/26\/fuerzas-armadas-ofreceran-seguridad-al-proceso-electoral-del-7-de-febrero\/#breadcrumb\"},\"inLanguage\":\"es\",\"potentialAction\":[{\"@type\":\"ReadAction\",\"target\":[\"https:\/\/noti-america.com\/site\/ecuador\/2021\/01\/26\/fuerzas-armadas-ofreceran-seguridad-al-proceso-electoral-del-7-de-febrero\/\"]}]},{\"@type\":\"ImageObject\",\"inLanguage\":\"es\",\"@id\":\"https:\/\/noti-america.com\/site\/ecuador\/2021\/01\/26\/fuerzas-armadas-ofreceran-seguridad-al-proceso-electoral-del-7-de-febrero\/#primaryimage\",\"url\":\"https:\/\/noti-america.com\/site\/ecuador\/wp-content\/uploads\/sites\/18\/2021\/01\/WhatsApp-Image-2021-01-25-at-18.33.30.jpeg\",\"contentUrl\":\"https:\/\/noti-america.com\/site\/ecuador\/wp-content\/uploads\/sites\/18\/2021\/01\/WhatsApp-Image-2021-01-25-at-18.33.30.jpeg\",\"width\":1280,\"height\":857},{\"@type\":\"BreadcrumbList\",\"@id\":\"https:\/\/noti-america.com\/site\/ecuador\/2021\/01\/26\/fuerzas-armadas-ofreceran-seguridad-al-proceso-electoral-del-7-de-febrero\/#breadcrumb\",\"itemListElement\":[{\"@type\":\"ListItem\",\"position\":1,\"name\":\"Portada\",\"item\":\"https:\/\/noti-america.com\/site\/ecuador\/\"},{\"@type\":\"ListItem\",\"position\":2,\"name\":\"Fuerzas Armadas ofrecer\u00e1n seguridad al proceso electoral del 7 de febrero\"}]},{\"@type\":\"WebSite\",\"@id\":\"https:\/\/noti-america.com\/site\/ecuador\/#website\",\"url\":\"https:\/\/noti-america.com\/site\/ecuador\/\",\"name\":\"Ecuador | Noti-America.com\",\"description\":\"\",\"publisher\":{\"@id\":\"https:\/\/noti-america.com\/site\/ecuador\/#organization\"},\"potentialAction\":[{\"@type\":\"SearchAction\",\"target\":{\"@type\":\"EntryPoint\",\"urlTemplate\":\"https:\/\/noti-america.com\/site\/ecuador\/?s={search_term_string}\"},\"query-input\":{\"@type\":\"PropertyValueSpecification\",\"valueRequired\":true,\"valueName\":\"search_term_string\"}}],\"inLanguage\":\"es\"},{\"@type\":\"Organization\",\"@id\":\"https:\/\/noti-america.com\/site\/ecuador\/#organization\",\"name\":\"Noti-America LLC | Ecuador\",\"url\":\"https:\/\/noti-america.com\/site\/ecuador\/\",\"logo\":{\"@type\":\"ImageObject\",\"inLanguage\":\"es\",\"@id\":\"https:\/\/noti-america.com\/site\/ecuador\/#\/schema\/logo\/image\/\",\"url\":\"https:\/\/noti-america.com\/site\/ecuador\/wp-content\/uploads\/sites\/18\/2020\/07\/LogoNA-4x3-1.jpg\",\"contentUrl\":\"https:\/\/noti-america.com\/site\/ecuador\/wp-content\/uploads\/sites\/18\/2020\/07\/LogoNA-4x3-1.jpg\",\"width\":1236,\"height\":1080,\"caption\":\"Noti-America LLC | Ecuador\"},\"image\":{\"@id\":\"https:\/\/noti-america.com\/site\/ecuador\/#\/schema\/logo\/image\/\"},\"sameAs\":[\"https:\/\/x.com\/notiamerica\"]},{\"@type\":\"Person\",\"@id\":\"https:\/\/noti-america.com\/site\/ecuador\/#\/schema\/person\/b9d1630cc6598af759d45c790a347283\",\"name\":\"Henry Ortiz\",\"image\":{\"@type\":\"ImageObject\",\"inLanguage\":\"es\",\"@id\":\"https:\/\/secure.gravatar.com\/avatar\/0b5407b5b302fbb6a578e625dca512ac2983ee5fa9ea941d581b83c40212e4c8?s=96&d=mm&r=g\",\"url\":\"https:\/\/secure.gravatar.com\/avatar\/0b5407b5b302fbb6a578e625dca512ac2983ee5fa9ea941d581b83c40212e4c8?s=96&d=mm&r=g\",\"contentUrl\":\"https:\/\/secure.gravatar.com\/avatar\/0b5407b5b302fbb6a578e625dca512ac2983ee5fa9ea941d581b83c40212e4c8?s=96&d=mm&r=g\",\"caption\":\"Henry Ortiz\"},\"url\":\"https:\/\/noti-america.com\/site\/ecuador\/author\/hortiz\/\"}]}<\/script>\n<!-- \/ Yoast SEO Premium plugin. -->","yoast_head_json":{"title":"Fuerzas Armadas ofrecer\u00e1n seguridad al proceso electoral del 7 de febrero - Ecuador | Noti-America.com","robots":{"index":"index","follow":"follow","max-snippet":"max-snippet:-1","max-image-preview":"max-image-preview:large","max-video-preview":"max-video-preview:-1"},"canonical":"https:\/\/noti-america.com\/site\/ecuador\/2021\/01\/26\/fuerzas-armadas-ofreceran-seguridad-al-proceso-electoral-del-7-de-febrero\/","og_locale":"es_ES","og_type":"article","og_title":"Fuerzas Armadas ofrecer\u00e1n seguridad al proceso electoral del 7 de febrero","og_description":"REDACCI\u00d3N NOTI AM\u00c9RICA (ECUADOR) El Comando Operacional N\u00ba 2 \u201cOccidental\u201d cumpliendo la misi\u00f3n de apoyo al Consejo Nacional Electoral para las elecciones generales 2021 anunci\u00f3 que apoya con\u00a0 proteger los recintos e instalaciones del&#46;&#46;&#46;","og_url":"https:\/\/noti-america.com\/site\/ecuador\/2021\/01\/26\/fuerzas-armadas-ofreceran-seguridad-al-proceso-electoral-del-7-de-febrero\/","og_site_name":"Ecuador | Noti-America.com","article_published_time":"2021-01-26T16:11:08+00:00","og_image":[{"width":1280,"height":857,"url":"https:\/\/noti-america.com\/site\/ecuador\/wp-content\/uploads\/sites\/18\/2021\/01\/WhatsApp-Image-2021-01-25-at-18.33.30.jpeg","type":"image\/jpeg"}],"author":"Henry Ortiz","twitter_card":"summary_large_image","twitter_creator":"@notiamerica","twitter_site":"@notiamerica","twitter_misc":{"Escrito por":"Henry Ortiz","Tiempo estimado de lectura":"1 minuto"},"schema":{"@context":"https:\/\/schema.org","@graph":[{"@type":"Article","@id":"https:\/\/noti-america.com\/site\/ecuador\/2021\/01\/26\/fuerzas-armadas-ofreceran-seguridad-al-proceso-electoral-del-7-de-febrero\/#article","isPartOf":{"@id":"https:\/\/noti-america.com\/site\/ecuador\/2021\/01\/26\/fuerzas-armadas-ofreceran-seguridad-al-proceso-electoral-del-7-de-febrero\/"},"author":{"name":"Henry Ortiz","@id":"https:\/\/noti-america.com\/site\/ecuador\/#\/schema\/person\/b9d1630cc6598af759d45c790a347283"},"headline":"Fuerzas Armadas ofrecer\u00e1n seguridad al proceso electoral del 7 de febrero","datePublished":"2021-01-26T16:11:08+00:00","mainEntityOfPage":{"@id":"https:\/\/noti-america.com\/site\/ecuador\/2021\/01\/26\/fuerzas-armadas-ofreceran-seguridad-al-proceso-electoral-del-7-de-febrero\/"},"wordCount":211,"commentCount":0,"publisher":{"@id":"https:\/\/noti-america.com\/site\/ecuador\/#organization"},"image":{"@id":"https:\/\/noti-america.com\/site\/ecuador\/2021\/01\/26\/fuerzas-armadas-ofreceran-seguridad-al-proceso-electoral-del-7-de-febrero\/#primaryimage"},"thumbnailUrl":"https:\/\/noti-america.com\/site\/ecuador\/wp-content\/uploads\/sites\/18\/2021\/01\/WhatsApp-Image-2021-01-25-at-18.33.30.jpeg","articleSection":["Uncategorized"],"inLanguage":"es","potentialAction":[{"@type":"CommentAction","name":"Comment","target":["https:\/\/noti-america.com\/site\/ecuador\/2021\/01\/26\/fuerzas-armadas-ofreceran-seguridad-al-proceso-electoral-del-7-de-febrero\/#respond"]}]},{"@type":"WebPage","@id":"https:\/\/noti-america.com\/site\/ecuador\/2021\/01\/26\/fuerzas-armadas-ofreceran-seguridad-al-proceso-electoral-del-7-de-febrero\/","url":"https:\/\/noti-america.com\/site\/ecuador\/2021\/01\/26\/fuerzas-armadas-ofreceran-seguridad-al-proceso-electoral-del-7-de-febrero\/","name":"Fuerzas Armadas ofrecer\u00e1n seguridad al proceso electoral del 7 de febrero - Ecuador | Noti-America.com","isPartOf":{"@id":"https:\/\/noti-america.com\/site\/ecuador\/#website"},"primaryImageOfPage":{"@id":"https:\/\/noti-america.com\/site\/ecuador\/2021\/01\/26\/fuerzas-armadas-ofreceran-seguridad-al-proceso-electoral-del-7-de-febrero\/#primaryimage"},"image":{"@id":"https:\/\/noti-america.com\/site\/ecuador\/2021\/01\/26\/fuerzas-armadas-ofreceran-seguridad-al-proceso-electoral-del-7-de-febrero\/#primaryimage"},"thumbnailUrl":"https:\/\/noti-america.com\/site\/ecuador\/wp-content\/uploads\/sites\/18\/2021\/01\/WhatsApp-Image-2021-01-25-at-18.33.30.jpeg","datePublished":"2021-01-26T16:11:08+00:00","breadcrumb":{"@id":"https:\/\/noti-america.com\/site\/ecuador\/2021\/01\/26\/fuerzas-armadas-ofreceran-seguridad-al-proceso-electoral-del-7-de-febrero\/#breadcrumb"},"inLanguage":"es","potentialAction":[{"@type":"ReadAction","target":["https:\/\/noti-america.com\/site\/ecuador\/2021\/01\/26\/fuerzas-armadas-ofreceran-seguridad-al-proceso-electoral-del-7-de-febrero\/"]}]},{"@type":"ImageObject","inLanguage":"es","@id":"https:\/\/noti-america.com\/site\/ecuador\/2021\/01\/26\/fuerzas-armadas-ofreceran-seguridad-al-proceso-electoral-del-7-de-febrero\/#primaryimage","url":"https:\/\/noti-america.com\/site\/ecuador\/wp-content\/uploads\/sites\/18\/2021\/01\/WhatsApp-Image-2021-01-25-at-18.33.30.jpeg","contentUrl":"https:\/\/noti-america.com\/site\/ecuador\/wp-content\/uploads\/sites\/18\/2021\/01\/WhatsApp-Image-2021-01-25-at-18.33.30.jpeg","width":1280,"height":857},{"@type":"BreadcrumbList","@id":"https:\/\/noti-america.com\/site\/ecuador\/2021\/01\/26\/fuerzas-armadas-ofreceran-seguridad-al-proceso-electoral-del-7-de-febrero\/#breadcrumb","itemListElement":[{"@type":"ListItem","position":1,"name":"Portada","item":"https:\/\/noti-america.com\/site\/ecuador\/"},{"@type":"ListItem","position":2,"name":"Fuerzas Armadas ofrecer\u00e1n seguridad al proceso electoral del 7 de febrero"}]},{"@type":"WebSite","@id":"https:\/\/noti-america.com\/site\/ecuador\/#website","url":"https:\/\/noti-america.com\/site\/ecuador\/","name":"Ecuador | Noti-America.com","description":"","publisher":{"@id":"https:\/\/noti-america.com\/site\/ecuador\/#organization"},"potentialAction":[{"@type":"SearchAction","target":{"@type":"EntryPoint","urlTemplate":"https:\/\/noti-america.com\/site\/ecuador\/?s={search_term_string}"},"query-input":{"@type":"PropertyValueSpecification","valueRequired":true,"valueName":"search_term_string"}}],"inLanguage":"es"},{"@type":"Organization","@id":"https:\/\/noti-america.com\/site\/ecuador\/#organization","name":"Noti-America LLC | Ecuador","url":"https:\/\/noti-america.com\/site\/ecuador\/","logo":{"@type":"ImageObject","inLanguage":"es","@id":"https:\/\/noti-america.com\/site\/ecuador\/#\/schema\/logo\/image\/","url":"https:\/\/noti-america.com\/site\/ecuador\/wp-content\/uploads\/sites\/18\/2020\/07\/LogoNA-4x3-1.jpg","contentUrl":"https:\/\/noti-america.com\/site\/ecuador\/wp-content\/uploads\/sites\/18\/2020\/07\/LogoNA-4x3-1.jpg","width":1236,"height":1080,"caption":"Noti-America LLC | Ecuador"},"image":{"@id":"https:\/\/noti-america.com\/site\/ecuador\/#\/schema\/logo\/image\/"},"sameAs":["https:\/\/x.com\/notiamerica"]},{"@type":"Person","@id":"https:\/\/noti-america.com\/site\/ecuador\/#\/schema\/person\/b9d1630cc6598af759d45c790a347283","name":"Henry Ortiz","image":{"@type":"ImageObject","inLanguage":"es","@id":"https:\/\/secure.gravatar.com\/avatar\/0b5407b5b302fbb6a578e625dca512ac2983ee5fa9ea941d581b83c40212e4c8?s=96&d=mm&r=g","url":"https:\/\/secure.gravatar.com\/avatar\/0b5407b5b302fbb6a578e625dca512ac2983ee5fa9ea941d581b83c40212e4c8?s=96&d=mm&r=g","contentUrl":"https:\/\/secure.gravatar.com\/avatar\/0b5407b5b302fbb6a578e625dca512ac2983ee5fa9ea941d581b83c40212e4c8?s=96&d=mm&r=g","caption":"Henry Ortiz"},"url":"https:\/\/noti-america.com\/site\/ecuador\/author\/hortiz\/"}]}},"_links":{"self":[{"href":"https:\/\/noti-america.com\/site\/ecuador\/wp-json\/wp\/v2\/posts\/12759","targetHints":{"allow":["GET"]}}],"collection":[{"href":"https:\/\/noti-america.com\/site\/ecuador\/wp-json\/wp\/v2\/posts"}],"about":[{"href":"https:\/\/noti-america.com\/site\/ecuador\/wp-json\/wp\/v2\/types\/post"}],"author":[{"embeddable":true,"href":"https:\/\/noti-america.com\/site\/ecuador\/wp-json\/wp\/v2\/users\/113"}],"replies":[{"embeddable":true,"href":"https:\/\/noti-america.com\/site\/ecuador\/wp-json\/wp\/v2\/comments?post=12759"}],"version-history":[{"count":1,"href":"https:\/\/noti-america.com\/site\/ecuador\/wp-json\/wp\/v2\/posts\/12759\/revisions"}],"predecessor-version":[{"id":12761,"href":"https:\/\/noti-america.com\/site\/ecuador\/wp-json\/wp\/v2\/posts\/12759\/revisions\/12761"}],"wp:featuredmedia":[{"embeddable":true,"href":"https:\/\/noti-america.com\/site\/ecuador\/wp-json\/wp\/v2\/media\/12760"}],"wp:attachment":[{"href":"https:\/\/noti-america.com\/site\/ecuador\/wp-json\/wp\/v2\/media?parent=12759"}],"wp:term":[{"taxonomy":"category","embeddable":true,"href":"https:\/\/noti-america.com\/site\/ecuador\/wp-json\/wp\/v2\/categories?post=12759"},{"taxonomy":"post_tag","embeddable":true,"href":"https:\/\/noti-america.com\/site\/ecuador\/wp-json\/wp\/v2\/tags?post=12759"}],"curies":[{"name":"wp","href":"https:\/\/api.w.org\/{rel}","templated":true}]}}