{"id":1273,"date":"2018-07-11T00:50:04","date_gmt":"2018-07-11T00:50:04","guid":{"rendered":"http:\/\/noti-america.com\/site\/ecuador\/?p=1273"},"modified":"2018-07-11T00:50:04","modified_gmt":"2018-07-11T00:50:04","slug":"la-responsabilidad-social-empresarial-del-consorcio-puerto-limpio-busca-generar-conciencia-ambiental-alrededor-de-los-esteros","status":"publish","type":"post","link":"https:\/\/noti-america.com\/site\/ecuador\/2018\/07\/11\/la-responsabilidad-social-empresarial-del-consorcio-puerto-limpio-busca-generar-conciencia-ambiental-alrededor-de-los-esteros\/","title":{"rendered":"La Responsabilidad Social Empresarial del Consorcio Puerto Limpio busca generar conciencia ambiental alrededor de los esteros"},"content":{"rendered":"<p>La Responsabilidad Social Empresarial,\u00a0 es la respuesta de las empresas a las expectativas de la sociedad; es la integraci\u00f3n en las operaciones de la empresa de pol\u00edticas y actuaciones que recogen las preocupaciones sociales y medioambientales con la finalidad de impulsar en paralelo al desarrollo de su actividad econ\u00f3mica. Es el compromiso firme y voluntario de la empresa con pr\u00e1cticas m\u00e1s honestas, transparencia en la gesti\u00f3n y respeto por el desarrollo del entorno.<\/p>\n<p>La\u00a0<strong>RSE<\/strong>\u00a0es tambi\u00e9n una actividad estrat\u00e9gica adicional en la competencia comercial, que es rentable y suma un valor agregado a la empresa. Una empresa socialmente responsable toma decisiones conscientes con el fin de lograr un equilibrio entre la gente, el planeta y el beneficio econ\u00f3mico.<\/p>\n<p>Con este antecedente, el\u00a0Consorcio Puerto Limpio activ\u00f3 una campa\u00f1a informativa para erradicar la mala disposici\u00f3n de los desechos en las riberas del estero, involucrando a la comunidad, para evitar que saquen los desechos fuera del horario y frecuencias de recolecci\u00f3n establecido y en lugares no apropiados.<\/p>\n<p>La \u00fanica forma de atacar el problema de contaminaci\u00f3n de ra\u00edz, es\u00a0 educando y generando conciencia ambiental, por lo que es esencial la contribuci\u00f3n de los ciudadanos, no arrojando desechos al estero salado y disponi\u00e9ndose de manera correcta para que las unidades de recolecci\u00f3n procedan.<\/p>\n<p>Con el prop\u00f3sito de llevar el servicio puerta a puerta a todos quienes habitan en zonas que, por las caracter\u00edsticas de sus v\u00edas, calles angostas, cables bajos, no se ve\u00edan atendidos debido a que las unidades de recolecci\u00f3n de gran tama\u00f1o no pod\u00edan acceder, como son los sectores aleda\u00f1os al estero, para lo cual \u00a0se incorporaron unidades de menor tama\u00f1o, 8 yardas c\u00fabicas.<\/p>\n<p>Esta actividad abarca: inspecci\u00f3n inicial y final para detectar la problem\u00e1tica de cada sector, casa informada, perifoneo, operativos de vigilancia donde se generan hacinamientos, entrega de material informativo sobre los horarios y frecuencia de recolecci\u00f3n, ordenanzas municipales y sanciones por el incumplimiento de las mismas, con el objetivo de educar a sus moradores.<\/p>\n<table width=\"428\">\n<tbody>\n<tr>\n<td width=\"248\"><strong>Sectores<\/strong><\/td>\n<td width=\"180\"><strong>Fechas a Intervenir<\/strong><\/td>\n<\/tr>\n<tr>\n<td width=\"248\">Riberas del Estero, desde la Calle 37A hasta la calle 41, y desde la Calle Buena Fe hasta la calle 41.<\/td>\n<td width=\"180\">2 al 6 de Julio<\/td>\n<\/tr>\n<tr>\n<td width=\"248\">Riberas del Estero, desde la el 1er Callej\u00f3n 33A hasta la calle Juan Bautista Luces Cortez<\/td>\n<td width=\"180\">2 al 6 de Julio<\/td>\n<\/tr>\n<tr>\n<td width=\"248\">Riberas del Estero, desde la calle Oriente hasta Alfredo Valenzuela.<\/td>\n<td width=\"180\">9 al 13 de Julio<\/td>\n<\/tr>\n<tr>\n<td width=\"248\">Riberas del Estero, Cooperativas: Los Claveles, Alameda, Jaime Rold\u00f3s y Esmeraldas Chiquita.<\/td>\n<td width=\"180\">9 al 13 de Julio<\/td>\n<\/tr>\n<tr>\n<td width=\"248\">Riberas del Estero, Cooperativas: Esmeralda Libre, Esmeralda Vieja y Guasmo Norte.<\/td>\n<td width=\"180\">16 al 20 de Julio<\/td>\n<\/tr>\n<\/tbody>\n<\/table>\n<p>Puerto Limpio est\u00e1 a disposici\u00f3n de la comunidad para desarrollar en conjunto mingas en los sectores antes mencionados, que aportan a mejorar la calidad de vida de los guayaquile\u00f1os. Con este plan de acci\u00f3n y la colaboraci\u00f3n de los ciudadanos, contribuimos a disminuir el impacto ambiental y mantener una ciudad cada vez m\u00e1s limpia.<\/p>\n","protected":false},"excerpt":{"rendered":"<p>La Responsabilidad Social Empresarial,\u00a0 es la respuesta de las empresas a las expectativas de la sociedad; es la integraci\u00f3n en las operaciones de la empresa de pol\u00edticas y actuaciones que recogen las preocupaciones sociales&#46;&#46;&#46;<\/p>\n","protected":false},"author":17,"featured_media":1274,"comment_status":"open","ping_status":"open","sticky":false,"template":"","format":"standard","meta":{"_acf_changed":false,"om_disable_all_campaigns":false,"rop_custom_images_group":[],"rop_custom_messages_group":[],"rop_publish_now":"initial","rop_publish_now_accounts":{"twitter_242054905_242054905":""},"rop_publish_now_history":[],"rop_publish_now_status":"pending","_uf_show_specific_survey":0,"_uf_disable_surveys":false,"footnotes":""},"categories":[35],"tags":[],"class_list":["post-1273","post","type-post","status-publish","format-standard","has-post-thumbnail","hentry","category-salud"],"acf":[],"aioseo_notices":[],"yoast_head":"<!-- This site is optimized with the Yoast SEO Premium plugin v24.9 (Yoast SEO v27.2) - https:\/\/yoast.com\/product\/yoast-seo-premium-wordpress\/ -->\n<title>La Responsabilidad Social Empresarial del Consorcio Puerto Limpio busca generar conciencia ambiental alrededor de los esteros - Ecuador | Noti-America.com<\/title>\n<meta name=\"robots\" content=\"index, follow, max-snippet:-1, max-image-preview:large, max-video-preview:-1\" \/>\n<link rel=\"canonical\" href=\"https:\/\/noti-america.com\/site\/ecuador\/2018\/07\/11\/la-responsabilidad-social-empresarial-del-consorcio-puerto-limpio-busca-generar-conciencia-ambiental-alrededor-de-los-esteros\/\" \/>\n<meta property=\"og:locale\" content=\"es_ES\" \/>\n<meta property=\"og:type\" content=\"article\" \/>\n<meta property=\"og:title\" content=\"La Responsabilidad Social Empresarial del Consorcio Puerto Limpio busca generar conciencia ambiental alrededor de los esteros\" \/>\n<meta property=\"og:description\" content=\"La Responsabilidad Social Empresarial,\u00a0 es la respuesta de las empresas a las expectativas de la sociedad; es la integraci\u00f3n en las operaciones de la empresa de pol\u00edticas y actuaciones que recogen las preocupaciones sociales&#046;&#046;&#046;\" \/>\n<meta property=\"og:url\" content=\"https:\/\/noti-america.com\/site\/ecuador\/2018\/07\/11\/la-responsabilidad-social-empresarial-del-consorcio-puerto-limpio-busca-generar-conciencia-ambiental-alrededor-de-los-esteros\/\" \/>\n<meta property=\"og:site_name\" content=\"Ecuador | Noti-America.com\" \/>\n<meta property=\"article:published_time\" content=\"2018-07-11T00:50:04+00:00\" \/>\n<meta property=\"og:image\" content=\"https:\/\/noti-america.com\/site\/ecuador\/wp-content\/uploads\/sites\/18\/2018\/07\/FOTO-CONSORCIO-PUERTO-LIMPIO.png\" \/>\n\t<meta property=\"og:image:width\" content=\"499\" \/>\n\t<meta property=\"og:image:height\" content=\"307\" \/>\n\t<meta property=\"og:image:type\" content=\"image\/png\" \/>\n<meta name=\"author\" content=\"Gregory Quintana Montiel\" \/>\n<meta name=\"twitter:card\" content=\"summary_large_image\" \/>\n<meta name=\"twitter:creator\" content=\"@gdgregori1\" \/>\n<meta name=\"twitter:site\" content=\"@notiamerica\" \/>\n<meta name=\"twitter:label1\" content=\"Escrito por\" \/>\n\t<meta name=\"twitter:data1\" content=\"Gregory Quintana Montiel\" \/>\n\t<meta name=\"twitter:label2\" content=\"Tiempo estimado de lectura\" \/>\n\t<meta name=\"twitter:data2\" content=\"3 minutos\" \/>\n<script type=\"application\/ld+json\" class=\"yoast-schema-graph\">{\"@context\":\"https:\/\/schema.org\",\"@graph\":[{\"@type\":\"Article\",\"@id\":\"https:\/\/noti-america.com\/site\/ecuador\/2018\/07\/11\/la-responsabilidad-social-empresarial-del-consorcio-puerto-limpio-busca-generar-conciencia-ambiental-alrededor-de-los-esteros\/#article\",\"isPartOf\":{\"@id\":\"https:\/\/noti-america.com\/site\/ecuador\/2018\/07\/11\/la-responsabilidad-social-empresarial-del-consorcio-puerto-limpio-busca-generar-conciencia-ambiental-alrededor-de-los-esteros\/\"},\"author\":{\"name\":\"Gregory Quintana Montiel\",\"@id\":\"https:\/\/noti-america.com\/site\/ecuador\/#\/schema\/person\/3b975e42f15abfe64bfe3abdd916efda\"},\"headline\":\"La Responsabilidad Social Empresarial del Consorcio Puerto Limpio busca generar conciencia ambiental alrededor de los esteros\",\"datePublished\":\"2018-07-11T00:50:04+00:00\",\"mainEntityOfPage\":{\"@id\":\"https:\/\/noti-america.com\/site\/ecuador\/2018\/07\/11\/la-responsabilidad-social-empresarial-del-consorcio-puerto-limpio-busca-generar-conciencia-ambiental-alrededor-de-los-esteros\/\"},\"wordCount\":520,\"commentCount\":0,\"publisher\":{\"@id\":\"https:\/\/noti-america.com\/site\/ecuador\/#organization\"},\"image\":{\"@id\":\"https:\/\/noti-america.com\/site\/ecuador\/2018\/07\/11\/la-responsabilidad-social-empresarial-del-consorcio-puerto-limpio-busca-generar-conciencia-ambiental-alrededor-de-los-esteros\/#primaryimage\"},\"thumbnailUrl\":\"https:\/\/noti-america.com\/site\/ecuador\/wp-content\/uploads\/sites\/18\/2018\/07\/FOTO-CONSORCIO-PUERTO-LIMPIO.png\",\"articleSection\":[\"Salud\"],\"inLanguage\":\"es\",\"potentialAction\":[{\"@type\":\"CommentAction\",\"name\":\"Comment\",\"target\":[\"https:\/\/noti-america.com\/site\/ecuador\/2018\/07\/11\/la-responsabilidad-social-empresarial-del-consorcio-puerto-limpio-busca-generar-conciencia-ambiental-alrededor-de-los-esteros\/#respond\"]}]},{\"@type\":\"WebPage\",\"@id\":\"https:\/\/noti-america.com\/site\/ecuador\/2018\/07\/11\/la-responsabilidad-social-empresarial-del-consorcio-puerto-limpio-busca-generar-conciencia-ambiental-alrededor-de-los-esteros\/\",\"url\":\"https:\/\/noti-america.com\/site\/ecuador\/2018\/07\/11\/la-responsabilidad-social-empresarial-del-consorcio-puerto-limpio-busca-generar-conciencia-ambiental-alrededor-de-los-esteros\/\",\"name\":\"La Responsabilidad Social Empresarial del Consorcio Puerto Limpio busca generar conciencia ambiental alrededor de los esteros - Ecuador | Noti-America.com\",\"isPartOf\":{\"@id\":\"https:\/\/noti-america.com\/site\/ecuador\/#website\"},\"primaryImageOfPage\":{\"@id\":\"https:\/\/noti-america.com\/site\/ecuador\/2018\/07\/11\/la-responsabilidad-social-empresarial-del-consorcio-puerto-limpio-busca-generar-conciencia-ambiental-alrededor-de-los-esteros\/#primaryimage\"},\"image\":{\"@id\":\"https:\/\/noti-america.com\/site\/ecuador\/2018\/07\/11\/la-responsabilidad-social-empresarial-del-consorcio-puerto-limpio-busca-generar-conciencia-ambiental-alrededor-de-los-esteros\/#primaryimage\"},\"thumbnailUrl\":\"https:\/\/noti-america.com\/site\/ecuador\/wp-content\/uploads\/sites\/18\/2018\/07\/FOTO-CONSORCIO-PUERTO-LIMPIO.png\",\"datePublished\":\"2018-07-11T00:50:04+00:00\",\"breadcrumb\":{\"@id\":\"https:\/\/noti-america.com\/site\/ecuador\/2018\/07\/11\/la-responsabilidad-social-empresarial-del-consorcio-puerto-limpio-busca-generar-conciencia-ambiental-alrededor-de-los-esteros\/#breadcrumb\"},\"inLanguage\":\"es\",\"potentialAction\":[{\"@type\":\"ReadAction\",\"target\":[\"https:\/\/noti-america.com\/site\/ecuador\/2018\/07\/11\/la-responsabilidad-social-empresarial-del-consorcio-puerto-limpio-busca-generar-conciencia-ambiental-alrededor-de-los-esteros\/\"]}]},{\"@type\":\"ImageObject\",\"inLanguage\":\"es\",\"@id\":\"https:\/\/noti-america.com\/site\/ecuador\/2018\/07\/11\/la-responsabilidad-social-empresarial-del-consorcio-puerto-limpio-busca-generar-conciencia-ambiental-alrededor-de-los-esteros\/#primaryimage\",\"url\":\"https:\/\/noti-america.com\/site\/ecuador\/wp-content\/uploads\/sites\/18\/2018\/07\/FOTO-CONSORCIO-PUERTO-LIMPIO.png\",\"contentUrl\":\"https:\/\/noti-america.com\/site\/ecuador\/wp-content\/uploads\/sites\/18\/2018\/07\/FOTO-CONSORCIO-PUERTO-LIMPIO.png\",\"width\":499,\"height\":307,\"caption\":\"Consorcio Puerto Limpio activ\u00f3 una campa\u00f1a informativa para erradicar la mala disposici\u00f3n de los desechos en las riberas del estero, involucrando a la comunidad, para evitar que saquen los desechos fuera del horario y frecuencias de recolecci\u00f3n establecido y en lugares no apropiados.\"},{\"@type\":\"BreadcrumbList\",\"@id\":\"https:\/\/noti-america.com\/site\/ecuador\/2018\/07\/11\/la-responsabilidad-social-empresarial-del-consorcio-puerto-limpio-busca-generar-conciencia-ambiental-alrededor-de-los-esteros\/#breadcrumb\",\"itemListElement\":[{\"@type\":\"ListItem\",\"position\":1,\"name\":\"Portada\",\"item\":\"https:\/\/noti-america.com\/site\/ecuador\/\"},{\"@type\":\"ListItem\",\"position\":2,\"name\":\"La Responsabilidad Social Empresarial del Consorcio Puerto Limpio busca generar conciencia ambiental alrededor de los esteros\"}]},{\"@type\":\"WebSite\",\"@id\":\"https:\/\/noti-america.com\/site\/ecuador\/#website\",\"url\":\"https:\/\/noti-america.com\/site\/ecuador\/\",\"name\":\"Ecuador | Noti-America.com\",\"description\":\"\",\"publisher\":{\"@id\":\"https:\/\/noti-america.com\/site\/ecuador\/#organization\"},\"potentialAction\":[{\"@type\":\"SearchAction\",\"target\":{\"@type\":\"EntryPoint\",\"urlTemplate\":\"https:\/\/noti-america.com\/site\/ecuador\/?s={search_term_string}\"},\"query-input\":{\"@type\":\"PropertyValueSpecification\",\"valueRequired\":true,\"valueName\":\"search_term_string\"}}],\"inLanguage\":\"es\"},{\"@type\":\"Organization\",\"@id\":\"https:\/\/noti-america.com\/site\/ecuador\/#organization\",\"name\":\"Noti-America LLC | Ecuador\",\"url\":\"https:\/\/noti-america.com\/site\/ecuador\/\",\"logo\":{\"@type\":\"ImageObject\",\"inLanguage\":\"es\",\"@id\":\"https:\/\/noti-america.com\/site\/ecuador\/#\/schema\/logo\/image\/\",\"url\":\"https:\/\/noti-america.com\/site\/ecuador\/wp-content\/uploads\/sites\/18\/2020\/07\/LogoNA-4x3-1.jpg\",\"contentUrl\":\"https:\/\/noti-america.com\/site\/ecuador\/wp-content\/uploads\/sites\/18\/2020\/07\/LogoNA-4x3-1.jpg\",\"width\":1236,\"height\":1080,\"caption\":\"Noti-America LLC | Ecuador\"},\"image\":{\"@id\":\"https:\/\/noti-america.com\/site\/ecuador\/#\/schema\/logo\/image\/\"},\"sameAs\":[\"https:\/\/x.com\/notiamerica\"]},{\"@type\":\"Person\",\"@id\":\"https:\/\/noti-america.com\/site\/ecuador\/#\/schema\/person\/3b975e42f15abfe64bfe3abdd916efda\",\"name\":\"Gregory Quintana Montiel\",\"image\":{\"@type\":\"ImageObject\",\"inLanguage\":\"es\",\"@id\":\"https:\/\/secure.gravatar.com\/avatar\/2d6b802f7720c2ec7744dcbe608cc2f3417aeb964d58b443c6d612b77531de1d?s=96&d=mm&r=g\",\"url\":\"https:\/\/secure.gravatar.com\/avatar\/2d6b802f7720c2ec7744dcbe608cc2f3417aeb964d58b443c6d612b77531de1d?s=96&d=mm&r=g\",\"contentUrl\":\"https:\/\/secure.gravatar.com\/avatar\/2d6b802f7720c2ec7744dcbe608cc2f3417aeb964d58b443c6d612b77531de1d?s=96&d=mm&r=g\",\"caption\":\"Gregory Quintana Montiel\"},\"description\":\"Licenciatura en Ciencias de la Comunicaci\u00f3n Social, egresado en la Especializaci\u00f3n Derecho Ambiental Desarrollo Sostenible y Sustentable, Miembro de la Comunidad de profesionales y experto para Latinoam\u00e9rica y el Caribe en Gesti\u00f3n por Resultado en el Desarrollo (COPLAC - GpRD) del Banco Interamericano de Desarrollo, experiencia en medios radiales y escritos.\",\"sameAs\":[\"https:\/\/x.com\/gdgregori1\",\"gquintana\"],\"url\":\"https:\/\/noti-america.com\/site\/ecuador\/author\/gquintana\/\"}]}<\/script>\n<!-- \/ Yoast SEO Premium plugin. -->","yoast_head_json":{"title":"La Responsabilidad Social Empresarial del Consorcio Puerto Limpio busca generar conciencia ambiental alrededor de los esteros - Ecuador | Noti-America.com","robots":{"index":"index","follow":"follow","max-snippet":"max-snippet:-1","max-image-preview":"max-image-preview:large","max-video-preview":"max-video-preview:-1"},"canonical":"https:\/\/noti-america.com\/site\/ecuador\/2018\/07\/11\/la-responsabilidad-social-empresarial-del-consorcio-puerto-limpio-busca-generar-conciencia-ambiental-alrededor-de-los-esteros\/","og_locale":"es_ES","og_type":"article","og_title":"La Responsabilidad Social Empresarial del Consorcio Puerto Limpio busca generar conciencia ambiental alrededor de los esteros","og_description":"La Responsabilidad Social Empresarial,\u00a0 es la respuesta de las empresas a las expectativas de la sociedad; es la integraci\u00f3n en las operaciones de la empresa de pol\u00edticas y actuaciones que recogen las preocupaciones sociales&#46;&#46;&#46;","og_url":"https:\/\/noti-america.com\/site\/ecuador\/2018\/07\/11\/la-responsabilidad-social-empresarial-del-consorcio-puerto-limpio-busca-generar-conciencia-ambiental-alrededor-de-los-esteros\/","og_site_name":"Ecuador | Noti-America.com","article_published_time":"2018-07-11T00:50:04+00:00","og_image":[{"width":499,"height":307,"url":"https:\/\/noti-america.com\/site\/ecuador\/wp-content\/uploads\/sites\/18\/2018\/07\/FOTO-CONSORCIO-PUERTO-LIMPIO.png","type":"image\/png"}],"author":"Gregory Quintana Montiel","twitter_card":"summary_large_image","twitter_creator":"@gdgregori1","twitter_site":"@notiamerica","twitter_misc":{"Escrito por":"Gregory Quintana Montiel","Tiempo estimado de lectura":"3 minutos"},"schema":{"@context":"https:\/\/schema.org","@graph":[{"@type":"Article","@id":"https:\/\/noti-america.com\/site\/ecuador\/2018\/07\/11\/la-responsabilidad-social-empresarial-del-consorcio-puerto-limpio-busca-generar-conciencia-ambiental-alrededor-de-los-esteros\/#article","isPartOf":{"@id":"https:\/\/noti-america.com\/site\/ecuador\/2018\/07\/11\/la-responsabilidad-social-empresarial-del-consorcio-puerto-limpio-busca-generar-conciencia-ambiental-alrededor-de-los-esteros\/"},"author":{"name":"Gregory Quintana Montiel","@id":"https:\/\/noti-america.com\/site\/ecuador\/#\/schema\/person\/3b975e42f15abfe64bfe3abdd916efda"},"headline":"La Responsabilidad Social Empresarial del Consorcio Puerto Limpio busca generar conciencia ambiental alrededor de los esteros","datePublished":"2018-07-11T00:50:04+00:00","mainEntityOfPage":{"@id":"https:\/\/noti-america.com\/site\/ecuador\/2018\/07\/11\/la-responsabilidad-social-empresarial-del-consorcio-puerto-limpio-busca-generar-conciencia-ambiental-alrededor-de-los-esteros\/"},"wordCount":520,"commentCount":0,"publisher":{"@id":"https:\/\/noti-america.com\/site\/ecuador\/#organization"},"image":{"@id":"https:\/\/noti-america.com\/site\/ecuador\/2018\/07\/11\/la-responsabilidad-social-empresarial-del-consorcio-puerto-limpio-busca-generar-conciencia-ambiental-alrededor-de-los-esteros\/#primaryimage"},"thumbnailUrl":"https:\/\/noti-america.com\/site\/ecuador\/wp-content\/uploads\/sites\/18\/2018\/07\/FOTO-CONSORCIO-PUERTO-LIMPIO.png","articleSection":["Salud"],"inLanguage":"es","potentialAction":[{"@type":"CommentAction","name":"Comment","target":["https:\/\/noti-america.com\/site\/ecuador\/2018\/07\/11\/la-responsabilidad-social-empresarial-del-consorcio-puerto-limpio-busca-generar-conciencia-ambiental-alrededor-de-los-esteros\/#respond"]}]},{"@type":"WebPage","@id":"https:\/\/noti-america.com\/site\/ecuador\/2018\/07\/11\/la-responsabilidad-social-empresarial-del-consorcio-puerto-limpio-busca-generar-conciencia-ambiental-alrededor-de-los-esteros\/","url":"https:\/\/noti-america.com\/site\/ecuador\/2018\/07\/11\/la-responsabilidad-social-empresarial-del-consorcio-puerto-limpio-busca-generar-conciencia-ambiental-alrededor-de-los-esteros\/","name":"La Responsabilidad Social Empresarial del Consorcio Puerto Limpio busca generar conciencia ambiental alrededor de los esteros - Ecuador | Noti-America.com","isPartOf":{"@id":"https:\/\/noti-america.com\/site\/ecuador\/#website"},"primaryImageOfPage":{"@id":"https:\/\/noti-america.com\/site\/ecuador\/2018\/07\/11\/la-responsabilidad-social-empresarial-del-consorcio-puerto-limpio-busca-generar-conciencia-ambiental-alrededor-de-los-esteros\/#primaryimage"},"image":{"@id":"https:\/\/noti-america.com\/site\/ecuador\/2018\/07\/11\/la-responsabilidad-social-empresarial-del-consorcio-puerto-limpio-busca-generar-conciencia-ambiental-alrededor-de-los-esteros\/#primaryimage"},"thumbnailUrl":"https:\/\/noti-america.com\/site\/ecuador\/wp-content\/uploads\/sites\/18\/2018\/07\/FOTO-CONSORCIO-PUERTO-LIMPIO.png","datePublished":"2018-07-11T00:50:04+00:00","breadcrumb":{"@id":"https:\/\/noti-america.com\/site\/ecuador\/2018\/07\/11\/la-responsabilidad-social-empresarial-del-consorcio-puerto-limpio-busca-generar-conciencia-ambiental-alrededor-de-los-esteros\/#breadcrumb"},"inLanguage":"es","potentialAction":[{"@type":"ReadAction","target":["https:\/\/noti-america.com\/site\/ecuador\/2018\/07\/11\/la-responsabilidad-social-empresarial-del-consorcio-puerto-limpio-busca-generar-conciencia-ambiental-alrededor-de-los-esteros\/"]}]},{"@type":"ImageObject","inLanguage":"es","@id":"https:\/\/noti-america.com\/site\/ecuador\/2018\/07\/11\/la-responsabilidad-social-empresarial-del-consorcio-puerto-limpio-busca-generar-conciencia-ambiental-alrededor-de-los-esteros\/#primaryimage","url":"https:\/\/noti-america.com\/site\/ecuador\/wp-content\/uploads\/sites\/18\/2018\/07\/FOTO-CONSORCIO-PUERTO-LIMPIO.png","contentUrl":"https:\/\/noti-america.com\/site\/ecuador\/wp-content\/uploads\/sites\/18\/2018\/07\/FOTO-CONSORCIO-PUERTO-LIMPIO.png","width":499,"height":307,"caption":"Consorcio Puerto Limpio activ\u00f3 una campa\u00f1a informativa para erradicar la mala disposici\u00f3n de los desechos en las riberas del estero, involucrando a la comunidad, para evitar que saquen los desechos fuera del horario y frecuencias de recolecci\u00f3n establecido y en lugares no apropiados."},{"@type":"BreadcrumbList","@id":"https:\/\/noti-america.com\/site\/ecuador\/2018\/07\/11\/la-responsabilidad-social-empresarial-del-consorcio-puerto-limpio-busca-generar-conciencia-ambiental-alrededor-de-los-esteros\/#breadcrumb","itemListElement":[{"@type":"ListItem","position":1,"name":"Portada","item":"https:\/\/noti-america.com\/site\/ecuador\/"},{"@type":"ListItem","position":2,"name":"La Responsabilidad Social Empresarial del Consorcio Puerto Limpio busca generar conciencia ambiental alrededor de los esteros"}]},{"@type":"WebSite","@id":"https:\/\/noti-america.com\/site\/ecuador\/#website","url":"https:\/\/noti-america.com\/site\/ecuador\/","name":"Ecuador | Noti-America.com","description":"","publisher":{"@id":"https:\/\/noti-america.com\/site\/ecuador\/#organization"},"potentialAction":[{"@type":"SearchAction","target":{"@type":"EntryPoint","urlTemplate":"https:\/\/noti-america.com\/site\/ecuador\/?s={search_term_string}"},"query-input":{"@type":"PropertyValueSpecification","valueRequired":true,"valueName":"search_term_string"}}],"inLanguage":"es"},{"@type":"Organization","@id":"https:\/\/noti-america.com\/site\/ecuador\/#organization","name":"Noti-America LLC | Ecuador","url":"https:\/\/noti-america.com\/site\/ecuador\/","logo":{"@type":"ImageObject","inLanguage":"es","@id":"https:\/\/noti-america.com\/site\/ecuador\/#\/schema\/logo\/image\/","url":"https:\/\/noti-america.com\/site\/ecuador\/wp-content\/uploads\/sites\/18\/2020\/07\/LogoNA-4x3-1.jpg","contentUrl":"https:\/\/noti-america.com\/site\/ecuador\/wp-content\/uploads\/sites\/18\/2020\/07\/LogoNA-4x3-1.jpg","width":1236,"height":1080,"caption":"Noti-America LLC | Ecuador"},"image":{"@id":"https:\/\/noti-america.com\/site\/ecuador\/#\/schema\/logo\/image\/"},"sameAs":["https:\/\/x.com\/notiamerica"]},{"@type":"Person","@id":"https:\/\/noti-america.com\/site\/ecuador\/#\/schema\/person\/3b975e42f15abfe64bfe3abdd916efda","name":"Gregory Quintana Montiel","image":{"@type":"ImageObject","inLanguage":"es","@id":"https:\/\/secure.gravatar.com\/avatar\/2d6b802f7720c2ec7744dcbe608cc2f3417aeb964d58b443c6d612b77531de1d?s=96&d=mm&r=g","url":"https:\/\/secure.gravatar.com\/avatar\/2d6b802f7720c2ec7744dcbe608cc2f3417aeb964d58b443c6d612b77531de1d?s=96&d=mm&r=g","contentUrl":"https:\/\/secure.gravatar.com\/avatar\/2d6b802f7720c2ec7744dcbe608cc2f3417aeb964d58b443c6d612b77531de1d?s=96&d=mm&r=g","caption":"Gregory Quintana Montiel"},"description":"Licenciatura en Ciencias de la Comunicaci\u00f3n Social, egresado en la Especializaci\u00f3n Derecho Ambiental Desarrollo Sostenible y Sustentable, Miembro de la Comunidad de profesionales y experto para Latinoam\u00e9rica y el Caribe en Gesti\u00f3n por Resultado en el Desarrollo (COPLAC - GpRD) del Banco Interamericano de Desarrollo, experiencia en medios radiales y escritos.","sameAs":["https:\/\/x.com\/gdgregori1","gquintana"],"url":"https:\/\/noti-america.com\/site\/ecuador\/author\/gquintana\/"}]}},"_links":{"self":[{"href":"https:\/\/noti-america.com\/site\/ecuador\/wp-json\/wp\/v2\/posts\/1273","targetHints":{"allow":["GET"]}}],"collection":[{"href":"https:\/\/noti-america.com\/site\/ecuador\/wp-json\/wp\/v2\/posts"}],"about":[{"href":"https:\/\/noti-america.com\/site\/ecuador\/wp-json\/wp\/v2\/types\/post"}],"author":[{"embeddable":true,"href":"https:\/\/noti-america.com\/site\/ecuador\/wp-json\/wp\/v2\/users\/17"}],"replies":[{"embeddable":true,"href":"https:\/\/noti-america.com\/site\/ecuador\/wp-json\/wp\/v2\/comments?post=1273"}],"version-history":[{"count":1,"href":"https:\/\/noti-america.com\/site\/ecuador\/wp-json\/wp\/v2\/posts\/1273\/revisions"}],"predecessor-version":[{"id":1275,"href":"https:\/\/noti-america.com\/site\/ecuador\/wp-json\/wp\/v2\/posts\/1273\/revisions\/1275"}],"wp:featuredmedia":[{"embeddable":true,"href":"https:\/\/noti-america.com\/site\/ecuador\/wp-json\/wp\/v2\/media\/1274"}],"wp:attachment":[{"href":"https:\/\/noti-america.com\/site\/ecuador\/wp-json\/wp\/v2\/media?parent=1273"}],"wp:term":[{"taxonomy":"category","embeddable":true,"href":"https:\/\/noti-america.com\/site\/ecuador\/wp-json\/wp\/v2\/categories?post=1273"},{"taxonomy":"post_tag","embeddable":true,"href":"https:\/\/noti-america.com\/site\/ecuador\/wp-json\/wp\/v2\/tags?post=1273"}],"curies":[{"name":"wp","href":"https:\/\/api.w.org\/{rel}","templated":true}]}}