{"id":12713,"date":"2021-01-22T07:03:29","date_gmt":"2021-01-22T07:03:29","guid":{"rendered":"https:\/\/noti-america.com\/site\/ecuador\/?p=12713"},"modified":"2021-01-22T07:03:29","modified_gmt":"2021-01-22T07:03:29","slug":"intervencion-integral-en-guayaquil-inicia-con-la-clausura-de-dos-prostibulos","status":"publish","type":"post","link":"https:\/\/noti-america.com\/site\/ecuador\/2021\/01\/22\/intervencion-integral-en-guayaquil-inicia-con-la-clausura-de-dos-prostibulos\/","title":{"rendered":"Intervenci\u00f3n Integral en Guayaquil inicia con la clausura de dos prost\u00edbulos"},"content":{"rendered":"<p style=\"text-align: justify\"><strong>REDACCI\u00d3N NOTI-AM\u00c9RICA (ECUADOR)<\/strong><\/p>\n<div id=\"attachment_12714\" style=\"width: 876px\" class=\"wp-caption aligncenter\"><img loading=\"lazy\" decoding=\"async\" aria-describedby=\"caption-attachment-12714\" class=\" wp-image-12714\" src=\"https:\/\/noti-america.com\/site\/ecuador\/wp-content\/uploads\/sites\/18\/2021\/01\/Calusura_Prostibulos_Samanes_Vergeles2-300x200.jpeg\" alt=\"\" width=\"866\" height=\"577\" srcset=\"https:\/\/noti-america.com\/site\/ecuador\/wp-content\/uploads\/sites\/18\/2021\/01\/Calusura_Prostibulos_Samanes_Vergeles2-300x200.jpeg 300w, https:\/\/noti-america.com\/site\/ecuador\/wp-content\/uploads\/sites\/18\/2021\/01\/Calusura_Prostibulos_Samanes_Vergeles2-768x512.jpeg 768w, https:\/\/noti-america.com\/site\/ecuador\/wp-content\/uploads\/sites\/18\/2021\/01\/Calusura_Prostibulos_Samanes_Vergeles2-272x182.jpeg 272w, https:\/\/noti-america.com\/site\/ecuador\/wp-content\/uploads\/sites\/18\/2021\/01\/Calusura_Prostibulos_Samanes_Vergeles2.jpeg 1024w\" sizes=\"auto, (max-width: 866px) 100vw, 866px\" \/><p id=\"caption-attachment-12714\" class=\"wp-caption-text\"><strong>Las denuncias ciudadanas son muy importantes para dar con estos lugares clandestinos.<\/strong><\/p><\/div>\n<p style=\"text-align: justify\">La tarde y noche de este jueves 21 de enero de 2021, se realiz\u00f3 un operativo de control al norte de Guayaquil, como parte del trabajo conjunto acordado entre la Gobernaci\u00f3n del Guayas y el Municipio de Guayaquil.<\/p>\n<p style=\"text-align: justify\">El primer lugar se trat\u00f3 de una \u201ccasa de citas\u201d que funcionaba de forma ilegal en una vivienda ubicada en Samanes 7.<\/p>\n<p style=\"text-align: justify\">\u201cAqu\u00ed encontramos tres ecuatorianas y dos extranjeras que ejerc\u00edan la prostituci\u00f3n. Estamos trabajando de forma articulada con Justicia y Vigilancia del Municipio de Guayaquil, cumpliendo as\u00ed la intervenci\u00f3n anunciada el pasado lunes\u201d, asegur\u00f3 el gobernador Luis Chonillo, quien lider\u00f3 el operativo.<\/p>\n<div id=\"attachment_12715\" style=\"width: 638px\" class=\"wp-caption alignright\"><img loading=\"lazy\" decoding=\"async\" aria-describedby=\"caption-attachment-12715\" class=\" wp-image-12715\" src=\"https:\/\/noti-america.com\/site\/ecuador\/wp-content\/uploads\/sites\/18\/2021\/01\/Calusura_Prostibulos_Samanes_Vergeles1-300x200.jpeg\" alt=\"\" width=\"628\" height=\"418\" srcset=\"https:\/\/noti-america.com\/site\/ecuador\/wp-content\/uploads\/sites\/18\/2021\/01\/Calusura_Prostibulos_Samanes_Vergeles1-300x200.jpeg 300w, https:\/\/noti-america.com\/site\/ecuador\/wp-content\/uploads\/sites\/18\/2021\/01\/Calusura_Prostibulos_Samanes_Vergeles1-768x512.jpeg 768w, https:\/\/noti-america.com\/site\/ecuador\/wp-content\/uploads\/sites\/18\/2021\/01\/Calusura_Prostibulos_Samanes_Vergeles1-272x182.jpeg 272w, https:\/\/noti-america.com\/site\/ecuador\/wp-content\/uploads\/sites\/18\/2021\/01\/Calusura_Prostibulos_Samanes_Vergeles1.jpeg 1024w\" sizes=\"auto, (max-width: 628px) 100vw, 628px\" \/><p id=\"caption-attachment-12715\" class=\"wp-caption-text\"><strong>Cinco mujeres fueron encontradas brindando servicios sexuales. Dos son extranjeras,<\/strong><\/p><\/div>\n<p style=\"text-align: justify\">De su lado, Alba Reinoso, intendenta general de Polic\u00eda, destac\u00f3 que ya son m\u00e1s de 40 prost\u00edbulos clandestinos clausurados en toda la provincia, tras el trabajo de inteligencia desplegado como respuesta a varias denuncias ciudadanas.<\/p>\n<p style=\"text-align: justify\">\u201cEn este caso en particular se encontraron juguetes sexuales, preservativos usados y algunos implementos que, presuntamente, se usan en brujer\u00eda\u201d, detall\u00f3 Reinoso y, a su vez, explic\u00f3 que los servicios que ofertan las chicas que ah\u00ed trabajaban lo hac\u00edan a trav\u00e9s de una p\u00e1gina web.<\/p>\n<p style=\"text-align: justify\">De la misma forma, se cerr\u00f3 un prost\u00edbulo que operaba sin los respectivos permisos de funcionamiento, en el sector de Los Vergeles.<\/p>\n<p style=\"text-align: justify\">Ambos locales asentados en el norte de la ciudad, en dos de los cinco puntos de mayor incidencia de Covid-19, seg\u00fan estudios realizados la semana anterior por personal del Cabildo porte\u00f1o.<\/p>\n<p>&nbsp;<\/p>\n<p style=\"text-align: justify\">En la redada tambi\u00e9n estuvo presente el jefe de Justicia y Vigilancia del Municipio, Luis \u00c1vila, quien destac\u00f3 que \u201cla presencia del Gobernador da fe de este trabajo en conjunto, que solo busca el bienestar de quienes viven en Guayaquil, evitando que estos lugares se conviertan en sitios de mayor contagio de coronavirus\u201d.<\/p>\n<p style=\"text-align: justify\">Finalmente, las autoridades instaron a los ciudadanos para que se sigan cuidando, record\u00e1ndoles que el uso de mascarilla es obligatorio, as\u00ed como cumplir con las medidas de bioseguridad.<\/p>\n","protected":false},"excerpt":{"rendered":"<p>REDACCI\u00d3N NOTI-AM\u00c9RICA (ECUADOR) La tarde y noche de este jueves 21 de enero de 2021, se realiz\u00f3 un operativo de control al norte de Guayaquil, como parte del trabajo conjunto acordado entre la Gobernaci\u00f3n&#46;&#46;&#46;<\/p>\n","protected":false},"author":54,"featured_media":12717,"comment_status":"open","ping_status":"open","sticky":false,"template":"","format":"standard","meta":{"_acf_changed":false,"om_disable_all_campaigns":false,"rop_custom_images_group":[],"rop_custom_messages_group":[],"rop_publish_now":"initial","rop_publish_now_accounts":{"twitter_242054905_242054905":""},"rop_publish_now_history":[],"rop_publish_now_status":"pending","_uf_show_specific_survey":0,"_uf_disable_surveys":false,"footnotes":""},"categories":[1],"tags":[],"class_list":["post-12713","post","type-post","status-publish","format-standard","has-post-thumbnail","hentry","category-uncategorized"],"acf":[],"aioseo_notices":[],"yoast_head":"<!-- This site is optimized with the Yoast SEO Premium plugin v24.9 (Yoast SEO v27.2) - https:\/\/yoast.com\/product\/yoast-seo-premium-wordpress\/ -->\n<title>Intervenci\u00f3n Integral en Guayaquil inicia con la clausura de dos prost\u00edbulos - Ecuador | Noti-America.com<\/title>\n<meta name=\"robots\" content=\"index, follow, max-snippet:-1, max-image-preview:large, max-video-preview:-1\" \/>\n<link rel=\"canonical\" href=\"https:\/\/noti-america.com\/site\/ecuador\/2021\/01\/22\/intervencion-integral-en-guayaquil-inicia-con-la-clausura-de-dos-prostibulos\/\" \/>\n<meta property=\"og:locale\" content=\"es_ES\" \/>\n<meta property=\"og:type\" content=\"article\" \/>\n<meta property=\"og:title\" content=\"Intervenci\u00f3n Integral en Guayaquil inicia con la clausura de dos prost\u00edbulos\" \/>\n<meta property=\"og:description\" content=\"REDACCI\u00d3N NOTI-AM\u00c9RICA (ECUADOR) La tarde y noche de este jueves 21 de enero de 2021, se realiz\u00f3 un operativo de control al norte de Guayaquil, como parte del trabajo conjunto acordado entre la Gobernaci\u00f3n&#046;&#046;&#046;\" \/>\n<meta property=\"og:url\" content=\"https:\/\/noti-america.com\/site\/ecuador\/2021\/01\/22\/intervencion-integral-en-guayaquil-inicia-con-la-clausura-de-dos-prostibulos\/\" \/>\n<meta property=\"og:site_name\" content=\"Ecuador | Noti-America.com\" \/>\n<meta property=\"article:author\" content=\"https:\/\/www.facebook.com\/geojuradopuente\" \/>\n<meta property=\"article:published_time\" content=\"2021-01-22T07:03:29+00:00\" \/>\n<meta property=\"og:image\" content=\"https:\/\/noti-america.com\/site\/ecuador\/wp-content\/uploads\/sites\/18\/2021\/01\/Calusura_Prostibulos_Samanes_Vergeles2-1.jpeg\" \/>\n\t<meta property=\"og:image:width\" content=\"1024\" \/>\n\t<meta property=\"og:image:height\" content=\"682\" \/>\n\t<meta property=\"og:image:type\" content=\"image\/jpeg\" \/>\n<meta name=\"author\" content=\"Mgtr. Geovanny Jurado Puente\" \/>\n<meta name=\"twitter:card\" content=\"summary_large_image\" \/>\n<meta name=\"twitter:creator\" content=\"@GeoJurado\" \/>\n<meta name=\"twitter:site\" content=\"@notiamerica\" \/>\n<meta name=\"twitter:label1\" content=\"Escrito por\" \/>\n\t<meta name=\"twitter:data1\" content=\"Mgtr. Geovanny Jurado Puente\" \/>\n\t<meta name=\"twitter:label2\" content=\"Tiempo estimado de lectura\" \/>\n\t<meta name=\"twitter:data2\" content=\"2 minutos\" \/>\n<script type=\"application\/ld+json\" class=\"yoast-schema-graph\">{\"@context\":\"https:\/\/schema.org\",\"@graph\":[{\"@type\":\"Article\",\"@id\":\"https:\/\/noti-america.com\/site\/ecuador\/2021\/01\/22\/intervencion-integral-en-guayaquil-inicia-con-la-clausura-de-dos-prostibulos\/#article\",\"isPartOf\":{\"@id\":\"https:\/\/noti-america.com\/site\/ecuador\/2021\/01\/22\/intervencion-integral-en-guayaquil-inicia-con-la-clausura-de-dos-prostibulos\/\"},\"author\":{\"name\":\"Mgtr. Geovanny Jurado Puente\",\"@id\":\"https:\/\/noti-america.com\/site\/ecuador\/#\/schema\/person\/eafaa0d78b886269707bbd67c79282d8\"},\"headline\":\"Intervenci\u00f3n Integral en Guayaquil inicia con la clausura de dos prost\u00edbulos\",\"datePublished\":\"2021-01-22T07:03:29+00:00\",\"mainEntityOfPage\":{\"@id\":\"https:\/\/noti-america.com\/site\/ecuador\/2021\/01\/22\/intervencion-integral-en-guayaquil-inicia-con-la-clausura-de-dos-prostibulos\/\"},\"wordCount\":382,\"commentCount\":0,\"publisher\":{\"@id\":\"https:\/\/noti-america.com\/site\/ecuador\/#organization\"},\"image\":{\"@id\":\"https:\/\/noti-america.com\/site\/ecuador\/2021\/01\/22\/intervencion-integral-en-guayaquil-inicia-con-la-clausura-de-dos-prostibulos\/#primaryimage\"},\"thumbnailUrl\":\"https:\/\/noti-america.com\/site\/ecuador\/wp-content\/uploads\/sites\/18\/2021\/01\/Calusura_Prostibulos_Samanes_Vergeles2-1.jpeg\",\"articleSection\":[\"Uncategorized\"],\"inLanguage\":\"es\",\"potentialAction\":[{\"@type\":\"CommentAction\",\"name\":\"Comment\",\"target\":[\"https:\/\/noti-america.com\/site\/ecuador\/2021\/01\/22\/intervencion-integral-en-guayaquil-inicia-con-la-clausura-de-dos-prostibulos\/#respond\"]}]},{\"@type\":\"WebPage\",\"@id\":\"https:\/\/noti-america.com\/site\/ecuador\/2021\/01\/22\/intervencion-integral-en-guayaquil-inicia-con-la-clausura-de-dos-prostibulos\/\",\"url\":\"https:\/\/noti-america.com\/site\/ecuador\/2021\/01\/22\/intervencion-integral-en-guayaquil-inicia-con-la-clausura-de-dos-prostibulos\/\",\"name\":\"Intervenci\u00f3n Integral en Guayaquil inicia con la clausura de dos prost\u00edbulos - Ecuador | Noti-America.com\",\"isPartOf\":{\"@id\":\"https:\/\/noti-america.com\/site\/ecuador\/#website\"},\"primaryImageOfPage\":{\"@id\":\"https:\/\/noti-america.com\/site\/ecuador\/2021\/01\/22\/intervencion-integral-en-guayaquil-inicia-con-la-clausura-de-dos-prostibulos\/#primaryimage\"},\"image\":{\"@id\":\"https:\/\/noti-america.com\/site\/ecuador\/2021\/01\/22\/intervencion-integral-en-guayaquil-inicia-con-la-clausura-de-dos-prostibulos\/#primaryimage\"},\"thumbnailUrl\":\"https:\/\/noti-america.com\/site\/ecuador\/wp-content\/uploads\/sites\/18\/2021\/01\/Calusura_Prostibulos_Samanes_Vergeles2-1.jpeg\",\"datePublished\":\"2021-01-22T07:03:29+00:00\",\"breadcrumb\":{\"@id\":\"https:\/\/noti-america.com\/site\/ecuador\/2021\/01\/22\/intervencion-integral-en-guayaquil-inicia-con-la-clausura-de-dos-prostibulos\/#breadcrumb\"},\"inLanguage\":\"es\",\"potentialAction\":[{\"@type\":\"ReadAction\",\"target\":[\"https:\/\/noti-america.com\/site\/ecuador\/2021\/01\/22\/intervencion-integral-en-guayaquil-inicia-con-la-clausura-de-dos-prostibulos\/\"]}]},{\"@type\":\"ImageObject\",\"inLanguage\":\"es\",\"@id\":\"https:\/\/noti-america.com\/site\/ecuador\/2021\/01\/22\/intervencion-integral-en-guayaquil-inicia-con-la-clausura-de-dos-prostibulos\/#primaryimage\",\"url\":\"https:\/\/noti-america.com\/site\/ecuador\/wp-content\/uploads\/sites\/18\/2021\/01\/Calusura_Prostibulos_Samanes_Vergeles2-1.jpeg\",\"contentUrl\":\"https:\/\/noti-america.com\/site\/ecuador\/wp-content\/uploads\/sites\/18\/2021\/01\/Calusura_Prostibulos_Samanes_Vergeles2-1.jpeg\",\"width\":1024,\"height\":682},{\"@type\":\"BreadcrumbList\",\"@id\":\"https:\/\/noti-america.com\/site\/ecuador\/2021\/01\/22\/intervencion-integral-en-guayaquil-inicia-con-la-clausura-de-dos-prostibulos\/#breadcrumb\",\"itemListElement\":[{\"@type\":\"ListItem\",\"position\":1,\"name\":\"Portada\",\"item\":\"https:\/\/noti-america.com\/site\/ecuador\/\"},{\"@type\":\"ListItem\",\"position\":2,\"name\":\"Intervenci\u00f3n Integral en Guayaquil inicia con la clausura de dos prost\u00edbulos\"}]},{\"@type\":\"WebSite\",\"@id\":\"https:\/\/noti-america.com\/site\/ecuador\/#website\",\"url\":\"https:\/\/noti-america.com\/site\/ecuador\/\",\"name\":\"Ecuador | Noti-America.com\",\"description\":\"\",\"publisher\":{\"@id\":\"https:\/\/noti-america.com\/site\/ecuador\/#organization\"},\"potentialAction\":[{\"@type\":\"SearchAction\",\"target\":{\"@type\":\"EntryPoint\",\"urlTemplate\":\"https:\/\/noti-america.com\/site\/ecuador\/?s={search_term_string}\"},\"query-input\":{\"@type\":\"PropertyValueSpecification\",\"valueRequired\":true,\"valueName\":\"search_term_string\"}}],\"inLanguage\":\"es\"},{\"@type\":\"Organization\",\"@id\":\"https:\/\/noti-america.com\/site\/ecuador\/#organization\",\"name\":\"Noti-America LLC | Ecuador\",\"url\":\"https:\/\/noti-america.com\/site\/ecuador\/\",\"logo\":{\"@type\":\"ImageObject\",\"inLanguage\":\"es\",\"@id\":\"https:\/\/noti-america.com\/site\/ecuador\/#\/schema\/logo\/image\/\",\"url\":\"https:\/\/noti-america.com\/site\/ecuador\/wp-content\/uploads\/sites\/18\/2020\/07\/LogoNA-4x3-1.jpg\",\"contentUrl\":\"https:\/\/noti-america.com\/site\/ecuador\/wp-content\/uploads\/sites\/18\/2020\/07\/LogoNA-4x3-1.jpg\",\"width\":1236,\"height\":1080,\"caption\":\"Noti-America LLC | Ecuador\"},\"image\":{\"@id\":\"https:\/\/noti-america.com\/site\/ecuador\/#\/schema\/logo\/image\/\"},\"sameAs\":[\"https:\/\/x.com\/notiamerica\"]},{\"@type\":\"Person\",\"@id\":\"https:\/\/noti-america.com\/site\/ecuador\/#\/schema\/person\/eafaa0d78b886269707bbd67c79282d8\",\"name\":\"Mgtr. Geovanny Jurado Puente\",\"image\":{\"@type\":\"ImageObject\",\"inLanguage\":\"es\",\"@id\":\"https:\/\/secure.gravatar.com\/avatar\/f837d50a2ea0d7cba882939210fb03249c2d70cdea88235e685f1a91ced24905?s=96&d=mm&r=g\",\"url\":\"https:\/\/secure.gravatar.com\/avatar\/f837d50a2ea0d7cba882939210fb03249c2d70cdea88235e685f1a91ced24905?s=96&d=mm&r=g\",\"contentUrl\":\"https:\/\/secure.gravatar.com\/avatar\/f837d50a2ea0d7cba882939210fb03249c2d70cdea88235e685f1a91ced24905?s=96&d=mm&r=g\",\"caption\":\"Mgtr. Geovanny Jurado Puente\"},\"description\":\"Mag\u00edster en Comunicaci\u00f3n, Menci\u00f3n Pol\u00edticas de Desarrollo Social; Licenciado en Ciencias de la Comunicaci\u00f3n Social; Docente Universitario; Miembro de la Red de Investigadores en Comunicaci\u00f3n del Ecuador (RICE); Miembro Fundador de la Red de Editoriales Universitarias y Escuelas Polit\u00e9cnicas del Ecuador (Reupde); ecuatoriano de nacimiento, con residencia en Daule.\",\"sameAs\":[\"https:\/\/www.facebook.com\/geojuradopuente\",\"Geo Jurado\",\"https:\/\/x.com\/GeoJurado\"],\"url\":\"https:\/\/noti-america.com\/site\/ecuador\/author\/gjurado\/\"}]}<\/script>\n<!-- \/ Yoast SEO Premium plugin. -->","yoast_head_json":{"title":"Intervenci\u00f3n Integral en Guayaquil inicia con la clausura de dos prost\u00edbulos - Ecuador | Noti-America.com","robots":{"index":"index","follow":"follow","max-snippet":"max-snippet:-1","max-image-preview":"max-image-preview:large","max-video-preview":"max-video-preview:-1"},"canonical":"https:\/\/noti-america.com\/site\/ecuador\/2021\/01\/22\/intervencion-integral-en-guayaquil-inicia-con-la-clausura-de-dos-prostibulos\/","og_locale":"es_ES","og_type":"article","og_title":"Intervenci\u00f3n Integral en Guayaquil inicia con la clausura de dos prost\u00edbulos","og_description":"REDACCI\u00d3N NOTI-AM\u00c9RICA (ECUADOR) La tarde y noche de este jueves 21 de enero de 2021, se realiz\u00f3 un operativo de control al norte de Guayaquil, como parte del trabajo conjunto acordado entre la Gobernaci\u00f3n&#46;&#46;&#46;","og_url":"https:\/\/noti-america.com\/site\/ecuador\/2021\/01\/22\/intervencion-integral-en-guayaquil-inicia-con-la-clausura-de-dos-prostibulos\/","og_site_name":"Ecuador | Noti-America.com","article_author":"https:\/\/www.facebook.com\/geojuradopuente","article_published_time":"2021-01-22T07:03:29+00:00","og_image":[{"width":1024,"height":682,"url":"https:\/\/noti-america.com\/site\/ecuador\/wp-content\/uploads\/sites\/18\/2021\/01\/Calusura_Prostibulos_Samanes_Vergeles2-1.jpeg","type":"image\/jpeg"}],"author":"Mgtr. Geovanny Jurado Puente","twitter_card":"summary_large_image","twitter_creator":"@GeoJurado","twitter_site":"@notiamerica","twitter_misc":{"Escrito por":"Mgtr. Geovanny Jurado Puente","Tiempo estimado de lectura":"2 minutos"},"schema":{"@context":"https:\/\/schema.org","@graph":[{"@type":"Article","@id":"https:\/\/noti-america.com\/site\/ecuador\/2021\/01\/22\/intervencion-integral-en-guayaquil-inicia-con-la-clausura-de-dos-prostibulos\/#article","isPartOf":{"@id":"https:\/\/noti-america.com\/site\/ecuador\/2021\/01\/22\/intervencion-integral-en-guayaquil-inicia-con-la-clausura-de-dos-prostibulos\/"},"author":{"name":"Mgtr. Geovanny Jurado Puente","@id":"https:\/\/noti-america.com\/site\/ecuador\/#\/schema\/person\/eafaa0d78b886269707bbd67c79282d8"},"headline":"Intervenci\u00f3n Integral en Guayaquil inicia con la clausura de dos prost\u00edbulos","datePublished":"2021-01-22T07:03:29+00:00","mainEntityOfPage":{"@id":"https:\/\/noti-america.com\/site\/ecuador\/2021\/01\/22\/intervencion-integral-en-guayaquil-inicia-con-la-clausura-de-dos-prostibulos\/"},"wordCount":382,"commentCount":0,"publisher":{"@id":"https:\/\/noti-america.com\/site\/ecuador\/#organization"},"image":{"@id":"https:\/\/noti-america.com\/site\/ecuador\/2021\/01\/22\/intervencion-integral-en-guayaquil-inicia-con-la-clausura-de-dos-prostibulos\/#primaryimage"},"thumbnailUrl":"https:\/\/noti-america.com\/site\/ecuador\/wp-content\/uploads\/sites\/18\/2021\/01\/Calusura_Prostibulos_Samanes_Vergeles2-1.jpeg","articleSection":["Uncategorized"],"inLanguage":"es","potentialAction":[{"@type":"CommentAction","name":"Comment","target":["https:\/\/noti-america.com\/site\/ecuador\/2021\/01\/22\/intervencion-integral-en-guayaquil-inicia-con-la-clausura-de-dos-prostibulos\/#respond"]}]},{"@type":"WebPage","@id":"https:\/\/noti-america.com\/site\/ecuador\/2021\/01\/22\/intervencion-integral-en-guayaquil-inicia-con-la-clausura-de-dos-prostibulos\/","url":"https:\/\/noti-america.com\/site\/ecuador\/2021\/01\/22\/intervencion-integral-en-guayaquil-inicia-con-la-clausura-de-dos-prostibulos\/","name":"Intervenci\u00f3n Integral en Guayaquil inicia con la clausura de dos prost\u00edbulos - Ecuador | Noti-America.com","isPartOf":{"@id":"https:\/\/noti-america.com\/site\/ecuador\/#website"},"primaryImageOfPage":{"@id":"https:\/\/noti-america.com\/site\/ecuador\/2021\/01\/22\/intervencion-integral-en-guayaquil-inicia-con-la-clausura-de-dos-prostibulos\/#primaryimage"},"image":{"@id":"https:\/\/noti-america.com\/site\/ecuador\/2021\/01\/22\/intervencion-integral-en-guayaquil-inicia-con-la-clausura-de-dos-prostibulos\/#primaryimage"},"thumbnailUrl":"https:\/\/noti-america.com\/site\/ecuador\/wp-content\/uploads\/sites\/18\/2021\/01\/Calusura_Prostibulos_Samanes_Vergeles2-1.jpeg","datePublished":"2021-01-22T07:03:29+00:00","breadcrumb":{"@id":"https:\/\/noti-america.com\/site\/ecuador\/2021\/01\/22\/intervencion-integral-en-guayaquil-inicia-con-la-clausura-de-dos-prostibulos\/#breadcrumb"},"inLanguage":"es","potentialAction":[{"@type":"ReadAction","target":["https:\/\/noti-america.com\/site\/ecuador\/2021\/01\/22\/intervencion-integral-en-guayaquil-inicia-con-la-clausura-de-dos-prostibulos\/"]}]},{"@type":"ImageObject","inLanguage":"es","@id":"https:\/\/noti-america.com\/site\/ecuador\/2021\/01\/22\/intervencion-integral-en-guayaquil-inicia-con-la-clausura-de-dos-prostibulos\/#primaryimage","url":"https:\/\/noti-america.com\/site\/ecuador\/wp-content\/uploads\/sites\/18\/2021\/01\/Calusura_Prostibulos_Samanes_Vergeles2-1.jpeg","contentUrl":"https:\/\/noti-america.com\/site\/ecuador\/wp-content\/uploads\/sites\/18\/2021\/01\/Calusura_Prostibulos_Samanes_Vergeles2-1.jpeg","width":1024,"height":682},{"@type":"BreadcrumbList","@id":"https:\/\/noti-america.com\/site\/ecuador\/2021\/01\/22\/intervencion-integral-en-guayaquil-inicia-con-la-clausura-de-dos-prostibulos\/#breadcrumb","itemListElement":[{"@type":"ListItem","position":1,"name":"Portada","item":"https:\/\/noti-america.com\/site\/ecuador\/"},{"@type":"ListItem","position":2,"name":"Intervenci\u00f3n Integral en Guayaquil inicia con la clausura de dos prost\u00edbulos"}]},{"@type":"WebSite","@id":"https:\/\/noti-america.com\/site\/ecuador\/#website","url":"https:\/\/noti-america.com\/site\/ecuador\/","name":"Ecuador | Noti-America.com","description":"","publisher":{"@id":"https:\/\/noti-america.com\/site\/ecuador\/#organization"},"potentialAction":[{"@type":"SearchAction","target":{"@type":"EntryPoint","urlTemplate":"https:\/\/noti-america.com\/site\/ecuador\/?s={search_term_string}"},"query-input":{"@type":"PropertyValueSpecification","valueRequired":true,"valueName":"search_term_string"}}],"inLanguage":"es"},{"@type":"Organization","@id":"https:\/\/noti-america.com\/site\/ecuador\/#organization","name":"Noti-America LLC | Ecuador","url":"https:\/\/noti-america.com\/site\/ecuador\/","logo":{"@type":"ImageObject","inLanguage":"es","@id":"https:\/\/noti-america.com\/site\/ecuador\/#\/schema\/logo\/image\/","url":"https:\/\/noti-america.com\/site\/ecuador\/wp-content\/uploads\/sites\/18\/2020\/07\/LogoNA-4x3-1.jpg","contentUrl":"https:\/\/noti-america.com\/site\/ecuador\/wp-content\/uploads\/sites\/18\/2020\/07\/LogoNA-4x3-1.jpg","width":1236,"height":1080,"caption":"Noti-America LLC | Ecuador"},"image":{"@id":"https:\/\/noti-america.com\/site\/ecuador\/#\/schema\/logo\/image\/"},"sameAs":["https:\/\/x.com\/notiamerica"]},{"@type":"Person","@id":"https:\/\/noti-america.com\/site\/ecuador\/#\/schema\/person\/eafaa0d78b886269707bbd67c79282d8","name":"Mgtr. Geovanny Jurado Puente","image":{"@type":"ImageObject","inLanguage":"es","@id":"https:\/\/secure.gravatar.com\/avatar\/f837d50a2ea0d7cba882939210fb03249c2d70cdea88235e685f1a91ced24905?s=96&d=mm&r=g","url":"https:\/\/secure.gravatar.com\/avatar\/f837d50a2ea0d7cba882939210fb03249c2d70cdea88235e685f1a91ced24905?s=96&d=mm&r=g","contentUrl":"https:\/\/secure.gravatar.com\/avatar\/f837d50a2ea0d7cba882939210fb03249c2d70cdea88235e685f1a91ced24905?s=96&d=mm&r=g","caption":"Mgtr. Geovanny Jurado Puente"},"description":"Mag\u00edster en Comunicaci\u00f3n, Menci\u00f3n Pol\u00edticas de Desarrollo Social; Licenciado en Ciencias de la Comunicaci\u00f3n Social; Docente Universitario; Miembro de la Red de Investigadores en Comunicaci\u00f3n del Ecuador (RICE); Miembro Fundador de la Red de Editoriales Universitarias y Escuelas Polit\u00e9cnicas del Ecuador (Reupde); ecuatoriano de nacimiento, con residencia en Daule.","sameAs":["https:\/\/www.facebook.com\/geojuradopuente","Geo Jurado","https:\/\/x.com\/GeoJurado"],"url":"https:\/\/noti-america.com\/site\/ecuador\/author\/gjurado\/"}]}},"_links":{"self":[{"href":"https:\/\/noti-america.com\/site\/ecuador\/wp-json\/wp\/v2\/posts\/12713","targetHints":{"allow":["GET"]}}],"collection":[{"href":"https:\/\/noti-america.com\/site\/ecuador\/wp-json\/wp\/v2\/posts"}],"about":[{"href":"https:\/\/noti-america.com\/site\/ecuador\/wp-json\/wp\/v2\/types\/post"}],"author":[{"embeddable":true,"href":"https:\/\/noti-america.com\/site\/ecuador\/wp-json\/wp\/v2\/users\/54"}],"replies":[{"embeddable":true,"href":"https:\/\/noti-america.com\/site\/ecuador\/wp-json\/wp\/v2\/comments?post=12713"}],"version-history":[{"count":1,"href":"https:\/\/noti-america.com\/site\/ecuador\/wp-json\/wp\/v2\/posts\/12713\/revisions"}],"predecessor-version":[{"id":12718,"href":"https:\/\/noti-america.com\/site\/ecuador\/wp-json\/wp\/v2\/posts\/12713\/revisions\/12718"}],"wp:featuredmedia":[{"embeddable":true,"href":"https:\/\/noti-america.com\/site\/ecuador\/wp-json\/wp\/v2\/media\/12717"}],"wp:attachment":[{"href":"https:\/\/noti-america.com\/site\/ecuador\/wp-json\/wp\/v2\/media?parent=12713"}],"wp:term":[{"taxonomy":"category","embeddable":true,"href":"https:\/\/noti-america.com\/site\/ecuador\/wp-json\/wp\/v2\/categories?post=12713"},{"taxonomy":"post_tag","embeddable":true,"href":"https:\/\/noti-america.com\/site\/ecuador\/wp-json\/wp\/v2\/tags?post=12713"}],"curies":[{"name":"wp","href":"https:\/\/api.w.org\/{rel}","templated":true}]}}