{"id":12637,"date":"2021-01-18T16:38:20","date_gmt":"2021-01-18T16:38:20","guid":{"rendered":"https:\/\/noti-america.com\/site\/ecuador\/?p=12637"},"modified":"2021-01-18T16:38:20","modified_gmt":"2021-01-18T16:38:20","slug":"ecuador-crea-el-primer-banco-de-semillas-nativas","status":"publish","type":"post","link":"https:\/\/noti-america.com\/site\/ecuador\/2021\/01\/18\/ecuador-crea-el-primer-banco-de-semillas-nativas\/","title":{"rendered":"Ecuador crea el primer banco de semillas nativas"},"content":{"rendered":"<p><strong>REDACCI\u00d3N NOTI AM\u00c9RICA (ECUADOR)<\/strong><\/p>\n<div id=\"attachment_12638\" style=\"width: 701px\" class=\"wp-caption aligncenter\"><img loading=\"lazy\" decoding=\"async\" aria-describedby=\"caption-attachment-12638\" class=\"wp-image-12638\" src=\"https:\/\/noti-america.com\/site\/ecuador\/wp-content\/uploads\/sites\/18\/2021\/01\/18ene-IMG-20210118-WA0009-300x169.jpg\" alt=\"\" width=\"691\" height=\"389\" srcset=\"https:\/\/noti-america.com\/site\/ecuador\/wp-content\/uploads\/sites\/18\/2021\/01\/18ene-IMG-20210118-WA0009-300x169.jpg 300w, https:\/\/noti-america.com\/site\/ecuador\/wp-content\/uploads\/sites\/18\/2021\/01\/18ene-IMG-20210118-WA0009-768x432.jpg 768w, https:\/\/noti-america.com\/site\/ecuador\/wp-content\/uploads\/sites\/18\/2021\/01\/18ene-IMG-20210118-WA0009.jpg 1024w\" sizes=\"auto, (max-width: 691px) 100vw, 691px\" \/><p id=\"caption-attachment-12638\" class=\"wp-caption-text\">La casa de semillas alberga diversas variedades nativas de cereales, leguminosas, hortalizas, tub\u00e9rculos, cucurbit\u00e1ceas, gram\u00edneas y otros.<\/p><\/div>\n<p style=\"text-align: justify\">La Asociaci\u00f3n de Productores Agroecol\u00f3gicos del Azuay (APA Azuay), con el apoyo del Ministerio de Agricultura y Ganader\u00eda (MAG) y la fundaci\u00f3n Heifer Ecuador, inauguran la primera Casa de Semillas Nativas de la provincia con el objetivo de tener un banco de especies locales para la agricultura.<\/p>\n<p style=\"text-align: justify\">La Asociaci\u00f3n APA Azuay, conformada por 195 agricultores de Nab\u00f3n, Paute, Gualaceo, Cuenca, Santa Isabel, con apoyo del MAG gestionaron la recolecci\u00f3n de semillas nativas que son patrimonio de las familias azuayas.<\/p>\n<p style=\"text-align: justify\">A la inauguraci\u00f3n de esta Casa de Semillas, primera en la provincia que establece el MAG, asistieron autoridades del MAG y el Gobernador de la provincia, Jos\u00e9 Jaramillo Vintimilla.<\/p>\n<p style=\"text-align: justify\">John Atiencia, director Distrital de Azuay, explic\u00f3 que con el objetivo de rescatar, conservar y preservar semillas nativas, la Direcci\u00f3n Distrital del MAG realiz\u00f3 la gesti\u00f3n de semillas de variedades de papa nativa del INIAP, as\u00ed como de diversas especies a trav\u00e9s de productores de los distintos cantones. Adem\u00e1s, brind\u00f3 asistencia t\u00e9cnica y realiz\u00f3 la clasificaci\u00f3n de semillas, mientras que Heifer contribuy\u00f3 en las adecuaciones de este primer banco de semillas provincial.<\/p>\n<p style=\"text-align: justify\">Al momento, esta casa de semillas alberga diversas variedades nativas de cereales, leguminosas, hortalizas, tub\u00e9rculos, cucurbit\u00e1ceas, gram\u00edneas y otros, alcanzando las 150 variedades, convirti\u00e9ndose as\u00ed en una reserva de diversidad gen\u00e9tica a la que los productores pueden acceder mediante el intercambio y multiplicaci\u00f3n de semillas.<\/p>\n<p style=\"text-align: justify\">Eulalia Uday, presidenta de APA Azuay, indic\u00f3 que la Casa de Semillas se encuentra ubicada en la Av. Miraflores, entre las calles El Pasillo y La Tonada, e invit\u00f3 a los productores a que conozcan este espacio y a quienes quieran obtener o aportar con variedades locales de semilla para nutrir este banco comunicarse al tel\u00e9fono 4088042.<\/p>\n<p style=\"text-align: justify\">\u201cLa variedad de semillas nativas corroboran que el Ecuador es un centro de producci\u00f3n y domesticaci\u00f3n de plantas. Las semillas ancestrales poseen cualidades \u00fanicas y espec\u00edficas que permiten la armon\u00eda en la convivencia de los distintos cultivos locales para asegurar la soberan\u00eda alimentaria\u201d, explic\u00f3 \u00c1ngel An\u00edbal Zumbana, director de Saberes Ancestrales del MAG.<\/p>\n<p style=\"text-align: justify\">\n","protected":false},"excerpt":{"rendered":"<p>REDACCI\u00d3N NOTI AM\u00c9RICA (ECUADOR) La Asociaci\u00f3n de Productores Agroecol\u00f3gicos del Azuay (APA Azuay), con el apoyo del Ministerio de Agricultura y Ganader\u00eda (MAG) y la fundaci\u00f3n Heifer Ecuador, inauguran la primera Casa de Semillas&#46;&#46;&#46;<\/p>\n","protected":false},"author":113,"featured_media":12638,"comment_status":"open","ping_status":"open","sticky":false,"template":"","format":"standard","meta":{"_acf_changed":false,"om_disable_all_campaigns":false,"rop_custom_images_group":[],"rop_custom_messages_group":[],"rop_publish_now":"initial","rop_publish_now_accounts":{"twitter_242054905_242054905":""},"rop_publish_now_history":[],"rop_publish_now_status":"pending","_uf_show_specific_survey":0,"_uf_disable_surveys":false,"footnotes":""},"categories":[1],"tags":[],"class_list":["post-12637","post","type-post","status-publish","format-standard","has-post-thumbnail","hentry","category-uncategorized"],"acf":[],"aioseo_notices":[],"yoast_head":"<!-- This site is optimized with the Yoast SEO Premium plugin v24.9 (Yoast SEO v27.2) - https:\/\/yoast.com\/product\/yoast-seo-premium-wordpress\/ -->\n<title>Ecuador crea el primer banco de semillas nativas - Ecuador | Noti-America.com<\/title>\n<meta name=\"robots\" content=\"index, follow, max-snippet:-1, max-image-preview:large, max-video-preview:-1\" \/>\n<link rel=\"canonical\" href=\"https:\/\/noti-america.com\/site\/ecuador\/2021\/01\/18\/ecuador-crea-el-primer-banco-de-semillas-nativas\/\" \/>\n<meta property=\"og:locale\" content=\"es_ES\" \/>\n<meta property=\"og:type\" content=\"article\" \/>\n<meta property=\"og:title\" content=\"Ecuador crea el primer banco de semillas nativas\" \/>\n<meta property=\"og:description\" content=\"REDACCI\u00d3N NOTI AM\u00c9RICA (ECUADOR) La Asociaci\u00f3n de Productores Agroecol\u00f3gicos del Azuay (APA Azuay), con el apoyo del Ministerio de Agricultura y Ganader\u00eda (MAG) y la fundaci\u00f3n Heifer Ecuador, inauguran la primera Casa de Semillas&#046;&#046;&#046;\" \/>\n<meta property=\"og:url\" content=\"https:\/\/noti-america.com\/site\/ecuador\/2021\/01\/18\/ecuador-crea-el-primer-banco-de-semillas-nativas\/\" \/>\n<meta property=\"og:site_name\" content=\"Ecuador | Noti-America.com\" \/>\n<meta property=\"article:published_time\" content=\"2021-01-18T16:38:20+00:00\" \/>\n<meta property=\"og:image\" content=\"https:\/\/noti-america.com\/site\/ecuador\/wp-content\/uploads\/sites\/18\/2021\/01\/18ene-IMG-20210118-WA0009.jpg\" \/>\n\t<meta property=\"og:image:width\" content=\"1024\" \/>\n\t<meta property=\"og:image:height\" content=\"576\" \/>\n\t<meta property=\"og:image:type\" content=\"image\/jpeg\" \/>\n<meta name=\"author\" content=\"Henry Ortiz\" \/>\n<meta name=\"twitter:card\" content=\"summary_large_image\" \/>\n<meta name=\"twitter:creator\" content=\"@notiamerica\" \/>\n<meta name=\"twitter:site\" content=\"@notiamerica\" \/>\n<meta name=\"twitter:label1\" content=\"Escrito por\" \/>\n\t<meta name=\"twitter:data1\" content=\"Henry Ortiz\" \/>\n\t<meta name=\"twitter:label2\" content=\"Tiempo estimado de lectura\" \/>\n\t<meta name=\"twitter:data2\" content=\"2 minutos\" \/>\n<script type=\"application\/ld+json\" class=\"yoast-schema-graph\">{\"@context\":\"https:\/\/schema.org\",\"@graph\":[{\"@type\":\"Article\",\"@id\":\"https:\/\/noti-america.com\/site\/ecuador\/2021\/01\/18\/ecuador-crea-el-primer-banco-de-semillas-nativas\/#article\",\"isPartOf\":{\"@id\":\"https:\/\/noti-america.com\/site\/ecuador\/2021\/01\/18\/ecuador-crea-el-primer-banco-de-semillas-nativas\/\"},\"author\":{\"name\":\"Henry Ortiz\",\"@id\":\"https:\/\/noti-america.com\/site\/ecuador\/#\/schema\/person\/b9d1630cc6598af759d45c790a347283\"},\"headline\":\"Ecuador crea el primer banco de semillas nativas\",\"datePublished\":\"2021-01-18T16:38:20+00:00\",\"mainEntityOfPage\":{\"@id\":\"https:\/\/noti-america.com\/site\/ecuador\/2021\/01\/18\/ecuador-crea-el-primer-banco-de-semillas-nativas\/\"},\"wordCount\":400,\"commentCount\":0,\"publisher\":{\"@id\":\"https:\/\/noti-america.com\/site\/ecuador\/#organization\"},\"image\":{\"@id\":\"https:\/\/noti-america.com\/site\/ecuador\/2021\/01\/18\/ecuador-crea-el-primer-banco-de-semillas-nativas\/#primaryimage\"},\"thumbnailUrl\":\"https:\/\/noti-america.com\/site\/ecuador\/wp-content\/uploads\/sites\/18\/2021\/01\/18ene-IMG-20210118-WA0009.jpg\",\"articleSection\":[\"Uncategorized\"],\"inLanguage\":\"es\",\"potentialAction\":[{\"@type\":\"CommentAction\",\"name\":\"Comment\",\"target\":[\"https:\/\/noti-america.com\/site\/ecuador\/2021\/01\/18\/ecuador-crea-el-primer-banco-de-semillas-nativas\/#respond\"]}]},{\"@type\":\"WebPage\",\"@id\":\"https:\/\/noti-america.com\/site\/ecuador\/2021\/01\/18\/ecuador-crea-el-primer-banco-de-semillas-nativas\/\",\"url\":\"https:\/\/noti-america.com\/site\/ecuador\/2021\/01\/18\/ecuador-crea-el-primer-banco-de-semillas-nativas\/\",\"name\":\"Ecuador crea el primer banco de semillas nativas - Ecuador | Noti-America.com\",\"isPartOf\":{\"@id\":\"https:\/\/noti-america.com\/site\/ecuador\/#website\"},\"primaryImageOfPage\":{\"@id\":\"https:\/\/noti-america.com\/site\/ecuador\/2021\/01\/18\/ecuador-crea-el-primer-banco-de-semillas-nativas\/#primaryimage\"},\"image\":{\"@id\":\"https:\/\/noti-america.com\/site\/ecuador\/2021\/01\/18\/ecuador-crea-el-primer-banco-de-semillas-nativas\/#primaryimage\"},\"thumbnailUrl\":\"https:\/\/noti-america.com\/site\/ecuador\/wp-content\/uploads\/sites\/18\/2021\/01\/18ene-IMG-20210118-WA0009.jpg\",\"datePublished\":\"2021-01-18T16:38:20+00:00\",\"breadcrumb\":{\"@id\":\"https:\/\/noti-america.com\/site\/ecuador\/2021\/01\/18\/ecuador-crea-el-primer-banco-de-semillas-nativas\/#breadcrumb\"},\"inLanguage\":\"es\",\"potentialAction\":[{\"@type\":\"ReadAction\",\"target\":[\"https:\/\/noti-america.com\/site\/ecuador\/2021\/01\/18\/ecuador-crea-el-primer-banco-de-semillas-nativas\/\"]}]},{\"@type\":\"ImageObject\",\"inLanguage\":\"es\",\"@id\":\"https:\/\/noti-america.com\/site\/ecuador\/2021\/01\/18\/ecuador-crea-el-primer-banco-de-semillas-nativas\/#primaryimage\",\"url\":\"https:\/\/noti-america.com\/site\/ecuador\/wp-content\/uploads\/sites\/18\/2021\/01\/18ene-IMG-20210118-WA0009.jpg\",\"contentUrl\":\"https:\/\/noti-america.com\/site\/ecuador\/wp-content\/uploads\/sites\/18\/2021\/01\/18ene-IMG-20210118-WA0009.jpg\",\"width\":1024,\"height\":576},{\"@type\":\"BreadcrumbList\",\"@id\":\"https:\/\/noti-america.com\/site\/ecuador\/2021\/01\/18\/ecuador-crea-el-primer-banco-de-semillas-nativas\/#breadcrumb\",\"itemListElement\":[{\"@type\":\"ListItem\",\"position\":1,\"name\":\"Portada\",\"item\":\"https:\/\/noti-america.com\/site\/ecuador\/\"},{\"@type\":\"ListItem\",\"position\":2,\"name\":\"Ecuador crea el primer banco de semillas nativas\"}]},{\"@type\":\"WebSite\",\"@id\":\"https:\/\/noti-america.com\/site\/ecuador\/#website\",\"url\":\"https:\/\/noti-america.com\/site\/ecuador\/\",\"name\":\"Ecuador | Noti-America.com\",\"description\":\"\",\"publisher\":{\"@id\":\"https:\/\/noti-america.com\/site\/ecuador\/#organization\"},\"potentialAction\":[{\"@type\":\"SearchAction\",\"target\":{\"@type\":\"EntryPoint\",\"urlTemplate\":\"https:\/\/noti-america.com\/site\/ecuador\/?s={search_term_string}\"},\"query-input\":{\"@type\":\"PropertyValueSpecification\",\"valueRequired\":true,\"valueName\":\"search_term_string\"}}],\"inLanguage\":\"es\"},{\"@type\":\"Organization\",\"@id\":\"https:\/\/noti-america.com\/site\/ecuador\/#organization\",\"name\":\"Noti-America LLC | Ecuador\",\"url\":\"https:\/\/noti-america.com\/site\/ecuador\/\",\"logo\":{\"@type\":\"ImageObject\",\"inLanguage\":\"es\",\"@id\":\"https:\/\/noti-america.com\/site\/ecuador\/#\/schema\/logo\/image\/\",\"url\":\"https:\/\/noti-america.com\/site\/ecuador\/wp-content\/uploads\/sites\/18\/2020\/07\/LogoNA-4x3-1.jpg\",\"contentUrl\":\"https:\/\/noti-america.com\/site\/ecuador\/wp-content\/uploads\/sites\/18\/2020\/07\/LogoNA-4x3-1.jpg\",\"width\":1236,\"height\":1080,\"caption\":\"Noti-America LLC | Ecuador\"},\"image\":{\"@id\":\"https:\/\/noti-america.com\/site\/ecuador\/#\/schema\/logo\/image\/\"},\"sameAs\":[\"https:\/\/x.com\/notiamerica\"]},{\"@type\":\"Person\",\"@id\":\"https:\/\/noti-america.com\/site\/ecuador\/#\/schema\/person\/b9d1630cc6598af759d45c790a347283\",\"name\":\"Henry Ortiz\",\"image\":{\"@type\":\"ImageObject\",\"inLanguage\":\"es\",\"@id\":\"https:\/\/secure.gravatar.com\/avatar\/0b5407b5b302fbb6a578e625dca512ac2983ee5fa9ea941d581b83c40212e4c8?s=96&d=mm&r=g\",\"url\":\"https:\/\/secure.gravatar.com\/avatar\/0b5407b5b302fbb6a578e625dca512ac2983ee5fa9ea941d581b83c40212e4c8?s=96&d=mm&r=g\",\"contentUrl\":\"https:\/\/secure.gravatar.com\/avatar\/0b5407b5b302fbb6a578e625dca512ac2983ee5fa9ea941d581b83c40212e4c8?s=96&d=mm&r=g\",\"caption\":\"Henry Ortiz\"},\"url\":\"https:\/\/noti-america.com\/site\/ecuador\/author\/hortiz\/\"}]}<\/script>\n<!-- \/ Yoast SEO Premium plugin. -->","yoast_head_json":{"title":"Ecuador crea el primer banco de semillas nativas - Ecuador | Noti-America.com","robots":{"index":"index","follow":"follow","max-snippet":"max-snippet:-1","max-image-preview":"max-image-preview:large","max-video-preview":"max-video-preview:-1"},"canonical":"https:\/\/noti-america.com\/site\/ecuador\/2021\/01\/18\/ecuador-crea-el-primer-banco-de-semillas-nativas\/","og_locale":"es_ES","og_type":"article","og_title":"Ecuador crea el primer banco de semillas nativas","og_description":"REDACCI\u00d3N NOTI AM\u00c9RICA (ECUADOR) La Asociaci\u00f3n de Productores Agroecol\u00f3gicos del Azuay (APA Azuay), con el apoyo del Ministerio de Agricultura y Ganader\u00eda (MAG) y la fundaci\u00f3n Heifer Ecuador, inauguran la primera Casa de Semillas&#46;&#46;&#46;","og_url":"https:\/\/noti-america.com\/site\/ecuador\/2021\/01\/18\/ecuador-crea-el-primer-banco-de-semillas-nativas\/","og_site_name":"Ecuador | Noti-America.com","article_published_time":"2021-01-18T16:38:20+00:00","og_image":[{"width":1024,"height":576,"url":"https:\/\/noti-america.com\/site\/ecuador\/wp-content\/uploads\/sites\/18\/2021\/01\/18ene-IMG-20210118-WA0009.jpg","type":"image\/jpeg"}],"author":"Henry Ortiz","twitter_card":"summary_large_image","twitter_creator":"@notiamerica","twitter_site":"@notiamerica","twitter_misc":{"Escrito por":"Henry Ortiz","Tiempo estimado de lectura":"2 minutos"},"schema":{"@context":"https:\/\/schema.org","@graph":[{"@type":"Article","@id":"https:\/\/noti-america.com\/site\/ecuador\/2021\/01\/18\/ecuador-crea-el-primer-banco-de-semillas-nativas\/#article","isPartOf":{"@id":"https:\/\/noti-america.com\/site\/ecuador\/2021\/01\/18\/ecuador-crea-el-primer-banco-de-semillas-nativas\/"},"author":{"name":"Henry Ortiz","@id":"https:\/\/noti-america.com\/site\/ecuador\/#\/schema\/person\/b9d1630cc6598af759d45c790a347283"},"headline":"Ecuador crea el primer banco de semillas nativas","datePublished":"2021-01-18T16:38:20+00:00","mainEntityOfPage":{"@id":"https:\/\/noti-america.com\/site\/ecuador\/2021\/01\/18\/ecuador-crea-el-primer-banco-de-semillas-nativas\/"},"wordCount":400,"commentCount":0,"publisher":{"@id":"https:\/\/noti-america.com\/site\/ecuador\/#organization"},"image":{"@id":"https:\/\/noti-america.com\/site\/ecuador\/2021\/01\/18\/ecuador-crea-el-primer-banco-de-semillas-nativas\/#primaryimage"},"thumbnailUrl":"https:\/\/noti-america.com\/site\/ecuador\/wp-content\/uploads\/sites\/18\/2021\/01\/18ene-IMG-20210118-WA0009.jpg","articleSection":["Uncategorized"],"inLanguage":"es","potentialAction":[{"@type":"CommentAction","name":"Comment","target":["https:\/\/noti-america.com\/site\/ecuador\/2021\/01\/18\/ecuador-crea-el-primer-banco-de-semillas-nativas\/#respond"]}]},{"@type":"WebPage","@id":"https:\/\/noti-america.com\/site\/ecuador\/2021\/01\/18\/ecuador-crea-el-primer-banco-de-semillas-nativas\/","url":"https:\/\/noti-america.com\/site\/ecuador\/2021\/01\/18\/ecuador-crea-el-primer-banco-de-semillas-nativas\/","name":"Ecuador crea el primer banco de semillas nativas - Ecuador | Noti-America.com","isPartOf":{"@id":"https:\/\/noti-america.com\/site\/ecuador\/#website"},"primaryImageOfPage":{"@id":"https:\/\/noti-america.com\/site\/ecuador\/2021\/01\/18\/ecuador-crea-el-primer-banco-de-semillas-nativas\/#primaryimage"},"image":{"@id":"https:\/\/noti-america.com\/site\/ecuador\/2021\/01\/18\/ecuador-crea-el-primer-banco-de-semillas-nativas\/#primaryimage"},"thumbnailUrl":"https:\/\/noti-america.com\/site\/ecuador\/wp-content\/uploads\/sites\/18\/2021\/01\/18ene-IMG-20210118-WA0009.jpg","datePublished":"2021-01-18T16:38:20+00:00","breadcrumb":{"@id":"https:\/\/noti-america.com\/site\/ecuador\/2021\/01\/18\/ecuador-crea-el-primer-banco-de-semillas-nativas\/#breadcrumb"},"inLanguage":"es","potentialAction":[{"@type":"ReadAction","target":["https:\/\/noti-america.com\/site\/ecuador\/2021\/01\/18\/ecuador-crea-el-primer-banco-de-semillas-nativas\/"]}]},{"@type":"ImageObject","inLanguage":"es","@id":"https:\/\/noti-america.com\/site\/ecuador\/2021\/01\/18\/ecuador-crea-el-primer-banco-de-semillas-nativas\/#primaryimage","url":"https:\/\/noti-america.com\/site\/ecuador\/wp-content\/uploads\/sites\/18\/2021\/01\/18ene-IMG-20210118-WA0009.jpg","contentUrl":"https:\/\/noti-america.com\/site\/ecuador\/wp-content\/uploads\/sites\/18\/2021\/01\/18ene-IMG-20210118-WA0009.jpg","width":1024,"height":576},{"@type":"BreadcrumbList","@id":"https:\/\/noti-america.com\/site\/ecuador\/2021\/01\/18\/ecuador-crea-el-primer-banco-de-semillas-nativas\/#breadcrumb","itemListElement":[{"@type":"ListItem","position":1,"name":"Portada","item":"https:\/\/noti-america.com\/site\/ecuador\/"},{"@type":"ListItem","position":2,"name":"Ecuador crea el primer banco de semillas nativas"}]},{"@type":"WebSite","@id":"https:\/\/noti-america.com\/site\/ecuador\/#website","url":"https:\/\/noti-america.com\/site\/ecuador\/","name":"Ecuador | Noti-America.com","description":"","publisher":{"@id":"https:\/\/noti-america.com\/site\/ecuador\/#organization"},"potentialAction":[{"@type":"SearchAction","target":{"@type":"EntryPoint","urlTemplate":"https:\/\/noti-america.com\/site\/ecuador\/?s={search_term_string}"},"query-input":{"@type":"PropertyValueSpecification","valueRequired":true,"valueName":"search_term_string"}}],"inLanguage":"es"},{"@type":"Organization","@id":"https:\/\/noti-america.com\/site\/ecuador\/#organization","name":"Noti-America LLC | Ecuador","url":"https:\/\/noti-america.com\/site\/ecuador\/","logo":{"@type":"ImageObject","inLanguage":"es","@id":"https:\/\/noti-america.com\/site\/ecuador\/#\/schema\/logo\/image\/","url":"https:\/\/noti-america.com\/site\/ecuador\/wp-content\/uploads\/sites\/18\/2020\/07\/LogoNA-4x3-1.jpg","contentUrl":"https:\/\/noti-america.com\/site\/ecuador\/wp-content\/uploads\/sites\/18\/2020\/07\/LogoNA-4x3-1.jpg","width":1236,"height":1080,"caption":"Noti-America LLC | Ecuador"},"image":{"@id":"https:\/\/noti-america.com\/site\/ecuador\/#\/schema\/logo\/image\/"},"sameAs":["https:\/\/x.com\/notiamerica"]},{"@type":"Person","@id":"https:\/\/noti-america.com\/site\/ecuador\/#\/schema\/person\/b9d1630cc6598af759d45c790a347283","name":"Henry Ortiz","image":{"@type":"ImageObject","inLanguage":"es","@id":"https:\/\/secure.gravatar.com\/avatar\/0b5407b5b302fbb6a578e625dca512ac2983ee5fa9ea941d581b83c40212e4c8?s=96&d=mm&r=g","url":"https:\/\/secure.gravatar.com\/avatar\/0b5407b5b302fbb6a578e625dca512ac2983ee5fa9ea941d581b83c40212e4c8?s=96&d=mm&r=g","contentUrl":"https:\/\/secure.gravatar.com\/avatar\/0b5407b5b302fbb6a578e625dca512ac2983ee5fa9ea941d581b83c40212e4c8?s=96&d=mm&r=g","caption":"Henry Ortiz"},"url":"https:\/\/noti-america.com\/site\/ecuador\/author\/hortiz\/"}]}},"_links":{"self":[{"href":"https:\/\/noti-america.com\/site\/ecuador\/wp-json\/wp\/v2\/posts\/12637","targetHints":{"allow":["GET"]}}],"collection":[{"href":"https:\/\/noti-america.com\/site\/ecuador\/wp-json\/wp\/v2\/posts"}],"about":[{"href":"https:\/\/noti-america.com\/site\/ecuador\/wp-json\/wp\/v2\/types\/post"}],"author":[{"embeddable":true,"href":"https:\/\/noti-america.com\/site\/ecuador\/wp-json\/wp\/v2\/users\/113"}],"replies":[{"embeddable":true,"href":"https:\/\/noti-america.com\/site\/ecuador\/wp-json\/wp\/v2\/comments?post=12637"}],"version-history":[{"count":1,"href":"https:\/\/noti-america.com\/site\/ecuador\/wp-json\/wp\/v2\/posts\/12637\/revisions"}],"predecessor-version":[{"id":12639,"href":"https:\/\/noti-america.com\/site\/ecuador\/wp-json\/wp\/v2\/posts\/12637\/revisions\/12639"}],"wp:featuredmedia":[{"embeddable":true,"href":"https:\/\/noti-america.com\/site\/ecuador\/wp-json\/wp\/v2\/media\/12638"}],"wp:attachment":[{"href":"https:\/\/noti-america.com\/site\/ecuador\/wp-json\/wp\/v2\/media?parent=12637"}],"wp:term":[{"taxonomy":"category","embeddable":true,"href":"https:\/\/noti-america.com\/site\/ecuador\/wp-json\/wp\/v2\/categories?post=12637"},{"taxonomy":"post_tag","embeddable":true,"href":"https:\/\/noti-america.com\/site\/ecuador\/wp-json\/wp\/v2\/tags?post=12637"}],"curies":[{"name":"wp","href":"https:\/\/api.w.org\/{rel}","templated":true}]}}