{"id":12550,"date":"2021-01-12T15:48:05","date_gmt":"2021-01-12T15:48:05","guid":{"rendered":"https:\/\/noti-america.com\/site\/ecuador\/?p=12550"},"modified":"2021-01-12T15:48:05","modified_gmt":"2021-01-12T15:48:05","slug":"ecuador-recibe-el-primer-bono-save-para-promover-la-educacion-ambiental","status":"publish","type":"post","link":"https:\/\/noti-america.com\/site\/ecuador\/2021\/01\/12\/ecuador-recibe-el-primer-bono-save-para-promover-la-educacion-ambiental\/","title":{"rendered":"Ecuador recibe el primer \u00abBono Save\u00bb para promover la educaci\u00f3n ambiental"},"content":{"rendered":"<p><strong>REDACCI\u00d3N NOTI AM\u00c9RICA (ECUADOR)<\/strong><\/p>\n<div id=\"attachment_12551\" style=\"width: 672px\" class=\"wp-caption aligncenter\"><img loading=\"lazy\" decoding=\"async\" aria-describedby=\"caption-attachment-12551\" class=\"wp-image-12551\" src=\"https:\/\/noti-america.com\/site\/ecuador\/wp-content\/uploads\/sites\/18\/2021\/01\/12-ENE-images.jpg\" alt=\"\" width=\"662\" height=\"418\" \/><p id=\"caption-attachment-12551\" class=\"wp-caption-text\">La iniciativa busca fomentar la preservaci\u00f3n y el uso del medio ambiente para el desarrollo responsable.<\/p><\/div>\n<p style=\"text-align: justify\">Gracias a la alianza estrat\u00e9gica entre el Ministerio de Educaci\u00f3n, la Asociaci\u00f3n para la Ni\u00f1ez y su Ambiente y la Organizaci\u00f3n de Estados Iberoamericanos \u2013 OEI, el incentivo Bono SAVE se ha entregado por primera vez en Ecuador a la Unidad Educativa Mario Cobo Barona de la Ciudad de Ambato.<\/p>\n<p style=\"text-align: justify\">Este es un reconocimiento econ\u00f3mico que permitir\u00e1 fortalecer la implementaci\u00f3n de la metodolog\u00eda de educaci\u00f3n ambiental: Tierra de ni\u00f1as, ni\u00f1os y j\u00f3venes para el Buen Vivir \u2013 TiNi, impulsada por la cartera de Educaci\u00f3n.<\/p>\n<p style=\"text-align: justify\">TiNi gira alrededor de un espacio otorgado a ni\u00f1as, ni\u00f1os y j\u00f3venes, en el cual se cr\u00eda vida y biodiversidad con amor generando bienestar para la naturaleza, para otras personas y para uno mismo. En las instituciones educativas, TiNi se utiliza para transversalizar el enfoque ambiental en todas las \u00e1reas curriculares; promoviendo la educaci\u00f3n ambiental.<\/p>\n<p style=\"text-align: justify\">Con la finalidad de promover la sostenibilidad de espacios TiNi -entendidas como \u00e1reas verdes o naturales que son aprovechadas como recurso pedag\u00f3gico y lugar de juego- ANIA cre\u00f3 un mecanismo innovador llamado BONO SAVE que hasta el momento ha sido entregado a 14 Instituciones Educativas en Per\u00fa.<\/p>\n<p style=\"text-align: justify\">Con los recursos del incentivo la UE Mario Cobo Barona pudo instalar un sistema de riego, caminer\u00edas de acceso al espacio TiNi, adquiri\u00f3 camisetas, gorras, caballetes y rotuladores para mejorar el trabajo al aire libre que desarrollan los docentes con ni\u00f1as, ni\u00f1os y j\u00f3venes.<\/p>\n<p style=\"text-align: justify\">La OEI en el marco del convenio que se firm\u00f3 con el Ministerio de Educaci\u00f3n y ANIA prest\u00f3 la asistencia t\u00e9cnica debida para la ejecuci\u00f3n adecuada del Bono SAVE en Ecuador. La empresa que aporta econ\u00f3micamente al Bono SAVE es LATAM Per\u00fa, como parte de la responsabilidad social que impulsa.<\/p>\n","protected":false},"excerpt":{"rendered":"<p>REDACCI\u00d3N NOTI AM\u00c9RICA (ECUADOR) Gracias a la alianza estrat\u00e9gica entre el Ministerio de Educaci\u00f3n, la Asociaci\u00f3n para la Ni\u00f1ez y su Ambiente y la Organizaci\u00f3n de Estados Iberoamericanos \u2013 OEI, el incentivo Bono SAVE&#46;&#46;&#46;<\/p>\n","protected":false},"author":113,"featured_media":12551,"comment_status":"open","ping_status":"open","sticky":false,"template":"","format":"standard","meta":{"_acf_changed":false,"om_disable_all_campaigns":false,"rop_custom_images_group":[],"rop_custom_messages_group":[],"rop_publish_now":"initial","rop_publish_now_accounts":{"twitter_242054905_242054905":""},"rop_publish_now_history":[],"rop_publish_now_status":"pending","_uf_show_specific_survey":0,"_uf_disable_surveys":false,"footnotes":""},"categories":[1],"tags":[],"class_list":["post-12550","post","type-post","status-publish","format-standard","has-post-thumbnail","hentry","category-uncategorized"],"acf":[],"aioseo_notices":[],"yoast_head":"<!-- This site is optimized with the Yoast SEO Premium plugin v24.9 (Yoast SEO v27.2) - https:\/\/yoast.com\/product\/yoast-seo-premium-wordpress\/ -->\n<title>Ecuador recibe el primer &quot;Bono Save&quot; para promover la educaci\u00f3n ambiental - Ecuador | Noti-America.com<\/title>\n<meta name=\"robots\" content=\"index, follow, max-snippet:-1, max-image-preview:large, max-video-preview:-1\" \/>\n<link rel=\"canonical\" href=\"https:\/\/noti-america.com\/site\/ecuador\/2021\/01\/12\/ecuador-recibe-el-primer-bono-save-para-promover-la-educacion-ambiental\/\" \/>\n<meta property=\"og:locale\" content=\"es_ES\" \/>\n<meta property=\"og:type\" content=\"article\" \/>\n<meta property=\"og:title\" content=\"Ecuador recibe el primer &quot;Bono Save&quot; para promover la educaci\u00f3n ambiental\" \/>\n<meta property=\"og:description\" content=\"REDACCI\u00d3N NOTI AM\u00c9RICA (ECUADOR) Gracias a la alianza estrat\u00e9gica entre el Ministerio de Educaci\u00f3n, la Asociaci\u00f3n para la Ni\u00f1ez y su Ambiente y la Organizaci\u00f3n de Estados Iberoamericanos \u2013 OEI, el incentivo Bono SAVE&#046;&#046;&#046;\" \/>\n<meta property=\"og:url\" content=\"https:\/\/noti-america.com\/site\/ecuador\/2021\/01\/12\/ecuador-recibe-el-primer-bono-save-para-promover-la-educacion-ambiental\/\" \/>\n<meta property=\"og:site_name\" content=\"Ecuador | Noti-America.com\" \/>\n<meta property=\"article:published_time\" content=\"2021-01-12T15:48:05+00:00\" \/>\n<meta property=\"og:image\" content=\"https:\/\/noti-america.com\/site\/ecuador\/wp-content\/uploads\/sites\/18\/2021\/01\/12-ENE-images.jpg\" \/>\n\t<meta property=\"og:image:width\" content=\"282\" \/>\n\t<meta property=\"og:image:height\" content=\"178\" \/>\n\t<meta property=\"og:image:type\" content=\"image\/jpeg\" \/>\n<meta name=\"author\" content=\"Henry Ortiz\" \/>\n<meta name=\"twitter:card\" content=\"summary_large_image\" \/>\n<meta name=\"twitter:creator\" content=\"@notiamerica\" \/>\n<meta name=\"twitter:site\" content=\"@notiamerica\" \/>\n<meta name=\"twitter:label1\" content=\"Escrito por\" \/>\n\t<meta name=\"twitter:data1\" content=\"Henry Ortiz\" \/>\n\t<meta name=\"twitter:label2\" content=\"Tiempo estimado de lectura\" \/>\n\t<meta name=\"twitter:data2\" content=\"2 minutos\" \/>\n<script type=\"application\/ld+json\" class=\"yoast-schema-graph\">{\"@context\":\"https:\/\/schema.org\",\"@graph\":[{\"@type\":\"Article\",\"@id\":\"https:\/\/noti-america.com\/site\/ecuador\/2021\/01\/12\/ecuador-recibe-el-primer-bono-save-para-promover-la-educacion-ambiental\/#article\",\"isPartOf\":{\"@id\":\"https:\/\/noti-america.com\/site\/ecuador\/2021\/01\/12\/ecuador-recibe-el-primer-bono-save-para-promover-la-educacion-ambiental\/\"},\"author\":{\"name\":\"Henry Ortiz\",\"@id\":\"https:\/\/noti-america.com\/site\/ecuador\/#\/schema\/person\/b9d1630cc6598af759d45c790a347283\"},\"headline\":\"Ecuador recibe el primer \u00abBono Save\u00bb para promover la educaci\u00f3n ambiental\",\"datePublished\":\"2021-01-12T15:48:05+00:00\",\"mainEntityOfPage\":{\"@id\":\"https:\/\/noti-america.com\/site\/ecuador\/2021\/01\/12\/ecuador-recibe-el-primer-bono-save-para-promover-la-educacion-ambiental\/\"},\"wordCount\":346,\"commentCount\":0,\"publisher\":{\"@id\":\"https:\/\/noti-america.com\/site\/ecuador\/#organization\"},\"image\":{\"@id\":\"https:\/\/noti-america.com\/site\/ecuador\/2021\/01\/12\/ecuador-recibe-el-primer-bono-save-para-promover-la-educacion-ambiental\/#primaryimage\"},\"thumbnailUrl\":\"https:\/\/noti-america.com\/site\/ecuador\/wp-content\/uploads\/sites\/18\/2021\/01\/12-ENE-images.jpg\",\"articleSection\":[\"Uncategorized\"],\"inLanguage\":\"es\",\"potentialAction\":[{\"@type\":\"CommentAction\",\"name\":\"Comment\",\"target\":[\"https:\/\/noti-america.com\/site\/ecuador\/2021\/01\/12\/ecuador-recibe-el-primer-bono-save-para-promover-la-educacion-ambiental\/#respond\"]}]},{\"@type\":\"WebPage\",\"@id\":\"https:\/\/noti-america.com\/site\/ecuador\/2021\/01\/12\/ecuador-recibe-el-primer-bono-save-para-promover-la-educacion-ambiental\/\",\"url\":\"https:\/\/noti-america.com\/site\/ecuador\/2021\/01\/12\/ecuador-recibe-el-primer-bono-save-para-promover-la-educacion-ambiental\/\",\"name\":\"Ecuador recibe el primer \\\"Bono Save\\\" para promover la educaci\u00f3n ambiental - Ecuador | Noti-America.com\",\"isPartOf\":{\"@id\":\"https:\/\/noti-america.com\/site\/ecuador\/#website\"},\"primaryImageOfPage\":{\"@id\":\"https:\/\/noti-america.com\/site\/ecuador\/2021\/01\/12\/ecuador-recibe-el-primer-bono-save-para-promover-la-educacion-ambiental\/#primaryimage\"},\"image\":{\"@id\":\"https:\/\/noti-america.com\/site\/ecuador\/2021\/01\/12\/ecuador-recibe-el-primer-bono-save-para-promover-la-educacion-ambiental\/#primaryimage\"},\"thumbnailUrl\":\"https:\/\/noti-america.com\/site\/ecuador\/wp-content\/uploads\/sites\/18\/2021\/01\/12-ENE-images.jpg\",\"datePublished\":\"2021-01-12T15:48:05+00:00\",\"breadcrumb\":{\"@id\":\"https:\/\/noti-america.com\/site\/ecuador\/2021\/01\/12\/ecuador-recibe-el-primer-bono-save-para-promover-la-educacion-ambiental\/#breadcrumb\"},\"inLanguage\":\"es\",\"potentialAction\":[{\"@type\":\"ReadAction\",\"target\":[\"https:\/\/noti-america.com\/site\/ecuador\/2021\/01\/12\/ecuador-recibe-el-primer-bono-save-para-promover-la-educacion-ambiental\/\"]}]},{\"@type\":\"ImageObject\",\"inLanguage\":\"es\",\"@id\":\"https:\/\/noti-america.com\/site\/ecuador\/2021\/01\/12\/ecuador-recibe-el-primer-bono-save-para-promover-la-educacion-ambiental\/#primaryimage\",\"url\":\"https:\/\/noti-america.com\/site\/ecuador\/wp-content\/uploads\/sites\/18\/2021\/01\/12-ENE-images.jpg\",\"contentUrl\":\"https:\/\/noti-america.com\/site\/ecuador\/wp-content\/uploads\/sites\/18\/2021\/01\/12-ENE-images.jpg\",\"width\":282,\"height\":178},{\"@type\":\"BreadcrumbList\",\"@id\":\"https:\/\/noti-america.com\/site\/ecuador\/2021\/01\/12\/ecuador-recibe-el-primer-bono-save-para-promover-la-educacion-ambiental\/#breadcrumb\",\"itemListElement\":[{\"@type\":\"ListItem\",\"position\":1,\"name\":\"Portada\",\"item\":\"https:\/\/noti-america.com\/site\/ecuador\/\"},{\"@type\":\"ListItem\",\"position\":2,\"name\":\"Ecuador recibe el primer \u00abBono Save\u00bb para promover la educaci\u00f3n ambiental\"}]},{\"@type\":\"WebSite\",\"@id\":\"https:\/\/noti-america.com\/site\/ecuador\/#website\",\"url\":\"https:\/\/noti-america.com\/site\/ecuador\/\",\"name\":\"Ecuador | Noti-America.com\",\"description\":\"\",\"publisher\":{\"@id\":\"https:\/\/noti-america.com\/site\/ecuador\/#organization\"},\"potentialAction\":[{\"@type\":\"SearchAction\",\"target\":{\"@type\":\"EntryPoint\",\"urlTemplate\":\"https:\/\/noti-america.com\/site\/ecuador\/?s={search_term_string}\"},\"query-input\":{\"@type\":\"PropertyValueSpecification\",\"valueRequired\":true,\"valueName\":\"search_term_string\"}}],\"inLanguage\":\"es\"},{\"@type\":\"Organization\",\"@id\":\"https:\/\/noti-america.com\/site\/ecuador\/#organization\",\"name\":\"Noti-America LLC | Ecuador\",\"url\":\"https:\/\/noti-america.com\/site\/ecuador\/\",\"logo\":{\"@type\":\"ImageObject\",\"inLanguage\":\"es\",\"@id\":\"https:\/\/noti-america.com\/site\/ecuador\/#\/schema\/logo\/image\/\",\"url\":\"https:\/\/noti-america.com\/site\/ecuador\/wp-content\/uploads\/sites\/18\/2020\/07\/LogoNA-4x3-1.jpg\",\"contentUrl\":\"https:\/\/noti-america.com\/site\/ecuador\/wp-content\/uploads\/sites\/18\/2020\/07\/LogoNA-4x3-1.jpg\",\"width\":1236,\"height\":1080,\"caption\":\"Noti-America LLC | Ecuador\"},\"image\":{\"@id\":\"https:\/\/noti-america.com\/site\/ecuador\/#\/schema\/logo\/image\/\"},\"sameAs\":[\"https:\/\/x.com\/notiamerica\"]},{\"@type\":\"Person\",\"@id\":\"https:\/\/noti-america.com\/site\/ecuador\/#\/schema\/person\/b9d1630cc6598af759d45c790a347283\",\"name\":\"Henry Ortiz\",\"image\":{\"@type\":\"ImageObject\",\"inLanguage\":\"es\",\"@id\":\"https:\/\/secure.gravatar.com\/avatar\/0b5407b5b302fbb6a578e625dca512ac2983ee5fa9ea941d581b83c40212e4c8?s=96&d=mm&r=g\",\"url\":\"https:\/\/secure.gravatar.com\/avatar\/0b5407b5b302fbb6a578e625dca512ac2983ee5fa9ea941d581b83c40212e4c8?s=96&d=mm&r=g\",\"contentUrl\":\"https:\/\/secure.gravatar.com\/avatar\/0b5407b5b302fbb6a578e625dca512ac2983ee5fa9ea941d581b83c40212e4c8?s=96&d=mm&r=g\",\"caption\":\"Henry Ortiz\"},\"url\":\"https:\/\/noti-america.com\/site\/ecuador\/author\/hortiz\/\"}]}<\/script>\n<!-- \/ Yoast SEO Premium plugin. -->","yoast_head_json":{"title":"Ecuador recibe el primer \"Bono Save\" para promover la educaci\u00f3n ambiental - Ecuador | Noti-America.com","robots":{"index":"index","follow":"follow","max-snippet":"max-snippet:-1","max-image-preview":"max-image-preview:large","max-video-preview":"max-video-preview:-1"},"canonical":"https:\/\/noti-america.com\/site\/ecuador\/2021\/01\/12\/ecuador-recibe-el-primer-bono-save-para-promover-la-educacion-ambiental\/","og_locale":"es_ES","og_type":"article","og_title":"Ecuador recibe el primer \"Bono Save\" para promover la educaci\u00f3n ambiental","og_description":"REDACCI\u00d3N NOTI AM\u00c9RICA (ECUADOR) Gracias a la alianza estrat\u00e9gica entre el Ministerio de Educaci\u00f3n, la Asociaci\u00f3n para la Ni\u00f1ez y su Ambiente y la Organizaci\u00f3n de Estados Iberoamericanos \u2013 OEI, el incentivo Bono SAVE&#46;&#46;&#46;","og_url":"https:\/\/noti-america.com\/site\/ecuador\/2021\/01\/12\/ecuador-recibe-el-primer-bono-save-para-promover-la-educacion-ambiental\/","og_site_name":"Ecuador | Noti-America.com","article_published_time":"2021-01-12T15:48:05+00:00","og_image":[{"width":282,"height":178,"url":"https:\/\/noti-america.com\/site\/ecuador\/wp-content\/uploads\/sites\/18\/2021\/01\/12-ENE-images.jpg","type":"image\/jpeg"}],"author":"Henry Ortiz","twitter_card":"summary_large_image","twitter_creator":"@notiamerica","twitter_site":"@notiamerica","twitter_misc":{"Escrito por":"Henry Ortiz","Tiempo estimado de lectura":"2 minutos"},"schema":{"@context":"https:\/\/schema.org","@graph":[{"@type":"Article","@id":"https:\/\/noti-america.com\/site\/ecuador\/2021\/01\/12\/ecuador-recibe-el-primer-bono-save-para-promover-la-educacion-ambiental\/#article","isPartOf":{"@id":"https:\/\/noti-america.com\/site\/ecuador\/2021\/01\/12\/ecuador-recibe-el-primer-bono-save-para-promover-la-educacion-ambiental\/"},"author":{"name":"Henry Ortiz","@id":"https:\/\/noti-america.com\/site\/ecuador\/#\/schema\/person\/b9d1630cc6598af759d45c790a347283"},"headline":"Ecuador recibe el primer \u00abBono Save\u00bb para promover la educaci\u00f3n ambiental","datePublished":"2021-01-12T15:48:05+00:00","mainEntityOfPage":{"@id":"https:\/\/noti-america.com\/site\/ecuador\/2021\/01\/12\/ecuador-recibe-el-primer-bono-save-para-promover-la-educacion-ambiental\/"},"wordCount":346,"commentCount":0,"publisher":{"@id":"https:\/\/noti-america.com\/site\/ecuador\/#organization"},"image":{"@id":"https:\/\/noti-america.com\/site\/ecuador\/2021\/01\/12\/ecuador-recibe-el-primer-bono-save-para-promover-la-educacion-ambiental\/#primaryimage"},"thumbnailUrl":"https:\/\/noti-america.com\/site\/ecuador\/wp-content\/uploads\/sites\/18\/2021\/01\/12-ENE-images.jpg","articleSection":["Uncategorized"],"inLanguage":"es","potentialAction":[{"@type":"CommentAction","name":"Comment","target":["https:\/\/noti-america.com\/site\/ecuador\/2021\/01\/12\/ecuador-recibe-el-primer-bono-save-para-promover-la-educacion-ambiental\/#respond"]}]},{"@type":"WebPage","@id":"https:\/\/noti-america.com\/site\/ecuador\/2021\/01\/12\/ecuador-recibe-el-primer-bono-save-para-promover-la-educacion-ambiental\/","url":"https:\/\/noti-america.com\/site\/ecuador\/2021\/01\/12\/ecuador-recibe-el-primer-bono-save-para-promover-la-educacion-ambiental\/","name":"Ecuador recibe el primer \"Bono Save\" para promover la educaci\u00f3n ambiental - Ecuador | Noti-America.com","isPartOf":{"@id":"https:\/\/noti-america.com\/site\/ecuador\/#website"},"primaryImageOfPage":{"@id":"https:\/\/noti-america.com\/site\/ecuador\/2021\/01\/12\/ecuador-recibe-el-primer-bono-save-para-promover-la-educacion-ambiental\/#primaryimage"},"image":{"@id":"https:\/\/noti-america.com\/site\/ecuador\/2021\/01\/12\/ecuador-recibe-el-primer-bono-save-para-promover-la-educacion-ambiental\/#primaryimage"},"thumbnailUrl":"https:\/\/noti-america.com\/site\/ecuador\/wp-content\/uploads\/sites\/18\/2021\/01\/12-ENE-images.jpg","datePublished":"2021-01-12T15:48:05+00:00","breadcrumb":{"@id":"https:\/\/noti-america.com\/site\/ecuador\/2021\/01\/12\/ecuador-recibe-el-primer-bono-save-para-promover-la-educacion-ambiental\/#breadcrumb"},"inLanguage":"es","potentialAction":[{"@type":"ReadAction","target":["https:\/\/noti-america.com\/site\/ecuador\/2021\/01\/12\/ecuador-recibe-el-primer-bono-save-para-promover-la-educacion-ambiental\/"]}]},{"@type":"ImageObject","inLanguage":"es","@id":"https:\/\/noti-america.com\/site\/ecuador\/2021\/01\/12\/ecuador-recibe-el-primer-bono-save-para-promover-la-educacion-ambiental\/#primaryimage","url":"https:\/\/noti-america.com\/site\/ecuador\/wp-content\/uploads\/sites\/18\/2021\/01\/12-ENE-images.jpg","contentUrl":"https:\/\/noti-america.com\/site\/ecuador\/wp-content\/uploads\/sites\/18\/2021\/01\/12-ENE-images.jpg","width":282,"height":178},{"@type":"BreadcrumbList","@id":"https:\/\/noti-america.com\/site\/ecuador\/2021\/01\/12\/ecuador-recibe-el-primer-bono-save-para-promover-la-educacion-ambiental\/#breadcrumb","itemListElement":[{"@type":"ListItem","position":1,"name":"Portada","item":"https:\/\/noti-america.com\/site\/ecuador\/"},{"@type":"ListItem","position":2,"name":"Ecuador recibe el primer \u00abBono Save\u00bb para promover la educaci\u00f3n ambiental"}]},{"@type":"WebSite","@id":"https:\/\/noti-america.com\/site\/ecuador\/#website","url":"https:\/\/noti-america.com\/site\/ecuador\/","name":"Ecuador | Noti-America.com","description":"","publisher":{"@id":"https:\/\/noti-america.com\/site\/ecuador\/#organization"},"potentialAction":[{"@type":"SearchAction","target":{"@type":"EntryPoint","urlTemplate":"https:\/\/noti-america.com\/site\/ecuador\/?s={search_term_string}"},"query-input":{"@type":"PropertyValueSpecification","valueRequired":true,"valueName":"search_term_string"}}],"inLanguage":"es"},{"@type":"Organization","@id":"https:\/\/noti-america.com\/site\/ecuador\/#organization","name":"Noti-America LLC | Ecuador","url":"https:\/\/noti-america.com\/site\/ecuador\/","logo":{"@type":"ImageObject","inLanguage":"es","@id":"https:\/\/noti-america.com\/site\/ecuador\/#\/schema\/logo\/image\/","url":"https:\/\/noti-america.com\/site\/ecuador\/wp-content\/uploads\/sites\/18\/2020\/07\/LogoNA-4x3-1.jpg","contentUrl":"https:\/\/noti-america.com\/site\/ecuador\/wp-content\/uploads\/sites\/18\/2020\/07\/LogoNA-4x3-1.jpg","width":1236,"height":1080,"caption":"Noti-America LLC | Ecuador"},"image":{"@id":"https:\/\/noti-america.com\/site\/ecuador\/#\/schema\/logo\/image\/"},"sameAs":["https:\/\/x.com\/notiamerica"]},{"@type":"Person","@id":"https:\/\/noti-america.com\/site\/ecuador\/#\/schema\/person\/b9d1630cc6598af759d45c790a347283","name":"Henry Ortiz","image":{"@type":"ImageObject","inLanguage":"es","@id":"https:\/\/secure.gravatar.com\/avatar\/0b5407b5b302fbb6a578e625dca512ac2983ee5fa9ea941d581b83c40212e4c8?s=96&d=mm&r=g","url":"https:\/\/secure.gravatar.com\/avatar\/0b5407b5b302fbb6a578e625dca512ac2983ee5fa9ea941d581b83c40212e4c8?s=96&d=mm&r=g","contentUrl":"https:\/\/secure.gravatar.com\/avatar\/0b5407b5b302fbb6a578e625dca512ac2983ee5fa9ea941d581b83c40212e4c8?s=96&d=mm&r=g","caption":"Henry Ortiz"},"url":"https:\/\/noti-america.com\/site\/ecuador\/author\/hortiz\/"}]}},"_links":{"self":[{"href":"https:\/\/noti-america.com\/site\/ecuador\/wp-json\/wp\/v2\/posts\/12550","targetHints":{"allow":["GET"]}}],"collection":[{"href":"https:\/\/noti-america.com\/site\/ecuador\/wp-json\/wp\/v2\/posts"}],"about":[{"href":"https:\/\/noti-america.com\/site\/ecuador\/wp-json\/wp\/v2\/types\/post"}],"author":[{"embeddable":true,"href":"https:\/\/noti-america.com\/site\/ecuador\/wp-json\/wp\/v2\/users\/113"}],"replies":[{"embeddable":true,"href":"https:\/\/noti-america.com\/site\/ecuador\/wp-json\/wp\/v2\/comments?post=12550"}],"version-history":[{"count":1,"href":"https:\/\/noti-america.com\/site\/ecuador\/wp-json\/wp\/v2\/posts\/12550\/revisions"}],"predecessor-version":[{"id":12552,"href":"https:\/\/noti-america.com\/site\/ecuador\/wp-json\/wp\/v2\/posts\/12550\/revisions\/12552"}],"wp:featuredmedia":[{"embeddable":true,"href":"https:\/\/noti-america.com\/site\/ecuador\/wp-json\/wp\/v2\/media\/12551"}],"wp:attachment":[{"href":"https:\/\/noti-america.com\/site\/ecuador\/wp-json\/wp\/v2\/media?parent=12550"}],"wp:term":[{"taxonomy":"category","embeddable":true,"href":"https:\/\/noti-america.com\/site\/ecuador\/wp-json\/wp\/v2\/categories?post=12550"},{"taxonomy":"post_tag","embeddable":true,"href":"https:\/\/noti-america.com\/site\/ecuador\/wp-json\/wp\/v2\/tags?post=12550"}],"curies":[{"name":"wp","href":"https:\/\/api.w.org\/{rel}","templated":true}]}}