{"id":12501,"date":"2021-01-07T18:26:17","date_gmt":"2021-01-07T18:26:17","guid":{"rendered":"https:\/\/noti-america.com\/site\/ecuador\/?p=12501"},"modified":"2021-01-07T18:26:17","modified_gmt":"2021-01-07T18:26:17","slug":"banco-del-pacifico-presenta-aplicacion-movil-que-permite-a-los-comercios-gestionar-pagos","status":"publish","type":"post","link":"https:\/\/noti-america.com\/site\/ecuador\/2021\/01\/07\/banco-del-pacifico-presenta-aplicacion-movil-que-permite-a-los-comercios-gestionar-pagos\/","title":{"rendered":"Banco del Pac\u00edfico presenta aplicaci\u00f3n m\u00f3vil que permite a los comercios gestionar pagos"},"content":{"rendered":"<p><strong>REDACCI\u00d3N NOTI AM\u00c9RICA (ECUADOR)<\/strong><\/p>\n<div id=\"attachment_12502\" style=\"width: 694px\" class=\"wp-caption aligncenter\"><img loading=\"lazy\" decoding=\"async\" aria-describedby=\"caption-attachment-12502\" class=\"wp-image-12502\" src=\"https:\/\/noti-america.com\/site\/ecuador\/wp-content\/uploads\/sites\/18\/2021\/01\/WhatsApp-Image-2021-01-07-at-12.35.49-300x176.jpeg\" alt=\"\" width=\"684\" height=\"401\" srcset=\"https:\/\/noti-america.com\/site\/ecuador\/wp-content\/uploads\/sites\/18\/2021\/01\/WhatsApp-Image-2021-01-07-at-12.35.49-300x176.jpeg 300w, https:\/\/noti-america.com\/site\/ecuador\/wp-content\/uploads\/sites\/18\/2021\/01\/WhatsApp-Image-2021-01-07-at-12.35.49-768x450.jpeg 768w, https:\/\/noti-america.com\/site\/ecuador\/wp-content\/uploads\/sites\/18\/2021\/01\/WhatsApp-Image-2021-01-07-at-12.35.49.jpeg 1024w\" sizes=\"auto, (max-width: 684px) 100vw, 684px\" \/><p id=\"caption-attachment-12502\" class=\"wp-caption-text\">Consta el Ing. Ram\u00f3n Gait\u00e1n, gerente Adquirencia Medios de Pago; Ing. Gloria Baquerizo, vicepresidente Ejecutivo Comercial; Econ. Andr\u00e9s Baquerizo, presidente Ejecutivo; Ing. El\u00edas Ronquillo, gerente Nacional de Medios de Pago.<\/p><\/div>\n<p style=\"text-align: justify\">El Banco del Pac\u00edfico, el banco l\u00edder en innovaci\u00f3n del Ecuador, ha lanzado la soluci\u00f3n BdPOS, una aplicaci\u00f3n m\u00f3vil que permite a los comercios gestionar los pagos de sus clientes sin necesidad de una terminal de pagos f\u00edsica y realiza la afiliaci\u00f3n del comercio de manera completamente digital.<\/p>\n<p style=\"text-align: justify\">Se trata de un servicio ideal para emprendedores, micro, peque\u00f1as y medianas empresas que, desde sus dispositivos m\u00f3viles, sin necesidad de asistir al Banco, pueden descargar la aplicaci\u00f3n y registrar su negocio. Para los clientes, por su parte, es una manera f\u00e1cil de realizar sus pagos con tarjetas d\u00e9bito y cr\u00e9dito de Banco del Pac\u00edfico.<\/p>\n<p style=\"text-align: justify\">\u201cEn Banco del Pac\u00edfico estamos comprometidos con facilitar que nuestros clientes, empresas y personas, realicen sus transacciones de la manera m\u00e1s f\u00e1cil posible y a menor costo para ellos. BdPOS, adem\u00e1s de facilitar el pago a los clientes,\u00a0 incorpora el registro remoto del comercio. Somos el primer banco del pa\u00eds en\u00a0 ofrecer esta posibilidad\u201d, expres\u00f3 Andr\u00e9s Baquerizo, presidente Ejecutivo de Banco del Pac\u00edfico.<\/p>\n<p style=\"text-align: justify\">Las personas naturales y comercios de cualquier actividad econ\u00f3mica, que sean clientes del banco, podr\u00e1n registrarse y as\u00ed realizar transacciones sin tener terminales de pago o POS para tarjetas f\u00edsicas. Desde el 23 de noviembre de 2020 ya se puede acceder a la aplicaci\u00f3n desde las tiendas de aplicaciones de sus dispositivos m\u00f3viles.<\/p>\n<p style=\"text-align: justify\">Este es un paso m\u00e1s que da Banco del Pac\u00edfico en el marco de su prop\u00f3sito estrat\u00e9gico de poner la innovaci\u00f3n al servicio de las necesidades de sus clientes.<\/p>\n","protected":false},"excerpt":{"rendered":"<p>REDACCI\u00d3N NOTI AM\u00c9RICA (ECUADOR) El Banco del Pac\u00edfico, el banco l\u00edder en innovaci\u00f3n del Ecuador, ha lanzado la soluci\u00f3n BdPOS, una aplicaci\u00f3n m\u00f3vil que permite a los comercios gestionar los pagos de sus clientes&#46;&#46;&#46;<\/p>\n","protected":false},"author":113,"featured_media":12502,"comment_status":"open","ping_status":"open","sticky":false,"template":"","format":"standard","meta":{"_acf_changed":false,"om_disable_all_campaigns":false,"rop_custom_images_group":[],"rop_custom_messages_group":[],"rop_publish_now":"initial","rop_publish_now_accounts":{"twitter_242054905_242054905":""},"rop_publish_now_history":[],"rop_publish_now_status":"pending","_uf_show_specific_survey":0,"_uf_disable_surveys":false,"footnotes":""},"categories":[1],"tags":[],"class_list":["post-12501","post","type-post","status-publish","format-standard","has-post-thumbnail","hentry","category-uncategorized"],"acf":[],"aioseo_notices":[],"yoast_head":"<!-- This site is optimized with the Yoast SEO Premium plugin v24.9 (Yoast SEO v27.2) - https:\/\/yoast.com\/product\/yoast-seo-premium-wordpress\/ -->\n<title>Banco del Pac\u00edfico presenta aplicaci\u00f3n m\u00f3vil que permite a los comercios gestionar pagos - Ecuador | Noti-America.com<\/title>\n<meta name=\"robots\" content=\"index, follow, max-snippet:-1, max-image-preview:large, max-video-preview:-1\" \/>\n<link rel=\"canonical\" href=\"https:\/\/noti-america.com\/site\/ecuador\/2021\/01\/07\/banco-del-pacifico-presenta-aplicacion-movil-que-permite-a-los-comercios-gestionar-pagos\/\" \/>\n<meta property=\"og:locale\" content=\"es_ES\" \/>\n<meta property=\"og:type\" content=\"article\" \/>\n<meta property=\"og:title\" content=\"Banco del Pac\u00edfico presenta aplicaci\u00f3n m\u00f3vil que permite a los comercios gestionar pagos\" \/>\n<meta property=\"og:description\" content=\"REDACCI\u00d3N NOTI AM\u00c9RICA (ECUADOR) El Banco del Pac\u00edfico, el banco l\u00edder en innovaci\u00f3n del Ecuador, ha lanzado la soluci\u00f3n BdPOS, una aplicaci\u00f3n m\u00f3vil que permite a los comercios gestionar los pagos de sus clientes&#046;&#046;&#046;\" \/>\n<meta property=\"og:url\" content=\"https:\/\/noti-america.com\/site\/ecuador\/2021\/01\/07\/banco-del-pacifico-presenta-aplicacion-movil-que-permite-a-los-comercios-gestionar-pagos\/\" \/>\n<meta property=\"og:site_name\" content=\"Ecuador | Noti-America.com\" \/>\n<meta property=\"article:published_time\" content=\"2021-01-07T18:26:17+00:00\" \/>\n<meta property=\"og:image\" content=\"https:\/\/noti-america.com\/site\/ecuador\/wp-content\/uploads\/sites\/18\/2021\/01\/WhatsApp-Image-2021-01-07-at-12.35.49.jpeg\" \/>\n\t<meta property=\"og:image:width\" content=\"1024\" \/>\n\t<meta property=\"og:image:height\" content=\"600\" \/>\n\t<meta property=\"og:image:type\" content=\"image\/jpeg\" \/>\n<meta name=\"author\" content=\"Henry Ortiz\" \/>\n<meta name=\"twitter:card\" content=\"summary_large_image\" \/>\n<meta name=\"twitter:creator\" content=\"@notiamerica\" \/>\n<meta name=\"twitter:site\" content=\"@notiamerica\" \/>\n<meta name=\"twitter:label1\" content=\"Escrito por\" \/>\n\t<meta name=\"twitter:data1\" content=\"Henry Ortiz\" \/>\n\t<meta name=\"twitter:label2\" content=\"Tiempo estimado de lectura\" \/>\n\t<meta name=\"twitter:data2\" content=\"2 minutos\" \/>\n<script type=\"application\/ld+json\" class=\"yoast-schema-graph\">{\"@context\":\"https:\/\/schema.org\",\"@graph\":[{\"@type\":\"Article\",\"@id\":\"https:\/\/noti-america.com\/site\/ecuador\/2021\/01\/07\/banco-del-pacifico-presenta-aplicacion-movil-que-permite-a-los-comercios-gestionar-pagos\/#article\",\"isPartOf\":{\"@id\":\"https:\/\/noti-america.com\/site\/ecuador\/2021\/01\/07\/banco-del-pacifico-presenta-aplicacion-movil-que-permite-a-los-comercios-gestionar-pagos\/\"},\"author\":{\"name\":\"Henry Ortiz\",\"@id\":\"https:\/\/noti-america.com\/site\/ecuador\/#\/schema\/person\/b9d1630cc6598af759d45c790a347283\"},\"headline\":\"Banco del Pac\u00edfico presenta aplicaci\u00f3n m\u00f3vil que permite a los comercios gestionar pagos\",\"datePublished\":\"2021-01-07T18:26:17+00:00\",\"mainEntityOfPage\":{\"@id\":\"https:\/\/noti-america.com\/site\/ecuador\/2021\/01\/07\/banco-del-pacifico-presenta-aplicacion-movil-que-permite-a-los-comercios-gestionar-pagos\/\"},\"wordCount\":341,\"commentCount\":0,\"publisher\":{\"@id\":\"https:\/\/noti-america.com\/site\/ecuador\/#organization\"},\"image\":{\"@id\":\"https:\/\/noti-america.com\/site\/ecuador\/2021\/01\/07\/banco-del-pacifico-presenta-aplicacion-movil-que-permite-a-los-comercios-gestionar-pagos\/#primaryimage\"},\"thumbnailUrl\":\"https:\/\/noti-america.com\/site\/ecuador\/wp-content\/uploads\/sites\/18\/2021\/01\/WhatsApp-Image-2021-01-07-at-12.35.49.jpeg\",\"articleSection\":[\"Uncategorized\"],\"inLanguage\":\"es\",\"potentialAction\":[{\"@type\":\"CommentAction\",\"name\":\"Comment\",\"target\":[\"https:\/\/noti-america.com\/site\/ecuador\/2021\/01\/07\/banco-del-pacifico-presenta-aplicacion-movil-que-permite-a-los-comercios-gestionar-pagos\/#respond\"]}]},{\"@type\":\"WebPage\",\"@id\":\"https:\/\/noti-america.com\/site\/ecuador\/2021\/01\/07\/banco-del-pacifico-presenta-aplicacion-movil-que-permite-a-los-comercios-gestionar-pagos\/\",\"url\":\"https:\/\/noti-america.com\/site\/ecuador\/2021\/01\/07\/banco-del-pacifico-presenta-aplicacion-movil-que-permite-a-los-comercios-gestionar-pagos\/\",\"name\":\"Banco del Pac\u00edfico presenta aplicaci\u00f3n m\u00f3vil que permite a los comercios gestionar pagos - Ecuador | Noti-America.com\",\"isPartOf\":{\"@id\":\"https:\/\/noti-america.com\/site\/ecuador\/#website\"},\"primaryImageOfPage\":{\"@id\":\"https:\/\/noti-america.com\/site\/ecuador\/2021\/01\/07\/banco-del-pacifico-presenta-aplicacion-movil-que-permite-a-los-comercios-gestionar-pagos\/#primaryimage\"},\"image\":{\"@id\":\"https:\/\/noti-america.com\/site\/ecuador\/2021\/01\/07\/banco-del-pacifico-presenta-aplicacion-movil-que-permite-a-los-comercios-gestionar-pagos\/#primaryimage\"},\"thumbnailUrl\":\"https:\/\/noti-america.com\/site\/ecuador\/wp-content\/uploads\/sites\/18\/2021\/01\/WhatsApp-Image-2021-01-07-at-12.35.49.jpeg\",\"datePublished\":\"2021-01-07T18:26:17+00:00\",\"breadcrumb\":{\"@id\":\"https:\/\/noti-america.com\/site\/ecuador\/2021\/01\/07\/banco-del-pacifico-presenta-aplicacion-movil-que-permite-a-los-comercios-gestionar-pagos\/#breadcrumb\"},\"inLanguage\":\"es\",\"potentialAction\":[{\"@type\":\"ReadAction\",\"target\":[\"https:\/\/noti-america.com\/site\/ecuador\/2021\/01\/07\/banco-del-pacifico-presenta-aplicacion-movil-que-permite-a-los-comercios-gestionar-pagos\/\"]}]},{\"@type\":\"ImageObject\",\"inLanguage\":\"es\",\"@id\":\"https:\/\/noti-america.com\/site\/ecuador\/2021\/01\/07\/banco-del-pacifico-presenta-aplicacion-movil-que-permite-a-los-comercios-gestionar-pagos\/#primaryimage\",\"url\":\"https:\/\/noti-america.com\/site\/ecuador\/wp-content\/uploads\/sites\/18\/2021\/01\/WhatsApp-Image-2021-01-07-at-12.35.49.jpeg\",\"contentUrl\":\"https:\/\/noti-america.com\/site\/ecuador\/wp-content\/uploads\/sites\/18\/2021\/01\/WhatsApp-Image-2021-01-07-at-12.35.49.jpeg\",\"width\":1024,\"height\":600},{\"@type\":\"BreadcrumbList\",\"@id\":\"https:\/\/noti-america.com\/site\/ecuador\/2021\/01\/07\/banco-del-pacifico-presenta-aplicacion-movil-que-permite-a-los-comercios-gestionar-pagos\/#breadcrumb\",\"itemListElement\":[{\"@type\":\"ListItem\",\"position\":1,\"name\":\"Portada\",\"item\":\"https:\/\/noti-america.com\/site\/ecuador\/\"},{\"@type\":\"ListItem\",\"position\":2,\"name\":\"Banco del Pac\u00edfico presenta aplicaci\u00f3n m\u00f3vil que permite a los comercios gestionar pagos\"}]},{\"@type\":\"WebSite\",\"@id\":\"https:\/\/noti-america.com\/site\/ecuador\/#website\",\"url\":\"https:\/\/noti-america.com\/site\/ecuador\/\",\"name\":\"Ecuador | Noti-America.com\",\"description\":\"\",\"publisher\":{\"@id\":\"https:\/\/noti-america.com\/site\/ecuador\/#organization\"},\"potentialAction\":[{\"@type\":\"SearchAction\",\"target\":{\"@type\":\"EntryPoint\",\"urlTemplate\":\"https:\/\/noti-america.com\/site\/ecuador\/?s={search_term_string}\"},\"query-input\":{\"@type\":\"PropertyValueSpecification\",\"valueRequired\":true,\"valueName\":\"search_term_string\"}}],\"inLanguage\":\"es\"},{\"@type\":\"Organization\",\"@id\":\"https:\/\/noti-america.com\/site\/ecuador\/#organization\",\"name\":\"Noti-America LLC | Ecuador\",\"url\":\"https:\/\/noti-america.com\/site\/ecuador\/\",\"logo\":{\"@type\":\"ImageObject\",\"inLanguage\":\"es\",\"@id\":\"https:\/\/noti-america.com\/site\/ecuador\/#\/schema\/logo\/image\/\",\"url\":\"https:\/\/noti-america.com\/site\/ecuador\/wp-content\/uploads\/sites\/18\/2020\/07\/LogoNA-4x3-1.jpg\",\"contentUrl\":\"https:\/\/noti-america.com\/site\/ecuador\/wp-content\/uploads\/sites\/18\/2020\/07\/LogoNA-4x3-1.jpg\",\"width\":1236,\"height\":1080,\"caption\":\"Noti-America LLC | Ecuador\"},\"image\":{\"@id\":\"https:\/\/noti-america.com\/site\/ecuador\/#\/schema\/logo\/image\/\"},\"sameAs\":[\"https:\/\/x.com\/notiamerica\"]},{\"@type\":\"Person\",\"@id\":\"https:\/\/noti-america.com\/site\/ecuador\/#\/schema\/person\/b9d1630cc6598af759d45c790a347283\",\"name\":\"Henry Ortiz\",\"image\":{\"@type\":\"ImageObject\",\"inLanguage\":\"es\",\"@id\":\"https:\/\/secure.gravatar.com\/avatar\/0b5407b5b302fbb6a578e625dca512ac2983ee5fa9ea941d581b83c40212e4c8?s=96&d=mm&r=g\",\"url\":\"https:\/\/secure.gravatar.com\/avatar\/0b5407b5b302fbb6a578e625dca512ac2983ee5fa9ea941d581b83c40212e4c8?s=96&d=mm&r=g\",\"contentUrl\":\"https:\/\/secure.gravatar.com\/avatar\/0b5407b5b302fbb6a578e625dca512ac2983ee5fa9ea941d581b83c40212e4c8?s=96&d=mm&r=g\",\"caption\":\"Henry Ortiz\"},\"url\":\"https:\/\/noti-america.com\/site\/ecuador\/author\/hortiz\/\"}]}<\/script>\n<!-- \/ Yoast SEO Premium plugin. -->","yoast_head_json":{"title":"Banco del Pac\u00edfico presenta aplicaci\u00f3n m\u00f3vil que permite a los comercios gestionar pagos - Ecuador | Noti-America.com","robots":{"index":"index","follow":"follow","max-snippet":"max-snippet:-1","max-image-preview":"max-image-preview:large","max-video-preview":"max-video-preview:-1"},"canonical":"https:\/\/noti-america.com\/site\/ecuador\/2021\/01\/07\/banco-del-pacifico-presenta-aplicacion-movil-que-permite-a-los-comercios-gestionar-pagos\/","og_locale":"es_ES","og_type":"article","og_title":"Banco del Pac\u00edfico presenta aplicaci\u00f3n m\u00f3vil que permite a los comercios gestionar pagos","og_description":"REDACCI\u00d3N NOTI AM\u00c9RICA (ECUADOR) El Banco del Pac\u00edfico, el banco l\u00edder en innovaci\u00f3n del Ecuador, ha lanzado la soluci\u00f3n BdPOS, una aplicaci\u00f3n m\u00f3vil que permite a los comercios gestionar los pagos de sus clientes&#46;&#46;&#46;","og_url":"https:\/\/noti-america.com\/site\/ecuador\/2021\/01\/07\/banco-del-pacifico-presenta-aplicacion-movil-que-permite-a-los-comercios-gestionar-pagos\/","og_site_name":"Ecuador | Noti-America.com","article_published_time":"2021-01-07T18:26:17+00:00","og_image":[{"width":1024,"height":600,"url":"https:\/\/noti-america.com\/site\/ecuador\/wp-content\/uploads\/sites\/18\/2021\/01\/WhatsApp-Image-2021-01-07-at-12.35.49.jpeg","type":"image\/jpeg"}],"author":"Henry Ortiz","twitter_card":"summary_large_image","twitter_creator":"@notiamerica","twitter_site":"@notiamerica","twitter_misc":{"Escrito por":"Henry Ortiz","Tiempo estimado de lectura":"2 minutos"},"schema":{"@context":"https:\/\/schema.org","@graph":[{"@type":"Article","@id":"https:\/\/noti-america.com\/site\/ecuador\/2021\/01\/07\/banco-del-pacifico-presenta-aplicacion-movil-que-permite-a-los-comercios-gestionar-pagos\/#article","isPartOf":{"@id":"https:\/\/noti-america.com\/site\/ecuador\/2021\/01\/07\/banco-del-pacifico-presenta-aplicacion-movil-que-permite-a-los-comercios-gestionar-pagos\/"},"author":{"name":"Henry Ortiz","@id":"https:\/\/noti-america.com\/site\/ecuador\/#\/schema\/person\/b9d1630cc6598af759d45c790a347283"},"headline":"Banco del Pac\u00edfico presenta aplicaci\u00f3n m\u00f3vil que permite a los comercios gestionar pagos","datePublished":"2021-01-07T18:26:17+00:00","mainEntityOfPage":{"@id":"https:\/\/noti-america.com\/site\/ecuador\/2021\/01\/07\/banco-del-pacifico-presenta-aplicacion-movil-que-permite-a-los-comercios-gestionar-pagos\/"},"wordCount":341,"commentCount":0,"publisher":{"@id":"https:\/\/noti-america.com\/site\/ecuador\/#organization"},"image":{"@id":"https:\/\/noti-america.com\/site\/ecuador\/2021\/01\/07\/banco-del-pacifico-presenta-aplicacion-movil-que-permite-a-los-comercios-gestionar-pagos\/#primaryimage"},"thumbnailUrl":"https:\/\/noti-america.com\/site\/ecuador\/wp-content\/uploads\/sites\/18\/2021\/01\/WhatsApp-Image-2021-01-07-at-12.35.49.jpeg","articleSection":["Uncategorized"],"inLanguage":"es","potentialAction":[{"@type":"CommentAction","name":"Comment","target":["https:\/\/noti-america.com\/site\/ecuador\/2021\/01\/07\/banco-del-pacifico-presenta-aplicacion-movil-que-permite-a-los-comercios-gestionar-pagos\/#respond"]}]},{"@type":"WebPage","@id":"https:\/\/noti-america.com\/site\/ecuador\/2021\/01\/07\/banco-del-pacifico-presenta-aplicacion-movil-que-permite-a-los-comercios-gestionar-pagos\/","url":"https:\/\/noti-america.com\/site\/ecuador\/2021\/01\/07\/banco-del-pacifico-presenta-aplicacion-movil-que-permite-a-los-comercios-gestionar-pagos\/","name":"Banco del Pac\u00edfico presenta aplicaci\u00f3n m\u00f3vil que permite a los comercios gestionar pagos - Ecuador | Noti-America.com","isPartOf":{"@id":"https:\/\/noti-america.com\/site\/ecuador\/#website"},"primaryImageOfPage":{"@id":"https:\/\/noti-america.com\/site\/ecuador\/2021\/01\/07\/banco-del-pacifico-presenta-aplicacion-movil-que-permite-a-los-comercios-gestionar-pagos\/#primaryimage"},"image":{"@id":"https:\/\/noti-america.com\/site\/ecuador\/2021\/01\/07\/banco-del-pacifico-presenta-aplicacion-movil-que-permite-a-los-comercios-gestionar-pagos\/#primaryimage"},"thumbnailUrl":"https:\/\/noti-america.com\/site\/ecuador\/wp-content\/uploads\/sites\/18\/2021\/01\/WhatsApp-Image-2021-01-07-at-12.35.49.jpeg","datePublished":"2021-01-07T18:26:17+00:00","breadcrumb":{"@id":"https:\/\/noti-america.com\/site\/ecuador\/2021\/01\/07\/banco-del-pacifico-presenta-aplicacion-movil-que-permite-a-los-comercios-gestionar-pagos\/#breadcrumb"},"inLanguage":"es","potentialAction":[{"@type":"ReadAction","target":["https:\/\/noti-america.com\/site\/ecuador\/2021\/01\/07\/banco-del-pacifico-presenta-aplicacion-movil-que-permite-a-los-comercios-gestionar-pagos\/"]}]},{"@type":"ImageObject","inLanguage":"es","@id":"https:\/\/noti-america.com\/site\/ecuador\/2021\/01\/07\/banco-del-pacifico-presenta-aplicacion-movil-que-permite-a-los-comercios-gestionar-pagos\/#primaryimage","url":"https:\/\/noti-america.com\/site\/ecuador\/wp-content\/uploads\/sites\/18\/2021\/01\/WhatsApp-Image-2021-01-07-at-12.35.49.jpeg","contentUrl":"https:\/\/noti-america.com\/site\/ecuador\/wp-content\/uploads\/sites\/18\/2021\/01\/WhatsApp-Image-2021-01-07-at-12.35.49.jpeg","width":1024,"height":600},{"@type":"BreadcrumbList","@id":"https:\/\/noti-america.com\/site\/ecuador\/2021\/01\/07\/banco-del-pacifico-presenta-aplicacion-movil-que-permite-a-los-comercios-gestionar-pagos\/#breadcrumb","itemListElement":[{"@type":"ListItem","position":1,"name":"Portada","item":"https:\/\/noti-america.com\/site\/ecuador\/"},{"@type":"ListItem","position":2,"name":"Banco del Pac\u00edfico presenta aplicaci\u00f3n m\u00f3vil que permite a los comercios gestionar pagos"}]},{"@type":"WebSite","@id":"https:\/\/noti-america.com\/site\/ecuador\/#website","url":"https:\/\/noti-america.com\/site\/ecuador\/","name":"Ecuador | Noti-America.com","description":"","publisher":{"@id":"https:\/\/noti-america.com\/site\/ecuador\/#organization"},"potentialAction":[{"@type":"SearchAction","target":{"@type":"EntryPoint","urlTemplate":"https:\/\/noti-america.com\/site\/ecuador\/?s={search_term_string}"},"query-input":{"@type":"PropertyValueSpecification","valueRequired":true,"valueName":"search_term_string"}}],"inLanguage":"es"},{"@type":"Organization","@id":"https:\/\/noti-america.com\/site\/ecuador\/#organization","name":"Noti-America LLC | Ecuador","url":"https:\/\/noti-america.com\/site\/ecuador\/","logo":{"@type":"ImageObject","inLanguage":"es","@id":"https:\/\/noti-america.com\/site\/ecuador\/#\/schema\/logo\/image\/","url":"https:\/\/noti-america.com\/site\/ecuador\/wp-content\/uploads\/sites\/18\/2020\/07\/LogoNA-4x3-1.jpg","contentUrl":"https:\/\/noti-america.com\/site\/ecuador\/wp-content\/uploads\/sites\/18\/2020\/07\/LogoNA-4x3-1.jpg","width":1236,"height":1080,"caption":"Noti-America LLC | Ecuador"},"image":{"@id":"https:\/\/noti-america.com\/site\/ecuador\/#\/schema\/logo\/image\/"},"sameAs":["https:\/\/x.com\/notiamerica"]},{"@type":"Person","@id":"https:\/\/noti-america.com\/site\/ecuador\/#\/schema\/person\/b9d1630cc6598af759d45c790a347283","name":"Henry Ortiz","image":{"@type":"ImageObject","inLanguage":"es","@id":"https:\/\/secure.gravatar.com\/avatar\/0b5407b5b302fbb6a578e625dca512ac2983ee5fa9ea941d581b83c40212e4c8?s=96&d=mm&r=g","url":"https:\/\/secure.gravatar.com\/avatar\/0b5407b5b302fbb6a578e625dca512ac2983ee5fa9ea941d581b83c40212e4c8?s=96&d=mm&r=g","contentUrl":"https:\/\/secure.gravatar.com\/avatar\/0b5407b5b302fbb6a578e625dca512ac2983ee5fa9ea941d581b83c40212e4c8?s=96&d=mm&r=g","caption":"Henry Ortiz"},"url":"https:\/\/noti-america.com\/site\/ecuador\/author\/hortiz\/"}]}},"_links":{"self":[{"href":"https:\/\/noti-america.com\/site\/ecuador\/wp-json\/wp\/v2\/posts\/12501","targetHints":{"allow":["GET"]}}],"collection":[{"href":"https:\/\/noti-america.com\/site\/ecuador\/wp-json\/wp\/v2\/posts"}],"about":[{"href":"https:\/\/noti-america.com\/site\/ecuador\/wp-json\/wp\/v2\/types\/post"}],"author":[{"embeddable":true,"href":"https:\/\/noti-america.com\/site\/ecuador\/wp-json\/wp\/v2\/users\/113"}],"replies":[{"embeddable":true,"href":"https:\/\/noti-america.com\/site\/ecuador\/wp-json\/wp\/v2\/comments?post=12501"}],"version-history":[{"count":1,"href":"https:\/\/noti-america.com\/site\/ecuador\/wp-json\/wp\/v2\/posts\/12501\/revisions"}],"predecessor-version":[{"id":12503,"href":"https:\/\/noti-america.com\/site\/ecuador\/wp-json\/wp\/v2\/posts\/12501\/revisions\/12503"}],"wp:featuredmedia":[{"embeddable":true,"href":"https:\/\/noti-america.com\/site\/ecuador\/wp-json\/wp\/v2\/media\/12502"}],"wp:attachment":[{"href":"https:\/\/noti-america.com\/site\/ecuador\/wp-json\/wp\/v2\/media?parent=12501"}],"wp:term":[{"taxonomy":"category","embeddable":true,"href":"https:\/\/noti-america.com\/site\/ecuador\/wp-json\/wp\/v2\/categories?post=12501"},{"taxonomy":"post_tag","embeddable":true,"href":"https:\/\/noti-america.com\/site\/ecuador\/wp-json\/wp\/v2\/tags?post=12501"}],"curies":[{"name":"wp","href":"https:\/\/api.w.org\/{rel}","templated":true}]}}