{"id":12440,"date":"2021-01-03T17:55:09","date_gmt":"2021-01-03T17:55:09","guid":{"rendered":"https:\/\/noti-america.com\/site\/ecuador\/?p=12440"},"modified":"2021-01-03T17:55:09","modified_gmt":"2021-01-03T17:55:09","slug":"como-transformar-la-economia-de-america-latina-hacia-la-descarbonizacion-y-un-mejor-futuro","status":"publish","type":"post","link":"https:\/\/noti-america.com\/site\/ecuador\/2021\/01\/03\/como-transformar-la-economia-de-america-latina-hacia-la-descarbonizacion-y-un-mejor-futuro\/","title":{"rendered":"C\u00f3mo transformar la econom\u00eda de Am\u00e9rica Latina hacia la descarbonizaci\u00f3n y un mejor futuro"},"content":{"rendered":"<p>REDACCI\u00d3N NOTI AM\u00c9RICA (ECUADOR)<\/p>\n<p style=\"text-align: justify\"><strong>\u00bfC\u00f3mo puede la regi\u00f3n alcanzar los objetivos del Acuerdo de Par\u00eds siguiendo una ruta de descarbonizaci\u00f3n profunda? \u00bfQu\u00e9 beneficios tiene el uso de informaci\u00f3n georreferenciada para la evaluaci\u00f3n social y ambiental? \u00bfQu\u00e9 recomendaciones se deben tener en cuenta para prevenir, responder a y gestionar el riesgo de contagio de COVID-19 en proyectos de desarrollo a continuaci\u00f3n las respuestas a estas y otras preguntas .<\/strong><\/p>\n<div style=\"width: 2010px\" class=\"wp-caption alignnone\"><img loading=\"lazy\" decoding=\"async\" src=\"https:\/\/blogs.iadb.org\/sostenibilidad\/wp-content\/uploads\/sites\/26\/2020\/10\/Foto-DDPLAC-blog2.jpg\" alt=\"\" width=\"2000\" height=\"1334\" \/><p class=\"wp-caption-text\">paneles solares energ\u00eda limpia<\/p><\/div>\n<p style=\"text-align: justify\">Sin duda el tema que acapara la atenci\u00f3n mundial es el control de la pandemia y los planes de recuperaci\u00f3n post COVID-19. Si bien es necesario y urgente atender la crisis sanitaria, esto no debe hacernos perder de vista otra amenaza que enfrenta el planeta: la crisis clim\u00e1tica.<\/p>\n<p style=\"text-align: justify\">La pandemia oblig\u00f3 a postergar la COP26 hasta noviembre de 2021 (cumbre del clima en la que se esperaban consensos definitivos para impulsar una acci\u00f3n clim\u00e1tica ambiciosa); sin embargo, los esfuerzos para combatir la emergencia clim\u00e1tica no deben ralentizarse.<\/p>\n<h2 style=\"text-align: justify\"><strong>Alcanzar el objetivo del Acuerdo de Par\u00eds requiere llegar a cero emisiones netas<\/strong><\/h2>\n<p style=\"text-align: justify\">Para lograr el objetivo del Acuerdo de Par\u00eds de limitar el aumento de la temperatura promedio mundial entre 1.5\u00b0C a 2\u00b0C, y as\u00ed evitar consecuencias devastadoras para el planeta, se requiere llegar a cero emisiones netas de carbono entre 2050 y 2070. El reciente anuncio de China de convertirse en carbono neutral para 2060, el\u00a0<a href=\"https:\/\/blogs.iadb.org\/sostenibilidad\/es\/el-plan-de-descarbonizacion-de-costa-rica-proporciona-un-marco-para-el-futuro\/\" target=\"_blank\" rel=\"noreferrer noopener\">Plan de Descarbonizaci\u00f3n de Costa Rica<\/a>\u00a0y las estrategias de descarbonizaci\u00f3n a largo plazo en proceso de dise\u00f1o en\u00a0<a href=\"https:\/\/blogs.iadb.org\/sostenibilidad\/es\/chile-muestra-que-una-participacion-de-multiples-actores-es-clave-para-disenar-las-estrategias-de-descarbonizacion-de-largo-plazo\/\" target=\"_blank\" rel=\"noreferrer noopener\">Chile<\/a>, Colombia y\u00a0<a href=\"https:\/\/blogs.iadb.org\/sostenibilidad\/es\/peru-avanza-hacia-la-carbono-neutralidad-con-un-plan-ambicioso-participativo-y-robusto\/\" target=\"_blank\" rel=\"noreferrer noopener\">Per\u00fa<\/a>\u00a0son una muestra del compromiso hacia este objetivo.<\/p>\n<p style=\"text-align: justify\">Los compromisos nacionales de reducci\u00f3n de emisiones (NDCs por sus siglas en ingl\u00e9s) actuales\u00a0<a href=\"https:\/\/blogs.iadb.org\/ideas-que-cuentan\/es\/mas-ambicion-climatica-ahorrara-dinero-para-america-latina-y-el-caribe\/\" target=\"_blank\" rel=\"noreferrer noopener\">no son suficientes<\/a>\u00a0para alcanzar el objetivo global, pudiendo conducir al planeta a un calentamiento de m\u00e1s de 2\u00b0C. Se necesitan NDCs m\u00e1s ambiciosas y alineadas con las estrategias de largo plazo para\u00a0<a href=\"https:\/\/blogs.iadb.org\/sostenibilidad\/es\/alcanzar-cero-emisiones-netas-es-posible-necesario-y-puede-traer-multiples-beneficios-economicos\/\" target=\"_blank\" rel=\"noreferrer noopener\">descarbonizar las econom\u00edas<\/a>\u00a0y\u00a0<a href=\"https:\/\/blogs.iadb.org\/sostenibilidad\/es\/creando-15-millones-de-nuevo-empleos-para-una-recuperacion-sostenible-y-un-futuro-de-cero-emisiones-netas\/\" target=\"_blank\" rel=\"noreferrer noopener\">generar hasta 15 millones de empleos nuevos en la regi\u00f3n<\/a>\u00a0durante la transici\u00f3n. \u00bfY c\u00f3mo nos alejamos del carbono? Seis equipos acad\u00e9micos (de Argentina, Colombia, Costa Rica, Ecuador, M\u00e9xico y Per\u00fa) se hicieron la misma pregunta.<\/p>\n<p style=\"text-align: justify\">Mediante el proyecto\u00a0<a href=\"https:\/\/publications.iadb.org\/es\/como-llegar-cero-emisiones-netas-lecciones-de-america-latina-y-el-caribe\">Rutas de Descarbonizaci\u00f3n Profunda<\/a>\u00a0(DDPLAC por sus siglas en ingl\u00e9s), se analizaron qu\u00e9 transformaciones son necesarias en cada pa\u00eds para alcanzar cero emisiones netas en la segunda mitad del siglo, identific\u00e1ndose como \u00e1reas clave para la reducci\u00f3n de emisiones la generaci\u00f3n de electricidad, el transporte de pasajeros, y la agricultura, silvicultura y otros usos del suelo (AFOLU). Los resultados de cada equipo est\u00e1n publicados en una edici\u00f3n especial de\u00a0<a href=\"https:\/\/www.sciencedirect.com\/journal\/energy-strategy-reviews\/special-issue\/105SPX6M5R6\" target=\"_blank\" rel=\"noreferrer noopener\"><em>Energy Strategy Reviews<\/em><\/a>, y compilados en una s\u00edntesis que\u00a0<a href=\"http:\/\/dx.doi.org\/10.18235\/0002717\" target=\"_blank\" rel=\"noreferrer noopener\">tradujimos al espa\u00f1ol<\/a>.<\/p>\n<h2 style=\"text-align: justify\"><strong>Lograr un crecimiento econ\u00f3mico y descarbonizar al mismo tiempo es posible<\/strong><\/h2>\n<p style=\"text-align: justify\">El an\u00e1lisis tom\u00f3 en cuenta tanto objetivos de desarrollo como de reducci\u00f3n de emisiones. Los estudios demuestran que se puede disociar el Producto Bruto Interno (PBI) de las emisiones de gases de efecto invernadero (GEI). El escenario de descarbonizaci\u00f3n profunda muestra que la mayor\u00eda de los pa\u00edses alcanza un s\u00f3lido crecimiento econ\u00f3mico a la vez que las emisiones por unidad de PBI disminuyen cerca de un 80% en casi todos los casos.<\/p>\n<p style=\"text-align: justify\">\u00bfC\u00f3mo se logra esto? A trav\u00e9s de la generaci\u00f3n de electricidad limpia y el cambio a combustibles de cero emisiones; la planificaci\u00f3n urbana, el cambio de modo de transporte y la electrificaci\u00f3n del transporte de pasajeros; y la agricultura sostenible intensiva y la reforestaci\u00f3n.<\/p>\n<p style=\"text-align: justify\">Con relaci\u00f3n a la\u00a0<strong>electricidad<\/strong>, los seis equipos contemplan la electrificaci\u00f3n de veh\u00edculos, edificios e industria, para lo cual la generaci\u00f3n de electricidad limpia aumenta entre 182% y 428% al 2050. Adem\u00e1s, se consideran la descarbonizaci\u00f3n de la producci\u00f3n de electricidad, la cual se logra con distintas mezclas en cada pa\u00eds de energ\u00eda e\u00f3lica, solar, hidr\u00e1ulica, nuclear y de combustibles f\u00f3siles o biomasa con captura y almacenamiento de carbono.<\/p>\n<p style=\"text-align: justify\">En la mayor\u00eda de los pa\u00edses, un factor clave para la\u00a0<a href=\"https:\/\/blogs.iadb.org\/sostenibilidad\/es\/cuanto-le-va-a-costar-a-costa-rica-descarbonizar-el-sector-transporte\/\" target=\"_blank\" rel=\"noreferrer noopener\">descarbonizaci\u00f3n del\u00a0<strong>transporte de pasajeros<\/strong><\/a>\u00a0es la reducci\u00f3n del uso de autom\u00f3viles y veh\u00edculos de dos ruedas a favor del transporte colectivo. Esto se logra a trav\u00e9s de la planificaci\u00f3n urbana para reducir las distancias y tiempos entre actividades; el desarrollo de un transporte p\u00fablico eficiente, asequible y seguro; y cambios de comportamiento que favorezcan actividades locales y el teletrabajo.<\/p>\n<p style=\"text-align: justify\">Aun as\u00ed, la movilidad individual motorizada no va a desaparecer, lo cual hace necesario el cambio a autos con cero emisiones. La electrificaci\u00f3n de los veh\u00edculos, en particular, es clave para la descarbonizaci\u00f3n. Por ejemplo, todos los equipos contemplan cierto nivel de cambio hacia autobuses el\u00e9ctricos urbanos. Se requiere que tecnolog\u00edas con cero emisiones se conviertan en la nueva norma para la industria del transporte a nivel internacional para propiciar su producci\u00f3n en masa y garantizar que sean asequibles.<\/p>\n<p style=\"text-align: justify\">Por otro lado, lograr cero emisiones netas de la agricultura, silvicultura y otros usos del suelo (AFOLU) es un desaf\u00edo dada la creciente demanda de alimentos y las exportaciones agr\u00edcolas en la mayor\u00eda de los pa\u00edses. La descarbonizaci\u00f3n en este sector se logra principalmente a trav\u00e9s de la reducci\u00f3n de emisiones del cambio de uso del suelo. De este modo, considerando las emisiones provenientes del cambio de uso del suelo, M\u00e9xico y Costa Rica ya son sumideros netos de carbono, mientras que en Argentina, Colombia y Ecuador los equipos proyectan emisiones negativas netas para el 2050.<\/p>\n<p style=\"text-align: justify\">Per\u00fa presenta emisiones positivas de la deforestaci\u00f3n que superan a las negativas de la forestaci\u00f3n y la reforestaci\u00f3n. El equipo peruano fue el que m\u00e1s discuti\u00f3 instrumentos de pol\u00edticas para lograr la descarbonizaci\u00f3n en este sector, incluyendo la asignaci\u00f3n y aplicaci\u00f3n de derechos de uso para bosques primarios, la gesti\u00f3n forestal sostenible, la reforestaci\u00f3n en \u00e1reas degradadas, incentivos y capacitaci\u00f3n a las comunidades ind\u00edgenas para la conservaci\u00f3n de bosques, y mejoras en la gesti\u00f3n de \u00e1reas naturales protegidas.<\/p>\n<h2 style=\"text-align: justify\"><strong>La descarbonizaci\u00f3n es pieza clave para la recuperaci\u00f3n sostenible<\/strong><\/h2>\n<p style=\"text-align: justify\">Estudios como el de DDPLAC son fundamentales para los procesos de formulaci\u00f3n de las pol\u00edticas clim\u00e1ticas nacionales, las estrategias de largo plazo para la carbono-neutralidad y la actualizaci\u00f3n de las NDC. En esta l\u00ednea, el BID ya est\u00e1 apoyando a los gobiernos de la regi\u00f3n, espec\u00edficamente a Colombia, Chile y Per\u00fa, en el an\u00e1lisis de rutas de descarbonizaci\u00f3n para definir estrategias de largo plazo mediante una t\u00e9cnica innovadora de Toma de Decisi\u00f3n Robusta (RDM por sus siglas en ingl\u00e9s). \u00c9sta permite definir de manera conjunta con los diversos grupos de actores de la econom\u00eda\u00a0<a href=\"http:\/\/www.deepuncertainty.org\/2020\/09\/15\/planning-for-a-sustainable-recovery-and-a-net-zero-carbon-economy\/\" target=\"_blank\" rel=\"noreferrer noopener\">opciones de descarbonizaci\u00f3n que est\u00e9n alineadas con los objetivos de desarrollo en cada sector<\/a>.<\/p>\n<p style=\"text-align: justify\">Por otro lado, el est\u00edmulo econ\u00f3mico para la reactivaci\u00f3n post pandemia es una oportunidad para integrar aspectos de sostenibilidad a largo plazo incluyendo criterios de descarbonizaci\u00f3n y resiliencia. Utilizar las\u00a0<a href=\"https:\/\/blogs.iadb.org\/sostenibilidad\/es\/las-estrategias-de-descarbonizacion-pueden-guiar-la-recuperacion-sostenible-de-america-latina\/\" target=\"_blank\" rel=\"noreferrer noopener\">estrategias de descarbonizaci\u00f3n<\/a>\u00a0para guiar la recuperaci\u00f3n sostenible puede crear\u00a0<a href=\"https:\/\/publications.iadb.org\/es\/el-empleo-en-un-futuro-de-cero-emisiones-netas-en-america-latina-y-el-caribe\" target=\"_blank\" rel=\"noreferrer noopener\">puestos de trabajo<\/a>\u00a0y generar beneficios econ\u00f3micos y sociales, garantizando la recuperaci\u00f3n a corto plazo y la construcci\u00f3n de un futuro m\u00e1s sostenible e inclusivo. \u00a1Es hora de pisar el acelerador!<\/p>\n<p style=\"text-align: justify\">Fuente: Blog del BID<\/p>\n","protected":false},"excerpt":{"rendered":"<p>REDACCI\u00d3N NOTI AM\u00c9RICA (ECUADOR) \u00bfC\u00f3mo puede la regi\u00f3n alcanzar los objetivos del Acuerdo de Par\u00eds siguiendo una ruta de descarbonizaci\u00f3n profunda? \u00bfQu\u00e9 beneficios tiene el uso de informaci\u00f3n georreferenciada para la evaluaci\u00f3n social y&#46;&#46;&#46;<\/p>\n","protected":false},"author":17,"featured_media":12441,"comment_status":"open","ping_status":"open","sticky":false,"template":"","format":"standard","meta":{"_acf_changed":false,"om_disable_all_campaigns":false,"rop_custom_images_group":[],"rop_custom_messages_group":[],"rop_publish_now":"initial","rop_publish_now_accounts":{"twitter_242054905_242054905":""},"rop_publish_now_history":[],"rop_publish_now_status":"pending","_uf_show_specific_survey":0,"_uf_disable_surveys":false,"footnotes":""},"categories":[111],"tags":[],"class_list":["post-12440","post","type-post","status-publish","format-standard","has-post-thumbnail","hentry","category-sostenibilidad-y-cambio-climatico"],"acf":[],"aioseo_notices":[],"yoast_head":"<!-- This site is optimized with the Yoast SEO Premium plugin v24.9 (Yoast SEO v27.2) - https:\/\/yoast.com\/product\/yoast-seo-premium-wordpress\/ -->\n<title>C\u00f3mo transformar la econom\u00eda de Am\u00e9rica Latina hacia la descarbonizaci\u00f3n y un mejor futuro - Ecuador | Noti-America.com<\/title>\n<meta name=\"robots\" content=\"index, follow, max-snippet:-1, max-image-preview:large, max-video-preview:-1\" \/>\n<link rel=\"canonical\" href=\"https:\/\/noti-america.com\/site\/ecuador\/2021\/01\/03\/como-transformar-la-economia-de-america-latina-hacia-la-descarbonizacion-y-un-mejor-futuro\/\" \/>\n<meta property=\"og:locale\" content=\"es_ES\" \/>\n<meta property=\"og:type\" content=\"article\" \/>\n<meta property=\"og:title\" content=\"C\u00f3mo transformar la econom\u00eda de Am\u00e9rica Latina hacia la descarbonizaci\u00f3n y un mejor futuro\" \/>\n<meta property=\"og:description\" content=\"REDACCI\u00d3N NOTI AM\u00c9RICA (ECUADOR) \u00bfC\u00f3mo puede la regi\u00f3n alcanzar los objetivos del Acuerdo de Par\u00eds siguiendo una ruta de descarbonizaci\u00f3n profunda? \u00bfQu\u00e9 beneficios tiene el uso de informaci\u00f3n georreferenciada para la evaluaci\u00f3n social y&#046;&#046;&#046;\" \/>\n<meta property=\"og:url\" content=\"https:\/\/noti-america.com\/site\/ecuador\/2021\/01\/03\/como-transformar-la-economia-de-america-latina-hacia-la-descarbonizacion-y-un-mejor-futuro\/\" \/>\n<meta property=\"og:site_name\" content=\"Ecuador | Noti-America.com\" \/>\n<meta property=\"article:published_time\" content=\"2021-01-03T17:55:09+00:00\" \/>\n<meta property=\"og:image\" content=\"https:\/\/noti-america.com\/site\/ecuador\/wp-content\/uploads\/sites\/18\/2021\/01\/Energia-limpa-Foto-DDPLAC-blog2-1536x1025-1.jpg\" \/>\n\t<meta property=\"og:image:width\" content=\"1536\" \/>\n\t<meta property=\"og:image:height\" content=\"1025\" \/>\n\t<meta property=\"og:image:type\" content=\"image\/jpeg\" \/>\n<meta name=\"author\" content=\"Gregory Quintana Montiel\" \/>\n<meta name=\"twitter:card\" content=\"summary_large_image\" \/>\n<meta name=\"twitter:creator\" content=\"@gdgregori1\" \/>\n<meta name=\"twitter:site\" content=\"@notiamerica\" \/>\n<meta name=\"twitter:label1\" content=\"Escrito por\" \/>\n\t<meta name=\"twitter:data1\" content=\"Gregory Quintana Montiel\" \/>\n\t<meta name=\"twitter:label2\" content=\"Tiempo estimado de lectura\" \/>\n\t<meta name=\"twitter:data2\" content=\"6 minutos\" \/>\n<script type=\"application\/ld+json\" class=\"yoast-schema-graph\">{\"@context\":\"https:\/\/schema.org\",\"@graph\":[{\"@type\":\"Article\",\"@id\":\"https:\/\/noti-america.com\/site\/ecuador\/2021\/01\/03\/como-transformar-la-economia-de-america-latina-hacia-la-descarbonizacion-y-un-mejor-futuro\/#article\",\"isPartOf\":{\"@id\":\"https:\/\/noti-america.com\/site\/ecuador\/2021\/01\/03\/como-transformar-la-economia-de-america-latina-hacia-la-descarbonizacion-y-un-mejor-futuro\/\"},\"author\":{\"name\":\"Gregory Quintana Montiel\",\"@id\":\"https:\/\/noti-america.com\/site\/ecuador\/#\/schema\/person\/3b975e42f15abfe64bfe3abdd916efda\"},\"headline\":\"C\u00f3mo transformar la econom\u00eda de Am\u00e9rica Latina hacia la descarbonizaci\u00f3n y un mejor futuro\",\"datePublished\":\"2021-01-03T17:55:09+00:00\",\"mainEntityOfPage\":{\"@id\":\"https:\/\/noti-america.com\/site\/ecuador\/2021\/01\/03\/como-transformar-la-economia-de-america-latina-hacia-la-descarbonizacion-y-un-mejor-futuro\/\"},\"wordCount\":1285,\"commentCount\":0,\"publisher\":{\"@id\":\"https:\/\/noti-america.com\/site\/ecuador\/#organization\"},\"image\":{\"@id\":\"https:\/\/noti-america.com\/site\/ecuador\/2021\/01\/03\/como-transformar-la-economia-de-america-latina-hacia-la-descarbonizacion-y-un-mejor-futuro\/#primaryimage\"},\"thumbnailUrl\":\"https:\/\/noti-america.com\/site\/ecuador\/wp-content\/uploads\/sites\/18\/2021\/01\/Energia-limpa-Foto-DDPLAC-blog2-1536x1025-1.jpg\",\"articleSection\":[\"Sostenibilidad y Cambio Clim\u00e1tico\"],\"inLanguage\":\"es\",\"potentialAction\":[{\"@type\":\"CommentAction\",\"name\":\"Comment\",\"target\":[\"https:\/\/noti-america.com\/site\/ecuador\/2021\/01\/03\/como-transformar-la-economia-de-america-latina-hacia-la-descarbonizacion-y-un-mejor-futuro\/#respond\"]}]},{\"@type\":\"WebPage\",\"@id\":\"https:\/\/noti-america.com\/site\/ecuador\/2021\/01\/03\/como-transformar-la-economia-de-america-latina-hacia-la-descarbonizacion-y-un-mejor-futuro\/\",\"url\":\"https:\/\/noti-america.com\/site\/ecuador\/2021\/01\/03\/como-transformar-la-economia-de-america-latina-hacia-la-descarbonizacion-y-un-mejor-futuro\/\",\"name\":\"C\u00f3mo transformar la econom\u00eda de Am\u00e9rica Latina hacia la descarbonizaci\u00f3n y un mejor futuro - Ecuador | Noti-America.com\",\"isPartOf\":{\"@id\":\"https:\/\/noti-america.com\/site\/ecuador\/#website\"},\"primaryImageOfPage\":{\"@id\":\"https:\/\/noti-america.com\/site\/ecuador\/2021\/01\/03\/como-transformar-la-economia-de-america-latina-hacia-la-descarbonizacion-y-un-mejor-futuro\/#primaryimage\"},\"image\":{\"@id\":\"https:\/\/noti-america.com\/site\/ecuador\/2021\/01\/03\/como-transformar-la-economia-de-america-latina-hacia-la-descarbonizacion-y-un-mejor-futuro\/#primaryimage\"},\"thumbnailUrl\":\"https:\/\/noti-america.com\/site\/ecuador\/wp-content\/uploads\/sites\/18\/2021\/01\/Energia-limpa-Foto-DDPLAC-blog2-1536x1025-1.jpg\",\"datePublished\":\"2021-01-03T17:55:09+00:00\",\"breadcrumb\":{\"@id\":\"https:\/\/noti-america.com\/site\/ecuador\/2021\/01\/03\/como-transformar-la-economia-de-america-latina-hacia-la-descarbonizacion-y-un-mejor-futuro\/#breadcrumb\"},\"inLanguage\":\"es\",\"potentialAction\":[{\"@type\":\"ReadAction\",\"target\":[\"https:\/\/noti-america.com\/site\/ecuador\/2021\/01\/03\/como-transformar-la-economia-de-america-latina-hacia-la-descarbonizacion-y-un-mejor-futuro\/\"]}]},{\"@type\":\"ImageObject\",\"inLanguage\":\"es\",\"@id\":\"https:\/\/noti-america.com\/site\/ecuador\/2021\/01\/03\/como-transformar-la-economia-de-america-latina-hacia-la-descarbonizacion-y-un-mejor-futuro\/#primaryimage\",\"url\":\"https:\/\/noti-america.com\/site\/ecuador\/wp-content\/uploads\/sites\/18\/2021\/01\/Energia-limpa-Foto-DDPLAC-blog2-1536x1025-1.jpg\",\"contentUrl\":\"https:\/\/noti-america.com\/site\/ecuador\/wp-content\/uploads\/sites\/18\/2021\/01\/Energia-limpa-Foto-DDPLAC-blog2-1536x1025-1.jpg\",\"width\":1536,\"height\":1025},{\"@type\":\"BreadcrumbList\",\"@id\":\"https:\/\/noti-america.com\/site\/ecuador\/2021\/01\/03\/como-transformar-la-economia-de-america-latina-hacia-la-descarbonizacion-y-un-mejor-futuro\/#breadcrumb\",\"itemListElement\":[{\"@type\":\"ListItem\",\"position\":1,\"name\":\"Portada\",\"item\":\"https:\/\/noti-america.com\/site\/ecuador\/\"},{\"@type\":\"ListItem\",\"position\":2,\"name\":\"C\u00f3mo transformar la econom\u00eda de Am\u00e9rica Latina hacia la descarbonizaci\u00f3n y un mejor futuro\"}]},{\"@type\":\"WebSite\",\"@id\":\"https:\/\/noti-america.com\/site\/ecuador\/#website\",\"url\":\"https:\/\/noti-america.com\/site\/ecuador\/\",\"name\":\"Ecuador | Noti-America.com\",\"description\":\"\",\"publisher\":{\"@id\":\"https:\/\/noti-america.com\/site\/ecuador\/#organization\"},\"potentialAction\":[{\"@type\":\"SearchAction\",\"target\":{\"@type\":\"EntryPoint\",\"urlTemplate\":\"https:\/\/noti-america.com\/site\/ecuador\/?s={search_term_string}\"},\"query-input\":{\"@type\":\"PropertyValueSpecification\",\"valueRequired\":true,\"valueName\":\"search_term_string\"}}],\"inLanguage\":\"es\"},{\"@type\":\"Organization\",\"@id\":\"https:\/\/noti-america.com\/site\/ecuador\/#organization\",\"name\":\"Noti-America LLC | Ecuador\",\"url\":\"https:\/\/noti-america.com\/site\/ecuador\/\",\"logo\":{\"@type\":\"ImageObject\",\"inLanguage\":\"es\",\"@id\":\"https:\/\/noti-america.com\/site\/ecuador\/#\/schema\/logo\/image\/\",\"url\":\"https:\/\/noti-america.com\/site\/ecuador\/wp-content\/uploads\/sites\/18\/2020\/07\/LogoNA-4x3-1.jpg\",\"contentUrl\":\"https:\/\/noti-america.com\/site\/ecuador\/wp-content\/uploads\/sites\/18\/2020\/07\/LogoNA-4x3-1.jpg\",\"width\":1236,\"height\":1080,\"caption\":\"Noti-America LLC | Ecuador\"},\"image\":{\"@id\":\"https:\/\/noti-america.com\/site\/ecuador\/#\/schema\/logo\/image\/\"},\"sameAs\":[\"https:\/\/x.com\/notiamerica\"]},{\"@type\":\"Person\",\"@id\":\"https:\/\/noti-america.com\/site\/ecuador\/#\/schema\/person\/3b975e42f15abfe64bfe3abdd916efda\",\"name\":\"Gregory Quintana Montiel\",\"image\":{\"@type\":\"ImageObject\",\"inLanguage\":\"es\",\"@id\":\"https:\/\/secure.gravatar.com\/avatar\/2d6b802f7720c2ec7744dcbe608cc2f3417aeb964d58b443c6d612b77531de1d?s=96&d=mm&r=g\",\"url\":\"https:\/\/secure.gravatar.com\/avatar\/2d6b802f7720c2ec7744dcbe608cc2f3417aeb964d58b443c6d612b77531de1d?s=96&d=mm&r=g\",\"contentUrl\":\"https:\/\/secure.gravatar.com\/avatar\/2d6b802f7720c2ec7744dcbe608cc2f3417aeb964d58b443c6d612b77531de1d?s=96&d=mm&r=g\",\"caption\":\"Gregory Quintana Montiel\"},\"description\":\"Licenciatura en Ciencias de la Comunicaci\u00f3n Social, egresado en la Especializaci\u00f3n Derecho Ambiental Desarrollo Sostenible y Sustentable, Miembro de la Comunidad de profesionales y experto para Latinoam\u00e9rica y el Caribe en Gesti\u00f3n por Resultado en el Desarrollo (COPLAC - GpRD) del Banco Interamericano de Desarrollo, experiencia en medios radiales y escritos.\",\"sameAs\":[\"https:\/\/x.com\/gdgregori1\",\"gquintana\"],\"url\":\"https:\/\/noti-america.com\/site\/ecuador\/author\/gquintana\/\"}]}<\/script>\n<!-- \/ Yoast SEO Premium plugin. -->","yoast_head_json":{"title":"C\u00f3mo transformar la econom\u00eda de Am\u00e9rica Latina hacia la descarbonizaci\u00f3n y un mejor futuro - Ecuador | Noti-America.com","robots":{"index":"index","follow":"follow","max-snippet":"max-snippet:-1","max-image-preview":"max-image-preview:large","max-video-preview":"max-video-preview:-1"},"canonical":"https:\/\/noti-america.com\/site\/ecuador\/2021\/01\/03\/como-transformar-la-economia-de-america-latina-hacia-la-descarbonizacion-y-un-mejor-futuro\/","og_locale":"es_ES","og_type":"article","og_title":"C\u00f3mo transformar la econom\u00eda de Am\u00e9rica Latina hacia la descarbonizaci\u00f3n y un mejor futuro","og_description":"REDACCI\u00d3N NOTI AM\u00c9RICA (ECUADOR) \u00bfC\u00f3mo puede la regi\u00f3n alcanzar los objetivos del Acuerdo de Par\u00eds siguiendo una ruta de descarbonizaci\u00f3n profunda? \u00bfQu\u00e9 beneficios tiene el uso de informaci\u00f3n georreferenciada para la evaluaci\u00f3n social y&#46;&#46;&#46;","og_url":"https:\/\/noti-america.com\/site\/ecuador\/2021\/01\/03\/como-transformar-la-economia-de-america-latina-hacia-la-descarbonizacion-y-un-mejor-futuro\/","og_site_name":"Ecuador | Noti-America.com","article_published_time":"2021-01-03T17:55:09+00:00","og_image":[{"width":1536,"height":1025,"url":"https:\/\/noti-america.com\/site\/ecuador\/wp-content\/uploads\/sites\/18\/2021\/01\/Energia-limpa-Foto-DDPLAC-blog2-1536x1025-1.jpg","type":"image\/jpeg"}],"author":"Gregory Quintana Montiel","twitter_card":"summary_large_image","twitter_creator":"@gdgregori1","twitter_site":"@notiamerica","twitter_misc":{"Escrito por":"Gregory Quintana Montiel","Tiempo estimado de lectura":"6 minutos"},"schema":{"@context":"https:\/\/schema.org","@graph":[{"@type":"Article","@id":"https:\/\/noti-america.com\/site\/ecuador\/2021\/01\/03\/como-transformar-la-economia-de-america-latina-hacia-la-descarbonizacion-y-un-mejor-futuro\/#article","isPartOf":{"@id":"https:\/\/noti-america.com\/site\/ecuador\/2021\/01\/03\/como-transformar-la-economia-de-america-latina-hacia-la-descarbonizacion-y-un-mejor-futuro\/"},"author":{"name":"Gregory Quintana Montiel","@id":"https:\/\/noti-america.com\/site\/ecuador\/#\/schema\/person\/3b975e42f15abfe64bfe3abdd916efda"},"headline":"C\u00f3mo transformar la econom\u00eda de Am\u00e9rica Latina hacia la descarbonizaci\u00f3n y un mejor futuro","datePublished":"2021-01-03T17:55:09+00:00","mainEntityOfPage":{"@id":"https:\/\/noti-america.com\/site\/ecuador\/2021\/01\/03\/como-transformar-la-economia-de-america-latina-hacia-la-descarbonizacion-y-un-mejor-futuro\/"},"wordCount":1285,"commentCount":0,"publisher":{"@id":"https:\/\/noti-america.com\/site\/ecuador\/#organization"},"image":{"@id":"https:\/\/noti-america.com\/site\/ecuador\/2021\/01\/03\/como-transformar-la-economia-de-america-latina-hacia-la-descarbonizacion-y-un-mejor-futuro\/#primaryimage"},"thumbnailUrl":"https:\/\/noti-america.com\/site\/ecuador\/wp-content\/uploads\/sites\/18\/2021\/01\/Energia-limpa-Foto-DDPLAC-blog2-1536x1025-1.jpg","articleSection":["Sostenibilidad y Cambio Clim\u00e1tico"],"inLanguage":"es","potentialAction":[{"@type":"CommentAction","name":"Comment","target":["https:\/\/noti-america.com\/site\/ecuador\/2021\/01\/03\/como-transformar-la-economia-de-america-latina-hacia-la-descarbonizacion-y-un-mejor-futuro\/#respond"]}]},{"@type":"WebPage","@id":"https:\/\/noti-america.com\/site\/ecuador\/2021\/01\/03\/como-transformar-la-economia-de-america-latina-hacia-la-descarbonizacion-y-un-mejor-futuro\/","url":"https:\/\/noti-america.com\/site\/ecuador\/2021\/01\/03\/como-transformar-la-economia-de-america-latina-hacia-la-descarbonizacion-y-un-mejor-futuro\/","name":"C\u00f3mo transformar la econom\u00eda de Am\u00e9rica Latina hacia la descarbonizaci\u00f3n y un mejor futuro - Ecuador | Noti-America.com","isPartOf":{"@id":"https:\/\/noti-america.com\/site\/ecuador\/#website"},"primaryImageOfPage":{"@id":"https:\/\/noti-america.com\/site\/ecuador\/2021\/01\/03\/como-transformar-la-economia-de-america-latina-hacia-la-descarbonizacion-y-un-mejor-futuro\/#primaryimage"},"image":{"@id":"https:\/\/noti-america.com\/site\/ecuador\/2021\/01\/03\/como-transformar-la-economia-de-america-latina-hacia-la-descarbonizacion-y-un-mejor-futuro\/#primaryimage"},"thumbnailUrl":"https:\/\/noti-america.com\/site\/ecuador\/wp-content\/uploads\/sites\/18\/2021\/01\/Energia-limpa-Foto-DDPLAC-blog2-1536x1025-1.jpg","datePublished":"2021-01-03T17:55:09+00:00","breadcrumb":{"@id":"https:\/\/noti-america.com\/site\/ecuador\/2021\/01\/03\/como-transformar-la-economia-de-america-latina-hacia-la-descarbonizacion-y-un-mejor-futuro\/#breadcrumb"},"inLanguage":"es","potentialAction":[{"@type":"ReadAction","target":["https:\/\/noti-america.com\/site\/ecuador\/2021\/01\/03\/como-transformar-la-economia-de-america-latina-hacia-la-descarbonizacion-y-un-mejor-futuro\/"]}]},{"@type":"ImageObject","inLanguage":"es","@id":"https:\/\/noti-america.com\/site\/ecuador\/2021\/01\/03\/como-transformar-la-economia-de-america-latina-hacia-la-descarbonizacion-y-un-mejor-futuro\/#primaryimage","url":"https:\/\/noti-america.com\/site\/ecuador\/wp-content\/uploads\/sites\/18\/2021\/01\/Energia-limpa-Foto-DDPLAC-blog2-1536x1025-1.jpg","contentUrl":"https:\/\/noti-america.com\/site\/ecuador\/wp-content\/uploads\/sites\/18\/2021\/01\/Energia-limpa-Foto-DDPLAC-blog2-1536x1025-1.jpg","width":1536,"height":1025},{"@type":"BreadcrumbList","@id":"https:\/\/noti-america.com\/site\/ecuador\/2021\/01\/03\/como-transformar-la-economia-de-america-latina-hacia-la-descarbonizacion-y-un-mejor-futuro\/#breadcrumb","itemListElement":[{"@type":"ListItem","position":1,"name":"Portada","item":"https:\/\/noti-america.com\/site\/ecuador\/"},{"@type":"ListItem","position":2,"name":"C\u00f3mo transformar la econom\u00eda de Am\u00e9rica Latina hacia la descarbonizaci\u00f3n y un mejor futuro"}]},{"@type":"WebSite","@id":"https:\/\/noti-america.com\/site\/ecuador\/#website","url":"https:\/\/noti-america.com\/site\/ecuador\/","name":"Ecuador | Noti-America.com","description":"","publisher":{"@id":"https:\/\/noti-america.com\/site\/ecuador\/#organization"},"potentialAction":[{"@type":"SearchAction","target":{"@type":"EntryPoint","urlTemplate":"https:\/\/noti-america.com\/site\/ecuador\/?s={search_term_string}"},"query-input":{"@type":"PropertyValueSpecification","valueRequired":true,"valueName":"search_term_string"}}],"inLanguage":"es"},{"@type":"Organization","@id":"https:\/\/noti-america.com\/site\/ecuador\/#organization","name":"Noti-America LLC | Ecuador","url":"https:\/\/noti-america.com\/site\/ecuador\/","logo":{"@type":"ImageObject","inLanguage":"es","@id":"https:\/\/noti-america.com\/site\/ecuador\/#\/schema\/logo\/image\/","url":"https:\/\/noti-america.com\/site\/ecuador\/wp-content\/uploads\/sites\/18\/2020\/07\/LogoNA-4x3-1.jpg","contentUrl":"https:\/\/noti-america.com\/site\/ecuador\/wp-content\/uploads\/sites\/18\/2020\/07\/LogoNA-4x3-1.jpg","width":1236,"height":1080,"caption":"Noti-America LLC | Ecuador"},"image":{"@id":"https:\/\/noti-america.com\/site\/ecuador\/#\/schema\/logo\/image\/"},"sameAs":["https:\/\/x.com\/notiamerica"]},{"@type":"Person","@id":"https:\/\/noti-america.com\/site\/ecuador\/#\/schema\/person\/3b975e42f15abfe64bfe3abdd916efda","name":"Gregory Quintana Montiel","image":{"@type":"ImageObject","inLanguage":"es","@id":"https:\/\/secure.gravatar.com\/avatar\/2d6b802f7720c2ec7744dcbe608cc2f3417aeb964d58b443c6d612b77531de1d?s=96&d=mm&r=g","url":"https:\/\/secure.gravatar.com\/avatar\/2d6b802f7720c2ec7744dcbe608cc2f3417aeb964d58b443c6d612b77531de1d?s=96&d=mm&r=g","contentUrl":"https:\/\/secure.gravatar.com\/avatar\/2d6b802f7720c2ec7744dcbe608cc2f3417aeb964d58b443c6d612b77531de1d?s=96&d=mm&r=g","caption":"Gregory Quintana Montiel"},"description":"Licenciatura en Ciencias de la Comunicaci\u00f3n Social, egresado en la Especializaci\u00f3n Derecho Ambiental Desarrollo Sostenible y Sustentable, Miembro de la Comunidad de profesionales y experto para Latinoam\u00e9rica y el Caribe en Gesti\u00f3n por Resultado en el Desarrollo (COPLAC - GpRD) del Banco Interamericano de Desarrollo, experiencia en medios radiales y escritos.","sameAs":["https:\/\/x.com\/gdgregori1","gquintana"],"url":"https:\/\/noti-america.com\/site\/ecuador\/author\/gquintana\/"}]}},"_links":{"self":[{"href":"https:\/\/noti-america.com\/site\/ecuador\/wp-json\/wp\/v2\/posts\/12440","targetHints":{"allow":["GET"]}}],"collection":[{"href":"https:\/\/noti-america.com\/site\/ecuador\/wp-json\/wp\/v2\/posts"}],"about":[{"href":"https:\/\/noti-america.com\/site\/ecuador\/wp-json\/wp\/v2\/types\/post"}],"author":[{"embeddable":true,"href":"https:\/\/noti-america.com\/site\/ecuador\/wp-json\/wp\/v2\/users\/17"}],"replies":[{"embeddable":true,"href":"https:\/\/noti-america.com\/site\/ecuador\/wp-json\/wp\/v2\/comments?post=12440"}],"version-history":[{"count":1,"href":"https:\/\/noti-america.com\/site\/ecuador\/wp-json\/wp\/v2\/posts\/12440\/revisions"}],"predecessor-version":[{"id":12442,"href":"https:\/\/noti-america.com\/site\/ecuador\/wp-json\/wp\/v2\/posts\/12440\/revisions\/12442"}],"wp:featuredmedia":[{"embeddable":true,"href":"https:\/\/noti-america.com\/site\/ecuador\/wp-json\/wp\/v2\/media\/12441"}],"wp:attachment":[{"href":"https:\/\/noti-america.com\/site\/ecuador\/wp-json\/wp\/v2\/media?parent=12440"}],"wp:term":[{"taxonomy":"category","embeddable":true,"href":"https:\/\/noti-america.com\/site\/ecuador\/wp-json\/wp\/v2\/categories?post=12440"},{"taxonomy":"post_tag","embeddable":true,"href":"https:\/\/noti-america.com\/site\/ecuador\/wp-json\/wp\/v2\/tags?post=12440"}],"curies":[{"name":"wp","href":"https:\/\/api.w.org\/{rel}","templated":true}]}}