{"id":12410,"date":"2020-12-30T16:31:11","date_gmt":"2020-12-30T16:31:11","guid":{"rendered":"https:\/\/noti-america.com\/site\/ecuador\/?p=12410"},"modified":"2020-12-30T16:36:18","modified_gmt":"2020-12-30T16:36:18","slug":"barcelona-es-el-campeon-de-la-ligapro-2020","status":"publish","type":"post","link":"https:\/\/noti-america.com\/site\/ecuador\/2020\/12\/30\/barcelona-es-el-campeon-de-la-ligapro-2020\/","title":{"rendered":"Barcelona es el campe\u00f3n de la LigaPro 2020"},"content":{"rendered":"<p><strong>REDACCI\u00d3N NOTI AM\u00c9RICA (ECUADOR)<\/strong><\/p>\n<div id=\"attachment_12411\" style=\"width: 1069px\" class=\"wp-caption alignnone\"><img loading=\"lazy\" decoding=\"async\" aria-describedby=\"caption-attachment-12411\" class=\"wp-image-12411\" src=\"https:\/\/noti-america.com\/site\/ecuador\/wp-content\/uploads\/sites\/18\/2020\/12\/30-dic-Eqfo37kXAAAsGSk-300x200.jpg\" alt=\"\" width=\"1059\" height=\"706\" srcset=\"https:\/\/noti-america.com\/site\/ecuador\/wp-content\/uploads\/sites\/18\/2020\/12\/30-dic-Eqfo37kXAAAsGSk-300x200.jpg 300w, https:\/\/noti-america.com\/site\/ecuador\/wp-content\/uploads\/sites\/18\/2020\/12\/30-dic-Eqfo37kXAAAsGSk-272x182.jpg 272w, https:\/\/noti-america.com\/site\/ecuador\/wp-content\/uploads\/sites\/18\/2020\/12\/30-dic-Eqfo37kXAAAsGSk.jpg 679w\" sizes=\"auto, (max-width: 1059px) 100vw, 1059px\" \/><p id=\"caption-attachment-12411\" class=\"wp-caption-text\">Los jugadores de Barcelona celebran el triunfo en la estadio Casa Blanca.<\/p><\/div>\n<p style=\"text-align: justify\">Barcelona Sporting Club, el\u00a0 equipo m\u00e1s popular del Ecuador, logr\u00f3 vencer en la tanda\u00a0 de penales\u00a0 a Liga de Quito, la noche del martes y, as\u00ed, coronarse campe\u00f3n de la LIgaPro 2020.<\/p>\n<p>Es el d\u00e9cimo sexto t\u00edtulo que obtiene el equipo canario que jug\u00f3 un at\u00edpico campeonato matizado por la no presencia de aficionados en los estadios a causa de la pandemia.<\/p>\n<p style=\"text-align: justify\">La final del campeonato nacional de f\u00fatbol debi\u00f3 resolverse por medio de los penales al haber empatado\u00a0 0 a 0 en la capital. La tensi\u00f3n\u00a0 crec\u00eda entre los aficionados que frente a sus televisores desgarraban su voces al\u00a0 ver como los canarios somet\u00edan a los albos en su reductos del estadio de Casa Blanca.<\/p>\n<p style=\"text-align: justify\">Los jugadores de Barcelona Jonathan \u00c1lvez, Mat\u00edas Oyola y Dami\u00e1n D\u00edaz lograron penetrar los balones\u00a0 y el arquero Javier Burrai ataj\u00f3 dos penales de los albos.<\/p>\n<p><strong>Las estrellas de Barcelona<\/strong><\/p>\n<ol>\n<li><strong>1960 <\/strong><\/li>\n<li><strong>1963<\/strong><\/li>\n<li><strong>1966 <\/strong><\/li>\n<li><strong>1970<\/strong><\/li>\n<li><strong>1971 <\/strong><\/li>\n<li><strong>1980<\/strong><\/li>\n<li><strong>1981<\/strong><\/li>\n<li><strong>1985<\/strong><\/li>\n<li><strong>1987<\/strong><\/li>\n<li><strong>1989<\/strong><\/li>\n<li><strong>1991<\/strong><\/li>\n<li><strong>1995<\/strong><\/li>\n<li><strong>1997<\/strong><\/li>\n<li><strong>2012 <\/strong><\/li>\n<li><strong>2016<\/strong><\/li>\n<li><strong>2020 <\/strong><\/li>\n<\/ol>\n","protected":false},"excerpt":{"rendered":"<p>REDACCI\u00d3N NOTI AM\u00c9RICA (ECUADOR) Barcelona Sporting Club, el\u00a0 equipo m\u00e1s popular del Ecuador, logr\u00f3 vencer en la tanda\u00a0 de penales\u00a0 a Liga de Quito, la noche del martes y, as\u00ed, coronarse campe\u00f3n de la&#46;&#46;&#46;<\/p>\n","protected":false},"author":113,"featured_media":12411,"comment_status":"open","ping_status":"open","sticky":false,"template":"","format":"standard","meta":{"_acf_changed":false,"om_disable_all_campaigns":false,"rop_custom_images_group":[],"rop_custom_messages_group":[],"rop_publish_now":"initial","rop_publish_now_accounts":{"twitter_242054905_242054905":""},"rop_publish_now_history":[],"rop_publish_now_status":"pending","_uf_show_specific_survey":0,"_uf_disable_surveys":false,"footnotes":""},"categories":[1],"tags":[],"class_list":["post-12410","post","type-post","status-publish","format-standard","has-post-thumbnail","hentry","category-uncategorized"],"acf":[],"aioseo_notices":[],"yoast_head":"<!-- This site is optimized with the Yoast SEO Premium plugin v24.9 (Yoast SEO v27.2) - https:\/\/yoast.com\/product\/yoast-seo-premium-wordpress\/ -->\n<title>Barcelona es el campe\u00f3n de la LigaPro 2020 - Ecuador | Noti-America.com<\/title>\n<meta name=\"robots\" content=\"index, follow, max-snippet:-1, max-image-preview:large, max-video-preview:-1\" \/>\n<link rel=\"canonical\" href=\"https:\/\/noti-america.com\/site\/ecuador\/2020\/12\/30\/barcelona-es-el-campeon-de-la-ligapro-2020\/\" \/>\n<meta property=\"og:locale\" content=\"es_ES\" \/>\n<meta property=\"og:type\" content=\"article\" \/>\n<meta property=\"og:title\" content=\"Barcelona es el campe\u00f3n de la LigaPro 2020\" \/>\n<meta property=\"og:description\" content=\"REDACCI\u00d3N NOTI AM\u00c9RICA (ECUADOR) Barcelona Sporting Club, el\u00a0 equipo m\u00e1s popular del Ecuador, logr\u00f3 vencer en la tanda\u00a0 de penales\u00a0 a Liga de Quito, la noche del martes y, as\u00ed, coronarse campe\u00f3n de la&#046;&#046;&#046;\" \/>\n<meta property=\"og:url\" content=\"https:\/\/noti-america.com\/site\/ecuador\/2020\/12\/30\/barcelona-es-el-campeon-de-la-ligapro-2020\/\" \/>\n<meta property=\"og:site_name\" content=\"Ecuador | Noti-America.com\" \/>\n<meta property=\"article:published_time\" content=\"2020-12-30T16:31:11+00:00\" \/>\n<meta property=\"article:modified_time\" content=\"2020-12-30T16:36:18+00:00\" \/>\n<meta property=\"og:image\" content=\"https:\/\/noti-america.com\/site\/ecuador\/wp-content\/uploads\/sites\/18\/2020\/12\/30-dic-Eqfo37kXAAAsGSk.jpg\" \/>\n\t<meta property=\"og:image:width\" content=\"679\" \/>\n\t<meta property=\"og:image:height\" content=\"453\" \/>\n\t<meta property=\"og:image:type\" content=\"image\/jpeg\" \/>\n<meta name=\"author\" content=\"Henry Ortiz\" \/>\n<meta name=\"twitter:card\" content=\"summary_large_image\" \/>\n<meta name=\"twitter:creator\" content=\"@notiamerica\" \/>\n<meta name=\"twitter:site\" content=\"@notiamerica\" \/>\n<meta name=\"twitter:label1\" content=\"Escrito por\" \/>\n\t<meta name=\"twitter:data1\" content=\"Henry Ortiz\" \/>\n\t<meta name=\"twitter:label2\" content=\"Tiempo estimado de lectura\" \/>\n\t<meta name=\"twitter:data2\" content=\"1 minuto\" \/>\n<script type=\"application\/ld+json\" class=\"yoast-schema-graph\">{\"@context\":\"https:\/\/schema.org\",\"@graph\":[{\"@type\":\"Article\",\"@id\":\"https:\/\/noti-america.com\/site\/ecuador\/2020\/12\/30\/barcelona-es-el-campeon-de-la-ligapro-2020\/#article\",\"isPartOf\":{\"@id\":\"https:\/\/noti-america.com\/site\/ecuador\/2020\/12\/30\/barcelona-es-el-campeon-de-la-ligapro-2020\/\"},\"author\":{\"name\":\"Henry Ortiz\",\"@id\":\"https:\/\/noti-america.com\/site\/ecuador\/#\/schema\/person\/b9d1630cc6598af759d45c790a347283\"},\"headline\":\"Barcelona es el campe\u00f3n de la LigaPro 2020\",\"datePublished\":\"2020-12-30T16:31:11+00:00\",\"dateModified\":\"2020-12-30T16:36:18+00:00\",\"mainEntityOfPage\":{\"@id\":\"https:\/\/noti-america.com\/site\/ecuador\/2020\/12\/30\/barcelona-es-el-campeon-de-la-ligapro-2020\/\"},\"wordCount\":188,\"commentCount\":0,\"publisher\":{\"@id\":\"https:\/\/noti-america.com\/site\/ecuador\/#organization\"},\"image\":{\"@id\":\"https:\/\/noti-america.com\/site\/ecuador\/2020\/12\/30\/barcelona-es-el-campeon-de-la-ligapro-2020\/#primaryimage\"},\"thumbnailUrl\":\"https:\/\/noti-america.com\/site\/ecuador\/wp-content\/uploads\/sites\/18\/2020\/12\/30-dic-Eqfo37kXAAAsGSk.jpg\",\"articleSection\":[\"Uncategorized\"],\"inLanguage\":\"es\",\"potentialAction\":[{\"@type\":\"CommentAction\",\"name\":\"Comment\",\"target\":[\"https:\/\/noti-america.com\/site\/ecuador\/2020\/12\/30\/barcelona-es-el-campeon-de-la-ligapro-2020\/#respond\"]}]},{\"@type\":\"WebPage\",\"@id\":\"https:\/\/noti-america.com\/site\/ecuador\/2020\/12\/30\/barcelona-es-el-campeon-de-la-ligapro-2020\/\",\"url\":\"https:\/\/noti-america.com\/site\/ecuador\/2020\/12\/30\/barcelona-es-el-campeon-de-la-ligapro-2020\/\",\"name\":\"Barcelona es el campe\u00f3n de la LigaPro 2020 - Ecuador | Noti-America.com\",\"isPartOf\":{\"@id\":\"https:\/\/noti-america.com\/site\/ecuador\/#website\"},\"primaryImageOfPage\":{\"@id\":\"https:\/\/noti-america.com\/site\/ecuador\/2020\/12\/30\/barcelona-es-el-campeon-de-la-ligapro-2020\/#primaryimage\"},\"image\":{\"@id\":\"https:\/\/noti-america.com\/site\/ecuador\/2020\/12\/30\/barcelona-es-el-campeon-de-la-ligapro-2020\/#primaryimage\"},\"thumbnailUrl\":\"https:\/\/noti-america.com\/site\/ecuador\/wp-content\/uploads\/sites\/18\/2020\/12\/30-dic-Eqfo37kXAAAsGSk.jpg\",\"datePublished\":\"2020-12-30T16:31:11+00:00\",\"dateModified\":\"2020-12-30T16:36:18+00:00\",\"breadcrumb\":{\"@id\":\"https:\/\/noti-america.com\/site\/ecuador\/2020\/12\/30\/barcelona-es-el-campeon-de-la-ligapro-2020\/#breadcrumb\"},\"inLanguage\":\"es\",\"potentialAction\":[{\"@type\":\"ReadAction\",\"target\":[\"https:\/\/noti-america.com\/site\/ecuador\/2020\/12\/30\/barcelona-es-el-campeon-de-la-ligapro-2020\/\"]}]},{\"@type\":\"ImageObject\",\"inLanguage\":\"es\",\"@id\":\"https:\/\/noti-america.com\/site\/ecuador\/2020\/12\/30\/barcelona-es-el-campeon-de-la-ligapro-2020\/#primaryimage\",\"url\":\"https:\/\/noti-america.com\/site\/ecuador\/wp-content\/uploads\/sites\/18\/2020\/12\/30-dic-Eqfo37kXAAAsGSk.jpg\",\"contentUrl\":\"https:\/\/noti-america.com\/site\/ecuador\/wp-content\/uploads\/sites\/18\/2020\/12\/30-dic-Eqfo37kXAAAsGSk.jpg\",\"width\":679,\"height\":453},{\"@type\":\"BreadcrumbList\",\"@id\":\"https:\/\/noti-america.com\/site\/ecuador\/2020\/12\/30\/barcelona-es-el-campeon-de-la-ligapro-2020\/#breadcrumb\",\"itemListElement\":[{\"@type\":\"ListItem\",\"position\":1,\"name\":\"Portada\",\"item\":\"https:\/\/noti-america.com\/site\/ecuador\/\"},{\"@type\":\"ListItem\",\"position\":2,\"name\":\"Barcelona es el campe\u00f3n de la LigaPro 2020\"}]},{\"@type\":\"WebSite\",\"@id\":\"https:\/\/noti-america.com\/site\/ecuador\/#website\",\"url\":\"https:\/\/noti-america.com\/site\/ecuador\/\",\"name\":\"Ecuador | Noti-America.com\",\"description\":\"\",\"publisher\":{\"@id\":\"https:\/\/noti-america.com\/site\/ecuador\/#organization\"},\"potentialAction\":[{\"@type\":\"SearchAction\",\"target\":{\"@type\":\"EntryPoint\",\"urlTemplate\":\"https:\/\/noti-america.com\/site\/ecuador\/?s={search_term_string}\"},\"query-input\":{\"@type\":\"PropertyValueSpecification\",\"valueRequired\":true,\"valueName\":\"search_term_string\"}}],\"inLanguage\":\"es\"},{\"@type\":\"Organization\",\"@id\":\"https:\/\/noti-america.com\/site\/ecuador\/#organization\",\"name\":\"Noti-America LLC | Ecuador\",\"url\":\"https:\/\/noti-america.com\/site\/ecuador\/\",\"logo\":{\"@type\":\"ImageObject\",\"inLanguage\":\"es\",\"@id\":\"https:\/\/noti-america.com\/site\/ecuador\/#\/schema\/logo\/image\/\",\"url\":\"https:\/\/noti-america.com\/site\/ecuador\/wp-content\/uploads\/sites\/18\/2020\/07\/LogoNA-4x3-1.jpg\",\"contentUrl\":\"https:\/\/noti-america.com\/site\/ecuador\/wp-content\/uploads\/sites\/18\/2020\/07\/LogoNA-4x3-1.jpg\",\"width\":1236,\"height\":1080,\"caption\":\"Noti-America LLC | Ecuador\"},\"image\":{\"@id\":\"https:\/\/noti-america.com\/site\/ecuador\/#\/schema\/logo\/image\/\"},\"sameAs\":[\"https:\/\/x.com\/notiamerica\"]},{\"@type\":\"Person\",\"@id\":\"https:\/\/noti-america.com\/site\/ecuador\/#\/schema\/person\/b9d1630cc6598af759d45c790a347283\",\"name\":\"Henry Ortiz\",\"image\":{\"@type\":\"ImageObject\",\"inLanguage\":\"es\",\"@id\":\"https:\/\/secure.gravatar.com\/avatar\/0b5407b5b302fbb6a578e625dca512ac2983ee5fa9ea941d581b83c40212e4c8?s=96&d=mm&r=g\",\"url\":\"https:\/\/secure.gravatar.com\/avatar\/0b5407b5b302fbb6a578e625dca512ac2983ee5fa9ea941d581b83c40212e4c8?s=96&d=mm&r=g\",\"contentUrl\":\"https:\/\/secure.gravatar.com\/avatar\/0b5407b5b302fbb6a578e625dca512ac2983ee5fa9ea941d581b83c40212e4c8?s=96&d=mm&r=g\",\"caption\":\"Henry Ortiz\"},\"url\":\"https:\/\/noti-america.com\/site\/ecuador\/author\/hortiz\/\"}]}<\/script>\n<!-- \/ Yoast SEO Premium plugin. -->","yoast_head_json":{"title":"Barcelona es el campe\u00f3n de la LigaPro 2020 - Ecuador | Noti-America.com","robots":{"index":"index","follow":"follow","max-snippet":"max-snippet:-1","max-image-preview":"max-image-preview:large","max-video-preview":"max-video-preview:-1"},"canonical":"https:\/\/noti-america.com\/site\/ecuador\/2020\/12\/30\/barcelona-es-el-campeon-de-la-ligapro-2020\/","og_locale":"es_ES","og_type":"article","og_title":"Barcelona es el campe\u00f3n de la LigaPro 2020","og_description":"REDACCI\u00d3N NOTI AM\u00c9RICA (ECUADOR) Barcelona Sporting Club, el\u00a0 equipo m\u00e1s popular del Ecuador, logr\u00f3 vencer en la tanda\u00a0 de penales\u00a0 a Liga de Quito, la noche del martes y, as\u00ed, coronarse campe\u00f3n de la&#46;&#46;&#46;","og_url":"https:\/\/noti-america.com\/site\/ecuador\/2020\/12\/30\/barcelona-es-el-campeon-de-la-ligapro-2020\/","og_site_name":"Ecuador | Noti-America.com","article_published_time":"2020-12-30T16:31:11+00:00","article_modified_time":"2020-12-30T16:36:18+00:00","og_image":[{"width":679,"height":453,"url":"https:\/\/noti-america.com\/site\/ecuador\/wp-content\/uploads\/sites\/18\/2020\/12\/30-dic-Eqfo37kXAAAsGSk.jpg","type":"image\/jpeg"}],"author":"Henry Ortiz","twitter_card":"summary_large_image","twitter_creator":"@notiamerica","twitter_site":"@notiamerica","twitter_misc":{"Escrito por":"Henry Ortiz","Tiempo estimado de lectura":"1 minuto"},"schema":{"@context":"https:\/\/schema.org","@graph":[{"@type":"Article","@id":"https:\/\/noti-america.com\/site\/ecuador\/2020\/12\/30\/barcelona-es-el-campeon-de-la-ligapro-2020\/#article","isPartOf":{"@id":"https:\/\/noti-america.com\/site\/ecuador\/2020\/12\/30\/barcelona-es-el-campeon-de-la-ligapro-2020\/"},"author":{"name":"Henry Ortiz","@id":"https:\/\/noti-america.com\/site\/ecuador\/#\/schema\/person\/b9d1630cc6598af759d45c790a347283"},"headline":"Barcelona es el campe\u00f3n de la LigaPro 2020","datePublished":"2020-12-30T16:31:11+00:00","dateModified":"2020-12-30T16:36:18+00:00","mainEntityOfPage":{"@id":"https:\/\/noti-america.com\/site\/ecuador\/2020\/12\/30\/barcelona-es-el-campeon-de-la-ligapro-2020\/"},"wordCount":188,"commentCount":0,"publisher":{"@id":"https:\/\/noti-america.com\/site\/ecuador\/#organization"},"image":{"@id":"https:\/\/noti-america.com\/site\/ecuador\/2020\/12\/30\/barcelona-es-el-campeon-de-la-ligapro-2020\/#primaryimage"},"thumbnailUrl":"https:\/\/noti-america.com\/site\/ecuador\/wp-content\/uploads\/sites\/18\/2020\/12\/30-dic-Eqfo37kXAAAsGSk.jpg","articleSection":["Uncategorized"],"inLanguage":"es","potentialAction":[{"@type":"CommentAction","name":"Comment","target":["https:\/\/noti-america.com\/site\/ecuador\/2020\/12\/30\/barcelona-es-el-campeon-de-la-ligapro-2020\/#respond"]}]},{"@type":"WebPage","@id":"https:\/\/noti-america.com\/site\/ecuador\/2020\/12\/30\/barcelona-es-el-campeon-de-la-ligapro-2020\/","url":"https:\/\/noti-america.com\/site\/ecuador\/2020\/12\/30\/barcelona-es-el-campeon-de-la-ligapro-2020\/","name":"Barcelona es el campe\u00f3n de la LigaPro 2020 - Ecuador | Noti-America.com","isPartOf":{"@id":"https:\/\/noti-america.com\/site\/ecuador\/#website"},"primaryImageOfPage":{"@id":"https:\/\/noti-america.com\/site\/ecuador\/2020\/12\/30\/barcelona-es-el-campeon-de-la-ligapro-2020\/#primaryimage"},"image":{"@id":"https:\/\/noti-america.com\/site\/ecuador\/2020\/12\/30\/barcelona-es-el-campeon-de-la-ligapro-2020\/#primaryimage"},"thumbnailUrl":"https:\/\/noti-america.com\/site\/ecuador\/wp-content\/uploads\/sites\/18\/2020\/12\/30-dic-Eqfo37kXAAAsGSk.jpg","datePublished":"2020-12-30T16:31:11+00:00","dateModified":"2020-12-30T16:36:18+00:00","breadcrumb":{"@id":"https:\/\/noti-america.com\/site\/ecuador\/2020\/12\/30\/barcelona-es-el-campeon-de-la-ligapro-2020\/#breadcrumb"},"inLanguage":"es","potentialAction":[{"@type":"ReadAction","target":["https:\/\/noti-america.com\/site\/ecuador\/2020\/12\/30\/barcelona-es-el-campeon-de-la-ligapro-2020\/"]}]},{"@type":"ImageObject","inLanguage":"es","@id":"https:\/\/noti-america.com\/site\/ecuador\/2020\/12\/30\/barcelona-es-el-campeon-de-la-ligapro-2020\/#primaryimage","url":"https:\/\/noti-america.com\/site\/ecuador\/wp-content\/uploads\/sites\/18\/2020\/12\/30-dic-Eqfo37kXAAAsGSk.jpg","contentUrl":"https:\/\/noti-america.com\/site\/ecuador\/wp-content\/uploads\/sites\/18\/2020\/12\/30-dic-Eqfo37kXAAAsGSk.jpg","width":679,"height":453},{"@type":"BreadcrumbList","@id":"https:\/\/noti-america.com\/site\/ecuador\/2020\/12\/30\/barcelona-es-el-campeon-de-la-ligapro-2020\/#breadcrumb","itemListElement":[{"@type":"ListItem","position":1,"name":"Portada","item":"https:\/\/noti-america.com\/site\/ecuador\/"},{"@type":"ListItem","position":2,"name":"Barcelona es el campe\u00f3n de la LigaPro 2020"}]},{"@type":"WebSite","@id":"https:\/\/noti-america.com\/site\/ecuador\/#website","url":"https:\/\/noti-america.com\/site\/ecuador\/","name":"Ecuador | Noti-America.com","description":"","publisher":{"@id":"https:\/\/noti-america.com\/site\/ecuador\/#organization"},"potentialAction":[{"@type":"SearchAction","target":{"@type":"EntryPoint","urlTemplate":"https:\/\/noti-america.com\/site\/ecuador\/?s={search_term_string}"},"query-input":{"@type":"PropertyValueSpecification","valueRequired":true,"valueName":"search_term_string"}}],"inLanguage":"es"},{"@type":"Organization","@id":"https:\/\/noti-america.com\/site\/ecuador\/#organization","name":"Noti-America LLC | Ecuador","url":"https:\/\/noti-america.com\/site\/ecuador\/","logo":{"@type":"ImageObject","inLanguage":"es","@id":"https:\/\/noti-america.com\/site\/ecuador\/#\/schema\/logo\/image\/","url":"https:\/\/noti-america.com\/site\/ecuador\/wp-content\/uploads\/sites\/18\/2020\/07\/LogoNA-4x3-1.jpg","contentUrl":"https:\/\/noti-america.com\/site\/ecuador\/wp-content\/uploads\/sites\/18\/2020\/07\/LogoNA-4x3-1.jpg","width":1236,"height":1080,"caption":"Noti-America LLC | Ecuador"},"image":{"@id":"https:\/\/noti-america.com\/site\/ecuador\/#\/schema\/logo\/image\/"},"sameAs":["https:\/\/x.com\/notiamerica"]},{"@type":"Person","@id":"https:\/\/noti-america.com\/site\/ecuador\/#\/schema\/person\/b9d1630cc6598af759d45c790a347283","name":"Henry Ortiz","image":{"@type":"ImageObject","inLanguage":"es","@id":"https:\/\/secure.gravatar.com\/avatar\/0b5407b5b302fbb6a578e625dca512ac2983ee5fa9ea941d581b83c40212e4c8?s=96&d=mm&r=g","url":"https:\/\/secure.gravatar.com\/avatar\/0b5407b5b302fbb6a578e625dca512ac2983ee5fa9ea941d581b83c40212e4c8?s=96&d=mm&r=g","contentUrl":"https:\/\/secure.gravatar.com\/avatar\/0b5407b5b302fbb6a578e625dca512ac2983ee5fa9ea941d581b83c40212e4c8?s=96&d=mm&r=g","caption":"Henry Ortiz"},"url":"https:\/\/noti-america.com\/site\/ecuador\/author\/hortiz\/"}]}},"_links":{"self":[{"href":"https:\/\/noti-america.com\/site\/ecuador\/wp-json\/wp\/v2\/posts\/12410","targetHints":{"allow":["GET"]}}],"collection":[{"href":"https:\/\/noti-america.com\/site\/ecuador\/wp-json\/wp\/v2\/posts"}],"about":[{"href":"https:\/\/noti-america.com\/site\/ecuador\/wp-json\/wp\/v2\/types\/post"}],"author":[{"embeddable":true,"href":"https:\/\/noti-america.com\/site\/ecuador\/wp-json\/wp\/v2\/users\/113"}],"replies":[{"embeddable":true,"href":"https:\/\/noti-america.com\/site\/ecuador\/wp-json\/wp\/v2\/comments?post=12410"}],"version-history":[{"count":3,"href":"https:\/\/noti-america.com\/site\/ecuador\/wp-json\/wp\/v2\/posts\/12410\/revisions"}],"predecessor-version":[{"id":12414,"href":"https:\/\/noti-america.com\/site\/ecuador\/wp-json\/wp\/v2\/posts\/12410\/revisions\/12414"}],"wp:featuredmedia":[{"embeddable":true,"href":"https:\/\/noti-america.com\/site\/ecuador\/wp-json\/wp\/v2\/media\/12411"}],"wp:attachment":[{"href":"https:\/\/noti-america.com\/site\/ecuador\/wp-json\/wp\/v2\/media?parent=12410"}],"wp:term":[{"taxonomy":"category","embeddable":true,"href":"https:\/\/noti-america.com\/site\/ecuador\/wp-json\/wp\/v2\/categories?post=12410"},{"taxonomy":"post_tag","embeddable":true,"href":"https:\/\/noti-america.com\/site\/ecuador\/wp-json\/wp\/v2\/tags?post=12410"}],"curies":[{"name":"wp","href":"https:\/\/api.w.org\/{rel}","templated":true}]}}