{"id":12356,"date":"2020-12-27T19:00:14","date_gmt":"2020-12-27T19:00:14","guid":{"rendered":"https:\/\/noti-america.com\/site\/ecuador\/?p=12356"},"modified":"2020-12-27T19:00:14","modified_gmt":"2020-12-27T19:00:14","slug":"diez-problemas-de-salud-mundial-para-realizar-un-seguimiento-en-2021-oms","status":"publish","type":"post","link":"https:\/\/noti-america.com\/site\/ecuador\/2020\/12\/27\/diez-problemas-de-salud-mundial-para-realizar-un-seguimiento-en-2021-oms\/","title":{"rendered":"Diez problemas de salud mundial para realizar un seguimiento en 2021: OMS"},"content":{"rendered":"<p>REDACCI\u00d3N NOTI AM\u00c9RICA (ECUADOR)<\/p>\n<div style=\"width: 1010px\" class=\"wp-caption alignnone\"><img loading=\"lazy\" decoding=\"async\" src=\"https:\/\/www.who.int\/images\/default-source\/searo---images\/countries\/bangladesh\/cxb\/01-main.tmb-1024v.png?sfvrsn=199aa7a2_1\" alt=\"01-principal\" width=\"1000\" height=\"667\" \/><p class=\"wp-caption-text\">\u00a9 OMS \/ Fabeha Monir La especialista en prevenci\u00f3n y control de infecciones de la OMS Rebecca Rachel Apolot ayuda a una enfermera, Monjila, a ponerse de manera segura el equipo de protecci\u00f3n personal antes de atender a pacientes con COVID-19 en Cox&#8217;s Bazar, Bangladesh. Cr\u00e9ditos<\/p><\/div>\n<p style=\"text-align: justify\"><span>2020 fue un a\u00f1o devastador para la salud mundial.\u00a0Un virus previamente desconocido corri\u00f3 por todo el mundo, emergiendo r\u00e1pidamente como uno de sus principales asesinos, poniendo al descubierto las deficiencias de los sistemas de salud.\u00a0En la actualidad, los servicios de salud en todas las regiones est\u00e1n luchando tanto para abordar el COVID-19 como para brindar a las personas una atenci\u00f3n vital.<\/span><\/p>\n<p style=\"text-align: justify\"><span>En otro golpe, la pandemia amenaza con hacer retroceder el progreso de la salud mundial que se gan\u00f3 con tanto esfuerzo y que se logr\u00f3 en las dos \u00faltimas d\u00e9cadas, en la lucha contra las enfermedades infecciosas, por ejemplo, y la mejora de la salud materna e infantil.<\/span><\/p>\n<p style=\"text-align: justify\"><span>Entonces, en 2021, los pa\u00edses de todo el mundo deber\u00e1n continuar luchando contra COVID-19 (aunque con el conocimiento de que las herramientas efectivas est\u00e1n evolucionando).\u00a0Tendr\u00e1n que actuar con rapidez para reparar y reforzar sus sistemas de salud a fin de poder ofrecer estas herramientas y abordar los problemas sociales y ambientales clave que hacen que algunos sectores de la poblaci\u00f3n sufran mucho m\u00e1s que otros.\u00a0<\/span><\/p>\n<p style=\"text-align: justify\"><span>La OMS y sus socios estar\u00e1n a su lado.\u00a0Trabajaremos para ayudar a los pa\u00edses a fortalecer la preparaci\u00f3n para pandemias y otras emergencias.\u00a0Les recordaremos la importancia de unir a los pa\u00edses y de involucrar a todo el gobierno, no solo al sector salud.\u00a0Y los apoyaremos en la construcci\u00f3n de sistemas de salud s\u00f3lidos y poblaciones saludables.\u00a0\u00a0<\/span><\/p>\n<p style=\"text-align: justify\"><span>Aqu\u00ed hay 10 formas en que haremos esto:<\/span><\/p>\n<ul>\n<li>\n<p style=\"text-align: justify\"><strong>Construir solidaridad global para la seguridad sanitaria mundial:<\/strong> La OMS trabajar\u00e1 con los pa\u00edses para\u00a0<a href=\"https:\/\/www.who.int\/activities\/strengthening-national-emergency-preparedness\" target=\"_blank\" rel=\"noopener\">mejorar su propia preparaci\u00f3n<\/a>\u00a0ante pandemias y emergencias sanitarias.\u00a0Pero para que esto sea efectivo, se asegurar\u00e1 de que los pa\u00edses trabajen juntos. Sobre todo, esta pandemia nos ha demostrado una y otra vez que nadie est\u00e1 a salvo hasta que todos est\u00e1n a salvo.<\/p>\n<\/li>\n<li>\n<p style=\"text-align: justify\"><strong>Acelere el acceso a las pruebas, medicamentos y vacunas de COVID-19:\u00a0<\/strong>Una de las principales prioridades de la OMS en 2021 ser\u00e1 continuar con el trabajo en los cuatro pilares del <a href=\"https:\/\/www.who.int\/initiatives\/act-accelerator\/about\" target=\"_blank\" rel=\"noopener\">ACT-Accelerator<\/a>\u00a0, para lograr un acceso equitativo a vacunas, pruebas y tratamientos seguros y efectivos, y garantizar que los sistemas de salud sean lo suficientemente fuertes para brindarlos.<\/p>\n<\/li>\n<li>\n<p style=\"text-align: justify\"><strong>Mejorar la salud para todos: <\/strong>Una de las lecciones m\u00e1s claras que nos ha ense\u00f1ado la pandemia son las consecuencias de descuidar nuestros sistemas de salud.\u00a0En 2021, la OMS trabajar\u00e1 en los tres niveles de la Organizaci\u00f3n y con socios en todo el mundo para ayudar a los pa\u00edses a fortalecer los sistemas para que puedan responder al COVID-19 y brindar todos los servicios de salud esenciales necesarios para mantener saludables a las personas de todas las edades, cerca de casa y sin caer en la pobreza.<\/p>\n<\/li>\n<li>\n<p style=\"text-align: justify\"><strong>Abordar las inequidades en salud: <\/strong>La pandemia de COVID-19 ha llamado la atenci\u00f3n sobre las profundas disparidades que persisten entre y dentro de los pa\u00edses, algunas de las cuales se est\u00e1n agravando y corren el riesgo de ampliarse a\u00fan m\u00e1s.\u00a0En 2021, nos basaremos en los datos m\u00e1s recientes de la OMS y aprovecharemos los compromisos internacionales (y el trabajo existente) para promover\u00a0<a href=\"https:\/\/www.who.int\/health-topics\/universal-health-coverage\" target=\"_blank\" rel=\"noopener\">la cobertura sanitaria universal<\/a> y abordar los determinantes m\u00e1s amplios de la salud. Trabajaremos con los pa\u00edses para <a href=\"https:\/\/www.who.int\/data\/gho\/health-equity\" target=\"_blank\" rel=\"noopener\">monitorear y abordar las inequidades en salud<\/a>\u00a0relacionadas con temas cr\u00edticos como ingresos, g\u00e9nero, etnia, vivir en \u00e1reas rurales remotas o \u00e1reas urbanas desfavorecidas, educaci\u00f3n, condiciones de ocupaci\u00f3n \/ empleo y discapacidad.<\/p>\n<\/li>\n<li>\n<p style=\"text-align: justify\"><strong>Proporcionar liderazgo global en ciencia y datos: <\/strong>La OMS monitorear\u00e1 y evaluar\u00e1 los \u00faltimos avances cient\u00edficos en torno a COVID-19 y m\u00e1s all\u00e1, identificando oportunidades para aprovechar esos avances para mejorar la salud mundial.\u00a0Mantendremos y fortaleceremos la excelencia, la relevancia y la eficacia de nuestras propias funciones t\u00e9cnicas b\u00e1sicas, para brindar al mundo las mejores recomendaciones basadas en evidencia para la salud p\u00fablica en temas que van desde el Alzheimer hasta el Zika. Y a trav\u00e9s de esfuerzos como nuestro renovado\u00a0<a href=\"https:\/\/www.who.int\/data\/data-collection-tools\/score\" target=\"_blank\" rel=\"noopener\">Paquete T\u00e9cnico SCORE<\/a>\u00a0, ayudaremos a los pa\u00edses a fortalecer la capacidad de sus sistemas de informaci\u00f3n y datos de salud para informar sobre el progreso hacia los\u00a0<a href=\"https:\/\/www.who.int\/health-topics\/sustainable-development-goals\" target=\"_blank\" rel=\"noopener\">Objetivos de Desarrollo Sostenible<\/a> relacionados con la salud.<\/p>\n<\/li>\n<li>\n<p style=\"text-align: justify\"><strong>Revitalizar los esfuerzos para abordar las enfermedades transmisibles. <\/strong><span>En las \u00faltimas d\u00e9cadas, la OMS y sus socios han trabajado resueltamente para acabar con el flagelo de la poliomielitis, el VIH, la tuberculosis y la malaria, y para evitar epidemias de enfermedades como el sarampi\u00f3n y la fiebre amarilla.\u00a0COVID-19 retras\u00f3 gran parte de este trabajo en 2020. Por lo tanto, en 2021 ayudar\u00e1 a los pa\u00edses a obtener <\/span><a href=\"https:\/\/www.who.int\/health-topics\/vaccines-and-immunization\" target=\"_blank\" rel=\"noopener\"><span>vacunas<\/span><\/a><span>\u00a0contra la poliomielitis y otras enfermedades para las personas que se perdieron durante la pandemia.\u00a0Como parte de este impulso, trabajar\u00e1 para mejorar el acceso a la vacuna contra el VPH como parte del nuevo esfuerzo global para <\/span><a href=\"https:\/\/www.who.int\/health-topics\/cervical-cancer\" target=\"_blank\" rel=\"noopener\"><span>Poner fin al c\u00e1ncer de cuello uterino<\/span><\/a><span> \u00a0que lanz\u00f3 en 2020. <\/span><span>Trabajar\u00e1 con socios para implementar el nuevo decenio <\/span><a href=\"https:\/\/www.who.int\/teams\/control-of-neglected-tropical-diseases\" target=\"_blank\" rel=\"noopener\" data-sf-ec-immutable=\"\"><span>Hoja de ruta para las enfermedades tropicales desatendidas (ETD)<\/span><\/a><span>\u00a0, con sus objetivos e hitos mundiales para prevenir, controlar, eliminar y erradicar 20 ETD.\u00a0E intensificaremos los esfuerzos para acabar con el sida, la tuberculosis y la malaria y para eliminar la hepatitis viral para 2030\u00a0<\/span><strong><span>.<\/span><\/strong><\/p>\n<\/li>\n<li>\n<p style=\"text-align: justify\"><strong>Combatir la resistencia a los medicamentos: <\/strong>Los esfuerzos mundiales para acabar con las enfermedades infecciosas solo tendr\u00e1n \u00e9xito si disponemos de medicamentos eficaces para tratarlas.\u00a0Por lo tanto, ser\u00e1 vital aprovechar el trabajo que hacemos con nuestros socios de One Health, la Organizaci\u00f3n para la Agricultura y la Alimentaci\u00f3n y la Organizaci\u00f3n Mundial de Sanidad Animal (OIE), y con las partes interesadas de todos los sectores para preservar los antimicrobianos.\u00a0El nuevo\u00a0<a href=\"https:\/\/www.who.int\/news\/item\/20-11-2020-world-leaders-join-forces-to-fight-the-accelerating-crisis-of-antimicrobial-resistance\" target=\"_blank\" rel=\"noopener\" data-sf-ec-immutable=\"\">Grupo de liderazgo global para la resistencia a los antimicrobianos<\/a>\u00a0, que incluye a jefes de la industria y l\u00edderes pol\u00edticos, se reunir\u00e1 por primera vez en enero para discutir formas de acelerar el impulso en este tema cr\u00edtico.\u00a0Al mismo tiempo, la OMS seguir\u00e1 mejorando el seguimiento mundial y seguir\u00e1 apoyando los planes de acci\u00f3n nacionales, asegur\u00e1ndose de que\u00a0<a href=\"https:\/\/www.who.int\/health-topics\/antimicrobial-resistance\" target=\"_blank\" rel=\"noopener\">la resistencia a los antimicrobianos<\/a>\u00a0se incluye en el fortalecimiento del sistema de salud y los planes de preparaci\u00f3n para emergencias de salud.<\/p>\n<\/li>\n<li>\n<p style=\"text-align: justify\"><strong>Prevenir y tratar las enfermedades no transmisibles y las enfermedades mentales: <\/strong>Las \u00faltimas\u00a0<a href=\"https:\/\/www.who.int\/news-room\/fact-sheets\/detail\" target=\"_blank\" rel=\"noopener\">estimaciones de salud mundial de la OMS<\/a>\u00a0revelaron que las\u00a0<a href=\"https:\/\/www.who.int\/health-topics\/noncommunicable-diseases\" target=\"_blank\" rel=\"noopener\">enfermedades no transmisibles (ENT)<\/a>\u00a0fueron responsables de 7 de las 10 principales causas de muerte en 2019. En 2020 vimos cu\u00e1n particularmente vulnerables son las personas con ENT al COVID-19 y cu\u00e1n vital es garantizar que los programas de detecci\u00f3n y tratamiento de enfermedades como el c\u00e1ncer, la diabetes y las enfermedades card\u00edacas sean accesibles para todos los que los necesiten cuando los necesiten.\u00a0Este ser\u00e1 un enfoque importante en 2021, junto con un nuevo<a href=\"https:\/\/www.who.int\/news\/item\/17-11-2020-who-announces-the-global-diabetes-compact\">Global Diabetes Compact<\/a>\u00a0y una campa\u00f1a para ayudar a\u00a0<a href=\"https:\/\/www.who.int\/news-room\/spotlight\/more-than-100-reasons-to-quit-tobacco\" target=\"_blank\" rel=\"noopener\">100 millones de personas a dejar el tabaco.\u00a0<\/a><\/p>\n<\/li>\n<li>\n<p style=\"text-align: justify\"><strong>Reconstruir mejor: <\/strong><span>COVID-19 ha sido un momento crucial en muchos sentidos y ofrece una oportunidad \u00fanica para reconstruir un mundo mejor, m\u00e1s verde y m\u00e1s saludable.\u00a0Nuestro\u00a0<\/span><a href=\"https:\/\/www.who.int\/news-room\/feature-stories\/detail\" target=\"_blank\" rel=\"noopener\"><span>Manifiesto para una recuperaci\u00f3n saludable de COVID-19<\/span><\/a><span> , con sus objetivos de abordar el cambio clim\u00e1tico y la salud, reducir la contaminaci\u00f3n del aire y mejorar la calidad del aire, puede desempe\u00f1ar un papel importante para que esto suceda. L<\/span><span>a conferencia en junio de 2021 se centrar\u00e1 en el apoyo a la salud en los peque\u00f1os Estados insulares en desarrollo.\u00a0Mientras tanto, se llevar\u00e1 adelante las recomendaciones de la <\/span><a href=\"https:\/\/www.who.int\/news-room\/spotlight\/a-future-for-the-worlds-children\" target=\"_blank\" rel=\"noopener\" data-sf-ec-immutable=\"\"><span>Comisi\u00f3n OMS \/ UNICEF \/ Lancet de 2020.<\/span><\/a><\/p>\n<\/li>\n<li>\n<p style=\"text-align: justify\"><strong>Actuar en solidaridad: <\/strong><span>Uno de los principios clave que la OMS ha enfatizado a lo largo de la lucha contra el COVID-19 es la necesidad de demostrar una mayor solidaridad entre naciones, instituciones, comunidades e individuos, cerrando las grietas en nuestras defensas sobre las que prospera el virus. <\/span><span>En 2021 daremos prioridad a esto: la creaci\u00f3n de capacidad nacional a trav\u00e9s de nuestro trabajo con los Estados Miembros, pero tambi\u00e9n con nuevas iniciativas, por ejemplo, trabajando con grupos de j\u00f3venes, fortaleciendo y ampliando las alianzas con la sociedad civil y el sector privado, y asoci\u00e1ndonos con la nueva\u00a0<\/span><a href=\"https:\/\/www.who.foundation\/en\" target=\"_blank\" rel=\"noopener\" data-sf-ec-immutable=\"\"><span>Fundaci\u00f3n OMS<\/span><\/a><span> .<\/span><\/p>\n<\/li>\n<\/ul>\n<div style=\"width: 1034px\" class=\"wp-caption alignnone\"><img loading=\"lazy\" decoding=\"async\" src=\"https:\/\/www.who.int\/images\/default-source\/imported\/solidarity-chain\/geneva\/5-solidarity-chain-geneva-world-health-day-2019-with-unicef.tmb-1024v.jpg?sfvrsn=633085a2_5\" alt=\"La OMS y sus socios forman una cadena de solidaridad\" width=\"1024\" height=\"682\" \/><p class=\"wp-caption-text\">OMS \/ P. Albouy Partidarios de otras agencias de la ONU estuvieron presentes en solidaridad con la OMS para lograr la cobertura sanitaria universal. D\u00eda Mundial de la Salud 2019. Cr\u00e9ditos<\/p><\/div>\n","protected":false},"excerpt":{"rendered":"<p>REDACCI\u00d3N NOTI AM\u00c9RICA (ECUADOR) 2020 fue un a\u00f1o devastador para la salud mundial.\u00a0Un virus previamente desconocido corri\u00f3 por todo el mundo, emergiendo r\u00e1pidamente como uno de sus principales asesinos, poniendo al descubierto las deficiencias&#46;&#46;&#46;<\/p>\n","protected":false},"author":17,"featured_media":12357,"comment_status":"open","ping_status":"open","sticky":false,"template":"","format":"standard","meta":{"_acf_changed":false,"om_disable_all_campaigns":false,"rop_custom_images_group":[],"rop_custom_messages_group":[],"rop_publish_now":"initial","rop_publish_now_accounts":{"twitter_242054905_242054905":""},"rop_publish_now_history":[],"rop_publish_now_status":"pending","_uf_show_specific_survey":0,"_uf_disable_surveys":false,"footnotes":""},"categories":[35],"tags":[],"class_list":["post-12356","post","type-post","status-publish","format-standard","has-post-thumbnail","hentry","category-salud"],"acf":[],"aioseo_notices":[],"yoast_head":"<!-- This site is optimized with the Yoast SEO Premium plugin v24.9 (Yoast SEO v27.2) - https:\/\/yoast.com\/product\/yoast-seo-premium-wordpress\/ -->\n<title>Diez problemas de salud mundial para realizar un seguimiento en 2021: OMS - Ecuador | Noti-America.com<\/title>\n<meta name=\"robots\" content=\"index, follow, max-snippet:-1, max-image-preview:large, max-video-preview:-1\" \/>\n<link rel=\"canonical\" href=\"https:\/\/noti-america.com\/site\/ecuador\/2020\/12\/27\/diez-problemas-de-salud-mundial-para-realizar-un-seguimiento-en-2021-oms\/\" \/>\n<meta property=\"og:locale\" content=\"es_ES\" \/>\n<meta property=\"og:type\" content=\"article\" \/>\n<meta property=\"og:title\" content=\"Diez problemas de salud mundial para realizar un seguimiento en 2021: OMS\" \/>\n<meta property=\"og:description\" content=\"REDACCI\u00d3N NOTI AM\u00c9RICA (ECUADOR) 2020 fue un a\u00f1o devastador para la salud mundial.\u00a0Un virus previamente desconocido corri\u00f3 por todo el mundo, emergiendo r\u00e1pidamente como uno de sus principales asesinos, poniendo al descubierto las deficiencias&#046;&#046;&#046;\" \/>\n<meta property=\"og:url\" content=\"https:\/\/noti-america.com\/site\/ecuador\/2020\/12\/27\/diez-problemas-de-salud-mundial-para-realizar-un-seguimiento-en-2021-oms\/\" \/>\n<meta property=\"og:site_name\" content=\"Ecuador | Noti-America.com\" \/>\n<meta property=\"article:published_time\" content=\"2020-12-27T19:00:14+00:00\" \/>\n<meta property=\"og:image\" content=\"https:\/\/noti-america.com\/site\/ecuador\/wp-content\/uploads\/sites\/18\/2020\/12\/05-science-data.jpg\" \/>\n\t<meta property=\"og:image:width\" content=\"1000\" \/>\n\t<meta property=\"og:image:height\" content=\"667\" \/>\n\t<meta property=\"og:image:type\" content=\"image\/jpeg\" \/>\n<meta name=\"author\" content=\"Gregory Quintana Montiel\" \/>\n<meta name=\"twitter:card\" content=\"summary_large_image\" \/>\n<meta name=\"twitter:creator\" content=\"@gdgregori1\" \/>\n<meta name=\"twitter:site\" content=\"@notiamerica\" \/>\n<meta name=\"twitter:label1\" content=\"Escrito por\" \/>\n\t<meta name=\"twitter:data1\" content=\"Gregory Quintana Montiel\" \/>\n\t<meta name=\"twitter:label2\" content=\"Tiempo estimado de lectura\" \/>\n\t<meta name=\"twitter:data2\" content=\"7 minutos\" \/>\n<script type=\"application\/ld+json\" class=\"yoast-schema-graph\">{\"@context\":\"https:\/\/schema.org\",\"@graph\":[{\"@type\":\"Article\",\"@id\":\"https:\/\/noti-america.com\/site\/ecuador\/2020\/12\/27\/diez-problemas-de-salud-mundial-para-realizar-un-seguimiento-en-2021-oms\/#article\",\"isPartOf\":{\"@id\":\"https:\/\/noti-america.com\/site\/ecuador\/2020\/12\/27\/diez-problemas-de-salud-mundial-para-realizar-un-seguimiento-en-2021-oms\/\"},\"author\":{\"name\":\"Gregory Quintana Montiel\",\"@id\":\"https:\/\/noti-america.com\/site\/ecuador\/#\/schema\/person\/3b975e42f15abfe64bfe3abdd916efda\"},\"headline\":\"Diez problemas de salud mundial para realizar un seguimiento en 2021: OMS\",\"datePublished\":\"2020-12-27T19:00:14+00:00\",\"mainEntityOfPage\":{\"@id\":\"https:\/\/noti-america.com\/site\/ecuador\/2020\/12\/27\/diez-problemas-de-salud-mundial-para-realizar-un-seguimiento-en-2021-oms\/\"},\"wordCount\":1488,\"commentCount\":0,\"publisher\":{\"@id\":\"https:\/\/noti-america.com\/site\/ecuador\/#organization\"},\"image\":{\"@id\":\"https:\/\/noti-america.com\/site\/ecuador\/2020\/12\/27\/diez-problemas-de-salud-mundial-para-realizar-un-seguimiento-en-2021-oms\/#primaryimage\"},\"thumbnailUrl\":\"https:\/\/noti-america.com\/site\/ecuador\/wp-content\/uploads\/sites\/18\/2020\/12\/05-science-data.jpg\",\"articleSection\":[\"Salud\"],\"inLanguage\":\"es\",\"potentialAction\":[{\"@type\":\"CommentAction\",\"name\":\"Comment\",\"target\":[\"https:\/\/noti-america.com\/site\/ecuador\/2020\/12\/27\/diez-problemas-de-salud-mundial-para-realizar-un-seguimiento-en-2021-oms\/#respond\"]}]},{\"@type\":\"WebPage\",\"@id\":\"https:\/\/noti-america.com\/site\/ecuador\/2020\/12\/27\/diez-problemas-de-salud-mundial-para-realizar-un-seguimiento-en-2021-oms\/\",\"url\":\"https:\/\/noti-america.com\/site\/ecuador\/2020\/12\/27\/diez-problemas-de-salud-mundial-para-realizar-un-seguimiento-en-2021-oms\/\",\"name\":\"Diez problemas de salud mundial para realizar un seguimiento en 2021: OMS - Ecuador | Noti-America.com\",\"isPartOf\":{\"@id\":\"https:\/\/noti-america.com\/site\/ecuador\/#website\"},\"primaryImageOfPage\":{\"@id\":\"https:\/\/noti-america.com\/site\/ecuador\/2020\/12\/27\/diez-problemas-de-salud-mundial-para-realizar-un-seguimiento-en-2021-oms\/#primaryimage\"},\"image\":{\"@id\":\"https:\/\/noti-america.com\/site\/ecuador\/2020\/12\/27\/diez-problemas-de-salud-mundial-para-realizar-un-seguimiento-en-2021-oms\/#primaryimage\"},\"thumbnailUrl\":\"https:\/\/noti-america.com\/site\/ecuador\/wp-content\/uploads\/sites\/18\/2020\/12\/05-science-data.jpg\",\"datePublished\":\"2020-12-27T19:00:14+00:00\",\"breadcrumb\":{\"@id\":\"https:\/\/noti-america.com\/site\/ecuador\/2020\/12\/27\/diez-problemas-de-salud-mundial-para-realizar-un-seguimiento-en-2021-oms\/#breadcrumb\"},\"inLanguage\":\"es\",\"potentialAction\":[{\"@type\":\"ReadAction\",\"target\":[\"https:\/\/noti-america.com\/site\/ecuador\/2020\/12\/27\/diez-problemas-de-salud-mundial-para-realizar-un-seguimiento-en-2021-oms\/\"]}]},{\"@type\":\"ImageObject\",\"inLanguage\":\"es\",\"@id\":\"https:\/\/noti-america.com\/site\/ecuador\/2020\/12\/27\/diez-problemas-de-salud-mundial-para-realizar-un-seguimiento-en-2021-oms\/#primaryimage\",\"url\":\"https:\/\/noti-america.com\/site\/ecuador\/wp-content\/uploads\/sites\/18\/2020\/12\/05-science-data.jpg\",\"contentUrl\":\"https:\/\/noti-america.com\/site\/ecuador\/wp-content\/uploads\/sites\/18\/2020\/12\/05-science-data.jpg\",\"width\":1000,\"height\":667},{\"@type\":\"BreadcrumbList\",\"@id\":\"https:\/\/noti-america.com\/site\/ecuador\/2020\/12\/27\/diez-problemas-de-salud-mundial-para-realizar-un-seguimiento-en-2021-oms\/#breadcrumb\",\"itemListElement\":[{\"@type\":\"ListItem\",\"position\":1,\"name\":\"Portada\",\"item\":\"https:\/\/noti-america.com\/site\/ecuador\/\"},{\"@type\":\"ListItem\",\"position\":2,\"name\":\"Diez problemas de salud mundial para realizar un seguimiento en 2021: OMS\"}]},{\"@type\":\"WebSite\",\"@id\":\"https:\/\/noti-america.com\/site\/ecuador\/#website\",\"url\":\"https:\/\/noti-america.com\/site\/ecuador\/\",\"name\":\"Ecuador | Noti-America.com\",\"description\":\"\",\"publisher\":{\"@id\":\"https:\/\/noti-america.com\/site\/ecuador\/#organization\"},\"potentialAction\":[{\"@type\":\"SearchAction\",\"target\":{\"@type\":\"EntryPoint\",\"urlTemplate\":\"https:\/\/noti-america.com\/site\/ecuador\/?s={search_term_string}\"},\"query-input\":{\"@type\":\"PropertyValueSpecification\",\"valueRequired\":true,\"valueName\":\"search_term_string\"}}],\"inLanguage\":\"es\"},{\"@type\":\"Organization\",\"@id\":\"https:\/\/noti-america.com\/site\/ecuador\/#organization\",\"name\":\"Noti-America LLC | Ecuador\",\"url\":\"https:\/\/noti-america.com\/site\/ecuador\/\",\"logo\":{\"@type\":\"ImageObject\",\"inLanguage\":\"es\",\"@id\":\"https:\/\/noti-america.com\/site\/ecuador\/#\/schema\/logo\/image\/\",\"url\":\"https:\/\/noti-america.com\/site\/ecuador\/wp-content\/uploads\/sites\/18\/2020\/07\/LogoNA-4x3-1.jpg\",\"contentUrl\":\"https:\/\/noti-america.com\/site\/ecuador\/wp-content\/uploads\/sites\/18\/2020\/07\/LogoNA-4x3-1.jpg\",\"width\":1236,\"height\":1080,\"caption\":\"Noti-America LLC | Ecuador\"},\"image\":{\"@id\":\"https:\/\/noti-america.com\/site\/ecuador\/#\/schema\/logo\/image\/\"},\"sameAs\":[\"https:\/\/x.com\/notiamerica\"]},{\"@type\":\"Person\",\"@id\":\"https:\/\/noti-america.com\/site\/ecuador\/#\/schema\/person\/3b975e42f15abfe64bfe3abdd916efda\",\"name\":\"Gregory Quintana Montiel\",\"image\":{\"@type\":\"ImageObject\",\"inLanguage\":\"es\",\"@id\":\"https:\/\/secure.gravatar.com\/avatar\/2d6b802f7720c2ec7744dcbe608cc2f3417aeb964d58b443c6d612b77531de1d?s=96&d=mm&r=g\",\"url\":\"https:\/\/secure.gravatar.com\/avatar\/2d6b802f7720c2ec7744dcbe608cc2f3417aeb964d58b443c6d612b77531de1d?s=96&d=mm&r=g\",\"contentUrl\":\"https:\/\/secure.gravatar.com\/avatar\/2d6b802f7720c2ec7744dcbe608cc2f3417aeb964d58b443c6d612b77531de1d?s=96&d=mm&r=g\",\"caption\":\"Gregory Quintana Montiel\"},\"description\":\"Licenciatura en Ciencias de la Comunicaci\u00f3n Social, egresado en la Especializaci\u00f3n Derecho Ambiental Desarrollo Sostenible y Sustentable, Miembro de la Comunidad de profesionales y experto para Latinoam\u00e9rica y el Caribe en Gesti\u00f3n por Resultado en el Desarrollo (COPLAC - GpRD) del Banco Interamericano de Desarrollo, experiencia en medios radiales y escritos.\",\"sameAs\":[\"https:\/\/x.com\/gdgregori1\",\"gquintana\"],\"url\":\"https:\/\/noti-america.com\/site\/ecuador\/author\/gquintana\/\"}]}<\/script>\n<!-- \/ Yoast SEO Premium plugin. -->","yoast_head_json":{"title":"Diez problemas de salud mundial para realizar un seguimiento en 2021: OMS - Ecuador | Noti-America.com","robots":{"index":"index","follow":"follow","max-snippet":"max-snippet:-1","max-image-preview":"max-image-preview:large","max-video-preview":"max-video-preview:-1"},"canonical":"https:\/\/noti-america.com\/site\/ecuador\/2020\/12\/27\/diez-problemas-de-salud-mundial-para-realizar-un-seguimiento-en-2021-oms\/","og_locale":"es_ES","og_type":"article","og_title":"Diez problemas de salud mundial para realizar un seguimiento en 2021: OMS","og_description":"REDACCI\u00d3N NOTI AM\u00c9RICA (ECUADOR) 2020 fue un a\u00f1o devastador para la salud mundial.\u00a0Un virus previamente desconocido corri\u00f3 por todo el mundo, emergiendo r\u00e1pidamente como uno de sus principales asesinos, poniendo al descubierto las deficiencias&#46;&#46;&#46;","og_url":"https:\/\/noti-america.com\/site\/ecuador\/2020\/12\/27\/diez-problemas-de-salud-mundial-para-realizar-un-seguimiento-en-2021-oms\/","og_site_name":"Ecuador | Noti-America.com","article_published_time":"2020-12-27T19:00:14+00:00","og_image":[{"width":1000,"height":667,"url":"https:\/\/noti-america.com\/site\/ecuador\/wp-content\/uploads\/sites\/18\/2020\/12\/05-science-data.jpg","type":"image\/jpeg"}],"author":"Gregory Quintana Montiel","twitter_card":"summary_large_image","twitter_creator":"@gdgregori1","twitter_site":"@notiamerica","twitter_misc":{"Escrito por":"Gregory Quintana Montiel","Tiempo estimado de lectura":"7 minutos"},"schema":{"@context":"https:\/\/schema.org","@graph":[{"@type":"Article","@id":"https:\/\/noti-america.com\/site\/ecuador\/2020\/12\/27\/diez-problemas-de-salud-mundial-para-realizar-un-seguimiento-en-2021-oms\/#article","isPartOf":{"@id":"https:\/\/noti-america.com\/site\/ecuador\/2020\/12\/27\/diez-problemas-de-salud-mundial-para-realizar-un-seguimiento-en-2021-oms\/"},"author":{"name":"Gregory Quintana Montiel","@id":"https:\/\/noti-america.com\/site\/ecuador\/#\/schema\/person\/3b975e42f15abfe64bfe3abdd916efda"},"headline":"Diez problemas de salud mundial para realizar un seguimiento en 2021: OMS","datePublished":"2020-12-27T19:00:14+00:00","mainEntityOfPage":{"@id":"https:\/\/noti-america.com\/site\/ecuador\/2020\/12\/27\/diez-problemas-de-salud-mundial-para-realizar-un-seguimiento-en-2021-oms\/"},"wordCount":1488,"commentCount":0,"publisher":{"@id":"https:\/\/noti-america.com\/site\/ecuador\/#organization"},"image":{"@id":"https:\/\/noti-america.com\/site\/ecuador\/2020\/12\/27\/diez-problemas-de-salud-mundial-para-realizar-un-seguimiento-en-2021-oms\/#primaryimage"},"thumbnailUrl":"https:\/\/noti-america.com\/site\/ecuador\/wp-content\/uploads\/sites\/18\/2020\/12\/05-science-data.jpg","articleSection":["Salud"],"inLanguage":"es","potentialAction":[{"@type":"CommentAction","name":"Comment","target":["https:\/\/noti-america.com\/site\/ecuador\/2020\/12\/27\/diez-problemas-de-salud-mundial-para-realizar-un-seguimiento-en-2021-oms\/#respond"]}]},{"@type":"WebPage","@id":"https:\/\/noti-america.com\/site\/ecuador\/2020\/12\/27\/diez-problemas-de-salud-mundial-para-realizar-un-seguimiento-en-2021-oms\/","url":"https:\/\/noti-america.com\/site\/ecuador\/2020\/12\/27\/diez-problemas-de-salud-mundial-para-realizar-un-seguimiento-en-2021-oms\/","name":"Diez problemas de salud mundial para realizar un seguimiento en 2021: OMS - Ecuador | Noti-America.com","isPartOf":{"@id":"https:\/\/noti-america.com\/site\/ecuador\/#website"},"primaryImageOfPage":{"@id":"https:\/\/noti-america.com\/site\/ecuador\/2020\/12\/27\/diez-problemas-de-salud-mundial-para-realizar-un-seguimiento-en-2021-oms\/#primaryimage"},"image":{"@id":"https:\/\/noti-america.com\/site\/ecuador\/2020\/12\/27\/diez-problemas-de-salud-mundial-para-realizar-un-seguimiento-en-2021-oms\/#primaryimage"},"thumbnailUrl":"https:\/\/noti-america.com\/site\/ecuador\/wp-content\/uploads\/sites\/18\/2020\/12\/05-science-data.jpg","datePublished":"2020-12-27T19:00:14+00:00","breadcrumb":{"@id":"https:\/\/noti-america.com\/site\/ecuador\/2020\/12\/27\/diez-problemas-de-salud-mundial-para-realizar-un-seguimiento-en-2021-oms\/#breadcrumb"},"inLanguage":"es","potentialAction":[{"@type":"ReadAction","target":["https:\/\/noti-america.com\/site\/ecuador\/2020\/12\/27\/diez-problemas-de-salud-mundial-para-realizar-un-seguimiento-en-2021-oms\/"]}]},{"@type":"ImageObject","inLanguage":"es","@id":"https:\/\/noti-america.com\/site\/ecuador\/2020\/12\/27\/diez-problemas-de-salud-mundial-para-realizar-un-seguimiento-en-2021-oms\/#primaryimage","url":"https:\/\/noti-america.com\/site\/ecuador\/wp-content\/uploads\/sites\/18\/2020\/12\/05-science-data.jpg","contentUrl":"https:\/\/noti-america.com\/site\/ecuador\/wp-content\/uploads\/sites\/18\/2020\/12\/05-science-data.jpg","width":1000,"height":667},{"@type":"BreadcrumbList","@id":"https:\/\/noti-america.com\/site\/ecuador\/2020\/12\/27\/diez-problemas-de-salud-mundial-para-realizar-un-seguimiento-en-2021-oms\/#breadcrumb","itemListElement":[{"@type":"ListItem","position":1,"name":"Portada","item":"https:\/\/noti-america.com\/site\/ecuador\/"},{"@type":"ListItem","position":2,"name":"Diez problemas de salud mundial para realizar un seguimiento en 2021: OMS"}]},{"@type":"WebSite","@id":"https:\/\/noti-america.com\/site\/ecuador\/#website","url":"https:\/\/noti-america.com\/site\/ecuador\/","name":"Ecuador | Noti-America.com","description":"","publisher":{"@id":"https:\/\/noti-america.com\/site\/ecuador\/#organization"},"potentialAction":[{"@type":"SearchAction","target":{"@type":"EntryPoint","urlTemplate":"https:\/\/noti-america.com\/site\/ecuador\/?s={search_term_string}"},"query-input":{"@type":"PropertyValueSpecification","valueRequired":true,"valueName":"search_term_string"}}],"inLanguage":"es"},{"@type":"Organization","@id":"https:\/\/noti-america.com\/site\/ecuador\/#organization","name":"Noti-America LLC | Ecuador","url":"https:\/\/noti-america.com\/site\/ecuador\/","logo":{"@type":"ImageObject","inLanguage":"es","@id":"https:\/\/noti-america.com\/site\/ecuador\/#\/schema\/logo\/image\/","url":"https:\/\/noti-america.com\/site\/ecuador\/wp-content\/uploads\/sites\/18\/2020\/07\/LogoNA-4x3-1.jpg","contentUrl":"https:\/\/noti-america.com\/site\/ecuador\/wp-content\/uploads\/sites\/18\/2020\/07\/LogoNA-4x3-1.jpg","width":1236,"height":1080,"caption":"Noti-America LLC | Ecuador"},"image":{"@id":"https:\/\/noti-america.com\/site\/ecuador\/#\/schema\/logo\/image\/"},"sameAs":["https:\/\/x.com\/notiamerica"]},{"@type":"Person","@id":"https:\/\/noti-america.com\/site\/ecuador\/#\/schema\/person\/3b975e42f15abfe64bfe3abdd916efda","name":"Gregory Quintana Montiel","image":{"@type":"ImageObject","inLanguage":"es","@id":"https:\/\/secure.gravatar.com\/avatar\/2d6b802f7720c2ec7744dcbe608cc2f3417aeb964d58b443c6d612b77531de1d?s=96&d=mm&r=g","url":"https:\/\/secure.gravatar.com\/avatar\/2d6b802f7720c2ec7744dcbe608cc2f3417aeb964d58b443c6d612b77531de1d?s=96&d=mm&r=g","contentUrl":"https:\/\/secure.gravatar.com\/avatar\/2d6b802f7720c2ec7744dcbe608cc2f3417aeb964d58b443c6d612b77531de1d?s=96&d=mm&r=g","caption":"Gregory Quintana Montiel"},"description":"Licenciatura en Ciencias de la Comunicaci\u00f3n Social, egresado en la Especializaci\u00f3n Derecho Ambiental Desarrollo Sostenible y Sustentable, Miembro de la Comunidad de profesionales y experto para Latinoam\u00e9rica y el Caribe en Gesti\u00f3n por Resultado en el Desarrollo (COPLAC - GpRD) del Banco Interamericano de Desarrollo, experiencia en medios radiales y escritos.","sameAs":["https:\/\/x.com\/gdgregori1","gquintana"],"url":"https:\/\/noti-america.com\/site\/ecuador\/author\/gquintana\/"}]}},"_links":{"self":[{"href":"https:\/\/noti-america.com\/site\/ecuador\/wp-json\/wp\/v2\/posts\/12356","targetHints":{"allow":["GET"]}}],"collection":[{"href":"https:\/\/noti-america.com\/site\/ecuador\/wp-json\/wp\/v2\/posts"}],"about":[{"href":"https:\/\/noti-america.com\/site\/ecuador\/wp-json\/wp\/v2\/types\/post"}],"author":[{"embeddable":true,"href":"https:\/\/noti-america.com\/site\/ecuador\/wp-json\/wp\/v2\/users\/17"}],"replies":[{"embeddable":true,"href":"https:\/\/noti-america.com\/site\/ecuador\/wp-json\/wp\/v2\/comments?post=12356"}],"version-history":[{"count":1,"href":"https:\/\/noti-america.com\/site\/ecuador\/wp-json\/wp\/v2\/posts\/12356\/revisions"}],"predecessor-version":[{"id":12358,"href":"https:\/\/noti-america.com\/site\/ecuador\/wp-json\/wp\/v2\/posts\/12356\/revisions\/12358"}],"wp:featuredmedia":[{"embeddable":true,"href":"https:\/\/noti-america.com\/site\/ecuador\/wp-json\/wp\/v2\/media\/12357"}],"wp:attachment":[{"href":"https:\/\/noti-america.com\/site\/ecuador\/wp-json\/wp\/v2\/media?parent=12356"}],"wp:term":[{"taxonomy":"category","embeddable":true,"href":"https:\/\/noti-america.com\/site\/ecuador\/wp-json\/wp\/v2\/categories?post=12356"},{"taxonomy":"post_tag","embeddable":true,"href":"https:\/\/noti-america.com\/site\/ecuador\/wp-json\/wp\/v2\/tags?post=12356"}],"curies":[{"name":"wp","href":"https:\/\/api.w.org\/{rel}","templated":true}]}}