{"id":12291,"date":"2020-12-21T03:34:38","date_gmt":"2020-12-21T03:34:38","guid":{"rendered":"https:\/\/noti-america.com\/site\/ecuador\/?p=12291"},"modified":"2020-12-21T03:34:38","modified_gmt":"2020-12-21T03:34:38","slug":"el-idolo-de-ecuador-disputara-la-final-del-campeonato-con-ldu","status":"publish","type":"post","link":"https:\/\/noti-america.com\/site\/ecuador\/2020\/12\/21\/el-idolo-de-ecuador-disputara-la-final-del-campeonato-con-ldu\/","title":{"rendered":"El \u00eddolo de Ecuador disputar\u00e1 la final del campeonato con LDU"},"content":{"rendered":"<p><strong>REDACCI\u00d3N NOTI-AM\u00c9RICA (ECUADOR).<\/strong><\/p>\n<p><img loading=\"lazy\" decoding=\"async\" class=\"alignnone  wp-image-12292\" src=\"https:\/\/noti-america.com\/site\/ecuador\/wp-content\/uploads\/sites\/18\/2020\/12\/psx_20201220_190512_1-300x231.jpg\" alt=\"\" width=\"445\" height=\"343\" srcset=\"https:\/\/noti-america.com\/site\/ecuador\/wp-content\/uploads\/sites\/18\/2020\/12\/psx_20201220_190512_1-300x231.jpg 300w, https:\/\/noti-america.com\/site\/ecuador\/wp-content\/uploads\/sites\/18\/2020\/12\/psx_20201220_190512_1.jpg 585w\" sizes=\"auto, (max-width: 445px) 100vw, 445px\" \/><\/p>\n<p>Barcelona S.C. de Guayaquil empat\u00f3 en el estadio Atahualpa a cero con la Universidad Cat\u00f3lica este 20 de diciembre en la \u00faltima jornada de la segunda ronda del campeonato ecuatoriano de f\u00fatbol y obtuvo el boleto para disputar la final de la Liga Pro 2020 frente a Liga Deportiva Universitaria (LDU) de Quito.<\/p>\n<p>El resultado tambi\u00e9n result\u00f3 favorable para la &#8216;Chatole\u00ed&#8217;. El equipo celeste se clasificar\u00e1 a la fase previa de la Copa Libertadores 2021 y regresar\u00e1 al torneo por primera vez desde 1980.<\/p>\n<p>El club barcelon\u00e9s o torero, m\u00e1ximo ganador de la competici\u00f3n nacional con quince coronas, buscar\u00e1 contra los liguistas ampliar su palmar\u00e9s, en tanto que el elenco capitalino perseguir\u00e1 su estrella doce. La final es una serie de ida y vuelta: 23 en Guayaquil y 29 de diciembre en Quito, respectivamente.<\/p>\n<p>Liga ya sabe lo que es celebrar un t\u00edtulo en la definici\u00f3n directa contra Barcelona. Ambos equipos chocaron en la final del Apertura 2005, que se sald\u00f3 con la octava estrella de los universitarios. La serie finaliz\u00f3 3-1, luego de que el conjunto albo remontara con un marcador de 3-0 en Quito, en el partido de vuelta, la derrota por 1-0 en la ida. Ambos conjuntos accedieron tambi\u00e9n a la fase de grupos de la Copa Libertadores-2021.<\/p>\n<p>La Comisi\u00f3n Nacional de \u00c1rbitros de la Federaci\u00f3n Ecuatoriana de F\u00fatbol anunci\u00f3 la noche de este domingo que se implementar\u00e1 la tecnolog\u00eda de videoarbitraje (VAR) en los partidos de las finales. Seg\u00fan comunicado publicado en la p\u00e1gina oficial de la FEF, ese organismo ya ha notificado a la Liga Profesional y a los clubes finalistas, \u00abal tiempo que ha elevado la solicitud de autorizaci\u00f3n de uso del sistema VAR a la FIFA\u00bb.<\/p>\n<p>En las pr\u00f3ximas horas se informar\u00e1 la terna de \u00e1rbitros que conducir\u00e1n la primera final.<\/p>\n<p>&nbsp;<\/p>\n","protected":false},"excerpt":{"rendered":"<p>REDACCI\u00d3N NOTI-AM\u00c9RICA (ECUADOR). Barcelona S.C. de Guayaquil empat\u00f3 en el estadio Atahualpa a cero con la Universidad Cat\u00f3lica este 20 de diciembre en la \u00faltima jornada de la segunda ronda del campeonato ecuatoriano de&#46;&#46;&#46;<\/p>\n","protected":false},"author":81,"featured_media":12292,"comment_status":"open","ping_status":"open","sticky":false,"template":"","format":"standard","meta":{"_acf_changed":false,"om_disable_all_campaigns":false,"rop_custom_images_group":[],"rop_custom_messages_group":[],"rop_publish_now":"initial","rop_publish_now_accounts":{"twitter_242054905_242054905":""},"rop_publish_now_history":[],"rop_publish_now_status":"pending","_uf_show_specific_survey":0,"_uf_disable_surveys":false,"footnotes":""},"categories":[16,42],"tags":[],"class_list":["post-12291","post","type-post","status-publish","format-standard","has-post-thumbnail","hentry","category-deportes","category-noticias"],"acf":[],"aioseo_notices":[],"yoast_head":"<!-- This site is optimized with the Yoast SEO Premium plugin v24.9 (Yoast SEO v27.2) - https:\/\/yoast.com\/product\/yoast-seo-premium-wordpress\/ -->\n<title>El \u00eddolo de Ecuador disputar\u00e1 la final del campeonato con LDU - Ecuador | Noti-America.com<\/title>\n<meta name=\"robots\" content=\"index, follow, max-snippet:-1, max-image-preview:large, max-video-preview:-1\" \/>\n<link rel=\"canonical\" href=\"https:\/\/noti-america.com\/site\/ecuador\/2020\/12\/21\/el-idolo-de-ecuador-disputara-la-final-del-campeonato-con-ldu\/\" \/>\n<meta property=\"og:locale\" content=\"es_ES\" \/>\n<meta property=\"og:type\" content=\"article\" \/>\n<meta property=\"og:title\" content=\"El \u00eddolo de Ecuador disputar\u00e1 la final del campeonato con LDU\" \/>\n<meta property=\"og:description\" content=\"REDACCI\u00d3N NOTI-AM\u00c9RICA (ECUADOR). Barcelona S.C. de Guayaquil empat\u00f3 en el estadio Atahualpa a cero con la Universidad Cat\u00f3lica este 20 de diciembre en la \u00faltima jornada de la segunda ronda del campeonato ecuatoriano de&#046;&#046;&#046;\" \/>\n<meta property=\"og:url\" content=\"https:\/\/noti-america.com\/site\/ecuador\/2020\/12\/21\/el-idolo-de-ecuador-disputara-la-final-del-campeonato-con-ldu\/\" \/>\n<meta property=\"og:site_name\" content=\"Ecuador | Noti-America.com\" \/>\n<meta property=\"article:published_time\" content=\"2020-12-21T03:34:38+00:00\" \/>\n<meta property=\"og:image\" content=\"https:\/\/noti-america.com\/site\/ecuador\/wp-content\/uploads\/sites\/18\/2020\/12\/psx_20201220_190512_1.jpg\" \/>\n\t<meta property=\"og:image:width\" content=\"585\" \/>\n\t<meta property=\"og:image:height\" content=\"450\" \/>\n\t<meta property=\"og:image:type\" content=\"image\/jpeg\" \/>\n<meta name=\"author\" content=\"Boris Moyano\" \/>\n<meta name=\"twitter:card\" content=\"summary_large_image\" \/>\n<meta name=\"twitter:creator\" content=\"@notiamerica\" \/>\n<meta name=\"twitter:site\" content=\"@notiamerica\" \/>\n<meta name=\"twitter:label1\" content=\"Escrito por\" \/>\n\t<meta name=\"twitter:data1\" content=\"Boris Moyano\" \/>\n\t<meta name=\"twitter:label2\" content=\"Tiempo estimado de lectura\" \/>\n\t<meta name=\"twitter:data2\" content=\"2 minutos\" \/>\n<script type=\"application\/ld+json\" class=\"yoast-schema-graph\">{\"@context\":\"https:\/\/schema.org\",\"@graph\":[{\"@type\":\"Article\",\"@id\":\"https:\/\/noti-america.com\/site\/ecuador\/2020\/12\/21\/el-idolo-de-ecuador-disputara-la-final-del-campeonato-con-ldu\/#article\",\"isPartOf\":{\"@id\":\"https:\/\/noti-america.com\/site\/ecuador\/2020\/12\/21\/el-idolo-de-ecuador-disputara-la-final-del-campeonato-con-ldu\/\"},\"author\":{\"name\":\"Boris Moyano\",\"@id\":\"https:\/\/noti-america.com\/site\/ecuador\/#\/schema\/person\/063740b70e1baad7ce400b3b8bd8b8e3\"},\"headline\":\"El \u00eddolo de Ecuador disputar\u00e1 la final del campeonato con LDU\",\"datePublished\":\"2020-12-21T03:34:38+00:00\",\"mainEntityOfPage\":{\"@id\":\"https:\/\/noti-america.com\/site\/ecuador\/2020\/12\/21\/el-idolo-de-ecuador-disputara-la-final-del-campeonato-con-ldu\/\"},\"wordCount\":328,\"commentCount\":0,\"publisher\":{\"@id\":\"https:\/\/noti-america.com\/site\/ecuador\/#organization\"},\"image\":{\"@id\":\"https:\/\/noti-america.com\/site\/ecuador\/2020\/12\/21\/el-idolo-de-ecuador-disputara-la-final-del-campeonato-con-ldu\/#primaryimage\"},\"thumbnailUrl\":\"https:\/\/noti-america.com\/site\/ecuador\/wp-content\/uploads\/sites\/18\/2020\/12\/psx_20201220_190512_1.jpg\",\"articleSection\":[\"Deportes\",\"Noticias\"],\"inLanguage\":\"es\",\"potentialAction\":[{\"@type\":\"CommentAction\",\"name\":\"Comment\",\"target\":[\"https:\/\/noti-america.com\/site\/ecuador\/2020\/12\/21\/el-idolo-de-ecuador-disputara-la-final-del-campeonato-con-ldu\/#respond\"]}]},{\"@type\":\"WebPage\",\"@id\":\"https:\/\/noti-america.com\/site\/ecuador\/2020\/12\/21\/el-idolo-de-ecuador-disputara-la-final-del-campeonato-con-ldu\/\",\"url\":\"https:\/\/noti-america.com\/site\/ecuador\/2020\/12\/21\/el-idolo-de-ecuador-disputara-la-final-del-campeonato-con-ldu\/\",\"name\":\"El \u00eddolo de Ecuador disputar\u00e1 la final del campeonato con LDU - Ecuador | Noti-America.com\",\"isPartOf\":{\"@id\":\"https:\/\/noti-america.com\/site\/ecuador\/#website\"},\"primaryImageOfPage\":{\"@id\":\"https:\/\/noti-america.com\/site\/ecuador\/2020\/12\/21\/el-idolo-de-ecuador-disputara-la-final-del-campeonato-con-ldu\/#primaryimage\"},\"image\":{\"@id\":\"https:\/\/noti-america.com\/site\/ecuador\/2020\/12\/21\/el-idolo-de-ecuador-disputara-la-final-del-campeonato-con-ldu\/#primaryimage\"},\"thumbnailUrl\":\"https:\/\/noti-america.com\/site\/ecuador\/wp-content\/uploads\/sites\/18\/2020\/12\/psx_20201220_190512_1.jpg\",\"datePublished\":\"2020-12-21T03:34:38+00:00\",\"breadcrumb\":{\"@id\":\"https:\/\/noti-america.com\/site\/ecuador\/2020\/12\/21\/el-idolo-de-ecuador-disputara-la-final-del-campeonato-con-ldu\/#breadcrumb\"},\"inLanguage\":\"es\",\"potentialAction\":[{\"@type\":\"ReadAction\",\"target\":[\"https:\/\/noti-america.com\/site\/ecuador\/2020\/12\/21\/el-idolo-de-ecuador-disputara-la-final-del-campeonato-con-ldu\/\"]}]},{\"@type\":\"ImageObject\",\"inLanguage\":\"es\",\"@id\":\"https:\/\/noti-america.com\/site\/ecuador\/2020\/12\/21\/el-idolo-de-ecuador-disputara-la-final-del-campeonato-con-ldu\/#primaryimage\",\"url\":\"https:\/\/noti-america.com\/site\/ecuador\/wp-content\/uploads\/sites\/18\/2020\/12\/psx_20201220_190512_1.jpg\",\"contentUrl\":\"https:\/\/noti-america.com\/site\/ecuador\/wp-content\/uploads\/sites\/18\/2020\/12\/psx_20201220_190512_1.jpg\",\"width\":585,\"height\":450},{\"@type\":\"BreadcrumbList\",\"@id\":\"https:\/\/noti-america.com\/site\/ecuador\/2020\/12\/21\/el-idolo-de-ecuador-disputara-la-final-del-campeonato-con-ldu\/#breadcrumb\",\"itemListElement\":[{\"@type\":\"ListItem\",\"position\":1,\"name\":\"Portada\",\"item\":\"https:\/\/noti-america.com\/site\/ecuador\/\"},{\"@type\":\"ListItem\",\"position\":2,\"name\":\"El \u00eddolo de Ecuador disputar\u00e1 la final del campeonato con LDU\"}]},{\"@type\":\"WebSite\",\"@id\":\"https:\/\/noti-america.com\/site\/ecuador\/#website\",\"url\":\"https:\/\/noti-america.com\/site\/ecuador\/\",\"name\":\"Ecuador | Noti-America.com\",\"description\":\"\",\"publisher\":{\"@id\":\"https:\/\/noti-america.com\/site\/ecuador\/#organization\"},\"potentialAction\":[{\"@type\":\"SearchAction\",\"target\":{\"@type\":\"EntryPoint\",\"urlTemplate\":\"https:\/\/noti-america.com\/site\/ecuador\/?s={search_term_string}\"},\"query-input\":{\"@type\":\"PropertyValueSpecification\",\"valueRequired\":true,\"valueName\":\"search_term_string\"}}],\"inLanguage\":\"es\"},{\"@type\":\"Organization\",\"@id\":\"https:\/\/noti-america.com\/site\/ecuador\/#organization\",\"name\":\"Noti-America LLC | Ecuador\",\"url\":\"https:\/\/noti-america.com\/site\/ecuador\/\",\"logo\":{\"@type\":\"ImageObject\",\"inLanguage\":\"es\",\"@id\":\"https:\/\/noti-america.com\/site\/ecuador\/#\/schema\/logo\/image\/\",\"url\":\"https:\/\/noti-america.com\/site\/ecuador\/wp-content\/uploads\/sites\/18\/2020\/07\/LogoNA-4x3-1.jpg\",\"contentUrl\":\"https:\/\/noti-america.com\/site\/ecuador\/wp-content\/uploads\/sites\/18\/2020\/07\/LogoNA-4x3-1.jpg\",\"width\":1236,\"height\":1080,\"caption\":\"Noti-America LLC | Ecuador\"},\"image\":{\"@id\":\"https:\/\/noti-america.com\/site\/ecuador\/#\/schema\/logo\/image\/\"},\"sameAs\":[\"https:\/\/x.com\/notiamerica\"]},{\"@type\":\"Person\",\"@id\":\"https:\/\/noti-america.com\/site\/ecuador\/#\/schema\/person\/063740b70e1baad7ce400b3b8bd8b8e3\",\"name\":\"Boris Moyano\",\"image\":{\"@type\":\"ImageObject\",\"inLanguage\":\"es\",\"@id\":\"https:\/\/secure.gravatar.com\/avatar\/1635fd8d206bae736e855dfe91602736d1ea92af1a7f3fa7f62c848f245a1404?s=96&d=mm&r=g\",\"url\":\"https:\/\/secure.gravatar.com\/avatar\/1635fd8d206bae736e855dfe91602736d1ea92af1a7f3fa7f62c848f245a1404?s=96&d=mm&r=g\",\"contentUrl\":\"https:\/\/secure.gravatar.com\/avatar\/1635fd8d206bae736e855dfe91602736d1ea92af1a7f3fa7f62c848f245a1404?s=96&d=mm&r=g\",\"caption\":\"Boris Moyano\"},\"url\":\"https:\/\/noti-america.com\/site\/ecuador\/author\/bmoyano\/\"}]}<\/script>\n<!-- \/ Yoast SEO Premium plugin. -->","yoast_head_json":{"title":"El \u00eddolo de Ecuador disputar\u00e1 la final del campeonato con LDU - Ecuador | Noti-America.com","robots":{"index":"index","follow":"follow","max-snippet":"max-snippet:-1","max-image-preview":"max-image-preview:large","max-video-preview":"max-video-preview:-1"},"canonical":"https:\/\/noti-america.com\/site\/ecuador\/2020\/12\/21\/el-idolo-de-ecuador-disputara-la-final-del-campeonato-con-ldu\/","og_locale":"es_ES","og_type":"article","og_title":"El \u00eddolo de Ecuador disputar\u00e1 la final del campeonato con LDU","og_description":"REDACCI\u00d3N NOTI-AM\u00c9RICA (ECUADOR). Barcelona S.C. de Guayaquil empat\u00f3 en el estadio Atahualpa a cero con la Universidad Cat\u00f3lica este 20 de diciembre en la \u00faltima jornada de la segunda ronda del campeonato ecuatoriano de&#46;&#46;&#46;","og_url":"https:\/\/noti-america.com\/site\/ecuador\/2020\/12\/21\/el-idolo-de-ecuador-disputara-la-final-del-campeonato-con-ldu\/","og_site_name":"Ecuador | Noti-America.com","article_published_time":"2020-12-21T03:34:38+00:00","og_image":[{"width":585,"height":450,"url":"https:\/\/noti-america.com\/site\/ecuador\/wp-content\/uploads\/sites\/18\/2020\/12\/psx_20201220_190512_1.jpg","type":"image\/jpeg"}],"author":"Boris Moyano","twitter_card":"summary_large_image","twitter_creator":"@notiamerica","twitter_site":"@notiamerica","twitter_misc":{"Escrito por":"Boris Moyano","Tiempo estimado de lectura":"2 minutos"},"schema":{"@context":"https:\/\/schema.org","@graph":[{"@type":"Article","@id":"https:\/\/noti-america.com\/site\/ecuador\/2020\/12\/21\/el-idolo-de-ecuador-disputara-la-final-del-campeonato-con-ldu\/#article","isPartOf":{"@id":"https:\/\/noti-america.com\/site\/ecuador\/2020\/12\/21\/el-idolo-de-ecuador-disputara-la-final-del-campeonato-con-ldu\/"},"author":{"name":"Boris Moyano","@id":"https:\/\/noti-america.com\/site\/ecuador\/#\/schema\/person\/063740b70e1baad7ce400b3b8bd8b8e3"},"headline":"El \u00eddolo de Ecuador disputar\u00e1 la final del campeonato con LDU","datePublished":"2020-12-21T03:34:38+00:00","mainEntityOfPage":{"@id":"https:\/\/noti-america.com\/site\/ecuador\/2020\/12\/21\/el-idolo-de-ecuador-disputara-la-final-del-campeonato-con-ldu\/"},"wordCount":328,"commentCount":0,"publisher":{"@id":"https:\/\/noti-america.com\/site\/ecuador\/#organization"},"image":{"@id":"https:\/\/noti-america.com\/site\/ecuador\/2020\/12\/21\/el-idolo-de-ecuador-disputara-la-final-del-campeonato-con-ldu\/#primaryimage"},"thumbnailUrl":"https:\/\/noti-america.com\/site\/ecuador\/wp-content\/uploads\/sites\/18\/2020\/12\/psx_20201220_190512_1.jpg","articleSection":["Deportes","Noticias"],"inLanguage":"es","potentialAction":[{"@type":"CommentAction","name":"Comment","target":["https:\/\/noti-america.com\/site\/ecuador\/2020\/12\/21\/el-idolo-de-ecuador-disputara-la-final-del-campeonato-con-ldu\/#respond"]}]},{"@type":"WebPage","@id":"https:\/\/noti-america.com\/site\/ecuador\/2020\/12\/21\/el-idolo-de-ecuador-disputara-la-final-del-campeonato-con-ldu\/","url":"https:\/\/noti-america.com\/site\/ecuador\/2020\/12\/21\/el-idolo-de-ecuador-disputara-la-final-del-campeonato-con-ldu\/","name":"El \u00eddolo de Ecuador disputar\u00e1 la final del campeonato con LDU - Ecuador | Noti-America.com","isPartOf":{"@id":"https:\/\/noti-america.com\/site\/ecuador\/#website"},"primaryImageOfPage":{"@id":"https:\/\/noti-america.com\/site\/ecuador\/2020\/12\/21\/el-idolo-de-ecuador-disputara-la-final-del-campeonato-con-ldu\/#primaryimage"},"image":{"@id":"https:\/\/noti-america.com\/site\/ecuador\/2020\/12\/21\/el-idolo-de-ecuador-disputara-la-final-del-campeonato-con-ldu\/#primaryimage"},"thumbnailUrl":"https:\/\/noti-america.com\/site\/ecuador\/wp-content\/uploads\/sites\/18\/2020\/12\/psx_20201220_190512_1.jpg","datePublished":"2020-12-21T03:34:38+00:00","breadcrumb":{"@id":"https:\/\/noti-america.com\/site\/ecuador\/2020\/12\/21\/el-idolo-de-ecuador-disputara-la-final-del-campeonato-con-ldu\/#breadcrumb"},"inLanguage":"es","potentialAction":[{"@type":"ReadAction","target":["https:\/\/noti-america.com\/site\/ecuador\/2020\/12\/21\/el-idolo-de-ecuador-disputara-la-final-del-campeonato-con-ldu\/"]}]},{"@type":"ImageObject","inLanguage":"es","@id":"https:\/\/noti-america.com\/site\/ecuador\/2020\/12\/21\/el-idolo-de-ecuador-disputara-la-final-del-campeonato-con-ldu\/#primaryimage","url":"https:\/\/noti-america.com\/site\/ecuador\/wp-content\/uploads\/sites\/18\/2020\/12\/psx_20201220_190512_1.jpg","contentUrl":"https:\/\/noti-america.com\/site\/ecuador\/wp-content\/uploads\/sites\/18\/2020\/12\/psx_20201220_190512_1.jpg","width":585,"height":450},{"@type":"BreadcrumbList","@id":"https:\/\/noti-america.com\/site\/ecuador\/2020\/12\/21\/el-idolo-de-ecuador-disputara-la-final-del-campeonato-con-ldu\/#breadcrumb","itemListElement":[{"@type":"ListItem","position":1,"name":"Portada","item":"https:\/\/noti-america.com\/site\/ecuador\/"},{"@type":"ListItem","position":2,"name":"El \u00eddolo de Ecuador disputar\u00e1 la final del campeonato con LDU"}]},{"@type":"WebSite","@id":"https:\/\/noti-america.com\/site\/ecuador\/#website","url":"https:\/\/noti-america.com\/site\/ecuador\/","name":"Ecuador | Noti-America.com","description":"","publisher":{"@id":"https:\/\/noti-america.com\/site\/ecuador\/#organization"},"potentialAction":[{"@type":"SearchAction","target":{"@type":"EntryPoint","urlTemplate":"https:\/\/noti-america.com\/site\/ecuador\/?s={search_term_string}"},"query-input":{"@type":"PropertyValueSpecification","valueRequired":true,"valueName":"search_term_string"}}],"inLanguage":"es"},{"@type":"Organization","@id":"https:\/\/noti-america.com\/site\/ecuador\/#organization","name":"Noti-America LLC | Ecuador","url":"https:\/\/noti-america.com\/site\/ecuador\/","logo":{"@type":"ImageObject","inLanguage":"es","@id":"https:\/\/noti-america.com\/site\/ecuador\/#\/schema\/logo\/image\/","url":"https:\/\/noti-america.com\/site\/ecuador\/wp-content\/uploads\/sites\/18\/2020\/07\/LogoNA-4x3-1.jpg","contentUrl":"https:\/\/noti-america.com\/site\/ecuador\/wp-content\/uploads\/sites\/18\/2020\/07\/LogoNA-4x3-1.jpg","width":1236,"height":1080,"caption":"Noti-America LLC | Ecuador"},"image":{"@id":"https:\/\/noti-america.com\/site\/ecuador\/#\/schema\/logo\/image\/"},"sameAs":["https:\/\/x.com\/notiamerica"]},{"@type":"Person","@id":"https:\/\/noti-america.com\/site\/ecuador\/#\/schema\/person\/063740b70e1baad7ce400b3b8bd8b8e3","name":"Boris Moyano","image":{"@type":"ImageObject","inLanguage":"es","@id":"https:\/\/secure.gravatar.com\/avatar\/1635fd8d206bae736e855dfe91602736d1ea92af1a7f3fa7f62c848f245a1404?s=96&d=mm&r=g","url":"https:\/\/secure.gravatar.com\/avatar\/1635fd8d206bae736e855dfe91602736d1ea92af1a7f3fa7f62c848f245a1404?s=96&d=mm&r=g","contentUrl":"https:\/\/secure.gravatar.com\/avatar\/1635fd8d206bae736e855dfe91602736d1ea92af1a7f3fa7f62c848f245a1404?s=96&d=mm&r=g","caption":"Boris Moyano"},"url":"https:\/\/noti-america.com\/site\/ecuador\/author\/bmoyano\/"}]}},"_links":{"self":[{"href":"https:\/\/noti-america.com\/site\/ecuador\/wp-json\/wp\/v2\/posts\/12291","targetHints":{"allow":["GET"]}}],"collection":[{"href":"https:\/\/noti-america.com\/site\/ecuador\/wp-json\/wp\/v2\/posts"}],"about":[{"href":"https:\/\/noti-america.com\/site\/ecuador\/wp-json\/wp\/v2\/types\/post"}],"author":[{"embeddable":true,"href":"https:\/\/noti-america.com\/site\/ecuador\/wp-json\/wp\/v2\/users\/81"}],"replies":[{"embeddable":true,"href":"https:\/\/noti-america.com\/site\/ecuador\/wp-json\/wp\/v2\/comments?post=12291"}],"version-history":[{"count":1,"href":"https:\/\/noti-america.com\/site\/ecuador\/wp-json\/wp\/v2\/posts\/12291\/revisions"}],"predecessor-version":[{"id":12293,"href":"https:\/\/noti-america.com\/site\/ecuador\/wp-json\/wp\/v2\/posts\/12291\/revisions\/12293"}],"wp:featuredmedia":[{"embeddable":true,"href":"https:\/\/noti-america.com\/site\/ecuador\/wp-json\/wp\/v2\/media\/12292"}],"wp:attachment":[{"href":"https:\/\/noti-america.com\/site\/ecuador\/wp-json\/wp\/v2\/media?parent=12291"}],"wp:term":[{"taxonomy":"category","embeddable":true,"href":"https:\/\/noti-america.com\/site\/ecuador\/wp-json\/wp\/v2\/categories?post=12291"},{"taxonomy":"post_tag","embeddable":true,"href":"https:\/\/noti-america.com\/site\/ecuador\/wp-json\/wp\/v2\/tags?post=12291"}],"curies":[{"name":"wp","href":"https:\/\/api.w.org\/{rel}","templated":true}]}}