{"id":12271,"date":"2020-12-19T15:05:49","date_gmt":"2020-12-19T15:05:49","guid":{"rendered":"https:\/\/noti-america.com\/site\/ecuador\/?p=12271"},"modified":"2020-12-19T15:07:04","modified_gmt":"2020-12-19T15:07:04","slug":"la-candidata-vicepresidenciable-por-pachakutik-virna-cedeno-se-reunio-con-exmilitares-y-dirigentes-populares","status":"publish","type":"post","link":"https:\/\/noti-america.com\/site\/ecuador\/2020\/12\/19\/la-candidata-vicepresidenciable-por-pachakutik-virna-cedeno-se-reunio-con-exmilitares-y-dirigentes-populares\/","title":{"rendered":"Virna Cede\u00f1o, candidata vicepresidencial por Pachakutik, recorri\u00f3 parte de Guayaquil en caravana tuning"},"content":{"rendered":"<p><strong>REDACCI\u00d3N NOTI AM\u00c9RICA (ECUADOR)<\/strong><\/p>\n<div id=\"attachment_12273\" style=\"width: 645px\" class=\"wp-caption aligncenter\"><img loading=\"lazy\" decoding=\"async\" aria-describedby=\"caption-attachment-12273\" class=\"wp-image-12273\" src=\"https:\/\/noti-america.com\/site\/ecuador\/wp-content\/uploads\/sites\/18\/2020\/12\/19-DIC-91d373a6-c4df-41a2-97b1-0b7e4ab3dd64-300x225.jpg\" alt=\"\" width=\"635\" height=\"476\" srcset=\"https:\/\/noti-america.com\/site\/ecuador\/wp-content\/uploads\/sites\/18\/2020\/12\/19-DIC-91d373a6-c4df-41a2-97b1-0b7e4ab3dd64-300x225.jpg 300w, https:\/\/noti-america.com\/site\/ecuador\/wp-content\/uploads\/sites\/18\/2020\/12\/19-DIC-91d373a6-c4df-41a2-97b1-0b7e4ab3dd64-1024x768.jpg 1024w, https:\/\/noti-america.com\/site\/ecuador\/wp-content\/uploads\/sites\/18\/2020\/12\/19-DIC-91d373a6-c4df-41a2-97b1-0b7e4ab3dd64-768x576.jpg 768w, https:\/\/noti-america.com\/site\/ecuador\/wp-content\/uploads\/sites\/18\/2020\/12\/19-DIC-91d373a6-c4df-41a2-97b1-0b7e4ab3dd64.jpg 1280w\" sizes=\"auto, (max-width: 635px) 100vw, 635px\" \/><p id=\"caption-attachment-12273\" class=\"wp-caption-text\">La candidata vicepresidencial, Virna Cede\u00f1o invit\u00f3 a los guayaquile\u00f1os a recibir a su binomio presidencial, Yaku P\u00e9rez, este domingo.<\/p><\/div>\n<p style=\"text-align: justify\">Al ritmo del Juyayay, la candidata vicepresidencial por el movimiento pol\u00edtico Pachakutik, Virna Alexia Cede\u00f1o Escobar, recorri\u00f3 la noche de este jueves parte del Suburbio Oeste y el centro de Guayaquil.<br \/>\nUna gran caravana Tuning acompa\u00f1\u00f3 a la bi\u00f3loga, Virna Cede\u00f1o, quien estuvo acompa\u00f1ada del candidato a la Asamblea Nacional por la misma tienda pol\u00edtica, Luis Serrano.<br \/>\nVirna Cede\u00f1o recibi\u00f3 el cari\u00f1o de la gente durante la caravana que empez\u00f3 en la 22 y Maldonado y recorri\u00f3 la calle 25, G\u00f3mez Rend\u00f3n, Quito, 1 de Mayo, 9 de Octubre y Malec\u00f3n Sim\u00f3n Bol\u00edvar.<br \/>\nAntes de la caravana, la ciudadana Gina Vera, de 54 a\u00f1os, pidi\u00f3 a Virna Cede\u00f1o que desde la vicepresidencia ayude a los discapacitados.<br \/>\nDespu\u00e9s, en un cangrejal de las calles G\u00f3mez Rend\u00f3n y la calle Novena, la candidata vicepresidencial reparti\u00f3 pulseras y afiches con su imagen y de Yaku P\u00e9rez, candidato a la presidencia de la Rep\u00fablica por Pachakutik.<br \/>\nVirna Cede\u00f1o ratific\u00f3 su compromiso con el desarrollo de la agricultura y la educaci\u00f3n en su potencial gobierno.<br \/>\n\u201cCon la ayuda de la biotecnolog\u00eda, vamos a seguir sembrando, pero cuidando, recuperando nuestros suelos. Impulsaremos la participaci\u00f3n popular en el cuidado del agua, sembrando \u00e1rboles que atraigan lluvias\u201d, manifest\u00f3 Virna Cede\u00f1o.<br \/>\nLa candidata vicepresidencial invit\u00f3 a los guayaquile\u00f1os y guayasenses en general a recibir a su binomio presidencial Yaku P\u00e9rez este domingo a las 16h00 en Dur\u00e1n, para acompa\u00f1arlo en su ingreso a la Perla del Pac\u00edfico.<\/p>\n","protected":false},"excerpt":{"rendered":"<p>REDACCI\u00d3N NOTI AM\u00c9RICA (ECUADOR) Al ritmo del Juyayay, la candidata vicepresidencial por el movimiento pol\u00edtico Pachakutik, Virna Alexia Cede\u00f1o Escobar, recorri\u00f3 la noche de este jueves parte del Suburbio Oeste y el centro de&#46;&#46;&#46;<\/p>\n","protected":false},"author":113,"featured_media":12273,"comment_status":"open","ping_status":"open","sticky":false,"template":"","format":"standard","meta":{"_acf_changed":false,"om_disable_all_campaigns":false,"rop_custom_images_group":[],"rop_custom_messages_group":[],"rop_publish_now":"initial","rop_publish_now_accounts":{"twitter_242054905_242054905":""},"rop_publish_now_history":[],"rop_publish_now_status":"pending","_uf_show_specific_survey":0,"_uf_disable_surveys":false,"footnotes":""},"categories":[34],"tags":[],"class_list":["post-12271","post","type-post","status-publish","format-standard","has-post-thumbnail","hentry","category-politica-opinion"],"acf":[],"aioseo_notices":[],"yoast_head":"<!-- This site is optimized with the Yoast SEO Premium plugin v24.9 (Yoast SEO v27.2) - https:\/\/yoast.com\/product\/yoast-seo-premium-wordpress\/ -->\n<title>Virna Cede\u00f1o, candidata vicepresidencial por Pachakutik, recorri\u00f3 parte de Guayaquil en caravana tuning - Ecuador | Noti-America.com<\/title>\n<meta name=\"robots\" content=\"index, follow, max-snippet:-1, max-image-preview:large, max-video-preview:-1\" \/>\n<link rel=\"canonical\" href=\"https:\/\/noti-america.com\/site\/ecuador\/2020\/12\/19\/la-candidata-vicepresidenciable-por-pachakutik-virna-cedeno-se-reunio-con-exmilitares-y-dirigentes-populares\/\" \/>\n<meta property=\"og:locale\" content=\"es_ES\" \/>\n<meta property=\"og:type\" content=\"article\" \/>\n<meta property=\"og:title\" content=\"Virna Cede\u00f1o, candidata vicepresidencial por Pachakutik, recorri\u00f3 parte de Guayaquil en caravana tuning\" \/>\n<meta property=\"og:description\" content=\"REDACCI\u00d3N NOTI AM\u00c9RICA (ECUADOR) Al ritmo del Juyayay, la candidata vicepresidencial por el movimiento pol\u00edtico Pachakutik, Virna Alexia Cede\u00f1o Escobar, recorri\u00f3 la noche de este jueves parte del Suburbio Oeste y el centro de&#046;&#046;&#046;\" \/>\n<meta property=\"og:url\" content=\"https:\/\/noti-america.com\/site\/ecuador\/2020\/12\/19\/la-candidata-vicepresidenciable-por-pachakutik-virna-cedeno-se-reunio-con-exmilitares-y-dirigentes-populares\/\" \/>\n<meta property=\"og:site_name\" content=\"Ecuador | Noti-America.com\" \/>\n<meta property=\"article:published_time\" content=\"2020-12-19T15:05:49+00:00\" \/>\n<meta property=\"article:modified_time\" content=\"2020-12-19T15:07:04+00:00\" \/>\n<meta property=\"og:image\" content=\"https:\/\/noti-america.com\/site\/ecuador\/wp-content\/uploads\/sites\/18\/2020\/12\/19-DIC-91d373a6-c4df-41a2-97b1-0b7e4ab3dd64.jpg\" \/>\n\t<meta property=\"og:image:width\" content=\"1280\" \/>\n\t<meta property=\"og:image:height\" content=\"960\" \/>\n\t<meta property=\"og:image:type\" content=\"image\/jpeg\" \/>\n<meta name=\"author\" content=\"Henry Ortiz\" \/>\n<meta name=\"twitter:card\" content=\"summary_large_image\" \/>\n<meta name=\"twitter:creator\" content=\"@notiamerica\" \/>\n<meta name=\"twitter:site\" content=\"@notiamerica\" \/>\n<meta name=\"twitter:label1\" content=\"Escrito por\" \/>\n\t<meta name=\"twitter:data1\" content=\"Henry Ortiz\" \/>\n\t<meta name=\"twitter:label2\" content=\"Tiempo estimado de lectura\" \/>\n\t<meta name=\"twitter:data2\" content=\"1 minuto\" \/>\n<script type=\"application\/ld+json\" class=\"yoast-schema-graph\">{\"@context\":\"https:\/\/schema.org\",\"@graph\":[{\"@type\":\"Article\",\"@id\":\"https:\/\/noti-america.com\/site\/ecuador\/2020\/12\/19\/la-candidata-vicepresidenciable-por-pachakutik-virna-cedeno-se-reunio-con-exmilitares-y-dirigentes-populares\/#article\",\"isPartOf\":{\"@id\":\"https:\/\/noti-america.com\/site\/ecuador\/2020\/12\/19\/la-candidata-vicepresidenciable-por-pachakutik-virna-cedeno-se-reunio-con-exmilitares-y-dirigentes-populares\/\"},\"author\":{\"name\":\"Henry Ortiz\",\"@id\":\"https:\/\/noti-america.com\/site\/ecuador\/#\/schema\/person\/b9d1630cc6598af759d45c790a347283\"},\"headline\":\"Virna Cede\u00f1o, candidata vicepresidencial por Pachakutik, recorri\u00f3 parte de Guayaquil en caravana tuning\",\"datePublished\":\"2020-12-19T15:05:49+00:00\",\"dateModified\":\"2020-12-19T15:07:04+00:00\",\"mainEntityOfPage\":{\"@id\":\"https:\/\/noti-america.com\/site\/ecuador\/2020\/12\/19\/la-candidata-vicepresidenciable-por-pachakutik-virna-cedeno-se-reunio-con-exmilitares-y-dirigentes-populares\/\"},\"wordCount\":312,\"commentCount\":0,\"publisher\":{\"@id\":\"https:\/\/noti-america.com\/site\/ecuador\/#organization\"},\"image\":{\"@id\":\"https:\/\/noti-america.com\/site\/ecuador\/2020\/12\/19\/la-candidata-vicepresidenciable-por-pachakutik-virna-cedeno-se-reunio-con-exmilitares-y-dirigentes-populares\/#primaryimage\"},\"thumbnailUrl\":\"https:\/\/noti-america.com\/site\/ecuador\/wp-content\/uploads\/sites\/18\/2020\/12\/19-DIC-91d373a6-c4df-41a2-97b1-0b7e4ab3dd64.jpg\",\"articleSection\":[\"Pol\u00edtica\"],\"inLanguage\":\"es\",\"potentialAction\":[{\"@type\":\"CommentAction\",\"name\":\"Comment\",\"target\":[\"https:\/\/noti-america.com\/site\/ecuador\/2020\/12\/19\/la-candidata-vicepresidenciable-por-pachakutik-virna-cedeno-se-reunio-con-exmilitares-y-dirigentes-populares\/#respond\"]}]},{\"@type\":\"WebPage\",\"@id\":\"https:\/\/noti-america.com\/site\/ecuador\/2020\/12\/19\/la-candidata-vicepresidenciable-por-pachakutik-virna-cedeno-se-reunio-con-exmilitares-y-dirigentes-populares\/\",\"url\":\"https:\/\/noti-america.com\/site\/ecuador\/2020\/12\/19\/la-candidata-vicepresidenciable-por-pachakutik-virna-cedeno-se-reunio-con-exmilitares-y-dirigentes-populares\/\",\"name\":\"Virna Cede\u00f1o, candidata vicepresidencial por Pachakutik, recorri\u00f3 parte de Guayaquil en caravana tuning - Ecuador | Noti-America.com\",\"isPartOf\":{\"@id\":\"https:\/\/noti-america.com\/site\/ecuador\/#website\"},\"primaryImageOfPage\":{\"@id\":\"https:\/\/noti-america.com\/site\/ecuador\/2020\/12\/19\/la-candidata-vicepresidenciable-por-pachakutik-virna-cedeno-se-reunio-con-exmilitares-y-dirigentes-populares\/#primaryimage\"},\"image\":{\"@id\":\"https:\/\/noti-america.com\/site\/ecuador\/2020\/12\/19\/la-candidata-vicepresidenciable-por-pachakutik-virna-cedeno-se-reunio-con-exmilitares-y-dirigentes-populares\/#primaryimage\"},\"thumbnailUrl\":\"https:\/\/noti-america.com\/site\/ecuador\/wp-content\/uploads\/sites\/18\/2020\/12\/19-DIC-91d373a6-c4df-41a2-97b1-0b7e4ab3dd64.jpg\",\"datePublished\":\"2020-12-19T15:05:49+00:00\",\"dateModified\":\"2020-12-19T15:07:04+00:00\",\"breadcrumb\":{\"@id\":\"https:\/\/noti-america.com\/site\/ecuador\/2020\/12\/19\/la-candidata-vicepresidenciable-por-pachakutik-virna-cedeno-se-reunio-con-exmilitares-y-dirigentes-populares\/#breadcrumb\"},\"inLanguage\":\"es\",\"potentialAction\":[{\"@type\":\"ReadAction\",\"target\":[\"https:\/\/noti-america.com\/site\/ecuador\/2020\/12\/19\/la-candidata-vicepresidenciable-por-pachakutik-virna-cedeno-se-reunio-con-exmilitares-y-dirigentes-populares\/\"]}]},{\"@type\":\"ImageObject\",\"inLanguage\":\"es\",\"@id\":\"https:\/\/noti-america.com\/site\/ecuador\/2020\/12\/19\/la-candidata-vicepresidenciable-por-pachakutik-virna-cedeno-se-reunio-con-exmilitares-y-dirigentes-populares\/#primaryimage\",\"url\":\"https:\/\/noti-america.com\/site\/ecuador\/wp-content\/uploads\/sites\/18\/2020\/12\/19-DIC-91d373a6-c4df-41a2-97b1-0b7e4ab3dd64.jpg\",\"contentUrl\":\"https:\/\/noti-america.com\/site\/ecuador\/wp-content\/uploads\/sites\/18\/2020\/12\/19-DIC-91d373a6-c4df-41a2-97b1-0b7e4ab3dd64.jpg\",\"width\":1280,\"height\":960},{\"@type\":\"BreadcrumbList\",\"@id\":\"https:\/\/noti-america.com\/site\/ecuador\/2020\/12\/19\/la-candidata-vicepresidenciable-por-pachakutik-virna-cedeno-se-reunio-con-exmilitares-y-dirigentes-populares\/#breadcrumb\",\"itemListElement\":[{\"@type\":\"ListItem\",\"position\":1,\"name\":\"Portada\",\"item\":\"https:\/\/noti-america.com\/site\/ecuador\/\"},{\"@type\":\"ListItem\",\"position\":2,\"name\":\"Virna Cede\u00f1o, candidata vicepresidencial por Pachakutik, recorri\u00f3 parte de Guayaquil en caravana tuning\"}]},{\"@type\":\"WebSite\",\"@id\":\"https:\/\/noti-america.com\/site\/ecuador\/#website\",\"url\":\"https:\/\/noti-america.com\/site\/ecuador\/\",\"name\":\"Ecuador | Noti-America.com\",\"description\":\"\",\"publisher\":{\"@id\":\"https:\/\/noti-america.com\/site\/ecuador\/#organization\"},\"potentialAction\":[{\"@type\":\"SearchAction\",\"target\":{\"@type\":\"EntryPoint\",\"urlTemplate\":\"https:\/\/noti-america.com\/site\/ecuador\/?s={search_term_string}\"},\"query-input\":{\"@type\":\"PropertyValueSpecification\",\"valueRequired\":true,\"valueName\":\"search_term_string\"}}],\"inLanguage\":\"es\"},{\"@type\":\"Organization\",\"@id\":\"https:\/\/noti-america.com\/site\/ecuador\/#organization\",\"name\":\"Noti-America LLC | Ecuador\",\"url\":\"https:\/\/noti-america.com\/site\/ecuador\/\",\"logo\":{\"@type\":\"ImageObject\",\"inLanguage\":\"es\",\"@id\":\"https:\/\/noti-america.com\/site\/ecuador\/#\/schema\/logo\/image\/\",\"url\":\"https:\/\/noti-america.com\/site\/ecuador\/wp-content\/uploads\/sites\/18\/2020\/07\/LogoNA-4x3-1.jpg\",\"contentUrl\":\"https:\/\/noti-america.com\/site\/ecuador\/wp-content\/uploads\/sites\/18\/2020\/07\/LogoNA-4x3-1.jpg\",\"width\":1236,\"height\":1080,\"caption\":\"Noti-America LLC | Ecuador\"},\"image\":{\"@id\":\"https:\/\/noti-america.com\/site\/ecuador\/#\/schema\/logo\/image\/\"},\"sameAs\":[\"https:\/\/x.com\/notiamerica\"]},{\"@type\":\"Person\",\"@id\":\"https:\/\/noti-america.com\/site\/ecuador\/#\/schema\/person\/b9d1630cc6598af759d45c790a347283\",\"name\":\"Henry Ortiz\",\"image\":{\"@type\":\"ImageObject\",\"inLanguage\":\"es\",\"@id\":\"https:\/\/secure.gravatar.com\/avatar\/0b5407b5b302fbb6a578e625dca512ac2983ee5fa9ea941d581b83c40212e4c8?s=96&d=mm&r=g\",\"url\":\"https:\/\/secure.gravatar.com\/avatar\/0b5407b5b302fbb6a578e625dca512ac2983ee5fa9ea941d581b83c40212e4c8?s=96&d=mm&r=g\",\"contentUrl\":\"https:\/\/secure.gravatar.com\/avatar\/0b5407b5b302fbb6a578e625dca512ac2983ee5fa9ea941d581b83c40212e4c8?s=96&d=mm&r=g\",\"caption\":\"Henry Ortiz\"},\"url\":\"https:\/\/noti-america.com\/site\/ecuador\/author\/hortiz\/\"}]}<\/script>\n<!-- \/ Yoast SEO Premium plugin. -->","yoast_head_json":{"title":"Virna Cede\u00f1o, candidata vicepresidencial por Pachakutik, recorri\u00f3 parte de Guayaquil en caravana tuning - Ecuador | Noti-America.com","robots":{"index":"index","follow":"follow","max-snippet":"max-snippet:-1","max-image-preview":"max-image-preview:large","max-video-preview":"max-video-preview:-1"},"canonical":"https:\/\/noti-america.com\/site\/ecuador\/2020\/12\/19\/la-candidata-vicepresidenciable-por-pachakutik-virna-cedeno-se-reunio-con-exmilitares-y-dirigentes-populares\/","og_locale":"es_ES","og_type":"article","og_title":"Virna Cede\u00f1o, candidata vicepresidencial por Pachakutik, recorri\u00f3 parte de Guayaquil en caravana tuning","og_description":"REDACCI\u00d3N NOTI AM\u00c9RICA (ECUADOR) Al ritmo del Juyayay, la candidata vicepresidencial por el movimiento pol\u00edtico Pachakutik, Virna Alexia Cede\u00f1o Escobar, recorri\u00f3 la noche de este jueves parte del Suburbio Oeste y el centro de&#46;&#46;&#46;","og_url":"https:\/\/noti-america.com\/site\/ecuador\/2020\/12\/19\/la-candidata-vicepresidenciable-por-pachakutik-virna-cedeno-se-reunio-con-exmilitares-y-dirigentes-populares\/","og_site_name":"Ecuador | Noti-America.com","article_published_time":"2020-12-19T15:05:49+00:00","article_modified_time":"2020-12-19T15:07:04+00:00","og_image":[{"width":1280,"height":960,"url":"https:\/\/noti-america.com\/site\/ecuador\/wp-content\/uploads\/sites\/18\/2020\/12\/19-DIC-91d373a6-c4df-41a2-97b1-0b7e4ab3dd64.jpg","type":"image\/jpeg"}],"author":"Henry Ortiz","twitter_card":"summary_large_image","twitter_creator":"@notiamerica","twitter_site":"@notiamerica","twitter_misc":{"Escrito por":"Henry Ortiz","Tiempo estimado de lectura":"1 minuto"},"schema":{"@context":"https:\/\/schema.org","@graph":[{"@type":"Article","@id":"https:\/\/noti-america.com\/site\/ecuador\/2020\/12\/19\/la-candidata-vicepresidenciable-por-pachakutik-virna-cedeno-se-reunio-con-exmilitares-y-dirigentes-populares\/#article","isPartOf":{"@id":"https:\/\/noti-america.com\/site\/ecuador\/2020\/12\/19\/la-candidata-vicepresidenciable-por-pachakutik-virna-cedeno-se-reunio-con-exmilitares-y-dirigentes-populares\/"},"author":{"name":"Henry Ortiz","@id":"https:\/\/noti-america.com\/site\/ecuador\/#\/schema\/person\/b9d1630cc6598af759d45c790a347283"},"headline":"Virna Cede\u00f1o, candidata vicepresidencial por Pachakutik, recorri\u00f3 parte de Guayaquil en caravana tuning","datePublished":"2020-12-19T15:05:49+00:00","dateModified":"2020-12-19T15:07:04+00:00","mainEntityOfPage":{"@id":"https:\/\/noti-america.com\/site\/ecuador\/2020\/12\/19\/la-candidata-vicepresidenciable-por-pachakutik-virna-cedeno-se-reunio-con-exmilitares-y-dirigentes-populares\/"},"wordCount":312,"commentCount":0,"publisher":{"@id":"https:\/\/noti-america.com\/site\/ecuador\/#organization"},"image":{"@id":"https:\/\/noti-america.com\/site\/ecuador\/2020\/12\/19\/la-candidata-vicepresidenciable-por-pachakutik-virna-cedeno-se-reunio-con-exmilitares-y-dirigentes-populares\/#primaryimage"},"thumbnailUrl":"https:\/\/noti-america.com\/site\/ecuador\/wp-content\/uploads\/sites\/18\/2020\/12\/19-DIC-91d373a6-c4df-41a2-97b1-0b7e4ab3dd64.jpg","articleSection":["Pol\u00edtica"],"inLanguage":"es","potentialAction":[{"@type":"CommentAction","name":"Comment","target":["https:\/\/noti-america.com\/site\/ecuador\/2020\/12\/19\/la-candidata-vicepresidenciable-por-pachakutik-virna-cedeno-se-reunio-con-exmilitares-y-dirigentes-populares\/#respond"]}]},{"@type":"WebPage","@id":"https:\/\/noti-america.com\/site\/ecuador\/2020\/12\/19\/la-candidata-vicepresidenciable-por-pachakutik-virna-cedeno-se-reunio-con-exmilitares-y-dirigentes-populares\/","url":"https:\/\/noti-america.com\/site\/ecuador\/2020\/12\/19\/la-candidata-vicepresidenciable-por-pachakutik-virna-cedeno-se-reunio-con-exmilitares-y-dirigentes-populares\/","name":"Virna Cede\u00f1o, candidata vicepresidencial por Pachakutik, recorri\u00f3 parte de Guayaquil en caravana tuning - Ecuador | Noti-America.com","isPartOf":{"@id":"https:\/\/noti-america.com\/site\/ecuador\/#website"},"primaryImageOfPage":{"@id":"https:\/\/noti-america.com\/site\/ecuador\/2020\/12\/19\/la-candidata-vicepresidenciable-por-pachakutik-virna-cedeno-se-reunio-con-exmilitares-y-dirigentes-populares\/#primaryimage"},"image":{"@id":"https:\/\/noti-america.com\/site\/ecuador\/2020\/12\/19\/la-candidata-vicepresidenciable-por-pachakutik-virna-cedeno-se-reunio-con-exmilitares-y-dirigentes-populares\/#primaryimage"},"thumbnailUrl":"https:\/\/noti-america.com\/site\/ecuador\/wp-content\/uploads\/sites\/18\/2020\/12\/19-DIC-91d373a6-c4df-41a2-97b1-0b7e4ab3dd64.jpg","datePublished":"2020-12-19T15:05:49+00:00","dateModified":"2020-12-19T15:07:04+00:00","breadcrumb":{"@id":"https:\/\/noti-america.com\/site\/ecuador\/2020\/12\/19\/la-candidata-vicepresidenciable-por-pachakutik-virna-cedeno-se-reunio-con-exmilitares-y-dirigentes-populares\/#breadcrumb"},"inLanguage":"es","potentialAction":[{"@type":"ReadAction","target":["https:\/\/noti-america.com\/site\/ecuador\/2020\/12\/19\/la-candidata-vicepresidenciable-por-pachakutik-virna-cedeno-se-reunio-con-exmilitares-y-dirigentes-populares\/"]}]},{"@type":"ImageObject","inLanguage":"es","@id":"https:\/\/noti-america.com\/site\/ecuador\/2020\/12\/19\/la-candidata-vicepresidenciable-por-pachakutik-virna-cedeno-se-reunio-con-exmilitares-y-dirigentes-populares\/#primaryimage","url":"https:\/\/noti-america.com\/site\/ecuador\/wp-content\/uploads\/sites\/18\/2020\/12\/19-DIC-91d373a6-c4df-41a2-97b1-0b7e4ab3dd64.jpg","contentUrl":"https:\/\/noti-america.com\/site\/ecuador\/wp-content\/uploads\/sites\/18\/2020\/12\/19-DIC-91d373a6-c4df-41a2-97b1-0b7e4ab3dd64.jpg","width":1280,"height":960},{"@type":"BreadcrumbList","@id":"https:\/\/noti-america.com\/site\/ecuador\/2020\/12\/19\/la-candidata-vicepresidenciable-por-pachakutik-virna-cedeno-se-reunio-con-exmilitares-y-dirigentes-populares\/#breadcrumb","itemListElement":[{"@type":"ListItem","position":1,"name":"Portada","item":"https:\/\/noti-america.com\/site\/ecuador\/"},{"@type":"ListItem","position":2,"name":"Virna Cede\u00f1o, candidata vicepresidencial por Pachakutik, recorri\u00f3 parte de Guayaquil en caravana tuning"}]},{"@type":"WebSite","@id":"https:\/\/noti-america.com\/site\/ecuador\/#website","url":"https:\/\/noti-america.com\/site\/ecuador\/","name":"Ecuador | Noti-America.com","description":"","publisher":{"@id":"https:\/\/noti-america.com\/site\/ecuador\/#organization"},"potentialAction":[{"@type":"SearchAction","target":{"@type":"EntryPoint","urlTemplate":"https:\/\/noti-america.com\/site\/ecuador\/?s={search_term_string}"},"query-input":{"@type":"PropertyValueSpecification","valueRequired":true,"valueName":"search_term_string"}}],"inLanguage":"es"},{"@type":"Organization","@id":"https:\/\/noti-america.com\/site\/ecuador\/#organization","name":"Noti-America LLC | Ecuador","url":"https:\/\/noti-america.com\/site\/ecuador\/","logo":{"@type":"ImageObject","inLanguage":"es","@id":"https:\/\/noti-america.com\/site\/ecuador\/#\/schema\/logo\/image\/","url":"https:\/\/noti-america.com\/site\/ecuador\/wp-content\/uploads\/sites\/18\/2020\/07\/LogoNA-4x3-1.jpg","contentUrl":"https:\/\/noti-america.com\/site\/ecuador\/wp-content\/uploads\/sites\/18\/2020\/07\/LogoNA-4x3-1.jpg","width":1236,"height":1080,"caption":"Noti-America LLC | Ecuador"},"image":{"@id":"https:\/\/noti-america.com\/site\/ecuador\/#\/schema\/logo\/image\/"},"sameAs":["https:\/\/x.com\/notiamerica"]},{"@type":"Person","@id":"https:\/\/noti-america.com\/site\/ecuador\/#\/schema\/person\/b9d1630cc6598af759d45c790a347283","name":"Henry Ortiz","image":{"@type":"ImageObject","inLanguage":"es","@id":"https:\/\/secure.gravatar.com\/avatar\/0b5407b5b302fbb6a578e625dca512ac2983ee5fa9ea941d581b83c40212e4c8?s=96&d=mm&r=g","url":"https:\/\/secure.gravatar.com\/avatar\/0b5407b5b302fbb6a578e625dca512ac2983ee5fa9ea941d581b83c40212e4c8?s=96&d=mm&r=g","contentUrl":"https:\/\/secure.gravatar.com\/avatar\/0b5407b5b302fbb6a578e625dca512ac2983ee5fa9ea941d581b83c40212e4c8?s=96&d=mm&r=g","caption":"Henry Ortiz"},"url":"https:\/\/noti-america.com\/site\/ecuador\/author\/hortiz\/"}]}},"_links":{"self":[{"href":"https:\/\/noti-america.com\/site\/ecuador\/wp-json\/wp\/v2\/posts\/12271","targetHints":{"allow":["GET"]}}],"collection":[{"href":"https:\/\/noti-america.com\/site\/ecuador\/wp-json\/wp\/v2\/posts"}],"about":[{"href":"https:\/\/noti-america.com\/site\/ecuador\/wp-json\/wp\/v2\/types\/post"}],"author":[{"embeddable":true,"href":"https:\/\/noti-america.com\/site\/ecuador\/wp-json\/wp\/v2\/users\/113"}],"replies":[{"embeddable":true,"href":"https:\/\/noti-america.com\/site\/ecuador\/wp-json\/wp\/v2\/comments?post=12271"}],"version-history":[{"count":2,"href":"https:\/\/noti-america.com\/site\/ecuador\/wp-json\/wp\/v2\/posts\/12271\/revisions"}],"predecessor-version":[{"id":12275,"href":"https:\/\/noti-america.com\/site\/ecuador\/wp-json\/wp\/v2\/posts\/12271\/revisions\/12275"}],"wp:featuredmedia":[{"embeddable":true,"href":"https:\/\/noti-america.com\/site\/ecuador\/wp-json\/wp\/v2\/media\/12273"}],"wp:attachment":[{"href":"https:\/\/noti-america.com\/site\/ecuador\/wp-json\/wp\/v2\/media?parent=12271"}],"wp:term":[{"taxonomy":"category","embeddable":true,"href":"https:\/\/noti-america.com\/site\/ecuador\/wp-json\/wp\/v2\/categories?post=12271"},{"taxonomy":"post_tag","embeddable":true,"href":"https:\/\/noti-america.com\/site\/ecuador\/wp-json\/wp\/v2\/tags?post=12271"}],"curies":[{"name":"wp","href":"https:\/\/api.w.org\/{rel}","templated":true}]}}