{"id":12217,"date":"2020-12-14T23:56:52","date_gmt":"2020-12-14T23:56:52","guid":{"rendered":"https:\/\/noti-america.com\/site\/ecuador\/?p=12217"},"modified":"2020-12-14T23:56:52","modified_gmt":"2020-12-14T23:56:52","slug":"identificacion-digital-la-llave-para-prestar-servicios-digitales-en-tiempos-de-pandemia","status":"publish","type":"post","link":"https:\/\/noti-america.com\/site\/ecuador\/2020\/12\/14\/identificacion-digital-la-llave-para-prestar-servicios-digitales-en-tiempos-de-pandemia\/","title":{"rendered":"Identificaci\u00f3n Digital: La llave para prestar servicios digitales en tiempos de pandemia"},"content":{"rendered":"<p>REDACCI\u00d3N NOTI AM\u00c9RICA (ECUADOR)<\/p>\n<div style=\"width: 1034px\" class=\"wp-caption alignnone\"><img loading=\"lazy\" decoding=\"async\" src=\"https:\/\/blogs.iadb.org\/administracion-publica\/wp-content\/uploads\/sites\/21\/2020\/11\/ID-digital-1024.jpg\" alt=\"\" width=\"1024\" height=\"512\" \/><p class=\"wp-caption-text\">ID digital<\/p><\/div>\n<p style=\"text-align: justify\">En 1993,\u00a0<a href=\"https:\/\/en.wikipedia.org\/wiki\/On_the_Internet,_nobody_knows_you%27re_a_dog\" target=\"_blank\" rel=\"noreferrer noopener\">una caricatura de la revista\u00a0<em>The New Yorker<\/em><\/a>\u00a0presentaba a dos perros sentados frente a una computadora. Uno le dec\u00eda al otro: \u201cen Internet, nadie sabe que eres un perro\u201d. Han pasado 27 a\u00f1os y las cosas no han cambiado mucho: en muchos espacios de interacci\u00f3n en Internet, no sabemos con total seguridad qui\u00e9n (o qu\u00e9) est\u00e1 al otro lado.<\/p>\n<p style=\"text-align: justify\">\u00bfQu\u00e9 implicancias tiene esto? \u00a1Muchas! Imaginen cualquier servicio que se pueda brindar de manera remota por Internet. Env\u00edos, pagos, citas, viajes, servicios financieros\u2026 ahora, las preguntas clave son: \u00bfpuede el proveedor brindar este servicio cuando no tenemos certeza sobre qui\u00e9n est\u00e1 al otro lado de la comunicaci\u00f3n? Si no es posible, \u00bfc\u00f3mo limita esto la capacidad del usuario de realizar transacciones en l\u00ednea? En \u00faltimo t\u00e9rmino: \u00bfc\u00f3mo limita la falta de una identidad digital funcional la oferta y la demanda en la econom\u00eda digital?<\/p>\n<div class=\"su-pullquote su-pullquote-align-right\" style=\"text-align: justify\"><strong>\u201cLa crisis sanitaria del COVID-19 ha cambiado nuestra percepci\u00f3n de los servicios en l\u00ednea: realizar transacciones en Internet ya no es un lujo, es una necesidad\u201d<\/strong><\/div>\n<p style=\"text-align: justify\">La crisis sanitaria del COVID-19 ha cambiado nuestra percepci\u00f3n de los servicios en l\u00ednea: realizar transacciones en Internet ya no es un lujo, es una necesidad. En muchos casos, tener que ir a una oficina o agencia bancaria a recibir un pago o subsidio en vez de hacerlo en l\u00ednea puede exponernos innecesariamente al virus. Y si bien es cierto que en Am\u00e9rica Latina y el Caribe existen otras barreras (baja penetraci\u00f3n de servicios de internet, baja bancarizaci\u00f3n\u2026), existe una condici\u00f3n necesaria para cualquier transacci\u00f3n en l\u00ednea: un sistema confiable y robusto de identificaci\u00f3n digital.<\/p>\n<h1 class=\"has-medium-font-size\" style=\"text-align: justify\">El rol de la Identificaci\u00f3n Digital<\/h1>\n<p style=\"text-align: justify\">La identificaci\u00f3n digital es un mecanismo que permite saber, en el \u00e1mbito de la econom\u00eda digital, si al otro lado de la computadora hay una persona, y verifica que esa persona es quien ella o \u00e9l dice ser. Desde el inicio de la crisis sanitaria, muchos pa\u00edses han acelerado la migraci\u00f3n a plataformas en l\u00ednea para facilitar servicios on-line.\u00a0 Sin embargo, uno de los principales obst\u00e1culos ha sido la posibilidad de crear un esquema de identificaci\u00f3n digital: en general, pocos pa\u00edses de la regi\u00f3n cuentan con un servicio transversal de identificaci\u00f3n digital.<\/p>\n<p style=\"text-align: justify\">\u00bfQu\u00e9 deben tener en cuenta los pa\u00edses para instalar un sistema de identificaci\u00f3n digital de manera acelerada?<\/p>\n<ol style=\"text-align: justify\" type=\"1\">\n<li><strong>Existencia de sistemas de identificaci\u00f3n<\/strong>. Si bien en Am\u00e9rica Latina son pocos los pa\u00edses con un sistema de identificaci\u00f3n digital operativo, aquellos con alg\u00fan tipo de sistema de identificaci\u00f3n (generados al registrar datos biogr\u00e1ficos de un reci\u00e9n nacido en el registro civil) de calidad, robusto y confiable tienen terreno ganado para avanzar con la generaci\u00f3n de credenciales digitales. Y como hemos discutido antes,\u00a0<a href=\"https:\/\/blogs.iadb.org\/administracion-publica\/es\/identidad-digital-pasaportes-virtuales-para-navegar-la-nueva-burocracia\/\">un buen sistema de identificaci\u00f3n empieza y termina con un buen sistema de registro civil<\/a>.<\/li>\n<li><strong>Proceso de registro durante la cuarentena<\/strong>. Todos los pa\u00edses, incluso aquellos que ya cuentan con un sistema de identificaci\u00f3n digital, han visto la necesidad de habilitar un proceso de registro para nuevos usuarios que minimice (o elimine completamente) la necesidad de desplazamiento f\u00edsico de los ciudadanos. Algunas opciones que merecen ser exploradas son el uso de videoconferencias como es el caso de\u00a0<a href=\"https:\/\/www.youtube.com\/watch?v=HeWiiIo5y3k\">Espa\u00f1a<\/a>\u00a0o de la provincia de British Columbia en Canad\u00e1, donde los ciudadanos adem\u00e1s pueden obtener sus credenciales a trav\u00e9s de\u00a0<a href=\"https:\/\/www.youtube.com\/watch?v=lxN25INroXg&amp;feature=youtu.be\">un video grabado<\/a>\u00a0(en ingl\u00e9s).<\/li>\n<li><strong>Enfocarse en todo el ciclo de vida de la identificaci\u00f3n digital<\/strong>. Si bien es importante tener en cuenta el proceso de registro y emisi\u00f3n de las credenciales de identificaci\u00f3n digital, tambi\u00e9n es importante asegurar procesos de autenticaci\u00f3n seguros y confiables. El nivel de seguridad del proceso de autenticaci\u00f3n (es decir, qu\u00e9 tan seguros estamos de que la persona que est\u00e1 al otro lado de una transacci\u00f3n es la titular de las credenciales que est\u00e1 usando) tambi\u00e9n debe ser considerado a la hora de determinar el tipo de servicios a los que esa persona podr\u00e1 acceder. Por ejemplo, un proceso de autenticaci\u00f3n que consiste en un nombre de usuario (o correo electr\u00f3nico) y una contrase\u00f1a simple tiene un nivel de seguridad menor a uno que incluye una contrase\u00f1a compleja (m\u00e1s de 10 caracteres con obligaci\u00f3n de usar n\u00fameros, letras may\u00fasculas y min\u00fasculas y caracteres especiales) que haya que cambiar peri\u00f3dicamente m\u00e1s un segundo factor (el uso de un \u201ctoken\u201d f\u00edsico o digital, o el env\u00edo de un c\u00f3digo aleatorio que se pueda usar una sola vez y por un corto tiempo y a un n\u00famero celular).<\/li>\n<li><strong>Dise\u00f1o flexible orientado al ciudadano<\/strong>. La habilitaci\u00f3n de una identificaci\u00f3n digital debe hacerse pensando en los ciudadanos. Por ejemplo, el proceso de autenticaci\u00f3n con dos factores es mucho m\u00e1s f\u00e1cil de usar que una firma digital con certificados vinculados a una tarjeta con chip, aunque este \u00faltimo es considerado m\u00e1s seguro. Pa\u00edses que han emitido tarjetas de identificaci\u00f3n con chip han descubierto que el mayor nivel de seguridad de la tecnolog\u00eda trae consigo otras complicaciones que hace que los ciudadanos no adopten su uso de manera masiva (hardware para leer los chips, instalaci\u00f3n de software, restricciones en el navegador\u2026 etc.). En este sentido, los marcos jur\u00eddicos deben ser lo suficientemente flexibles como para aceptar esquemas que permitan el uso masivo de la identificaci\u00f3n digital a trav\u00e9s de la definici\u00f3n de diferentes niveles de seguridad. En Europa, por ejemplo, la normativa de\u00a0<a href=\"https:\/\/www.boe.es\/doue\/2014\/257\/L00073-00114.pdf\">Identidad Digital y Servicios de Confianza<\/a>\u00a0(eIDAS) define tres niveles de seguridad para sistemas de identificaci\u00f3n electr\u00f3nica: bajo, sustancial y alto.<\/li>\n<li><strong>Uso (transversal) de la identificaci\u00f3n digital<\/strong>. Es importante que el sistema de identificaci\u00f3n digital se pueda integrar a los distintos servicios que se prestan en l\u00ednea. Si bien esto depender\u00e1 mucho del esquema de gobernanza de las plataformas de servicios digitales, lo cierto es que la utilidad de un sistema de identificaci\u00f3n digital viene dada por el nivel de uso. Por eso, es recomendable que se cuente con un solo sistema de identificaci\u00f3n digital. Lastimosamente, en algunos pa\u00edses, a falta de un esquema de gobernanza transversal, distintas entidades implementan su propio sistema de identificaci\u00f3n digital, lo cual no s\u00f3lo es un gasto ineficiente, sino que tambi\u00e9n genera barreras de uso por el lado del usuario y limita la posibilidad de intercambiar informaci\u00f3n de manera eficiente y segura entre entidades para mejorar la calidad del servicio al ciudadano.<\/li>\n<li><strong>Coordinaci\u00f3n Interinstitucional<\/strong>. As\u00ed como no es recomendable que cada entidad tenga su propio sistema de identificaci\u00f3n, hace sentido que la entidad encargada de gobierno digital coordine con aquella encargada de registro civil y\/o de los sistemas de identificaci\u00f3n. Si bien puede sonar obvio, existen algunos pa\u00edses donde la gobernanza de la identificaci\u00f3n digital est\u00e1 descentralizada, lo que genera costos innecesarios y perjudica el nivel del servicio prestado al ciudadano.<\/li>\n<\/ol>\n<p style=\"text-align: justify\">La pandemia del COVID-19 ha exigido a muchos pa\u00edses la migraci\u00f3n de sus plataformas de servicios a un entorno en l\u00ednea. Para poder hacerlo, sin embargo, contar con un esquema robusto y confiable de identificaci\u00f3n digital es condici\u00f3n necesaria (aunque no suficiente). La velocidad a la que un pa\u00eds podr\u00e1 avanzar en este frente depender\u00e1 de tres factores. Primero, los sistemas de identificaci\u00f3n existentes y su integraci\u00f3n a las estrategias digitales. Segundo, la flexibilidad en la implementaci\u00f3n, considerando las diferentes etapas de un proceso de identificaci\u00f3n digital y la experiencia del ciudadano. Tercero, la implementaci\u00f3n de servicios en l\u00ednea que utilicen la identificaci\u00f3n digital para permitir transacciones con el gobierno de manera remota.<\/p>\n<p>Fuente: BID<\/p>\n","protected":false},"excerpt":{"rendered":"<p>REDACCI\u00d3N NOTI AM\u00c9RICA (ECUADOR) En 1993,\u00a0una caricatura de la revista\u00a0The New Yorker\u00a0presentaba a dos perros sentados frente a una computadora. Uno le dec\u00eda al otro: \u201cen Internet, nadie sabe que eres un perro\u201d. Han&#46;&#46;&#46;<\/p>\n","protected":false},"author":17,"featured_media":12218,"comment_status":"open","ping_status":"open","sticky":false,"template":"","format":"standard","meta":{"_acf_changed":false,"om_disable_all_campaigns":false,"rop_custom_images_group":[],"rop_custom_messages_group":[],"rop_publish_now":"initial","rop_publish_now_accounts":{"twitter_242054905_242054905":""},"rop_publish_now_history":[],"rop_publish_now_status":"pending","_uf_show_specific_survey":0,"_uf_disable_surveys":false,"footnotes":""},"categories":[103],"tags":[],"class_list":["post-12217","post","type-post","status-publish","format-standard","has-post-thumbnail","hentry","category-educacion"],"acf":[],"aioseo_notices":[],"yoast_head":"<!-- This site is optimized with the Yoast SEO Premium plugin v24.9 (Yoast SEO v27.2) - https:\/\/yoast.com\/product\/yoast-seo-premium-wordpress\/ -->\n<title>Identificaci\u00f3n Digital: La llave para prestar servicios digitales en tiempos de pandemia - Ecuador | Noti-America.com<\/title>\n<meta name=\"robots\" content=\"index, follow, max-snippet:-1, max-image-preview:large, max-video-preview:-1\" \/>\n<link rel=\"canonical\" href=\"https:\/\/noti-america.com\/site\/ecuador\/2020\/12\/14\/identificacion-digital-la-llave-para-prestar-servicios-digitales-en-tiempos-de-pandemia\/\" \/>\n<meta property=\"og:locale\" content=\"es_ES\" \/>\n<meta property=\"og:type\" content=\"article\" \/>\n<meta property=\"og:title\" content=\"Identificaci\u00f3n Digital: La llave para prestar servicios digitales en tiempos de pandemia\" \/>\n<meta property=\"og:description\" content=\"REDACCI\u00d3N NOTI AM\u00c9RICA (ECUADOR) En 1993,\u00a0una caricatura de la revista\u00a0The New Yorker\u00a0presentaba a dos perros sentados frente a una computadora. Uno le dec\u00eda al otro: \u201cen Internet, nadie sabe que eres un perro\u201d. Han&#046;&#046;&#046;\" \/>\n<meta property=\"og:url\" content=\"https:\/\/noti-america.com\/site\/ecuador\/2020\/12\/14\/identificacion-digital-la-llave-para-prestar-servicios-digitales-en-tiempos-de-pandemia\/\" \/>\n<meta property=\"og:site_name\" content=\"Ecuador | Noti-America.com\" \/>\n<meta property=\"article:published_time\" content=\"2020-12-14T23:56:52+00:00\" \/>\n<meta property=\"og:image\" content=\"https:\/\/noti-america.com\/site\/ecuador\/wp-content\/uploads\/sites\/18\/2020\/12\/ID-digital-1024.jpg\" \/>\n\t<meta property=\"og:image:width\" content=\"1024\" \/>\n\t<meta property=\"og:image:height\" content=\"512\" \/>\n\t<meta property=\"og:image:type\" content=\"image\/jpeg\" \/>\n<meta name=\"author\" content=\"Gregory Quintana Montiel\" \/>\n<meta name=\"twitter:card\" content=\"summary_large_image\" \/>\n<meta name=\"twitter:creator\" content=\"@gdgregori1\" \/>\n<meta name=\"twitter:site\" content=\"@notiamerica\" \/>\n<meta name=\"twitter:label1\" content=\"Escrito por\" \/>\n\t<meta name=\"twitter:data1\" content=\"Gregory Quintana Montiel\" \/>\n\t<meta name=\"twitter:label2\" content=\"Tiempo estimado de lectura\" \/>\n\t<meta name=\"twitter:data2\" content=\"7 minutos\" \/>\n<script type=\"application\/ld+json\" class=\"yoast-schema-graph\">{\"@context\":\"https:\/\/schema.org\",\"@graph\":[{\"@type\":\"Article\",\"@id\":\"https:\/\/noti-america.com\/site\/ecuador\/2020\/12\/14\/identificacion-digital-la-llave-para-prestar-servicios-digitales-en-tiempos-de-pandemia\/#article\",\"isPartOf\":{\"@id\":\"https:\/\/noti-america.com\/site\/ecuador\/2020\/12\/14\/identificacion-digital-la-llave-para-prestar-servicios-digitales-en-tiempos-de-pandemia\/\"},\"author\":{\"name\":\"Gregory Quintana Montiel\",\"@id\":\"https:\/\/noti-america.com\/site\/ecuador\/#\/schema\/person\/3b975e42f15abfe64bfe3abdd916efda\"},\"headline\":\"Identificaci\u00f3n Digital: La llave para prestar servicios digitales en tiempos de pandemia\",\"datePublished\":\"2020-12-14T23:56:52+00:00\",\"mainEntityOfPage\":{\"@id\":\"https:\/\/noti-america.com\/site\/ecuador\/2020\/12\/14\/identificacion-digital-la-llave-para-prestar-servicios-digitales-en-tiempos-de-pandemia\/\"},\"wordCount\":1363,\"commentCount\":0,\"publisher\":{\"@id\":\"https:\/\/noti-america.com\/site\/ecuador\/#organization\"},\"image\":{\"@id\":\"https:\/\/noti-america.com\/site\/ecuador\/2020\/12\/14\/identificacion-digital-la-llave-para-prestar-servicios-digitales-en-tiempos-de-pandemia\/#primaryimage\"},\"thumbnailUrl\":\"https:\/\/noti-america.com\/site\/ecuador\/wp-content\/uploads\/sites\/18\/2020\/12\/ID-digital-1024.jpg\",\"articleSection\":[\"Educaci\u00f3n\"],\"inLanguage\":\"es\",\"potentialAction\":[{\"@type\":\"CommentAction\",\"name\":\"Comment\",\"target\":[\"https:\/\/noti-america.com\/site\/ecuador\/2020\/12\/14\/identificacion-digital-la-llave-para-prestar-servicios-digitales-en-tiempos-de-pandemia\/#respond\"]}]},{\"@type\":\"WebPage\",\"@id\":\"https:\/\/noti-america.com\/site\/ecuador\/2020\/12\/14\/identificacion-digital-la-llave-para-prestar-servicios-digitales-en-tiempos-de-pandemia\/\",\"url\":\"https:\/\/noti-america.com\/site\/ecuador\/2020\/12\/14\/identificacion-digital-la-llave-para-prestar-servicios-digitales-en-tiempos-de-pandemia\/\",\"name\":\"Identificaci\u00f3n Digital: La llave para prestar servicios digitales en tiempos de pandemia - Ecuador | Noti-America.com\",\"isPartOf\":{\"@id\":\"https:\/\/noti-america.com\/site\/ecuador\/#website\"},\"primaryImageOfPage\":{\"@id\":\"https:\/\/noti-america.com\/site\/ecuador\/2020\/12\/14\/identificacion-digital-la-llave-para-prestar-servicios-digitales-en-tiempos-de-pandemia\/#primaryimage\"},\"image\":{\"@id\":\"https:\/\/noti-america.com\/site\/ecuador\/2020\/12\/14\/identificacion-digital-la-llave-para-prestar-servicios-digitales-en-tiempos-de-pandemia\/#primaryimage\"},\"thumbnailUrl\":\"https:\/\/noti-america.com\/site\/ecuador\/wp-content\/uploads\/sites\/18\/2020\/12\/ID-digital-1024.jpg\",\"datePublished\":\"2020-12-14T23:56:52+00:00\",\"breadcrumb\":{\"@id\":\"https:\/\/noti-america.com\/site\/ecuador\/2020\/12\/14\/identificacion-digital-la-llave-para-prestar-servicios-digitales-en-tiempos-de-pandemia\/#breadcrumb\"},\"inLanguage\":\"es\",\"potentialAction\":[{\"@type\":\"ReadAction\",\"target\":[\"https:\/\/noti-america.com\/site\/ecuador\/2020\/12\/14\/identificacion-digital-la-llave-para-prestar-servicios-digitales-en-tiempos-de-pandemia\/\"]}]},{\"@type\":\"ImageObject\",\"inLanguage\":\"es\",\"@id\":\"https:\/\/noti-america.com\/site\/ecuador\/2020\/12\/14\/identificacion-digital-la-llave-para-prestar-servicios-digitales-en-tiempos-de-pandemia\/#primaryimage\",\"url\":\"https:\/\/noti-america.com\/site\/ecuador\/wp-content\/uploads\/sites\/18\/2020\/12\/ID-digital-1024.jpg\",\"contentUrl\":\"https:\/\/noti-america.com\/site\/ecuador\/wp-content\/uploads\/sites\/18\/2020\/12\/ID-digital-1024.jpg\",\"width\":1024,\"height\":512},{\"@type\":\"BreadcrumbList\",\"@id\":\"https:\/\/noti-america.com\/site\/ecuador\/2020\/12\/14\/identificacion-digital-la-llave-para-prestar-servicios-digitales-en-tiempos-de-pandemia\/#breadcrumb\",\"itemListElement\":[{\"@type\":\"ListItem\",\"position\":1,\"name\":\"Portada\",\"item\":\"https:\/\/noti-america.com\/site\/ecuador\/\"},{\"@type\":\"ListItem\",\"position\":2,\"name\":\"Identificaci\u00f3n Digital: La llave para prestar servicios digitales en tiempos de pandemia\"}]},{\"@type\":\"WebSite\",\"@id\":\"https:\/\/noti-america.com\/site\/ecuador\/#website\",\"url\":\"https:\/\/noti-america.com\/site\/ecuador\/\",\"name\":\"Ecuador | Noti-America.com\",\"description\":\"\",\"publisher\":{\"@id\":\"https:\/\/noti-america.com\/site\/ecuador\/#organization\"},\"potentialAction\":[{\"@type\":\"SearchAction\",\"target\":{\"@type\":\"EntryPoint\",\"urlTemplate\":\"https:\/\/noti-america.com\/site\/ecuador\/?s={search_term_string}\"},\"query-input\":{\"@type\":\"PropertyValueSpecification\",\"valueRequired\":true,\"valueName\":\"search_term_string\"}}],\"inLanguage\":\"es\"},{\"@type\":\"Organization\",\"@id\":\"https:\/\/noti-america.com\/site\/ecuador\/#organization\",\"name\":\"Noti-America LLC | Ecuador\",\"url\":\"https:\/\/noti-america.com\/site\/ecuador\/\",\"logo\":{\"@type\":\"ImageObject\",\"inLanguage\":\"es\",\"@id\":\"https:\/\/noti-america.com\/site\/ecuador\/#\/schema\/logo\/image\/\",\"url\":\"https:\/\/noti-america.com\/site\/ecuador\/wp-content\/uploads\/sites\/18\/2020\/07\/LogoNA-4x3-1.jpg\",\"contentUrl\":\"https:\/\/noti-america.com\/site\/ecuador\/wp-content\/uploads\/sites\/18\/2020\/07\/LogoNA-4x3-1.jpg\",\"width\":1236,\"height\":1080,\"caption\":\"Noti-America LLC | Ecuador\"},\"image\":{\"@id\":\"https:\/\/noti-america.com\/site\/ecuador\/#\/schema\/logo\/image\/\"},\"sameAs\":[\"https:\/\/x.com\/notiamerica\"]},{\"@type\":\"Person\",\"@id\":\"https:\/\/noti-america.com\/site\/ecuador\/#\/schema\/person\/3b975e42f15abfe64bfe3abdd916efda\",\"name\":\"Gregory Quintana Montiel\",\"image\":{\"@type\":\"ImageObject\",\"inLanguage\":\"es\",\"@id\":\"https:\/\/secure.gravatar.com\/avatar\/2d6b802f7720c2ec7744dcbe608cc2f3417aeb964d58b443c6d612b77531de1d?s=96&d=mm&r=g\",\"url\":\"https:\/\/secure.gravatar.com\/avatar\/2d6b802f7720c2ec7744dcbe608cc2f3417aeb964d58b443c6d612b77531de1d?s=96&d=mm&r=g\",\"contentUrl\":\"https:\/\/secure.gravatar.com\/avatar\/2d6b802f7720c2ec7744dcbe608cc2f3417aeb964d58b443c6d612b77531de1d?s=96&d=mm&r=g\",\"caption\":\"Gregory Quintana Montiel\"},\"description\":\"Licenciatura en Ciencias de la Comunicaci\u00f3n Social, egresado en la Especializaci\u00f3n Derecho Ambiental Desarrollo Sostenible y Sustentable, Miembro de la Comunidad de profesionales y experto para Latinoam\u00e9rica y el Caribe en Gesti\u00f3n por Resultado en el Desarrollo (COPLAC - GpRD) del Banco Interamericano de Desarrollo, experiencia en medios radiales y escritos.\",\"sameAs\":[\"https:\/\/x.com\/gdgregori1\",\"gquintana\"],\"url\":\"https:\/\/noti-america.com\/site\/ecuador\/author\/gquintana\/\"}]}<\/script>\n<!-- \/ Yoast SEO Premium plugin. -->","yoast_head_json":{"title":"Identificaci\u00f3n Digital: La llave para prestar servicios digitales en tiempos de pandemia - Ecuador | Noti-America.com","robots":{"index":"index","follow":"follow","max-snippet":"max-snippet:-1","max-image-preview":"max-image-preview:large","max-video-preview":"max-video-preview:-1"},"canonical":"https:\/\/noti-america.com\/site\/ecuador\/2020\/12\/14\/identificacion-digital-la-llave-para-prestar-servicios-digitales-en-tiempos-de-pandemia\/","og_locale":"es_ES","og_type":"article","og_title":"Identificaci\u00f3n Digital: La llave para prestar servicios digitales en tiempos de pandemia","og_description":"REDACCI\u00d3N NOTI AM\u00c9RICA (ECUADOR) En 1993,\u00a0una caricatura de la revista\u00a0The New Yorker\u00a0presentaba a dos perros sentados frente a una computadora. Uno le dec\u00eda al otro: \u201cen Internet, nadie sabe que eres un perro\u201d. Han&#46;&#46;&#46;","og_url":"https:\/\/noti-america.com\/site\/ecuador\/2020\/12\/14\/identificacion-digital-la-llave-para-prestar-servicios-digitales-en-tiempos-de-pandemia\/","og_site_name":"Ecuador | Noti-America.com","article_published_time":"2020-12-14T23:56:52+00:00","og_image":[{"width":1024,"height":512,"url":"https:\/\/noti-america.com\/site\/ecuador\/wp-content\/uploads\/sites\/18\/2020\/12\/ID-digital-1024.jpg","type":"image\/jpeg"}],"author":"Gregory Quintana Montiel","twitter_card":"summary_large_image","twitter_creator":"@gdgregori1","twitter_site":"@notiamerica","twitter_misc":{"Escrito por":"Gregory Quintana Montiel","Tiempo estimado de lectura":"7 minutos"},"schema":{"@context":"https:\/\/schema.org","@graph":[{"@type":"Article","@id":"https:\/\/noti-america.com\/site\/ecuador\/2020\/12\/14\/identificacion-digital-la-llave-para-prestar-servicios-digitales-en-tiempos-de-pandemia\/#article","isPartOf":{"@id":"https:\/\/noti-america.com\/site\/ecuador\/2020\/12\/14\/identificacion-digital-la-llave-para-prestar-servicios-digitales-en-tiempos-de-pandemia\/"},"author":{"name":"Gregory Quintana Montiel","@id":"https:\/\/noti-america.com\/site\/ecuador\/#\/schema\/person\/3b975e42f15abfe64bfe3abdd916efda"},"headline":"Identificaci\u00f3n Digital: La llave para prestar servicios digitales en tiempos de pandemia","datePublished":"2020-12-14T23:56:52+00:00","mainEntityOfPage":{"@id":"https:\/\/noti-america.com\/site\/ecuador\/2020\/12\/14\/identificacion-digital-la-llave-para-prestar-servicios-digitales-en-tiempos-de-pandemia\/"},"wordCount":1363,"commentCount":0,"publisher":{"@id":"https:\/\/noti-america.com\/site\/ecuador\/#organization"},"image":{"@id":"https:\/\/noti-america.com\/site\/ecuador\/2020\/12\/14\/identificacion-digital-la-llave-para-prestar-servicios-digitales-en-tiempos-de-pandemia\/#primaryimage"},"thumbnailUrl":"https:\/\/noti-america.com\/site\/ecuador\/wp-content\/uploads\/sites\/18\/2020\/12\/ID-digital-1024.jpg","articleSection":["Educaci\u00f3n"],"inLanguage":"es","potentialAction":[{"@type":"CommentAction","name":"Comment","target":["https:\/\/noti-america.com\/site\/ecuador\/2020\/12\/14\/identificacion-digital-la-llave-para-prestar-servicios-digitales-en-tiempos-de-pandemia\/#respond"]}]},{"@type":"WebPage","@id":"https:\/\/noti-america.com\/site\/ecuador\/2020\/12\/14\/identificacion-digital-la-llave-para-prestar-servicios-digitales-en-tiempos-de-pandemia\/","url":"https:\/\/noti-america.com\/site\/ecuador\/2020\/12\/14\/identificacion-digital-la-llave-para-prestar-servicios-digitales-en-tiempos-de-pandemia\/","name":"Identificaci\u00f3n Digital: La llave para prestar servicios digitales en tiempos de pandemia - Ecuador | Noti-America.com","isPartOf":{"@id":"https:\/\/noti-america.com\/site\/ecuador\/#website"},"primaryImageOfPage":{"@id":"https:\/\/noti-america.com\/site\/ecuador\/2020\/12\/14\/identificacion-digital-la-llave-para-prestar-servicios-digitales-en-tiempos-de-pandemia\/#primaryimage"},"image":{"@id":"https:\/\/noti-america.com\/site\/ecuador\/2020\/12\/14\/identificacion-digital-la-llave-para-prestar-servicios-digitales-en-tiempos-de-pandemia\/#primaryimage"},"thumbnailUrl":"https:\/\/noti-america.com\/site\/ecuador\/wp-content\/uploads\/sites\/18\/2020\/12\/ID-digital-1024.jpg","datePublished":"2020-12-14T23:56:52+00:00","breadcrumb":{"@id":"https:\/\/noti-america.com\/site\/ecuador\/2020\/12\/14\/identificacion-digital-la-llave-para-prestar-servicios-digitales-en-tiempos-de-pandemia\/#breadcrumb"},"inLanguage":"es","potentialAction":[{"@type":"ReadAction","target":["https:\/\/noti-america.com\/site\/ecuador\/2020\/12\/14\/identificacion-digital-la-llave-para-prestar-servicios-digitales-en-tiempos-de-pandemia\/"]}]},{"@type":"ImageObject","inLanguage":"es","@id":"https:\/\/noti-america.com\/site\/ecuador\/2020\/12\/14\/identificacion-digital-la-llave-para-prestar-servicios-digitales-en-tiempos-de-pandemia\/#primaryimage","url":"https:\/\/noti-america.com\/site\/ecuador\/wp-content\/uploads\/sites\/18\/2020\/12\/ID-digital-1024.jpg","contentUrl":"https:\/\/noti-america.com\/site\/ecuador\/wp-content\/uploads\/sites\/18\/2020\/12\/ID-digital-1024.jpg","width":1024,"height":512},{"@type":"BreadcrumbList","@id":"https:\/\/noti-america.com\/site\/ecuador\/2020\/12\/14\/identificacion-digital-la-llave-para-prestar-servicios-digitales-en-tiempos-de-pandemia\/#breadcrumb","itemListElement":[{"@type":"ListItem","position":1,"name":"Portada","item":"https:\/\/noti-america.com\/site\/ecuador\/"},{"@type":"ListItem","position":2,"name":"Identificaci\u00f3n Digital: La llave para prestar servicios digitales en tiempos de pandemia"}]},{"@type":"WebSite","@id":"https:\/\/noti-america.com\/site\/ecuador\/#website","url":"https:\/\/noti-america.com\/site\/ecuador\/","name":"Ecuador | Noti-America.com","description":"","publisher":{"@id":"https:\/\/noti-america.com\/site\/ecuador\/#organization"},"potentialAction":[{"@type":"SearchAction","target":{"@type":"EntryPoint","urlTemplate":"https:\/\/noti-america.com\/site\/ecuador\/?s={search_term_string}"},"query-input":{"@type":"PropertyValueSpecification","valueRequired":true,"valueName":"search_term_string"}}],"inLanguage":"es"},{"@type":"Organization","@id":"https:\/\/noti-america.com\/site\/ecuador\/#organization","name":"Noti-America LLC | Ecuador","url":"https:\/\/noti-america.com\/site\/ecuador\/","logo":{"@type":"ImageObject","inLanguage":"es","@id":"https:\/\/noti-america.com\/site\/ecuador\/#\/schema\/logo\/image\/","url":"https:\/\/noti-america.com\/site\/ecuador\/wp-content\/uploads\/sites\/18\/2020\/07\/LogoNA-4x3-1.jpg","contentUrl":"https:\/\/noti-america.com\/site\/ecuador\/wp-content\/uploads\/sites\/18\/2020\/07\/LogoNA-4x3-1.jpg","width":1236,"height":1080,"caption":"Noti-America LLC | Ecuador"},"image":{"@id":"https:\/\/noti-america.com\/site\/ecuador\/#\/schema\/logo\/image\/"},"sameAs":["https:\/\/x.com\/notiamerica"]},{"@type":"Person","@id":"https:\/\/noti-america.com\/site\/ecuador\/#\/schema\/person\/3b975e42f15abfe64bfe3abdd916efda","name":"Gregory Quintana Montiel","image":{"@type":"ImageObject","inLanguage":"es","@id":"https:\/\/secure.gravatar.com\/avatar\/2d6b802f7720c2ec7744dcbe608cc2f3417aeb964d58b443c6d612b77531de1d?s=96&d=mm&r=g","url":"https:\/\/secure.gravatar.com\/avatar\/2d6b802f7720c2ec7744dcbe608cc2f3417aeb964d58b443c6d612b77531de1d?s=96&d=mm&r=g","contentUrl":"https:\/\/secure.gravatar.com\/avatar\/2d6b802f7720c2ec7744dcbe608cc2f3417aeb964d58b443c6d612b77531de1d?s=96&d=mm&r=g","caption":"Gregory Quintana Montiel"},"description":"Licenciatura en Ciencias de la Comunicaci\u00f3n Social, egresado en la Especializaci\u00f3n Derecho Ambiental Desarrollo Sostenible y Sustentable, Miembro de la Comunidad de profesionales y experto para Latinoam\u00e9rica y el Caribe en Gesti\u00f3n por Resultado en el Desarrollo (COPLAC - GpRD) del Banco Interamericano de Desarrollo, experiencia en medios radiales y escritos.","sameAs":["https:\/\/x.com\/gdgregori1","gquintana"],"url":"https:\/\/noti-america.com\/site\/ecuador\/author\/gquintana\/"}]}},"_links":{"self":[{"href":"https:\/\/noti-america.com\/site\/ecuador\/wp-json\/wp\/v2\/posts\/12217","targetHints":{"allow":["GET"]}}],"collection":[{"href":"https:\/\/noti-america.com\/site\/ecuador\/wp-json\/wp\/v2\/posts"}],"about":[{"href":"https:\/\/noti-america.com\/site\/ecuador\/wp-json\/wp\/v2\/types\/post"}],"author":[{"embeddable":true,"href":"https:\/\/noti-america.com\/site\/ecuador\/wp-json\/wp\/v2\/users\/17"}],"replies":[{"embeddable":true,"href":"https:\/\/noti-america.com\/site\/ecuador\/wp-json\/wp\/v2\/comments?post=12217"}],"version-history":[{"count":1,"href":"https:\/\/noti-america.com\/site\/ecuador\/wp-json\/wp\/v2\/posts\/12217\/revisions"}],"predecessor-version":[{"id":12219,"href":"https:\/\/noti-america.com\/site\/ecuador\/wp-json\/wp\/v2\/posts\/12217\/revisions\/12219"}],"wp:featuredmedia":[{"embeddable":true,"href":"https:\/\/noti-america.com\/site\/ecuador\/wp-json\/wp\/v2\/media\/12218"}],"wp:attachment":[{"href":"https:\/\/noti-america.com\/site\/ecuador\/wp-json\/wp\/v2\/media?parent=12217"}],"wp:term":[{"taxonomy":"category","embeddable":true,"href":"https:\/\/noti-america.com\/site\/ecuador\/wp-json\/wp\/v2\/categories?post=12217"},{"taxonomy":"post_tag","embeddable":true,"href":"https:\/\/noti-america.com\/site\/ecuador\/wp-json\/wp\/v2\/tags?post=12217"}],"curies":[{"name":"wp","href":"https:\/\/api.w.org\/{rel}","templated":true}]}}