{"id":12122,"date":"2020-12-09T15:01:00","date_gmt":"2020-12-09T15:01:00","guid":{"rendered":"https:\/\/noti-america.com\/site\/ecuador\/?p=12122"},"modified":"2020-12-09T15:01:00","modified_gmt":"2020-12-09T15:01:00","slug":"las-ventajas-y-desventajas-de-las-tics-es-tema-de-analisis-para-lograr-un-buen-uso","status":"publish","type":"post","link":"https:\/\/noti-america.com\/site\/ecuador\/2020\/12\/09\/las-ventajas-y-desventajas-de-las-tics-es-tema-de-analisis-para-lograr-un-buen-uso\/","title":{"rendered":"Las ventajas y desventajas de las TICs es tema de an\u00e1lisis para lograr un buen uso"},"content":{"rendered":"<p><strong>REDACCI\u00d3N NOTI AM\u00c9RICA (ECUADOR)<\/strong><\/p>\n<div id=\"attachment_12123\" style=\"width: 589px\" class=\"wp-caption aligncenter\"><img loading=\"lazy\" decoding=\"async\" aria-describedby=\"caption-attachment-12123\" class=\"wp-image-12123\" src=\"https:\/\/noti-america.com\/site\/ecuador\/wp-content\/uploads\/sites\/18\/2020\/12\/9-dic-zona-7-nina-clases-300x169.png\" alt=\"\" width=\"579\" height=\"326\" srcset=\"https:\/\/noti-america.com\/site\/ecuador\/wp-content\/uploads\/sites\/18\/2020\/12\/9-dic-zona-7-nina-clases-300x169.png 300w, https:\/\/noti-america.com\/site\/ecuador\/wp-content\/uploads\/sites\/18\/2020\/12\/9-dic-zona-7-nina-clases-768x432.png 768w, https:\/\/noti-america.com\/site\/ecuador\/wp-content\/uploads\/sites\/18\/2020\/12\/9-dic-zona-7-nina-clases.png 800w\" sizes=\"auto, (max-width: 579px) 100vw, 579px\" \/><p id=\"caption-attachment-12123\" class=\"wp-caption-text\">Los estudiantes evidencia mayor uso de las TICs en este tiempo de crisis sanitaria.<\/p><\/div>\n<p style=\"text-align: justify\">Las ventajas y desventajas que tienen las Tecnolog\u00edas de Informaci\u00f3n y Comunicaci\u00f3n (TICs) es motivo de preocupaci\u00f3n\u00a0 del Ministerio de Educaci\u00f3n, por lo que se busca reforzar la idea de un uso adecuado y la supervisi\u00f3n ajustado a la edad de los menores.<\/p>\n<p style=\"text-align: justify\">Ante esta realidad, autoridades educativas y profesionales de los Departamentos de Consejer\u00eda Estudiantil (DECE) participaron en el evento virtual \u201cUso inapropiado de nuevas tecnolog\u00edas y riesgos forenses enfocados en ni\u00f1as, ni\u00f1os y adolescentes\u201d.<\/p>\n<p style=\"text-align: justify\">Esta actividad cont\u00f3 con la presencia de expertos en Psicolog\u00eda y de la Direcci\u00f3n Nacional de Investigaci\u00f3n T\u00e9cnico Cient\u00edfico Policial, quienes transmitieron conocimientos detallados de las ventajas y desventajas que tienen las TICs.<\/p>\n<p style=\"text-align: justify\">\u201cEs fundamental crear espacios de debate de los riesgos que existen, as\u00ed como dotar de herramientas seguras para un uso correcto de internet, tel\u00e9fono, redes sociales, videojuegos, sobre todo en edades tempranas\u201d, indic\u00f3 Daniel Padilla, perito en Criminal\u00edstica de la Direcci\u00f3n Nacional de Investigaci\u00f3n T\u00e9cnico Cient\u00edfico policial.<\/p>\n<p style=\"text-align: justify\">Alex Mej\u00eda, director Distrital P\u00edllaro, a\u00f1adi\u00f3 que el trabajo conjunto entre la instituci\u00f3n y la familia es clave para el desarrollo integral de los estudiantes: \u201cEste encuentro de informaci\u00f3n, sensibilizaci\u00f3n y concienciaci\u00f3n es importante, tomando en cuenta que una de las estrategias para prevenir situaciones de riesgo es fomentar la corresponsabilidad familiar, pues as\u00ed se puede mitigar la violencia generada por diversos factores, como por ejemplo los juegos virtuales\u201d.<\/p>\n<p style=\"text-align: justify\">\n","protected":false},"excerpt":{"rendered":"<p>REDACCI\u00d3N NOTI AM\u00c9RICA (ECUADOR) Las ventajas y desventajas que tienen las Tecnolog\u00edas de Informaci\u00f3n y Comunicaci\u00f3n (TICs) es motivo de preocupaci\u00f3n\u00a0 del Ministerio de Educaci\u00f3n, por lo que se busca reforzar la idea de&#46;&#46;&#46;<\/p>\n","protected":false},"author":113,"featured_media":12123,"comment_status":"open","ping_status":"open","sticky":false,"template":"","format":"standard","meta":{"_acf_changed":false,"om_disable_all_campaigns":false,"rop_custom_images_group":[],"rop_custom_messages_group":[],"rop_publish_now":"initial","rop_publish_now_accounts":{"twitter_242054905_242054905":""},"rop_publish_now_history":[],"rop_publish_now_status":"pending","_uf_show_specific_survey":0,"_uf_disable_surveys":false,"footnotes":""},"categories":[103],"tags":[],"class_list":["post-12122","post","type-post","status-publish","format-standard","has-post-thumbnail","hentry","category-educacion"],"acf":[],"aioseo_notices":[],"yoast_head":"<!-- This site is optimized with the Yoast SEO Premium plugin v24.9 (Yoast SEO v27.2) - https:\/\/yoast.com\/product\/yoast-seo-premium-wordpress\/ -->\n<title>Las ventajas y desventajas de las TICs es tema de an\u00e1lisis para lograr un buen uso - Ecuador | Noti-America.com<\/title>\n<meta name=\"robots\" content=\"index, follow, max-snippet:-1, max-image-preview:large, max-video-preview:-1\" \/>\n<link rel=\"canonical\" href=\"https:\/\/noti-america.com\/site\/ecuador\/2020\/12\/09\/las-ventajas-y-desventajas-de-las-tics-es-tema-de-analisis-para-lograr-un-buen-uso\/\" \/>\n<meta property=\"og:locale\" content=\"es_ES\" \/>\n<meta property=\"og:type\" content=\"article\" \/>\n<meta property=\"og:title\" content=\"Las ventajas y desventajas de las TICs es tema de an\u00e1lisis para lograr un buen uso\" \/>\n<meta property=\"og:description\" content=\"REDACCI\u00d3N NOTI AM\u00c9RICA (ECUADOR) Las ventajas y desventajas que tienen las Tecnolog\u00edas de Informaci\u00f3n y Comunicaci\u00f3n (TICs) es motivo de preocupaci\u00f3n\u00a0 del Ministerio de Educaci\u00f3n, por lo que se busca reforzar la idea de&#046;&#046;&#046;\" \/>\n<meta property=\"og:url\" content=\"https:\/\/noti-america.com\/site\/ecuador\/2020\/12\/09\/las-ventajas-y-desventajas-de-las-tics-es-tema-de-analisis-para-lograr-un-buen-uso\/\" \/>\n<meta property=\"og:site_name\" content=\"Ecuador | Noti-America.com\" \/>\n<meta property=\"article:published_time\" content=\"2020-12-09T15:01:00+00:00\" \/>\n<meta property=\"og:image\" content=\"https:\/\/noti-america.com\/site\/ecuador\/wp-content\/uploads\/sites\/18\/2020\/12\/9-dic-zona-7-nina-clases.png\" \/>\n\t<meta property=\"og:image:width\" content=\"800\" \/>\n\t<meta property=\"og:image:height\" content=\"450\" \/>\n\t<meta property=\"og:image:type\" content=\"image\/png\" \/>\n<meta name=\"author\" content=\"Henry Ortiz\" \/>\n<meta name=\"twitter:card\" content=\"summary_large_image\" \/>\n<meta name=\"twitter:creator\" content=\"@notiamerica\" \/>\n<meta name=\"twitter:site\" content=\"@notiamerica\" \/>\n<meta name=\"twitter:label1\" content=\"Escrito por\" \/>\n\t<meta name=\"twitter:data1\" content=\"Henry Ortiz\" \/>\n\t<meta name=\"twitter:label2\" content=\"Tiempo estimado de lectura\" \/>\n\t<meta name=\"twitter:data2\" content=\"1 minuto\" \/>\n<script type=\"application\/ld+json\" class=\"yoast-schema-graph\">{\"@context\":\"https:\/\/schema.org\",\"@graph\":[{\"@type\":\"Article\",\"@id\":\"https:\/\/noti-america.com\/site\/ecuador\/2020\/12\/09\/las-ventajas-y-desventajas-de-las-tics-es-tema-de-analisis-para-lograr-un-buen-uso\/#article\",\"isPartOf\":{\"@id\":\"https:\/\/noti-america.com\/site\/ecuador\/2020\/12\/09\/las-ventajas-y-desventajas-de-las-tics-es-tema-de-analisis-para-lograr-un-buen-uso\/\"},\"author\":{\"name\":\"Henry Ortiz\",\"@id\":\"https:\/\/noti-america.com\/site\/ecuador\/#\/schema\/person\/b9d1630cc6598af759d45c790a347283\"},\"headline\":\"Las ventajas y desventajas de las TICs es tema de an\u00e1lisis para lograr un buen uso\",\"datePublished\":\"2020-12-09T15:01:00+00:00\",\"mainEntityOfPage\":{\"@id\":\"https:\/\/noti-america.com\/site\/ecuador\/2020\/12\/09\/las-ventajas-y-desventajas-de-las-tics-es-tema-de-analisis-para-lograr-un-buen-uso\/\"},\"wordCount\":297,\"commentCount\":0,\"publisher\":{\"@id\":\"https:\/\/noti-america.com\/site\/ecuador\/#organization\"},\"image\":{\"@id\":\"https:\/\/noti-america.com\/site\/ecuador\/2020\/12\/09\/las-ventajas-y-desventajas-de-las-tics-es-tema-de-analisis-para-lograr-un-buen-uso\/#primaryimage\"},\"thumbnailUrl\":\"https:\/\/noti-america.com\/site\/ecuador\/wp-content\/uploads\/sites\/18\/2020\/12\/9-dic-zona-7-nina-clases.png\",\"articleSection\":[\"Educaci\u00f3n\"],\"inLanguage\":\"es\",\"potentialAction\":[{\"@type\":\"CommentAction\",\"name\":\"Comment\",\"target\":[\"https:\/\/noti-america.com\/site\/ecuador\/2020\/12\/09\/las-ventajas-y-desventajas-de-las-tics-es-tema-de-analisis-para-lograr-un-buen-uso\/#respond\"]}]},{\"@type\":\"WebPage\",\"@id\":\"https:\/\/noti-america.com\/site\/ecuador\/2020\/12\/09\/las-ventajas-y-desventajas-de-las-tics-es-tema-de-analisis-para-lograr-un-buen-uso\/\",\"url\":\"https:\/\/noti-america.com\/site\/ecuador\/2020\/12\/09\/las-ventajas-y-desventajas-de-las-tics-es-tema-de-analisis-para-lograr-un-buen-uso\/\",\"name\":\"Las ventajas y desventajas de las TICs es tema de an\u00e1lisis para lograr un buen uso - Ecuador | Noti-America.com\",\"isPartOf\":{\"@id\":\"https:\/\/noti-america.com\/site\/ecuador\/#website\"},\"primaryImageOfPage\":{\"@id\":\"https:\/\/noti-america.com\/site\/ecuador\/2020\/12\/09\/las-ventajas-y-desventajas-de-las-tics-es-tema-de-analisis-para-lograr-un-buen-uso\/#primaryimage\"},\"image\":{\"@id\":\"https:\/\/noti-america.com\/site\/ecuador\/2020\/12\/09\/las-ventajas-y-desventajas-de-las-tics-es-tema-de-analisis-para-lograr-un-buen-uso\/#primaryimage\"},\"thumbnailUrl\":\"https:\/\/noti-america.com\/site\/ecuador\/wp-content\/uploads\/sites\/18\/2020\/12\/9-dic-zona-7-nina-clases.png\",\"datePublished\":\"2020-12-09T15:01:00+00:00\",\"breadcrumb\":{\"@id\":\"https:\/\/noti-america.com\/site\/ecuador\/2020\/12\/09\/las-ventajas-y-desventajas-de-las-tics-es-tema-de-analisis-para-lograr-un-buen-uso\/#breadcrumb\"},\"inLanguage\":\"es\",\"potentialAction\":[{\"@type\":\"ReadAction\",\"target\":[\"https:\/\/noti-america.com\/site\/ecuador\/2020\/12\/09\/las-ventajas-y-desventajas-de-las-tics-es-tema-de-analisis-para-lograr-un-buen-uso\/\"]}]},{\"@type\":\"ImageObject\",\"inLanguage\":\"es\",\"@id\":\"https:\/\/noti-america.com\/site\/ecuador\/2020\/12\/09\/las-ventajas-y-desventajas-de-las-tics-es-tema-de-analisis-para-lograr-un-buen-uso\/#primaryimage\",\"url\":\"https:\/\/noti-america.com\/site\/ecuador\/wp-content\/uploads\/sites\/18\/2020\/12\/9-dic-zona-7-nina-clases.png\",\"contentUrl\":\"https:\/\/noti-america.com\/site\/ecuador\/wp-content\/uploads\/sites\/18\/2020\/12\/9-dic-zona-7-nina-clases.png\",\"width\":800,\"height\":450},{\"@type\":\"BreadcrumbList\",\"@id\":\"https:\/\/noti-america.com\/site\/ecuador\/2020\/12\/09\/las-ventajas-y-desventajas-de-las-tics-es-tema-de-analisis-para-lograr-un-buen-uso\/#breadcrumb\",\"itemListElement\":[{\"@type\":\"ListItem\",\"position\":1,\"name\":\"Portada\",\"item\":\"https:\/\/noti-america.com\/site\/ecuador\/\"},{\"@type\":\"ListItem\",\"position\":2,\"name\":\"Las ventajas y desventajas de las TICs es tema de an\u00e1lisis para lograr un buen uso\"}]},{\"@type\":\"WebSite\",\"@id\":\"https:\/\/noti-america.com\/site\/ecuador\/#website\",\"url\":\"https:\/\/noti-america.com\/site\/ecuador\/\",\"name\":\"Ecuador | Noti-America.com\",\"description\":\"\",\"publisher\":{\"@id\":\"https:\/\/noti-america.com\/site\/ecuador\/#organization\"},\"potentialAction\":[{\"@type\":\"SearchAction\",\"target\":{\"@type\":\"EntryPoint\",\"urlTemplate\":\"https:\/\/noti-america.com\/site\/ecuador\/?s={search_term_string}\"},\"query-input\":{\"@type\":\"PropertyValueSpecification\",\"valueRequired\":true,\"valueName\":\"search_term_string\"}}],\"inLanguage\":\"es\"},{\"@type\":\"Organization\",\"@id\":\"https:\/\/noti-america.com\/site\/ecuador\/#organization\",\"name\":\"Noti-America LLC | Ecuador\",\"url\":\"https:\/\/noti-america.com\/site\/ecuador\/\",\"logo\":{\"@type\":\"ImageObject\",\"inLanguage\":\"es\",\"@id\":\"https:\/\/noti-america.com\/site\/ecuador\/#\/schema\/logo\/image\/\",\"url\":\"https:\/\/noti-america.com\/site\/ecuador\/wp-content\/uploads\/sites\/18\/2020\/07\/LogoNA-4x3-1.jpg\",\"contentUrl\":\"https:\/\/noti-america.com\/site\/ecuador\/wp-content\/uploads\/sites\/18\/2020\/07\/LogoNA-4x3-1.jpg\",\"width\":1236,\"height\":1080,\"caption\":\"Noti-America LLC | Ecuador\"},\"image\":{\"@id\":\"https:\/\/noti-america.com\/site\/ecuador\/#\/schema\/logo\/image\/\"},\"sameAs\":[\"https:\/\/x.com\/notiamerica\"]},{\"@type\":\"Person\",\"@id\":\"https:\/\/noti-america.com\/site\/ecuador\/#\/schema\/person\/b9d1630cc6598af759d45c790a347283\",\"name\":\"Henry Ortiz\",\"image\":{\"@type\":\"ImageObject\",\"inLanguage\":\"es\",\"@id\":\"https:\/\/secure.gravatar.com\/avatar\/0b5407b5b302fbb6a578e625dca512ac2983ee5fa9ea941d581b83c40212e4c8?s=96&d=mm&r=g\",\"url\":\"https:\/\/secure.gravatar.com\/avatar\/0b5407b5b302fbb6a578e625dca512ac2983ee5fa9ea941d581b83c40212e4c8?s=96&d=mm&r=g\",\"contentUrl\":\"https:\/\/secure.gravatar.com\/avatar\/0b5407b5b302fbb6a578e625dca512ac2983ee5fa9ea941d581b83c40212e4c8?s=96&d=mm&r=g\",\"caption\":\"Henry Ortiz\"},\"url\":\"https:\/\/noti-america.com\/site\/ecuador\/author\/hortiz\/\"}]}<\/script>\n<!-- \/ Yoast SEO Premium plugin. -->","yoast_head_json":{"title":"Las ventajas y desventajas de las TICs es tema de an\u00e1lisis para lograr un buen uso - Ecuador | Noti-America.com","robots":{"index":"index","follow":"follow","max-snippet":"max-snippet:-1","max-image-preview":"max-image-preview:large","max-video-preview":"max-video-preview:-1"},"canonical":"https:\/\/noti-america.com\/site\/ecuador\/2020\/12\/09\/las-ventajas-y-desventajas-de-las-tics-es-tema-de-analisis-para-lograr-un-buen-uso\/","og_locale":"es_ES","og_type":"article","og_title":"Las ventajas y desventajas de las TICs es tema de an\u00e1lisis para lograr un buen uso","og_description":"REDACCI\u00d3N NOTI AM\u00c9RICA (ECUADOR) Las ventajas y desventajas que tienen las Tecnolog\u00edas de Informaci\u00f3n y Comunicaci\u00f3n (TICs) es motivo de preocupaci\u00f3n\u00a0 del Ministerio de Educaci\u00f3n, por lo que se busca reforzar la idea de&#46;&#46;&#46;","og_url":"https:\/\/noti-america.com\/site\/ecuador\/2020\/12\/09\/las-ventajas-y-desventajas-de-las-tics-es-tema-de-analisis-para-lograr-un-buen-uso\/","og_site_name":"Ecuador | Noti-America.com","article_published_time":"2020-12-09T15:01:00+00:00","og_image":[{"width":800,"height":450,"url":"https:\/\/noti-america.com\/site\/ecuador\/wp-content\/uploads\/sites\/18\/2020\/12\/9-dic-zona-7-nina-clases.png","type":"image\/png"}],"author":"Henry Ortiz","twitter_card":"summary_large_image","twitter_creator":"@notiamerica","twitter_site":"@notiamerica","twitter_misc":{"Escrito por":"Henry Ortiz","Tiempo estimado de lectura":"1 minuto"},"schema":{"@context":"https:\/\/schema.org","@graph":[{"@type":"Article","@id":"https:\/\/noti-america.com\/site\/ecuador\/2020\/12\/09\/las-ventajas-y-desventajas-de-las-tics-es-tema-de-analisis-para-lograr-un-buen-uso\/#article","isPartOf":{"@id":"https:\/\/noti-america.com\/site\/ecuador\/2020\/12\/09\/las-ventajas-y-desventajas-de-las-tics-es-tema-de-analisis-para-lograr-un-buen-uso\/"},"author":{"name":"Henry Ortiz","@id":"https:\/\/noti-america.com\/site\/ecuador\/#\/schema\/person\/b9d1630cc6598af759d45c790a347283"},"headline":"Las ventajas y desventajas de las TICs es tema de an\u00e1lisis para lograr un buen uso","datePublished":"2020-12-09T15:01:00+00:00","mainEntityOfPage":{"@id":"https:\/\/noti-america.com\/site\/ecuador\/2020\/12\/09\/las-ventajas-y-desventajas-de-las-tics-es-tema-de-analisis-para-lograr-un-buen-uso\/"},"wordCount":297,"commentCount":0,"publisher":{"@id":"https:\/\/noti-america.com\/site\/ecuador\/#organization"},"image":{"@id":"https:\/\/noti-america.com\/site\/ecuador\/2020\/12\/09\/las-ventajas-y-desventajas-de-las-tics-es-tema-de-analisis-para-lograr-un-buen-uso\/#primaryimage"},"thumbnailUrl":"https:\/\/noti-america.com\/site\/ecuador\/wp-content\/uploads\/sites\/18\/2020\/12\/9-dic-zona-7-nina-clases.png","articleSection":["Educaci\u00f3n"],"inLanguage":"es","potentialAction":[{"@type":"CommentAction","name":"Comment","target":["https:\/\/noti-america.com\/site\/ecuador\/2020\/12\/09\/las-ventajas-y-desventajas-de-las-tics-es-tema-de-analisis-para-lograr-un-buen-uso\/#respond"]}]},{"@type":"WebPage","@id":"https:\/\/noti-america.com\/site\/ecuador\/2020\/12\/09\/las-ventajas-y-desventajas-de-las-tics-es-tema-de-analisis-para-lograr-un-buen-uso\/","url":"https:\/\/noti-america.com\/site\/ecuador\/2020\/12\/09\/las-ventajas-y-desventajas-de-las-tics-es-tema-de-analisis-para-lograr-un-buen-uso\/","name":"Las ventajas y desventajas de las TICs es tema de an\u00e1lisis para lograr un buen uso - Ecuador | Noti-America.com","isPartOf":{"@id":"https:\/\/noti-america.com\/site\/ecuador\/#website"},"primaryImageOfPage":{"@id":"https:\/\/noti-america.com\/site\/ecuador\/2020\/12\/09\/las-ventajas-y-desventajas-de-las-tics-es-tema-de-analisis-para-lograr-un-buen-uso\/#primaryimage"},"image":{"@id":"https:\/\/noti-america.com\/site\/ecuador\/2020\/12\/09\/las-ventajas-y-desventajas-de-las-tics-es-tema-de-analisis-para-lograr-un-buen-uso\/#primaryimage"},"thumbnailUrl":"https:\/\/noti-america.com\/site\/ecuador\/wp-content\/uploads\/sites\/18\/2020\/12\/9-dic-zona-7-nina-clases.png","datePublished":"2020-12-09T15:01:00+00:00","breadcrumb":{"@id":"https:\/\/noti-america.com\/site\/ecuador\/2020\/12\/09\/las-ventajas-y-desventajas-de-las-tics-es-tema-de-analisis-para-lograr-un-buen-uso\/#breadcrumb"},"inLanguage":"es","potentialAction":[{"@type":"ReadAction","target":["https:\/\/noti-america.com\/site\/ecuador\/2020\/12\/09\/las-ventajas-y-desventajas-de-las-tics-es-tema-de-analisis-para-lograr-un-buen-uso\/"]}]},{"@type":"ImageObject","inLanguage":"es","@id":"https:\/\/noti-america.com\/site\/ecuador\/2020\/12\/09\/las-ventajas-y-desventajas-de-las-tics-es-tema-de-analisis-para-lograr-un-buen-uso\/#primaryimage","url":"https:\/\/noti-america.com\/site\/ecuador\/wp-content\/uploads\/sites\/18\/2020\/12\/9-dic-zona-7-nina-clases.png","contentUrl":"https:\/\/noti-america.com\/site\/ecuador\/wp-content\/uploads\/sites\/18\/2020\/12\/9-dic-zona-7-nina-clases.png","width":800,"height":450},{"@type":"BreadcrumbList","@id":"https:\/\/noti-america.com\/site\/ecuador\/2020\/12\/09\/las-ventajas-y-desventajas-de-las-tics-es-tema-de-analisis-para-lograr-un-buen-uso\/#breadcrumb","itemListElement":[{"@type":"ListItem","position":1,"name":"Portada","item":"https:\/\/noti-america.com\/site\/ecuador\/"},{"@type":"ListItem","position":2,"name":"Las ventajas y desventajas de las TICs es tema de an\u00e1lisis para lograr un buen uso"}]},{"@type":"WebSite","@id":"https:\/\/noti-america.com\/site\/ecuador\/#website","url":"https:\/\/noti-america.com\/site\/ecuador\/","name":"Ecuador | Noti-America.com","description":"","publisher":{"@id":"https:\/\/noti-america.com\/site\/ecuador\/#organization"},"potentialAction":[{"@type":"SearchAction","target":{"@type":"EntryPoint","urlTemplate":"https:\/\/noti-america.com\/site\/ecuador\/?s={search_term_string}"},"query-input":{"@type":"PropertyValueSpecification","valueRequired":true,"valueName":"search_term_string"}}],"inLanguage":"es"},{"@type":"Organization","@id":"https:\/\/noti-america.com\/site\/ecuador\/#organization","name":"Noti-America LLC | Ecuador","url":"https:\/\/noti-america.com\/site\/ecuador\/","logo":{"@type":"ImageObject","inLanguage":"es","@id":"https:\/\/noti-america.com\/site\/ecuador\/#\/schema\/logo\/image\/","url":"https:\/\/noti-america.com\/site\/ecuador\/wp-content\/uploads\/sites\/18\/2020\/07\/LogoNA-4x3-1.jpg","contentUrl":"https:\/\/noti-america.com\/site\/ecuador\/wp-content\/uploads\/sites\/18\/2020\/07\/LogoNA-4x3-1.jpg","width":1236,"height":1080,"caption":"Noti-America LLC | Ecuador"},"image":{"@id":"https:\/\/noti-america.com\/site\/ecuador\/#\/schema\/logo\/image\/"},"sameAs":["https:\/\/x.com\/notiamerica"]},{"@type":"Person","@id":"https:\/\/noti-america.com\/site\/ecuador\/#\/schema\/person\/b9d1630cc6598af759d45c790a347283","name":"Henry Ortiz","image":{"@type":"ImageObject","inLanguage":"es","@id":"https:\/\/secure.gravatar.com\/avatar\/0b5407b5b302fbb6a578e625dca512ac2983ee5fa9ea941d581b83c40212e4c8?s=96&d=mm&r=g","url":"https:\/\/secure.gravatar.com\/avatar\/0b5407b5b302fbb6a578e625dca512ac2983ee5fa9ea941d581b83c40212e4c8?s=96&d=mm&r=g","contentUrl":"https:\/\/secure.gravatar.com\/avatar\/0b5407b5b302fbb6a578e625dca512ac2983ee5fa9ea941d581b83c40212e4c8?s=96&d=mm&r=g","caption":"Henry Ortiz"},"url":"https:\/\/noti-america.com\/site\/ecuador\/author\/hortiz\/"}]}},"_links":{"self":[{"href":"https:\/\/noti-america.com\/site\/ecuador\/wp-json\/wp\/v2\/posts\/12122","targetHints":{"allow":["GET"]}}],"collection":[{"href":"https:\/\/noti-america.com\/site\/ecuador\/wp-json\/wp\/v2\/posts"}],"about":[{"href":"https:\/\/noti-america.com\/site\/ecuador\/wp-json\/wp\/v2\/types\/post"}],"author":[{"embeddable":true,"href":"https:\/\/noti-america.com\/site\/ecuador\/wp-json\/wp\/v2\/users\/113"}],"replies":[{"embeddable":true,"href":"https:\/\/noti-america.com\/site\/ecuador\/wp-json\/wp\/v2\/comments?post=12122"}],"version-history":[{"count":1,"href":"https:\/\/noti-america.com\/site\/ecuador\/wp-json\/wp\/v2\/posts\/12122\/revisions"}],"predecessor-version":[{"id":12124,"href":"https:\/\/noti-america.com\/site\/ecuador\/wp-json\/wp\/v2\/posts\/12122\/revisions\/12124"}],"wp:featuredmedia":[{"embeddable":true,"href":"https:\/\/noti-america.com\/site\/ecuador\/wp-json\/wp\/v2\/media\/12123"}],"wp:attachment":[{"href":"https:\/\/noti-america.com\/site\/ecuador\/wp-json\/wp\/v2\/media?parent=12122"}],"wp:term":[{"taxonomy":"category","embeddable":true,"href":"https:\/\/noti-america.com\/site\/ecuador\/wp-json\/wp\/v2\/categories?post=12122"},{"taxonomy":"post_tag","embeddable":true,"href":"https:\/\/noti-america.com\/site\/ecuador\/wp-json\/wp\/v2\/tags?post=12122"}],"curies":[{"name":"wp","href":"https:\/\/api.w.org\/{rel}","templated":true}]}}