{"id":12101,"date":"2020-12-07T23:49:24","date_gmt":"2020-12-07T23:49:24","guid":{"rendered":"https:\/\/noti-america.com\/site\/ecuador\/2020\/12\/07\/trabajadores-advierte-privatizacion-en-la-terminal-de-balao-2\/"},"modified":"2020-12-08T04:37:37","modified_gmt":"2020-12-08T04:37:37","slug":"trabajadores-advierte-privatizacion-en-la-terminal-de-balao-2","status":"publish","type":"post","link":"https:\/\/noti-america.com\/site\/ecuador\/2020\/12\/07\/trabajadores-advierte-privatizacion-en-la-terminal-de-balao-2\/","title":{"rendered":"Trabajadores advierte privatizaci\u00f3n en la terminal de Balao"},"content":{"rendered":"<p>REDACCI\u00d3N NOTI AM\u00c9RICA (ECUADOR)<\/p>\n<p>Autor: <strong>Henry Garrido<\/strong><\/p>\n<div id=\"attachment_51436\" style=\"width: 501px\" class=\"wp-caption alignleft\"><img loading=\"lazy\" decoding=\"async\" aria-describedby=\"caption-attachment-51436\" class=\" wp-image-12099\" src=\"https:\/\/noti-america.com\/site\/ecuador\/wp-content\/uploads\/sites\/18\/2020\/12\/127280878_876887959718641_3857782574254266022_n-300x225.jpg\" alt=\"\" width=\"491\" height=\"368\" srcset=\"https:\/\/noti-america.com\/site\/ecuador\/wp-content\/uploads\/sites\/18\/2020\/12\/127280878_876887959718641_3857782574254266022_n-300x225.jpg 300w, https:\/\/noti-america.com\/site\/ecuador\/wp-content\/uploads\/sites\/18\/2020\/12\/127280878_876887959718641_3857782574254266022_n.jpg 720w\" sizes=\"auto, (max-width: 491px) 100vw, 491px\" \/><p id=\"caption-attachment-51436\" class=\"wp-caption-text\">La Terminal Petrolera de Balao (Suinba), cumpli\u00f3 48 a\u00f1os de vida institucional.<\/p><\/div>\n<p style=\"text-align: justify\">La Superintendencia del Terminal Petrolero de Balao\u00a0(Suinba), que est\u00e1 ubicado en la ciudad de Esmeraldas, es una entidad portuaria clave en los servicios mar\u00edtimos de combustible, donde se generan unos 45 millones de d\u00f3lares cada a\u00f1o para el Estado a trav\u00e9s de la maniobras en altamar.<\/p>\n<p style=\"text-align: justify\">Seg\u00fan la Asociaci\u00f3n de Trabajadores de la Terminal Petrolera (Asotsuinba), ese flujo de dinero es un atractivo para que las empresas privadas anhelen tener el control a trav\u00e9s de la concesi\u00f3n.<\/p>\n<p style=\"text-align: justify\">Para Fernando Flores S\u00e1enz representante de Asotsuinba, al llegarse a la privatizaci\u00f3n se generar\u00eda un despido masivo que afectar\u00eda a m\u00e1s de 120 trabajadores. \u201cLegalmente s\u00ed est\u00e1 permitido que empresas nacionales o extranjeras presten su servicio en caso de que Suinba no pueda hacerlo, el problema, es que todo el dinero que ganar\u00edan se ir\u00eda a otras ciudades o pa\u00edses\u201d, a\u00f1adi\u00f3.<\/p>\n<p style=\"text-align: justify\">Adem\u00e1s, asegur\u00f3 que otras de las acciones que estar\u00edan afectando a Suinba, es el cambio recurrente de Superintendente y por la crisis que enfrenta el pa\u00eds. \u201cSupuestamente se habr\u00eda reportado que no hay dinero para renovar el seguro de accidentes de las embarcaciones que termin\u00f3 el pasado 31 de julio de 2020\u201d, manifest\u00f3.<\/p>\n<p>&nbsp;<\/p>\n<p>&nbsp;<\/p>\n<p>&nbsp;<\/p>\n","protected":false},"excerpt":{"rendered":"<p>REDACCI\u00d3N NOTI AM\u00c9RICA (ECUADOR) Autor: Henry Garrido La Superintendencia del Terminal Petrolero de Balao\u00a0(Suinba), que est\u00e1 ubicado en la ciudad de Esmeraldas, es una entidad portuaria clave en los servicios mar\u00edtimos de combustible, donde&#46;&#46;&#46;<\/p>\n","protected":false},"author":54,"featured_media":12099,"comment_status":"open","ping_status":"open","sticky":false,"template":"","format":"standard","meta":{"_acf_changed":false,"om_disable_all_campaigns":false,"rop_custom_images_group":[],"rop_custom_messages_group":[],"rop_publish_now":"initial","rop_publish_now_accounts":{"twitter_242054905_242054905":""},"rop_publish_now_history":[],"rop_publish_now_status":"pending","_uf_show_specific_survey":0,"_uf_disable_surveys":false,"footnotes":""},"categories":[1],"tags":[],"class_list":["post-12101","post","type-post","status-publish","format-standard","has-post-thumbnail","hentry","category-uncategorized"],"acf":[],"aioseo_notices":[],"yoast_head":"<!-- This site is optimized with the Yoast SEO Premium plugin v24.9 (Yoast SEO v27.2) - https:\/\/yoast.com\/product\/yoast-seo-premium-wordpress\/ -->\n<title>Trabajadores advierte privatizaci\u00f3n en la terminal de Balao - Ecuador | Noti-America.com<\/title>\n<meta name=\"robots\" content=\"index, follow, max-snippet:-1, max-image-preview:large, max-video-preview:-1\" \/>\n<link rel=\"canonical\" href=\"https:\/\/noti-america.com\/site\/ecuador\/2020\/12\/07\/trabajadores-advierte-privatizacion-en-la-terminal-de-balao-2\/\" \/>\n<meta property=\"og:locale\" content=\"es_ES\" \/>\n<meta property=\"og:type\" content=\"article\" \/>\n<meta property=\"og:title\" content=\"Trabajadores advierte privatizaci\u00f3n en la terminal de Balao\" \/>\n<meta property=\"og:description\" content=\"REDACCI\u00d3N NOTI AM\u00c9RICA (ECUADOR) Autor: Henry Garrido La Superintendencia del Terminal Petrolero de Balao\u00a0(Suinba), que est\u00e1 ubicado en la ciudad de Esmeraldas, es una entidad portuaria clave en los servicios mar\u00edtimos de combustible, donde&#046;&#046;&#046;\" \/>\n<meta property=\"og:url\" content=\"https:\/\/noti-america.com\/site\/ecuador\/2020\/12\/07\/trabajadores-advierte-privatizacion-en-la-terminal-de-balao-2\/\" \/>\n<meta property=\"og:site_name\" content=\"Ecuador | Noti-America.com\" \/>\n<meta property=\"article:author\" content=\"https:\/\/www.facebook.com\/geojuradopuente\" \/>\n<meta property=\"article:published_time\" content=\"2020-12-07T23:49:24+00:00\" \/>\n<meta property=\"article:modified_time\" content=\"2020-12-08T04:37:37+00:00\" \/>\n<meta property=\"og:image\" content=\"https:\/\/noti-america.com\/site\/ecuador\/wp-content\/uploads\/sites\/18\/2020\/12\/127280878_876887959718641_3857782574254266022_n.jpg\" \/>\n\t<meta property=\"og:image:width\" content=\"720\" \/>\n\t<meta property=\"og:image:height\" content=\"540\" \/>\n\t<meta property=\"og:image:type\" content=\"image\/jpeg\" \/>\n<meta name=\"author\" content=\"Mgtr. Geovanny Jurado Puente\" \/>\n<meta name=\"twitter:card\" content=\"summary_large_image\" \/>\n<meta name=\"twitter:creator\" content=\"@GeoJurado\" \/>\n<meta name=\"twitter:site\" content=\"@notiamerica\" \/>\n<meta name=\"twitter:label1\" content=\"Escrito por\" \/>\n\t<meta name=\"twitter:data1\" content=\"Mgtr. Geovanny Jurado Puente\" \/>\n\t<meta name=\"twitter:label2\" content=\"Tiempo estimado de lectura\" \/>\n\t<meta name=\"twitter:data2\" content=\"1 minuto\" \/>\n<script type=\"application\/ld+json\" class=\"yoast-schema-graph\">{\"@context\":\"https:\/\/schema.org\",\"@graph\":[{\"@type\":\"Article\",\"@id\":\"https:\/\/noti-america.com\/site\/ecuador\/2020\/12\/07\/trabajadores-advierte-privatizacion-en-la-terminal-de-balao-2\/#article\",\"isPartOf\":{\"@id\":\"https:\/\/noti-america.com\/site\/ecuador\/2020\/12\/07\/trabajadores-advierte-privatizacion-en-la-terminal-de-balao-2\/\"},\"author\":{\"name\":\"Mgtr. Geovanny Jurado Puente\",\"@id\":\"https:\/\/noti-america.com\/site\/ecuador\/#\/schema\/person\/eafaa0d78b886269707bbd67c79282d8\"},\"headline\":\"Trabajadores advierte privatizaci\u00f3n en la terminal de Balao\",\"datePublished\":\"2020-12-07T23:49:24+00:00\",\"dateModified\":\"2020-12-08T04:37:37+00:00\",\"mainEntityOfPage\":{\"@id\":\"https:\/\/noti-america.com\/site\/ecuador\/2020\/12\/07\/trabajadores-advierte-privatizacion-en-la-terminal-de-balao-2\/\"},\"wordCount\":249,\"commentCount\":0,\"publisher\":{\"@id\":\"https:\/\/noti-america.com\/site\/ecuador\/#organization\"},\"image\":{\"@id\":\"https:\/\/noti-america.com\/site\/ecuador\/2020\/12\/07\/trabajadores-advierte-privatizacion-en-la-terminal-de-balao-2\/#primaryimage\"},\"thumbnailUrl\":\"https:\/\/noti-america.com\/site\/ecuador\/wp-content\/uploads\/sites\/18\/2020\/12\/127280878_876887959718641_3857782574254266022_n.jpg\",\"articleSection\":[\"Uncategorized\"],\"inLanguage\":\"es\",\"potentialAction\":[{\"@type\":\"CommentAction\",\"name\":\"Comment\",\"target\":[\"https:\/\/noti-america.com\/site\/ecuador\/2020\/12\/07\/trabajadores-advierte-privatizacion-en-la-terminal-de-balao-2\/#respond\"]}]},{\"@type\":\"WebPage\",\"@id\":\"https:\/\/noti-america.com\/site\/ecuador\/2020\/12\/07\/trabajadores-advierte-privatizacion-en-la-terminal-de-balao-2\/\",\"url\":\"https:\/\/noti-america.com\/site\/ecuador\/2020\/12\/07\/trabajadores-advierte-privatizacion-en-la-terminal-de-balao-2\/\",\"name\":\"Trabajadores advierte privatizaci\u00f3n en la terminal de Balao - Ecuador | Noti-America.com\",\"isPartOf\":{\"@id\":\"https:\/\/noti-america.com\/site\/ecuador\/#website\"},\"primaryImageOfPage\":{\"@id\":\"https:\/\/noti-america.com\/site\/ecuador\/2020\/12\/07\/trabajadores-advierte-privatizacion-en-la-terminal-de-balao-2\/#primaryimage\"},\"image\":{\"@id\":\"https:\/\/noti-america.com\/site\/ecuador\/2020\/12\/07\/trabajadores-advierte-privatizacion-en-la-terminal-de-balao-2\/#primaryimage\"},\"thumbnailUrl\":\"https:\/\/noti-america.com\/site\/ecuador\/wp-content\/uploads\/sites\/18\/2020\/12\/127280878_876887959718641_3857782574254266022_n.jpg\",\"datePublished\":\"2020-12-07T23:49:24+00:00\",\"dateModified\":\"2020-12-08T04:37:37+00:00\",\"breadcrumb\":{\"@id\":\"https:\/\/noti-america.com\/site\/ecuador\/2020\/12\/07\/trabajadores-advierte-privatizacion-en-la-terminal-de-balao-2\/#breadcrumb\"},\"inLanguage\":\"es\",\"potentialAction\":[{\"@type\":\"ReadAction\",\"target\":[\"https:\/\/noti-america.com\/site\/ecuador\/2020\/12\/07\/trabajadores-advierte-privatizacion-en-la-terminal-de-balao-2\/\"]}]},{\"@type\":\"ImageObject\",\"inLanguage\":\"es\",\"@id\":\"https:\/\/noti-america.com\/site\/ecuador\/2020\/12\/07\/trabajadores-advierte-privatizacion-en-la-terminal-de-balao-2\/#primaryimage\",\"url\":\"https:\/\/noti-america.com\/site\/ecuador\/wp-content\/uploads\/sites\/18\/2020\/12\/127280878_876887959718641_3857782574254266022_n.jpg\",\"contentUrl\":\"https:\/\/noti-america.com\/site\/ecuador\/wp-content\/uploads\/sites\/18\/2020\/12\/127280878_876887959718641_3857782574254266022_n.jpg\",\"width\":720,\"height\":540},{\"@type\":\"BreadcrumbList\",\"@id\":\"https:\/\/noti-america.com\/site\/ecuador\/2020\/12\/07\/trabajadores-advierte-privatizacion-en-la-terminal-de-balao-2\/#breadcrumb\",\"itemListElement\":[{\"@type\":\"ListItem\",\"position\":1,\"name\":\"Portada\",\"item\":\"https:\/\/noti-america.com\/site\/ecuador\/\"},{\"@type\":\"ListItem\",\"position\":2,\"name\":\"Trabajadores advierte privatizaci\u00f3n en la terminal de Balao\"}]},{\"@type\":\"WebSite\",\"@id\":\"https:\/\/noti-america.com\/site\/ecuador\/#website\",\"url\":\"https:\/\/noti-america.com\/site\/ecuador\/\",\"name\":\"Ecuador | Noti-America.com\",\"description\":\"\",\"publisher\":{\"@id\":\"https:\/\/noti-america.com\/site\/ecuador\/#organization\"},\"potentialAction\":[{\"@type\":\"SearchAction\",\"target\":{\"@type\":\"EntryPoint\",\"urlTemplate\":\"https:\/\/noti-america.com\/site\/ecuador\/?s={search_term_string}\"},\"query-input\":{\"@type\":\"PropertyValueSpecification\",\"valueRequired\":true,\"valueName\":\"search_term_string\"}}],\"inLanguage\":\"es\"},{\"@type\":\"Organization\",\"@id\":\"https:\/\/noti-america.com\/site\/ecuador\/#organization\",\"name\":\"Noti-America LLC | Ecuador\",\"url\":\"https:\/\/noti-america.com\/site\/ecuador\/\",\"logo\":{\"@type\":\"ImageObject\",\"inLanguage\":\"es\",\"@id\":\"https:\/\/noti-america.com\/site\/ecuador\/#\/schema\/logo\/image\/\",\"url\":\"https:\/\/noti-america.com\/site\/ecuador\/wp-content\/uploads\/sites\/18\/2020\/07\/LogoNA-4x3-1.jpg\",\"contentUrl\":\"https:\/\/noti-america.com\/site\/ecuador\/wp-content\/uploads\/sites\/18\/2020\/07\/LogoNA-4x3-1.jpg\",\"width\":1236,\"height\":1080,\"caption\":\"Noti-America LLC | Ecuador\"},\"image\":{\"@id\":\"https:\/\/noti-america.com\/site\/ecuador\/#\/schema\/logo\/image\/\"},\"sameAs\":[\"https:\/\/x.com\/notiamerica\"]},{\"@type\":\"Person\",\"@id\":\"https:\/\/noti-america.com\/site\/ecuador\/#\/schema\/person\/eafaa0d78b886269707bbd67c79282d8\",\"name\":\"Mgtr. Geovanny Jurado Puente\",\"image\":{\"@type\":\"ImageObject\",\"inLanguage\":\"es\",\"@id\":\"https:\/\/secure.gravatar.com\/avatar\/f837d50a2ea0d7cba882939210fb03249c2d70cdea88235e685f1a91ced24905?s=96&d=mm&r=g\",\"url\":\"https:\/\/secure.gravatar.com\/avatar\/f837d50a2ea0d7cba882939210fb03249c2d70cdea88235e685f1a91ced24905?s=96&d=mm&r=g\",\"contentUrl\":\"https:\/\/secure.gravatar.com\/avatar\/f837d50a2ea0d7cba882939210fb03249c2d70cdea88235e685f1a91ced24905?s=96&d=mm&r=g\",\"caption\":\"Mgtr. Geovanny Jurado Puente\"},\"description\":\"Mag\u00edster en Comunicaci\u00f3n, Menci\u00f3n Pol\u00edticas de Desarrollo Social; Licenciado en Ciencias de la Comunicaci\u00f3n Social; Docente Universitario; Miembro de la Red de Investigadores en Comunicaci\u00f3n del Ecuador (RICE); Miembro Fundador de la Red de Editoriales Universitarias y Escuelas Polit\u00e9cnicas del Ecuador (Reupde); ecuatoriano de nacimiento, con residencia en Daule.\",\"sameAs\":[\"https:\/\/www.facebook.com\/geojuradopuente\",\"Geo Jurado\",\"https:\/\/x.com\/GeoJurado\"],\"url\":\"https:\/\/noti-america.com\/site\/ecuador\/author\/gjurado\/\"}]}<\/script>\n<!-- \/ Yoast SEO Premium plugin. -->","yoast_head_json":{"title":"Trabajadores advierte privatizaci\u00f3n en la terminal de Balao - Ecuador | Noti-America.com","robots":{"index":"index","follow":"follow","max-snippet":"max-snippet:-1","max-image-preview":"max-image-preview:large","max-video-preview":"max-video-preview:-1"},"canonical":"https:\/\/noti-america.com\/site\/ecuador\/2020\/12\/07\/trabajadores-advierte-privatizacion-en-la-terminal-de-balao-2\/","og_locale":"es_ES","og_type":"article","og_title":"Trabajadores advierte privatizaci\u00f3n en la terminal de Balao","og_description":"REDACCI\u00d3N NOTI AM\u00c9RICA (ECUADOR) Autor: Henry Garrido La Superintendencia del Terminal Petrolero de Balao\u00a0(Suinba), que est\u00e1 ubicado en la ciudad de Esmeraldas, es una entidad portuaria clave en los servicios mar\u00edtimos de combustible, donde&#46;&#46;&#46;","og_url":"https:\/\/noti-america.com\/site\/ecuador\/2020\/12\/07\/trabajadores-advierte-privatizacion-en-la-terminal-de-balao-2\/","og_site_name":"Ecuador | Noti-America.com","article_author":"https:\/\/www.facebook.com\/geojuradopuente","article_published_time":"2020-12-07T23:49:24+00:00","article_modified_time":"2020-12-08T04:37:37+00:00","og_image":[{"width":720,"height":540,"url":"https:\/\/noti-america.com\/site\/ecuador\/wp-content\/uploads\/sites\/18\/2020\/12\/127280878_876887959718641_3857782574254266022_n.jpg","type":"image\/jpeg"}],"author":"Mgtr. Geovanny Jurado Puente","twitter_card":"summary_large_image","twitter_creator":"@GeoJurado","twitter_site":"@notiamerica","twitter_misc":{"Escrito por":"Mgtr. Geovanny Jurado Puente","Tiempo estimado de lectura":"1 minuto"},"schema":{"@context":"https:\/\/schema.org","@graph":[{"@type":"Article","@id":"https:\/\/noti-america.com\/site\/ecuador\/2020\/12\/07\/trabajadores-advierte-privatizacion-en-la-terminal-de-balao-2\/#article","isPartOf":{"@id":"https:\/\/noti-america.com\/site\/ecuador\/2020\/12\/07\/trabajadores-advierte-privatizacion-en-la-terminal-de-balao-2\/"},"author":{"name":"Mgtr. Geovanny Jurado Puente","@id":"https:\/\/noti-america.com\/site\/ecuador\/#\/schema\/person\/eafaa0d78b886269707bbd67c79282d8"},"headline":"Trabajadores advierte privatizaci\u00f3n en la terminal de Balao","datePublished":"2020-12-07T23:49:24+00:00","dateModified":"2020-12-08T04:37:37+00:00","mainEntityOfPage":{"@id":"https:\/\/noti-america.com\/site\/ecuador\/2020\/12\/07\/trabajadores-advierte-privatizacion-en-la-terminal-de-balao-2\/"},"wordCount":249,"commentCount":0,"publisher":{"@id":"https:\/\/noti-america.com\/site\/ecuador\/#organization"},"image":{"@id":"https:\/\/noti-america.com\/site\/ecuador\/2020\/12\/07\/trabajadores-advierte-privatizacion-en-la-terminal-de-balao-2\/#primaryimage"},"thumbnailUrl":"https:\/\/noti-america.com\/site\/ecuador\/wp-content\/uploads\/sites\/18\/2020\/12\/127280878_876887959718641_3857782574254266022_n.jpg","articleSection":["Uncategorized"],"inLanguage":"es","potentialAction":[{"@type":"CommentAction","name":"Comment","target":["https:\/\/noti-america.com\/site\/ecuador\/2020\/12\/07\/trabajadores-advierte-privatizacion-en-la-terminal-de-balao-2\/#respond"]}]},{"@type":"WebPage","@id":"https:\/\/noti-america.com\/site\/ecuador\/2020\/12\/07\/trabajadores-advierte-privatizacion-en-la-terminal-de-balao-2\/","url":"https:\/\/noti-america.com\/site\/ecuador\/2020\/12\/07\/trabajadores-advierte-privatizacion-en-la-terminal-de-balao-2\/","name":"Trabajadores advierte privatizaci\u00f3n en la terminal de Balao - Ecuador | Noti-America.com","isPartOf":{"@id":"https:\/\/noti-america.com\/site\/ecuador\/#website"},"primaryImageOfPage":{"@id":"https:\/\/noti-america.com\/site\/ecuador\/2020\/12\/07\/trabajadores-advierte-privatizacion-en-la-terminal-de-balao-2\/#primaryimage"},"image":{"@id":"https:\/\/noti-america.com\/site\/ecuador\/2020\/12\/07\/trabajadores-advierte-privatizacion-en-la-terminal-de-balao-2\/#primaryimage"},"thumbnailUrl":"https:\/\/noti-america.com\/site\/ecuador\/wp-content\/uploads\/sites\/18\/2020\/12\/127280878_876887959718641_3857782574254266022_n.jpg","datePublished":"2020-12-07T23:49:24+00:00","dateModified":"2020-12-08T04:37:37+00:00","breadcrumb":{"@id":"https:\/\/noti-america.com\/site\/ecuador\/2020\/12\/07\/trabajadores-advierte-privatizacion-en-la-terminal-de-balao-2\/#breadcrumb"},"inLanguage":"es","potentialAction":[{"@type":"ReadAction","target":["https:\/\/noti-america.com\/site\/ecuador\/2020\/12\/07\/trabajadores-advierte-privatizacion-en-la-terminal-de-balao-2\/"]}]},{"@type":"ImageObject","inLanguage":"es","@id":"https:\/\/noti-america.com\/site\/ecuador\/2020\/12\/07\/trabajadores-advierte-privatizacion-en-la-terminal-de-balao-2\/#primaryimage","url":"https:\/\/noti-america.com\/site\/ecuador\/wp-content\/uploads\/sites\/18\/2020\/12\/127280878_876887959718641_3857782574254266022_n.jpg","contentUrl":"https:\/\/noti-america.com\/site\/ecuador\/wp-content\/uploads\/sites\/18\/2020\/12\/127280878_876887959718641_3857782574254266022_n.jpg","width":720,"height":540},{"@type":"BreadcrumbList","@id":"https:\/\/noti-america.com\/site\/ecuador\/2020\/12\/07\/trabajadores-advierte-privatizacion-en-la-terminal-de-balao-2\/#breadcrumb","itemListElement":[{"@type":"ListItem","position":1,"name":"Portada","item":"https:\/\/noti-america.com\/site\/ecuador\/"},{"@type":"ListItem","position":2,"name":"Trabajadores advierte privatizaci\u00f3n en la terminal de Balao"}]},{"@type":"WebSite","@id":"https:\/\/noti-america.com\/site\/ecuador\/#website","url":"https:\/\/noti-america.com\/site\/ecuador\/","name":"Ecuador | Noti-America.com","description":"","publisher":{"@id":"https:\/\/noti-america.com\/site\/ecuador\/#organization"},"potentialAction":[{"@type":"SearchAction","target":{"@type":"EntryPoint","urlTemplate":"https:\/\/noti-america.com\/site\/ecuador\/?s={search_term_string}"},"query-input":{"@type":"PropertyValueSpecification","valueRequired":true,"valueName":"search_term_string"}}],"inLanguage":"es"},{"@type":"Organization","@id":"https:\/\/noti-america.com\/site\/ecuador\/#organization","name":"Noti-America LLC | Ecuador","url":"https:\/\/noti-america.com\/site\/ecuador\/","logo":{"@type":"ImageObject","inLanguage":"es","@id":"https:\/\/noti-america.com\/site\/ecuador\/#\/schema\/logo\/image\/","url":"https:\/\/noti-america.com\/site\/ecuador\/wp-content\/uploads\/sites\/18\/2020\/07\/LogoNA-4x3-1.jpg","contentUrl":"https:\/\/noti-america.com\/site\/ecuador\/wp-content\/uploads\/sites\/18\/2020\/07\/LogoNA-4x3-1.jpg","width":1236,"height":1080,"caption":"Noti-America LLC | Ecuador"},"image":{"@id":"https:\/\/noti-america.com\/site\/ecuador\/#\/schema\/logo\/image\/"},"sameAs":["https:\/\/x.com\/notiamerica"]},{"@type":"Person","@id":"https:\/\/noti-america.com\/site\/ecuador\/#\/schema\/person\/eafaa0d78b886269707bbd67c79282d8","name":"Mgtr. Geovanny Jurado Puente","image":{"@type":"ImageObject","inLanguage":"es","@id":"https:\/\/secure.gravatar.com\/avatar\/f837d50a2ea0d7cba882939210fb03249c2d70cdea88235e685f1a91ced24905?s=96&d=mm&r=g","url":"https:\/\/secure.gravatar.com\/avatar\/f837d50a2ea0d7cba882939210fb03249c2d70cdea88235e685f1a91ced24905?s=96&d=mm&r=g","contentUrl":"https:\/\/secure.gravatar.com\/avatar\/f837d50a2ea0d7cba882939210fb03249c2d70cdea88235e685f1a91ced24905?s=96&d=mm&r=g","caption":"Mgtr. Geovanny Jurado Puente"},"description":"Mag\u00edster en Comunicaci\u00f3n, Menci\u00f3n Pol\u00edticas de Desarrollo Social; Licenciado en Ciencias de la Comunicaci\u00f3n Social; Docente Universitario; Miembro de la Red de Investigadores en Comunicaci\u00f3n del Ecuador (RICE); Miembro Fundador de la Red de Editoriales Universitarias y Escuelas Polit\u00e9cnicas del Ecuador (Reupde); ecuatoriano de nacimiento, con residencia en Daule.","sameAs":["https:\/\/www.facebook.com\/geojuradopuente","Geo Jurado","https:\/\/x.com\/GeoJurado"],"url":"https:\/\/noti-america.com\/site\/ecuador\/author\/gjurado\/"}]}},"_links":{"self":[{"href":"https:\/\/noti-america.com\/site\/ecuador\/wp-json\/wp\/v2\/posts\/12101","targetHints":{"allow":["GET"]}}],"collection":[{"href":"https:\/\/noti-america.com\/site\/ecuador\/wp-json\/wp\/v2\/posts"}],"about":[{"href":"https:\/\/noti-america.com\/site\/ecuador\/wp-json\/wp\/v2\/types\/post"}],"author":[{"embeddable":true,"href":"https:\/\/noti-america.com\/site\/ecuador\/wp-json\/wp\/v2\/users\/54"}],"replies":[{"embeddable":true,"href":"https:\/\/noti-america.com\/site\/ecuador\/wp-json\/wp\/v2\/comments?post=12101"}],"version-history":[{"count":3,"href":"https:\/\/noti-america.com\/site\/ecuador\/wp-json\/wp\/v2\/posts\/12101\/revisions"}],"predecessor-version":[{"id":12104,"href":"https:\/\/noti-america.com\/site\/ecuador\/wp-json\/wp\/v2\/posts\/12101\/revisions\/12104"}],"wp:featuredmedia":[{"embeddable":true,"href":"https:\/\/noti-america.com\/site\/ecuador\/wp-json\/wp\/v2\/media\/12099"}],"wp:attachment":[{"href":"https:\/\/noti-america.com\/site\/ecuador\/wp-json\/wp\/v2\/media?parent=12101"}],"wp:term":[{"taxonomy":"category","embeddable":true,"href":"https:\/\/noti-america.com\/site\/ecuador\/wp-json\/wp\/v2\/categories?post=12101"},{"taxonomy":"post_tag","embeddable":true,"href":"https:\/\/noti-america.com\/site\/ecuador\/wp-json\/wp\/v2\/tags?post=12101"}],"curies":[{"name":"wp","href":"https:\/\/api.w.org\/{rel}","templated":true}]}}