{"id":11934,"date":"2020-11-26T03:54:54","date_gmt":"2020-11-26T03:54:54","guid":{"rendered":"https:\/\/noti-america.com\/site\/ecuador\/?p=11934"},"modified":"2020-11-26T03:54:54","modified_gmt":"2020-11-26T03:54:54","slug":"decisiones-informadas-sobre-la-gestion-y-precios-de-medicamentos-la-iniciativa-dime","status":"publish","type":"post","link":"https:\/\/noti-america.com\/site\/ecuador\/2020\/11\/26\/decisiones-informadas-sobre-la-gestion-y-precios-de-medicamentos-la-iniciativa-dime\/","title":{"rendered":"Decisiones informadas sobre la gesti\u00f3n y precios de medicamentos: La iniciativa DIME"},"content":{"rendered":"<p>REDACCI\u00d3N NOTI AM\u00c9RICA (ECUADOR)<\/p>\n<div style=\"width: 1212px\" class=\"wp-caption alignnone\"><img loading=\"lazy\" decoding=\"async\" src=\"https:\/\/blogs.iadb.org\/salud\/wp-content\/uploads\/sites\/15\/2020\/11\/SPH_Newsletters_Blogs_NOV23_GS-POST.png\" alt=\"\" width=\"1202\" height=\"526\" \/><p class=\"wp-caption-text\">medicamentos<\/p><\/div>\n<p style=\"text-align: justify\">El gasto farmac\u00e9utico es una proporci\u00f3n importante de los presupuestos de salud. Por ejemplo, en los pa\u00edses de la OCDE,\u00a0<a href=\"https:\/\/www.oecd-ilibrary.org\/social-issues-migration-health\/pharmaceutical-expenditure-and-policies_5jm0q1f4cdq7-en\" target=\"_blank\" rel=\"noreferrer noopener\">uno de cada cinco d\u00f3lares destinados a salud<\/a>\u00a0se gasta en medicamentos. En Am\u00e9rica Latina y el Caribe,\u00a0<a href=\"http:\/\/globalhealthintelligence.com\/ghi-analysis\/chronic-diseases-the-shadow-lurking-in-latinamericasfuture\/\" target=\"_blank\" rel=\"noreferrer noopener\">el gasto farmac\u00e9utico ha aumentado en torno al 12% anual<\/a>\u00a0de 2013 a 2017, cuatro veces m\u00e1s r\u00e1pido que en Am\u00e9rica del Norte y seis veces m\u00e1s r\u00e1pido que en Europa. Las pol\u00edticas farmac\u00e9uticas s\u00f3lidas son cruciales, no solo para reducir esta tendencia, sino tambi\u00e9n para mejorar la equidad en el gasto y promover decisiones que generen mejores resultados en salud. Aqu\u00ed te presentamos una iniciativa que conecta a los profesionales de la salud y les brinda herramientas para que puedan tomar decisiones informadas sobre medicamentos.<\/p>\n<h2 style=\"text-align: justify\"><strong>El costo de ineficiencia<\/strong><\/h2>\n<p style=\"text-align: justify\">Cuando los decisores no acceden de forma oportuna a informaci\u00f3n estrat\u00e9gica se enfrentan a ineficiencias en el gasto en salud, tales como precios altos, monopolios, poco uso de gen\u00e9ricos, o uso irracional de los medicamentos. Pero adem\u00e1s,\u00a0<a href=\"https:\/\/flagships.iadb.org\/es\/DIA2018\/Capitulo-8-Un-gasto-eficiente-para-vidas-mas-sanas\" target=\"_blank\" rel=\"noreferrer noopener\"><strong>un estudio<\/strong><\/a><strong>\u00a0asegura que si se aumenta la eficiencia en salud, las personas de la regi\u00f3n podr\u00edan vivir, en promedio, cuatro a\u00f1os m\u00e1s.\u00a0<\/strong>En t\u00e9rminos pr\u00e1cticos, la ineficiencia se produce, por ejemplo, cuando se usan m\u00e1s recursos de los requeridos, cuando se duplican ex\u00e1menes, \u00f3 cuando se extiende una estad\u00eda en el hospital m\u00e1s de lo necesario.<strong>\u00a0\u00a0<\/strong><\/p>\n<p style=\"text-align: justify\">Para sobrellevar estos desaf\u00edos surge la\u00a0<a href=\"http:\/\/www.proyectodime.info\/\" target=\"_blank\" rel=\"noreferrer noopener\">plataforma DIME<\/a>\u00a0\u2013 Decisiones Informadas sobre Medicamentos y otras tecnolog\u00edas m\u00e9dicas de alto impacto financiero-, como parte de la iniciativa de Bienes P\u00fablicos Regionales (BPR) y apoyada por el Banco Interamericano de Desarrollo.<\/p>\n<h2 style=\"text-align: justify\"><strong>C\u00f3mo funciona la plataforma<\/strong><\/h2>\n<p style=\"text-align: justify\">DIME es un observatorio de informaci\u00f3n estrat\u00e9gica que re\u00fane\u00a0<strong>informaci\u00f3n de precios, oferta y competencia en el mercado y evaluaciones regionales de tecnolog\u00edas sanitarias (ETES). La iniciativa\u00a0<\/strong>busca mejorar el acceso, la equidad y la eficiencia en el uso del gasto p\u00fablico en salud.<\/p>\n<p style=\"text-align: justify\">Actualmente, DIME cuenta con un combo completo de informaci\u00f3n estrat\u00e9gica para 38 medicamentos de alto impacto financiero y tiene una\u00a0<a href=\"http:\/\/www.proyectodime.info\/medicamentos-priorizados-para-evaluaci%C3%B3n-y-observaci%C3%B3n\/\" target=\"_blank\" rel=\"noreferrer noopener\">lista de 13 medicamentos en observaci\u00f3n<\/a>. Las \u00e1reas terap\u00e9uticas que cubren estos 51 medicamentos incluyen problemas de salud relevantes que representan una parte importante del gasto en salud de Am\u00e9rica Latina, entre ellos:<\/p>\n<ul style=\"text-align: justify\">\n<li>C\u00e1ncer<\/li>\n<li>Trastornos autoinmunes<\/li>\n<li>VIH<\/li>\n<li>Trastornos de la coagulaci\u00f3n<\/li>\n<li>Diabetes mellitus<\/li>\n<li>Hipertensi\u00f3n. Problemas de salud relevantes y que representan una parte importante del gasto en salud de Am\u00e9rica Latina.<\/li>\n<\/ul>\n<p style=\"text-align: justify\"><strong>DIME, una comunidad de pr\u00e1ctica que se adapta y responde a la pandemia<\/strong><\/p>\n<p style=\"text-align: justify\"><strong>El valor de DIME<\/strong>\u00a0no se limita a la plataforma web, sino\u00a0<strong>la comunidad de pr\u00e1ctica de expertos latinoamericanos que la nutre y su estrecha colaboraci\u00f3n para promover decisiones basadas en evidencia.<\/strong>\u00a0\u00a0Esta comunidad la componen acad\u00e9micos, decisores y miembros de Organizaciones No Gubernamentales, que trabajan en la gesti\u00f3n e impulso de pol\u00edticas de medicamentos, compras p\u00fablicas, evaluaci\u00f3n econ\u00f3mica y regulaci\u00f3n de precios. En la actualidad participan personas de diez pa\u00edses de la regi\u00f3n (M\u00e9xico, Costa Rica, El Salvador, Rep\u00fablica Dominicana, Colombia, Ecuador, Per\u00fa, Brasil, Argentina y Chile).<\/p>\n<p style=\"text-align: justify\">Desde marzo de 2020\u00a0<strong>se cre\u00f3 el sitio\u00a0<\/strong><a href=\"http:\/\/www.proyectodime.info\/informacion-regional\/informacion-seleccionada-sobre-covid-19-\/\" target=\"_blank\" rel=\"noreferrer noopener\"><strong>DIME-Covid-19<\/strong><\/a><strong>\u00a0como respuesta a la necesidad de contar con un espacio en espa\u00f1ol, para orientar las decisiones en un contexto de incertidumbre.<\/strong>\u00a0Este espacio incluye estudios de intervenciones, tratamientos, ensayos cl\u00ednicos, pruebas diagn\u00f3stico, gu\u00edas, informaci\u00f3n sobre mercado, patentes y precios de las tecnolog\u00edas en salud utilizadas durante la pandemia.<\/p>\n<p style=\"text-align: justify\">DIME COVID-19 a septiembre de 2020 cuenta con 337 documentos organizados en 9 secciones:<\/p>\n<ol style=\"text-align: justify\" type=\"1\">\n<li>Evidencia y estudios sobre tratamientos e intervenciones<\/li>\n<li>Informaci\u00f3n de mercado, patentes, precios y otros asuntos<\/li>\n<li>Gu\u00edas, protocolos, consensos y boletines independientes<\/li>\n<li>Pruebas diagn\u00f3stico<\/li>\n<li>Ensayos cl\u00ednicos<\/li>\n<li>Modelos e intervenciones no farmacol\u00f3gicas.<\/li>\n<\/ol>\n<p style=\"text-align: justify\">Existen dos secciones especiales que resumen las actualizaciones semanales, los temas controversiales o m\u00e1s discutidos y recomendaciones de pol\u00edtica p\u00fablica, dispuestos en<\/p>\n<ul style=\"text-align: justify\">\n<li><a href=\"http:\/\/www.proyectodime.info\/informacion-regional\/informacion-seleccionada-sobre-covid-19\/boletines-20200823\/\" target=\"_blank\" rel=\"noreferrer noopener\">boletines<\/a>\u00a0de producci\u00f3n semanal<\/li>\n<li><a href=\"http:\/\/www.proyectodime.info\/informacion-regional\/informacion-seleccionada-sobre-covid-19\/galeria-5\/\" target=\"_blank\" rel=\"noreferrer noopener\">galer\u00eda<\/a><\/li>\n<\/ul>\n<h2 style=\"text-align: justify\"><strong>Las perspectivas para el futuro<\/strong><\/h2>\n<p style=\"text-align: justify\">El mayor reto para DIME es garantizar la sostenibilidad y permanencia. \u00a0Uno de los objetivos del BID y los BPR es apoyar el tr\u00e1nsito a la autonom\u00eda e impulsar que las iniciativas permanezcan vivas en el tiempo.<\/p>\n<p style=\"text-align: justify\">Actualmente, se han propuesto una estrategia de sostenibilidad flexible, que incluye desde 2019 el aporte de contrapartida de\u00a0<strong>miembros de la comunidad de pr\u00e1ctica, la vinculaci\u00f3n de estudiantes, la aplicaci\u00f3n a becas y la b\u00fasqueda financiaci\u00f3n en convocatorias de investigaci\u00f3n nacionales e internacionales.<\/strong><\/p>\n<p style=\"text-align: justify\">Lo cierto es que los seis a\u00f1os de funcionamiento de la iniciativa DIME, la din\u00e1mica utilizada en la pandemia y el espacio que ha ganado en temas de pol\u00edticas de medicamentos y otras tecnolog\u00edas m\u00e9dicas abre opciones para que los tomadores de decisiones, expertos regionales, profesionales interesados en estos temas y organismos internacionales y multilaterales puedan ser usuarios de la informaci\u00f3n, apoyen el proceso de difusi\u00f3n y se creen espacios para la producci\u00f3n de informes y documentos breves a demanda.<\/p>\n<p style=\"text-align: justify\"><em>\u00bfQuieres conoces ejemplos de decisiones que se han tomado en base a la plataforma DIME? Te invitamos a descargar la publicaci\u00f3n:\u00a0<\/em><a href=\"https:\/\/flagships.iadb.org\/es\/DIA2018\/Capitulo-8-Un-gasto-eficiente-para-vidas-mas-sanas\" target=\"_blank\" rel=\"noreferrer noopener\"><em>\u201cMejor gasto para mejores vidas<\/em><\/a><em>\u201d.<\/em><\/p>\n<p style=\"text-align: justify\">Fuente: BID<\/p>\n","protected":false},"excerpt":{"rendered":"<p>REDACCI\u00d3N NOTI AM\u00c9RICA (ECUADOR) El gasto farmac\u00e9utico es una proporci\u00f3n importante de los presupuestos de salud. Por ejemplo, en los pa\u00edses de la OCDE,\u00a0uno de cada cinco d\u00f3lares destinados a salud\u00a0se gasta en medicamentos.&#46;&#46;&#46;<\/p>\n","protected":false},"author":17,"featured_media":11935,"comment_status":"open","ping_status":"open","sticky":false,"template":"","format":"standard","meta":{"_acf_changed":false,"om_disable_all_campaigns":false,"rop_custom_images_group":[],"rop_custom_messages_group":[],"rop_publish_now":"initial","rop_publish_now_accounts":{"twitter_242054905_242054905":""},"rop_publish_now_history":[],"rop_publish_now_status":"pending","_uf_show_specific_survey":0,"_uf_disable_surveys":false,"footnotes":""},"categories":[35],"tags":[],"class_list":["post-11934","post","type-post","status-publish","format-standard","has-post-thumbnail","hentry","category-salud"],"acf":[],"aioseo_notices":[],"yoast_head":"<!-- This site is optimized with the Yoast SEO Premium plugin v24.9 (Yoast SEO v27.2) - https:\/\/yoast.com\/product\/yoast-seo-premium-wordpress\/ -->\n<title>Decisiones informadas sobre la gesti\u00f3n y precios de medicamentos: La iniciativa DIME - Ecuador | Noti-America.com<\/title>\n<meta name=\"robots\" content=\"index, follow, max-snippet:-1, max-image-preview:large, max-video-preview:-1\" \/>\n<link rel=\"canonical\" href=\"https:\/\/noti-america.com\/site\/ecuador\/2020\/11\/26\/decisiones-informadas-sobre-la-gestion-y-precios-de-medicamentos-la-iniciativa-dime\/\" \/>\n<meta property=\"og:locale\" content=\"es_ES\" \/>\n<meta property=\"og:type\" content=\"article\" \/>\n<meta property=\"og:title\" content=\"Decisiones informadas sobre la gesti\u00f3n y precios de medicamentos: La iniciativa DIME\" \/>\n<meta property=\"og:description\" content=\"REDACCI\u00d3N NOTI AM\u00c9RICA (ECUADOR) El gasto farmac\u00e9utico es una proporci\u00f3n importante de los presupuestos de salud. Por ejemplo, en los pa\u00edses de la OCDE,\u00a0uno de cada cinco d\u00f3lares destinados a salud\u00a0se gasta en medicamentos.&#046;&#046;&#046;\" \/>\n<meta property=\"og:url\" content=\"https:\/\/noti-america.com\/site\/ecuador\/2020\/11\/26\/decisiones-informadas-sobre-la-gestion-y-precios-de-medicamentos-la-iniciativa-dime\/\" \/>\n<meta property=\"og:site_name\" content=\"Ecuador | Noti-America.com\" \/>\n<meta property=\"article:published_time\" content=\"2020-11-26T03:54:54+00:00\" \/>\n<meta property=\"og:image\" content=\"https:\/\/noti-america.com\/site\/ecuador\/wp-content\/uploads\/sites\/18\/2020\/11\/medicamentos.png\" \/>\n\t<meta property=\"og:image:width\" content=\"1202\" \/>\n\t<meta property=\"og:image:height\" content=\"526\" \/>\n\t<meta property=\"og:image:type\" content=\"image\/png\" \/>\n<meta name=\"author\" content=\"Gregory Quintana Montiel\" \/>\n<meta name=\"twitter:card\" content=\"summary_large_image\" \/>\n<meta name=\"twitter:creator\" content=\"@gdgregori1\" \/>\n<meta name=\"twitter:site\" content=\"@notiamerica\" \/>\n<meta name=\"twitter:label1\" content=\"Escrito por\" \/>\n\t<meta name=\"twitter:data1\" content=\"Gregory Quintana Montiel\" \/>\n\t<meta name=\"twitter:label2\" content=\"Tiempo estimado de lectura\" \/>\n\t<meta name=\"twitter:data2\" content=\"5 minutos\" \/>\n<script type=\"application\/ld+json\" class=\"yoast-schema-graph\">{\"@context\":\"https:\/\/schema.org\",\"@graph\":[{\"@type\":\"Article\",\"@id\":\"https:\/\/noti-america.com\/site\/ecuador\/2020\/11\/26\/decisiones-informadas-sobre-la-gestion-y-precios-de-medicamentos-la-iniciativa-dime\/#article\",\"isPartOf\":{\"@id\":\"https:\/\/noti-america.com\/site\/ecuador\/2020\/11\/26\/decisiones-informadas-sobre-la-gestion-y-precios-de-medicamentos-la-iniciativa-dime\/\"},\"author\":{\"name\":\"Gregory Quintana Montiel\",\"@id\":\"https:\/\/noti-america.com\/site\/ecuador\/#\/schema\/person\/3b975e42f15abfe64bfe3abdd916efda\"},\"headline\":\"Decisiones informadas sobre la gesti\u00f3n y precios de medicamentos: La iniciativa DIME\",\"datePublished\":\"2020-11-26T03:54:54+00:00\",\"mainEntityOfPage\":{\"@id\":\"https:\/\/noti-america.com\/site\/ecuador\/2020\/11\/26\/decisiones-informadas-sobre-la-gestion-y-precios-de-medicamentos-la-iniciativa-dime\/\"},\"wordCount\":921,\"commentCount\":0,\"publisher\":{\"@id\":\"https:\/\/noti-america.com\/site\/ecuador\/#organization\"},\"image\":{\"@id\":\"https:\/\/noti-america.com\/site\/ecuador\/2020\/11\/26\/decisiones-informadas-sobre-la-gestion-y-precios-de-medicamentos-la-iniciativa-dime\/#primaryimage\"},\"thumbnailUrl\":\"https:\/\/noti-america.com\/site\/ecuador\/wp-content\/uploads\/sites\/18\/2020\/11\/medicamentos.png\",\"articleSection\":[\"Salud\"],\"inLanguage\":\"es\",\"potentialAction\":[{\"@type\":\"CommentAction\",\"name\":\"Comment\",\"target\":[\"https:\/\/noti-america.com\/site\/ecuador\/2020\/11\/26\/decisiones-informadas-sobre-la-gestion-y-precios-de-medicamentos-la-iniciativa-dime\/#respond\"]}]},{\"@type\":\"WebPage\",\"@id\":\"https:\/\/noti-america.com\/site\/ecuador\/2020\/11\/26\/decisiones-informadas-sobre-la-gestion-y-precios-de-medicamentos-la-iniciativa-dime\/\",\"url\":\"https:\/\/noti-america.com\/site\/ecuador\/2020\/11\/26\/decisiones-informadas-sobre-la-gestion-y-precios-de-medicamentos-la-iniciativa-dime\/\",\"name\":\"Decisiones informadas sobre la gesti\u00f3n y precios de medicamentos: La iniciativa DIME - Ecuador | Noti-America.com\",\"isPartOf\":{\"@id\":\"https:\/\/noti-america.com\/site\/ecuador\/#website\"},\"primaryImageOfPage\":{\"@id\":\"https:\/\/noti-america.com\/site\/ecuador\/2020\/11\/26\/decisiones-informadas-sobre-la-gestion-y-precios-de-medicamentos-la-iniciativa-dime\/#primaryimage\"},\"image\":{\"@id\":\"https:\/\/noti-america.com\/site\/ecuador\/2020\/11\/26\/decisiones-informadas-sobre-la-gestion-y-precios-de-medicamentos-la-iniciativa-dime\/#primaryimage\"},\"thumbnailUrl\":\"https:\/\/noti-america.com\/site\/ecuador\/wp-content\/uploads\/sites\/18\/2020\/11\/medicamentos.png\",\"datePublished\":\"2020-11-26T03:54:54+00:00\",\"breadcrumb\":{\"@id\":\"https:\/\/noti-america.com\/site\/ecuador\/2020\/11\/26\/decisiones-informadas-sobre-la-gestion-y-precios-de-medicamentos-la-iniciativa-dime\/#breadcrumb\"},\"inLanguage\":\"es\",\"potentialAction\":[{\"@type\":\"ReadAction\",\"target\":[\"https:\/\/noti-america.com\/site\/ecuador\/2020\/11\/26\/decisiones-informadas-sobre-la-gestion-y-precios-de-medicamentos-la-iniciativa-dime\/\"]}]},{\"@type\":\"ImageObject\",\"inLanguage\":\"es\",\"@id\":\"https:\/\/noti-america.com\/site\/ecuador\/2020\/11\/26\/decisiones-informadas-sobre-la-gestion-y-precios-de-medicamentos-la-iniciativa-dime\/#primaryimage\",\"url\":\"https:\/\/noti-america.com\/site\/ecuador\/wp-content\/uploads\/sites\/18\/2020\/11\/medicamentos.png\",\"contentUrl\":\"https:\/\/noti-america.com\/site\/ecuador\/wp-content\/uploads\/sites\/18\/2020\/11\/medicamentos.png\",\"width\":1202,\"height\":526},{\"@type\":\"BreadcrumbList\",\"@id\":\"https:\/\/noti-america.com\/site\/ecuador\/2020\/11\/26\/decisiones-informadas-sobre-la-gestion-y-precios-de-medicamentos-la-iniciativa-dime\/#breadcrumb\",\"itemListElement\":[{\"@type\":\"ListItem\",\"position\":1,\"name\":\"Portada\",\"item\":\"https:\/\/noti-america.com\/site\/ecuador\/\"},{\"@type\":\"ListItem\",\"position\":2,\"name\":\"Decisiones informadas sobre la gesti\u00f3n y precios de medicamentos: La iniciativa DIME\"}]},{\"@type\":\"WebSite\",\"@id\":\"https:\/\/noti-america.com\/site\/ecuador\/#website\",\"url\":\"https:\/\/noti-america.com\/site\/ecuador\/\",\"name\":\"Ecuador | Noti-America.com\",\"description\":\"\",\"publisher\":{\"@id\":\"https:\/\/noti-america.com\/site\/ecuador\/#organization\"},\"potentialAction\":[{\"@type\":\"SearchAction\",\"target\":{\"@type\":\"EntryPoint\",\"urlTemplate\":\"https:\/\/noti-america.com\/site\/ecuador\/?s={search_term_string}\"},\"query-input\":{\"@type\":\"PropertyValueSpecification\",\"valueRequired\":true,\"valueName\":\"search_term_string\"}}],\"inLanguage\":\"es\"},{\"@type\":\"Organization\",\"@id\":\"https:\/\/noti-america.com\/site\/ecuador\/#organization\",\"name\":\"Noti-America LLC | Ecuador\",\"url\":\"https:\/\/noti-america.com\/site\/ecuador\/\",\"logo\":{\"@type\":\"ImageObject\",\"inLanguage\":\"es\",\"@id\":\"https:\/\/noti-america.com\/site\/ecuador\/#\/schema\/logo\/image\/\",\"url\":\"https:\/\/noti-america.com\/site\/ecuador\/wp-content\/uploads\/sites\/18\/2020\/07\/LogoNA-4x3-1.jpg\",\"contentUrl\":\"https:\/\/noti-america.com\/site\/ecuador\/wp-content\/uploads\/sites\/18\/2020\/07\/LogoNA-4x3-1.jpg\",\"width\":1236,\"height\":1080,\"caption\":\"Noti-America LLC | Ecuador\"},\"image\":{\"@id\":\"https:\/\/noti-america.com\/site\/ecuador\/#\/schema\/logo\/image\/\"},\"sameAs\":[\"https:\/\/x.com\/notiamerica\"]},{\"@type\":\"Person\",\"@id\":\"https:\/\/noti-america.com\/site\/ecuador\/#\/schema\/person\/3b975e42f15abfe64bfe3abdd916efda\",\"name\":\"Gregory Quintana Montiel\",\"image\":{\"@type\":\"ImageObject\",\"inLanguage\":\"es\",\"@id\":\"https:\/\/secure.gravatar.com\/avatar\/2d6b802f7720c2ec7744dcbe608cc2f3417aeb964d58b443c6d612b77531de1d?s=96&d=mm&r=g\",\"url\":\"https:\/\/secure.gravatar.com\/avatar\/2d6b802f7720c2ec7744dcbe608cc2f3417aeb964d58b443c6d612b77531de1d?s=96&d=mm&r=g\",\"contentUrl\":\"https:\/\/secure.gravatar.com\/avatar\/2d6b802f7720c2ec7744dcbe608cc2f3417aeb964d58b443c6d612b77531de1d?s=96&d=mm&r=g\",\"caption\":\"Gregory Quintana Montiel\"},\"description\":\"Licenciatura en Ciencias de la Comunicaci\u00f3n Social, egresado en la Especializaci\u00f3n Derecho Ambiental Desarrollo Sostenible y Sustentable, Miembro de la Comunidad de profesionales y experto para Latinoam\u00e9rica y el Caribe en Gesti\u00f3n por Resultado en el Desarrollo (COPLAC - GpRD) del Banco Interamericano de Desarrollo, experiencia en medios radiales y escritos.\",\"sameAs\":[\"https:\/\/x.com\/gdgregori1\",\"gquintana\"],\"url\":\"https:\/\/noti-america.com\/site\/ecuador\/author\/gquintana\/\"}]}<\/script>\n<!-- \/ Yoast SEO Premium plugin. -->","yoast_head_json":{"title":"Decisiones informadas sobre la gesti\u00f3n y precios de medicamentos: La iniciativa DIME - Ecuador | Noti-America.com","robots":{"index":"index","follow":"follow","max-snippet":"max-snippet:-1","max-image-preview":"max-image-preview:large","max-video-preview":"max-video-preview:-1"},"canonical":"https:\/\/noti-america.com\/site\/ecuador\/2020\/11\/26\/decisiones-informadas-sobre-la-gestion-y-precios-de-medicamentos-la-iniciativa-dime\/","og_locale":"es_ES","og_type":"article","og_title":"Decisiones informadas sobre la gesti\u00f3n y precios de medicamentos: La iniciativa DIME","og_description":"REDACCI\u00d3N NOTI AM\u00c9RICA (ECUADOR) El gasto farmac\u00e9utico es una proporci\u00f3n importante de los presupuestos de salud. Por ejemplo, en los pa\u00edses de la OCDE,\u00a0uno de cada cinco d\u00f3lares destinados a salud\u00a0se gasta en medicamentos.&#46;&#46;&#46;","og_url":"https:\/\/noti-america.com\/site\/ecuador\/2020\/11\/26\/decisiones-informadas-sobre-la-gestion-y-precios-de-medicamentos-la-iniciativa-dime\/","og_site_name":"Ecuador | Noti-America.com","article_published_time":"2020-11-26T03:54:54+00:00","og_image":[{"width":1202,"height":526,"url":"https:\/\/noti-america.com\/site\/ecuador\/wp-content\/uploads\/sites\/18\/2020\/11\/medicamentos.png","type":"image\/png"}],"author":"Gregory Quintana Montiel","twitter_card":"summary_large_image","twitter_creator":"@gdgregori1","twitter_site":"@notiamerica","twitter_misc":{"Escrito por":"Gregory Quintana Montiel","Tiempo estimado de lectura":"5 minutos"},"schema":{"@context":"https:\/\/schema.org","@graph":[{"@type":"Article","@id":"https:\/\/noti-america.com\/site\/ecuador\/2020\/11\/26\/decisiones-informadas-sobre-la-gestion-y-precios-de-medicamentos-la-iniciativa-dime\/#article","isPartOf":{"@id":"https:\/\/noti-america.com\/site\/ecuador\/2020\/11\/26\/decisiones-informadas-sobre-la-gestion-y-precios-de-medicamentos-la-iniciativa-dime\/"},"author":{"name":"Gregory Quintana Montiel","@id":"https:\/\/noti-america.com\/site\/ecuador\/#\/schema\/person\/3b975e42f15abfe64bfe3abdd916efda"},"headline":"Decisiones informadas sobre la gesti\u00f3n y precios de medicamentos: La iniciativa DIME","datePublished":"2020-11-26T03:54:54+00:00","mainEntityOfPage":{"@id":"https:\/\/noti-america.com\/site\/ecuador\/2020\/11\/26\/decisiones-informadas-sobre-la-gestion-y-precios-de-medicamentos-la-iniciativa-dime\/"},"wordCount":921,"commentCount":0,"publisher":{"@id":"https:\/\/noti-america.com\/site\/ecuador\/#organization"},"image":{"@id":"https:\/\/noti-america.com\/site\/ecuador\/2020\/11\/26\/decisiones-informadas-sobre-la-gestion-y-precios-de-medicamentos-la-iniciativa-dime\/#primaryimage"},"thumbnailUrl":"https:\/\/noti-america.com\/site\/ecuador\/wp-content\/uploads\/sites\/18\/2020\/11\/medicamentos.png","articleSection":["Salud"],"inLanguage":"es","potentialAction":[{"@type":"CommentAction","name":"Comment","target":["https:\/\/noti-america.com\/site\/ecuador\/2020\/11\/26\/decisiones-informadas-sobre-la-gestion-y-precios-de-medicamentos-la-iniciativa-dime\/#respond"]}]},{"@type":"WebPage","@id":"https:\/\/noti-america.com\/site\/ecuador\/2020\/11\/26\/decisiones-informadas-sobre-la-gestion-y-precios-de-medicamentos-la-iniciativa-dime\/","url":"https:\/\/noti-america.com\/site\/ecuador\/2020\/11\/26\/decisiones-informadas-sobre-la-gestion-y-precios-de-medicamentos-la-iniciativa-dime\/","name":"Decisiones informadas sobre la gesti\u00f3n y precios de medicamentos: La iniciativa DIME - Ecuador | Noti-America.com","isPartOf":{"@id":"https:\/\/noti-america.com\/site\/ecuador\/#website"},"primaryImageOfPage":{"@id":"https:\/\/noti-america.com\/site\/ecuador\/2020\/11\/26\/decisiones-informadas-sobre-la-gestion-y-precios-de-medicamentos-la-iniciativa-dime\/#primaryimage"},"image":{"@id":"https:\/\/noti-america.com\/site\/ecuador\/2020\/11\/26\/decisiones-informadas-sobre-la-gestion-y-precios-de-medicamentos-la-iniciativa-dime\/#primaryimage"},"thumbnailUrl":"https:\/\/noti-america.com\/site\/ecuador\/wp-content\/uploads\/sites\/18\/2020\/11\/medicamentos.png","datePublished":"2020-11-26T03:54:54+00:00","breadcrumb":{"@id":"https:\/\/noti-america.com\/site\/ecuador\/2020\/11\/26\/decisiones-informadas-sobre-la-gestion-y-precios-de-medicamentos-la-iniciativa-dime\/#breadcrumb"},"inLanguage":"es","potentialAction":[{"@type":"ReadAction","target":["https:\/\/noti-america.com\/site\/ecuador\/2020\/11\/26\/decisiones-informadas-sobre-la-gestion-y-precios-de-medicamentos-la-iniciativa-dime\/"]}]},{"@type":"ImageObject","inLanguage":"es","@id":"https:\/\/noti-america.com\/site\/ecuador\/2020\/11\/26\/decisiones-informadas-sobre-la-gestion-y-precios-de-medicamentos-la-iniciativa-dime\/#primaryimage","url":"https:\/\/noti-america.com\/site\/ecuador\/wp-content\/uploads\/sites\/18\/2020\/11\/medicamentos.png","contentUrl":"https:\/\/noti-america.com\/site\/ecuador\/wp-content\/uploads\/sites\/18\/2020\/11\/medicamentos.png","width":1202,"height":526},{"@type":"BreadcrumbList","@id":"https:\/\/noti-america.com\/site\/ecuador\/2020\/11\/26\/decisiones-informadas-sobre-la-gestion-y-precios-de-medicamentos-la-iniciativa-dime\/#breadcrumb","itemListElement":[{"@type":"ListItem","position":1,"name":"Portada","item":"https:\/\/noti-america.com\/site\/ecuador\/"},{"@type":"ListItem","position":2,"name":"Decisiones informadas sobre la gesti\u00f3n y precios de medicamentos: La iniciativa DIME"}]},{"@type":"WebSite","@id":"https:\/\/noti-america.com\/site\/ecuador\/#website","url":"https:\/\/noti-america.com\/site\/ecuador\/","name":"Ecuador | Noti-America.com","description":"","publisher":{"@id":"https:\/\/noti-america.com\/site\/ecuador\/#organization"},"potentialAction":[{"@type":"SearchAction","target":{"@type":"EntryPoint","urlTemplate":"https:\/\/noti-america.com\/site\/ecuador\/?s={search_term_string}"},"query-input":{"@type":"PropertyValueSpecification","valueRequired":true,"valueName":"search_term_string"}}],"inLanguage":"es"},{"@type":"Organization","@id":"https:\/\/noti-america.com\/site\/ecuador\/#organization","name":"Noti-America LLC | Ecuador","url":"https:\/\/noti-america.com\/site\/ecuador\/","logo":{"@type":"ImageObject","inLanguage":"es","@id":"https:\/\/noti-america.com\/site\/ecuador\/#\/schema\/logo\/image\/","url":"https:\/\/noti-america.com\/site\/ecuador\/wp-content\/uploads\/sites\/18\/2020\/07\/LogoNA-4x3-1.jpg","contentUrl":"https:\/\/noti-america.com\/site\/ecuador\/wp-content\/uploads\/sites\/18\/2020\/07\/LogoNA-4x3-1.jpg","width":1236,"height":1080,"caption":"Noti-America LLC | Ecuador"},"image":{"@id":"https:\/\/noti-america.com\/site\/ecuador\/#\/schema\/logo\/image\/"},"sameAs":["https:\/\/x.com\/notiamerica"]},{"@type":"Person","@id":"https:\/\/noti-america.com\/site\/ecuador\/#\/schema\/person\/3b975e42f15abfe64bfe3abdd916efda","name":"Gregory Quintana Montiel","image":{"@type":"ImageObject","inLanguage":"es","@id":"https:\/\/secure.gravatar.com\/avatar\/2d6b802f7720c2ec7744dcbe608cc2f3417aeb964d58b443c6d612b77531de1d?s=96&d=mm&r=g","url":"https:\/\/secure.gravatar.com\/avatar\/2d6b802f7720c2ec7744dcbe608cc2f3417aeb964d58b443c6d612b77531de1d?s=96&d=mm&r=g","contentUrl":"https:\/\/secure.gravatar.com\/avatar\/2d6b802f7720c2ec7744dcbe608cc2f3417aeb964d58b443c6d612b77531de1d?s=96&d=mm&r=g","caption":"Gregory Quintana Montiel"},"description":"Licenciatura en Ciencias de la Comunicaci\u00f3n Social, egresado en la Especializaci\u00f3n Derecho Ambiental Desarrollo Sostenible y Sustentable, Miembro de la Comunidad de profesionales y experto para Latinoam\u00e9rica y el Caribe en Gesti\u00f3n por Resultado en el Desarrollo (COPLAC - GpRD) del Banco Interamericano de Desarrollo, experiencia en medios radiales y escritos.","sameAs":["https:\/\/x.com\/gdgregori1","gquintana"],"url":"https:\/\/noti-america.com\/site\/ecuador\/author\/gquintana\/"}]}},"_links":{"self":[{"href":"https:\/\/noti-america.com\/site\/ecuador\/wp-json\/wp\/v2\/posts\/11934","targetHints":{"allow":["GET"]}}],"collection":[{"href":"https:\/\/noti-america.com\/site\/ecuador\/wp-json\/wp\/v2\/posts"}],"about":[{"href":"https:\/\/noti-america.com\/site\/ecuador\/wp-json\/wp\/v2\/types\/post"}],"author":[{"embeddable":true,"href":"https:\/\/noti-america.com\/site\/ecuador\/wp-json\/wp\/v2\/users\/17"}],"replies":[{"embeddable":true,"href":"https:\/\/noti-america.com\/site\/ecuador\/wp-json\/wp\/v2\/comments?post=11934"}],"version-history":[{"count":1,"href":"https:\/\/noti-america.com\/site\/ecuador\/wp-json\/wp\/v2\/posts\/11934\/revisions"}],"predecessor-version":[{"id":11936,"href":"https:\/\/noti-america.com\/site\/ecuador\/wp-json\/wp\/v2\/posts\/11934\/revisions\/11936"}],"wp:featuredmedia":[{"embeddable":true,"href":"https:\/\/noti-america.com\/site\/ecuador\/wp-json\/wp\/v2\/media\/11935"}],"wp:attachment":[{"href":"https:\/\/noti-america.com\/site\/ecuador\/wp-json\/wp\/v2\/media?parent=11934"}],"wp:term":[{"taxonomy":"category","embeddable":true,"href":"https:\/\/noti-america.com\/site\/ecuador\/wp-json\/wp\/v2\/categories?post=11934"},{"taxonomy":"post_tag","embeddable":true,"href":"https:\/\/noti-america.com\/site\/ecuador\/wp-json\/wp\/v2\/tags?post=11934"}],"curies":[{"name":"wp","href":"https:\/\/api.w.org\/{rel}","templated":true}]}}