{"id":11875,"date":"2020-11-19T03:36:15","date_gmt":"2020-11-19T03:36:15","guid":{"rendered":"https:\/\/noti-america.com\/site\/ecuador\/?p=11875"},"modified":"2020-11-19T03:36:15","modified_gmt":"2020-11-19T03:36:15","slug":"atm-asumira-control-del-transito-de-las-vias-a-la-costa-y-daule","status":"publish","type":"post","link":"https:\/\/noti-america.com\/site\/ecuador\/2020\/11\/19\/atm-asumira-control-del-transito-de-las-vias-a-la-costa-y-daule\/","title":{"rendered":"ATM asumir\u00e1 control del transito de las v\u00edas a la Costa y Daule"},"content":{"rendered":"<p>REDACCI\u00d3N NOTI AM\u00c9RICA (EUADOR)<\/p>\n<div id=\"attachment_11877\" style=\"width: 310px\" class=\"wp-caption alignleft\"><img loading=\"lazy\" decoding=\"async\" aria-describedby=\"caption-attachment-11877\" class=\"wp-image-11877 size-medium\" src=\"https:\/\/noti-america.com\/site\/ecuador\/wp-content\/uploads\/sites\/18\/2020\/11\/inspeccion-atm-cte-300x200.jpg\" alt=\"\" width=\"300\" height=\"200\" srcset=\"https:\/\/noti-america.com\/site\/ecuador\/wp-content\/uploads\/sites\/18\/2020\/11\/inspeccion-atm-cte-300x200.jpg 300w, https:\/\/noti-america.com\/site\/ecuador\/wp-content\/uploads\/sites\/18\/2020\/11\/inspeccion-atm-cte-1024x683.jpg 1024w, https:\/\/noti-america.com\/site\/ecuador\/wp-content\/uploads\/sites\/18\/2020\/11\/inspeccion-atm-cte-768x512.jpg 768w, https:\/\/noti-america.com\/site\/ecuador\/wp-content\/uploads\/sites\/18\/2020\/11\/inspeccion-atm-cte-272x182.jpg 272w, https:\/\/noti-america.com\/site\/ecuador\/wp-content\/uploads\/sites\/18\/2020\/11\/inspeccion-atm-cte.jpg 1280w\" sizes=\"auto, (max-width: 300px) 100vw, 300px\" \/><p id=\"caption-attachment-11877\" class=\"wp-caption-text\">Personal de la ATM y CTE recorren tramo<\/p><\/div>\n<p style=\"text-align: justify\">Delegados de la Autoridad de Tr\u00e1nsito (ATM) y Comisi\u00f3n de Tr\u00e1nsito del Ecuador (CTE) realizaron, esta ma\u00f1ana, una inspecci\u00f3n para el pr\u00f3ximo traspaso del control del tr\u00e1nsito a la ATM de las v\u00edas a la Costa y Daule.<\/p>\n<p style=\"text-align: justify\">Una vez cumplidos los requerimientos operativos, t\u00e9cnicos y legales, los Agentes Civiles de Tr\u00e1nsito de la Autoridad de Tr\u00e1nsito Municipal asumir\u00e1n el control de los 16 kil\u00f3metros comprendidos desde el intercambiador de tr\u00e1nsito de la Avenida del Bombero y la v\u00eda Perimetral hasta la entrada a la parroquia Chong\u00f3n.<\/p>\n<p style=\"text-align: justify\">En la actualidad, 5 l\u00edneas de buses urbanos (35, 61, 140, 142, 145) prestan el servicio de transportaci\u00f3n a los ciudadanos que se movilizan desde Chong\u00f3n y las diferentes urbanizaciones hacia los diferentes sectores de la ciudad.<\/p>\n<p style=\"text-align: justify\">Esta carretera, se encuentra concesionada a la compa\u00f1\u00eda Corredor Vial (Cvialco), empresa que continuar\u00e1 con el mantenimiento de la carretera hasta la provincia de Santa Elena.<\/p>\n<p style=\"text-align: justify\">En el caso de la v\u00eda a Daule, la CTE ceder\u00e1 a la ATM el control del tramo comprendido desde el distribuidor de tr\u00e1nsito que conecta con la v\u00eda Perimetral hasta el nuevo retorno ubicado en los exteriores de la Penitenciar\u00eda del Litoral; la extensi\u00f3n de este tramo es de 2,5 km.<\/p>\n<p style=\"text-align: justify\">Sobre esta v\u00eda, 16 rutas de transporte p\u00fablico urbano sirven a la ciudadan\u00eda que se traslada hacia esta zona industrial, Pascuales y urbanizaciones como Villa Bonita y Beata Mercedes Molina, entre otras. Pr\u00f3ximamente, se sumar\u00e1 a la oferta de transporte p\u00fablico la extensi\u00f3n de la troncal 3 del sistema Metrov\u00eda.<\/p>\n","protected":false},"excerpt":{"rendered":"<p>REDACCI\u00d3N NOTI AM\u00c9RICA (EUADOR) Delegados de la Autoridad de Tr\u00e1nsito (ATM) y Comisi\u00f3n de Tr\u00e1nsito del Ecuador (CTE) realizaron, esta ma\u00f1ana, una inspecci\u00f3n para el pr\u00f3ximo traspaso del control del tr\u00e1nsito a la ATM&#46;&#46;&#46;<\/p>\n","protected":false},"author":17,"featured_media":11876,"comment_status":"open","ping_status":"open","sticky":false,"template":"","format":"standard","meta":{"_acf_changed":false,"om_disable_all_campaigns":false,"rop_custom_images_group":[],"rop_custom_messages_group":[],"rop_publish_now":"initial","rop_publish_now_accounts":{"twitter_242054905_242054905":""},"rop_publish_now_history":[],"rop_publish_now_status":"pending","_uf_show_specific_survey":0,"_uf_disable_surveys":false,"footnotes":""},"categories":[1],"tags":[],"class_list":["post-11875","post","type-post","status-publish","format-standard","has-post-thumbnail","hentry","category-uncategorized"],"acf":[],"aioseo_notices":[],"yoast_head":"<!-- This site is optimized with the Yoast SEO Premium plugin v24.9 (Yoast SEO v27.2) - https:\/\/yoast.com\/product\/yoast-seo-premium-wordpress\/ -->\n<title>ATM asumir\u00e1 control del transito de las v\u00edas a la Costa y Daule - Ecuador | Noti-America.com<\/title>\n<meta name=\"robots\" content=\"index, follow, max-snippet:-1, max-image-preview:large, max-video-preview:-1\" \/>\n<link rel=\"canonical\" href=\"https:\/\/noti-america.com\/site\/ecuador\/2020\/11\/19\/atm-asumira-control-del-transito-de-las-vias-a-la-costa-y-daule\/\" \/>\n<meta property=\"og:locale\" content=\"es_ES\" \/>\n<meta property=\"og:type\" content=\"article\" \/>\n<meta property=\"og:title\" content=\"ATM asumir\u00e1 control del transito de las v\u00edas a la Costa y Daule\" \/>\n<meta property=\"og:description\" content=\"REDACCI\u00d3N NOTI AM\u00c9RICA (EUADOR) Delegados de la Autoridad de Tr\u00e1nsito (ATM) y Comisi\u00f3n de Tr\u00e1nsito del Ecuador (CTE) realizaron, esta ma\u00f1ana, una inspecci\u00f3n para el pr\u00f3ximo traspaso del control del tr\u00e1nsito a la ATM&#046;&#046;&#046;\" \/>\n<meta property=\"og:url\" content=\"https:\/\/noti-america.com\/site\/ecuador\/2020\/11\/19\/atm-asumira-control-del-transito-de-las-vias-a-la-costa-y-daule\/\" \/>\n<meta property=\"og:site_name\" content=\"Ecuador | Noti-America.com\" \/>\n<meta property=\"article:published_time\" content=\"2020-11-19T03:36:15+00:00\" \/>\n<meta property=\"og:image\" content=\"https:\/\/noti-america.com\/site\/ecuador\/wp-content\/uploads\/sites\/18\/2020\/11\/inspeccion-de-tramos-atm-cte.jpg\" \/>\n\t<meta property=\"og:image:width\" content=\"1280\" \/>\n\t<meta property=\"og:image:height\" content=\"854\" \/>\n\t<meta property=\"og:image:type\" content=\"image\/jpeg\" \/>\n<meta name=\"author\" content=\"Gregory Quintana Montiel\" \/>\n<meta name=\"twitter:card\" content=\"summary_large_image\" \/>\n<meta name=\"twitter:creator\" content=\"@gdgregori1\" \/>\n<meta name=\"twitter:site\" content=\"@notiamerica\" \/>\n<meta name=\"twitter:label1\" content=\"Escrito por\" \/>\n\t<meta name=\"twitter:data1\" content=\"Gregory Quintana Montiel\" \/>\n\t<meta name=\"twitter:label2\" content=\"Tiempo estimado de lectura\" \/>\n\t<meta name=\"twitter:data2\" content=\"1 minuto\" \/>\n<script type=\"application\/ld+json\" class=\"yoast-schema-graph\">{\"@context\":\"https:\/\/schema.org\",\"@graph\":[{\"@type\":\"Article\",\"@id\":\"https:\/\/noti-america.com\/site\/ecuador\/2020\/11\/19\/atm-asumira-control-del-transito-de-las-vias-a-la-costa-y-daule\/#article\",\"isPartOf\":{\"@id\":\"https:\/\/noti-america.com\/site\/ecuador\/2020\/11\/19\/atm-asumira-control-del-transito-de-las-vias-a-la-costa-y-daule\/\"},\"author\":{\"name\":\"Gregory Quintana Montiel\",\"@id\":\"https:\/\/noti-america.com\/site\/ecuador\/#\/schema\/person\/3b975e42f15abfe64bfe3abdd916efda\"},\"headline\":\"ATM asumir\u00e1 control del transito de las v\u00edas a la Costa y Daule\",\"datePublished\":\"2020-11-19T03:36:15+00:00\",\"mainEntityOfPage\":{\"@id\":\"https:\/\/noti-america.com\/site\/ecuador\/2020\/11\/19\/atm-asumira-control-del-transito-de-las-vias-a-la-costa-y-daule\/\"},\"wordCount\":309,\"commentCount\":0,\"publisher\":{\"@id\":\"https:\/\/noti-america.com\/site\/ecuador\/#organization\"},\"image\":{\"@id\":\"https:\/\/noti-america.com\/site\/ecuador\/2020\/11\/19\/atm-asumira-control-del-transito-de-las-vias-a-la-costa-y-daule\/#primaryimage\"},\"thumbnailUrl\":\"https:\/\/noti-america.com\/site\/ecuador\/wp-content\/uploads\/sites\/18\/2020\/11\/inspeccion-de-tramos-atm-cte.jpg\",\"articleSection\":[\"Uncategorized\"],\"inLanguage\":\"es\",\"potentialAction\":[{\"@type\":\"CommentAction\",\"name\":\"Comment\",\"target\":[\"https:\/\/noti-america.com\/site\/ecuador\/2020\/11\/19\/atm-asumira-control-del-transito-de-las-vias-a-la-costa-y-daule\/#respond\"]}]},{\"@type\":\"WebPage\",\"@id\":\"https:\/\/noti-america.com\/site\/ecuador\/2020\/11\/19\/atm-asumira-control-del-transito-de-las-vias-a-la-costa-y-daule\/\",\"url\":\"https:\/\/noti-america.com\/site\/ecuador\/2020\/11\/19\/atm-asumira-control-del-transito-de-las-vias-a-la-costa-y-daule\/\",\"name\":\"ATM asumir\u00e1 control del transito de las v\u00edas a la Costa y Daule - Ecuador | Noti-America.com\",\"isPartOf\":{\"@id\":\"https:\/\/noti-america.com\/site\/ecuador\/#website\"},\"primaryImageOfPage\":{\"@id\":\"https:\/\/noti-america.com\/site\/ecuador\/2020\/11\/19\/atm-asumira-control-del-transito-de-las-vias-a-la-costa-y-daule\/#primaryimage\"},\"image\":{\"@id\":\"https:\/\/noti-america.com\/site\/ecuador\/2020\/11\/19\/atm-asumira-control-del-transito-de-las-vias-a-la-costa-y-daule\/#primaryimage\"},\"thumbnailUrl\":\"https:\/\/noti-america.com\/site\/ecuador\/wp-content\/uploads\/sites\/18\/2020\/11\/inspeccion-de-tramos-atm-cte.jpg\",\"datePublished\":\"2020-11-19T03:36:15+00:00\",\"breadcrumb\":{\"@id\":\"https:\/\/noti-america.com\/site\/ecuador\/2020\/11\/19\/atm-asumira-control-del-transito-de-las-vias-a-la-costa-y-daule\/#breadcrumb\"},\"inLanguage\":\"es\",\"potentialAction\":[{\"@type\":\"ReadAction\",\"target\":[\"https:\/\/noti-america.com\/site\/ecuador\/2020\/11\/19\/atm-asumira-control-del-transito-de-las-vias-a-la-costa-y-daule\/\"]}]},{\"@type\":\"ImageObject\",\"inLanguage\":\"es\",\"@id\":\"https:\/\/noti-america.com\/site\/ecuador\/2020\/11\/19\/atm-asumira-control-del-transito-de-las-vias-a-la-costa-y-daule\/#primaryimage\",\"url\":\"https:\/\/noti-america.com\/site\/ecuador\/wp-content\/uploads\/sites\/18\/2020\/11\/inspeccion-de-tramos-atm-cte.jpg\",\"contentUrl\":\"https:\/\/noti-america.com\/site\/ecuador\/wp-content\/uploads\/sites\/18\/2020\/11\/inspeccion-de-tramos-atm-cte.jpg\",\"width\":1280,\"height\":854},{\"@type\":\"BreadcrumbList\",\"@id\":\"https:\/\/noti-america.com\/site\/ecuador\/2020\/11\/19\/atm-asumira-control-del-transito-de-las-vias-a-la-costa-y-daule\/#breadcrumb\",\"itemListElement\":[{\"@type\":\"ListItem\",\"position\":1,\"name\":\"Portada\",\"item\":\"https:\/\/noti-america.com\/site\/ecuador\/\"},{\"@type\":\"ListItem\",\"position\":2,\"name\":\"ATM asumir\u00e1 control del transito de las v\u00edas a la Costa y Daule\"}]},{\"@type\":\"WebSite\",\"@id\":\"https:\/\/noti-america.com\/site\/ecuador\/#website\",\"url\":\"https:\/\/noti-america.com\/site\/ecuador\/\",\"name\":\"Ecuador | Noti-America.com\",\"description\":\"\",\"publisher\":{\"@id\":\"https:\/\/noti-america.com\/site\/ecuador\/#organization\"},\"potentialAction\":[{\"@type\":\"SearchAction\",\"target\":{\"@type\":\"EntryPoint\",\"urlTemplate\":\"https:\/\/noti-america.com\/site\/ecuador\/?s={search_term_string}\"},\"query-input\":{\"@type\":\"PropertyValueSpecification\",\"valueRequired\":true,\"valueName\":\"search_term_string\"}}],\"inLanguage\":\"es\"},{\"@type\":\"Organization\",\"@id\":\"https:\/\/noti-america.com\/site\/ecuador\/#organization\",\"name\":\"Noti-America LLC | Ecuador\",\"url\":\"https:\/\/noti-america.com\/site\/ecuador\/\",\"logo\":{\"@type\":\"ImageObject\",\"inLanguage\":\"es\",\"@id\":\"https:\/\/noti-america.com\/site\/ecuador\/#\/schema\/logo\/image\/\",\"url\":\"https:\/\/noti-america.com\/site\/ecuador\/wp-content\/uploads\/sites\/18\/2020\/07\/LogoNA-4x3-1.jpg\",\"contentUrl\":\"https:\/\/noti-america.com\/site\/ecuador\/wp-content\/uploads\/sites\/18\/2020\/07\/LogoNA-4x3-1.jpg\",\"width\":1236,\"height\":1080,\"caption\":\"Noti-America LLC | Ecuador\"},\"image\":{\"@id\":\"https:\/\/noti-america.com\/site\/ecuador\/#\/schema\/logo\/image\/\"},\"sameAs\":[\"https:\/\/x.com\/notiamerica\"]},{\"@type\":\"Person\",\"@id\":\"https:\/\/noti-america.com\/site\/ecuador\/#\/schema\/person\/3b975e42f15abfe64bfe3abdd916efda\",\"name\":\"Gregory Quintana Montiel\",\"image\":{\"@type\":\"ImageObject\",\"inLanguage\":\"es\",\"@id\":\"https:\/\/secure.gravatar.com\/avatar\/2d6b802f7720c2ec7744dcbe608cc2f3417aeb964d58b443c6d612b77531de1d?s=96&d=mm&r=g\",\"url\":\"https:\/\/secure.gravatar.com\/avatar\/2d6b802f7720c2ec7744dcbe608cc2f3417aeb964d58b443c6d612b77531de1d?s=96&d=mm&r=g\",\"contentUrl\":\"https:\/\/secure.gravatar.com\/avatar\/2d6b802f7720c2ec7744dcbe608cc2f3417aeb964d58b443c6d612b77531de1d?s=96&d=mm&r=g\",\"caption\":\"Gregory Quintana Montiel\"},\"description\":\"Licenciatura en Ciencias de la Comunicaci\u00f3n Social, egresado en la Especializaci\u00f3n Derecho Ambiental Desarrollo Sostenible y Sustentable, Miembro de la Comunidad de profesionales y experto para Latinoam\u00e9rica y el Caribe en Gesti\u00f3n por Resultado en el Desarrollo (COPLAC - GpRD) del Banco Interamericano de Desarrollo, experiencia en medios radiales y escritos.\",\"sameAs\":[\"https:\/\/x.com\/gdgregori1\",\"gquintana\"],\"url\":\"https:\/\/noti-america.com\/site\/ecuador\/author\/gquintana\/\"}]}<\/script>\n<!-- \/ Yoast SEO Premium plugin. -->","yoast_head_json":{"title":"ATM asumir\u00e1 control del transito de las v\u00edas a la Costa y Daule - Ecuador | Noti-America.com","robots":{"index":"index","follow":"follow","max-snippet":"max-snippet:-1","max-image-preview":"max-image-preview:large","max-video-preview":"max-video-preview:-1"},"canonical":"https:\/\/noti-america.com\/site\/ecuador\/2020\/11\/19\/atm-asumira-control-del-transito-de-las-vias-a-la-costa-y-daule\/","og_locale":"es_ES","og_type":"article","og_title":"ATM asumir\u00e1 control del transito de las v\u00edas a la Costa y Daule","og_description":"REDACCI\u00d3N NOTI AM\u00c9RICA (EUADOR) Delegados de la Autoridad de Tr\u00e1nsito (ATM) y Comisi\u00f3n de Tr\u00e1nsito del Ecuador (CTE) realizaron, esta ma\u00f1ana, una inspecci\u00f3n para el pr\u00f3ximo traspaso del control del tr\u00e1nsito a la ATM&#46;&#46;&#46;","og_url":"https:\/\/noti-america.com\/site\/ecuador\/2020\/11\/19\/atm-asumira-control-del-transito-de-las-vias-a-la-costa-y-daule\/","og_site_name":"Ecuador | Noti-America.com","article_published_time":"2020-11-19T03:36:15+00:00","og_image":[{"width":1280,"height":854,"url":"https:\/\/noti-america.com\/site\/ecuador\/wp-content\/uploads\/sites\/18\/2020\/11\/inspeccion-de-tramos-atm-cte.jpg","type":"image\/jpeg"}],"author":"Gregory Quintana Montiel","twitter_card":"summary_large_image","twitter_creator":"@gdgregori1","twitter_site":"@notiamerica","twitter_misc":{"Escrito por":"Gregory Quintana Montiel","Tiempo estimado de lectura":"1 minuto"},"schema":{"@context":"https:\/\/schema.org","@graph":[{"@type":"Article","@id":"https:\/\/noti-america.com\/site\/ecuador\/2020\/11\/19\/atm-asumira-control-del-transito-de-las-vias-a-la-costa-y-daule\/#article","isPartOf":{"@id":"https:\/\/noti-america.com\/site\/ecuador\/2020\/11\/19\/atm-asumira-control-del-transito-de-las-vias-a-la-costa-y-daule\/"},"author":{"name":"Gregory Quintana Montiel","@id":"https:\/\/noti-america.com\/site\/ecuador\/#\/schema\/person\/3b975e42f15abfe64bfe3abdd916efda"},"headline":"ATM asumir\u00e1 control del transito de las v\u00edas a la Costa y Daule","datePublished":"2020-11-19T03:36:15+00:00","mainEntityOfPage":{"@id":"https:\/\/noti-america.com\/site\/ecuador\/2020\/11\/19\/atm-asumira-control-del-transito-de-las-vias-a-la-costa-y-daule\/"},"wordCount":309,"commentCount":0,"publisher":{"@id":"https:\/\/noti-america.com\/site\/ecuador\/#organization"},"image":{"@id":"https:\/\/noti-america.com\/site\/ecuador\/2020\/11\/19\/atm-asumira-control-del-transito-de-las-vias-a-la-costa-y-daule\/#primaryimage"},"thumbnailUrl":"https:\/\/noti-america.com\/site\/ecuador\/wp-content\/uploads\/sites\/18\/2020\/11\/inspeccion-de-tramos-atm-cte.jpg","articleSection":["Uncategorized"],"inLanguage":"es","potentialAction":[{"@type":"CommentAction","name":"Comment","target":["https:\/\/noti-america.com\/site\/ecuador\/2020\/11\/19\/atm-asumira-control-del-transito-de-las-vias-a-la-costa-y-daule\/#respond"]}]},{"@type":"WebPage","@id":"https:\/\/noti-america.com\/site\/ecuador\/2020\/11\/19\/atm-asumira-control-del-transito-de-las-vias-a-la-costa-y-daule\/","url":"https:\/\/noti-america.com\/site\/ecuador\/2020\/11\/19\/atm-asumira-control-del-transito-de-las-vias-a-la-costa-y-daule\/","name":"ATM asumir\u00e1 control del transito de las v\u00edas a la Costa y Daule - Ecuador | Noti-America.com","isPartOf":{"@id":"https:\/\/noti-america.com\/site\/ecuador\/#website"},"primaryImageOfPage":{"@id":"https:\/\/noti-america.com\/site\/ecuador\/2020\/11\/19\/atm-asumira-control-del-transito-de-las-vias-a-la-costa-y-daule\/#primaryimage"},"image":{"@id":"https:\/\/noti-america.com\/site\/ecuador\/2020\/11\/19\/atm-asumira-control-del-transito-de-las-vias-a-la-costa-y-daule\/#primaryimage"},"thumbnailUrl":"https:\/\/noti-america.com\/site\/ecuador\/wp-content\/uploads\/sites\/18\/2020\/11\/inspeccion-de-tramos-atm-cte.jpg","datePublished":"2020-11-19T03:36:15+00:00","breadcrumb":{"@id":"https:\/\/noti-america.com\/site\/ecuador\/2020\/11\/19\/atm-asumira-control-del-transito-de-las-vias-a-la-costa-y-daule\/#breadcrumb"},"inLanguage":"es","potentialAction":[{"@type":"ReadAction","target":["https:\/\/noti-america.com\/site\/ecuador\/2020\/11\/19\/atm-asumira-control-del-transito-de-las-vias-a-la-costa-y-daule\/"]}]},{"@type":"ImageObject","inLanguage":"es","@id":"https:\/\/noti-america.com\/site\/ecuador\/2020\/11\/19\/atm-asumira-control-del-transito-de-las-vias-a-la-costa-y-daule\/#primaryimage","url":"https:\/\/noti-america.com\/site\/ecuador\/wp-content\/uploads\/sites\/18\/2020\/11\/inspeccion-de-tramos-atm-cte.jpg","contentUrl":"https:\/\/noti-america.com\/site\/ecuador\/wp-content\/uploads\/sites\/18\/2020\/11\/inspeccion-de-tramos-atm-cte.jpg","width":1280,"height":854},{"@type":"BreadcrumbList","@id":"https:\/\/noti-america.com\/site\/ecuador\/2020\/11\/19\/atm-asumira-control-del-transito-de-las-vias-a-la-costa-y-daule\/#breadcrumb","itemListElement":[{"@type":"ListItem","position":1,"name":"Portada","item":"https:\/\/noti-america.com\/site\/ecuador\/"},{"@type":"ListItem","position":2,"name":"ATM asumir\u00e1 control del transito de las v\u00edas a la Costa y Daule"}]},{"@type":"WebSite","@id":"https:\/\/noti-america.com\/site\/ecuador\/#website","url":"https:\/\/noti-america.com\/site\/ecuador\/","name":"Ecuador | Noti-America.com","description":"","publisher":{"@id":"https:\/\/noti-america.com\/site\/ecuador\/#organization"},"potentialAction":[{"@type":"SearchAction","target":{"@type":"EntryPoint","urlTemplate":"https:\/\/noti-america.com\/site\/ecuador\/?s={search_term_string}"},"query-input":{"@type":"PropertyValueSpecification","valueRequired":true,"valueName":"search_term_string"}}],"inLanguage":"es"},{"@type":"Organization","@id":"https:\/\/noti-america.com\/site\/ecuador\/#organization","name":"Noti-America LLC | Ecuador","url":"https:\/\/noti-america.com\/site\/ecuador\/","logo":{"@type":"ImageObject","inLanguage":"es","@id":"https:\/\/noti-america.com\/site\/ecuador\/#\/schema\/logo\/image\/","url":"https:\/\/noti-america.com\/site\/ecuador\/wp-content\/uploads\/sites\/18\/2020\/07\/LogoNA-4x3-1.jpg","contentUrl":"https:\/\/noti-america.com\/site\/ecuador\/wp-content\/uploads\/sites\/18\/2020\/07\/LogoNA-4x3-1.jpg","width":1236,"height":1080,"caption":"Noti-America LLC | Ecuador"},"image":{"@id":"https:\/\/noti-america.com\/site\/ecuador\/#\/schema\/logo\/image\/"},"sameAs":["https:\/\/x.com\/notiamerica"]},{"@type":"Person","@id":"https:\/\/noti-america.com\/site\/ecuador\/#\/schema\/person\/3b975e42f15abfe64bfe3abdd916efda","name":"Gregory Quintana Montiel","image":{"@type":"ImageObject","inLanguage":"es","@id":"https:\/\/secure.gravatar.com\/avatar\/2d6b802f7720c2ec7744dcbe608cc2f3417aeb964d58b443c6d612b77531de1d?s=96&d=mm&r=g","url":"https:\/\/secure.gravatar.com\/avatar\/2d6b802f7720c2ec7744dcbe608cc2f3417aeb964d58b443c6d612b77531de1d?s=96&d=mm&r=g","contentUrl":"https:\/\/secure.gravatar.com\/avatar\/2d6b802f7720c2ec7744dcbe608cc2f3417aeb964d58b443c6d612b77531de1d?s=96&d=mm&r=g","caption":"Gregory Quintana Montiel"},"description":"Licenciatura en Ciencias de la Comunicaci\u00f3n Social, egresado en la Especializaci\u00f3n Derecho Ambiental Desarrollo Sostenible y Sustentable, Miembro de la Comunidad de profesionales y experto para Latinoam\u00e9rica y el Caribe en Gesti\u00f3n por Resultado en el Desarrollo (COPLAC - GpRD) del Banco Interamericano de Desarrollo, experiencia en medios radiales y escritos.","sameAs":["https:\/\/x.com\/gdgregori1","gquintana"],"url":"https:\/\/noti-america.com\/site\/ecuador\/author\/gquintana\/"}]}},"_links":{"self":[{"href":"https:\/\/noti-america.com\/site\/ecuador\/wp-json\/wp\/v2\/posts\/11875","targetHints":{"allow":["GET"]}}],"collection":[{"href":"https:\/\/noti-america.com\/site\/ecuador\/wp-json\/wp\/v2\/posts"}],"about":[{"href":"https:\/\/noti-america.com\/site\/ecuador\/wp-json\/wp\/v2\/types\/post"}],"author":[{"embeddable":true,"href":"https:\/\/noti-america.com\/site\/ecuador\/wp-json\/wp\/v2\/users\/17"}],"replies":[{"embeddable":true,"href":"https:\/\/noti-america.com\/site\/ecuador\/wp-json\/wp\/v2\/comments?post=11875"}],"version-history":[{"count":1,"href":"https:\/\/noti-america.com\/site\/ecuador\/wp-json\/wp\/v2\/posts\/11875\/revisions"}],"predecessor-version":[{"id":11878,"href":"https:\/\/noti-america.com\/site\/ecuador\/wp-json\/wp\/v2\/posts\/11875\/revisions\/11878"}],"wp:featuredmedia":[{"embeddable":true,"href":"https:\/\/noti-america.com\/site\/ecuador\/wp-json\/wp\/v2\/media\/11876"}],"wp:attachment":[{"href":"https:\/\/noti-america.com\/site\/ecuador\/wp-json\/wp\/v2\/media?parent=11875"}],"wp:term":[{"taxonomy":"category","embeddable":true,"href":"https:\/\/noti-america.com\/site\/ecuador\/wp-json\/wp\/v2\/categories?post=11875"},{"taxonomy":"post_tag","embeddable":true,"href":"https:\/\/noti-america.com\/site\/ecuador\/wp-json\/wp\/v2\/tags?post=11875"}],"curies":[{"name":"wp","href":"https:\/\/api.w.org\/{rel}","templated":true}]}}