{"id":11799,"date":"2020-11-13T16:41:23","date_gmt":"2020-11-13T16:41:23","guid":{"rendered":"https:\/\/noti-america.com\/site\/ecuador\/?p=11799"},"modified":"2020-11-13T16:41:23","modified_gmt":"2020-11-13T16:41:23","slug":"proyecto-de-ley-permitira-bajar-costo-del-internet-en-sectores-prioritarios","status":"publish","type":"post","link":"https:\/\/noti-america.com\/site\/ecuador\/2020\/11\/13\/proyecto-de-ley-permitira-bajar-costo-del-internet-en-sectores-prioritarios\/","title":{"rendered":"Proyecto de ley permitir\u00e1 bajar costo del internet  en sectores prioritarios"},"content":{"rendered":"<p><strong>REDACCI\u00d3N NOTI-AM\u00c9RICA (ECUADOR).-<\/strong><\/p>\n<p><img loading=\"lazy\" decoding=\"async\" class=\" wp-image-11801 aligncenter\" src=\"https:\/\/noti-america.com\/site\/ecuador\/wp-content\/uploads\/sites\/18\/2020\/11\/13-NOV-proyecto_jc-300x182.jpg\" alt=\"\" width=\"584\" height=\"354\" srcset=\"https:\/\/noti-america.com\/site\/ecuador\/wp-content\/uploads\/sites\/18\/2020\/11\/13-NOV-proyecto_jc-300x182.jpg 300w, https:\/\/noti-america.com\/site\/ecuador\/wp-content\/uploads\/sites\/18\/2020\/11\/13-NOV-proyecto_jc.jpg 420w\" sizes=\"auto, (max-width: 584px) 100vw, 584px\" \/><\/p>\n<p style=\"text-align: justify\"><strong>Por Henry Ortiz. <\/strong>La idea es que las empresas proveedoras de internet implementen planes que disminuyan el precio de la conexi\u00f3n en todas las parroquias rurales del pa\u00eds y en el sector urbano marginal de las ciudades, fue el criterio expuesto en la Comisi\u00f3n de Desarrollo Econ\u00f3mico de la Asamblea Nacional.<\/p>\n<p style=\"text-align: justify\">Para hacer realidad \u00e9stas y otras propuestas los asamble\u00edstas avanzan con el tratamiento de las reformas a la Ley de Telecomunicaciones. En ese marco, la mesa recibi\u00f3 al asamble\u00edsta Javier Cadena, quien expuso el proyecto de Ley Org\u00e1nica para Garantizar el Acceso al Servicio de Internet en los Sectores Urbano Marginales y Rurales del Ecuador.<\/p>\n<p style=\"text-align: justify\">Durante su intervenci\u00f3n, el parlamentario indic\u00f3 que el objetivo del proyecto es desarrollar pol\u00edticas p\u00fablicas para que las zonas urbano marginales y rurales de todo el pa\u00eds, de forma masiva tengan acceso a internet con tarifas reducidas.<\/p>\n<p style=\"text-align: justify\">Agreg\u00f3 que el fin es lograr mayor conectividad y permitir que las tecnolog\u00edas de la informaci\u00f3n y la comunicaci\u00f3n cubran especialmente el \u00e1mbito educativo y laboral en estos sectores.<\/p>\n<p style=\"text-align: justify\">Recalc\u00f3 que la pandemia generada por el Covid-19, dio muestras que en el sector educativo se produjo deserci\u00f3n escolar porque no hay puntos de acceso a internet, ni la tecnolog\u00eda necesaria para acceder a clases. El 26 % de la poblaci\u00f3n rural en su provincia (Carchi) tiene acceso a internet, mientras que otras parroquias en el noroccidente ni siquiera tienen el servicio de telefon\u00eda celular.<\/p>\n<p style=\"text-align: justify\">La iniciativa del legislador consta de 12 art\u00edculos, entre los cuales se detalla c\u00f3mo se realizar\u00eda la prestaci\u00f3n del servicio.<\/p>\n<p style=\"text-align: justify\">En ese sentido se describe que para la autorizaci\u00f3n, instalaci\u00f3n, ampliaci\u00f3n, modificaci\u00f3n, operaci\u00f3n y explotaci\u00f3n de redes de Internet se lo realizar\u00e1 previo convenio entre el Gobierno Central, a trav\u00e9s del Ministerio rector de las Telecomunicaciones, los Gobiernos Aut\u00f3nomos Descentralizados Municipales y las empresas p\u00fablicas de telecomunicaciones, de econom\u00eda mixta o de iniciativa privada.<\/p>\n<p style=\"text-align: justify\">Se detalla que los prestadores de servicios de internet deber\u00e1n adecuar caracter\u00edsticas, calidad y prestaci\u00f3n de redes a los efectos de conformar soportes f\u00edsicos que permitan su desarrollo y expansi\u00f3n en coordinaci\u00f3n con los Gobiernos Aut\u00f3nomos Descentralizados Municipales.<\/p>\n<p style=\"text-align: justify\">Adem\u00e1s, se dar\u00e1 atenci\u00f3n prioritaria a las \u00e1reas geogr\u00e1ficas de menos ingresos y con menor cobertura del servicio de internet en el territorio nacional, para lo cual se coordinar\u00e1 con todas las empresas p\u00fablicas y privadas del Estado.<\/p>\n<p style=\"text-align: justify\">\n<p style=\"text-align: justify\">\n","protected":false},"excerpt":{"rendered":"<p>REDACCI\u00d3N NOTI-AM\u00c9RICA (ECUADOR).- Por Henry Ortiz. La idea es que las empresas proveedoras de internet implementen planes que disminuyan el precio de la conexi\u00f3n en todas las parroquias rurales del pa\u00eds y en el&#46;&#46;&#46;<\/p>\n","protected":false},"author":81,"featured_media":11801,"comment_status":"open","ping_status":"open","sticky":false,"template":"","format":"standard","meta":{"_acf_changed":false,"om_disable_all_campaigns":false,"rop_custom_images_group":[],"rop_custom_messages_group":[],"rop_publish_now":"initial","rop_publish_now_accounts":{"twitter_242054905_242054905":""},"rop_publish_now_history":[],"rop_publish_now_status":"pending","_uf_show_specific_survey":0,"_uf_disable_surveys":false,"footnotes":""},"categories":[1],"tags":[],"class_list":["post-11799","post","type-post","status-publish","format-standard","has-post-thumbnail","hentry","category-uncategorized"],"acf":[],"aioseo_notices":[],"yoast_head":"<!-- This site is optimized with the Yoast SEO Premium plugin v24.9 (Yoast SEO v27.2) - https:\/\/yoast.com\/product\/yoast-seo-premium-wordpress\/ -->\n<title>Proyecto de ley permitir\u00e1 bajar costo del internet en sectores prioritarios - Ecuador | Noti-America.com<\/title>\n<meta name=\"robots\" content=\"index, follow, max-snippet:-1, max-image-preview:large, max-video-preview:-1\" \/>\n<link rel=\"canonical\" href=\"https:\/\/noti-america.com\/site\/ecuador\/2020\/11\/13\/proyecto-de-ley-permitira-bajar-costo-del-internet-en-sectores-prioritarios\/\" \/>\n<meta property=\"og:locale\" content=\"es_ES\" \/>\n<meta property=\"og:type\" content=\"article\" \/>\n<meta property=\"og:title\" content=\"Proyecto de ley permitir\u00e1 bajar costo del internet en sectores prioritarios\" \/>\n<meta property=\"og:description\" content=\"REDACCI\u00d3N NOTI-AM\u00c9RICA (ECUADOR).- Por Henry Ortiz. La idea es que las empresas proveedoras de internet implementen planes que disminuyan el precio de la conexi\u00f3n en todas las parroquias rurales del pa\u00eds y en el&#046;&#046;&#046;\" \/>\n<meta property=\"og:url\" content=\"https:\/\/noti-america.com\/site\/ecuador\/2020\/11\/13\/proyecto-de-ley-permitira-bajar-costo-del-internet-en-sectores-prioritarios\/\" \/>\n<meta property=\"og:site_name\" content=\"Ecuador | Noti-America.com\" \/>\n<meta property=\"article:published_time\" content=\"2020-11-13T16:41:23+00:00\" \/>\n<meta property=\"og:image\" content=\"https:\/\/noti-america.com\/site\/ecuador\/wp-content\/uploads\/sites\/18\/2020\/11\/13-NOV-proyecto_jc.jpg\" \/>\n\t<meta property=\"og:image:width\" content=\"420\" \/>\n\t<meta property=\"og:image:height\" content=\"255\" \/>\n\t<meta property=\"og:image:type\" content=\"image\/jpeg\" \/>\n<meta name=\"author\" content=\"Boris Moyano\" \/>\n<meta name=\"twitter:card\" content=\"summary_large_image\" \/>\n<meta name=\"twitter:creator\" content=\"@notiamerica\" \/>\n<meta name=\"twitter:site\" content=\"@notiamerica\" \/>\n<meta name=\"twitter:label1\" content=\"Escrito por\" \/>\n\t<meta name=\"twitter:data1\" content=\"Boris Moyano\" \/>\n\t<meta name=\"twitter:label2\" content=\"Tiempo estimado de lectura\" \/>\n\t<meta name=\"twitter:data2\" content=\"2 minutos\" \/>\n<script type=\"application\/ld+json\" class=\"yoast-schema-graph\">{\"@context\":\"https:\/\/schema.org\",\"@graph\":[{\"@type\":\"Article\",\"@id\":\"https:\/\/noti-america.com\/site\/ecuador\/2020\/11\/13\/proyecto-de-ley-permitira-bajar-costo-del-internet-en-sectores-prioritarios\/#article\",\"isPartOf\":{\"@id\":\"https:\/\/noti-america.com\/site\/ecuador\/2020\/11\/13\/proyecto-de-ley-permitira-bajar-costo-del-internet-en-sectores-prioritarios\/\"},\"author\":{\"name\":\"Boris Moyano\",\"@id\":\"https:\/\/noti-america.com\/site\/ecuador\/#\/schema\/person\/063740b70e1baad7ce400b3b8bd8b8e3\"},\"headline\":\"Proyecto de ley permitir\u00e1 bajar costo del internet en sectores prioritarios\",\"datePublished\":\"2020-11-13T16:41:23+00:00\",\"mainEntityOfPage\":{\"@id\":\"https:\/\/noti-america.com\/site\/ecuador\/2020\/11\/13\/proyecto-de-ley-permitira-bajar-costo-del-internet-en-sectores-prioritarios\/\"},\"wordCount\":444,\"commentCount\":0,\"publisher\":{\"@id\":\"https:\/\/noti-america.com\/site\/ecuador\/#organization\"},\"image\":{\"@id\":\"https:\/\/noti-america.com\/site\/ecuador\/2020\/11\/13\/proyecto-de-ley-permitira-bajar-costo-del-internet-en-sectores-prioritarios\/#primaryimage\"},\"thumbnailUrl\":\"https:\/\/noti-america.com\/site\/ecuador\/wp-content\/uploads\/sites\/18\/2020\/11\/13-NOV-proyecto_jc.jpg\",\"articleSection\":[\"Uncategorized\"],\"inLanguage\":\"es\",\"potentialAction\":[{\"@type\":\"CommentAction\",\"name\":\"Comment\",\"target\":[\"https:\/\/noti-america.com\/site\/ecuador\/2020\/11\/13\/proyecto-de-ley-permitira-bajar-costo-del-internet-en-sectores-prioritarios\/#respond\"]}]},{\"@type\":\"WebPage\",\"@id\":\"https:\/\/noti-america.com\/site\/ecuador\/2020\/11\/13\/proyecto-de-ley-permitira-bajar-costo-del-internet-en-sectores-prioritarios\/\",\"url\":\"https:\/\/noti-america.com\/site\/ecuador\/2020\/11\/13\/proyecto-de-ley-permitira-bajar-costo-del-internet-en-sectores-prioritarios\/\",\"name\":\"Proyecto de ley permitir\u00e1 bajar costo del internet en sectores prioritarios - Ecuador | Noti-America.com\",\"isPartOf\":{\"@id\":\"https:\/\/noti-america.com\/site\/ecuador\/#website\"},\"primaryImageOfPage\":{\"@id\":\"https:\/\/noti-america.com\/site\/ecuador\/2020\/11\/13\/proyecto-de-ley-permitira-bajar-costo-del-internet-en-sectores-prioritarios\/#primaryimage\"},\"image\":{\"@id\":\"https:\/\/noti-america.com\/site\/ecuador\/2020\/11\/13\/proyecto-de-ley-permitira-bajar-costo-del-internet-en-sectores-prioritarios\/#primaryimage\"},\"thumbnailUrl\":\"https:\/\/noti-america.com\/site\/ecuador\/wp-content\/uploads\/sites\/18\/2020\/11\/13-NOV-proyecto_jc.jpg\",\"datePublished\":\"2020-11-13T16:41:23+00:00\",\"breadcrumb\":{\"@id\":\"https:\/\/noti-america.com\/site\/ecuador\/2020\/11\/13\/proyecto-de-ley-permitira-bajar-costo-del-internet-en-sectores-prioritarios\/#breadcrumb\"},\"inLanguage\":\"es\",\"potentialAction\":[{\"@type\":\"ReadAction\",\"target\":[\"https:\/\/noti-america.com\/site\/ecuador\/2020\/11\/13\/proyecto-de-ley-permitira-bajar-costo-del-internet-en-sectores-prioritarios\/\"]}]},{\"@type\":\"ImageObject\",\"inLanguage\":\"es\",\"@id\":\"https:\/\/noti-america.com\/site\/ecuador\/2020\/11\/13\/proyecto-de-ley-permitira-bajar-costo-del-internet-en-sectores-prioritarios\/#primaryimage\",\"url\":\"https:\/\/noti-america.com\/site\/ecuador\/wp-content\/uploads\/sites\/18\/2020\/11\/13-NOV-proyecto_jc.jpg\",\"contentUrl\":\"https:\/\/noti-america.com\/site\/ecuador\/wp-content\/uploads\/sites\/18\/2020\/11\/13-NOV-proyecto_jc.jpg\",\"width\":420,\"height\":255},{\"@type\":\"BreadcrumbList\",\"@id\":\"https:\/\/noti-america.com\/site\/ecuador\/2020\/11\/13\/proyecto-de-ley-permitira-bajar-costo-del-internet-en-sectores-prioritarios\/#breadcrumb\",\"itemListElement\":[{\"@type\":\"ListItem\",\"position\":1,\"name\":\"Portada\",\"item\":\"https:\/\/noti-america.com\/site\/ecuador\/\"},{\"@type\":\"ListItem\",\"position\":2,\"name\":\"Proyecto de ley permitir\u00e1 bajar costo del internet en sectores prioritarios\"}]},{\"@type\":\"WebSite\",\"@id\":\"https:\/\/noti-america.com\/site\/ecuador\/#website\",\"url\":\"https:\/\/noti-america.com\/site\/ecuador\/\",\"name\":\"Ecuador | Noti-America.com\",\"description\":\"\",\"publisher\":{\"@id\":\"https:\/\/noti-america.com\/site\/ecuador\/#organization\"},\"potentialAction\":[{\"@type\":\"SearchAction\",\"target\":{\"@type\":\"EntryPoint\",\"urlTemplate\":\"https:\/\/noti-america.com\/site\/ecuador\/?s={search_term_string}\"},\"query-input\":{\"@type\":\"PropertyValueSpecification\",\"valueRequired\":true,\"valueName\":\"search_term_string\"}}],\"inLanguage\":\"es\"},{\"@type\":\"Organization\",\"@id\":\"https:\/\/noti-america.com\/site\/ecuador\/#organization\",\"name\":\"Noti-America LLC | Ecuador\",\"url\":\"https:\/\/noti-america.com\/site\/ecuador\/\",\"logo\":{\"@type\":\"ImageObject\",\"inLanguage\":\"es\",\"@id\":\"https:\/\/noti-america.com\/site\/ecuador\/#\/schema\/logo\/image\/\",\"url\":\"https:\/\/noti-america.com\/site\/ecuador\/wp-content\/uploads\/sites\/18\/2020\/07\/LogoNA-4x3-1.jpg\",\"contentUrl\":\"https:\/\/noti-america.com\/site\/ecuador\/wp-content\/uploads\/sites\/18\/2020\/07\/LogoNA-4x3-1.jpg\",\"width\":1236,\"height\":1080,\"caption\":\"Noti-America LLC | Ecuador\"},\"image\":{\"@id\":\"https:\/\/noti-america.com\/site\/ecuador\/#\/schema\/logo\/image\/\"},\"sameAs\":[\"https:\/\/x.com\/notiamerica\"]},{\"@type\":\"Person\",\"@id\":\"https:\/\/noti-america.com\/site\/ecuador\/#\/schema\/person\/063740b70e1baad7ce400b3b8bd8b8e3\",\"name\":\"Boris Moyano\",\"image\":{\"@type\":\"ImageObject\",\"inLanguage\":\"es\",\"@id\":\"https:\/\/secure.gravatar.com\/avatar\/1635fd8d206bae736e855dfe91602736d1ea92af1a7f3fa7f62c848f245a1404?s=96&d=mm&r=g\",\"url\":\"https:\/\/secure.gravatar.com\/avatar\/1635fd8d206bae736e855dfe91602736d1ea92af1a7f3fa7f62c848f245a1404?s=96&d=mm&r=g\",\"contentUrl\":\"https:\/\/secure.gravatar.com\/avatar\/1635fd8d206bae736e855dfe91602736d1ea92af1a7f3fa7f62c848f245a1404?s=96&d=mm&r=g\",\"caption\":\"Boris Moyano\"},\"url\":\"https:\/\/noti-america.com\/site\/ecuador\/author\/bmoyano\/\"}]}<\/script>\n<!-- \/ Yoast SEO Premium plugin. -->","yoast_head_json":{"title":"Proyecto de ley permitir\u00e1 bajar costo del internet en sectores prioritarios - Ecuador | Noti-America.com","robots":{"index":"index","follow":"follow","max-snippet":"max-snippet:-1","max-image-preview":"max-image-preview:large","max-video-preview":"max-video-preview:-1"},"canonical":"https:\/\/noti-america.com\/site\/ecuador\/2020\/11\/13\/proyecto-de-ley-permitira-bajar-costo-del-internet-en-sectores-prioritarios\/","og_locale":"es_ES","og_type":"article","og_title":"Proyecto de ley permitir\u00e1 bajar costo del internet en sectores prioritarios","og_description":"REDACCI\u00d3N NOTI-AM\u00c9RICA (ECUADOR).- Por Henry Ortiz. La idea es que las empresas proveedoras de internet implementen planes que disminuyan el precio de la conexi\u00f3n en todas las parroquias rurales del pa\u00eds y en el&#46;&#46;&#46;","og_url":"https:\/\/noti-america.com\/site\/ecuador\/2020\/11\/13\/proyecto-de-ley-permitira-bajar-costo-del-internet-en-sectores-prioritarios\/","og_site_name":"Ecuador | Noti-America.com","article_published_time":"2020-11-13T16:41:23+00:00","og_image":[{"width":420,"height":255,"url":"https:\/\/noti-america.com\/site\/ecuador\/wp-content\/uploads\/sites\/18\/2020\/11\/13-NOV-proyecto_jc.jpg","type":"image\/jpeg"}],"author":"Boris Moyano","twitter_card":"summary_large_image","twitter_creator":"@notiamerica","twitter_site":"@notiamerica","twitter_misc":{"Escrito por":"Boris Moyano","Tiempo estimado de lectura":"2 minutos"},"schema":{"@context":"https:\/\/schema.org","@graph":[{"@type":"Article","@id":"https:\/\/noti-america.com\/site\/ecuador\/2020\/11\/13\/proyecto-de-ley-permitira-bajar-costo-del-internet-en-sectores-prioritarios\/#article","isPartOf":{"@id":"https:\/\/noti-america.com\/site\/ecuador\/2020\/11\/13\/proyecto-de-ley-permitira-bajar-costo-del-internet-en-sectores-prioritarios\/"},"author":{"name":"Boris Moyano","@id":"https:\/\/noti-america.com\/site\/ecuador\/#\/schema\/person\/063740b70e1baad7ce400b3b8bd8b8e3"},"headline":"Proyecto de ley permitir\u00e1 bajar costo del internet en sectores prioritarios","datePublished":"2020-11-13T16:41:23+00:00","mainEntityOfPage":{"@id":"https:\/\/noti-america.com\/site\/ecuador\/2020\/11\/13\/proyecto-de-ley-permitira-bajar-costo-del-internet-en-sectores-prioritarios\/"},"wordCount":444,"commentCount":0,"publisher":{"@id":"https:\/\/noti-america.com\/site\/ecuador\/#organization"},"image":{"@id":"https:\/\/noti-america.com\/site\/ecuador\/2020\/11\/13\/proyecto-de-ley-permitira-bajar-costo-del-internet-en-sectores-prioritarios\/#primaryimage"},"thumbnailUrl":"https:\/\/noti-america.com\/site\/ecuador\/wp-content\/uploads\/sites\/18\/2020\/11\/13-NOV-proyecto_jc.jpg","articleSection":["Uncategorized"],"inLanguage":"es","potentialAction":[{"@type":"CommentAction","name":"Comment","target":["https:\/\/noti-america.com\/site\/ecuador\/2020\/11\/13\/proyecto-de-ley-permitira-bajar-costo-del-internet-en-sectores-prioritarios\/#respond"]}]},{"@type":"WebPage","@id":"https:\/\/noti-america.com\/site\/ecuador\/2020\/11\/13\/proyecto-de-ley-permitira-bajar-costo-del-internet-en-sectores-prioritarios\/","url":"https:\/\/noti-america.com\/site\/ecuador\/2020\/11\/13\/proyecto-de-ley-permitira-bajar-costo-del-internet-en-sectores-prioritarios\/","name":"Proyecto de ley permitir\u00e1 bajar costo del internet en sectores prioritarios - Ecuador | Noti-America.com","isPartOf":{"@id":"https:\/\/noti-america.com\/site\/ecuador\/#website"},"primaryImageOfPage":{"@id":"https:\/\/noti-america.com\/site\/ecuador\/2020\/11\/13\/proyecto-de-ley-permitira-bajar-costo-del-internet-en-sectores-prioritarios\/#primaryimage"},"image":{"@id":"https:\/\/noti-america.com\/site\/ecuador\/2020\/11\/13\/proyecto-de-ley-permitira-bajar-costo-del-internet-en-sectores-prioritarios\/#primaryimage"},"thumbnailUrl":"https:\/\/noti-america.com\/site\/ecuador\/wp-content\/uploads\/sites\/18\/2020\/11\/13-NOV-proyecto_jc.jpg","datePublished":"2020-11-13T16:41:23+00:00","breadcrumb":{"@id":"https:\/\/noti-america.com\/site\/ecuador\/2020\/11\/13\/proyecto-de-ley-permitira-bajar-costo-del-internet-en-sectores-prioritarios\/#breadcrumb"},"inLanguage":"es","potentialAction":[{"@type":"ReadAction","target":["https:\/\/noti-america.com\/site\/ecuador\/2020\/11\/13\/proyecto-de-ley-permitira-bajar-costo-del-internet-en-sectores-prioritarios\/"]}]},{"@type":"ImageObject","inLanguage":"es","@id":"https:\/\/noti-america.com\/site\/ecuador\/2020\/11\/13\/proyecto-de-ley-permitira-bajar-costo-del-internet-en-sectores-prioritarios\/#primaryimage","url":"https:\/\/noti-america.com\/site\/ecuador\/wp-content\/uploads\/sites\/18\/2020\/11\/13-NOV-proyecto_jc.jpg","contentUrl":"https:\/\/noti-america.com\/site\/ecuador\/wp-content\/uploads\/sites\/18\/2020\/11\/13-NOV-proyecto_jc.jpg","width":420,"height":255},{"@type":"BreadcrumbList","@id":"https:\/\/noti-america.com\/site\/ecuador\/2020\/11\/13\/proyecto-de-ley-permitira-bajar-costo-del-internet-en-sectores-prioritarios\/#breadcrumb","itemListElement":[{"@type":"ListItem","position":1,"name":"Portada","item":"https:\/\/noti-america.com\/site\/ecuador\/"},{"@type":"ListItem","position":2,"name":"Proyecto de ley permitir\u00e1 bajar costo del internet en sectores prioritarios"}]},{"@type":"WebSite","@id":"https:\/\/noti-america.com\/site\/ecuador\/#website","url":"https:\/\/noti-america.com\/site\/ecuador\/","name":"Ecuador | Noti-America.com","description":"","publisher":{"@id":"https:\/\/noti-america.com\/site\/ecuador\/#organization"},"potentialAction":[{"@type":"SearchAction","target":{"@type":"EntryPoint","urlTemplate":"https:\/\/noti-america.com\/site\/ecuador\/?s={search_term_string}"},"query-input":{"@type":"PropertyValueSpecification","valueRequired":true,"valueName":"search_term_string"}}],"inLanguage":"es"},{"@type":"Organization","@id":"https:\/\/noti-america.com\/site\/ecuador\/#organization","name":"Noti-America LLC | Ecuador","url":"https:\/\/noti-america.com\/site\/ecuador\/","logo":{"@type":"ImageObject","inLanguage":"es","@id":"https:\/\/noti-america.com\/site\/ecuador\/#\/schema\/logo\/image\/","url":"https:\/\/noti-america.com\/site\/ecuador\/wp-content\/uploads\/sites\/18\/2020\/07\/LogoNA-4x3-1.jpg","contentUrl":"https:\/\/noti-america.com\/site\/ecuador\/wp-content\/uploads\/sites\/18\/2020\/07\/LogoNA-4x3-1.jpg","width":1236,"height":1080,"caption":"Noti-America LLC | Ecuador"},"image":{"@id":"https:\/\/noti-america.com\/site\/ecuador\/#\/schema\/logo\/image\/"},"sameAs":["https:\/\/x.com\/notiamerica"]},{"@type":"Person","@id":"https:\/\/noti-america.com\/site\/ecuador\/#\/schema\/person\/063740b70e1baad7ce400b3b8bd8b8e3","name":"Boris Moyano","image":{"@type":"ImageObject","inLanguage":"es","@id":"https:\/\/secure.gravatar.com\/avatar\/1635fd8d206bae736e855dfe91602736d1ea92af1a7f3fa7f62c848f245a1404?s=96&d=mm&r=g","url":"https:\/\/secure.gravatar.com\/avatar\/1635fd8d206bae736e855dfe91602736d1ea92af1a7f3fa7f62c848f245a1404?s=96&d=mm&r=g","contentUrl":"https:\/\/secure.gravatar.com\/avatar\/1635fd8d206bae736e855dfe91602736d1ea92af1a7f3fa7f62c848f245a1404?s=96&d=mm&r=g","caption":"Boris Moyano"},"url":"https:\/\/noti-america.com\/site\/ecuador\/author\/bmoyano\/"}]}},"_links":{"self":[{"href":"https:\/\/noti-america.com\/site\/ecuador\/wp-json\/wp\/v2\/posts\/11799","targetHints":{"allow":["GET"]}}],"collection":[{"href":"https:\/\/noti-america.com\/site\/ecuador\/wp-json\/wp\/v2\/posts"}],"about":[{"href":"https:\/\/noti-america.com\/site\/ecuador\/wp-json\/wp\/v2\/types\/post"}],"author":[{"embeddable":true,"href":"https:\/\/noti-america.com\/site\/ecuador\/wp-json\/wp\/v2\/users\/81"}],"replies":[{"embeddable":true,"href":"https:\/\/noti-america.com\/site\/ecuador\/wp-json\/wp\/v2\/comments?post=11799"}],"version-history":[{"count":1,"href":"https:\/\/noti-america.com\/site\/ecuador\/wp-json\/wp\/v2\/posts\/11799\/revisions"}],"predecessor-version":[{"id":11802,"href":"https:\/\/noti-america.com\/site\/ecuador\/wp-json\/wp\/v2\/posts\/11799\/revisions\/11802"}],"wp:featuredmedia":[{"embeddable":true,"href":"https:\/\/noti-america.com\/site\/ecuador\/wp-json\/wp\/v2\/media\/11801"}],"wp:attachment":[{"href":"https:\/\/noti-america.com\/site\/ecuador\/wp-json\/wp\/v2\/media?parent=11799"}],"wp:term":[{"taxonomy":"category","embeddable":true,"href":"https:\/\/noti-america.com\/site\/ecuador\/wp-json\/wp\/v2\/categories?post=11799"},{"taxonomy":"post_tag","embeddable":true,"href":"https:\/\/noti-america.com\/site\/ecuador\/wp-json\/wp\/v2\/tags?post=11799"}],"curies":[{"name":"wp","href":"https:\/\/api.w.org\/{rel}","templated":true}]}}