{"id":11744,"date":"2020-11-10T13:56:21","date_gmt":"2020-11-10T13:56:21","guid":{"rendered":"https:\/\/noti-america.com\/site\/ecuador\/?p=11744"},"modified":"2020-11-10T13:56:21","modified_gmt":"2020-11-10T13:56:21","slug":"el-morro-celebro-sus-165-anos-de-parroquializacion","status":"publish","type":"post","link":"https:\/\/noti-america.com\/site\/ecuador\/2020\/11\/10\/el-morro-celebro-sus-165-anos-de-parroquializacion\/","title":{"rendered":"El Morro celebr\u00f3 sus 165 a\u00f1os de parroquializaci\u00f3n"},"content":{"rendered":"<p><strong>REDACCI\u00d3N NOTI-AM\u00c9RICA (ECUADOR).-<\/strong><\/p>\n<div id=\"attachment_11745\" style=\"width: 687px\" class=\"wp-caption aligncenter\"><img loading=\"lazy\" decoding=\"async\" aria-describedby=\"caption-attachment-11745\" class=\"wp-image-11745\" src=\"https:\/\/noti-america.com\/site\/ecuador\/wp-content\/uploads\/sites\/18\/2020\/11\/10-nov-3c55c99b-f181-44ee-a955-cba52d591d7c-300x200.jpg\" alt=\"\" width=\"677\" height=\"451\" srcset=\"https:\/\/noti-america.com\/site\/ecuador\/wp-content\/uploads\/sites\/18\/2020\/11\/10-nov-3c55c99b-f181-44ee-a955-cba52d591d7c-300x200.jpg 300w, https:\/\/noti-america.com\/site\/ecuador\/wp-content\/uploads\/sites\/18\/2020\/11\/10-nov-3c55c99b-f181-44ee-a955-cba52d591d7c-1024x682.jpg 1024w, https:\/\/noti-america.com\/site\/ecuador\/wp-content\/uploads\/sites\/18\/2020\/11\/10-nov-3c55c99b-f181-44ee-a955-cba52d591d7c-768x512.jpg 768w, https:\/\/noti-america.com\/site\/ecuador\/wp-content\/uploads\/sites\/18\/2020\/11\/10-nov-3c55c99b-f181-44ee-a955-cba52d591d7c-272x182.jpg 272w, https:\/\/noti-america.com\/site\/ecuador\/wp-content\/uploads\/sites\/18\/2020\/11\/10-nov-3c55c99b-f181-44ee-a955-cba52d591d7c.jpg 1280w\" sizes=\"auto, (max-width: 677px) 100vw, 677px\" \/><p id=\"caption-attachment-11745\" class=\"wp-caption-text\">Varios actos se desarrollaron en esta localidad.<\/p><\/div>\n<p style=\"text-align: justify\"><strong>Por Henry Ortiz.<\/strong> Los 165 a\u00f1os de parroquializaci\u00f3n de El Morro, perteneciente al cant\u00f3n Guayaquil, fueron celebrados con una sesi\u00f3n solemne bajo estrictas\u00a0 medidas de bioseguridad.<\/p>\n<p style=\"text-align: justify\">En el acto particip\u00f3 el presidente del GAD Parroquial El Morro, William Consuegra, la presidenta de Conagopare, Yilda Rivera, Presidentes de los Gobiernos Parroquiales de la provincia del Guayas, entre otras autoridades e invitados.<\/p>\n<p style=\"text-align: justify\">Puerto el Morro oferta atracciones tur\u00edsticas como son: los manglares, el estero de los delfines, la Isla de los P\u00e1jaros, con m\u00e1s de 38 especies de aves; adem\u00e1s, es un punto de referencia de la \u00abRuta del Pescador\u00bb de la provincia del Guayas.<\/p>\n<p style=\"text-align: justify\">En el evento hubo un reconocimiento especial para funcionarios y representantes de la comunidad que tuvieron una importante participaci\u00f3n durante los meses m\u00e1s duros de la pandemia.<\/p>\n<p style=\"text-align: justify\">En su intervenci\u00f3n, la presidenta de Conagopare Nacional, Yilda Rivera resalt\u00f3 la gesti\u00f3n que realizan los presidentes de cada uno de los GAD Parroquiales Rurales de Ecuador, que pese a sus limitaciones econ\u00f3micas han gestionado obras y servicios en beneficio de los ciudadanos.<\/p>\n<p style=\"text-align: justify\">\n","protected":false},"excerpt":{"rendered":"<p>REDACCI\u00d3N NOTI-AM\u00c9RICA (ECUADOR).- Por Henry Ortiz. Los 165 a\u00f1os de parroquializaci\u00f3n de El Morro, perteneciente al cant\u00f3n Guayaquil, fueron celebrados con una sesi\u00f3n solemne bajo estrictas\u00a0 medidas de bioseguridad. En el acto particip\u00f3 el&#46;&#46;&#46;<\/p>\n","protected":false},"author":81,"featured_media":11745,"comment_status":"open","ping_status":"open","sticky":false,"template":"","format":"standard","meta":{"_acf_changed":false,"om_disable_all_campaigns":false,"rop_custom_images_group":[],"rop_custom_messages_group":[],"rop_publish_now":"initial","rop_publish_now_accounts":{"twitter_242054905_242054905":""},"rop_publish_now_history":[],"rop_publish_now_status":"pending","_uf_show_specific_survey":0,"_uf_disable_surveys":false,"footnotes":""},"categories":[42],"tags":[],"class_list":["post-11744","post","type-post","status-publish","format-standard","has-post-thumbnail","hentry","category-noticias"],"acf":[],"aioseo_notices":[],"yoast_head":"<!-- This site is optimized with the Yoast SEO Premium plugin v24.9 (Yoast SEO v27.2) - https:\/\/yoast.com\/product\/yoast-seo-premium-wordpress\/ -->\n<title>El Morro celebr\u00f3 sus 165 a\u00f1os de parroquializaci\u00f3n - Ecuador | Noti-America.com<\/title>\n<meta name=\"robots\" content=\"index, follow, max-snippet:-1, max-image-preview:large, max-video-preview:-1\" \/>\n<link rel=\"canonical\" href=\"https:\/\/noti-america.com\/site\/ecuador\/2020\/11\/10\/el-morro-celebro-sus-165-anos-de-parroquializacion\/\" \/>\n<meta property=\"og:locale\" content=\"es_ES\" \/>\n<meta property=\"og:type\" content=\"article\" \/>\n<meta property=\"og:title\" content=\"El Morro celebr\u00f3 sus 165 a\u00f1os de parroquializaci\u00f3n\" \/>\n<meta property=\"og:description\" content=\"REDACCI\u00d3N NOTI-AM\u00c9RICA (ECUADOR).- Por Henry Ortiz. Los 165 a\u00f1os de parroquializaci\u00f3n de El Morro, perteneciente al cant\u00f3n Guayaquil, fueron celebrados con una sesi\u00f3n solemne bajo estrictas\u00a0 medidas de bioseguridad. En el acto particip\u00f3 el&#046;&#046;&#046;\" \/>\n<meta property=\"og:url\" content=\"https:\/\/noti-america.com\/site\/ecuador\/2020\/11\/10\/el-morro-celebro-sus-165-anos-de-parroquializacion\/\" \/>\n<meta property=\"og:site_name\" content=\"Ecuador | Noti-America.com\" \/>\n<meta property=\"article:published_time\" content=\"2020-11-10T13:56:21+00:00\" \/>\n<meta property=\"og:image\" content=\"https:\/\/noti-america.com\/site\/ecuador\/wp-content\/uploads\/sites\/18\/2020\/11\/10-nov-3c55c99b-f181-44ee-a955-cba52d591d7c.jpg\" \/>\n\t<meta property=\"og:image:width\" content=\"1280\" \/>\n\t<meta property=\"og:image:height\" content=\"853\" \/>\n\t<meta property=\"og:image:type\" content=\"image\/jpeg\" \/>\n<meta name=\"author\" content=\"Boris Moyano\" \/>\n<meta name=\"twitter:card\" content=\"summary_large_image\" \/>\n<meta name=\"twitter:creator\" content=\"@notiamerica\" \/>\n<meta name=\"twitter:site\" content=\"@notiamerica\" \/>\n<meta name=\"twitter:label1\" content=\"Escrito por\" \/>\n\t<meta name=\"twitter:data1\" content=\"Boris Moyano\" \/>\n\t<meta name=\"twitter:label2\" content=\"Tiempo estimado de lectura\" \/>\n\t<meta name=\"twitter:data2\" content=\"1 minuto\" \/>\n<script type=\"application\/ld+json\" class=\"yoast-schema-graph\">{\"@context\":\"https:\/\/schema.org\",\"@graph\":[{\"@type\":\"Article\",\"@id\":\"https:\/\/noti-america.com\/site\/ecuador\/2020\/11\/10\/el-morro-celebro-sus-165-anos-de-parroquializacion\/#article\",\"isPartOf\":{\"@id\":\"https:\/\/noti-america.com\/site\/ecuador\/2020\/11\/10\/el-morro-celebro-sus-165-anos-de-parroquializacion\/\"},\"author\":{\"name\":\"Boris Moyano\",\"@id\":\"https:\/\/noti-america.com\/site\/ecuador\/#\/schema\/person\/063740b70e1baad7ce400b3b8bd8b8e3\"},\"headline\":\"El Morro celebr\u00f3 sus 165 a\u00f1os de parroquializaci\u00f3n\",\"datePublished\":\"2020-11-10T13:56:21+00:00\",\"mainEntityOfPage\":{\"@id\":\"https:\/\/noti-america.com\/site\/ecuador\/2020\/11\/10\/el-morro-celebro-sus-165-anos-de-parroquializacion\/\"},\"wordCount\":213,\"commentCount\":0,\"publisher\":{\"@id\":\"https:\/\/noti-america.com\/site\/ecuador\/#organization\"},\"image\":{\"@id\":\"https:\/\/noti-america.com\/site\/ecuador\/2020\/11\/10\/el-morro-celebro-sus-165-anos-de-parroquializacion\/#primaryimage\"},\"thumbnailUrl\":\"https:\/\/noti-america.com\/site\/ecuador\/wp-content\/uploads\/sites\/18\/2020\/11\/10-nov-3c55c99b-f181-44ee-a955-cba52d591d7c.jpg\",\"articleSection\":[\"Noticias\"],\"inLanguage\":\"es\",\"potentialAction\":[{\"@type\":\"CommentAction\",\"name\":\"Comment\",\"target\":[\"https:\/\/noti-america.com\/site\/ecuador\/2020\/11\/10\/el-morro-celebro-sus-165-anos-de-parroquializacion\/#respond\"]}]},{\"@type\":\"WebPage\",\"@id\":\"https:\/\/noti-america.com\/site\/ecuador\/2020\/11\/10\/el-morro-celebro-sus-165-anos-de-parroquializacion\/\",\"url\":\"https:\/\/noti-america.com\/site\/ecuador\/2020\/11\/10\/el-morro-celebro-sus-165-anos-de-parroquializacion\/\",\"name\":\"El Morro celebr\u00f3 sus 165 a\u00f1os de parroquializaci\u00f3n - Ecuador | Noti-America.com\",\"isPartOf\":{\"@id\":\"https:\/\/noti-america.com\/site\/ecuador\/#website\"},\"primaryImageOfPage\":{\"@id\":\"https:\/\/noti-america.com\/site\/ecuador\/2020\/11\/10\/el-morro-celebro-sus-165-anos-de-parroquializacion\/#primaryimage\"},\"image\":{\"@id\":\"https:\/\/noti-america.com\/site\/ecuador\/2020\/11\/10\/el-morro-celebro-sus-165-anos-de-parroquializacion\/#primaryimage\"},\"thumbnailUrl\":\"https:\/\/noti-america.com\/site\/ecuador\/wp-content\/uploads\/sites\/18\/2020\/11\/10-nov-3c55c99b-f181-44ee-a955-cba52d591d7c.jpg\",\"datePublished\":\"2020-11-10T13:56:21+00:00\",\"breadcrumb\":{\"@id\":\"https:\/\/noti-america.com\/site\/ecuador\/2020\/11\/10\/el-morro-celebro-sus-165-anos-de-parroquializacion\/#breadcrumb\"},\"inLanguage\":\"es\",\"potentialAction\":[{\"@type\":\"ReadAction\",\"target\":[\"https:\/\/noti-america.com\/site\/ecuador\/2020\/11\/10\/el-morro-celebro-sus-165-anos-de-parroquializacion\/\"]}]},{\"@type\":\"ImageObject\",\"inLanguage\":\"es\",\"@id\":\"https:\/\/noti-america.com\/site\/ecuador\/2020\/11\/10\/el-morro-celebro-sus-165-anos-de-parroquializacion\/#primaryimage\",\"url\":\"https:\/\/noti-america.com\/site\/ecuador\/wp-content\/uploads\/sites\/18\/2020\/11\/10-nov-3c55c99b-f181-44ee-a955-cba52d591d7c.jpg\",\"contentUrl\":\"https:\/\/noti-america.com\/site\/ecuador\/wp-content\/uploads\/sites\/18\/2020\/11\/10-nov-3c55c99b-f181-44ee-a955-cba52d591d7c.jpg\",\"width\":1280,\"height\":853},{\"@type\":\"BreadcrumbList\",\"@id\":\"https:\/\/noti-america.com\/site\/ecuador\/2020\/11\/10\/el-morro-celebro-sus-165-anos-de-parroquializacion\/#breadcrumb\",\"itemListElement\":[{\"@type\":\"ListItem\",\"position\":1,\"name\":\"Portada\",\"item\":\"https:\/\/noti-america.com\/site\/ecuador\/\"},{\"@type\":\"ListItem\",\"position\":2,\"name\":\"El Morro celebr\u00f3 sus 165 a\u00f1os de parroquializaci\u00f3n\"}]},{\"@type\":\"WebSite\",\"@id\":\"https:\/\/noti-america.com\/site\/ecuador\/#website\",\"url\":\"https:\/\/noti-america.com\/site\/ecuador\/\",\"name\":\"Ecuador | Noti-America.com\",\"description\":\"\",\"publisher\":{\"@id\":\"https:\/\/noti-america.com\/site\/ecuador\/#organization\"},\"potentialAction\":[{\"@type\":\"SearchAction\",\"target\":{\"@type\":\"EntryPoint\",\"urlTemplate\":\"https:\/\/noti-america.com\/site\/ecuador\/?s={search_term_string}\"},\"query-input\":{\"@type\":\"PropertyValueSpecification\",\"valueRequired\":true,\"valueName\":\"search_term_string\"}}],\"inLanguage\":\"es\"},{\"@type\":\"Organization\",\"@id\":\"https:\/\/noti-america.com\/site\/ecuador\/#organization\",\"name\":\"Noti-America LLC | Ecuador\",\"url\":\"https:\/\/noti-america.com\/site\/ecuador\/\",\"logo\":{\"@type\":\"ImageObject\",\"inLanguage\":\"es\",\"@id\":\"https:\/\/noti-america.com\/site\/ecuador\/#\/schema\/logo\/image\/\",\"url\":\"https:\/\/noti-america.com\/site\/ecuador\/wp-content\/uploads\/sites\/18\/2020\/07\/LogoNA-4x3-1.jpg\",\"contentUrl\":\"https:\/\/noti-america.com\/site\/ecuador\/wp-content\/uploads\/sites\/18\/2020\/07\/LogoNA-4x3-1.jpg\",\"width\":1236,\"height\":1080,\"caption\":\"Noti-America LLC | Ecuador\"},\"image\":{\"@id\":\"https:\/\/noti-america.com\/site\/ecuador\/#\/schema\/logo\/image\/\"},\"sameAs\":[\"https:\/\/x.com\/notiamerica\"]},{\"@type\":\"Person\",\"@id\":\"https:\/\/noti-america.com\/site\/ecuador\/#\/schema\/person\/063740b70e1baad7ce400b3b8bd8b8e3\",\"name\":\"Boris Moyano\",\"image\":{\"@type\":\"ImageObject\",\"inLanguage\":\"es\",\"@id\":\"https:\/\/secure.gravatar.com\/avatar\/1635fd8d206bae736e855dfe91602736d1ea92af1a7f3fa7f62c848f245a1404?s=96&d=mm&r=g\",\"url\":\"https:\/\/secure.gravatar.com\/avatar\/1635fd8d206bae736e855dfe91602736d1ea92af1a7f3fa7f62c848f245a1404?s=96&d=mm&r=g\",\"contentUrl\":\"https:\/\/secure.gravatar.com\/avatar\/1635fd8d206bae736e855dfe91602736d1ea92af1a7f3fa7f62c848f245a1404?s=96&d=mm&r=g\",\"caption\":\"Boris Moyano\"},\"url\":\"https:\/\/noti-america.com\/site\/ecuador\/author\/bmoyano\/\"}]}<\/script>\n<!-- \/ Yoast SEO Premium plugin. -->","yoast_head_json":{"title":"El Morro celebr\u00f3 sus 165 a\u00f1os de parroquializaci\u00f3n - Ecuador | Noti-America.com","robots":{"index":"index","follow":"follow","max-snippet":"max-snippet:-1","max-image-preview":"max-image-preview:large","max-video-preview":"max-video-preview:-1"},"canonical":"https:\/\/noti-america.com\/site\/ecuador\/2020\/11\/10\/el-morro-celebro-sus-165-anos-de-parroquializacion\/","og_locale":"es_ES","og_type":"article","og_title":"El Morro celebr\u00f3 sus 165 a\u00f1os de parroquializaci\u00f3n","og_description":"REDACCI\u00d3N NOTI-AM\u00c9RICA (ECUADOR).- Por Henry Ortiz. Los 165 a\u00f1os de parroquializaci\u00f3n de El Morro, perteneciente al cant\u00f3n Guayaquil, fueron celebrados con una sesi\u00f3n solemne bajo estrictas\u00a0 medidas de bioseguridad. En el acto particip\u00f3 el&#46;&#46;&#46;","og_url":"https:\/\/noti-america.com\/site\/ecuador\/2020\/11\/10\/el-morro-celebro-sus-165-anos-de-parroquializacion\/","og_site_name":"Ecuador | Noti-America.com","article_published_time":"2020-11-10T13:56:21+00:00","og_image":[{"width":1280,"height":853,"url":"https:\/\/noti-america.com\/site\/ecuador\/wp-content\/uploads\/sites\/18\/2020\/11\/10-nov-3c55c99b-f181-44ee-a955-cba52d591d7c.jpg","type":"image\/jpeg"}],"author":"Boris Moyano","twitter_card":"summary_large_image","twitter_creator":"@notiamerica","twitter_site":"@notiamerica","twitter_misc":{"Escrito por":"Boris Moyano","Tiempo estimado de lectura":"1 minuto"},"schema":{"@context":"https:\/\/schema.org","@graph":[{"@type":"Article","@id":"https:\/\/noti-america.com\/site\/ecuador\/2020\/11\/10\/el-morro-celebro-sus-165-anos-de-parroquializacion\/#article","isPartOf":{"@id":"https:\/\/noti-america.com\/site\/ecuador\/2020\/11\/10\/el-morro-celebro-sus-165-anos-de-parroquializacion\/"},"author":{"name":"Boris Moyano","@id":"https:\/\/noti-america.com\/site\/ecuador\/#\/schema\/person\/063740b70e1baad7ce400b3b8bd8b8e3"},"headline":"El Morro celebr\u00f3 sus 165 a\u00f1os de parroquializaci\u00f3n","datePublished":"2020-11-10T13:56:21+00:00","mainEntityOfPage":{"@id":"https:\/\/noti-america.com\/site\/ecuador\/2020\/11\/10\/el-morro-celebro-sus-165-anos-de-parroquializacion\/"},"wordCount":213,"commentCount":0,"publisher":{"@id":"https:\/\/noti-america.com\/site\/ecuador\/#organization"},"image":{"@id":"https:\/\/noti-america.com\/site\/ecuador\/2020\/11\/10\/el-morro-celebro-sus-165-anos-de-parroquializacion\/#primaryimage"},"thumbnailUrl":"https:\/\/noti-america.com\/site\/ecuador\/wp-content\/uploads\/sites\/18\/2020\/11\/10-nov-3c55c99b-f181-44ee-a955-cba52d591d7c.jpg","articleSection":["Noticias"],"inLanguage":"es","potentialAction":[{"@type":"CommentAction","name":"Comment","target":["https:\/\/noti-america.com\/site\/ecuador\/2020\/11\/10\/el-morro-celebro-sus-165-anos-de-parroquializacion\/#respond"]}]},{"@type":"WebPage","@id":"https:\/\/noti-america.com\/site\/ecuador\/2020\/11\/10\/el-morro-celebro-sus-165-anos-de-parroquializacion\/","url":"https:\/\/noti-america.com\/site\/ecuador\/2020\/11\/10\/el-morro-celebro-sus-165-anos-de-parroquializacion\/","name":"El Morro celebr\u00f3 sus 165 a\u00f1os de parroquializaci\u00f3n - Ecuador | Noti-America.com","isPartOf":{"@id":"https:\/\/noti-america.com\/site\/ecuador\/#website"},"primaryImageOfPage":{"@id":"https:\/\/noti-america.com\/site\/ecuador\/2020\/11\/10\/el-morro-celebro-sus-165-anos-de-parroquializacion\/#primaryimage"},"image":{"@id":"https:\/\/noti-america.com\/site\/ecuador\/2020\/11\/10\/el-morro-celebro-sus-165-anos-de-parroquializacion\/#primaryimage"},"thumbnailUrl":"https:\/\/noti-america.com\/site\/ecuador\/wp-content\/uploads\/sites\/18\/2020\/11\/10-nov-3c55c99b-f181-44ee-a955-cba52d591d7c.jpg","datePublished":"2020-11-10T13:56:21+00:00","breadcrumb":{"@id":"https:\/\/noti-america.com\/site\/ecuador\/2020\/11\/10\/el-morro-celebro-sus-165-anos-de-parroquializacion\/#breadcrumb"},"inLanguage":"es","potentialAction":[{"@type":"ReadAction","target":["https:\/\/noti-america.com\/site\/ecuador\/2020\/11\/10\/el-morro-celebro-sus-165-anos-de-parroquializacion\/"]}]},{"@type":"ImageObject","inLanguage":"es","@id":"https:\/\/noti-america.com\/site\/ecuador\/2020\/11\/10\/el-morro-celebro-sus-165-anos-de-parroquializacion\/#primaryimage","url":"https:\/\/noti-america.com\/site\/ecuador\/wp-content\/uploads\/sites\/18\/2020\/11\/10-nov-3c55c99b-f181-44ee-a955-cba52d591d7c.jpg","contentUrl":"https:\/\/noti-america.com\/site\/ecuador\/wp-content\/uploads\/sites\/18\/2020\/11\/10-nov-3c55c99b-f181-44ee-a955-cba52d591d7c.jpg","width":1280,"height":853},{"@type":"BreadcrumbList","@id":"https:\/\/noti-america.com\/site\/ecuador\/2020\/11\/10\/el-morro-celebro-sus-165-anos-de-parroquializacion\/#breadcrumb","itemListElement":[{"@type":"ListItem","position":1,"name":"Portada","item":"https:\/\/noti-america.com\/site\/ecuador\/"},{"@type":"ListItem","position":2,"name":"El Morro celebr\u00f3 sus 165 a\u00f1os de parroquializaci\u00f3n"}]},{"@type":"WebSite","@id":"https:\/\/noti-america.com\/site\/ecuador\/#website","url":"https:\/\/noti-america.com\/site\/ecuador\/","name":"Ecuador | Noti-America.com","description":"","publisher":{"@id":"https:\/\/noti-america.com\/site\/ecuador\/#organization"},"potentialAction":[{"@type":"SearchAction","target":{"@type":"EntryPoint","urlTemplate":"https:\/\/noti-america.com\/site\/ecuador\/?s={search_term_string}"},"query-input":{"@type":"PropertyValueSpecification","valueRequired":true,"valueName":"search_term_string"}}],"inLanguage":"es"},{"@type":"Organization","@id":"https:\/\/noti-america.com\/site\/ecuador\/#organization","name":"Noti-America LLC | Ecuador","url":"https:\/\/noti-america.com\/site\/ecuador\/","logo":{"@type":"ImageObject","inLanguage":"es","@id":"https:\/\/noti-america.com\/site\/ecuador\/#\/schema\/logo\/image\/","url":"https:\/\/noti-america.com\/site\/ecuador\/wp-content\/uploads\/sites\/18\/2020\/07\/LogoNA-4x3-1.jpg","contentUrl":"https:\/\/noti-america.com\/site\/ecuador\/wp-content\/uploads\/sites\/18\/2020\/07\/LogoNA-4x3-1.jpg","width":1236,"height":1080,"caption":"Noti-America LLC | Ecuador"},"image":{"@id":"https:\/\/noti-america.com\/site\/ecuador\/#\/schema\/logo\/image\/"},"sameAs":["https:\/\/x.com\/notiamerica"]},{"@type":"Person","@id":"https:\/\/noti-america.com\/site\/ecuador\/#\/schema\/person\/063740b70e1baad7ce400b3b8bd8b8e3","name":"Boris Moyano","image":{"@type":"ImageObject","inLanguage":"es","@id":"https:\/\/secure.gravatar.com\/avatar\/1635fd8d206bae736e855dfe91602736d1ea92af1a7f3fa7f62c848f245a1404?s=96&d=mm&r=g","url":"https:\/\/secure.gravatar.com\/avatar\/1635fd8d206bae736e855dfe91602736d1ea92af1a7f3fa7f62c848f245a1404?s=96&d=mm&r=g","contentUrl":"https:\/\/secure.gravatar.com\/avatar\/1635fd8d206bae736e855dfe91602736d1ea92af1a7f3fa7f62c848f245a1404?s=96&d=mm&r=g","caption":"Boris Moyano"},"url":"https:\/\/noti-america.com\/site\/ecuador\/author\/bmoyano\/"}]}},"_links":{"self":[{"href":"https:\/\/noti-america.com\/site\/ecuador\/wp-json\/wp\/v2\/posts\/11744","targetHints":{"allow":["GET"]}}],"collection":[{"href":"https:\/\/noti-america.com\/site\/ecuador\/wp-json\/wp\/v2\/posts"}],"about":[{"href":"https:\/\/noti-america.com\/site\/ecuador\/wp-json\/wp\/v2\/types\/post"}],"author":[{"embeddable":true,"href":"https:\/\/noti-america.com\/site\/ecuador\/wp-json\/wp\/v2\/users\/81"}],"replies":[{"embeddable":true,"href":"https:\/\/noti-america.com\/site\/ecuador\/wp-json\/wp\/v2\/comments?post=11744"}],"version-history":[{"count":1,"href":"https:\/\/noti-america.com\/site\/ecuador\/wp-json\/wp\/v2\/posts\/11744\/revisions"}],"predecessor-version":[{"id":11746,"href":"https:\/\/noti-america.com\/site\/ecuador\/wp-json\/wp\/v2\/posts\/11744\/revisions\/11746"}],"wp:featuredmedia":[{"embeddable":true,"href":"https:\/\/noti-america.com\/site\/ecuador\/wp-json\/wp\/v2\/media\/11745"}],"wp:attachment":[{"href":"https:\/\/noti-america.com\/site\/ecuador\/wp-json\/wp\/v2\/media?parent=11744"}],"wp:term":[{"taxonomy":"category","embeddable":true,"href":"https:\/\/noti-america.com\/site\/ecuador\/wp-json\/wp\/v2\/categories?post=11744"},{"taxonomy":"post_tag","embeddable":true,"href":"https:\/\/noti-america.com\/site\/ecuador\/wp-json\/wp\/v2\/tags?post=11744"}],"curies":[{"name":"wp","href":"https:\/\/api.w.org\/{rel}","templated":true}]}}