{"id":11738,"date":"2020-11-09T17:13:44","date_gmt":"2020-11-09T17:13:44","guid":{"rendered":"https:\/\/noti-america.com\/site\/ecuador\/?p=11738"},"modified":"2020-11-09T17:19:37","modified_gmt":"2020-11-09T17:19:37","slug":"ayuntamiento-de-samborondon-provee-de-bicicletas-para-incentivar-iniciativa","status":"publish","type":"post","link":"https:\/\/noti-america.com\/site\/ecuador\/2020\/11\/09\/ayuntamiento-de-samborondon-provee-de-bicicletas-para-incentivar-iniciativa\/","title":{"rendered":"Ayuntamiento de Samborond\u00f3n provee de bicicletas para incentivar la actividad"},"content":{"rendered":"<p><strong>REDACCI\u00d3N NOTI AM\u00c9RICA (ECUADOR).-<\/strong><\/p>\n<div id=\"attachment_11739\" style=\"width: 678px\" class=\"wp-caption aligncenter\"><img loading=\"lazy\" decoding=\"async\" aria-describedby=\"caption-attachment-11739\" class=\"wp-image-11739\" src=\"https:\/\/noti-america.com\/site\/ecuador\/wp-content\/uploads\/sites\/18\/2020\/11\/9-nov-bff7a2b6-126c-4c79-b192-76f1b37192e8-300x200.jpg\" alt=\"\" width=\"668\" height=\"445\" srcset=\"https:\/\/noti-america.com\/site\/ecuador\/wp-content\/uploads\/sites\/18\/2020\/11\/9-nov-bff7a2b6-126c-4c79-b192-76f1b37192e8-300x200.jpg 300w, https:\/\/noti-america.com\/site\/ecuador\/wp-content\/uploads\/sites\/18\/2020\/11\/9-nov-bff7a2b6-126c-4c79-b192-76f1b37192e8-1024x682.jpg 1024w, https:\/\/noti-america.com\/site\/ecuador\/wp-content\/uploads\/sites\/18\/2020\/11\/9-nov-bff7a2b6-126c-4c79-b192-76f1b37192e8-768x512.jpg 768w, https:\/\/noti-america.com\/site\/ecuador\/wp-content\/uploads\/sites\/18\/2020\/11\/9-nov-bff7a2b6-126c-4c79-b192-76f1b37192e8-272x182.jpg 272w, https:\/\/noti-america.com\/site\/ecuador\/wp-content\/uploads\/sites\/18\/2020\/11\/9-nov-bff7a2b6-126c-4c79-b192-76f1b37192e8.jpg 1280w\" sizes=\"auto, (max-width: 668px) 100vw, 668px\" \/><p id=\"caption-attachment-11739\" class=\"wp-caption-text\">Aproximadamente 18 kil\u00f3metros recorrieron los deportistas.<\/p><\/div>\n<p style=\"text-align: justify\"><strong>Por Henry Ortiz.<\/strong> Samborond\u00f3n en bici regres\u00f3 este domingo con su edici\u00f3n #11, donde adem\u00e1s se puso a disposici\u00f3n de la ciudadan\u00eda bicicletas para alquilar gratuitamente.<\/p>\n<p style=\"text-align: justify\">Juan Jos\u00e9 Y\u00fanez, alcalde de Samborond\u00f3n, lider\u00f3 el ciclopaseo, el cual cont\u00f3 con la colaboraci\u00f3n de la Polic\u00eda Municipal, Polic\u00eda Nacional, Cuerpo de Bomberos del cant\u00f3n y la Autoridad de Tr\u00e1nsito de Samborond\u00f3n (ATS).<\/p>\n<p style=\"text-align: justify\">Conos y se\u00f1al\u00e9ticas indicaron la exclusividad de un carril de cada lado de la v\u00eda, desde Plaza Bat\u00e1n hasta el Village Plaza, en La Puntilla, entre las 06:30 y las 12:00.<\/p>\n<p style=\"text-align: justify\">Aproximadamente 18 kil\u00f3metros recorrieron los deportistas. M\u00e1s de 2.000 personas participaron en esta actividad, entre residentes de las urbanizaciones, grupos de ciclistas y deportistas de cantones aleda\u00f1os.<\/p>\n<p style=\"text-align: justify\">La Alcald\u00eda de Samborond\u00f3n puso a disposici\u00f3n de los ciclistas asistencia mec\u00e1nica en Plaza Lagos, puntos de hidrataci\u00f3n y servicios de ambulancia. Tambi\u00e9n estaciones de atenci\u00f3n m\u00e9dica y de seguridad.<\/p>\n<p style=\"text-align: justify\">Antes de iniciar la jornada, se indic\u00f3 a los ciudadanos que es obligatorio el uso de casco para participar de la actividad. Asimismo la importancia de utilizar mascarilla antes de comenzar y al finalizar su participaci\u00f3n, no compartir bebidas y tener alcohol antis\u00e9ptico o gel antibacterial como medidas de bioseguridad.<\/p>\n","protected":false},"excerpt":{"rendered":"<p>REDACCI\u00d3N NOTI AM\u00c9RICA (ECUADOR).- Por Henry Ortiz. Samborond\u00f3n en bici regres\u00f3 este domingo con su edici\u00f3n #11, donde adem\u00e1s se puso a disposici\u00f3n de la ciudadan\u00eda bicicletas para alquilar gratuitamente. Juan Jos\u00e9 Y\u00fanez, alcalde&#46;&#46;&#46;<\/p>\n","protected":false},"author":81,"featured_media":11739,"comment_status":"open","ping_status":"open","sticky":false,"template":"","format":"standard","meta":{"_acf_changed":false,"om_disable_all_campaigns":false,"rop_custom_images_group":[],"rop_custom_messages_group":[],"rop_publish_now":"initial","rop_publish_now_accounts":{"twitter_242054905_242054905":""},"rop_publish_now_history":[],"rop_publish_now_status":"pending","_uf_show_specific_survey":0,"_uf_disable_surveys":false,"footnotes":""},"categories":[42],"tags":[],"class_list":["post-11738","post","type-post","status-publish","format-standard","has-post-thumbnail","hentry","category-noticias"],"acf":[],"aioseo_notices":[],"yoast_head":"<!-- This site is optimized with the Yoast SEO Premium plugin v24.9 (Yoast SEO v27.2) - https:\/\/yoast.com\/product\/yoast-seo-premium-wordpress\/ -->\n<title>Ayuntamiento de Samborond\u00f3n provee de bicicletas para incentivar la actividad - Ecuador | Noti-America.com<\/title>\n<meta name=\"robots\" content=\"index, follow, max-snippet:-1, max-image-preview:large, max-video-preview:-1\" \/>\n<link rel=\"canonical\" href=\"https:\/\/noti-america.com\/site\/ecuador\/2020\/11\/09\/ayuntamiento-de-samborondon-provee-de-bicicletas-para-incentivar-iniciativa\/\" \/>\n<meta property=\"og:locale\" content=\"es_ES\" \/>\n<meta property=\"og:type\" content=\"article\" \/>\n<meta property=\"og:title\" content=\"Ayuntamiento de Samborond\u00f3n provee de bicicletas para incentivar la actividad\" \/>\n<meta property=\"og:description\" content=\"REDACCI\u00d3N NOTI AM\u00c9RICA (ECUADOR).- Por Henry Ortiz. Samborond\u00f3n en bici regres\u00f3 este domingo con su edici\u00f3n #11, donde adem\u00e1s se puso a disposici\u00f3n de la ciudadan\u00eda bicicletas para alquilar gratuitamente. Juan Jos\u00e9 Y\u00fanez, alcalde&#046;&#046;&#046;\" \/>\n<meta property=\"og:url\" content=\"https:\/\/noti-america.com\/site\/ecuador\/2020\/11\/09\/ayuntamiento-de-samborondon-provee-de-bicicletas-para-incentivar-iniciativa\/\" \/>\n<meta property=\"og:site_name\" content=\"Ecuador | Noti-America.com\" \/>\n<meta property=\"article:published_time\" content=\"2020-11-09T17:13:44+00:00\" \/>\n<meta property=\"article:modified_time\" content=\"2020-11-09T17:19:37+00:00\" \/>\n<meta property=\"og:image\" content=\"https:\/\/noti-america.com\/site\/ecuador\/wp-content\/uploads\/sites\/18\/2020\/11\/9-nov-bff7a2b6-126c-4c79-b192-76f1b37192e8.jpg\" \/>\n\t<meta property=\"og:image:width\" content=\"1280\" \/>\n\t<meta property=\"og:image:height\" content=\"853\" \/>\n\t<meta property=\"og:image:type\" content=\"image\/jpeg\" \/>\n<meta name=\"author\" content=\"Boris Moyano\" \/>\n<meta name=\"twitter:card\" content=\"summary_large_image\" \/>\n<meta name=\"twitter:creator\" content=\"@notiamerica\" \/>\n<meta name=\"twitter:site\" content=\"@notiamerica\" \/>\n<meta name=\"twitter:label1\" content=\"Escrito por\" \/>\n\t<meta name=\"twitter:data1\" content=\"Boris Moyano\" \/>\n\t<meta name=\"twitter:label2\" content=\"Tiempo estimado de lectura\" \/>\n\t<meta name=\"twitter:data2\" content=\"1 minuto\" \/>\n<script type=\"application\/ld+json\" class=\"yoast-schema-graph\">{\"@context\":\"https:\/\/schema.org\",\"@graph\":[{\"@type\":\"Article\",\"@id\":\"https:\/\/noti-america.com\/site\/ecuador\/2020\/11\/09\/ayuntamiento-de-samborondon-provee-de-bicicletas-para-incentivar-iniciativa\/#article\",\"isPartOf\":{\"@id\":\"https:\/\/noti-america.com\/site\/ecuador\/2020\/11\/09\/ayuntamiento-de-samborondon-provee-de-bicicletas-para-incentivar-iniciativa\/\"},\"author\":{\"name\":\"Boris Moyano\",\"@id\":\"https:\/\/noti-america.com\/site\/ecuador\/#\/schema\/person\/063740b70e1baad7ce400b3b8bd8b8e3\"},\"headline\":\"Ayuntamiento de Samborond\u00f3n provee de bicicletas para incentivar la actividad\",\"datePublished\":\"2020-11-09T17:13:44+00:00\",\"dateModified\":\"2020-11-09T17:19:37+00:00\",\"mainEntityOfPage\":{\"@id\":\"https:\/\/noti-america.com\/site\/ecuador\/2020\/11\/09\/ayuntamiento-de-samborondon-provee-de-bicicletas-para-incentivar-iniciativa\/\"},\"wordCount\":254,\"commentCount\":0,\"publisher\":{\"@id\":\"https:\/\/noti-america.com\/site\/ecuador\/#organization\"},\"image\":{\"@id\":\"https:\/\/noti-america.com\/site\/ecuador\/2020\/11\/09\/ayuntamiento-de-samborondon-provee-de-bicicletas-para-incentivar-iniciativa\/#primaryimage\"},\"thumbnailUrl\":\"https:\/\/noti-america.com\/site\/ecuador\/wp-content\/uploads\/sites\/18\/2020\/11\/9-nov-bff7a2b6-126c-4c79-b192-76f1b37192e8.jpg\",\"articleSection\":[\"Noticias\"],\"inLanguage\":\"es\",\"potentialAction\":[{\"@type\":\"CommentAction\",\"name\":\"Comment\",\"target\":[\"https:\/\/noti-america.com\/site\/ecuador\/2020\/11\/09\/ayuntamiento-de-samborondon-provee-de-bicicletas-para-incentivar-iniciativa\/#respond\"]}]},{\"@type\":\"WebPage\",\"@id\":\"https:\/\/noti-america.com\/site\/ecuador\/2020\/11\/09\/ayuntamiento-de-samborondon-provee-de-bicicletas-para-incentivar-iniciativa\/\",\"url\":\"https:\/\/noti-america.com\/site\/ecuador\/2020\/11\/09\/ayuntamiento-de-samborondon-provee-de-bicicletas-para-incentivar-iniciativa\/\",\"name\":\"Ayuntamiento de Samborond\u00f3n provee de bicicletas para incentivar la actividad - Ecuador | Noti-America.com\",\"isPartOf\":{\"@id\":\"https:\/\/noti-america.com\/site\/ecuador\/#website\"},\"primaryImageOfPage\":{\"@id\":\"https:\/\/noti-america.com\/site\/ecuador\/2020\/11\/09\/ayuntamiento-de-samborondon-provee-de-bicicletas-para-incentivar-iniciativa\/#primaryimage\"},\"image\":{\"@id\":\"https:\/\/noti-america.com\/site\/ecuador\/2020\/11\/09\/ayuntamiento-de-samborondon-provee-de-bicicletas-para-incentivar-iniciativa\/#primaryimage\"},\"thumbnailUrl\":\"https:\/\/noti-america.com\/site\/ecuador\/wp-content\/uploads\/sites\/18\/2020\/11\/9-nov-bff7a2b6-126c-4c79-b192-76f1b37192e8.jpg\",\"datePublished\":\"2020-11-09T17:13:44+00:00\",\"dateModified\":\"2020-11-09T17:19:37+00:00\",\"breadcrumb\":{\"@id\":\"https:\/\/noti-america.com\/site\/ecuador\/2020\/11\/09\/ayuntamiento-de-samborondon-provee-de-bicicletas-para-incentivar-iniciativa\/#breadcrumb\"},\"inLanguage\":\"es\",\"potentialAction\":[{\"@type\":\"ReadAction\",\"target\":[\"https:\/\/noti-america.com\/site\/ecuador\/2020\/11\/09\/ayuntamiento-de-samborondon-provee-de-bicicletas-para-incentivar-iniciativa\/\"]}]},{\"@type\":\"ImageObject\",\"inLanguage\":\"es\",\"@id\":\"https:\/\/noti-america.com\/site\/ecuador\/2020\/11\/09\/ayuntamiento-de-samborondon-provee-de-bicicletas-para-incentivar-iniciativa\/#primaryimage\",\"url\":\"https:\/\/noti-america.com\/site\/ecuador\/wp-content\/uploads\/sites\/18\/2020\/11\/9-nov-bff7a2b6-126c-4c79-b192-76f1b37192e8.jpg\",\"contentUrl\":\"https:\/\/noti-america.com\/site\/ecuador\/wp-content\/uploads\/sites\/18\/2020\/11\/9-nov-bff7a2b6-126c-4c79-b192-76f1b37192e8.jpg\",\"width\":1280,\"height\":853},{\"@type\":\"BreadcrumbList\",\"@id\":\"https:\/\/noti-america.com\/site\/ecuador\/2020\/11\/09\/ayuntamiento-de-samborondon-provee-de-bicicletas-para-incentivar-iniciativa\/#breadcrumb\",\"itemListElement\":[{\"@type\":\"ListItem\",\"position\":1,\"name\":\"Portada\",\"item\":\"https:\/\/noti-america.com\/site\/ecuador\/\"},{\"@type\":\"ListItem\",\"position\":2,\"name\":\"Ayuntamiento de Samborond\u00f3n provee de bicicletas para incentivar la actividad\"}]},{\"@type\":\"WebSite\",\"@id\":\"https:\/\/noti-america.com\/site\/ecuador\/#website\",\"url\":\"https:\/\/noti-america.com\/site\/ecuador\/\",\"name\":\"Ecuador | Noti-America.com\",\"description\":\"\",\"publisher\":{\"@id\":\"https:\/\/noti-america.com\/site\/ecuador\/#organization\"},\"potentialAction\":[{\"@type\":\"SearchAction\",\"target\":{\"@type\":\"EntryPoint\",\"urlTemplate\":\"https:\/\/noti-america.com\/site\/ecuador\/?s={search_term_string}\"},\"query-input\":{\"@type\":\"PropertyValueSpecification\",\"valueRequired\":true,\"valueName\":\"search_term_string\"}}],\"inLanguage\":\"es\"},{\"@type\":\"Organization\",\"@id\":\"https:\/\/noti-america.com\/site\/ecuador\/#organization\",\"name\":\"Noti-America LLC | Ecuador\",\"url\":\"https:\/\/noti-america.com\/site\/ecuador\/\",\"logo\":{\"@type\":\"ImageObject\",\"inLanguage\":\"es\",\"@id\":\"https:\/\/noti-america.com\/site\/ecuador\/#\/schema\/logo\/image\/\",\"url\":\"https:\/\/noti-america.com\/site\/ecuador\/wp-content\/uploads\/sites\/18\/2020\/07\/LogoNA-4x3-1.jpg\",\"contentUrl\":\"https:\/\/noti-america.com\/site\/ecuador\/wp-content\/uploads\/sites\/18\/2020\/07\/LogoNA-4x3-1.jpg\",\"width\":1236,\"height\":1080,\"caption\":\"Noti-America LLC | Ecuador\"},\"image\":{\"@id\":\"https:\/\/noti-america.com\/site\/ecuador\/#\/schema\/logo\/image\/\"},\"sameAs\":[\"https:\/\/x.com\/notiamerica\"]},{\"@type\":\"Person\",\"@id\":\"https:\/\/noti-america.com\/site\/ecuador\/#\/schema\/person\/063740b70e1baad7ce400b3b8bd8b8e3\",\"name\":\"Boris Moyano\",\"image\":{\"@type\":\"ImageObject\",\"inLanguage\":\"es\",\"@id\":\"https:\/\/secure.gravatar.com\/avatar\/1635fd8d206bae736e855dfe91602736d1ea92af1a7f3fa7f62c848f245a1404?s=96&d=mm&r=g\",\"url\":\"https:\/\/secure.gravatar.com\/avatar\/1635fd8d206bae736e855dfe91602736d1ea92af1a7f3fa7f62c848f245a1404?s=96&d=mm&r=g\",\"contentUrl\":\"https:\/\/secure.gravatar.com\/avatar\/1635fd8d206bae736e855dfe91602736d1ea92af1a7f3fa7f62c848f245a1404?s=96&d=mm&r=g\",\"caption\":\"Boris Moyano\"},\"url\":\"https:\/\/noti-america.com\/site\/ecuador\/author\/bmoyano\/\"}]}<\/script>\n<!-- \/ Yoast SEO Premium plugin. -->","yoast_head_json":{"title":"Ayuntamiento de Samborond\u00f3n provee de bicicletas para incentivar la actividad - Ecuador | Noti-America.com","robots":{"index":"index","follow":"follow","max-snippet":"max-snippet:-1","max-image-preview":"max-image-preview:large","max-video-preview":"max-video-preview:-1"},"canonical":"https:\/\/noti-america.com\/site\/ecuador\/2020\/11\/09\/ayuntamiento-de-samborondon-provee-de-bicicletas-para-incentivar-iniciativa\/","og_locale":"es_ES","og_type":"article","og_title":"Ayuntamiento de Samborond\u00f3n provee de bicicletas para incentivar la actividad","og_description":"REDACCI\u00d3N NOTI AM\u00c9RICA (ECUADOR).- Por Henry Ortiz. Samborond\u00f3n en bici regres\u00f3 este domingo con su edici\u00f3n #11, donde adem\u00e1s se puso a disposici\u00f3n de la ciudadan\u00eda bicicletas para alquilar gratuitamente. Juan Jos\u00e9 Y\u00fanez, alcalde&#46;&#46;&#46;","og_url":"https:\/\/noti-america.com\/site\/ecuador\/2020\/11\/09\/ayuntamiento-de-samborondon-provee-de-bicicletas-para-incentivar-iniciativa\/","og_site_name":"Ecuador | Noti-America.com","article_published_time":"2020-11-09T17:13:44+00:00","article_modified_time":"2020-11-09T17:19:37+00:00","og_image":[{"width":1280,"height":853,"url":"https:\/\/noti-america.com\/site\/ecuador\/wp-content\/uploads\/sites\/18\/2020\/11\/9-nov-bff7a2b6-126c-4c79-b192-76f1b37192e8.jpg","type":"image\/jpeg"}],"author":"Boris Moyano","twitter_card":"summary_large_image","twitter_creator":"@notiamerica","twitter_site":"@notiamerica","twitter_misc":{"Escrito por":"Boris Moyano","Tiempo estimado de lectura":"1 minuto"},"schema":{"@context":"https:\/\/schema.org","@graph":[{"@type":"Article","@id":"https:\/\/noti-america.com\/site\/ecuador\/2020\/11\/09\/ayuntamiento-de-samborondon-provee-de-bicicletas-para-incentivar-iniciativa\/#article","isPartOf":{"@id":"https:\/\/noti-america.com\/site\/ecuador\/2020\/11\/09\/ayuntamiento-de-samborondon-provee-de-bicicletas-para-incentivar-iniciativa\/"},"author":{"name":"Boris Moyano","@id":"https:\/\/noti-america.com\/site\/ecuador\/#\/schema\/person\/063740b70e1baad7ce400b3b8bd8b8e3"},"headline":"Ayuntamiento de Samborond\u00f3n provee de bicicletas para incentivar la actividad","datePublished":"2020-11-09T17:13:44+00:00","dateModified":"2020-11-09T17:19:37+00:00","mainEntityOfPage":{"@id":"https:\/\/noti-america.com\/site\/ecuador\/2020\/11\/09\/ayuntamiento-de-samborondon-provee-de-bicicletas-para-incentivar-iniciativa\/"},"wordCount":254,"commentCount":0,"publisher":{"@id":"https:\/\/noti-america.com\/site\/ecuador\/#organization"},"image":{"@id":"https:\/\/noti-america.com\/site\/ecuador\/2020\/11\/09\/ayuntamiento-de-samborondon-provee-de-bicicletas-para-incentivar-iniciativa\/#primaryimage"},"thumbnailUrl":"https:\/\/noti-america.com\/site\/ecuador\/wp-content\/uploads\/sites\/18\/2020\/11\/9-nov-bff7a2b6-126c-4c79-b192-76f1b37192e8.jpg","articleSection":["Noticias"],"inLanguage":"es","potentialAction":[{"@type":"CommentAction","name":"Comment","target":["https:\/\/noti-america.com\/site\/ecuador\/2020\/11\/09\/ayuntamiento-de-samborondon-provee-de-bicicletas-para-incentivar-iniciativa\/#respond"]}]},{"@type":"WebPage","@id":"https:\/\/noti-america.com\/site\/ecuador\/2020\/11\/09\/ayuntamiento-de-samborondon-provee-de-bicicletas-para-incentivar-iniciativa\/","url":"https:\/\/noti-america.com\/site\/ecuador\/2020\/11\/09\/ayuntamiento-de-samborondon-provee-de-bicicletas-para-incentivar-iniciativa\/","name":"Ayuntamiento de Samborond\u00f3n provee de bicicletas para incentivar la actividad - Ecuador | Noti-America.com","isPartOf":{"@id":"https:\/\/noti-america.com\/site\/ecuador\/#website"},"primaryImageOfPage":{"@id":"https:\/\/noti-america.com\/site\/ecuador\/2020\/11\/09\/ayuntamiento-de-samborondon-provee-de-bicicletas-para-incentivar-iniciativa\/#primaryimage"},"image":{"@id":"https:\/\/noti-america.com\/site\/ecuador\/2020\/11\/09\/ayuntamiento-de-samborondon-provee-de-bicicletas-para-incentivar-iniciativa\/#primaryimage"},"thumbnailUrl":"https:\/\/noti-america.com\/site\/ecuador\/wp-content\/uploads\/sites\/18\/2020\/11\/9-nov-bff7a2b6-126c-4c79-b192-76f1b37192e8.jpg","datePublished":"2020-11-09T17:13:44+00:00","dateModified":"2020-11-09T17:19:37+00:00","breadcrumb":{"@id":"https:\/\/noti-america.com\/site\/ecuador\/2020\/11\/09\/ayuntamiento-de-samborondon-provee-de-bicicletas-para-incentivar-iniciativa\/#breadcrumb"},"inLanguage":"es","potentialAction":[{"@type":"ReadAction","target":["https:\/\/noti-america.com\/site\/ecuador\/2020\/11\/09\/ayuntamiento-de-samborondon-provee-de-bicicletas-para-incentivar-iniciativa\/"]}]},{"@type":"ImageObject","inLanguage":"es","@id":"https:\/\/noti-america.com\/site\/ecuador\/2020\/11\/09\/ayuntamiento-de-samborondon-provee-de-bicicletas-para-incentivar-iniciativa\/#primaryimage","url":"https:\/\/noti-america.com\/site\/ecuador\/wp-content\/uploads\/sites\/18\/2020\/11\/9-nov-bff7a2b6-126c-4c79-b192-76f1b37192e8.jpg","contentUrl":"https:\/\/noti-america.com\/site\/ecuador\/wp-content\/uploads\/sites\/18\/2020\/11\/9-nov-bff7a2b6-126c-4c79-b192-76f1b37192e8.jpg","width":1280,"height":853},{"@type":"BreadcrumbList","@id":"https:\/\/noti-america.com\/site\/ecuador\/2020\/11\/09\/ayuntamiento-de-samborondon-provee-de-bicicletas-para-incentivar-iniciativa\/#breadcrumb","itemListElement":[{"@type":"ListItem","position":1,"name":"Portada","item":"https:\/\/noti-america.com\/site\/ecuador\/"},{"@type":"ListItem","position":2,"name":"Ayuntamiento de Samborond\u00f3n provee de bicicletas para incentivar la actividad"}]},{"@type":"WebSite","@id":"https:\/\/noti-america.com\/site\/ecuador\/#website","url":"https:\/\/noti-america.com\/site\/ecuador\/","name":"Ecuador | Noti-America.com","description":"","publisher":{"@id":"https:\/\/noti-america.com\/site\/ecuador\/#organization"},"potentialAction":[{"@type":"SearchAction","target":{"@type":"EntryPoint","urlTemplate":"https:\/\/noti-america.com\/site\/ecuador\/?s={search_term_string}"},"query-input":{"@type":"PropertyValueSpecification","valueRequired":true,"valueName":"search_term_string"}}],"inLanguage":"es"},{"@type":"Organization","@id":"https:\/\/noti-america.com\/site\/ecuador\/#organization","name":"Noti-America LLC | Ecuador","url":"https:\/\/noti-america.com\/site\/ecuador\/","logo":{"@type":"ImageObject","inLanguage":"es","@id":"https:\/\/noti-america.com\/site\/ecuador\/#\/schema\/logo\/image\/","url":"https:\/\/noti-america.com\/site\/ecuador\/wp-content\/uploads\/sites\/18\/2020\/07\/LogoNA-4x3-1.jpg","contentUrl":"https:\/\/noti-america.com\/site\/ecuador\/wp-content\/uploads\/sites\/18\/2020\/07\/LogoNA-4x3-1.jpg","width":1236,"height":1080,"caption":"Noti-America LLC | Ecuador"},"image":{"@id":"https:\/\/noti-america.com\/site\/ecuador\/#\/schema\/logo\/image\/"},"sameAs":["https:\/\/x.com\/notiamerica"]},{"@type":"Person","@id":"https:\/\/noti-america.com\/site\/ecuador\/#\/schema\/person\/063740b70e1baad7ce400b3b8bd8b8e3","name":"Boris Moyano","image":{"@type":"ImageObject","inLanguage":"es","@id":"https:\/\/secure.gravatar.com\/avatar\/1635fd8d206bae736e855dfe91602736d1ea92af1a7f3fa7f62c848f245a1404?s=96&d=mm&r=g","url":"https:\/\/secure.gravatar.com\/avatar\/1635fd8d206bae736e855dfe91602736d1ea92af1a7f3fa7f62c848f245a1404?s=96&d=mm&r=g","contentUrl":"https:\/\/secure.gravatar.com\/avatar\/1635fd8d206bae736e855dfe91602736d1ea92af1a7f3fa7f62c848f245a1404?s=96&d=mm&r=g","caption":"Boris Moyano"},"url":"https:\/\/noti-america.com\/site\/ecuador\/author\/bmoyano\/"}]}},"_links":{"self":[{"href":"https:\/\/noti-america.com\/site\/ecuador\/wp-json\/wp\/v2\/posts\/11738","targetHints":{"allow":["GET"]}}],"collection":[{"href":"https:\/\/noti-america.com\/site\/ecuador\/wp-json\/wp\/v2\/posts"}],"about":[{"href":"https:\/\/noti-america.com\/site\/ecuador\/wp-json\/wp\/v2\/types\/post"}],"author":[{"embeddable":true,"href":"https:\/\/noti-america.com\/site\/ecuador\/wp-json\/wp\/v2\/users\/81"}],"replies":[{"embeddable":true,"href":"https:\/\/noti-america.com\/site\/ecuador\/wp-json\/wp\/v2\/comments?post=11738"}],"version-history":[{"count":3,"href":"https:\/\/noti-america.com\/site\/ecuador\/wp-json\/wp\/v2\/posts\/11738\/revisions"}],"predecessor-version":[{"id":11742,"href":"https:\/\/noti-america.com\/site\/ecuador\/wp-json\/wp\/v2\/posts\/11738\/revisions\/11742"}],"wp:featuredmedia":[{"embeddable":true,"href":"https:\/\/noti-america.com\/site\/ecuador\/wp-json\/wp\/v2\/media\/11739"}],"wp:attachment":[{"href":"https:\/\/noti-america.com\/site\/ecuador\/wp-json\/wp\/v2\/media?parent=11738"}],"wp:term":[{"taxonomy":"category","embeddable":true,"href":"https:\/\/noti-america.com\/site\/ecuador\/wp-json\/wp\/v2\/categories?post=11738"},{"taxonomy":"post_tag","embeddable":true,"href":"https:\/\/noti-america.com\/site\/ecuador\/wp-json\/wp\/v2\/tags?post=11738"}],"curies":[{"name":"wp","href":"https:\/\/api.w.org\/{rel}","templated":true}]}}