{"id":11505,"date":"2020-10-28T03:28:53","date_gmt":"2020-10-28T03:28:53","guid":{"rendered":"https:\/\/noti-america.com\/site\/ecuador\/?p=11505"},"modified":"2020-10-28T03:28:53","modified_gmt":"2020-10-28T03:28:53","slug":"chile-y-ecuador-intercambian-experiencias-de-agricultura-familiar-aplicadas-en-la-emergencia-por-la-covid-19","status":"publish","type":"post","link":"https:\/\/noti-america.com\/site\/ecuador\/2020\/10\/28\/chile-y-ecuador-intercambian-experiencias-de-agricultura-familiar-aplicadas-en-la-emergencia-por-la-covid-19\/","title":{"rendered":"Chile y Ecuador intercambian experiencias de agricultura familiar aplicadas en la emergencia por la Covid-19"},"content":{"rendered":"<p>REDACCI\u00d3N NOTI AM\u00c9RICA (ECUADOR)<\/p>\n<p><img decoding=\"async\" src=\"https:\/\/www.agricultura.gob.ec\/wp-content\/uploads\/2020\/10\/Screenshot_20201027-101135_WhatsApp.jpg\" \/><\/p>\n<div class=\"row\">\n<section id=\"postcontent\" class=\"col-md-9 col-sm-6 line-right\">\n<p style=\"text-align: justify\">Representantes del Ministerio de Agricultura y Ganader\u00eda (MAG) del Ecuador, y del Instituto de Desarrollo Agropecuario (INDAP) de Chile, intercambiaron experiencias efectuadas en las dos naciones para ayudar a productores a sobrellevar la emergencia mundial, generada por la presencia de la Covid-19.<\/p>\n<p style=\"text-align: justify\">Desde la Subsecretar\u00eda de Agricultura Familiar Campesina, del MAG, se resalt\u00f3 el trabajo de apoyo al productor durante los meses m\u00e1s cr\u00edticos de la pandemia.<\/p>\n<p style=\"text-align: justify\">Julio Olivera, director de Desarrollo Productivo Sustentable Agroecol\u00f3gico de la Subsecretar\u00eda de Agricultura Familiar Campesina, coment\u00f3 que se implementaron Comunidades de Aprendizaje, divididas en diferentes m\u00f3dulos, para facilitar a productores el acceso a nuevos conocimientos, para que as\u00ed ellos mantengan una calidad est\u00e1ndar en sus producciones y logren obtener un mercado constante.<\/p>\n<p style=\"text-align: justify\">Adem\u00e1s, mencion\u00f3 que el objetivo de las Comunidades de Aprendizaje es llegar a todo el pa\u00eds, fomentando as\u00ed el crecimiento de la agricultura familiar campesina.<\/p>\n<p style=\"text-align: justify\">Tambi\u00e9n particip\u00f3 David S\u00e1nchez, funcionario de la Subsecretar\u00eda de Agricultura Familiar Campesina, quien socializ\u00f3 el trabajo que se llev\u00f3 a cabo desde el MAG para apoyar al productor durante la emergencia sanitaria, a trav\u00e9s de la comercializaci\u00f3n de canastas.<\/p>\n<p style=\"text-align: justify\">\u201cBuscamos espacios de comercializaci\u00f3n para los productos de nuestros agricultores. Uno de los m\u00e1s exitosos fue la venta de canastas con productos agr\u00edcolas, en las grandes ciudades, las m\u00e1s afectadas por la presencia del virus. Se tuvo gran acogida\u201d, dijo.<\/p>\n<p style=\"text-align: justify\">S\u00e1nchez precis\u00f3 que en total el MAG apoy\u00f3 en la comercializaci\u00f3n de m\u00e1s de 40 mil canastas, beneficiando a productores de 21 provincias del Ecuador.<\/p>\n<p style=\"text-align: justify\">Por parte del Instituto de Desarrollo Agropecuario, entidad dependiente del Ministerio de Agricultura de Chile, Eduardo Pinochet y Luis Miguel Ferrara, encargados de los temas concernientes a cr\u00e9ditos y seguros agropecuarios respectivamente, expusieron las medidas adoptadas durante la emergencia.<\/p>\n<p style=\"text-align: justify\">\u201cCuando el virus lleg\u00f3 a Chile, autom\u00e1ticamente se realiz\u00f3 pr\u00f3rrogas de hasta 120 d\u00edas en los cr\u00e9ditos; esto favoreci\u00f3 a m\u00e1s de 180.000 operaciones\u201d, dijo Pinochet.<\/p>\n<p style=\"text-align: justify\">Agreg\u00f3 que el objetivo de dichas pr\u00f3rrogas fue dar m\u00e1s tiempo de pago a los productores, para que no haya aglomeraciones en las agencias de pago, adem\u00e1s de evitar que los usuarios con impedimentos para pagar puedan cancelar su deuda, y as\u00ed no caer en la morosidad.<\/p>\n<p style=\"text-align: justify\">Adem\u00e1s, se\u00f1al\u00f3 que existen acciones en cuanto a tener un cr\u00e9dito para mujeres que contemplan las situaciones socio-biol\u00f3gicas, como la maternidad, para generar condiciones diferenciadoras en los plazos de los cr\u00e9ditos, y el tema de la vinculaci\u00f3n entre las acciones de cr\u00e9dito de AFC y el seguro agropecuario.<\/p>\n<p style=\"text-align: justify\">Luis Miguel Ferrara, a su vez, coment\u00f3 que los seguros agr\u00edcolas se dividen en dos grupos de riesgo: el clim\u00e1tico y el de precio. \u201cIncorporamos un seguro de precio para el ma\u00edz, con buenos resultados; nuestro seguro principal es el clim\u00e1tico, visualizamos que en este instrumento uno mira el efecto del cambio clim\u00e1tico, se ve c\u00f3mo cambian los par\u00e1metros en que el seguro se mueve, lo que nos permite tomar decisiones acertadas\u201d.<\/p>\n<p style=\"text-align: justify\">Un nuevo espacio para compartir las experiencias se desarrollar\u00e1 en noviembre pr\u00f3ximo, para profundizar en las acciones ejecutadas desde ambas instituciones para apoyar a la Agricultura Familiar Campesina.<\/p>\n<\/section>\n<\/div>\n","protected":false},"excerpt":{"rendered":"<p>REDACCI\u00d3N NOTI AM\u00c9RICA (ECUADOR) Representantes del Ministerio de Agricultura y Ganader\u00eda (MAG) del Ecuador, y del Instituto de Desarrollo Agropecuario (INDAP) de Chile, intercambiaron experiencias efectuadas en las dos naciones para ayudar a productores&#46;&#46;&#46;<\/p>\n","protected":false},"author":17,"featured_media":11506,"comment_status":"open","ping_status":"open","sticky":false,"template":"","format":"standard","meta":{"_acf_changed":false,"om_disable_all_campaigns":false,"rop_custom_images_group":[],"rop_custom_messages_group":[],"rop_publish_now":"initial","rop_publish_now_accounts":{"twitter_242054905_242054905":""},"rop_publish_now_history":[],"rop_publish_now_status":"pending","_uf_show_specific_survey":0,"_uf_disable_surveys":false,"footnotes":""},"categories":[83],"tags":[],"class_list":["post-11505","post","type-post","status-publish","format-standard","has-post-thumbnail","hentry","category-agricultura"],"acf":[],"aioseo_notices":[],"yoast_head":"<!-- This site is optimized with the Yoast SEO Premium plugin v24.9 (Yoast SEO v27.2) - https:\/\/yoast.com\/product\/yoast-seo-premium-wordpress\/ -->\n<title>Chile y Ecuador intercambian experiencias de agricultura familiar aplicadas en la emergencia por la Covid-19 - Ecuador | Noti-America.com<\/title>\n<meta name=\"robots\" content=\"index, follow, max-snippet:-1, max-image-preview:large, max-video-preview:-1\" \/>\n<link rel=\"canonical\" href=\"https:\/\/noti-america.com\/site\/ecuador\/2020\/10\/28\/chile-y-ecuador-intercambian-experiencias-de-agricultura-familiar-aplicadas-en-la-emergencia-por-la-covid-19\/\" \/>\n<meta property=\"og:locale\" content=\"es_ES\" \/>\n<meta property=\"og:type\" content=\"article\" \/>\n<meta property=\"og:title\" content=\"Chile y Ecuador intercambian experiencias de agricultura familiar aplicadas en la emergencia por la Covid-19\" \/>\n<meta property=\"og:description\" content=\"REDACCI\u00d3N NOTI AM\u00c9RICA (ECUADOR) Representantes del Ministerio de Agricultura y Ganader\u00eda (MAG) del Ecuador, y del Instituto de Desarrollo Agropecuario (INDAP) de Chile, intercambiaron experiencias efectuadas en las dos naciones para ayudar a productores&#046;&#046;&#046;\" \/>\n<meta property=\"og:url\" content=\"https:\/\/noti-america.com\/site\/ecuador\/2020\/10\/28\/chile-y-ecuador-intercambian-experiencias-de-agricultura-familiar-aplicadas-en-la-emergencia-por-la-covid-19\/\" \/>\n<meta property=\"og:site_name\" content=\"Ecuador | Noti-America.com\" \/>\n<meta property=\"article:published_time\" content=\"2020-10-28T03:28:53+00:00\" \/>\n<meta property=\"og:image\" content=\"https:\/\/noti-america.com\/site\/ecuador\/wp-content\/uploads\/sites\/18\/2020\/10\/Agricultores.jpg\" \/>\n\t<meta property=\"og:image:width\" content=\"1079\" \/>\n\t<meta property=\"og:image:height\" content=\"608\" \/>\n\t<meta property=\"og:image:type\" content=\"image\/jpeg\" \/>\n<meta name=\"author\" content=\"Gregory Quintana Montiel\" \/>\n<meta name=\"twitter:card\" content=\"summary_large_image\" \/>\n<meta name=\"twitter:creator\" content=\"@gdgregori1\" \/>\n<meta name=\"twitter:site\" content=\"@notiamerica\" \/>\n<meta name=\"twitter:label1\" content=\"Escrito por\" \/>\n\t<meta name=\"twitter:data1\" content=\"Gregory Quintana Montiel\" \/>\n\t<meta name=\"twitter:label2\" content=\"Tiempo estimado de lectura\" \/>\n\t<meta name=\"twitter:data2\" content=\"3 minutos\" \/>\n<script type=\"application\/ld+json\" class=\"yoast-schema-graph\">{\"@context\":\"https:\/\/schema.org\",\"@graph\":[{\"@type\":\"Article\",\"@id\":\"https:\/\/noti-america.com\/site\/ecuador\/2020\/10\/28\/chile-y-ecuador-intercambian-experiencias-de-agricultura-familiar-aplicadas-en-la-emergencia-por-la-covid-19\/#article\",\"isPartOf\":{\"@id\":\"https:\/\/noti-america.com\/site\/ecuador\/2020\/10\/28\/chile-y-ecuador-intercambian-experiencias-de-agricultura-familiar-aplicadas-en-la-emergencia-por-la-covid-19\/\"},\"author\":{\"name\":\"Gregory Quintana Montiel\",\"@id\":\"https:\/\/noti-america.com\/site\/ecuador\/#\/schema\/person\/3b975e42f15abfe64bfe3abdd916efda\"},\"headline\":\"Chile y Ecuador intercambian experiencias de agricultura familiar aplicadas en la emergencia por la Covid-19\",\"datePublished\":\"2020-10-28T03:28:53+00:00\",\"mainEntityOfPage\":{\"@id\":\"https:\/\/noti-america.com\/site\/ecuador\/2020\/10\/28\/chile-y-ecuador-intercambian-experiencias-de-agricultura-familiar-aplicadas-en-la-emergencia-por-la-covid-19\/\"},\"wordCount\":571,\"commentCount\":0,\"publisher\":{\"@id\":\"https:\/\/noti-america.com\/site\/ecuador\/#organization\"},\"image\":{\"@id\":\"https:\/\/noti-america.com\/site\/ecuador\/2020\/10\/28\/chile-y-ecuador-intercambian-experiencias-de-agricultura-familiar-aplicadas-en-la-emergencia-por-la-covid-19\/#primaryimage\"},\"thumbnailUrl\":\"https:\/\/noti-america.com\/site\/ecuador\/wp-content\/uploads\/sites\/18\/2020\/10\/Agricultores.jpg\",\"articleSection\":[\"Agricultura\"],\"inLanguage\":\"es\",\"potentialAction\":[{\"@type\":\"CommentAction\",\"name\":\"Comment\",\"target\":[\"https:\/\/noti-america.com\/site\/ecuador\/2020\/10\/28\/chile-y-ecuador-intercambian-experiencias-de-agricultura-familiar-aplicadas-en-la-emergencia-por-la-covid-19\/#respond\"]}]},{\"@type\":\"WebPage\",\"@id\":\"https:\/\/noti-america.com\/site\/ecuador\/2020\/10\/28\/chile-y-ecuador-intercambian-experiencias-de-agricultura-familiar-aplicadas-en-la-emergencia-por-la-covid-19\/\",\"url\":\"https:\/\/noti-america.com\/site\/ecuador\/2020\/10\/28\/chile-y-ecuador-intercambian-experiencias-de-agricultura-familiar-aplicadas-en-la-emergencia-por-la-covid-19\/\",\"name\":\"Chile y Ecuador intercambian experiencias de agricultura familiar aplicadas en la emergencia por la Covid-19 - Ecuador | Noti-America.com\",\"isPartOf\":{\"@id\":\"https:\/\/noti-america.com\/site\/ecuador\/#website\"},\"primaryImageOfPage\":{\"@id\":\"https:\/\/noti-america.com\/site\/ecuador\/2020\/10\/28\/chile-y-ecuador-intercambian-experiencias-de-agricultura-familiar-aplicadas-en-la-emergencia-por-la-covid-19\/#primaryimage\"},\"image\":{\"@id\":\"https:\/\/noti-america.com\/site\/ecuador\/2020\/10\/28\/chile-y-ecuador-intercambian-experiencias-de-agricultura-familiar-aplicadas-en-la-emergencia-por-la-covid-19\/#primaryimage\"},\"thumbnailUrl\":\"https:\/\/noti-america.com\/site\/ecuador\/wp-content\/uploads\/sites\/18\/2020\/10\/Agricultores.jpg\",\"datePublished\":\"2020-10-28T03:28:53+00:00\",\"breadcrumb\":{\"@id\":\"https:\/\/noti-america.com\/site\/ecuador\/2020\/10\/28\/chile-y-ecuador-intercambian-experiencias-de-agricultura-familiar-aplicadas-en-la-emergencia-por-la-covid-19\/#breadcrumb\"},\"inLanguage\":\"es\",\"potentialAction\":[{\"@type\":\"ReadAction\",\"target\":[\"https:\/\/noti-america.com\/site\/ecuador\/2020\/10\/28\/chile-y-ecuador-intercambian-experiencias-de-agricultura-familiar-aplicadas-en-la-emergencia-por-la-covid-19\/\"]}]},{\"@type\":\"ImageObject\",\"inLanguage\":\"es\",\"@id\":\"https:\/\/noti-america.com\/site\/ecuador\/2020\/10\/28\/chile-y-ecuador-intercambian-experiencias-de-agricultura-familiar-aplicadas-en-la-emergencia-por-la-covid-19\/#primaryimage\",\"url\":\"https:\/\/noti-america.com\/site\/ecuador\/wp-content\/uploads\/sites\/18\/2020\/10\/Agricultores.jpg\",\"contentUrl\":\"https:\/\/noti-america.com\/site\/ecuador\/wp-content\/uploads\/sites\/18\/2020\/10\/Agricultores.jpg\",\"width\":1079,\"height\":608},{\"@type\":\"BreadcrumbList\",\"@id\":\"https:\/\/noti-america.com\/site\/ecuador\/2020\/10\/28\/chile-y-ecuador-intercambian-experiencias-de-agricultura-familiar-aplicadas-en-la-emergencia-por-la-covid-19\/#breadcrumb\",\"itemListElement\":[{\"@type\":\"ListItem\",\"position\":1,\"name\":\"Portada\",\"item\":\"https:\/\/noti-america.com\/site\/ecuador\/\"},{\"@type\":\"ListItem\",\"position\":2,\"name\":\"Chile y Ecuador intercambian experiencias de agricultura familiar aplicadas en la emergencia por la Covid-19\"}]},{\"@type\":\"WebSite\",\"@id\":\"https:\/\/noti-america.com\/site\/ecuador\/#website\",\"url\":\"https:\/\/noti-america.com\/site\/ecuador\/\",\"name\":\"Ecuador | Noti-America.com\",\"description\":\"\",\"publisher\":{\"@id\":\"https:\/\/noti-america.com\/site\/ecuador\/#organization\"},\"potentialAction\":[{\"@type\":\"SearchAction\",\"target\":{\"@type\":\"EntryPoint\",\"urlTemplate\":\"https:\/\/noti-america.com\/site\/ecuador\/?s={search_term_string}\"},\"query-input\":{\"@type\":\"PropertyValueSpecification\",\"valueRequired\":true,\"valueName\":\"search_term_string\"}}],\"inLanguage\":\"es\"},{\"@type\":\"Organization\",\"@id\":\"https:\/\/noti-america.com\/site\/ecuador\/#organization\",\"name\":\"Noti-America LLC | Ecuador\",\"url\":\"https:\/\/noti-america.com\/site\/ecuador\/\",\"logo\":{\"@type\":\"ImageObject\",\"inLanguage\":\"es\",\"@id\":\"https:\/\/noti-america.com\/site\/ecuador\/#\/schema\/logo\/image\/\",\"url\":\"https:\/\/noti-america.com\/site\/ecuador\/wp-content\/uploads\/sites\/18\/2020\/07\/LogoNA-4x3-1.jpg\",\"contentUrl\":\"https:\/\/noti-america.com\/site\/ecuador\/wp-content\/uploads\/sites\/18\/2020\/07\/LogoNA-4x3-1.jpg\",\"width\":1236,\"height\":1080,\"caption\":\"Noti-America LLC | Ecuador\"},\"image\":{\"@id\":\"https:\/\/noti-america.com\/site\/ecuador\/#\/schema\/logo\/image\/\"},\"sameAs\":[\"https:\/\/x.com\/notiamerica\"]},{\"@type\":\"Person\",\"@id\":\"https:\/\/noti-america.com\/site\/ecuador\/#\/schema\/person\/3b975e42f15abfe64bfe3abdd916efda\",\"name\":\"Gregory Quintana Montiel\",\"image\":{\"@type\":\"ImageObject\",\"inLanguage\":\"es\",\"@id\":\"https:\/\/secure.gravatar.com\/avatar\/2d6b802f7720c2ec7744dcbe608cc2f3417aeb964d58b443c6d612b77531de1d?s=96&d=mm&r=g\",\"url\":\"https:\/\/secure.gravatar.com\/avatar\/2d6b802f7720c2ec7744dcbe608cc2f3417aeb964d58b443c6d612b77531de1d?s=96&d=mm&r=g\",\"contentUrl\":\"https:\/\/secure.gravatar.com\/avatar\/2d6b802f7720c2ec7744dcbe608cc2f3417aeb964d58b443c6d612b77531de1d?s=96&d=mm&r=g\",\"caption\":\"Gregory Quintana Montiel\"},\"description\":\"Licenciatura en Ciencias de la Comunicaci\u00f3n Social, egresado en la Especializaci\u00f3n Derecho Ambiental Desarrollo Sostenible y Sustentable, Miembro de la Comunidad de profesionales y experto para Latinoam\u00e9rica y el Caribe en Gesti\u00f3n por Resultado en el Desarrollo (COPLAC - GpRD) del Banco Interamericano de Desarrollo, experiencia en medios radiales y escritos.\",\"sameAs\":[\"https:\/\/x.com\/gdgregori1\",\"gquintana\"],\"url\":\"https:\/\/noti-america.com\/site\/ecuador\/author\/gquintana\/\"}]}<\/script>\n<!-- \/ Yoast SEO Premium plugin. -->","yoast_head_json":{"title":"Chile y Ecuador intercambian experiencias de agricultura familiar aplicadas en la emergencia por la Covid-19 - Ecuador | Noti-America.com","robots":{"index":"index","follow":"follow","max-snippet":"max-snippet:-1","max-image-preview":"max-image-preview:large","max-video-preview":"max-video-preview:-1"},"canonical":"https:\/\/noti-america.com\/site\/ecuador\/2020\/10\/28\/chile-y-ecuador-intercambian-experiencias-de-agricultura-familiar-aplicadas-en-la-emergencia-por-la-covid-19\/","og_locale":"es_ES","og_type":"article","og_title":"Chile y Ecuador intercambian experiencias de agricultura familiar aplicadas en la emergencia por la Covid-19","og_description":"REDACCI\u00d3N NOTI AM\u00c9RICA (ECUADOR) Representantes del Ministerio de Agricultura y Ganader\u00eda (MAG) del Ecuador, y del Instituto de Desarrollo Agropecuario (INDAP) de Chile, intercambiaron experiencias efectuadas en las dos naciones para ayudar a productores&#46;&#46;&#46;","og_url":"https:\/\/noti-america.com\/site\/ecuador\/2020\/10\/28\/chile-y-ecuador-intercambian-experiencias-de-agricultura-familiar-aplicadas-en-la-emergencia-por-la-covid-19\/","og_site_name":"Ecuador | Noti-America.com","article_published_time":"2020-10-28T03:28:53+00:00","og_image":[{"width":1079,"height":608,"url":"https:\/\/noti-america.com\/site\/ecuador\/wp-content\/uploads\/sites\/18\/2020\/10\/Agricultores.jpg","type":"image\/jpeg"}],"author":"Gregory Quintana Montiel","twitter_card":"summary_large_image","twitter_creator":"@gdgregori1","twitter_site":"@notiamerica","twitter_misc":{"Escrito por":"Gregory Quintana Montiel","Tiempo estimado de lectura":"3 minutos"},"schema":{"@context":"https:\/\/schema.org","@graph":[{"@type":"Article","@id":"https:\/\/noti-america.com\/site\/ecuador\/2020\/10\/28\/chile-y-ecuador-intercambian-experiencias-de-agricultura-familiar-aplicadas-en-la-emergencia-por-la-covid-19\/#article","isPartOf":{"@id":"https:\/\/noti-america.com\/site\/ecuador\/2020\/10\/28\/chile-y-ecuador-intercambian-experiencias-de-agricultura-familiar-aplicadas-en-la-emergencia-por-la-covid-19\/"},"author":{"name":"Gregory Quintana Montiel","@id":"https:\/\/noti-america.com\/site\/ecuador\/#\/schema\/person\/3b975e42f15abfe64bfe3abdd916efda"},"headline":"Chile y Ecuador intercambian experiencias de agricultura familiar aplicadas en la emergencia por la Covid-19","datePublished":"2020-10-28T03:28:53+00:00","mainEntityOfPage":{"@id":"https:\/\/noti-america.com\/site\/ecuador\/2020\/10\/28\/chile-y-ecuador-intercambian-experiencias-de-agricultura-familiar-aplicadas-en-la-emergencia-por-la-covid-19\/"},"wordCount":571,"commentCount":0,"publisher":{"@id":"https:\/\/noti-america.com\/site\/ecuador\/#organization"},"image":{"@id":"https:\/\/noti-america.com\/site\/ecuador\/2020\/10\/28\/chile-y-ecuador-intercambian-experiencias-de-agricultura-familiar-aplicadas-en-la-emergencia-por-la-covid-19\/#primaryimage"},"thumbnailUrl":"https:\/\/noti-america.com\/site\/ecuador\/wp-content\/uploads\/sites\/18\/2020\/10\/Agricultores.jpg","articleSection":["Agricultura"],"inLanguage":"es","potentialAction":[{"@type":"CommentAction","name":"Comment","target":["https:\/\/noti-america.com\/site\/ecuador\/2020\/10\/28\/chile-y-ecuador-intercambian-experiencias-de-agricultura-familiar-aplicadas-en-la-emergencia-por-la-covid-19\/#respond"]}]},{"@type":"WebPage","@id":"https:\/\/noti-america.com\/site\/ecuador\/2020\/10\/28\/chile-y-ecuador-intercambian-experiencias-de-agricultura-familiar-aplicadas-en-la-emergencia-por-la-covid-19\/","url":"https:\/\/noti-america.com\/site\/ecuador\/2020\/10\/28\/chile-y-ecuador-intercambian-experiencias-de-agricultura-familiar-aplicadas-en-la-emergencia-por-la-covid-19\/","name":"Chile y Ecuador intercambian experiencias de agricultura familiar aplicadas en la emergencia por la Covid-19 - Ecuador | Noti-America.com","isPartOf":{"@id":"https:\/\/noti-america.com\/site\/ecuador\/#website"},"primaryImageOfPage":{"@id":"https:\/\/noti-america.com\/site\/ecuador\/2020\/10\/28\/chile-y-ecuador-intercambian-experiencias-de-agricultura-familiar-aplicadas-en-la-emergencia-por-la-covid-19\/#primaryimage"},"image":{"@id":"https:\/\/noti-america.com\/site\/ecuador\/2020\/10\/28\/chile-y-ecuador-intercambian-experiencias-de-agricultura-familiar-aplicadas-en-la-emergencia-por-la-covid-19\/#primaryimage"},"thumbnailUrl":"https:\/\/noti-america.com\/site\/ecuador\/wp-content\/uploads\/sites\/18\/2020\/10\/Agricultores.jpg","datePublished":"2020-10-28T03:28:53+00:00","breadcrumb":{"@id":"https:\/\/noti-america.com\/site\/ecuador\/2020\/10\/28\/chile-y-ecuador-intercambian-experiencias-de-agricultura-familiar-aplicadas-en-la-emergencia-por-la-covid-19\/#breadcrumb"},"inLanguage":"es","potentialAction":[{"@type":"ReadAction","target":["https:\/\/noti-america.com\/site\/ecuador\/2020\/10\/28\/chile-y-ecuador-intercambian-experiencias-de-agricultura-familiar-aplicadas-en-la-emergencia-por-la-covid-19\/"]}]},{"@type":"ImageObject","inLanguage":"es","@id":"https:\/\/noti-america.com\/site\/ecuador\/2020\/10\/28\/chile-y-ecuador-intercambian-experiencias-de-agricultura-familiar-aplicadas-en-la-emergencia-por-la-covid-19\/#primaryimage","url":"https:\/\/noti-america.com\/site\/ecuador\/wp-content\/uploads\/sites\/18\/2020\/10\/Agricultores.jpg","contentUrl":"https:\/\/noti-america.com\/site\/ecuador\/wp-content\/uploads\/sites\/18\/2020\/10\/Agricultores.jpg","width":1079,"height":608},{"@type":"BreadcrumbList","@id":"https:\/\/noti-america.com\/site\/ecuador\/2020\/10\/28\/chile-y-ecuador-intercambian-experiencias-de-agricultura-familiar-aplicadas-en-la-emergencia-por-la-covid-19\/#breadcrumb","itemListElement":[{"@type":"ListItem","position":1,"name":"Portada","item":"https:\/\/noti-america.com\/site\/ecuador\/"},{"@type":"ListItem","position":2,"name":"Chile y Ecuador intercambian experiencias de agricultura familiar aplicadas en la emergencia por la Covid-19"}]},{"@type":"WebSite","@id":"https:\/\/noti-america.com\/site\/ecuador\/#website","url":"https:\/\/noti-america.com\/site\/ecuador\/","name":"Ecuador | Noti-America.com","description":"","publisher":{"@id":"https:\/\/noti-america.com\/site\/ecuador\/#organization"},"potentialAction":[{"@type":"SearchAction","target":{"@type":"EntryPoint","urlTemplate":"https:\/\/noti-america.com\/site\/ecuador\/?s={search_term_string}"},"query-input":{"@type":"PropertyValueSpecification","valueRequired":true,"valueName":"search_term_string"}}],"inLanguage":"es"},{"@type":"Organization","@id":"https:\/\/noti-america.com\/site\/ecuador\/#organization","name":"Noti-America LLC | Ecuador","url":"https:\/\/noti-america.com\/site\/ecuador\/","logo":{"@type":"ImageObject","inLanguage":"es","@id":"https:\/\/noti-america.com\/site\/ecuador\/#\/schema\/logo\/image\/","url":"https:\/\/noti-america.com\/site\/ecuador\/wp-content\/uploads\/sites\/18\/2020\/07\/LogoNA-4x3-1.jpg","contentUrl":"https:\/\/noti-america.com\/site\/ecuador\/wp-content\/uploads\/sites\/18\/2020\/07\/LogoNA-4x3-1.jpg","width":1236,"height":1080,"caption":"Noti-America LLC | Ecuador"},"image":{"@id":"https:\/\/noti-america.com\/site\/ecuador\/#\/schema\/logo\/image\/"},"sameAs":["https:\/\/x.com\/notiamerica"]},{"@type":"Person","@id":"https:\/\/noti-america.com\/site\/ecuador\/#\/schema\/person\/3b975e42f15abfe64bfe3abdd916efda","name":"Gregory Quintana Montiel","image":{"@type":"ImageObject","inLanguage":"es","@id":"https:\/\/secure.gravatar.com\/avatar\/2d6b802f7720c2ec7744dcbe608cc2f3417aeb964d58b443c6d612b77531de1d?s=96&d=mm&r=g","url":"https:\/\/secure.gravatar.com\/avatar\/2d6b802f7720c2ec7744dcbe608cc2f3417aeb964d58b443c6d612b77531de1d?s=96&d=mm&r=g","contentUrl":"https:\/\/secure.gravatar.com\/avatar\/2d6b802f7720c2ec7744dcbe608cc2f3417aeb964d58b443c6d612b77531de1d?s=96&d=mm&r=g","caption":"Gregory Quintana Montiel"},"description":"Licenciatura en Ciencias de la Comunicaci\u00f3n Social, egresado en la Especializaci\u00f3n Derecho Ambiental Desarrollo Sostenible y Sustentable, Miembro de la Comunidad de profesionales y experto para Latinoam\u00e9rica y el Caribe en Gesti\u00f3n por Resultado en el Desarrollo (COPLAC - GpRD) del Banco Interamericano de Desarrollo, experiencia en medios radiales y escritos.","sameAs":["https:\/\/x.com\/gdgregori1","gquintana"],"url":"https:\/\/noti-america.com\/site\/ecuador\/author\/gquintana\/"}]}},"_links":{"self":[{"href":"https:\/\/noti-america.com\/site\/ecuador\/wp-json\/wp\/v2\/posts\/11505","targetHints":{"allow":["GET"]}}],"collection":[{"href":"https:\/\/noti-america.com\/site\/ecuador\/wp-json\/wp\/v2\/posts"}],"about":[{"href":"https:\/\/noti-america.com\/site\/ecuador\/wp-json\/wp\/v2\/types\/post"}],"author":[{"embeddable":true,"href":"https:\/\/noti-america.com\/site\/ecuador\/wp-json\/wp\/v2\/users\/17"}],"replies":[{"embeddable":true,"href":"https:\/\/noti-america.com\/site\/ecuador\/wp-json\/wp\/v2\/comments?post=11505"}],"version-history":[{"count":1,"href":"https:\/\/noti-america.com\/site\/ecuador\/wp-json\/wp\/v2\/posts\/11505\/revisions"}],"predecessor-version":[{"id":11507,"href":"https:\/\/noti-america.com\/site\/ecuador\/wp-json\/wp\/v2\/posts\/11505\/revisions\/11507"}],"wp:featuredmedia":[{"embeddable":true,"href":"https:\/\/noti-america.com\/site\/ecuador\/wp-json\/wp\/v2\/media\/11506"}],"wp:attachment":[{"href":"https:\/\/noti-america.com\/site\/ecuador\/wp-json\/wp\/v2\/media?parent=11505"}],"wp:term":[{"taxonomy":"category","embeddable":true,"href":"https:\/\/noti-america.com\/site\/ecuador\/wp-json\/wp\/v2\/categories?post=11505"},{"taxonomy":"post_tag","embeddable":true,"href":"https:\/\/noti-america.com\/site\/ecuador\/wp-json\/wp\/v2\/tags?post=11505"}],"curies":[{"name":"wp","href":"https:\/\/api.w.org\/{rel}","templated":true}]}}