{"id":11361,"date":"2020-10-21T03:48:02","date_gmt":"2020-10-21T03:48:02","guid":{"rendered":"https:\/\/noti-america.com\/site\/ecuador\/?p=11361"},"modified":"2020-10-21T03:56:22","modified_gmt":"2020-10-21T03:56:22","slug":"al-norte-de-la-ciudad-se-reactivan-dos-rutas-alimentadores","status":"publish","type":"post","link":"https:\/\/noti-america.com\/site\/ecuador\/2020\/10\/21\/al-norte-de-la-ciudad-se-reactivan-dos-rutas-alimentadores\/","title":{"rendered":"Al norte de la ciudad se reactivan dos rutas alimentadores"},"content":{"rendered":"<p>REDACCI\u00d3N NOTI AM\u00c9RICA (ECUADOR)<\/p>\n<ul>\n<li><strong>Los horarios de funcionamiento de los buses, son de lunes a s\u00e1bado, de 05:30 a 20:30 y los domingos, de 06:00 a 20:00<\/strong><\/li>\n<\/ul>\n<div style=\"text-align: justify\"><\/div>\n<div style=\"text-align: justify\">\n<div>\n<div id=\"attachment_11363\" style=\"width: 310px\" class=\"wp-caption aligncenter\"><img loading=\"lazy\" decoding=\"async\" aria-describedby=\"caption-attachment-11363\" class=\"wp-image-11363 size-medium\" src=\"https:\/\/noti-america.com\/site\/ecuador\/wp-content\/uploads\/sites\/18\/2020\/10\/RUTA-ALIMENTADORA-GUAYACANES-300x300.jpeg\" alt=\"\" width=\"300\" height=\"300\" srcset=\"https:\/\/noti-america.com\/site\/ecuador\/wp-content\/uploads\/sites\/18\/2020\/10\/RUTA-ALIMENTADORA-GUAYACANES-300x300.jpeg 300w, https:\/\/noti-america.com\/site\/ecuador\/wp-content\/uploads\/sites\/18\/2020\/10\/RUTA-ALIMENTADORA-GUAYACANES-1024x1024.jpeg 1024w, https:\/\/noti-america.com\/site\/ecuador\/wp-content\/uploads\/sites\/18\/2020\/10\/RUTA-ALIMENTADORA-GUAYACANES-150x150.jpeg 150w, https:\/\/noti-america.com\/site\/ecuador\/wp-content\/uploads\/sites\/18\/2020\/10\/RUTA-ALIMENTADORA-GUAYACANES-768x768.jpeg 768w, https:\/\/noti-america.com\/site\/ecuador\/wp-content\/uploads\/sites\/18\/2020\/10\/RUTA-ALIMENTADORA-GUAYACANES-80x80.jpeg 80w, https:\/\/noti-america.com\/site\/ecuador\/wp-content\/uploads\/sites\/18\/2020\/10\/RUTA-ALIMENTADORA-GUAYACANES-320x320.jpeg 320w, https:\/\/noti-america.com\/site\/ecuador\/wp-content\/uploads\/sites\/18\/2020\/10\/RUTA-ALIMENTADORA-GUAYACANES.jpeg 1080w\" sizes=\"auto, (max-width: 300px) 100vw, 300px\" \/><p id=\"caption-attachment-11363\" class=\"wp-caption-text\">Ruta alimentadora Guayacanes<\/p><\/div>\n<p>En el proceso de reactivaci\u00f3n paulatina del Sistema Metrov\u00eda, se suman dos rutas alimentadoras de la troncal 2. Desde este s\u00e1bado 24 de octubre, reiniciar\u00e1 su recorrido la ruta alimentadora Guayacanes.<\/p><\/div>\n<div><\/div>\n<div>Con la reanudaci\u00f3n de actividades de esta ruta se atender\u00e1 a los usuarios de los siguientes sectores: Acuarela del R\u00edo, Sauces 2, Sauces 7, Sauces 3, Sauces 4, Sauces 5, Guayacanes 3ra etapa y Guayacanes 5ta etapa. Esta ruta cumple la misi\u00f3n de trasladar a las personas hasta la Terminal R\u00edo Daule del sistema.<\/div>\n<div><\/div>\n<div>Asimismo, desde el 12 de octubre, el alimentador Juan Tanca Marengo volvi\u00f3 a operar y recorrer las siguientes zonas del norte de la urbe: ciudadela Adace, OmniHospital, Mall del Sol, Urdenor 1, Urdenor 2, Centro de Estudios Esp\u00edritu Santo, Liceo Cristiano de Guayaquil, City Mall.<\/div>\n<\/div>\n","protected":false},"excerpt":{"rendered":"<p>REDACCI\u00d3N NOTI AM\u00c9RICA (ECUADOR) Los horarios de funcionamiento de los buses, son de lunes a s\u00e1bado, de 05:30 a 20:30 y los domingos, de 06:00 a 20:00 En el proceso de reactivaci\u00f3n paulatina del&#46;&#46;&#46;<\/p>\n","protected":false},"author":17,"featured_media":11362,"comment_status":"open","ping_status":"open","sticky":false,"template":"","format":"standard","meta":{"_acf_changed":false,"om_disable_all_campaigns":false,"rop_custom_images_group":[],"rop_custom_messages_group":[],"rop_publish_now":"initial","rop_publish_now_accounts":{"twitter_242054905_242054905":""},"rop_publish_now_history":[],"rop_publish_now_status":"pending","_uf_show_specific_survey":0,"_uf_disable_surveys":false,"footnotes":""},"categories":[42],"tags":[],"class_list":["post-11361","post","type-post","status-publish","format-standard","has-post-thumbnail","hentry","category-noticias"],"acf":[],"aioseo_notices":[],"yoast_head":"<!-- This site is optimized with the Yoast SEO Premium plugin v24.9 (Yoast SEO v27.2) - https:\/\/yoast.com\/product\/yoast-seo-premium-wordpress\/ -->\n<title>Al norte de la ciudad se reactivan dos rutas alimentadores - Ecuador | Noti-America.com<\/title>\n<meta name=\"robots\" content=\"index, follow, max-snippet:-1, max-image-preview:large, max-video-preview:-1\" \/>\n<link rel=\"canonical\" href=\"https:\/\/noti-america.com\/site\/ecuador\/2020\/10\/21\/al-norte-de-la-ciudad-se-reactivan-dos-rutas-alimentadores\/\" \/>\n<meta property=\"og:locale\" content=\"es_ES\" \/>\n<meta property=\"og:type\" content=\"article\" \/>\n<meta property=\"og:title\" content=\"Al norte de la ciudad se reactivan dos rutas alimentadores\" \/>\n<meta property=\"og:description\" content=\"REDACCI\u00d3N NOTI AM\u00c9RICA (ECUADOR) Los horarios de funcionamiento de los buses, son de lunes a s\u00e1bado, de 05:30 a 20:30 y los domingos, de 06:00 a 20:00 En el proceso de reactivaci\u00f3n paulatina del&#046;&#046;&#046;\" \/>\n<meta property=\"og:url\" content=\"https:\/\/noti-america.com\/site\/ecuador\/2020\/10\/21\/al-norte-de-la-ciudad-se-reactivan-dos-rutas-alimentadores\/\" \/>\n<meta property=\"og:site_name\" content=\"Ecuador | Noti-America.com\" \/>\n<meta property=\"article:published_time\" content=\"2020-10-21T03:48:02+00:00\" \/>\n<meta property=\"article:modified_time\" content=\"2020-10-21T03:56:22+00:00\" \/>\n<meta property=\"og:image\" content=\"https:\/\/noti-america.com\/site\/ecuador\/wp-content\/uploads\/sites\/18\/2020\/10\/RUTA-JUAN-TANCA-MARENGO.jpeg\" \/>\n\t<meta property=\"og:image:width\" content=\"1080\" \/>\n\t<meta property=\"og:image:height\" content=\"1080\" \/>\n\t<meta property=\"og:image:type\" content=\"image\/jpeg\" \/>\n<meta name=\"author\" content=\"Gregory Quintana Montiel\" \/>\n<meta name=\"twitter:card\" content=\"summary_large_image\" \/>\n<meta name=\"twitter:creator\" content=\"@gdgregori1\" \/>\n<meta name=\"twitter:site\" content=\"@notiamerica\" \/>\n<meta name=\"twitter:label1\" content=\"Escrito por\" \/>\n\t<meta name=\"twitter:data1\" content=\"Gregory Quintana Montiel\" \/>\n\t<meta name=\"twitter:label2\" content=\"Tiempo estimado de lectura\" \/>\n\t<meta name=\"twitter:data2\" content=\"1 minuto\" \/>\n<script type=\"application\/ld+json\" class=\"yoast-schema-graph\">{\"@context\":\"https:\/\/schema.org\",\"@graph\":[{\"@type\":\"Article\",\"@id\":\"https:\/\/noti-america.com\/site\/ecuador\/2020\/10\/21\/al-norte-de-la-ciudad-se-reactivan-dos-rutas-alimentadores\/#article\",\"isPartOf\":{\"@id\":\"https:\/\/noti-america.com\/site\/ecuador\/2020\/10\/21\/al-norte-de-la-ciudad-se-reactivan-dos-rutas-alimentadores\/\"},\"author\":{\"name\":\"Gregory Quintana Montiel\",\"@id\":\"https:\/\/noti-america.com\/site\/ecuador\/#\/schema\/person\/3b975e42f15abfe64bfe3abdd916efda\"},\"headline\":\"Al norte de la ciudad se reactivan dos rutas alimentadores\",\"datePublished\":\"2020-10-21T03:48:02+00:00\",\"dateModified\":\"2020-10-21T03:56:22+00:00\",\"mainEntityOfPage\":{\"@id\":\"https:\/\/noti-america.com\/site\/ecuador\/2020\/10\/21\/al-norte-de-la-ciudad-se-reactivan-dos-rutas-alimentadores\/\"},\"wordCount\":174,\"commentCount\":0,\"publisher\":{\"@id\":\"https:\/\/noti-america.com\/site\/ecuador\/#organization\"},\"image\":{\"@id\":\"https:\/\/noti-america.com\/site\/ecuador\/2020\/10\/21\/al-norte-de-la-ciudad-se-reactivan-dos-rutas-alimentadores\/#primaryimage\"},\"thumbnailUrl\":\"https:\/\/noti-america.com\/site\/ecuador\/wp-content\/uploads\/sites\/18\/2020\/10\/RUTA-JUAN-TANCA-MARENGO.jpeg\",\"articleSection\":[\"Noticias\"],\"inLanguage\":\"es\",\"potentialAction\":[{\"@type\":\"CommentAction\",\"name\":\"Comment\",\"target\":[\"https:\/\/noti-america.com\/site\/ecuador\/2020\/10\/21\/al-norte-de-la-ciudad-se-reactivan-dos-rutas-alimentadores\/#respond\"]}]},{\"@type\":\"WebPage\",\"@id\":\"https:\/\/noti-america.com\/site\/ecuador\/2020\/10\/21\/al-norte-de-la-ciudad-se-reactivan-dos-rutas-alimentadores\/\",\"url\":\"https:\/\/noti-america.com\/site\/ecuador\/2020\/10\/21\/al-norte-de-la-ciudad-se-reactivan-dos-rutas-alimentadores\/\",\"name\":\"Al norte de la ciudad se reactivan dos rutas alimentadores - Ecuador | Noti-America.com\",\"isPartOf\":{\"@id\":\"https:\/\/noti-america.com\/site\/ecuador\/#website\"},\"primaryImageOfPage\":{\"@id\":\"https:\/\/noti-america.com\/site\/ecuador\/2020\/10\/21\/al-norte-de-la-ciudad-se-reactivan-dos-rutas-alimentadores\/#primaryimage\"},\"image\":{\"@id\":\"https:\/\/noti-america.com\/site\/ecuador\/2020\/10\/21\/al-norte-de-la-ciudad-se-reactivan-dos-rutas-alimentadores\/#primaryimage\"},\"thumbnailUrl\":\"https:\/\/noti-america.com\/site\/ecuador\/wp-content\/uploads\/sites\/18\/2020\/10\/RUTA-JUAN-TANCA-MARENGO.jpeg\",\"datePublished\":\"2020-10-21T03:48:02+00:00\",\"dateModified\":\"2020-10-21T03:56:22+00:00\",\"breadcrumb\":{\"@id\":\"https:\/\/noti-america.com\/site\/ecuador\/2020\/10\/21\/al-norte-de-la-ciudad-se-reactivan-dos-rutas-alimentadores\/#breadcrumb\"},\"inLanguage\":\"es\",\"potentialAction\":[{\"@type\":\"ReadAction\",\"target\":[\"https:\/\/noti-america.com\/site\/ecuador\/2020\/10\/21\/al-norte-de-la-ciudad-se-reactivan-dos-rutas-alimentadores\/\"]}]},{\"@type\":\"ImageObject\",\"inLanguage\":\"es\",\"@id\":\"https:\/\/noti-america.com\/site\/ecuador\/2020\/10\/21\/al-norte-de-la-ciudad-se-reactivan-dos-rutas-alimentadores\/#primaryimage\",\"url\":\"https:\/\/noti-america.com\/site\/ecuador\/wp-content\/uploads\/sites\/18\/2020\/10\/RUTA-JUAN-TANCA-MARENGO.jpeg\",\"contentUrl\":\"https:\/\/noti-america.com\/site\/ecuador\/wp-content\/uploads\/sites\/18\/2020\/10\/RUTA-JUAN-TANCA-MARENGO.jpeg\",\"width\":1080,\"height\":1080},{\"@type\":\"BreadcrumbList\",\"@id\":\"https:\/\/noti-america.com\/site\/ecuador\/2020\/10\/21\/al-norte-de-la-ciudad-se-reactivan-dos-rutas-alimentadores\/#breadcrumb\",\"itemListElement\":[{\"@type\":\"ListItem\",\"position\":1,\"name\":\"Portada\",\"item\":\"https:\/\/noti-america.com\/site\/ecuador\/\"},{\"@type\":\"ListItem\",\"position\":2,\"name\":\"Al norte de la ciudad se reactivan dos rutas alimentadores\"}]},{\"@type\":\"WebSite\",\"@id\":\"https:\/\/noti-america.com\/site\/ecuador\/#website\",\"url\":\"https:\/\/noti-america.com\/site\/ecuador\/\",\"name\":\"Ecuador | Noti-America.com\",\"description\":\"\",\"publisher\":{\"@id\":\"https:\/\/noti-america.com\/site\/ecuador\/#organization\"},\"potentialAction\":[{\"@type\":\"SearchAction\",\"target\":{\"@type\":\"EntryPoint\",\"urlTemplate\":\"https:\/\/noti-america.com\/site\/ecuador\/?s={search_term_string}\"},\"query-input\":{\"@type\":\"PropertyValueSpecification\",\"valueRequired\":true,\"valueName\":\"search_term_string\"}}],\"inLanguage\":\"es\"},{\"@type\":\"Organization\",\"@id\":\"https:\/\/noti-america.com\/site\/ecuador\/#organization\",\"name\":\"Noti-America LLC | Ecuador\",\"url\":\"https:\/\/noti-america.com\/site\/ecuador\/\",\"logo\":{\"@type\":\"ImageObject\",\"inLanguage\":\"es\",\"@id\":\"https:\/\/noti-america.com\/site\/ecuador\/#\/schema\/logo\/image\/\",\"url\":\"https:\/\/noti-america.com\/site\/ecuador\/wp-content\/uploads\/sites\/18\/2020\/07\/LogoNA-4x3-1.jpg\",\"contentUrl\":\"https:\/\/noti-america.com\/site\/ecuador\/wp-content\/uploads\/sites\/18\/2020\/07\/LogoNA-4x3-1.jpg\",\"width\":1236,\"height\":1080,\"caption\":\"Noti-America LLC | Ecuador\"},\"image\":{\"@id\":\"https:\/\/noti-america.com\/site\/ecuador\/#\/schema\/logo\/image\/\"},\"sameAs\":[\"https:\/\/x.com\/notiamerica\"]},{\"@type\":\"Person\",\"@id\":\"https:\/\/noti-america.com\/site\/ecuador\/#\/schema\/person\/3b975e42f15abfe64bfe3abdd916efda\",\"name\":\"Gregory Quintana Montiel\",\"image\":{\"@type\":\"ImageObject\",\"inLanguage\":\"es\",\"@id\":\"https:\/\/secure.gravatar.com\/avatar\/2d6b802f7720c2ec7744dcbe608cc2f3417aeb964d58b443c6d612b77531de1d?s=96&d=mm&r=g\",\"url\":\"https:\/\/secure.gravatar.com\/avatar\/2d6b802f7720c2ec7744dcbe608cc2f3417aeb964d58b443c6d612b77531de1d?s=96&d=mm&r=g\",\"contentUrl\":\"https:\/\/secure.gravatar.com\/avatar\/2d6b802f7720c2ec7744dcbe608cc2f3417aeb964d58b443c6d612b77531de1d?s=96&d=mm&r=g\",\"caption\":\"Gregory Quintana Montiel\"},\"description\":\"Licenciatura en Ciencias de la Comunicaci\u00f3n Social, egresado en la Especializaci\u00f3n Derecho Ambiental Desarrollo Sostenible y Sustentable, Miembro de la Comunidad de profesionales y experto para Latinoam\u00e9rica y el Caribe en Gesti\u00f3n por Resultado en el Desarrollo (COPLAC - GpRD) del Banco Interamericano de Desarrollo, experiencia en medios radiales y escritos.\",\"sameAs\":[\"https:\/\/x.com\/gdgregori1\",\"gquintana\"],\"url\":\"https:\/\/noti-america.com\/site\/ecuador\/author\/gquintana\/\"}]}<\/script>\n<!-- \/ Yoast SEO Premium plugin. -->","yoast_head_json":{"title":"Al norte de la ciudad se reactivan dos rutas alimentadores - Ecuador | Noti-America.com","robots":{"index":"index","follow":"follow","max-snippet":"max-snippet:-1","max-image-preview":"max-image-preview:large","max-video-preview":"max-video-preview:-1"},"canonical":"https:\/\/noti-america.com\/site\/ecuador\/2020\/10\/21\/al-norte-de-la-ciudad-se-reactivan-dos-rutas-alimentadores\/","og_locale":"es_ES","og_type":"article","og_title":"Al norte de la ciudad se reactivan dos rutas alimentadores","og_description":"REDACCI\u00d3N NOTI AM\u00c9RICA (ECUADOR) Los horarios de funcionamiento de los buses, son de lunes a s\u00e1bado, de 05:30 a 20:30 y los domingos, de 06:00 a 20:00 En el proceso de reactivaci\u00f3n paulatina del&#46;&#46;&#46;","og_url":"https:\/\/noti-america.com\/site\/ecuador\/2020\/10\/21\/al-norte-de-la-ciudad-se-reactivan-dos-rutas-alimentadores\/","og_site_name":"Ecuador | Noti-America.com","article_published_time":"2020-10-21T03:48:02+00:00","article_modified_time":"2020-10-21T03:56:22+00:00","og_image":[{"width":1080,"height":1080,"url":"https:\/\/noti-america.com\/site\/ecuador\/wp-content\/uploads\/sites\/18\/2020\/10\/RUTA-JUAN-TANCA-MARENGO.jpeg","type":"image\/jpeg"}],"author":"Gregory Quintana Montiel","twitter_card":"summary_large_image","twitter_creator":"@gdgregori1","twitter_site":"@notiamerica","twitter_misc":{"Escrito por":"Gregory Quintana Montiel","Tiempo estimado de lectura":"1 minuto"},"schema":{"@context":"https:\/\/schema.org","@graph":[{"@type":"Article","@id":"https:\/\/noti-america.com\/site\/ecuador\/2020\/10\/21\/al-norte-de-la-ciudad-se-reactivan-dos-rutas-alimentadores\/#article","isPartOf":{"@id":"https:\/\/noti-america.com\/site\/ecuador\/2020\/10\/21\/al-norte-de-la-ciudad-se-reactivan-dos-rutas-alimentadores\/"},"author":{"name":"Gregory Quintana Montiel","@id":"https:\/\/noti-america.com\/site\/ecuador\/#\/schema\/person\/3b975e42f15abfe64bfe3abdd916efda"},"headline":"Al norte de la ciudad se reactivan dos rutas alimentadores","datePublished":"2020-10-21T03:48:02+00:00","dateModified":"2020-10-21T03:56:22+00:00","mainEntityOfPage":{"@id":"https:\/\/noti-america.com\/site\/ecuador\/2020\/10\/21\/al-norte-de-la-ciudad-se-reactivan-dos-rutas-alimentadores\/"},"wordCount":174,"commentCount":0,"publisher":{"@id":"https:\/\/noti-america.com\/site\/ecuador\/#organization"},"image":{"@id":"https:\/\/noti-america.com\/site\/ecuador\/2020\/10\/21\/al-norte-de-la-ciudad-se-reactivan-dos-rutas-alimentadores\/#primaryimage"},"thumbnailUrl":"https:\/\/noti-america.com\/site\/ecuador\/wp-content\/uploads\/sites\/18\/2020\/10\/RUTA-JUAN-TANCA-MARENGO.jpeg","articleSection":["Noticias"],"inLanguage":"es","potentialAction":[{"@type":"CommentAction","name":"Comment","target":["https:\/\/noti-america.com\/site\/ecuador\/2020\/10\/21\/al-norte-de-la-ciudad-se-reactivan-dos-rutas-alimentadores\/#respond"]}]},{"@type":"WebPage","@id":"https:\/\/noti-america.com\/site\/ecuador\/2020\/10\/21\/al-norte-de-la-ciudad-se-reactivan-dos-rutas-alimentadores\/","url":"https:\/\/noti-america.com\/site\/ecuador\/2020\/10\/21\/al-norte-de-la-ciudad-se-reactivan-dos-rutas-alimentadores\/","name":"Al norte de la ciudad se reactivan dos rutas alimentadores - Ecuador | Noti-America.com","isPartOf":{"@id":"https:\/\/noti-america.com\/site\/ecuador\/#website"},"primaryImageOfPage":{"@id":"https:\/\/noti-america.com\/site\/ecuador\/2020\/10\/21\/al-norte-de-la-ciudad-se-reactivan-dos-rutas-alimentadores\/#primaryimage"},"image":{"@id":"https:\/\/noti-america.com\/site\/ecuador\/2020\/10\/21\/al-norte-de-la-ciudad-se-reactivan-dos-rutas-alimentadores\/#primaryimage"},"thumbnailUrl":"https:\/\/noti-america.com\/site\/ecuador\/wp-content\/uploads\/sites\/18\/2020\/10\/RUTA-JUAN-TANCA-MARENGO.jpeg","datePublished":"2020-10-21T03:48:02+00:00","dateModified":"2020-10-21T03:56:22+00:00","breadcrumb":{"@id":"https:\/\/noti-america.com\/site\/ecuador\/2020\/10\/21\/al-norte-de-la-ciudad-se-reactivan-dos-rutas-alimentadores\/#breadcrumb"},"inLanguage":"es","potentialAction":[{"@type":"ReadAction","target":["https:\/\/noti-america.com\/site\/ecuador\/2020\/10\/21\/al-norte-de-la-ciudad-se-reactivan-dos-rutas-alimentadores\/"]}]},{"@type":"ImageObject","inLanguage":"es","@id":"https:\/\/noti-america.com\/site\/ecuador\/2020\/10\/21\/al-norte-de-la-ciudad-se-reactivan-dos-rutas-alimentadores\/#primaryimage","url":"https:\/\/noti-america.com\/site\/ecuador\/wp-content\/uploads\/sites\/18\/2020\/10\/RUTA-JUAN-TANCA-MARENGO.jpeg","contentUrl":"https:\/\/noti-america.com\/site\/ecuador\/wp-content\/uploads\/sites\/18\/2020\/10\/RUTA-JUAN-TANCA-MARENGO.jpeg","width":1080,"height":1080},{"@type":"BreadcrumbList","@id":"https:\/\/noti-america.com\/site\/ecuador\/2020\/10\/21\/al-norte-de-la-ciudad-se-reactivan-dos-rutas-alimentadores\/#breadcrumb","itemListElement":[{"@type":"ListItem","position":1,"name":"Portada","item":"https:\/\/noti-america.com\/site\/ecuador\/"},{"@type":"ListItem","position":2,"name":"Al norte de la ciudad se reactivan dos rutas alimentadores"}]},{"@type":"WebSite","@id":"https:\/\/noti-america.com\/site\/ecuador\/#website","url":"https:\/\/noti-america.com\/site\/ecuador\/","name":"Ecuador | Noti-America.com","description":"","publisher":{"@id":"https:\/\/noti-america.com\/site\/ecuador\/#organization"},"potentialAction":[{"@type":"SearchAction","target":{"@type":"EntryPoint","urlTemplate":"https:\/\/noti-america.com\/site\/ecuador\/?s={search_term_string}"},"query-input":{"@type":"PropertyValueSpecification","valueRequired":true,"valueName":"search_term_string"}}],"inLanguage":"es"},{"@type":"Organization","@id":"https:\/\/noti-america.com\/site\/ecuador\/#organization","name":"Noti-America LLC | Ecuador","url":"https:\/\/noti-america.com\/site\/ecuador\/","logo":{"@type":"ImageObject","inLanguage":"es","@id":"https:\/\/noti-america.com\/site\/ecuador\/#\/schema\/logo\/image\/","url":"https:\/\/noti-america.com\/site\/ecuador\/wp-content\/uploads\/sites\/18\/2020\/07\/LogoNA-4x3-1.jpg","contentUrl":"https:\/\/noti-america.com\/site\/ecuador\/wp-content\/uploads\/sites\/18\/2020\/07\/LogoNA-4x3-1.jpg","width":1236,"height":1080,"caption":"Noti-America LLC | Ecuador"},"image":{"@id":"https:\/\/noti-america.com\/site\/ecuador\/#\/schema\/logo\/image\/"},"sameAs":["https:\/\/x.com\/notiamerica"]},{"@type":"Person","@id":"https:\/\/noti-america.com\/site\/ecuador\/#\/schema\/person\/3b975e42f15abfe64bfe3abdd916efda","name":"Gregory Quintana Montiel","image":{"@type":"ImageObject","inLanguage":"es","@id":"https:\/\/secure.gravatar.com\/avatar\/2d6b802f7720c2ec7744dcbe608cc2f3417aeb964d58b443c6d612b77531de1d?s=96&d=mm&r=g","url":"https:\/\/secure.gravatar.com\/avatar\/2d6b802f7720c2ec7744dcbe608cc2f3417aeb964d58b443c6d612b77531de1d?s=96&d=mm&r=g","contentUrl":"https:\/\/secure.gravatar.com\/avatar\/2d6b802f7720c2ec7744dcbe608cc2f3417aeb964d58b443c6d612b77531de1d?s=96&d=mm&r=g","caption":"Gregory Quintana Montiel"},"description":"Licenciatura en Ciencias de la Comunicaci\u00f3n Social, egresado en la Especializaci\u00f3n Derecho Ambiental Desarrollo Sostenible y Sustentable, Miembro de la Comunidad de profesionales y experto para Latinoam\u00e9rica y el Caribe en Gesti\u00f3n por Resultado en el Desarrollo (COPLAC - GpRD) del Banco Interamericano de Desarrollo, experiencia en medios radiales y escritos.","sameAs":["https:\/\/x.com\/gdgregori1","gquintana"],"url":"https:\/\/noti-america.com\/site\/ecuador\/author\/gquintana\/"}]}},"_links":{"self":[{"href":"https:\/\/noti-america.com\/site\/ecuador\/wp-json\/wp\/v2\/posts\/11361","targetHints":{"allow":["GET"]}}],"collection":[{"href":"https:\/\/noti-america.com\/site\/ecuador\/wp-json\/wp\/v2\/posts"}],"about":[{"href":"https:\/\/noti-america.com\/site\/ecuador\/wp-json\/wp\/v2\/types\/post"}],"author":[{"embeddable":true,"href":"https:\/\/noti-america.com\/site\/ecuador\/wp-json\/wp\/v2\/users\/17"}],"replies":[{"embeddable":true,"href":"https:\/\/noti-america.com\/site\/ecuador\/wp-json\/wp\/v2\/comments?post=11361"}],"version-history":[{"count":7,"href":"https:\/\/noti-america.com\/site\/ecuador\/wp-json\/wp\/v2\/posts\/11361\/revisions"}],"predecessor-version":[{"id":11370,"href":"https:\/\/noti-america.com\/site\/ecuador\/wp-json\/wp\/v2\/posts\/11361\/revisions\/11370"}],"wp:featuredmedia":[{"embeddable":true,"href":"https:\/\/noti-america.com\/site\/ecuador\/wp-json\/wp\/v2\/media\/11362"}],"wp:attachment":[{"href":"https:\/\/noti-america.com\/site\/ecuador\/wp-json\/wp\/v2\/media?parent=11361"}],"wp:term":[{"taxonomy":"category","embeddable":true,"href":"https:\/\/noti-america.com\/site\/ecuador\/wp-json\/wp\/v2\/categories?post=11361"},{"taxonomy":"post_tag","embeddable":true,"href":"https:\/\/noti-america.com\/site\/ecuador\/wp-json\/wp\/v2\/tags?post=11361"}],"curies":[{"name":"wp","href":"https:\/\/api.w.org\/{rel}","templated":true}]}}