{"id":11356,"date":"2020-10-21T03:04:01","date_gmt":"2020-10-21T03:04:01","guid":{"rendered":"https:\/\/noti-america.com\/site\/ecuador\/?p=11356"},"modified":"2020-10-21T03:04:01","modified_gmt":"2020-10-21T03:04:01","slug":"autoridades-de-guayaquil-realizaron-inspeccion-de-avance-de-obra-de-la-aerovia","status":"publish","type":"post","link":"https:\/\/noti-america.com\/site\/ecuador\/2020\/10\/21\/autoridades-de-guayaquil-realizaron-inspeccion-de-avance-de-obra-de-la-aerovia\/","title":{"rendered":"Autoridades de Guayaquil realizaron inspecci\u00f3n de avance de obra de la Aerov\u00eda"},"content":{"rendered":"<p>REDACCI\u00d3N NOTI AM\u00c9RICA (ECUADOR)<\/p>\n<div style=\"text-align: justify\">\n<div id=\"attachment_11358\" style=\"width: 310px\" class=\"wp-caption alignleft\"><img loading=\"lazy\" decoding=\"async\" aria-describedby=\"caption-attachment-11358\" class=\"wp-image-11358 size-medium\" src=\"https:\/\/noti-america.com\/site\/ecuador\/wp-content\/uploads\/sites\/18\/2020\/10\/AEROVIA-2-300x200.jpeg\" alt=\"\" width=\"300\" height=\"200\" srcset=\"https:\/\/noti-america.com\/site\/ecuador\/wp-content\/uploads\/sites\/18\/2020\/10\/AEROVIA-2-300x200.jpeg 300w, https:\/\/noti-america.com\/site\/ecuador\/wp-content\/uploads\/sites\/18\/2020\/10\/AEROVIA-2-1024x683.jpeg 1024w, https:\/\/noti-america.com\/site\/ecuador\/wp-content\/uploads\/sites\/18\/2020\/10\/AEROVIA-2-768x512.jpeg 768w, https:\/\/noti-america.com\/site\/ecuador\/wp-content\/uploads\/sites\/18\/2020\/10\/AEROVIA-2-272x182.jpeg 272w, https:\/\/noti-america.com\/site\/ecuador\/wp-content\/uploads\/sites\/18\/2020\/10\/AEROVIA-2.jpeg 1280w\" sizes=\"auto, (max-width: 300px) 100vw, 300px\" \/><p id=\"caption-attachment-11358\" class=\"wp-caption-text\">Alcaldesa de Guayaquil, Vicente Taiano ATM, Jaime Nebot y vicealcalde de la ciudad<\/p><\/div>\n<p>Guayaquil avanza en el camino hacia una movilidad integral, con la pr\u00f3xima puesta en funcionamiento del Sistema de Transportaci\u00f3n Aerosuspendido AEROV\u00cdA. Hoy, el Gerente General de la ATM, Dr. Vicente Taiano B., junto a la Alcaldesa de Guayaquil, Dra. Cynthia Viteri, y el presidente de la Iniciativa Ciudadana 200 A\u00f1os, Ab. Jaime Nebot, realizaron una inspecci\u00f3n de avance de obra de esta alternativa de movilizaci\u00f3n entre la ciudad y el vecino cant\u00f3n Dur\u00e1n.<\/p><\/div>\n<div style=\"text-align: justify\"><\/div>\n<div style=\"text-align: justify\">\u201cEsta obra une dos ciudades hermanas, Guayaquil y Dur\u00e1n, con historias y tradiciones comunes pero fundamentalmente con la misma idea de progreso y desarrollo, englobada en un solo concepto delineado hace muchos a\u00f1os por Jaime Nebot que se conoce como El Gran Guayaquil\u201d, destac\u00f3 el Dr. Taiano B, en su intervenci\u00f3n.<\/div>\n<div style=\"text-align: justify\"><\/div>\n<div style=\"text-align: justify\">Se\u00f1al\u00f3 que este sistema de transportaci\u00f3n aerosuspendida es una alternativa m\u00e1s que se pone a disposici\u00f3n de la ciudadan\u00eda que se transporte entre Guayaquil y Dur\u00e1n. \u201cEsta es una alternativa de movilidad sostenible, que adem\u00e1s permitir\u00e1 que por 0,70 centavos (en Dur\u00e1n) el usuario podr\u00e1 abordar un bus, subir a la Aerov\u00eda y moverse hacia cualquiera de las 3 estaciones del recorrido en Guayaquil\u201d, acot\u00f3.<\/div>\n<div style=\"text-align: justify\"><\/div>\n<div style=\"text-align: justify\">Esto ser\u00e1 posible por el convenio suscrito con dos cooperativas de transporte de Dur\u00e1n que permitir\u00e1n que 105 unidades presten el servicio de alimentadoras de la Aerov\u00eda.<\/div>\n<div style=\"text-align: justify\"><\/div>\n<div style=\"text-align: justify\">\u201cEl cambio es fundamental. Si podemos responder preguntas, es sencillo: 40.000 personas por d\u00eda, cabinas con internet, seguridad, la reducci\u00f3n del trayecto de viaje de 45 minutos a una hora de viaje a 17 o 20 minutos (\u2026) ahora, el poder hacerlo y que funcione es la distinci\u00f3n que tiene Guayaquil con otras ciudades del pa\u00eds, aqu\u00ed hacemos que las cosas funcionen\u201d, sostuvo la Alcaldesa de Guayaquil.<\/div>\n<div style=\"text-align: justify\"><\/div>\n<div style=\"text-align: justify\">\u201cNinguna ciudad de m\u00e1s de un mill\u00f3n de habitantes puede vivir sin un sistema de transportaci\u00f3n masiva. \u00bfcu\u00e1l es ese sistema? El que la gente pueda pagar, porque evidentemente un monorriel es m\u00e1s lujoso y m\u00e1s bonito que una Aerov\u00eda, un Metro es m\u00e1s lujoso y m\u00e1s bonito que una Metrov\u00eda, pero \u00bfcu\u00e1nto valen?: dos d\u00f3lares, pero la pregunta es \u00bfqui\u00e9n va a pagar la diferencia?, expres\u00f3 el exalcalde de Guayaquil, Ab. Jaime Nebot, quien tambi\u00e9n preside la iniciativa ciudadana 200 A\u00f1os.<\/div>\n<div style=\"text-align: justify\"><\/div>\n<div style=\"text-align: justify\">Esta reflexi\u00f3n la hizo para destacar que este tipo de obras ha sido posible por la \u201csana administraci\u00f3n\u201d, que es la que sabe conjugar las cosas para dar el mejor servicio al mejor costo, sin quebrar ni al pueblo ni a la instituci\u00f3n que se regenta o al Estado.<\/div>\n<div style=\"text-align: justify\"><\/div>\n<div style=\"text-align: justify\">Este proyecto, que tiene un costo de 114 millones de d\u00f3lares, de los cuales el 85% fueron cubiertos por la ciudad -en partes iguales- por la Municipalidad de Guayaquil y la Autoridad de Tr\u00e1nsito Municipal mientras que el 15% lo asumi\u00f3 el consorcio Aerosuspendido Guayaquil integrado por Poma y Sofratesa. Se encuentra en el 93% de avance de obra por lo que podr\u00e1 ser inaugurado en diciembre, para funcionar desde las 05:00 a 23:00, diariamente.<\/div>\n<div style=\"text-align: justify\">El sistema Aerov\u00eda, cuyo pasaje ser\u00e1 de 0,70 centavos -en el cual est\u00e1 incluido el servicio de bus alimentador en el cant\u00f3n Dur\u00e1n- podr\u00e1 ser pagado por el usuario utilizando una tarjeta para recarga.<\/div>\n<div style=\"text-align: justify\"><\/div>\n<div style=\"text-align: justify\">Est\u00e1 conformado por 154 cabinas que recorrer\u00e1n en un tiempo promedio de 17 a 20 minutos entre Guayaquil y Dur\u00e1n. El sistema cuenta con 5 estaciones: Parque Centenario (1), Juli\u00e1n Coronel (2), T\u00e9cnica o Motriz (3) -no recibe ni deja pasajeros-; Cuatro Mosqueteros (4), Abel Gilbert (5), en Dur\u00e1n.<\/div>\n","protected":false},"excerpt":{"rendered":"<p>REDACCI\u00d3N NOTI AM\u00c9RICA (ECUADOR) Guayaquil avanza en el camino hacia una movilidad integral, con la pr\u00f3xima puesta en funcionamiento del Sistema de Transportaci\u00f3n Aerosuspendido AEROV\u00cdA. Hoy, el Gerente General de la ATM, Dr. Vicente&#46;&#46;&#46;<\/p>\n","protected":false},"author":17,"featured_media":11357,"comment_status":"open","ping_status":"open","sticky":false,"template":"","format":"standard","meta":{"_acf_changed":false,"om_disable_all_campaigns":false,"rop_custom_images_group":[],"rop_custom_messages_group":[],"rop_publish_now":"initial","rop_publish_now_accounts":{"twitter_242054905_242054905":""},"rop_publish_now_history":[],"rop_publish_now_status":"pending","_uf_show_specific_survey":0,"_uf_disable_surveys":false,"footnotes":""},"categories":[1],"tags":[],"class_list":["post-11356","post","type-post","status-publish","format-standard","has-post-thumbnail","hentry","category-uncategorized"],"acf":[],"aioseo_notices":[],"yoast_head":"<!-- This site is optimized with the Yoast SEO Premium plugin v24.9 (Yoast SEO v27.2) - https:\/\/yoast.com\/product\/yoast-seo-premium-wordpress\/ -->\n<title>Autoridades de Guayaquil realizaron inspecci\u00f3n de avance de obra de la Aerov\u00eda - Ecuador | Noti-America.com<\/title>\n<meta name=\"robots\" content=\"index, follow, max-snippet:-1, max-image-preview:large, max-video-preview:-1\" \/>\n<link rel=\"canonical\" href=\"https:\/\/noti-america.com\/site\/ecuador\/2020\/10\/21\/autoridades-de-guayaquil-realizaron-inspeccion-de-avance-de-obra-de-la-aerovia\/\" \/>\n<meta property=\"og:locale\" content=\"es_ES\" \/>\n<meta property=\"og:type\" content=\"article\" \/>\n<meta property=\"og:title\" content=\"Autoridades de Guayaquil realizaron inspecci\u00f3n de avance de obra de la Aerov\u00eda\" \/>\n<meta property=\"og:description\" content=\"REDACCI\u00d3N NOTI AM\u00c9RICA (ECUADOR) Guayaquil avanza en el camino hacia una movilidad integral, con la pr\u00f3xima puesta en funcionamiento del Sistema de Transportaci\u00f3n Aerosuspendido AEROV\u00cdA. Hoy, el Gerente General de la ATM, Dr. Vicente&#046;&#046;&#046;\" \/>\n<meta property=\"og:url\" content=\"https:\/\/noti-america.com\/site\/ecuador\/2020\/10\/21\/autoridades-de-guayaquil-realizaron-inspeccion-de-avance-de-obra-de-la-aerovia\/\" \/>\n<meta property=\"og:site_name\" content=\"Ecuador | Noti-America.com\" \/>\n<meta property=\"article:published_time\" content=\"2020-10-21T03:04:01+00:00\" \/>\n<meta property=\"og:image\" content=\"https:\/\/noti-america.com\/site\/ecuador\/wp-content\/uploads\/sites\/18\/2020\/10\/AEROVIA-GUAYAQUIL.jpeg\" \/>\n\t<meta property=\"og:image:width\" content=\"1280\" \/>\n\t<meta property=\"og:image:height\" content=\"854\" \/>\n\t<meta property=\"og:image:type\" content=\"image\/jpeg\" \/>\n<meta name=\"author\" content=\"Gregory Quintana Montiel\" \/>\n<meta name=\"twitter:card\" content=\"summary_large_image\" \/>\n<meta name=\"twitter:creator\" content=\"@gdgregori1\" \/>\n<meta name=\"twitter:site\" content=\"@notiamerica\" \/>\n<meta name=\"twitter:label1\" content=\"Escrito por\" \/>\n\t<meta name=\"twitter:data1\" content=\"Gregory Quintana Montiel\" \/>\n\t<meta name=\"twitter:label2\" content=\"Tiempo estimado de lectura\" \/>\n\t<meta name=\"twitter:data2\" content=\"3 minutos\" \/>\n<script type=\"application\/ld+json\" class=\"yoast-schema-graph\">{\"@context\":\"https:\/\/schema.org\",\"@graph\":[{\"@type\":\"Article\",\"@id\":\"https:\/\/noti-america.com\/site\/ecuador\/2020\/10\/21\/autoridades-de-guayaquil-realizaron-inspeccion-de-avance-de-obra-de-la-aerovia\/#article\",\"isPartOf\":{\"@id\":\"https:\/\/noti-america.com\/site\/ecuador\/2020\/10\/21\/autoridades-de-guayaquil-realizaron-inspeccion-de-avance-de-obra-de-la-aerovia\/\"},\"author\":{\"name\":\"Gregory Quintana Montiel\",\"@id\":\"https:\/\/noti-america.com\/site\/ecuador\/#\/schema\/person\/3b975e42f15abfe64bfe3abdd916efda\"},\"headline\":\"Autoridades de Guayaquil realizaron inspecci\u00f3n de avance de obra de la Aerov\u00eda\",\"datePublished\":\"2020-10-21T03:04:01+00:00\",\"mainEntityOfPage\":{\"@id\":\"https:\/\/noti-america.com\/site\/ecuador\/2020\/10\/21\/autoridades-de-guayaquil-realizaron-inspeccion-de-avance-de-obra-de-la-aerovia\/\"},\"wordCount\":641,\"commentCount\":0,\"publisher\":{\"@id\":\"https:\/\/noti-america.com\/site\/ecuador\/#organization\"},\"image\":{\"@id\":\"https:\/\/noti-america.com\/site\/ecuador\/2020\/10\/21\/autoridades-de-guayaquil-realizaron-inspeccion-de-avance-de-obra-de-la-aerovia\/#primaryimage\"},\"thumbnailUrl\":\"https:\/\/noti-america.com\/site\/ecuador\/wp-content\/uploads\/sites\/18\/2020\/10\/AEROVIA-GUAYAQUIL.jpeg\",\"articleSection\":[\"Uncategorized\"],\"inLanguage\":\"es\",\"potentialAction\":[{\"@type\":\"CommentAction\",\"name\":\"Comment\",\"target\":[\"https:\/\/noti-america.com\/site\/ecuador\/2020\/10\/21\/autoridades-de-guayaquil-realizaron-inspeccion-de-avance-de-obra-de-la-aerovia\/#respond\"]}]},{\"@type\":\"WebPage\",\"@id\":\"https:\/\/noti-america.com\/site\/ecuador\/2020\/10\/21\/autoridades-de-guayaquil-realizaron-inspeccion-de-avance-de-obra-de-la-aerovia\/\",\"url\":\"https:\/\/noti-america.com\/site\/ecuador\/2020\/10\/21\/autoridades-de-guayaquil-realizaron-inspeccion-de-avance-de-obra-de-la-aerovia\/\",\"name\":\"Autoridades de Guayaquil realizaron inspecci\u00f3n de avance de obra de la Aerov\u00eda - Ecuador | Noti-America.com\",\"isPartOf\":{\"@id\":\"https:\/\/noti-america.com\/site\/ecuador\/#website\"},\"primaryImageOfPage\":{\"@id\":\"https:\/\/noti-america.com\/site\/ecuador\/2020\/10\/21\/autoridades-de-guayaquil-realizaron-inspeccion-de-avance-de-obra-de-la-aerovia\/#primaryimage\"},\"image\":{\"@id\":\"https:\/\/noti-america.com\/site\/ecuador\/2020\/10\/21\/autoridades-de-guayaquil-realizaron-inspeccion-de-avance-de-obra-de-la-aerovia\/#primaryimage\"},\"thumbnailUrl\":\"https:\/\/noti-america.com\/site\/ecuador\/wp-content\/uploads\/sites\/18\/2020\/10\/AEROVIA-GUAYAQUIL.jpeg\",\"datePublished\":\"2020-10-21T03:04:01+00:00\",\"breadcrumb\":{\"@id\":\"https:\/\/noti-america.com\/site\/ecuador\/2020\/10\/21\/autoridades-de-guayaquil-realizaron-inspeccion-de-avance-de-obra-de-la-aerovia\/#breadcrumb\"},\"inLanguage\":\"es\",\"potentialAction\":[{\"@type\":\"ReadAction\",\"target\":[\"https:\/\/noti-america.com\/site\/ecuador\/2020\/10\/21\/autoridades-de-guayaquil-realizaron-inspeccion-de-avance-de-obra-de-la-aerovia\/\"]}]},{\"@type\":\"ImageObject\",\"inLanguage\":\"es\",\"@id\":\"https:\/\/noti-america.com\/site\/ecuador\/2020\/10\/21\/autoridades-de-guayaquil-realizaron-inspeccion-de-avance-de-obra-de-la-aerovia\/#primaryimage\",\"url\":\"https:\/\/noti-america.com\/site\/ecuador\/wp-content\/uploads\/sites\/18\/2020\/10\/AEROVIA-GUAYAQUIL.jpeg\",\"contentUrl\":\"https:\/\/noti-america.com\/site\/ecuador\/wp-content\/uploads\/sites\/18\/2020\/10\/AEROVIA-GUAYAQUIL.jpeg\",\"width\":1280,\"height\":854},{\"@type\":\"BreadcrumbList\",\"@id\":\"https:\/\/noti-america.com\/site\/ecuador\/2020\/10\/21\/autoridades-de-guayaquil-realizaron-inspeccion-de-avance-de-obra-de-la-aerovia\/#breadcrumb\",\"itemListElement\":[{\"@type\":\"ListItem\",\"position\":1,\"name\":\"Portada\",\"item\":\"https:\/\/noti-america.com\/site\/ecuador\/\"},{\"@type\":\"ListItem\",\"position\":2,\"name\":\"Autoridades de Guayaquil realizaron inspecci\u00f3n de avance de obra de la Aerov\u00eda\"}]},{\"@type\":\"WebSite\",\"@id\":\"https:\/\/noti-america.com\/site\/ecuador\/#website\",\"url\":\"https:\/\/noti-america.com\/site\/ecuador\/\",\"name\":\"Ecuador | Noti-America.com\",\"description\":\"\",\"publisher\":{\"@id\":\"https:\/\/noti-america.com\/site\/ecuador\/#organization\"},\"potentialAction\":[{\"@type\":\"SearchAction\",\"target\":{\"@type\":\"EntryPoint\",\"urlTemplate\":\"https:\/\/noti-america.com\/site\/ecuador\/?s={search_term_string}\"},\"query-input\":{\"@type\":\"PropertyValueSpecification\",\"valueRequired\":true,\"valueName\":\"search_term_string\"}}],\"inLanguage\":\"es\"},{\"@type\":\"Organization\",\"@id\":\"https:\/\/noti-america.com\/site\/ecuador\/#organization\",\"name\":\"Noti-America LLC | Ecuador\",\"url\":\"https:\/\/noti-america.com\/site\/ecuador\/\",\"logo\":{\"@type\":\"ImageObject\",\"inLanguage\":\"es\",\"@id\":\"https:\/\/noti-america.com\/site\/ecuador\/#\/schema\/logo\/image\/\",\"url\":\"https:\/\/noti-america.com\/site\/ecuador\/wp-content\/uploads\/sites\/18\/2020\/07\/LogoNA-4x3-1.jpg\",\"contentUrl\":\"https:\/\/noti-america.com\/site\/ecuador\/wp-content\/uploads\/sites\/18\/2020\/07\/LogoNA-4x3-1.jpg\",\"width\":1236,\"height\":1080,\"caption\":\"Noti-America LLC | Ecuador\"},\"image\":{\"@id\":\"https:\/\/noti-america.com\/site\/ecuador\/#\/schema\/logo\/image\/\"},\"sameAs\":[\"https:\/\/x.com\/notiamerica\"]},{\"@type\":\"Person\",\"@id\":\"https:\/\/noti-america.com\/site\/ecuador\/#\/schema\/person\/3b975e42f15abfe64bfe3abdd916efda\",\"name\":\"Gregory Quintana Montiel\",\"image\":{\"@type\":\"ImageObject\",\"inLanguage\":\"es\",\"@id\":\"https:\/\/secure.gravatar.com\/avatar\/2d6b802f7720c2ec7744dcbe608cc2f3417aeb964d58b443c6d612b77531de1d?s=96&d=mm&r=g\",\"url\":\"https:\/\/secure.gravatar.com\/avatar\/2d6b802f7720c2ec7744dcbe608cc2f3417aeb964d58b443c6d612b77531de1d?s=96&d=mm&r=g\",\"contentUrl\":\"https:\/\/secure.gravatar.com\/avatar\/2d6b802f7720c2ec7744dcbe608cc2f3417aeb964d58b443c6d612b77531de1d?s=96&d=mm&r=g\",\"caption\":\"Gregory Quintana Montiel\"},\"description\":\"Licenciatura en Ciencias de la Comunicaci\u00f3n Social, egresado en la Especializaci\u00f3n Derecho Ambiental Desarrollo Sostenible y Sustentable, Miembro de la Comunidad de profesionales y experto para Latinoam\u00e9rica y el Caribe en Gesti\u00f3n por Resultado en el Desarrollo (COPLAC - GpRD) del Banco Interamericano de Desarrollo, experiencia en medios radiales y escritos.\",\"sameAs\":[\"https:\/\/x.com\/gdgregori1\",\"gquintana\"],\"url\":\"https:\/\/noti-america.com\/site\/ecuador\/author\/gquintana\/\"}]}<\/script>\n<!-- \/ Yoast SEO Premium plugin. -->","yoast_head_json":{"title":"Autoridades de Guayaquil realizaron inspecci\u00f3n de avance de obra de la Aerov\u00eda - Ecuador | Noti-America.com","robots":{"index":"index","follow":"follow","max-snippet":"max-snippet:-1","max-image-preview":"max-image-preview:large","max-video-preview":"max-video-preview:-1"},"canonical":"https:\/\/noti-america.com\/site\/ecuador\/2020\/10\/21\/autoridades-de-guayaquil-realizaron-inspeccion-de-avance-de-obra-de-la-aerovia\/","og_locale":"es_ES","og_type":"article","og_title":"Autoridades de Guayaquil realizaron inspecci\u00f3n de avance de obra de la Aerov\u00eda","og_description":"REDACCI\u00d3N NOTI AM\u00c9RICA (ECUADOR) Guayaquil avanza en el camino hacia una movilidad integral, con la pr\u00f3xima puesta en funcionamiento del Sistema de Transportaci\u00f3n Aerosuspendido AEROV\u00cdA. Hoy, el Gerente General de la ATM, Dr. Vicente&#46;&#46;&#46;","og_url":"https:\/\/noti-america.com\/site\/ecuador\/2020\/10\/21\/autoridades-de-guayaquil-realizaron-inspeccion-de-avance-de-obra-de-la-aerovia\/","og_site_name":"Ecuador | Noti-America.com","article_published_time":"2020-10-21T03:04:01+00:00","og_image":[{"width":1280,"height":854,"url":"https:\/\/noti-america.com\/site\/ecuador\/wp-content\/uploads\/sites\/18\/2020\/10\/AEROVIA-GUAYAQUIL.jpeg","type":"image\/jpeg"}],"author":"Gregory Quintana Montiel","twitter_card":"summary_large_image","twitter_creator":"@gdgregori1","twitter_site":"@notiamerica","twitter_misc":{"Escrito por":"Gregory Quintana Montiel","Tiempo estimado de lectura":"3 minutos"},"schema":{"@context":"https:\/\/schema.org","@graph":[{"@type":"Article","@id":"https:\/\/noti-america.com\/site\/ecuador\/2020\/10\/21\/autoridades-de-guayaquil-realizaron-inspeccion-de-avance-de-obra-de-la-aerovia\/#article","isPartOf":{"@id":"https:\/\/noti-america.com\/site\/ecuador\/2020\/10\/21\/autoridades-de-guayaquil-realizaron-inspeccion-de-avance-de-obra-de-la-aerovia\/"},"author":{"name":"Gregory Quintana Montiel","@id":"https:\/\/noti-america.com\/site\/ecuador\/#\/schema\/person\/3b975e42f15abfe64bfe3abdd916efda"},"headline":"Autoridades de Guayaquil realizaron inspecci\u00f3n de avance de obra de la Aerov\u00eda","datePublished":"2020-10-21T03:04:01+00:00","mainEntityOfPage":{"@id":"https:\/\/noti-america.com\/site\/ecuador\/2020\/10\/21\/autoridades-de-guayaquil-realizaron-inspeccion-de-avance-de-obra-de-la-aerovia\/"},"wordCount":641,"commentCount":0,"publisher":{"@id":"https:\/\/noti-america.com\/site\/ecuador\/#organization"},"image":{"@id":"https:\/\/noti-america.com\/site\/ecuador\/2020\/10\/21\/autoridades-de-guayaquil-realizaron-inspeccion-de-avance-de-obra-de-la-aerovia\/#primaryimage"},"thumbnailUrl":"https:\/\/noti-america.com\/site\/ecuador\/wp-content\/uploads\/sites\/18\/2020\/10\/AEROVIA-GUAYAQUIL.jpeg","articleSection":["Uncategorized"],"inLanguage":"es","potentialAction":[{"@type":"CommentAction","name":"Comment","target":["https:\/\/noti-america.com\/site\/ecuador\/2020\/10\/21\/autoridades-de-guayaquil-realizaron-inspeccion-de-avance-de-obra-de-la-aerovia\/#respond"]}]},{"@type":"WebPage","@id":"https:\/\/noti-america.com\/site\/ecuador\/2020\/10\/21\/autoridades-de-guayaquil-realizaron-inspeccion-de-avance-de-obra-de-la-aerovia\/","url":"https:\/\/noti-america.com\/site\/ecuador\/2020\/10\/21\/autoridades-de-guayaquil-realizaron-inspeccion-de-avance-de-obra-de-la-aerovia\/","name":"Autoridades de Guayaquil realizaron inspecci\u00f3n de avance de obra de la Aerov\u00eda - Ecuador | Noti-America.com","isPartOf":{"@id":"https:\/\/noti-america.com\/site\/ecuador\/#website"},"primaryImageOfPage":{"@id":"https:\/\/noti-america.com\/site\/ecuador\/2020\/10\/21\/autoridades-de-guayaquil-realizaron-inspeccion-de-avance-de-obra-de-la-aerovia\/#primaryimage"},"image":{"@id":"https:\/\/noti-america.com\/site\/ecuador\/2020\/10\/21\/autoridades-de-guayaquil-realizaron-inspeccion-de-avance-de-obra-de-la-aerovia\/#primaryimage"},"thumbnailUrl":"https:\/\/noti-america.com\/site\/ecuador\/wp-content\/uploads\/sites\/18\/2020\/10\/AEROVIA-GUAYAQUIL.jpeg","datePublished":"2020-10-21T03:04:01+00:00","breadcrumb":{"@id":"https:\/\/noti-america.com\/site\/ecuador\/2020\/10\/21\/autoridades-de-guayaquil-realizaron-inspeccion-de-avance-de-obra-de-la-aerovia\/#breadcrumb"},"inLanguage":"es","potentialAction":[{"@type":"ReadAction","target":["https:\/\/noti-america.com\/site\/ecuador\/2020\/10\/21\/autoridades-de-guayaquil-realizaron-inspeccion-de-avance-de-obra-de-la-aerovia\/"]}]},{"@type":"ImageObject","inLanguage":"es","@id":"https:\/\/noti-america.com\/site\/ecuador\/2020\/10\/21\/autoridades-de-guayaquil-realizaron-inspeccion-de-avance-de-obra-de-la-aerovia\/#primaryimage","url":"https:\/\/noti-america.com\/site\/ecuador\/wp-content\/uploads\/sites\/18\/2020\/10\/AEROVIA-GUAYAQUIL.jpeg","contentUrl":"https:\/\/noti-america.com\/site\/ecuador\/wp-content\/uploads\/sites\/18\/2020\/10\/AEROVIA-GUAYAQUIL.jpeg","width":1280,"height":854},{"@type":"BreadcrumbList","@id":"https:\/\/noti-america.com\/site\/ecuador\/2020\/10\/21\/autoridades-de-guayaquil-realizaron-inspeccion-de-avance-de-obra-de-la-aerovia\/#breadcrumb","itemListElement":[{"@type":"ListItem","position":1,"name":"Portada","item":"https:\/\/noti-america.com\/site\/ecuador\/"},{"@type":"ListItem","position":2,"name":"Autoridades de Guayaquil realizaron inspecci\u00f3n de avance de obra de la Aerov\u00eda"}]},{"@type":"WebSite","@id":"https:\/\/noti-america.com\/site\/ecuador\/#website","url":"https:\/\/noti-america.com\/site\/ecuador\/","name":"Ecuador | Noti-America.com","description":"","publisher":{"@id":"https:\/\/noti-america.com\/site\/ecuador\/#organization"},"potentialAction":[{"@type":"SearchAction","target":{"@type":"EntryPoint","urlTemplate":"https:\/\/noti-america.com\/site\/ecuador\/?s={search_term_string}"},"query-input":{"@type":"PropertyValueSpecification","valueRequired":true,"valueName":"search_term_string"}}],"inLanguage":"es"},{"@type":"Organization","@id":"https:\/\/noti-america.com\/site\/ecuador\/#organization","name":"Noti-America LLC | Ecuador","url":"https:\/\/noti-america.com\/site\/ecuador\/","logo":{"@type":"ImageObject","inLanguage":"es","@id":"https:\/\/noti-america.com\/site\/ecuador\/#\/schema\/logo\/image\/","url":"https:\/\/noti-america.com\/site\/ecuador\/wp-content\/uploads\/sites\/18\/2020\/07\/LogoNA-4x3-1.jpg","contentUrl":"https:\/\/noti-america.com\/site\/ecuador\/wp-content\/uploads\/sites\/18\/2020\/07\/LogoNA-4x3-1.jpg","width":1236,"height":1080,"caption":"Noti-America LLC | Ecuador"},"image":{"@id":"https:\/\/noti-america.com\/site\/ecuador\/#\/schema\/logo\/image\/"},"sameAs":["https:\/\/x.com\/notiamerica"]},{"@type":"Person","@id":"https:\/\/noti-america.com\/site\/ecuador\/#\/schema\/person\/3b975e42f15abfe64bfe3abdd916efda","name":"Gregory Quintana Montiel","image":{"@type":"ImageObject","inLanguage":"es","@id":"https:\/\/secure.gravatar.com\/avatar\/2d6b802f7720c2ec7744dcbe608cc2f3417aeb964d58b443c6d612b77531de1d?s=96&d=mm&r=g","url":"https:\/\/secure.gravatar.com\/avatar\/2d6b802f7720c2ec7744dcbe608cc2f3417aeb964d58b443c6d612b77531de1d?s=96&d=mm&r=g","contentUrl":"https:\/\/secure.gravatar.com\/avatar\/2d6b802f7720c2ec7744dcbe608cc2f3417aeb964d58b443c6d612b77531de1d?s=96&d=mm&r=g","caption":"Gregory Quintana Montiel"},"description":"Licenciatura en Ciencias de la Comunicaci\u00f3n Social, egresado en la Especializaci\u00f3n Derecho Ambiental Desarrollo Sostenible y Sustentable, Miembro de la Comunidad de profesionales y experto para Latinoam\u00e9rica y el Caribe en Gesti\u00f3n por Resultado en el Desarrollo (COPLAC - GpRD) del Banco Interamericano de Desarrollo, experiencia en medios radiales y escritos.","sameAs":["https:\/\/x.com\/gdgregori1","gquintana"],"url":"https:\/\/noti-america.com\/site\/ecuador\/author\/gquintana\/"}]}},"_links":{"self":[{"href":"https:\/\/noti-america.com\/site\/ecuador\/wp-json\/wp\/v2\/posts\/11356","targetHints":{"allow":["GET"]}}],"collection":[{"href":"https:\/\/noti-america.com\/site\/ecuador\/wp-json\/wp\/v2\/posts"}],"about":[{"href":"https:\/\/noti-america.com\/site\/ecuador\/wp-json\/wp\/v2\/types\/post"}],"author":[{"embeddable":true,"href":"https:\/\/noti-america.com\/site\/ecuador\/wp-json\/wp\/v2\/users\/17"}],"replies":[{"embeddable":true,"href":"https:\/\/noti-america.com\/site\/ecuador\/wp-json\/wp\/v2\/comments?post=11356"}],"version-history":[{"count":1,"href":"https:\/\/noti-america.com\/site\/ecuador\/wp-json\/wp\/v2\/posts\/11356\/revisions"}],"predecessor-version":[{"id":11360,"href":"https:\/\/noti-america.com\/site\/ecuador\/wp-json\/wp\/v2\/posts\/11356\/revisions\/11360"}],"wp:featuredmedia":[{"embeddable":true,"href":"https:\/\/noti-america.com\/site\/ecuador\/wp-json\/wp\/v2\/media\/11357"}],"wp:attachment":[{"href":"https:\/\/noti-america.com\/site\/ecuador\/wp-json\/wp\/v2\/media?parent=11356"}],"wp:term":[{"taxonomy":"category","embeddable":true,"href":"https:\/\/noti-america.com\/site\/ecuador\/wp-json\/wp\/v2\/categories?post=11356"},{"taxonomy":"post_tag","embeddable":true,"href":"https:\/\/noti-america.com\/site\/ecuador\/wp-json\/wp\/v2\/tags?post=11356"}],"curies":[{"name":"wp","href":"https:\/\/api.w.org\/{rel}","templated":true}]}}