{"id":11006,"date":"2020-10-08T18:07:07","date_gmt":"2020-10-08T18:07:07","guid":{"rendered":"https:\/\/noti-america.com\/site\/ecuador\/?p=11006"},"modified":"2020-10-08T18:16:34","modified_gmt":"2020-10-08T18:16:34","slug":"controles-de-transito-seran-permanentes-durante-el-feriado-por-la-independencia-de-guayaquil","status":"publish","type":"post","link":"https:\/\/noti-america.com\/site\/ecuador\/2020\/10\/08\/controles-de-transito-seran-permanentes-durante-el-feriado-por-la-independencia-de-guayaquil\/","title":{"rendered":"Controles de tr\u00e1nsito ser\u00e1n permanentes durante el feriado por la Independencia de Guayaquil"},"content":{"rendered":"<p style=\"text-align: justify\"><strong>REDACCI\u00d3N NOTI-AM\u00c9RICA (ECUADOR)<\/strong><\/p>\n<div id=\"attachment_11020\" style=\"width: 834px\" class=\"wp-caption aligncenter\"><img loading=\"lazy\" decoding=\"async\" aria-describedby=\"caption-attachment-11020\" class=\" wp-image-11020\" src=\"https:\/\/noti-america.com\/site\/ecuador\/wp-content\/uploads\/sites\/18\/2020\/10\/Control_Chongon_Feriado5-1-300x200.jpg\" alt=\"\" width=\"824\" height=\"549\" srcset=\"https:\/\/noti-america.com\/site\/ecuador\/wp-content\/uploads\/sites\/18\/2020\/10\/Control_Chongon_Feriado5-1-300x200.jpg 300w, https:\/\/noti-america.com\/site\/ecuador\/wp-content\/uploads\/sites\/18\/2020\/10\/Control_Chongon_Feriado5-1-1024x682.jpg 1024w, https:\/\/noti-america.com\/site\/ecuador\/wp-content\/uploads\/sites\/18\/2020\/10\/Control_Chongon_Feriado5-1-768x512.jpg 768w, https:\/\/noti-america.com\/site\/ecuador\/wp-content\/uploads\/sites\/18\/2020\/10\/Control_Chongon_Feriado5-1-272x182.jpg 272w, https:\/\/noti-america.com\/site\/ecuador\/wp-content\/uploads\/sites\/18\/2020\/10\/Control_Chongon_Feriado5-1.jpg 1280w\" sizes=\"auto, (max-width: 824px) 100vw, 824px\" \/><p id=\"caption-attachment-11020\" class=\"wp-caption-text\"><strong>Los controles vehiculares se realizar\u00e1n en puntos cr\u00edticos, carreteras, lugares tur\u00edsticos y en los ingresos y salidas de poblaciones. Fotos: CTE.<\/strong><\/p><\/div>\n<p style=\"text-align: justify\">A las 06h00 hoy, jueves 8 de octubre de 2020, inici\u00f3 el operativo de control programado para combatir la delincuencia y verificar que se respeten los protocolos de bioseguridad, durante el feriado nacional del 9 de Octubre, fecha en que se celebra el bicentenario de la Independencia de Guayaquil.<\/p>\n<p style=\"text-align: justify\">Los controles, que son parte del plan de contingencia dispuesto por el Comit\u00e9 de Operaciones de Emergencia (COE) Nacional, se mantendr\u00e1n de manera permanente hasta las 24h00 del domingo 11.<\/p>\n<div id=\"attachment_11010\" style=\"width: 597px\" class=\"wp-caption alignright\"><img loading=\"lazy\" decoding=\"async\" aria-describedby=\"caption-attachment-11010\" class=\" wp-image-11010\" src=\"https:\/\/noti-america.com\/site\/ecuador\/wp-content\/uploads\/sites\/18\/2020\/10\/Control_Chongon_Feriado1-300x200.jpg\" alt=\"\" width=\"587\" height=\"391\" srcset=\"https:\/\/noti-america.com\/site\/ecuador\/wp-content\/uploads\/sites\/18\/2020\/10\/Control_Chongon_Feriado1-300x200.jpg 300w, https:\/\/noti-america.com\/site\/ecuador\/wp-content\/uploads\/sites\/18\/2020\/10\/Control_Chongon_Feriado1-1024x682.jpg 1024w, https:\/\/noti-america.com\/site\/ecuador\/wp-content\/uploads\/sites\/18\/2020\/10\/Control_Chongon_Feriado1-768x512.jpg 768w, https:\/\/noti-america.com\/site\/ecuador\/wp-content\/uploads\/sites\/18\/2020\/10\/Control_Chongon_Feriado1-272x182.jpg 272w, https:\/\/noti-america.com\/site\/ecuador\/wp-content\/uploads\/sites\/18\/2020\/10\/Control_Chongon_Feriado1.jpg 1280w\" sizes=\"auto, (max-width: 587px) 100vw, 587px\" \/><p id=\"caption-attachment-11010\" class=\"wp-caption-text\"><strong>Lo m\u00e1s importante es verificar que se cumplan los protocolos de bioseguridad dispuestos por el COE Nacional. El uso de mascarilla y el aforo de pasajeros son puntos importantes.<\/strong><\/p><\/div>\n<p style=\"text-align: justify\">Para el efecto, las acciones son coordinadas desde la Gobernaci\u00f3n del Guayas con la participaci\u00f3n de la Intendencia General de Polic\u00eda, Comisi\u00f3n de Tr\u00e1nsito del Ecuador (CTE), Fuerzas Armadas (FF.AA.), Agencia Nacional de Tr\u00e1nsito (ANT) y Polic\u00eda Nacional (PP.NN.).<\/p>\n<p style=\"text-align: justify\">Los organismos de control inauguraron el operativo en la v\u00eda Guayaquil-Santa Elena, en el peaje de Chong\u00f3n de la v\u00eda a la Costa, basados en la revisi\u00f3n de veh\u00edculos y placas, uso de mascarillas, as\u00ed como en el aforo de pasajeros.<\/p>\n<p style=\"text-align: justify\">El director ejecutivo de la CTE, Eduardo Ayala, indic\u00f3 que se han movilizado m\u00e1s de 2 mil agentes de tr\u00e1nsito en Guayas y un total de m\u00e1s de 4.100 se dispondr\u00e1n en las v\u00edas de las 8 provincias donde ejerce control.<\/p>\n<p style=\"text-align: justify\">\u201cA poco tiempo de empezar un feriado, debemos continuar siendo responsables para combatir la pandemia. Por ello, se supervisa que se cumpla con la bioseguridad, del aforo en unidades de transporte p\u00fablico y exigir a los usuarios el uso del cintur\u00f3n de seguridad\u201d, se\u00f1al\u00f3 Ayala.<\/p>\n","protected":false},"excerpt":{"rendered":"<p>REDACCI\u00d3N NOTI-AM\u00c9RICA (ECUADOR) A las 06h00 hoy, jueves 8 de octubre de 2020, inici\u00f3 el operativo de control programado para combatir la delincuencia y verificar que se respeten los protocolos de bioseguridad, durante el&#46;&#46;&#46;<\/p>\n","protected":false},"author":54,"featured_media":11015,"comment_status":"open","ping_status":"open","sticky":false,"template":"","format":"standard","meta":{"_acf_changed":false,"om_disable_all_campaigns":false,"rop_custom_images_group":[],"rop_custom_messages_group":[],"rop_publish_now":"initial","rop_publish_now_accounts":{"twitter_242054905_242054905":""},"rop_publish_now_history":[],"rop_publish_now_status":"pending","_uf_show_specific_survey":0,"_uf_disable_surveys":false,"footnotes":""},"categories":[109],"tags":[],"class_list":["post-11006","post","type-post","status-publish","format-standard","has-post-thumbnail","hentry","category-seguridad"],"acf":[],"aioseo_notices":[],"yoast_head":"<!-- This site is optimized with the Yoast SEO Premium plugin v24.9 (Yoast SEO v27.2) - https:\/\/yoast.com\/product\/yoast-seo-premium-wordpress\/ -->\n<title>Controles de tr\u00e1nsito ser\u00e1n permanentes durante el feriado por la Independencia de Guayaquil - Ecuador | Noti-America.com<\/title>\n<meta name=\"robots\" content=\"index, follow, max-snippet:-1, max-image-preview:large, max-video-preview:-1\" \/>\n<link rel=\"canonical\" href=\"https:\/\/noti-america.com\/site\/ecuador\/2020\/10\/08\/controles-de-transito-seran-permanentes-durante-el-feriado-por-la-independencia-de-guayaquil\/\" \/>\n<meta property=\"og:locale\" content=\"es_ES\" \/>\n<meta property=\"og:type\" content=\"article\" \/>\n<meta property=\"og:title\" content=\"Controles de tr\u00e1nsito ser\u00e1n permanentes durante el feriado por la Independencia de Guayaquil\" \/>\n<meta property=\"og:description\" content=\"REDACCI\u00d3N NOTI-AM\u00c9RICA (ECUADOR) A las 06h00 hoy, jueves 8 de octubre de 2020, inici\u00f3 el operativo de control programado para combatir la delincuencia y verificar que se respeten los protocolos de bioseguridad, durante el&#046;&#046;&#046;\" \/>\n<meta property=\"og:url\" content=\"https:\/\/noti-america.com\/site\/ecuador\/2020\/10\/08\/controles-de-transito-seran-permanentes-durante-el-feriado-por-la-independencia-de-guayaquil\/\" \/>\n<meta property=\"og:site_name\" content=\"Ecuador | Noti-America.com\" \/>\n<meta property=\"article:author\" content=\"https:\/\/www.facebook.com\/geojuradopuente\" \/>\n<meta property=\"article:published_time\" content=\"2020-10-08T18:07:07+00:00\" \/>\n<meta property=\"article:modified_time\" content=\"2020-10-08T18:16:34+00:00\" \/>\n<meta property=\"og:image\" content=\"https:\/\/noti-america.com\/site\/ecuador\/wp-content\/uploads\/sites\/18\/2020\/10\/Control_Chongon_Feriado3.jpg\" \/>\n\t<meta property=\"og:image:width\" content=\"816\" \/>\n\t<meta property=\"og:image:height\" content=\"612\" \/>\n\t<meta property=\"og:image:type\" content=\"image\/jpeg\" \/>\n<meta name=\"author\" content=\"Mgtr. Geovanny Jurado Puente\" \/>\n<meta name=\"twitter:card\" content=\"summary_large_image\" \/>\n<meta name=\"twitter:creator\" content=\"@GeoJurado\" \/>\n<meta name=\"twitter:site\" content=\"@notiamerica\" \/>\n<meta name=\"twitter:label1\" content=\"Escrito por\" \/>\n\t<meta name=\"twitter:data1\" content=\"Mgtr. Geovanny Jurado Puente\" \/>\n\t<meta name=\"twitter:label2\" content=\"Tiempo estimado de lectura\" \/>\n\t<meta name=\"twitter:data2\" content=\"2 minutos\" \/>\n<script type=\"application\/ld+json\" class=\"yoast-schema-graph\">{\"@context\":\"https:\/\/schema.org\",\"@graph\":[{\"@type\":\"Article\",\"@id\":\"https:\/\/noti-america.com\/site\/ecuador\/2020\/10\/08\/controles-de-transito-seran-permanentes-durante-el-feriado-por-la-independencia-de-guayaquil\/#article\",\"isPartOf\":{\"@id\":\"https:\/\/noti-america.com\/site\/ecuador\/2020\/10\/08\/controles-de-transito-seran-permanentes-durante-el-feriado-por-la-independencia-de-guayaquil\/\"},\"author\":{\"name\":\"Mgtr. Geovanny Jurado Puente\",\"@id\":\"https:\/\/noti-america.com\/site\/ecuador\/#\/schema\/person\/eafaa0d78b886269707bbd67c79282d8\"},\"headline\":\"Controles de tr\u00e1nsito ser\u00e1n permanentes durante el feriado por la Independencia de Guayaquil\",\"datePublished\":\"2020-10-08T18:07:07+00:00\",\"dateModified\":\"2020-10-08T18:16:34+00:00\",\"mainEntityOfPage\":{\"@id\":\"https:\/\/noti-america.com\/site\/ecuador\/2020\/10\/08\/controles-de-transito-seran-permanentes-durante-el-feriado-por-la-independencia-de-guayaquil\/\"},\"wordCount\":349,\"commentCount\":0,\"publisher\":{\"@id\":\"https:\/\/noti-america.com\/site\/ecuador\/#organization\"},\"image\":{\"@id\":\"https:\/\/noti-america.com\/site\/ecuador\/2020\/10\/08\/controles-de-transito-seran-permanentes-durante-el-feriado-por-la-independencia-de-guayaquil\/#primaryimage\"},\"thumbnailUrl\":\"https:\/\/noti-america.com\/site\/ecuador\/wp-content\/uploads\/sites\/18\/2020\/10\/Control_Chongon_Feriado3.jpg\",\"articleSection\":[\"Seguridad\"],\"inLanguage\":\"es\",\"potentialAction\":[{\"@type\":\"CommentAction\",\"name\":\"Comment\",\"target\":[\"https:\/\/noti-america.com\/site\/ecuador\/2020\/10\/08\/controles-de-transito-seran-permanentes-durante-el-feriado-por-la-independencia-de-guayaquil\/#respond\"]}]},{\"@type\":\"WebPage\",\"@id\":\"https:\/\/noti-america.com\/site\/ecuador\/2020\/10\/08\/controles-de-transito-seran-permanentes-durante-el-feriado-por-la-independencia-de-guayaquil\/\",\"url\":\"https:\/\/noti-america.com\/site\/ecuador\/2020\/10\/08\/controles-de-transito-seran-permanentes-durante-el-feriado-por-la-independencia-de-guayaquil\/\",\"name\":\"Controles de tr\u00e1nsito ser\u00e1n permanentes durante el feriado por la Independencia de Guayaquil - Ecuador | Noti-America.com\",\"isPartOf\":{\"@id\":\"https:\/\/noti-america.com\/site\/ecuador\/#website\"},\"primaryImageOfPage\":{\"@id\":\"https:\/\/noti-america.com\/site\/ecuador\/2020\/10\/08\/controles-de-transito-seran-permanentes-durante-el-feriado-por-la-independencia-de-guayaquil\/#primaryimage\"},\"image\":{\"@id\":\"https:\/\/noti-america.com\/site\/ecuador\/2020\/10\/08\/controles-de-transito-seran-permanentes-durante-el-feriado-por-la-independencia-de-guayaquil\/#primaryimage\"},\"thumbnailUrl\":\"https:\/\/noti-america.com\/site\/ecuador\/wp-content\/uploads\/sites\/18\/2020\/10\/Control_Chongon_Feriado3.jpg\",\"datePublished\":\"2020-10-08T18:07:07+00:00\",\"dateModified\":\"2020-10-08T18:16:34+00:00\",\"breadcrumb\":{\"@id\":\"https:\/\/noti-america.com\/site\/ecuador\/2020\/10\/08\/controles-de-transito-seran-permanentes-durante-el-feriado-por-la-independencia-de-guayaquil\/#breadcrumb\"},\"inLanguage\":\"es\",\"potentialAction\":[{\"@type\":\"ReadAction\",\"target\":[\"https:\/\/noti-america.com\/site\/ecuador\/2020\/10\/08\/controles-de-transito-seran-permanentes-durante-el-feriado-por-la-independencia-de-guayaquil\/\"]}]},{\"@type\":\"ImageObject\",\"inLanguage\":\"es\",\"@id\":\"https:\/\/noti-america.com\/site\/ecuador\/2020\/10\/08\/controles-de-transito-seran-permanentes-durante-el-feriado-por-la-independencia-de-guayaquil\/#primaryimage\",\"url\":\"https:\/\/noti-america.com\/site\/ecuador\/wp-content\/uploads\/sites\/18\/2020\/10\/Control_Chongon_Feriado3.jpg\",\"contentUrl\":\"https:\/\/noti-america.com\/site\/ecuador\/wp-content\/uploads\/sites\/18\/2020\/10\/Control_Chongon_Feriado3.jpg\",\"width\":816,\"height\":612},{\"@type\":\"BreadcrumbList\",\"@id\":\"https:\/\/noti-america.com\/site\/ecuador\/2020\/10\/08\/controles-de-transito-seran-permanentes-durante-el-feriado-por-la-independencia-de-guayaquil\/#breadcrumb\",\"itemListElement\":[{\"@type\":\"ListItem\",\"position\":1,\"name\":\"Portada\",\"item\":\"https:\/\/noti-america.com\/site\/ecuador\/\"},{\"@type\":\"ListItem\",\"position\":2,\"name\":\"Controles de tr\u00e1nsito ser\u00e1n permanentes durante el feriado por la Independencia de Guayaquil\"}]},{\"@type\":\"WebSite\",\"@id\":\"https:\/\/noti-america.com\/site\/ecuador\/#website\",\"url\":\"https:\/\/noti-america.com\/site\/ecuador\/\",\"name\":\"Ecuador | Noti-America.com\",\"description\":\"\",\"publisher\":{\"@id\":\"https:\/\/noti-america.com\/site\/ecuador\/#organization\"},\"potentialAction\":[{\"@type\":\"SearchAction\",\"target\":{\"@type\":\"EntryPoint\",\"urlTemplate\":\"https:\/\/noti-america.com\/site\/ecuador\/?s={search_term_string}\"},\"query-input\":{\"@type\":\"PropertyValueSpecification\",\"valueRequired\":true,\"valueName\":\"search_term_string\"}}],\"inLanguage\":\"es\"},{\"@type\":\"Organization\",\"@id\":\"https:\/\/noti-america.com\/site\/ecuador\/#organization\",\"name\":\"Noti-America LLC | Ecuador\",\"url\":\"https:\/\/noti-america.com\/site\/ecuador\/\",\"logo\":{\"@type\":\"ImageObject\",\"inLanguage\":\"es\",\"@id\":\"https:\/\/noti-america.com\/site\/ecuador\/#\/schema\/logo\/image\/\",\"url\":\"https:\/\/noti-america.com\/site\/ecuador\/wp-content\/uploads\/sites\/18\/2020\/07\/LogoNA-4x3-1.jpg\",\"contentUrl\":\"https:\/\/noti-america.com\/site\/ecuador\/wp-content\/uploads\/sites\/18\/2020\/07\/LogoNA-4x3-1.jpg\",\"width\":1236,\"height\":1080,\"caption\":\"Noti-America LLC | Ecuador\"},\"image\":{\"@id\":\"https:\/\/noti-america.com\/site\/ecuador\/#\/schema\/logo\/image\/\"},\"sameAs\":[\"https:\/\/x.com\/notiamerica\"]},{\"@type\":\"Person\",\"@id\":\"https:\/\/noti-america.com\/site\/ecuador\/#\/schema\/person\/eafaa0d78b886269707bbd67c79282d8\",\"name\":\"Mgtr. Geovanny Jurado Puente\",\"image\":{\"@type\":\"ImageObject\",\"inLanguage\":\"es\",\"@id\":\"https:\/\/secure.gravatar.com\/avatar\/f837d50a2ea0d7cba882939210fb03249c2d70cdea88235e685f1a91ced24905?s=96&d=mm&r=g\",\"url\":\"https:\/\/secure.gravatar.com\/avatar\/f837d50a2ea0d7cba882939210fb03249c2d70cdea88235e685f1a91ced24905?s=96&d=mm&r=g\",\"contentUrl\":\"https:\/\/secure.gravatar.com\/avatar\/f837d50a2ea0d7cba882939210fb03249c2d70cdea88235e685f1a91ced24905?s=96&d=mm&r=g\",\"caption\":\"Mgtr. Geovanny Jurado Puente\"},\"description\":\"Mag\u00edster en Comunicaci\u00f3n, Menci\u00f3n Pol\u00edticas de Desarrollo Social; Licenciado en Ciencias de la Comunicaci\u00f3n Social; Docente Universitario; Miembro de la Red de Investigadores en Comunicaci\u00f3n del Ecuador (RICE); Miembro Fundador de la Red de Editoriales Universitarias y Escuelas Polit\u00e9cnicas del Ecuador (Reupde); ecuatoriano de nacimiento, con residencia en Daule.\",\"sameAs\":[\"https:\/\/www.facebook.com\/geojuradopuente\",\"Geo Jurado\",\"https:\/\/x.com\/GeoJurado\"],\"url\":\"https:\/\/noti-america.com\/site\/ecuador\/author\/gjurado\/\"}]}<\/script>\n<!-- \/ Yoast SEO Premium plugin. -->","yoast_head_json":{"title":"Controles de tr\u00e1nsito ser\u00e1n permanentes durante el feriado por la Independencia de Guayaquil - Ecuador | Noti-America.com","robots":{"index":"index","follow":"follow","max-snippet":"max-snippet:-1","max-image-preview":"max-image-preview:large","max-video-preview":"max-video-preview:-1"},"canonical":"https:\/\/noti-america.com\/site\/ecuador\/2020\/10\/08\/controles-de-transito-seran-permanentes-durante-el-feriado-por-la-independencia-de-guayaquil\/","og_locale":"es_ES","og_type":"article","og_title":"Controles de tr\u00e1nsito ser\u00e1n permanentes durante el feriado por la Independencia de Guayaquil","og_description":"REDACCI\u00d3N NOTI-AM\u00c9RICA (ECUADOR) A las 06h00 hoy, jueves 8 de octubre de 2020, inici\u00f3 el operativo de control programado para combatir la delincuencia y verificar que se respeten los protocolos de bioseguridad, durante el&#46;&#46;&#46;","og_url":"https:\/\/noti-america.com\/site\/ecuador\/2020\/10\/08\/controles-de-transito-seran-permanentes-durante-el-feriado-por-la-independencia-de-guayaquil\/","og_site_name":"Ecuador | Noti-America.com","article_author":"https:\/\/www.facebook.com\/geojuradopuente","article_published_time":"2020-10-08T18:07:07+00:00","article_modified_time":"2020-10-08T18:16:34+00:00","og_image":[{"width":816,"height":612,"url":"https:\/\/noti-america.com\/site\/ecuador\/wp-content\/uploads\/sites\/18\/2020\/10\/Control_Chongon_Feriado3.jpg","type":"image\/jpeg"}],"author":"Mgtr. Geovanny Jurado Puente","twitter_card":"summary_large_image","twitter_creator":"@GeoJurado","twitter_site":"@notiamerica","twitter_misc":{"Escrito por":"Mgtr. Geovanny Jurado Puente","Tiempo estimado de lectura":"2 minutos"},"schema":{"@context":"https:\/\/schema.org","@graph":[{"@type":"Article","@id":"https:\/\/noti-america.com\/site\/ecuador\/2020\/10\/08\/controles-de-transito-seran-permanentes-durante-el-feriado-por-la-independencia-de-guayaquil\/#article","isPartOf":{"@id":"https:\/\/noti-america.com\/site\/ecuador\/2020\/10\/08\/controles-de-transito-seran-permanentes-durante-el-feriado-por-la-independencia-de-guayaquil\/"},"author":{"name":"Mgtr. Geovanny Jurado Puente","@id":"https:\/\/noti-america.com\/site\/ecuador\/#\/schema\/person\/eafaa0d78b886269707bbd67c79282d8"},"headline":"Controles de tr\u00e1nsito ser\u00e1n permanentes durante el feriado por la Independencia de Guayaquil","datePublished":"2020-10-08T18:07:07+00:00","dateModified":"2020-10-08T18:16:34+00:00","mainEntityOfPage":{"@id":"https:\/\/noti-america.com\/site\/ecuador\/2020\/10\/08\/controles-de-transito-seran-permanentes-durante-el-feriado-por-la-independencia-de-guayaquil\/"},"wordCount":349,"commentCount":0,"publisher":{"@id":"https:\/\/noti-america.com\/site\/ecuador\/#organization"},"image":{"@id":"https:\/\/noti-america.com\/site\/ecuador\/2020\/10\/08\/controles-de-transito-seran-permanentes-durante-el-feriado-por-la-independencia-de-guayaquil\/#primaryimage"},"thumbnailUrl":"https:\/\/noti-america.com\/site\/ecuador\/wp-content\/uploads\/sites\/18\/2020\/10\/Control_Chongon_Feriado3.jpg","articleSection":["Seguridad"],"inLanguage":"es","potentialAction":[{"@type":"CommentAction","name":"Comment","target":["https:\/\/noti-america.com\/site\/ecuador\/2020\/10\/08\/controles-de-transito-seran-permanentes-durante-el-feriado-por-la-independencia-de-guayaquil\/#respond"]}]},{"@type":"WebPage","@id":"https:\/\/noti-america.com\/site\/ecuador\/2020\/10\/08\/controles-de-transito-seran-permanentes-durante-el-feriado-por-la-independencia-de-guayaquil\/","url":"https:\/\/noti-america.com\/site\/ecuador\/2020\/10\/08\/controles-de-transito-seran-permanentes-durante-el-feriado-por-la-independencia-de-guayaquil\/","name":"Controles de tr\u00e1nsito ser\u00e1n permanentes durante el feriado por la Independencia de Guayaquil - Ecuador | Noti-America.com","isPartOf":{"@id":"https:\/\/noti-america.com\/site\/ecuador\/#website"},"primaryImageOfPage":{"@id":"https:\/\/noti-america.com\/site\/ecuador\/2020\/10\/08\/controles-de-transito-seran-permanentes-durante-el-feriado-por-la-independencia-de-guayaquil\/#primaryimage"},"image":{"@id":"https:\/\/noti-america.com\/site\/ecuador\/2020\/10\/08\/controles-de-transito-seran-permanentes-durante-el-feriado-por-la-independencia-de-guayaquil\/#primaryimage"},"thumbnailUrl":"https:\/\/noti-america.com\/site\/ecuador\/wp-content\/uploads\/sites\/18\/2020\/10\/Control_Chongon_Feriado3.jpg","datePublished":"2020-10-08T18:07:07+00:00","dateModified":"2020-10-08T18:16:34+00:00","breadcrumb":{"@id":"https:\/\/noti-america.com\/site\/ecuador\/2020\/10\/08\/controles-de-transito-seran-permanentes-durante-el-feriado-por-la-independencia-de-guayaquil\/#breadcrumb"},"inLanguage":"es","potentialAction":[{"@type":"ReadAction","target":["https:\/\/noti-america.com\/site\/ecuador\/2020\/10\/08\/controles-de-transito-seran-permanentes-durante-el-feriado-por-la-independencia-de-guayaquil\/"]}]},{"@type":"ImageObject","inLanguage":"es","@id":"https:\/\/noti-america.com\/site\/ecuador\/2020\/10\/08\/controles-de-transito-seran-permanentes-durante-el-feriado-por-la-independencia-de-guayaquil\/#primaryimage","url":"https:\/\/noti-america.com\/site\/ecuador\/wp-content\/uploads\/sites\/18\/2020\/10\/Control_Chongon_Feriado3.jpg","contentUrl":"https:\/\/noti-america.com\/site\/ecuador\/wp-content\/uploads\/sites\/18\/2020\/10\/Control_Chongon_Feriado3.jpg","width":816,"height":612},{"@type":"BreadcrumbList","@id":"https:\/\/noti-america.com\/site\/ecuador\/2020\/10\/08\/controles-de-transito-seran-permanentes-durante-el-feriado-por-la-independencia-de-guayaquil\/#breadcrumb","itemListElement":[{"@type":"ListItem","position":1,"name":"Portada","item":"https:\/\/noti-america.com\/site\/ecuador\/"},{"@type":"ListItem","position":2,"name":"Controles de tr\u00e1nsito ser\u00e1n permanentes durante el feriado por la Independencia de Guayaquil"}]},{"@type":"WebSite","@id":"https:\/\/noti-america.com\/site\/ecuador\/#website","url":"https:\/\/noti-america.com\/site\/ecuador\/","name":"Ecuador | Noti-America.com","description":"","publisher":{"@id":"https:\/\/noti-america.com\/site\/ecuador\/#organization"},"potentialAction":[{"@type":"SearchAction","target":{"@type":"EntryPoint","urlTemplate":"https:\/\/noti-america.com\/site\/ecuador\/?s={search_term_string}"},"query-input":{"@type":"PropertyValueSpecification","valueRequired":true,"valueName":"search_term_string"}}],"inLanguage":"es"},{"@type":"Organization","@id":"https:\/\/noti-america.com\/site\/ecuador\/#organization","name":"Noti-America LLC | Ecuador","url":"https:\/\/noti-america.com\/site\/ecuador\/","logo":{"@type":"ImageObject","inLanguage":"es","@id":"https:\/\/noti-america.com\/site\/ecuador\/#\/schema\/logo\/image\/","url":"https:\/\/noti-america.com\/site\/ecuador\/wp-content\/uploads\/sites\/18\/2020\/07\/LogoNA-4x3-1.jpg","contentUrl":"https:\/\/noti-america.com\/site\/ecuador\/wp-content\/uploads\/sites\/18\/2020\/07\/LogoNA-4x3-1.jpg","width":1236,"height":1080,"caption":"Noti-America LLC | Ecuador"},"image":{"@id":"https:\/\/noti-america.com\/site\/ecuador\/#\/schema\/logo\/image\/"},"sameAs":["https:\/\/x.com\/notiamerica"]},{"@type":"Person","@id":"https:\/\/noti-america.com\/site\/ecuador\/#\/schema\/person\/eafaa0d78b886269707bbd67c79282d8","name":"Mgtr. Geovanny Jurado Puente","image":{"@type":"ImageObject","inLanguage":"es","@id":"https:\/\/secure.gravatar.com\/avatar\/f837d50a2ea0d7cba882939210fb03249c2d70cdea88235e685f1a91ced24905?s=96&d=mm&r=g","url":"https:\/\/secure.gravatar.com\/avatar\/f837d50a2ea0d7cba882939210fb03249c2d70cdea88235e685f1a91ced24905?s=96&d=mm&r=g","contentUrl":"https:\/\/secure.gravatar.com\/avatar\/f837d50a2ea0d7cba882939210fb03249c2d70cdea88235e685f1a91ced24905?s=96&d=mm&r=g","caption":"Mgtr. Geovanny Jurado Puente"},"description":"Mag\u00edster en Comunicaci\u00f3n, Menci\u00f3n Pol\u00edticas de Desarrollo Social; Licenciado en Ciencias de la Comunicaci\u00f3n Social; Docente Universitario; Miembro de la Red de Investigadores en Comunicaci\u00f3n del Ecuador (RICE); Miembro Fundador de la Red de Editoriales Universitarias y Escuelas Polit\u00e9cnicas del Ecuador (Reupde); ecuatoriano de nacimiento, con residencia en Daule.","sameAs":["https:\/\/www.facebook.com\/geojuradopuente","Geo Jurado","https:\/\/x.com\/GeoJurado"],"url":"https:\/\/noti-america.com\/site\/ecuador\/author\/gjurado\/"}]}},"_links":{"self":[{"href":"https:\/\/noti-america.com\/site\/ecuador\/wp-json\/wp\/v2\/posts\/11006","targetHints":{"allow":["GET"]}}],"collection":[{"href":"https:\/\/noti-america.com\/site\/ecuador\/wp-json\/wp\/v2\/posts"}],"about":[{"href":"https:\/\/noti-america.com\/site\/ecuador\/wp-json\/wp\/v2\/types\/post"}],"author":[{"embeddable":true,"href":"https:\/\/noti-america.com\/site\/ecuador\/wp-json\/wp\/v2\/users\/54"}],"replies":[{"embeddable":true,"href":"https:\/\/noti-america.com\/site\/ecuador\/wp-json\/wp\/v2\/comments?post=11006"}],"version-history":[{"count":3,"href":"https:\/\/noti-america.com\/site\/ecuador\/wp-json\/wp\/v2\/posts\/11006\/revisions"}],"predecessor-version":[{"id":11021,"href":"https:\/\/noti-america.com\/site\/ecuador\/wp-json\/wp\/v2\/posts\/11006\/revisions\/11021"}],"wp:featuredmedia":[{"embeddable":true,"href":"https:\/\/noti-america.com\/site\/ecuador\/wp-json\/wp\/v2\/media\/11015"}],"wp:attachment":[{"href":"https:\/\/noti-america.com\/site\/ecuador\/wp-json\/wp\/v2\/media?parent=11006"}],"wp:term":[{"taxonomy":"category","embeddable":true,"href":"https:\/\/noti-america.com\/site\/ecuador\/wp-json\/wp\/v2\/categories?post=11006"},{"taxonomy":"post_tag","embeddable":true,"href":"https:\/\/noti-america.com\/site\/ecuador\/wp-json\/wp\/v2\/tags?post=11006"}],"curies":[{"name":"wp","href":"https:\/\/api.w.org\/{rel}","templated":true}]}}