{"id":10895,"date":"2020-10-02T06:25:48","date_gmt":"2020-10-02T06:25:48","guid":{"rendered":"https:\/\/noti-america.com\/site\/ecuador\/?p=10895"},"modified":"2020-10-02T06:26:38","modified_gmt":"2020-10-02T06:26:38","slug":"controles-en-buses-del-guayas-para-que-se-cumplen-medidas-de-bioseguridad","status":"publish","type":"post","link":"https:\/\/noti-america.com\/site\/ecuador\/2020\/10\/02\/controles-en-buses-del-guayas-para-que-se-cumplen-medidas-de-bioseguridad\/","title":{"rendered":"Controles en buses del Guayas para que se cumplan medidas de bioseguridad"},"content":{"rendered":"<p style=\"text-align: justify\"><strong>REDACCI\u00d3N NOTI-AM\u00c9RICA (ECUADOR)<\/strong><\/p>\n<div id=\"attachment_10896\" style=\"width: 816px\" class=\"wp-caption aligncenter\"><img loading=\"lazy\" decoding=\"async\" aria-describedby=\"caption-attachment-10896\" class=\" wp-image-10896\" src=\"https:\/\/noti-america.com\/site\/ecuador\/wp-content\/uploads\/sites\/18\/2020\/10\/Control_Mascarillas_CTE1-300x200.jpg\" alt=\"\" width=\"806\" height=\"537\" srcset=\"https:\/\/noti-america.com\/site\/ecuador\/wp-content\/uploads\/sites\/18\/2020\/10\/Control_Mascarillas_CTE1-300x200.jpg 300w, https:\/\/noti-america.com\/site\/ecuador\/wp-content\/uploads\/sites\/18\/2020\/10\/Control_Mascarillas_CTE1-1024x683.jpg 1024w, https:\/\/noti-america.com\/site\/ecuador\/wp-content\/uploads\/sites\/18\/2020\/10\/Control_Mascarillas_CTE1-768x512.jpg 768w, https:\/\/noti-america.com\/site\/ecuador\/wp-content\/uploads\/sites\/18\/2020\/10\/Control_Mascarillas_CTE1-272x182.jpg 272w, https:\/\/noti-america.com\/site\/ecuador\/wp-content\/uploads\/sites\/18\/2020\/10\/Control_Mascarillas_CTE1.jpg 1080w\" sizes=\"auto, (max-width: 806px) 100vw, 806px\" \/><p id=\"caption-attachment-10896\" class=\"wp-caption-text\"><strong>Autoridades del Guayas y cerca de 20 agentes de la Unidad de Control de Transporte P\u00fablico de la CTE subieron a los buses para verificar si los pasajeros usan mascarillas, el cintur\u00f3n de seguridad y si se respetaba el aforo del 75%. Fotos: Cortes\u00eda CTE.<\/strong><\/p><\/div>\n<p style=\"text-align: justify\">Desde el pasado 13 de septiembre, luego de terminarse el estado de excepci\u00f3n, hasta la fecha se han registrado 18 buses de diferentes cooperativas que han incumplido con las medidas de bioseguridad para prevenir contagios de Covid-19.<\/p>\n<p style=\"text-align: justify\">As\u00ed lo anunci\u00f3 el director ejecutivo de la Comisi\u00f3n de Tr\u00e1nsito del Ecuador (CTE), Eduardo Ayala Guzm\u00e1n, la ma\u00f1ana de este jueves 1 de octubre, durante el operativo de control que se realiz\u00f3 en el peaje de Chiver\u00eda, ubicado en el kil\u00f3metro 24,5 de la v\u00eda a Daule.<\/p>\n<div id=\"attachment_10898\" style=\"width: 531px\" class=\"wp-caption alignleft\"><img loading=\"lazy\" decoding=\"async\" aria-describedby=\"caption-attachment-10898\" class=\" wp-image-10898\" src=\"https:\/\/noti-america.com\/site\/ecuador\/wp-content\/uploads\/sites\/18\/2020\/10\/Control_Mascarillas_CTE3-300x200.jpg\" alt=\"\" width=\"521\" height=\"347\" srcset=\"https:\/\/noti-america.com\/site\/ecuador\/wp-content\/uploads\/sites\/18\/2020\/10\/Control_Mascarillas_CTE3-300x200.jpg 300w, https:\/\/noti-america.com\/site\/ecuador\/wp-content\/uploads\/sites\/18\/2020\/10\/Control_Mascarillas_CTE3-1024x682.jpg 1024w, https:\/\/noti-america.com\/site\/ecuador\/wp-content\/uploads\/sites\/18\/2020\/10\/Control_Mascarillas_CTE3-768x512.jpg 768w, https:\/\/noti-america.com\/site\/ecuador\/wp-content\/uploads\/sites\/18\/2020\/10\/Control_Mascarillas_CTE3-272x182.jpg 272w, https:\/\/noti-america.com\/site\/ecuador\/wp-content\/uploads\/sites\/18\/2020\/10\/Control_Mascarillas_CTE3.jpg 1280w\" sizes=\"auto, (max-width: 521px) 100vw, 521px\" \/><p id=\"caption-attachment-10898\" class=\"wp-caption-text\"><strong>Los operativos por parte de la CTE continuar\u00e1n realiz\u00e1ndose para constatar que se cumplan las disposiciones del COE.<\/strong><\/p><\/div>\n<p style=\"text-align: justify\">\u201cLos operativos son coordinados con antelaci\u00f3n y continuaremos realiz\u00e1ndolos para constatar que se cumplan las disposiciones del Comit\u00e9 de Operaciones de Emergencia (COE) Nacional. Asimismo que se utilice el cintur\u00f3n de seguridad y si se respete el aforo del 75%\u201d, afirm\u00f3.<\/p>\n<p style=\"text-align: justify\">El funcionario pidi\u00f3 a la ciudadan\u00eda que si observan alg\u00fan mal procedimiento de un miembro de la CTE realice la denuncia correspondiente ante la Direcci\u00f3n de Asuntos Internos.<\/p>\n<p style=\"text-align: justify\">\u201cHe manifestado mi respaldo total a los uniformados que act\u00faen apegados a la ley. Sin embargo, para aquellos que se desv\u00eden no existir\u00e1 ning\u00fan tipo de contemplaci\u00f3n y tendr\u00e1n las sanciones respectivas\u201d, enfatiz\u00f3 Ayala.<\/p>\n<p style=\"text-align: justify\">En esta actividad participaron el gobernador del Guayas, Luis Chonillo; y, el director provincial de la Agencia Nacional de Tr\u00e1nsito (ANT), Luis Quiroz. La labor de los vigilantes se concentr\u00f3 en los buses de cooperativas de transportes intra e interprovincial.<\/p>\n","protected":false},"excerpt":{"rendered":"<p>REDACCI\u00d3N NOTI-AM\u00c9RICA (ECUADOR) Desde el pasado 13 de septiembre, luego de terminarse el estado de excepci\u00f3n, hasta la fecha se han registrado 18 buses de diferentes cooperativas que han incumplido con las medidas de&#46;&#46;&#46;<\/p>\n","protected":false},"author":54,"featured_media":10899,"comment_status":"open","ping_status":"open","sticky":false,"template":"","format":"standard","meta":{"_acf_changed":false,"om_disable_all_campaigns":false,"rop_custom_images_group":[],"rop_custom_messages_group":[],"rop_publish_now":"initial","rop_publish_now_accounts":{"twitter_242054905_242054905":""},"rop_publish_now_history":[],"rop_publish_now_status":"pending","_uf_show_specific_survey":0,"_uf_disable_surveys":false,"footnotes":""},"categories":[109],"tags":[],"class_list":["post-10895","post","type-post","status-publish","format-standard","has-post-thumbnail","hentry","category-seguridad"],"acf":[],"aioseo_notices":[],"yoast_head":"<!-- This site is optimized with the Yoast SEO Premium plugin v24.9 (Yoast SEO v27.2) - https:\/\/yoast.com\/product\/yoast-seo-premium-wordpress\/ -->\n<title>Controles en buses del Guayas para que se cumplan medidas de bioseguridad - Ecuador | Noti-America.com<\/title>\n<meta name=\"robots\" content=\"index, follow, max-snippet:-1, max-image-preview:large, max-video-preview:-1\" \/>\n<link rel=\"canonical\" href=\"https:\/\/noti-america.com\/site\/ecuador\/2020\/10\/02\/controles-en-buses-del-guayas-para-que-se-cumplen-medidas-de-bioseguridad\/\" \/>\n<meta property=\"og:locale\" content=\"es_ES\" \/>\n<meta property=\"og:type\" content=\"article\" \/>\n<meta property=\"og:title\" content=\"Controles en buses del Guayas para que se cumplan medidas de bioseguridad\" \/>\n<meta property=\"og:description\" content=\"REDACCI\u00d3N NOTI-AM\u00c9RICA (ECUADOR) Desde el pasado 13 de septiembre, luego de terminarse el estado de excepci\u00f3n, hasta la fecha se han registrado 18 buses de diferentes cooperativas que han incumplido con las medidas de&#046;&#046;&#046;\" \/>\n<meta property=\"og:url\" content=\"https:\/\/noti-america.com\/site\/ecuador\/2020\/10\/02\/controles-en-buses-del-guayas-para-que-se-cumplen-medidas-de-bioseguridad\/\" \/>\n<meta property=\"og:site_name\" content=\"Ecuador | Noti-America.com\" \/>\n<meta property=\"article:author\" content=\"https:\/\/www.facebook.com\/geojuradopuente\" \/>\n<meta property=\"article:published_time\" content=\"2020-10-02T06:25:48+00:00\" \/>\n<meta property=\"article:modified_time\" content=\"2020-10-02T06:26:38+00:00\" \/>\n<meta property=\"og:image\" content=\"https:\/\/noti-america.com\/site\/ecuador\/wp-content\/uploads\/sites\/18\/2020\/10\/Control_Mascarillas_CTE1-1.jpg\" \/>\n\t<meta property=\"og:image:width\" content=\"1080\" \/>\n\t<meta property=\"og:image:height\" content=\"720\" \/>\n\t<meta property=\"og:image:type\" content=\"image\/jpeg\" \/>\n<meta name=\"author\" content=\"Mgtr. Geovanny Jurado Puente\" \/>\n<meta name=\"twitter:card\" content=\"summary_large_image\" \/>\n<meta name=\"twitter:creator\" content=\"@GeoJurado\" \/>\n<meta name=\"twitter:site\" content=\"@notiamerica\" \/>\n<meta name=\"twitter:label1\" content=\"Escrito por\" \/>\n\t<meta name=\"twitter:data1\" content=\"Mgtr. Geovanny Jurado Puente\" \/>\n\t<meta name=\"twitter:label2\" content=\"Tiempo estimado de lectura\" \/>\n\t<meta name=\"twitter:data2\" content=\"2 minutos\" \/>\n<script type=\"application\/ld+json\" class=\"yoast-schema-graph\">{\"@context\":\"https:\/\/schema.org\",\"@graph\":[{\"@type\":\"Article\",\"@id\":\"https:\/\/noti-america.com\/site\/ecuador\/2020\/10\/02\/controles-en-buses-del-guayas-para-que-se-cumplen-medidas-de-bioseguridad\/#article\",\"isPartOf\":{\"@id\":\"https:\/\/noti-america.com\/site\/ecuador\/2020\/10\/02\/controles-en-buses-del-guayas-para-que-se-cumplen-medidas-de-bioseguridad\/\"},\"author\":{\"name\":\"Mgtr. Geovanny Jurado Puente\",\"@id\":\"https:\/\/noti-america.com\/site\/ecuador\/#\/schema\/person\/eafaa0d78b886269707bbd67c79282d8\"},\"headline\":\"Controles en buses del Guayas para que se cumplan medidas de bioseguridad\",\"datePublished\":\"2020-10-02T06:25:48+00:00\",\"dateModified\":\"2020-10-02T06:26:38+00:00\",\"mainEntityOfPage\":{\"@id\":\"https:\/\/noti-america.com\/site\/ecuador\/2020\/10\/02\/controles-en-buses-del-guayas-para-que-se-cumplen-medidas-de-bioseguridad\/\"},\"wordCount\":340,\"commentCount\":0,\"publisher\":{\"@id\":\"https:\/\/noti-america.com\/site\/ecuador\/#organization\"},\"image\":{\"@id\":\"https:\/\/noti-america.com\/site\/ecuador\/2020\/10\/02\/controles-en-buses-del-guayas-para-que-se-cumplen-medidas-de-bioseguridad\/#primaryimage\"},\"thumbnailUrl\":\"https:\/\/noti-america.com\/site\/ecuador\/wp-content\/uploads\/sites\/18\/2020\/10\/Control_Mascarillas_CTE1-1.jpg\",\"articleSection\":[\"Seguridad\"],\"inLanguage\":\"es\",\"potentialAction\":[{\"@type\":\"CommentAction\",\"name\":\"Comment\",\"target\":[\"https:\/\/noti-america.com\/site\/ecuador\/2020\/10\/02\/controles-en-buses-del-guayas-para-que-se-cumplen-medidas-de-bioseguridad\/#respond\"]}]},{\"@type\":\"WebPage\",\"@id\":\"https:\/\/noti-america.com\/site\/ecuador\/2020\/10\/02\/controles-en-buses-del-guayas-para-que-se-cumplen-medidas-de-bioseguridad\/\",\"url\":\"https:\/\/noti-america.com\/site\/ecuador\/2020\/10\/02\/controles-en-buses-del-guayas-para-que-se-cumplen-medidas-de-bioseguridad\/\",\"name\":\"Controles en buses del Guayas para que se cumplan medidas de bioseguridad - Ecuador | Noti-America.com\",\"isPartOf\":{\"@id\":\"https:\/\/noti-america.com\/site\/ecuador\/#website\"},\"primaryImageOfPage\":{\"@id\":\"https:\/\/noti-america.com\/site\/ecuador\/2020\/10\/02\/controles-en-buses-del-guayas-para-que-se-cumplen-medidas-de-bioseguridad\/#primaryimage\"},\"image\":{\"@id\":\"https:\/\/noti-america.com\/site\/ecuador\/2020\/10\/02\/controles-en-buses-del-guayas-para-que-se-cumplen-medidas-de-bioseguridad\/#primaryimage\"},\"thumbnailUrl\":\"https:\/\/noti-america.com\/site\/ecuador\/wp-content\/uploads\/sites\/18\/2020\/10\/Control_Mascarillas_CTE1-1.jpg\",\"datePublished\":\"2020-10-02T06:25:48+00:00\",\"dateModified\":\"2020-10-02T06:26:38+00:00\",\"breadcrumb\":{\"@id\":\"https:\/\/noti-america.com\/site\/ecuador\/2020\/10\/02\/controles-en-buses-del-guayas-para-que-se-cumplen-medidas-de-bioseguridad\/#breadcrumb\"},\"inLanguage\":\"es\",\"potentialAction\":[{\"@type\":\"ReadAction\",\"target\":[\"https:\/\/noti-america.com\/site\/ecuador\/2020\/10\/02\/controles-en-buses-del-guayas-para-que-se-cumplen-medidas-de-bioseguridad\/\"]}]},{\"@type\":\"ImageObject\",\"inLanguage\":\"es\",\"@id\":\"https:\/\/noti-america.com\/site\/ecuador\/2020\/10\/02\/controles-en-buses-del-guayas-para-que-se-cumplen-medidas-de-bioseguridad\/#primaryimage\",\"url\":\"https:\/\/noti-america.com\/site\/ecuador\/wp-content\/uploads\/sites\/18\/2020\/10\/Control_Mascarillas_CTE1-1.jpg\",\"contentUrl\":\"https:\/\/noti-america.com\/site\/ecuador\/wp-content\/uploads\/sites\/18\/2020\/10\/Control_Mascarillas_CTE1-1.jpg\",\"width\":1080,\"height\":720},{\"@type\":\"BreadcrumbList\",\"@id\":\"https:\/\/noti-america.com\/site\/ecuador\/2020\/10\/02\/controles-en-buses-del-guayas-para-que-se-cumplen-medidas-de-bioseguridad\/#breadcrumb\",\"itemListElement\":[{\"@type\":\"ListItem\",\"position\":1,\"name\":\"Portada\",\"item\":\"https:\/\/noti-america.com\/site\/ecuador\/\"},{\"@type\":\"ListItem\",\"position\":2,\"name\":\"Controles en buses del Guayas para que se cumplan medidas de bioseguridad\"}]},{\"@type\":\"WebSite\",\"@id\":\"https:\/\/noti-america.com\/site\/ecuador\/#website\",\"url\":\"https:\/\/noti-america.com\/site\/ecuador\/\",\"name\":\"Ecuador | Noti-America.com\",\"description\":\"\",\"publisher\":{\"@id\":\"https:\/\/noti-america.com\/site\/ecuador\/#organization\"},\"potentialAction\":[{\"@type\":\"SearchAction\",\"target\":{\"@type\":\"EntryPoint\",\"urlTemplate\":\"https:\/\/noti-america.com\/site\/ecuador\/?s={search_term_string}\"},\"query-input\":{\"@type\":\"PropertyValueSpecification\",\"valueRequired\":true,\"valueName\":\"search_term_string\"}}],\"inLanguage\":\"es\"},{\"@type\":\"Organization\",\"@id\":\"https:\/\/noti-america.com\/site\/ecuador\/#organization\",\"name\":\"Noti-America LLC | Ecuador\",\"url\":\"https:\/\/noti-america.com\/site\/ecuador\/\",\"logo\":{\"@type\":\"ImageObject\",\"inLanguage\":\"es\",\"@id\":\"https:\/\/noti-america.com\/site\/ecuador\/#\/schema\/logo\/image\/\",\"url\":\"https:\/\/noti-america.com\/site\/ecuador\/wp-content\/uploads\/sites\/18\/2020\/07\/LogoNA-4x3-1.jpg\",\"contentUrl\":\"https:\/\/noti-america.com\/site\/ecuador\/wp-content\/uploads\/sites\/18\/2020\/07\/LogoNA-4x3-1.jpg\",\"width\":1236,\"height\":1080,\"caption\":\"Noti-America LLC | Ecuador\"},\"image\":{\"@id\":\"https:\/\/noti-america.com\/site\/ecuador\/#\/schema\/logo\/image\/\"},\"sameAs\":[\"https:\/\/x.com\/notiamerica\"]},{\"@type\":\"Person\",\"@id\":\"https:\/\/noti-america.com\/site\/ecuador\/#\/schema\/person\/eafaa0d78b886269707bbd67c79282d8\",\"name\":\"Mgtr. Geovanny Jurado Puente\",\"image\":{\"@type\":\"ImageObject\",\"inLanguage\":\"es\",\"@id\":\"https:\/\/secure.gravatar.com\/avatar\/f837d50a2ea0d7cba882939210fb03249c2d70cdea88235e685f1a91ced24905?s=96&d=mm&r=g\",\"url\":\"https:\/\/secure.gravatar.com\/avatar\/f837d50a2ea0d7cba882939210fb03249c2d70cdea88235e685f1a91ced24905?s=96&d=mm&r=g\",\"contentUrl\":\"https:\/\/secure.gravatar.com\/avatar\/f837d50a2ea0d7cba882939210fb03249c2d70cdea88235e685f1a91ced24905?s=96&d=mm&r=g\",\"caption\":\"Mgtr. Geovanny Jurado Puente\"},\"description\":\"Mag\u00edster en Comunicaci\u00f3n, Menci\u00f3n Pol\u00edticas de Desarrollo Social; Licenciado en Ciencias de la Comunicaci\u00f3n Social; Docente Universitario; Miembro de la Red de Investigadores en Comunicaci\u00f3n del Ecuador (RICE); Miembro Fundador de la Red de Editoriales Universitarias y Escuelas Polit\u00e9cnicas del Ecuador (Reupde); ecuatoriano de nacimiento, con residencia en Daule.\",\"sameAs\":[\"https:\/\/www.facebook.com\/geojuradopuente\",\"Geo Jurado\",\"https:\/\/x.com\/GeoJurado\"],\"url\":\"https:\/\/noti-america.com\/site\/ecuador\/author\/gjurado\/\"}]}<\/script>\n<!-- \/ Yoast SEO Premium plugin. -->","yoast_head_json":{"title":"Controles en buses del Guayas para que se cumplan medidas de bioseguridad - Ecuador | Noti-America.com","robots":{"index":"index","follow":"follow","max-snippet":"max-snippet:-1","max-image-preview":"max-image-preview:large","max-video-preview":"max-video-preview:-1"},"canonical":"https:\/\/noti-america.com\/site\/ecuador\/2020\/10\/02\/controles-en-buses-del-guayas-para-que-se-cumplen-medidas-de-bioseguridad\/","og_locale":"es_ES","og_type":"article","og_title":"Controles en buses del Guayas para que se cumplan medidas de bioseguridad","og_description":"REDACCI\u00d3N NOTI-AM\u00c9RICA (ECUADOR) Desde el pasado 13 de septiembre, luego de terminarse el estado de excepci\u00f3n, hasta la fecha se han registrado 18 buses de diferentes cooperativas que han incumplido con las medidas de&#46;&#46;&#46;","og_url":"https:\/\/noti-america.com\/site\/ecuador\/2020\/10\/02\/controles-en-buses-del-guayas-para-que-se-cumplen-medidas-de-bioseguridad\/","og_site_name":"Ecuador | Noti-America.com","article_author":"https:\/\/www.facebook.com\/geojuradopuente","article_published_time":"2020-10-02T06:25:48+00:00","article_modified_time":"2020-10-02T06:26:38+00:00","og_image":[{"width":1080,"height":720,"url":"https:\/\/noti-america.com\/site\/ecuador\/wp-content\/uploads\/sites\/18\/2020\/10\/Control_Mascarillas_CTE1-1.jpg","type":"image\/jpeg"}],"author":"Mgtr. Geovanny Jurado Puente","twitter_card":"summary_large_image","twitter_creator":"@GeoJurado","twitter_site":"@notiamerica","twitter_misc":{"Escrito por":"Mgtr. Geovanny Jurado Puente","Tiempo estimado de lectura":"2 minutos"},"schema":{"@context":"https:\/\/schema.org","@graph":[{"@type":"Article","@id":"https:\/\/noti-america.com\/site\/ecuador\/2020\/10\/02\/controles-en-buses-del-guayas-para-que-se-cumplen-medidas-de-bioseguridad\/#article","isPartOf":{"@id":"https:\/\/noti-america.com\/site\/ecuador\/2020\/10\/02\/controles-en-buses-del-guayas-para-que-se-cumplen-medidas-de-bioseguridad\/"},"author":{"name":"Mgtr. Geovanny Jurado Puente","@id":"https:\/\/noti-america.com\/site\/ecuador\/#\/schema\/person\/eafaa0d78b886269707bbd67c79282d8"},"headline":"Controles en buses del Guayas para que se cumplan medidas de bioseguridad","datePublished":"2020-10-02T06:25:48+00:00","dateModified":"2020-10-02T06:26:38+00:00","mainEntityOfPage":{"@id":"https:\/\/noti-america.com\/site\/ecuador\/2020\/10\/02\/controles-en-buses-del-guayas-para-que-se-cumplen-medidas-de-bioseguridad\/"},"wordCount":340,"commentCount":0,"publisher":{"@id":"https:\/\/noti-america.com\/site\/ecuador\/#organization"},"image":{"@id":"https:\/\/noti-america.com\/site\/ecuador\/2020\/10\/02\/controles-en-buses-del-guayas-para-que-se-cumplen-medidas-de-bioseguridad\/#primaryimage"},"thumbnailUrl":"https:\/\/noti-america.com\/site\/ecuador\/wp-content\/uploads\/sites\/18\/2020\/10\/Control_Mascarillas_CTE1-1.jpg","articleSection":["Seguridad"],"inLanguage":"es","potentialAction":[{"@type":"CommentAction","name":"Comment","target":["https:\/\/noti-america.com\/site\/ecuador\/2020\/10\/02\/controles-en-buses-del-guayas-para-que-se-cumplen-medidas-de-bioseguridad\/#respond"]}]},{"@type":"WebPage","@id":"https:\/\/noti-america.com\/site\/ecuador\/2020\/10\/02\/controles-en-buses-del-guayas-para-que-se-cumplen-medidas-de-bioseguridad\/","url":"https:\/\/noti-america.com\/site\/ecuador\/2020\/10\/02\/controles-en-buses-del-guayas-para-que-se-cumplen-medidas-de-bioseguridad\/","name":"Controles en buses del Guayas para que se cumplan medidas de bioseguridad - Ecuador | Noti-America.com","isPartOf":{"@id":"https:\/\/noti-america.com\/site\/ecuador\/#website"},"primaryImageOfPage":{"@id":"https:\/\/noti-america.com\/site\/ecuador\/2020\/10\/02\/controles-en-buses-del-guayas-para-que-se-cumplen-medidas-de-bioseguridad\/#primaryimage"},"image":{"@id":"https:\/\/noti-america.com\/site\/ecuador\/2020\/10\/02\/controles-en-buses-del-guayas-para-que-se-cumplen-medidas-de-bioseguridad\/#primaryimage"},"thumbnailUrl":"https:\/\/noti-america.com\/site\/ecuador\/wp-content\/uploads\/sites\/18\/2020\/10\/Control_Mascarillas_CTE1-1.jpg","datePublished":"2020-10-02T06:25:48+00:00","dateModified":"2020-10-02T06:26:38+00:00","breadcrumb":{"@id":"https:\/\/noti-america.com\/site\/ecuador\/2020\/10\/02\/controles-en-buses-del-guayas-para-que-se-cumplen-medidas-de-bioseguridad\/#breadcrumb"},"inLanguage":"es","potentialAction":[{"@type":"ReadAction","target":["https:\/\/noti-america.com\/site\/ecuador\/2020\/10\/02\/controles-en-buses-del-guayas-para-que-se-cumplen-medidas-de-bioseguridad\/"]}]},{"@type":"ImageObject","inLanguage":"es","@id":"https:\/\/noti-america.com\/site\/ecuador\/2020\/10\/02\/controles-en-buses-del-guayas-para-que-se-cumplen-medidas-de-bioseguridad\/#primaryimage","url":"https:\/\/noti-america.com\/site\/ecuador\/wp-content\/uploads\/sites\/18\/2020\/10\/Control_Mascarillas_CTE1-1.jpg","contentUrl":"https:\/\/noti-america.com\/site\/ecuador\/wp-content\/uploads\/sites\/18\/2020\/10\/Control_Mascarillas_CTE1-1.jpg","width":1080,"height":720},{"@type":"BreadcrumbList","@id":"https:\/\/noti-america.com\/site\/ecuador\/2020\/10\/02\/controles-en-buses-del-guayas-para-que-se-cumplen-medidas-de-bioseguridad\/#breadcrumb","itemListElement":[{"@type":"ListItem","position":1,"name":"Portada","item":"https:\/\/noti-america.com\/site\/ecuador\/"},{"@type":"ListItem","position":2,"name":"Controles en buses del Guayas para que se cumplan medidas de bioseguridad"}]},{"@type":"WebSite","@id":"https:\/\/noti-america.com\/site\/ecuador\/#website","url":"https:\/\/noti-america.com\/site\/ecuador\/","name":"Ecuador | Noti-America.com","description":"","publisher":{"@id":"https:\/\/noti-america.com\/site\/ecuador\/#organization"},"potentialAction":[{"@type":"SearchAction","target":{"@type":"EntryPoint","urlTemplate":"https:\/\/noti-america.com\/site\/ecuador\/?s={search_term_string}"},"query-input":{"@type":"PropertyValueSpecification","valueRequired":true,"valueName":"search_term_string"}}],"inLanguage":"es"},{"@type":"Organization","@id":"https:\/\/noti-america.com\/site\/ecuador\/#organization","name":"Noti-America LLC | Ecuador","url":"https:\/\/noti-america.com\/site\/ecuador\/","logo":{"@type":"ImageObject","inLanguage":"es","@id":"https:\/\/noti-america.com\/site\/ecuador\/#\/schema\/logo\/image\/","url":"https:\/\/noti-america.com\/site\/ecuador\/wp-content\/uploads\/sites\/18\/2020\/07\/LogoNA-4x3-1.jpg","contentUrl":"https:\/\/noti-america.com\/site\/ecuador\/wp-content\/uploads\/sites\/18\/2020\/07\/LogoNA-4x3-1.jpg","width":1236,"height":1080,"caption":"Noti-America LLC | Ecuador"},"image":{"@id":"https:\/\/noti-america.com\/site\/ecuador\/#\/schema\/logo\/image\/"},"sameAs":["https:\/\/x.com\/notiamerica"]},{"@type":"Person","@id":"https:\/\/noti-america.com\/site\/ecuador\/#\/schema\/person\/eafaa0d78b886269707bbd67c79282d8","name":"Mgtr. Geovanny Jurado Puente","image":{"@type":"ImageObject","inLanguage":"es","@id":"https:\/\/secure.gravatar.com\/avatar\/f837d50a2ea0d7cba882939210fb03249c2d70cdea88235e685f1a91ced24905?s=96&d=mm&r=g","url":"https:\/\/secure.gravatar.com\/avatar\/f837d50a2ea0d7cba882939210fb03249c2d70cdea88235e685f1a91ced24905?s=96&d=mm&r=g","contentUrl":"https:\/\/secure.gravatar.com\/avatar\/f837d50a2ea0d7cba882939210fb03249c2d70cdea88235e685f1a91ced24905?s=96&d=mm&r=g","caption":"Mgtr. Geovanny Jurado Puente"},"description":"Mag\u00edster en Comunicaci\u00f3n, Menci\u00f3n Pol\u00edticas de Desarrollo Social; Licenciado en Ciencias de la Comunicaci\u00f3n Social; Docente Universitario; Miembro de la Red de Investigadores en Comunicaci\u00f3n del Ecuador (RICE); Miembro Fundador de la Red de Editoriales Universitarias y Escuelas Polit\u00e9cnicas del Ecuador (Reupde); ecuatoriano de nacimiento, con residencia en Daule.","sameAs":["https:\/\/www.facebook.com\/geojuradopuente","Geo Jurado","https:\/\/x.com\/GeoJurado"],"url":"https:\/\/noti-america.com\/site\/ecuador\/author\/gjurado\/"}]}},"_links":{"self":[{"href":"https:\/\/noti-america.com\/site\/ecuador\/wp-json\/wp\/v2\/posts\/10895","targetHints":{"allow":["GET"]}}],"collection":[{"href":"https:\/\/noti-america.com\/site\/ecuador\/wp-json\/wp\/v2\/posts"}],"about":[{"href":"https:\/\/noti-america.com\/site\/ecuador\/wp-json\/wp\/v2\/types\/post"}],"author":[{"embeddable":true,"href":"https:\/\/noti-america.com\/site\/ecuador\/wp-json\/wp\/v2\/users\/54"}],"replies":[{"embeddable":true,"href":"https:\/\/noti-america.com\/site\/ecuador\/wp-json\/wp\/v2\/comments?post=10895"}],"version-history":[{"count":2,"href":"https:\/\/noti-america.com\/site\/ecuador\/wp-json\/wp\/v2\/posts\/10895\/revisions"}],"predecessor-version":[{"id":10901,"href":"https:\/\/noti-america.com\/site\/ecuador\/wp-json\/wp\/v2\/posts\/10895\/revisions\/10901"}],"wp:featuredmedia":[{"embeddable":true,"href":"https:\/\/noti-america.com\/site\/ecuador\/wp-json\/wp\/v2\/media\/10899"}],"wp:attachment":[{"href":"https:\/\/noti-america.com\/site\/ecuador\/wp-json\/wp\/v2\/media?parent=10895"}],"wp:term":[{"taxonomy":"category","embeddable":true,"href":"https:\/\/noti-america.com\/site\/ecuador\/wp-json\/wp\/v2\/categories?post=10895"},{"taxonomy":"post_tag","embeddable":true,"href":"https:\/\/noti-america.com\/site\/ecuador\/wp-json\/wp\/v2\/tags?post=10895"}],"curies":[{"name":"wp","href":"https:\/\/api.w.org\/{rel}","templated":true}]}}