{"id":10700,"date":"2020-09-25T15:13:31","date_gmt":"2020-09-25T15:13:31","guid":{"rendered":"https:\/\/noti-america.com\/site\/ecuador\/?p=10700"},"modified":"2020-09-25T15:14:57","modified_gmt":"2020-09-25T15:14:57","slug":"ni-contigo-ni-sin-ti","status":"publish","type":"post","link":"https:\/\/noti-america.com\/site\/ecuador\/2020\/09\/25\/ni-contigo-ni-sin-ti\/","title":{"rendered":"Ni contigo ni sin ti"},"content":{"rendered":"<p>REDACCI\u00d3N NOTI AM\u00c9RICA (ECUADOR)<\/p>\n<div id=\"attachment_8905\" style=\"width: 245px\" class=\"wp-caption alignleft\"><img loading=\"lazy\" decoding=\"async\" aria-describedby=\"caption-attachment-8905\" class=\"wp-image-8905 size-medium\" src=\"https:\/\/noti-america.com\/site\/ecuador\/wp-content\/uploads\/sites\/18\/2020\/05\/Foto-Ing.-Gonzalo-G\u00f3mez-235x300.jpg\" alt=\"\" width=\"235\" height=\"300\" srcset=\"https:\/\/noti-america.com\/site\/ecuador\/wp-content\/uploads\/sites\/18\/2020\/05\/Foto-Ing.-Gonzalo-G\u00f3mez-235x300.jpg 235w, https:\/\/noti-america.com\/site\/ecuador\/wp-content\/uploads\/sites\/18\/2020\/05\/Foto-Ing.-Gonzalo-G\u00f3mez-803x1024.jpg 803w, https:\/\/noti-america.com\/site\/ecuador\/wp-content\/uploads\/sites\/18\/2020\/05\/Foto-Ing.-Gonzalo-G\u00f3mez-768x979.jpg 768w, https:\/\/noti-america.com\/site\/ecuador\/wp-content\/uploads\/sites\/18\/2020\/05\/Foto-Ing.-Gonzalo-G\u00f3mez-rotated.jpg 812w\" sizes=\"auto, (max-width: 235px) 100vw, 235px\" \/><p id=\"caption-attachment-8905\" class=\"wp-caption-text\">Ing. Gonzalo G\u00f3mez Landires<\/p><\/div>\n<p style=\"text-align: justify\"><em>A pesar de las pr\u00f3rrogas por situaciones coyunturales, la asamblea mantiene su decisi\u00f3n de enjuiciar pol\u00edticamente al ministro de econom\u00eda, qui\u00e9n ha acumulado m\u00e9ritos para ese llamado, sin embargo, a pesar de pocos logros tangibles y m\u00e1s errores de buena voluntad, no podr\u00edamos calificarlo como el peor de los ministros, y esto es lo m\u00e1s triste, porque la torpeza del gobierno para escoger funcionarios nos ha acostumbrado a tan solo lo \u201cmenos malo\u201d. \u00a0Aquella \u00e9poca en que se priorizaba la eficiencia se perdi\u00f3 hace catorce a\u00f1os. <\/em><em>\u00a0<\/em><\/p>\n<p style=\"text-align: justify\"><em>La reciente reestructuraci\u00f3n de un importante tramo de la deuda, es uno de los pocos aciertos registrados en este gobierno, pero eso apenas acomoda el entorno de lo que se debe trabajar y que no se ha tocado en lo que va de su per\u00edodo: el ordenamiento econ\u00f3mico para producir riqueza. \u00a0Se concentraron solo en repartir bonos, kits, canastas y otras caridades que no corrigen ni la pobreza ni la falta de empleo, y que atentan contra la dignidad del pobre al inducirlo a la mendicidad.\u00a0 Algo parecido pasa con la reestructuraci\u00f3n, pues aunque el presidente celebra este acontecimiento con bombos y platillos, en todos sus a\u00f1os de gobierno no se ha implementado ninguna estrategia viable para impulsar la capacidad de generaci\u00f3n de ingresos, ni del sector p\u00fablico ni del privado.<\/em><\/p>\n<p style=\"text-align: justify\"><em>Es importante ordenar los pasivos, es cierto, pero no sirve de mucho si no se accionan los mecanismos para mejorar los activos. Y esa es la mayor deuda del ministro Mart\u00ednez, que guarda similitud con el caso del ex vicepresidente pues los dos llegaron desde la empresa privada con una publicitada profesionalidad en econom\u00eda, con maestr\u00edas y doctorados rimbombantes, pero ninguno propuls\u00f3 el menor cambio en la pol\u00edtica econ\u00f3mica del gobierno.\u00a0 Necedad o incapacidad, porque si en catorce a\u00f1os bajo el mismo sistema solo se destruy\u00f3 la potencialidad econ\u00f3mica del pa\u00eds, lo consecuente era intentar otra tendencia.<\/em><\/p>\n<p style=\"text-align: justify\"><em>Es hora de ensayar un cambio, tal vez sobre esa obsesiva y desbocada ambici\u00f3n recaudatoria,\u00a0 eliminando tanto impuesto alevoso, permisos absurdos y controles tramposos que elevan los costos, aumentan el desempleo y desalientan la inversi\u00f3n. Si impuls\u00e1ramos el crecimiento de la empresa privada, esta incrementar\u00eda sus utilidades y el gobierno obtendr\u00eda una recaudaci\u00f3n tributaria cinco veces mayor que la eliminaci\u00f3n de los subsidios, o el abyecto plan apodado apoyo humanitario.\u00a0 <\/em><\/p>\n<p style=\"text-align: justify\"><em>La probable dimisi\u00f3n del ministro de econom\u00eda, sea obligado por la asamblea o por petici\u00f3n del presidente no es dif\u00edcil que suceda, pero tampoco garantiza mejor\u00eda en esa cartera; en realidad temblamos ante la posibilidad que el presidente lo reemplace con alg\u00fan \u201cexperto\u201d en marketing o alg\u00fan otro advenedizo con menos competencia que el ministro saliente \u00a1Dios nos coja confesados! <\/em><\/p>\n<p style=\"text-align: justify\"><em>Un viejo cantautor se\u00f1alaba: \u201ccontigo porque me matas, sin ti porque me muero\u201d. Tal parece que con el actual ministro o sin \u00e9l, nuestros males podr\u00edan no tener remedio\u2026. <\/em><\/p>\n","protected":false},"excerpt":{"rendered":"<p>REDACCI\u00d3N NOTI AM\u00c9RICA (ECUADOR) A pesar de las pr\u00f3rrogas por situaciones coyunturales, la asamblea mantiene su decisi\u00f3n de enjuiciar pol\u00edticamente al ministro de econom\u00eda, qui\u00e9n ha acumulado m\u00e9ritos para ese llamado, sin embargo, a&#46;&#46;&#46;<\/p>\n","protected":false},"author":83,"featured_media":8905,"comment_status":"open","ping_status":"open","sticky":false,"template":"","format":"standard","meta":{"_acf_changed":false,"om_disable_all_campaigns":false,"rop_custom_images_group":[],"rop_custom_messages_group":[],"rop_publish_now":"initial","rop_publish_now_accounts":{"twitter_242054905_242054905":""},"rop_publish_now_history":[],"rop_publish_now_status":"pending","_uf_show_specific_survey":0,"_uf_disable_surveys":false,"footnotes":""},"categories":[107],"tags":[],"class_list":["post-10700","post","type-post","status-publish","format-standard","has-post-thumbnail","hentry","category-articulo"],"acf":[],"aioseo_notices":[],"yoast_head":"<!-- This site is optimized with the Yoast SEO Premium plugin v24.9 (Yoast SEO v27.2) - https:\/\/yoast.com\/product\/yoast-seo-premium-wordpress\/ -->\n<title>Ni contigo ni sin ti - Ecuador | Noti-America.com<\/title>\n<meta name=\"robots\" content=\"index, follow, max-snippet:-1, max-image-preview:large, max-video-preview:-1\" \/>\n<link rel=\"canonical\" href=\"https:\/\/noti-america.com\/site\/ecuador\/2020\/09\/25\/ni-contigo-ni-sin-ti\/\" \/>\n<meta property=\"og:locale\" content=\"es_ES\" \/>\n<meta property=\"og:type\" content=\"article\" \/>\n<meta property=\"og:title\" content=\"Ni contigo ni sin ti\" \/>\n<meta property=\"og:description\" content=\"REDACCI\u00d3N NOTI AM\u00c9RICA (ECUADOR) A pesar de las pr\u00f3rrogas por situaciones coyunturales, la asamblea mantiene su decisi\u00f3n de enjuiciar pol\u00edticamente al ministro de econom\u00eda, qui\u00e9n ha acumulado m\u00e9ritos para ese llamado, sin embargo, a&#046;&#046;&#046;\" \/>\n<meta property=\"og:url\" content=\"https:\/\/noti-america.com\/site\/ecuador\/2020\/09\/25\/ni-contigo-ni-sin-ti\/\" \/>\n<meta property=\"og:site_name\" content=\"Ecuador | Noti-America.com\" \/>\n<meta property=\"article:published_time\" content=\"2020-09-25T15:13:31+00:00\" \/>\n<meta property=\"article:modified_time\" content=\"2020-09-25T15:14:57+00:00\" \/>\n<meta property=\"og:image\" content=\"https:\/\/noti-america.com\/site\/ecuador\/wp-content\/uploads\/sites\/18\/2020\/05\/Foto-Ing.-Gonzalo-G\u00f3mez-rotated.jpg\" \/>\n\t<meta property=\"og:image:width\" content=\"812\" \/>\n\t<meta property=\"og:image:height\" content=\"1035\" \/>\n\t<meta property=\"og:image:type\" content=\"image\/jpeg\" \/>\n<meta name=\"author\" content=\"Gonzalo G\u00f3mez\" \/>\n<meta name=\"twitter:card\" content=\"summary_large_image\" \/>\n<meta name=\"twitter:creator\" content=\"@notiamerica\" \/>\n<meta name=\"twitter:site\" content=\"@notiamerica\" \/>\n<meta name=\"twitter:label1\" content=\"Escrito por\" \/>\n\t<meta name=\"twitter:data1\" content=\"Gonzalo G\u00f3mez\" \/>\n\t<meta name=\"twitter:label2\" content=\"Tiempo estimado de lectura\" \/>\n\t<meta name=\"twitter:data2\" content=\"3 minutos\" \/>\n<script type=\"application\/ld+json\" class=\"yoast-schema-graph\">{\"@context\":\"https:\/\/schema.org\",\"@graph\":[{\"@type\":\"Article\",\"@id\":\"https:\/\/noti-america.com\/site\/ecuador\/2020\/09\/25\/ni-contigo-ni-sin-ti\/#article\",\"isPartOf\":{\"@id\":\"https:\/\/noti-america.com\/site\/ecuador\/2020\/09\/25\/ni-contigo-ni-sin-ti\/\"},\"author\":{\"name\":\"Gonzalo G\u00f3mez\",\"@id\":\"https:\/\/noti-america.com\/site\/ecuador\/#\/schema\/person\/abd0f6166c000d1188a1c05fb087e8cc\"},\"headline\":\"Ni contigo ni sin ti\",\"datePublished\":\"2020-09-25T15:13:31+00:00\",\"dateModified\":\"2020-09-25T15:14:57+00:00\",\"mainEntityOfPage\":{\"@id\":\"https:\/\/noti-america.com\/site\/ecuador\/2020\/09\/25\/ni-contigo-ni-sin-ti\/\"},\"wordCount\":537,\"commentCount\":0,\"publisher\":{\"@id\":\"https:\/\/noti-america.com\/site\/ecuador\/#organization\"},\"image\":{\"@id\":\"https:\/\/noti-america.com\/site\/ecuador\/2020\/09\/25\/ni-contigo-ni-sin-ti\/#primaryimage\"},\"thumbnailUrl\":\"https:\/\/noti-america.com\/site\/ecuador\/wp-content\/uploads\/sites\/18\/2020\/05\/Foto-Ing.-Gonzalo-G\u00f3mez-rotated.jpg\",\"articleSection\":[\"Articulo\"],\"inLanguage\":\"es\",\"potentialAction\":[{\"@type\":\"CommentAction\",\"name\":\"Comment\",\"target\":[\"https:\/\/noti-america.com\/site\/ecuador\/2020\/09\/25\/ni-contigo-ni-sin-ti\/#respond\"]}]},{\"@type\":\"WebPage\",\"@id\":\"https:\/\/noti-america.com\/site\/ecuador\/2020\/09\/25\/ni-contigo-ni-sin-ti\/\",\"url\":\"https:\/\/noti-america.com\/site\/ecuador\/2020\/09\/25\/ni-contigo-ni-sin-ti\/\",\"name\":\"Ni contigo ni sin ti - Ecuador | Noti-America.com\",\"isPartOf\":{\"@id\":\"https:\/\/noti-america.com\/site\/ecuador\/#website\"},\"primaryImageOfPage\":{\"@id\":\"https:\/\/noti-america.com\/site\/ecuador\/2020\/09\/25\/ni-contigo-ni-sin-ti\/#primaryimage\"},\"image\":{\"@id\":\"https:\/\/noti-america.com\/site\/ecuador\/2020\/09\/25\/ni-contigo-ni-sin-ti\/#primaryimage\"},\"thumbnailUrl\":\"https:\/\/noti-america.com\/site\/ecuador\/wp-content\/uploads\/sites\/18\/2020\/05\/Foto-Ing.-Gonzalo-G\u00f3mez-rotated.jpg\",\"datePublished\":\"2020-09-25T15:13:31+00:00\",\"dateModified\":\"2020-09-25T15:14:57+00:00\",\"breadcrumb\":{\"@id\":\"https:\/\/noti-america.com\/site\/ecuador\/2020\/09\/25\/ni-contigo-ni-sin-ti\/#breadcrumb\"},\"inLanguage\":\"es\",\"potentialAction\":[{\"@type\":\"ReadAction\",\"target\":[\"https:\/\/noti-america.com\/site\/ecuador\/2020\/09\/25\/ni-contigo-ni-sin-ti\/\"]}]},{\"@type\":\"ImageObject\",\"inLanguage\":\"es\",\"@id\":\"https:\/\/noti-america.com\/site\/ecuador\/2020\/09\/25\/ni-contigo-ni-sin-ti\/#primaryimage\",\"url\":\"https:\/\/noti-america.com\/site\/ecuador\/wp-content\/uploads\/sites\/18\/2020\/05\/Foto-Ing.-Gonzalo-G\u00f3mez-rotated.jpg\",\"contentUrl\":\"https:\/\/noti-america.com\/site\/ecuador\/wp-content\/uploads\/sites\/18\/2020\/05\/Foto-Ing.-Gonzalo-G\u00f3mez-rotated.jpg\",\"width\":812,\"height\":1035},{\"@type\":\"BreadcrumbList\",\"@id\":\"https:\/\/noti-america.com\/site\/ecuador\/2020\/09\/25\/ni-contigo-ni-sin-ti\/#breadcrumb\",\"itemListElement\":[{\"@type\":\"ListItem\",\"position\":1,\"name\":\"Portada\",\"item\":\"https:\/\/noti-america.com\/site\/ecuador\/\"},{\"@type\":\"ListItem\",\"position\":2,\"name\":\"Ni contigo ni sin ti\"}]},{\"@type\":\"WebSite\",\"@id\":\"https:\/\/noti-america.com\/site\/ecuador\/#website\",\"url\":\"https:\/\/noti-america.com\/site\/ecuador\/\",\"name\":\"Ecuador | Noti-America.com\",\"description\":\"\",\"publisher\":{\"@id\":\"https:\/\/noti-america.com\/site\/ecuador\/#organization\"},\"potentialAction\":[{\"@type\":\"SearchAction\",\"target\":{\"@type\":\"EntryPoint\",\"urlTemplate\":\"https:\/\/noti-america.com\/site\/ecuador\/?s={search_term_string}\"},\"query-input\":{\"@type\":\"PropertyValueSpecification\",\"valueRequired\":true,\"valueName\":\"search_term_string\"}}],\"inLanguage\":\"es\"},{\"@type\":\"Organization\",\"@id\":\"https:\/\/noti-america.com\/site\/ecuador\/#organization\",\"name\":\"Noti-America LLC | Ecuador\",\"url\":\"https:\/\/noti-america.com\/site\/ecuador\/\",\"logo\":{\"@type\":\"ImageObject\",\"inLanguage\":\"es\",\"@id\":\"https:\/\/noti-america.com\/site\/ecuador\/#\/schema\/logo\/image\/\",\"url\":\"https:\/\/noti-america.com\/site\/ecuador\/wp-content\/uploads\/sites\/18\/2020\/07\/LogoNA-4x3-1.jpg\",\"contentUrl\":\"https:\/\/noti-america.com\/site\/ecuador\/wp-content\/uploads\/sites\/18\/2020\/07\/LogoNA-4x3-1.jpg\",\"width\":1236,\"height\":1080,\"caption\":\"Noti-America LLC | Ecuador\"},\"image\":{\"@id\":\"https:\/\/noti-america.com\/site\/ecuador\/#\/schema\/logo\/image\/\"},\"sameAs\":[\"https:\/\/x.com\/notiamerica\"]},{\"@type\":\"Person\",\"@id\":\"https:\/\/noti-america.com\/site\/ecuador\/#\/schema\/person\/abd0f6166c000d1188a1c05fb087e8cc\",\"name\":\"Gonzalo G\u00f3mez\",\"image\":{\"@type\":\"ImageObject\",\"inLanguage\":\"es\",\"@id\":\"https:\/\/secure.gravatar.com\/avatar\/56c94a19ba74729471e932f7cd7ad762af0a1ab4d40c6a98887b9d16db11804a?s=96&d=mm&r=g\",\"url\":\"https:\/\/secure.gravatar.com\/avatar\/56c94a19ba74729471e932f7cd7ad762af0a1ab4d40c6a98887b9d16db11804a?s=96&d=mm&r=g\",\"contentUrl\":\"https:\/\/secure.gravatar.com\/avatar\/56c94a19ba74729471e932f7cd7ad762af0a1ab4d40c6a98887b9d16db11804a?s=96&d=mm&r=g\",\"caption\":\"Gonzalo G\u00f3mez\"},\"url\":\"https:\/\/noti-america.com\/site\/ecuador\/author\/ggomez\/\"}]}<\/script>\n<!-- \/ Yoast SEO Premium plugin. -->","yoast_head_json":{"title":"Ni contigo ni sin ti - Ecuador | Noti-America.com","robots":{"index":"index","follow":"follow","max-snippet":"max-snippet:-1","max-image-preview":"max-image-preview:large","max-video-preview":"max-video-preview:-1"},"canonical":"https:\/\/noti-america.com\/site\/ecuador\/2020\/09\/25\/ni-contigo-ni-sin-ti\/","og_locale":"es_ES","og_type":"article","og_title":"Ni contigo ni sin ti","og_description":"REDACCI\u00d3N NOTI AM\u00c9RICA (ECUADOR) A pesar de las pr\u00f3rrogas por situaciones coyunturales, la asamblea mantiene su decisi\u00f3n de enjuiciar pol\u00edticamente al ministro de econom\u00eda, qui\u00e9n ha acumulado m\u00e9ritos para ese llamado, sin embargo, a&#46;&#46;&#46;","og_url":"https:\/\/noti-america.com\/site\/ecuador\/2020\/09\/25\/ni-contigo-ni-sin-ti\/","og_site_name":"Ecuador | Noti-America.com","article_published_time":"2020-09-25T15:13:31+00:00","article_modified_time":"2020-09-25T15:14:57+00:00","og_image":[{"width":812,"height":1035,"url":"https:\/\/noti-america.com\/site\/ecuador\/wp-content\/uploads\/sites\/18\/2020\/05\/Foto-Ing.-Gonzalo-G\u00f3mez-rotated.jpg","type":"image\/jpeg"}],"author":"Gonzalo G\u00f3mez","twitter_card":"summary_large_image","twitter_creator":"@notiamerica","twitter_site":"@notiamerica","twitter_misc":{"Escrito por":"Gonzalo G\u00f3mez","Tiempo estimado de lectura":"3 minutos"},"schema":{"@context":"https:\/\/schema.org","@graph":[{"@type":"Article","@id":"https:\/\/noti-america.com\/site\/ecuador\/2020\/09\/25\/ni-contigo-ni-sin-ti\/#article","isPartOf":{"@id":"https:\/\/noti-america.com\/site\/ecuador\/2020\/09\/25\/ni-contigo-ni-sin-ti\/"},"author":{"name":"Gonzalo G\u00f3mez","@id":"https:\/\/noti-america.com\/site\/ecuador\/#\/schema\/person\/abd0f6166c000d1188a1c05fb087e8cc"},"headline":"Ni contigo ni sin ti","datePublished":"2020-09-25T15:13:31+00:00","dateModified":"2020-09-25T15:14:57+00:00","mainEntityOfPage":{"@id":"https:\/\/noti-america.com\/site\/ecuador\/2020\/09\/25\/ni-contigo-ni-sin-ti\/"},"wordCount":537,"commentCount":0,"publisher":{"@id":"https:\/\/noti-america.com\/site\/ecuador\/#organization"},"image":{"@id":"https:\/\/noti-america.com\/site\/ecuador\/2020\/09\/25\/ni-contigo-ni-sin-ti\/#primaryimage"},"thumbnailUrl":"https:\/\/noti-america.com\/site\/ecuador\/wp-content\/uploads\/sites\/18\/2020\/05\/Foto-Ing.-Gonzalo-G\u00f3mez-rotated.jpg","articleSection":["Articulo"],"inLanguage":"es","potentialAction":[{"@type":"CommentAction","name":"Comment","target":["https:\/\/noti-america.com\/site\/ecuador\/2020\/09\/25\/ni-contigo-ni-sin-ti\/#respond"]}]},{"@type":"WebPage","@id":"https:\/\/noti-america.com\/site\/ecuador\/2020\/09\/25\/ni-contigo-ni-sin-ti\/","url":"https:\/\/noti-america.com\/site\/ecuador\/2020\/09\/25\/ni-contigo-ni-sin-ti\/","name":"Ni contigo ni sin ti - Ecuador | Noti-America.com","isPartOf":{"@id":"https:\/\/noti-america.com\/site\/ecuador\/#website"},"primaryImageOfPage":{"@id":"https:\/\/noti-america.com\/site\/ecuador\/2020\/09\/25\/ni-contigo-ni-sin-ti\/#primaryimage"},"image":{"@id":"https:\/\/noti-america.com\/site\/ecuador\/2020\/09\/25\/ni-contigo-ni-sin-ti\/#primaryimage"},"thumbnailUrl":"https:\/\/noti-america.com\/site\/ecuador\/wp-content\/uploads\/sites\/18\/2020\/05\/Foto-Ing.-Gonzalo-G\u00f3mez-rotated.jpg","datePublished":"2020-09-25T15:13:31+00:00","dateModified":"2020-09-25T15:14:57+00:00","breadcrumb":{"@id":"https:\/\/noti-america.com\/site\/ecuador\/2020\/09\/25\/ni-contigo-ni-sin-ti\/#breadcrumb"},"inLanguage":"es","potentialAction":[{"@type":"ReadAction","target":["https:\/\/noti-america.com\/site\/ecuador\/2020\/09\/25\/ni-contigo-ni-sin-ti\/"]}]},{"@type":"ImageObject","inLanguage":"es","@id":"https:\/\/noti-america.com\/site\/ecuador\/2020\/09\/25\/ni-contigo-ni-sin-ti\/#primaryimage","url":"https:\/\/noti-america.com\/site\/ecuador\/wp-content\/uploads\/sites\/18\/2020\/05\/Foto-Ing.-Gonzalo-G\u00f3mez-rotated.jpg","contentUrl":"https:\/\/noti-america.com\/site\/ecuador\/wp-content\/uploads\/sites\/18\/2020\/05\/Foto-Ing.-Gonzalo-G\u00f3mez-rotated.jpg","width":812,"height":1035},{"@type":"BreadcrumbList","@id":"https:\/\/noti-america.com\/site\/ecuador\/2020\/09\/25\/ni-contigo-ni-sin-ti\/#breadcrumb","itemListElement":[{"@type":"ListItem","position":1,"name":"Portada","item":"https:\/\/noti-america.com\/site\/ecuador\/"},{"@type":"ListItem","position":2,"name":"Ni contigo ni sin ti"}]},{"@type":"WebSite","@id":"https:\/\/noti-america.com\/site\/ecuador\/#website","url":"https:\/\/noti-america.com\/site\/ecuador\/","name":"Ecuador | Noti-America.com","description":"","publisher":{"@id":"https:\/\/noti-america.com\/site\/ecuador\/#organization"},"potentialAction":[{"@type":"SearchAction","target":{"@type":"EntryPoint","urlTemplate":"https:\/\/noti-america.com\/site\/ecuador\/?s={search_term_string}"},"query-input":{"@type":"PropertyValueSpecification","valueRequired":true,"valueName":"search_term_string"}}],"inLanguage":"es"},{"@type":"Organization","@id":"https:\/\/noti-america.com\/site\/ecuador\/#organization","name":"Noti-America LLC | Ecuador","url":"https:\/\/noti-america.com\/site\/ecuador\/","logo":{"@type":"ImageObject","inLanguage":"es","@id":"https:\/\/noti-america.com\/site\/ecuador\/#\/schema\/logo\/image\/","url":"https:\/\/noti-america.com\/site\/ecuador\/wp-content\/uploads\/sites\/18\/2020\/07\/LogoNA-4x3-1.jpg","contentUrl":"https:\/\/noti-america.com\/site\/ecuador\/wp-content\/uploads\/sites\/18\/2020\/07\/LogoNA-4x3-1.jpg","width":1236,"height":1080,"caption":"Noti-America LLC | Ecuador"},"image":{"@id":"https:\/\/noti-america.com\/site\/ecuador\/#\/schema\/logo\/image\/"},"sameAs":["https:\/\/x.com\/notiamerica"]},{"@type":"Person","@id":"https:\/\/noti-america.com\/site\/ecuador\/#\/schema\/person\/abd0f6166c000d1188a1c05fb087e8cc","name":"Gonzalo G\u00f3mez","image":{"@type":"ImageObject","inLanguage":"es","@id":"https:\/\/secure.gravatar.com\/avatar\/56c94a19ba74729471e932f7cd7ad762af0a1ab4d40c6a98887b9d16db11804a?s=96&d=mm&r=g","url":"https:\/\/secure.gravatar.com\/avatar\/56c94a19ba74729471e932f7cd7ad762af0a1ab4d40c6a98887b9d16db11804a?s=96&d=mm&r=g","contentUrl":"https:\/\/secure.gravatar.com\/avatar\/56c94a19ba74729471e932f7cd7ad762af0a1ab4d40c6a98887b9d16db11804a?s=96&d=mm&r=g","caption":"Gonzalo G\u00f3mez"},"url":"https:\/\/noti-america.com\/site\/ecuador\/author\/ggomez\/"}]}},"_links":{"self":[{"href":"https:\/\/noti-america.com\/site\/ecuador\/wp-json\/wp\/v2\/posts\/10700","targetHints":{"allow":["GET"]}}],"collection":[{"href":"https:\/\/noti-america.com\/site\/ecuador\/wp-json\/wp\/v2\/posts"}],"about":[{"href":"https:\/\/noti-america.com\/site\/ecuador\/wp-json\/wp\/v2\/types\/post"}],"author":[{"embeddable":true,"href":"https:\/\/noti-america.com\/site\/ecuador\/wp-json\/wp\/v2\/users\/83"}],"replies":[{"embeddable":true,"href":"https:\/\/noti-america.com\/site\/ecuador\/wp-json\/wp\/v2\/comments?post=10700"}],"version-history":[{"count":1,"href":"https:\/\/noti-america.com\/site\/ecuador\/wp-json\/wp\/v2\/posts\/10700\/revisions"}],"predecessor-version":[{"id":10701,"href":"https:\/\/noti-america.com\/site\/ecuador\/wp-json\/wp\/v2\/posts\/10700\/revisions\/10701"}],"wp:featuredmedia":[{"embeddable":true,"href":"https:\/\/noti-america.com\/site\/ecuador\/wp-json\/wp\/v2\/media\/8905"}],"wp:attachment":[{"href":"https:\/\/noti-america.com\/site\/ecuador\/wp-json\/wp\/v2\/media?parent=10700"}],"wp:term":[{"taxonomy":"category","embeddable":true,"href":"https:\/\/noti-america.com\/site\/ecuador\/wp-json\/wp\/v2\/categories?post=10700"},{"taxonomy":"post_tag","embeddable":true,"href":"https:\/\/noti-america.com\/site\/ecuador\/wp-json\/wp\/v2\/tags?post=10700"}],"curies":[{"name":"wp","href":"https:\/\/api.w.org\/{rel}","templated":true}]}}