{"id":10683,"date":"2020-09-23T20:35:34","date_gmt":"2020-09-23T20:35:34","guid":{"rendered":"https:\/\/noti-america.com\/site\/ecuador\/?p=10683"},"modified":"2020-09-23T20:38:26","modified_gmt":"2020-09-23T20:38:26","slug":"universitarios-desarrollaran-macro-plan-urbano-por-50-anos-para-guayaquil","status":"publish","type":"post","link":"https:\/\/noti-america.com\/site\/ecuador\/2020\/09\/23\/universitarios-desarrollaran-macro-plan-urbano-por-50-anos-para-guayaquil\/","title":{"rendered":"Universitarios desarrollar\u00e1n macro plan urbano por 50 a\u00f1os para Guayaquil"},"content":{"rendered":"<p>REDACCI\u00d3N NOTI AM\u00c9RICA.- <strong>Autor: Lcdo. Herny Ortiz<\/strong><\/p>\n<div id=\"attachment_10685\" style=\"width: 179px\" class=\"wp-caption aligncenter\"><img loading=\"lazy\" decoding=\"async\" aria-describedby=\"caption-attachment-10685\" class=\"wp-image-10685 size-medium\" src=\"https:\/\/noti-america.com\/site\/ecuador\/wp-content\/uploads\/sites\/18\/2020\/09\/23-sep-cinthya-univ-guayaquil-PHOTO-2020-09-22-11-28-33-169x300.jpg\" alt=\"\" width=\"169\" height=\"300\" srcset=\"https:\/\/noti-america.com\/site\/ecuador\/wp-content\/uploads\/sites\/18\/2020\/09\/23-sep-cinthya-univ-guayaquil-PHOTO-2020-09-22-11-28-33-169x300.jpg 169w, https:\/\/noti-america.com\/site\/ecuador\/wp-content\/uploads\/sites\/18\/2020\/09\/23-sep-cinthya-univ-guayaquil-PHOTO-2020-09-22-11-28-33-576x1024.jpg 576w, https:\/\/noti-america.com\/site\/ecuador\/wp-content\/uploads\/sites\/18\/2020\/09\/23-sep-cinthya-univ-guayaquil-PHOTO-2020-09-22-11-28-33.jpg 720w\" sizes=\"auto, (max-width: 169px) 100vw, 169px\" \/><p id=\"caption-attachment-10685\" class=\"wp-caption-text\">La alcaldesa de Guayaquil, Cynthia Viteri suscribi\u00f3 un convenio de planificaci\u00f3n urbana con la Universidad de Guayaquil.<\/p><\/div>\n<p>Integrar a la ciudad a un desarrollo sostenible para los pr\u00f3ximos 50 a\u00f1os, es el esp\u00edritu del Convenio Marco de Cooperaci\u00f3n Interinstitucional, que firmaron la alcaldesa de Guayaquil, Cynthia Viteri, y el Rector y Presidente de la Comisi\u00f3n Interventora para el Fortalecimiento Institucional, para la Universidad de Guayaquil, Roberto Passailaigue Baquerizo.<\/p>\n<p>Durante el acto, realizado en la sala del despacho municipal, se calific\u00f3 por parte de las autoridades, de hist\u00f3rico para las dos instituciones, la firma de este convenio, que permitir\u00e1, por primera vez, integrar a docentes y estudiantes de las 17 facultades y las 48 carreras de la Alma Mater con el GAD Guayaquil, en la realizaci\u00f3n colaborativa de programas de cooperaci\u00f3n interinstitucional y\/o proyectos emblem\u00e1ticos para el cant\u00f3n.<\/p>\n<p>Una vez que entre en ejecuci\u00f3n el mismo, los actores citados, podr\u00e1n participar en la elaboraci\u00f3n de proyectos en materia de planificaci\u00f3n urbana, ordenamiento territorial, desarrollo de transferencia cient\u00edfica, tecnol\u00f3gica y pedag\u00f3gica.<\/p>\n<p>Adem\u00e1s, en la organizaci\u00f3n de eventos cient\u00edficos, intercambio de publicaciones e informaci\u00f3n, participaci\u00f3n conjunta en proyectos de investigaci\u00f3n y gesti\u00f3n del conocimiento, entre otras actividades de inter\u00e9s mutuo, cuya implementaci\u00f3n resulte conveniente a la formaci\u00f3n, investigaci\u00f3n y vinculaci\u00f3n de la Academia, con la sociedad.<\/p>\n<p>Para alcanzar los objetivos de este convenio, las direcciones de planificaci\u00f3n urbana de Guayaquil y de infraestructura y obras universitarias a trav\u00e9s de las diferentes facultades, entregar\u00e1n apoyo a los procesos que desarrollen los estudiantes y docentes, como parte de su trabajo de vinculaci\u00f3n con la comunidad, en las reuniones con los l\u00edderes, lideresas y familias de los comit\u00e9s barriales, con quienes articular\u00e1n ideas, opiniones y aspiraciones ciudadanas, en la planificaci\u00f3n de proyectos de obras, para su jurisdicci\u00f3n cantonal.<\/p>\n<p>&nbsp;<\/p>\n","protected":false},"excerpt":{"rendered":"<p>REDACCI\u00d3N NOTI AM\u00c9RICA.- Autor: Lcdo. Herny Ortiz Integrar a la ciudad a un desarrollo sostenible para los pr\u00f3ximos 50 a\u00f1os, es el esp\u00edritu del Convenio Marco de Cooperaci\u00f3n Interinstitucional, que firmaron la alcaldesa de&#46;&#46;&#46;<\/p>\n","protected":false},"author":17,"featured_media":10687,"comment_status":"open","ping_status":"open","sticky":false,"template":"","format":"standard","meta":{"_acf_changed":false,"om_disable_all_campaigns":false,"rop_custom_images_group":[],"rop_custom_messages_group":[],"rop_publish_now":"initial","rop_publish_now_accounts":{"twitter_242054905_242054905":""},"rop_publish_now_history":[],"rop_publish_now_status":"pending","_uf_show_specific_survey":0,"_uf_disable_surveys":false,"footnotes":""},"categories":[1],"tags":[],"class_list":["post-10683","post","type-post","status-publish","format-standard","has-post-thumbnail","hentry","category-uncategorized"],"acf":[],"aioseo_notices":[],"yoast_head":"<!-- This site is optimized with the Yoast SEO Premium plugin v24.9 (Yoast SEO v27.2) - https:\/\/yoast.com\/product\/yoast-seo-premium-wordpress\/ -->\n<title>Universitarios desarrollar\u00e1n macro plan urbano por 50 a\u00f1os para Guayaquil - Ecuador | Noti-America.com<\/title>\n<meta name=\"robots\" content=\"index, follow, max-snippet:-1, max-image-preview:large, max-video-preview:-1\" \/>\n<link rel=\"canonical\" href=\"https:\/\/noti-america.com\/site\/ecuador\/2020\/09\/23\/universitarios-desarrollaran-macro-plan-urbano-por-50-anos-para-guayaquil\/\" \/>\n<meta property=\"og:locale\" content=\"es_ES\" \/>\n<meta property=\"og:type\" content=\"article\" \/>\n<meta property=\"og:title\" content=\"Universitarios desarrollar\u00e1n macro plan urbano por 50 a\u00f1os para Guayaquil\" \/>\n<meta property=\"og:description\" content=\"REDACCI\u00d3N NOTI AM\u00c9RICA.- Autor: Lcdo. Herny Ortiz Integrar a la ciudad a un desarrollo sostenible para los pr\u00f3ximos 50 a\u00f1os, es el esp\u00edritu del Convenio Marco de Cooperaci\u00f3n Interinstitucional, que firmaron la alcaldesa de&#046;&#046;&#046;\" \/>\n<meta property=\"og:url\" content=\"https:\/\/noti-america.com\/site\/ecuador\/2020\/09\/23\/universitarios-desarrollaran-macro-plan-urbano-por-50-anos-para-guayaquil\/\" \/>\n<meta property=\"og:site_name\" content=\"Ecuador | Noti-America.com\" \/>\n<meta property=\"article:published_time\" content=\"2020-09-23T20:35:34+00:00\" \/>\n<meta property=\"article:modified_time\" content=\"2020-09-23T20:38:26+00:00\" \/>\n<meta property=\"og:image\" content=\"https:\/\/noti-america.com\/site\/ecuador\/wp-content\/uploads\/sites\/18\/2020\/09\/23-recorte.jpg\" \/>\n\t<meta property=\"og:image:width\" content=\"422\" \/>\n\t<meta property=\"og:image:height\" content=\"326\" \/>\n\t<meta property=\"og:image:type\" content=\"image\/jpeg\" \/>\n<meta name=\"author\" content=\"Gregory Quintana Montiel\" \/>\n<meta name=\"twitter:card\" content=\"summary_large_image\" \/>\n<meta name=\"twitter:creator\" content=\"@gdgregori1\" \/>\n<meta name=\"twitter:site\" content=\"@notiamerica\" \/>\n<meta name=\"twitter:label1\" content=\"Escrito por\" \/>\n\t<meta name=\"twitter:data1\" content=\"Gregory Quintana Montiel\" \/>\n\t<meta name=\"twitter:label2\" content=\"Tiempo estimado de lectura\" \/>\n\t<meta name=\"twitter:data2\" content=\"2 minutos\" \/>\n<script type=\"application\/ld+json\" class=\"yoast-schema-graph\">{\"@context\":\"https:\/\/schema.org\",\"@graph\":[{\"@type\":\"Article\",\"@id\":\"https:\/\/noti-america.com\/site\/ecuador\/2020\/09\/23\/universitarios-desarrollaran-macro-plan-urbano-por-50-anos-para-guayaquil\/#article\",\"isPartOf\":{\"@id\":\"https:\/\/noti-america.com\/site\/ecuador\/2020\/09\/23\/universitarios-desarrollaran-macro-plan-urbano-por-50-anos-para-guayaquil\/\"},\"author\":{\"name\":\"Gregory Quintana Montiel\",\"@id\":\"https:\/\/noti-america.com\/site\/ecuador\/#\/schema\/person\/3b975e42f15abfe64bfe3abdd916efda\"},\"headline\":\"Universitarios desarrollar\u00e1n macro plan urbano por 50 a\u00f1os para Guayaquil\",\"datePublished\":\"2020-09-23T20:35:34+00:00\",\"dateModified\":\"2020-09-23T20:38:26+00:00\",\"mainEntityOfPage\":{\"@id\":\"https:\/\/noti-america.com\/site\/ecuador\/2020\/09\/23\/universitarios-desarrollaran-macro-plan-urbano-por-50-anos-para-guayaquil\/\"},\"wordCount\":358,\"commentCount\":0,\"publisher\":{\"@id\":\"https:\/\/noti-america.com\/site\/ecuador\/#organization\"},\"image\":{\"@id\":\"https:\/\/noti-america.com\/site\/ecuador\/2020\/09\/23\/universitarios-desarrollaran-macro-plan-urbano-por-50-anos-para-guayaquil\/#primaryimage\"},\"thumbnailUrl\":\"https:\/\/noti-america.com\/site\/ecuador\/wp-content\/uploads\/sites\/18\/2020\/09\/23-recorte.jpg\",\"articleSection\":[\"Uncategorized\"],\"inLanguage\":\"es\",\"potentialAction\":[{\"@type\":\"CommentAction\",\"name\":\"Comment\",\"target\":[\"https:\/\/noti-america.com\/site\/ecuador\/2020\/09\/23\/universitarios-desarrollaran-macro-plan-urbano-por-50-anos-para-guayaquil\/#respond\"]}]},{\"@type\":\"WebPage\",\"@id\":\"https:\/\/noti-america.com\/site\/ecuador\/2020\/09\/23\/universitarios-desarrollaran-macro-plan-urbano-por-50-anos-para-guayaquil\/\",\"url\":\"https:\/\/noti-america.com\/site\/ecuador\/2020\/09\/23\/universitarios-desarrollaran-macro-plan-urbano-por-50-anos-para-guayaquil\/\",\"name\":\"Universitarios desarrollar\u00e1n macro plan urbano por 50 a\u00f1os para Guayaquil - Ecuador | Noti-America.com\",\"isPartOf\":{\"@id\":\"https:\/\/noti-america.com\/site\/ecuador\/#website\"},\"primaryImageOfPage\":{\"@id\":\"https:\/\/noti-america.com\/site\/ecuador\/2020\/09\/23\/universitarios-desarrollaran-macro-plan-urbano-por-50-anos-para-guayaquil\/#primaryimage\"},\"image\":{\"@id\":\"https:\/\/noti-america.com\/site\/ecuador\/2020\/09\/23\/universitarios-desarrollaran-macro-plan-urbano-por-50-anos-para-guayaquil\/#primaryimage\"},\"thumbnailUrl\":\"https:\/\/noti-america.com\/site\/ecuador\/wp-content\/uploads\/sites\/18\/2020\/09\/23-recorte.jpg\",\"datePublished\":\"2020-09-23T20:35:34+00:00\",\"dateModified\":\"2020-09-23T20:38:26+00:00\",\"breadcrumb\":{\"@id\":\"https:\/\/noti-america.com\/site\/ecuador\/2020\/09\/23\/universitarios-desarrollaran-macro-plan-urbano-por-50-anos-para-guayaquil\/#breadcrumb\"},\"inLanguage\":\"es\",\"potentialAction\":[{\"@type\":\"ReadAction\",\"target\":[\"https:\/\/noti-america.com\/site\/ecuador\/2020\/09\/23\/universitarios-desarrollaran-macro-plan-urbano-por-50-anos-para-guayaquil\/\"]}]},{\"@type\":\"ImageObject\",\"inLanguage\":\"es\",\"@id\":\"https:\/\/noti-america.com\/site\/ecuador\/2020\/09\/23\/universitarios-desarrollaran-macro-plan-urbano-por-50-anos-para-guayaquil\/#primaryimage\",\"url\":\"https:\/\/noti-america.com\/site\/ecuador\/wp-content\/uploads\/sites\/18\/2020\/09\/23-recorte.jpg\",\"contentUrl\":\"https:\/\/noti-america.com\/site\/ecuador\/wp-content\/uploads\/sites\/18\/2020\/09\/23-recorte.jpg\",\"width\":422,\"height\":326},{\"@type\":\"BreadcrumbList\",\"@id\":\"https:\/\/noti-america.com\/site\/ecuador\/2020\/09\/23\/universitarios-desarrollaran-macro-plan-urbano-por-50-anos-para-guayaquil\/#breadcrumb\",\"itemListElement\":[{\"@type\":\"ListItem\",\"position\":1,\"name\":\"Portada\",\"item\":\"https:\/\/noti-america.com\/site\/ecuador\/\"},{\"@type\":\"ListItem\",\"position\":2,\"name\":\"Universitarios desarrollar\u00e1n macro plan urbano por 50 a\u00f1os para Guayaquil\"}]},{\"@type\":\"WebSite\",\"@id\":\"https:\/\/noti-america.com\/site\/ecuador\/#website\",\"url\":\"https:\/\/noti-america.com\/site\/ecuador\/\",\"name\":\"Ecuador | Noti-America.com\",\"description\":\"\",\"publisher\":{\"@id\":\"https:\/\/noti-america.com\/site\/ecuador\/#organization\"},\"potentialAction\":[{\"@type\":\"SearchAction\",\"target\":{\"@type\":\"EntryPoint\",\"urlTemplate\":\"https:\/\/noti-america.com\/site\/ecuador\/?s={search_term_string}\"},\"query-input\":{\"@type\":\"PropertyValueSpecification\",\"valueRequired\":true,\"valueName\":\"search_term_string\"}}],\"inLanguage\":\"es\"},{\"@type\":\"Organization\",\"@id\":\"https:\/\/noti-america.com\/site\/ecuador\/#organization\",\"name\":\"Noti-America LLC | Ecuador\",\"url\":\"https:\/\/noti-america.com\/site\/ecuador\/\",\"logo\":{\"@type\":\"ImageObject\",\"inLanguage\":\"es\",\"@id\":\"https:\/\/noti-america.com\/site\/ecuador\/#\/schema\/logo\/image\/\",\"url\":\"https:\/\/noti-america.com\/site\/ecuador\/wp-content\/uploads\/sites\/18\/2020\/07\/LogoNA-4x3-1.jpg\",\"contentUrl\":\"https:\/\/noti-america.com\/site\/ecuador\/wp-content\/uploads\/sites\/18\/2020\/07\/LogoNA-4x3-1.jpg\",\"width\":1236,\"height\":1080,\"caption\":\"Noti-America LLC | Ecuador\"},\"image\":{\"@id\":\"https:\/\/noti-america.com\/site\/ecuador\/#\/schema\/logo\/image\/\"},\"sameAs\":[\"https:\/\/x.com\/notiamerica\"]},{\"@type\":\"Person\",\"@id\":\"https:\/\/noti-america.com\/site\/ecuador\/#\/schema\/person\/3b975e42f15abfe64bfe3abdd916efda\",\"name\":\"Gregory Quintana Montiel\",\"image\":{\"@type\":\"ImageObject\",\"inLanguage\":\"es\",\"@id\":\"https:\/\/secure.gravatar.com\/avatar\/2d6b802f7720c2ec7744dcbe608cc2f3417aeb964d58b443c6d612b77531de1d?s=96&d=mm&r=g\",\"url\":\"https:\/\/secure.gravatar.com\/avatar\/2d6b802f7720c2ec7744dcbe608cc2f3417aeb964d58b443c6d612b77531de1d?s=96&d=mm&r=g\",\"contentUrl\":\"https:\/\/secure.gravatar.com\/avatar\/2d6b802f7720c2ec7744dcbe608cc2f3417aeb964d58b443c6d612b77531de1d?s=96&d=mm&r=g\",\"caption\":\"Gregory Quintana Montiel\"},\"description\":\"Licenciatura en Ciencias de la Comunicaci\u00f3n Social, egresado en la Especializaci\u00f3n Derecho Ambiental Desarrollo Sostenible y Sustentable, Miembro de la Comunidad de profesionales y experto para Latinoam\u00e9rica y el Caribe en Gesti\u00f3n por Resultado en el Desarrollo (COPLAC - GpRD) del Banco Interamericano de Desarrollo, experiencia en medios radiales y escritos.\",\"sameAs\":[\"https:\/\/x.com\/gdgregori1\",\"gquintana\"],\"url\":\"https:\/\/noti-america.com\/site\/ecuador\/author\/gquintana\/\"}]}<\/script>\n<!-- \/ Yoast SEO Premium plugin. -->","yoast_head_json":{"title":"Universitarios desarrollar\u00e1n macro plan urbano por 50 a\u00f1os para Guayaquil - Ecuador | Noti-America.com","robots":{"index":"index","follow":"follow","max-snippet":"max-snippet:-1","max-image-preview":"max-image-preview:large","max-video-preview":"max-video-preview:-1"},"canonical":"https:\/\/noti-america.com\/site\/ecuador\/2020\/09\/23\/universitarios-desarrollaran-macro-plan-urbano-por-50-anos-para-guayaquil\/","og_locale":"es_ES","og_type":"article","og_title":"Universitarios desarrollar\u00e1n macro plan urbano por 50 a\u00f1os para Guayaquil","og_description":"REDACCI\u00d3N NOTI AM\u00c9RICA.- Autor: Lcdo. Herny Ortiz Integrar a la ciudad a un desarrollo sostenible para los pr\u00f3ximos 50 a\u00f1os, es el esp\u00edritu del Convenio Marco de Cooperaci\u00f3n Interinstitucional, que firmaron la alcaldesa de&#46;&#46;&#46;","og_url":"https:\/\/noti-america.com\/site\/ecuador\/2020\/09\/23\/universitarios-desarrollaran-macro-plan-urbano-por-50-anos-para-guayaquil\/","og_site_name":"Ecuador | Noti-America.com","article_published_time":"2020-09-23T20:35:34+00:00","article_modified_time":"2020-09-23T20:38:26+00:00","og_image":[{"width":422,"height":326,"url":"https:\/\/noti-america.com\/site\/ecuador\/wp-content\/uploads\/sites\/18\/2020\/09\/23-recorte.jpg","type":"image\/jpeg"}],"author":"Gregory Quintana Montiel","twitter_card":"summary_large_image","twitter_creator":"@gdgregori1","twitter_site":"@notiamerica","twitter_misc":{"Escrito por":"Gregory Quintana Montiel","Tiempo estimado de lectura":"2 minutos"},"schema":{"@context":"https:\/\/schema.org","@graph":[{"@type":"Article","@id":"https:\/\/noti-america.com\/site\/ecuador\/2020\/09\/23\/universitarios-desarrollaran-macro-plan-urbano-por-50-anos-para-guayaquil\/#article","isPartOf":{"@id":"https:\/\/noti-america.com\/site\/ecuador\/2020\/09\/23\/universitarios-desarrollaran-macro-plan-urbano-por-50-anos-para-guayaquil\/"},"author":{"name":"Gregory Quintana Montiel","@id":"https:\/\/noti-america.com\/site\/ecuador\/#\/schema\/person\/3b975e42f15abfe64bfe3abdd916efda"},"headline":"Universitarios desarrollar\u00e1n macro plan urbano por 50 a\u00f1os para Guayaquil","datePublished":"2020-09-23T20:35:34+00:00","dateModified":"2020-09-23T20:38:26+00:00","mainEntityOfPage":{"@id":"https:\/\/noti-america.com\/site\/ecuador\/2020\/09\/23\/universitarios-desarrollaran-macro-plan-urbano-por-50-anos-para-guayaquil\/"},"wordCount":358,"commentCount":0,"publisher":{"@id":"https:\/\/noti-america.com\/site\/ecuador\/#organization"},"image":{"@id":"https:\/\/noti-america.com\/site\/ecuador\/2020\/09\/23\/universitarios-desarrollaran-macro-plan-urbano-por-50-anos-para-guayaquil\/#primaryimage"},"thumbnailUrl":"https:\/\/noti-america.com\/site\/ecuador\/wp-content\/uploads\/sites\/18\/2020\/09\/23-recorte.jpg","articleSection":["Uncategorized"],"inLanguage":"es","potentialAction":[{"@type":"CommentAction","name":"Comment","target":["https:\/\/noti-america.com\/site\/ecuador\/2020\/09\/23\/universitarios-desarrollaran-macro-plan-urbano-por-50-anos-para-guayaquil\/#respond"]}]},{"@type":"WebPage","@id":"https:\/\/noti-america.com\/site\/ecuador\/2020\/09\/23\/universitarios-desarrollaran-macro-plan-urbano-por-50-anos-para-guayaquil\/","url":"https:\/\/noti-america.com\/site\/ecuador\/2020\/09\/23\/universitarios-desarrollaran-macro-plan-urbano-por-50-anos-para-guayaquil\/","name":"Universitarios desarrollar\u00e1n macro plan urbano por 50 a\u00f1os para Guayaquil - Ecuador | Noti-America.com","isPartOf":{"@id":"https:\/\/noti-america.com\/site\/ecuador\/#website"},"primaryImageOfPage":{"@id":"https:\/\/noti-america.com\/site\/ecuador\/2020\/09\/23\/universitarios-desarrollaran-macro-plan-urbano-por-50-anos-para-guayaquil\/#primaryimage"},"image":{"@id":"https:\/\/noti-america.com\/site\/ecuador\/2020\/09\/23\/universitarios-desarrollaran-macro-plan-urbano-por-50-anos-para-guayaquil\/#primaryimage"},"thumbnailUrl":"https:\/\/noti-america.com\/site\/ecuador\/wp-content\/uploads\/sites\/18\/2020\/09\/23-recorte.jpg","datePublished":"2020-09-23T20:35:34+00:00","dateModified":"2020-09-23T20:38:26+00:00","breadcrumb":{"@id":"https:\/\/noti-america.com\/site\/ecuador\/2020\/09\/23\/universitarios-desarrollaran-macro-plan-urbano-por-50-anos-para-guayaquil\/#breadcrumb"},"inLanguage":"es","potentialAction":[{"@type":"ReadAction","target":["https:\/\/noti-america.com\/site\/ecuador\/2020\/09\/23\/universitarios-desarrollaran-macro-plan-urbano-por-50-anos-para-guayaquil\/"]}]},{"@type":"ImageObject","inLanguage":"es","@id":"https:\/\/noti-america.com\/site\/ecuador\/2020\/09\/23\/universitarios-desarrollaran-macro-plan-urbano-por-50-anos-para-guayaquil\/#primaryimage","url":"https:\/\/noti-america.com\/site\/ecuador\/wp-content\/uploads\/sites\/18\/2020\/09\/23-recorte.jpg","contentUrl":"https:\/\/noti-america.com\/site\/ecuador\/wp-content\/uploads\/sites\/18\/2020\/09\/23-recorte.jpg","width":422,"height":326},{"@type":"BreadcrumbList","@id":"https:\/\/noti-america.com\/site\/ecuador\/2020\/09\/23\/universitarios-desarrollaran-macro-plan-urbano-por-50-anos-para-guayaquil\/#breadcrumb","itemListElement":[{"@type":"ListItem","position":1,"name":"Portada","item":"https:\/\/noti-america.com\/site\/ecuador\/"},{"@type":"ListItem","position":2,"name":"Universitarios desarrollar\u00e1n macro plan urbano por 50 a\u00f1os para Guayaquil"}]},{"@type":"WebSite","@id":"https:\/\/noti-america.com\/site\/ecuador\/#website","url":"https:\/\/noti-america.com\/site\/ecuador\/","name":"Ecuador | Noti-America.com","description":"","publisher":{"@id":"https:\/\/noti-america.com\/site\/ecuador\/#organization"},"potentialAction":[{"@type":"SearchAction","target":{"@type":"EntryPoint","urlTemplate":"https:\/\/noti-america.com\/site\/ecuador\/?s={search_term_string}"},"query-input":{"@type":"PropertyValueSpecification","valueRequired":true,"valueName":"search_term_string"}}],"inLanguage":"es"},{"@type":"Organization","@id":"https:\/\/noti-america.com\/site\/ecuador\/#organization","name":"Noti-America LLC | Ecuador","url":"https:\/\/noti-america.com\/site\/ecuador\/","logo":{"@type":"ImageObject","inLanguage":"es","@id":"https:\/\/noti-america.com\/site\/ecuador\/#\/schema\/logo\/image\/","url":"https:\/\/noti-america.com\/site\/ecuador\/wp-content\/uploads\/sites\/18\/2020\/07\/LogoNA-4x3-1.jpg","contentUrl":"https:\/\/noti-america.com\/site\/ecuador\/wp-content\/uploads\/sites\/18\/2020\/07\/LogoNA-4x3-1.jpg","width":1236,"height":1080,"caption":"Noti-America LLC | Ecuador"},"image":{"@id":"https:\/\/noti-america.com\/site\/ecuador\/#\/schema\/logo\/image\/"},"sameAs":["https:\/\/x.com\/notiamerica"]},{"@type":"Person","@id":"https:\/\/noti-america.com\/site\/ecuador\/#\/schema\/person\/3b975e42f15abfe64bfe3abdd916efda","name":"Gregory Quintana Montiel","image":{"@type":"ImageObject","inLanguage":"es","@id":"https:\/\/secure.gravatar.com\/avatar\/2d6b802f7720c2ec7744dcbe608cc2f3417aeb964d58b443c6d612b77531de1d?s=96&d=mm&r=g","url":"https:\/\/secure.gravatar.com\/avatar\/2d6b802f7720c2ec7744dcbe608cc2f3417aeb964d58b443c6d612b77531de1d?s=96&d=mm&r=g","contentUrl":"https:\/\/secure.gravatar.com\/avatar\/2d6b802f7720c2ec7744dcbe608cc2f3417aeb964d58b443c6d612b77531de1d?s=96&d=mm&r=g","caption":"Gregory Quintana Montiel"},"description":"Licenciatura en Ciencias de la Comunicaci\u00f3n Social, egresado en la Especializaci\u00f3n Derecho Ambiental Desarrollo Sostenible y Sustentable, Miembro de la Comunidad de profesionales y experto para Latinoam\u00e9rica y el Caribe en Gesti\u00f3n por Resultado en el Desarrollo (COPLAC - GpRD) del Banco Interamericano de Desarrollo, experiencia en medios radiales y escritos.","sameAs":["https:\/\/x.com\/gdgregori1","gquintana"],"url":"https:\/\/noti-america.com\/site\/ecuador\/author\/gquintana\/"}]}},"_links":{"self":[{"href":"https:\/\/noti-america.com\/site\/ecuador\/wp-json\/wp\/v2\/posts\/10683","targetHints":{"allow":["GET"]}}],"collection":[{"href":"https:\/\/noti-america.com\/site\/ecuador\/wp-json\/wp\/v2\/posts"}],"about":[{"href":"https:\/\/noti-america.com\/site\/ecuador\/wp-json\/wp\/v2\/types\/post"}],"author":[{"embeddable":true,"href":"https:\/\/noti-america.com\/site\/ecuador\/wp-json\/wp\/v2\/users\/17"}],"replies":[{"embeddable":true,"href":"https:\/\/noti-america.com\/site\/ecuador\/wp-json\/wp\/v2\/comments?post=10683"}],"version-history":[{"count":1,"href":"https:\/\/noti-america.com\/site\/ecuador\/wp-json\/wp\/v2\/posts\/10683\/revisions"}],"predecessor-version":[{"id":10686,"href":"https:\/\/noti-america.com\/site\/ecuador\/wp-json\/wp\/v2\/posts\/10683\/revisions\/10686"}],"wp:featuredmedia":[{"embeddable":true,"href":"https:\/\/noti-america.com\/site\/ecuador\/wp-json\/wp\/v2\/media\/10687"}],"wp:attachment":[{"href":"https:\/\/noti-america.com\/site\/ecuador\/wp-json\/wp\/v2\/media?parent=10683"}],"wp:term":[{"taxonomy":"category","embeddable":true,"href":"https:\/\/noti-america.com\/site\/ecuador\/wp-json\/wp\/v2\/categories?post=10683"},{"taxonomy":"post_tag","embeddable":true,"href":"https:\/\/noti-america.com\/site\/ecuador\/wp-json\/wp\/v2\/tags?post=10683"}],"curies":[{"name":"wp","href":"https:\/\/api.w.org\/{rel}","templated":true}]}}