{"id":10633,"date":"2020-09-21T19:46:09","date_gmt":"2020-09-21T19:46:09","guid":{"rendered":"https:\/\/noti-america.com\/site\/ecuador\/?p=10633"},"modified":"2020-09-21T19:46:09","modified_gmt":"2020-09-21T19:46:09","slug":"restriccion-por-placa-de-vehiculos-fue-eliminada-en-guayaquil","status":"publish","type":"post","link":"https:\/\/noti-america.com\/site\/ecuador\/2020\/09\/21\/restriccion-por-placa-de-vehiculos-fue-eliminada-en-guayaquil\/","title":{"rendered":"Restricci\u00f3n por placa de veh\u00edculos fue eliminada en Guayaquil"},"content":{"rendered":"<p>REDACCI\u00d3N NOTI AMERICA (ECUADOR).- <strong>Autor: Lcdo. Henry Ortiz<\/strong><\/p>\n<p><img loading=\"lazy\" decoding=\"async\" class=\"aligncenter size-medium wp-image-10634\" src=\"https:\/\/noti-america.com\/site\/ecuador\/wp-content\/uploads\/sites\/18\/2020\/09\/21-sep-ATM-300x300.jpg\" alt=\"\" width=\"300\" height=\"300\" srcset=\"https:\/\/noti-america.com\/site\/ecuador\/wp-content\/uploads\/sites\/18\/2020\/09\/21-sep-ATM-300x300.jpg 300w, https:\/\/noti-america.com\/site\/ecuador\/wp-content\/uploads\/sites\/18\/2020\/09\/21-sep-ATM-1024x1024.jpg 1024w, https:\/\/noti-america.com\/site\/ecuador\/wp-content\/uploads\/sites\/18\/2020\/09\/21-sep-ATM-150x150.jpg 150w, https:\/\/noti-america.com\/site\/ecuador\/wp-content\/uploads\/sites\/18\/2020\/09\/21-sep-ATM-768x768.jpg 768w, https:\/\/noti-america.com\/site\/ecuador\/wp-content\/uploads\/sites\/18\/2020\/09\/21-sep-ATM-80x80.jpg 80w, https:\/\/noti-america.com\/site\/ecuador\/wp-content\/uploads\/sites\/18\/2020\/09\/21-sep-ATM-320x320.jpg 320w, https:\/\/noti-america.com\/site\/ecuador\/wp-content\/uploads\/sites\/18\/2020\/09\/21-sep-ATM.jpg 1080w\" sizes=\"auto, (max-width: 300px) 100vw, 300px\" \/><\/p>\n<p>En una fase m\u00e1s de reactivaci\u00f3n que vive la ciudad de Guayaquil en medio de la pandemia por Covid-19, el pleno del Comit\u00e9 de Operaciones de Emergencia cantonal, presidido por la Alcaldesa de la urbe, Cynthia Viteri, resolvi\u00f3 eliminar, desde hoy, la restricci\u00f3n vehicular por placas a los veh\u00edculos particulares.<\/p>\n<p>El Gerente General de la Autoridad de Tr\u00e1nsito Municipal,\u00a0 Vicente Taiano, se\u00f1al\u00f3 que la decisi\u00f3n se fundamenta en la data obtenida durante la \u00faltima semana mediante los controles tecnol\u00f3gicos que se realiza en la ciudad.<\/p>\n<p>\u201cHemos realizado conteos y an\u00e1lisis de data, como lo dispuso el COE (Cantonal); y en funci\u00f3n de que, adem\u00e1s, los cantones de Samborond\u00f3n y Daule no manten\u00edan la misma medida de restricci\u00f3n y se presentaron ciertos conflictos al momento de realizar los controles\u201d, sostuvo el Gerente de la ATM.<\/p>\n<p>Taiano\u00a0 dijo que se intensificar\u00e1 los operativos en las unidades de transportaci\u00f3n p\u00fablica y Metrov\u00eda para que el cumplimiento de aforo (50%) y uso obligatorio de mascarilla se siga respetando; esto en conjunto con la Direcci\u00f3n de Justicia y Vigilancia y Polic\u00eda Metropolitana.<\/p>\n<p>La Alcaldesa de Guayaquil enfatiz\u00f3 que la circulaci\u00f3n en moto no est\u00e1 prohibida, sino \u201cque dos hombres no podr\u00e1n circular en motocicleta entre las 19:00 a 06:00, esa es la prohibici\u00f3n\u201d. El horario de restricci\u00f3n tiene su sustento en las cifras otorgadas por la Polic\u00eda Nacional sobre el cometimiento de delitos por personas a bordo de este medio de transporte.<\/p>\n","protected":false},"excerpt":{"rendered":"<p>REDACCI\u00d3N NOTI AMERICA (ECUADOR).- Autor: Lcdo. Henry Ortiz En una fase m\u00e1s de reactivaci\u00f3n que vive la ciudad de Guayaquil en medio de la pandemia por Covid-19, el pleno del Comit\u00e9 de Operaciones de&#46;&#46;&#46;<\/p>\n","protected":false},"author":17,"featured_media":10634,"comment_status":"open","ping_status":"open","sticky":false,"template":"","format":"standard","meta":{"_acf_changed":false,"om_disable_all_campaigns":false,"rop_custom_images_group":[],"rop_custom_messages_group":[],"rop_publish_now":"initial","rop_publish_now_accounts":{"twitter_242054905_242054905":""},"rop_publish_now_history":[],"rop_publish_now_status":"pending","_uf_show_specific_survey":0,"_uf_disable_surveys":false,"footnotes":""},"categories":[1],"tags":[],"class_list":["post-10633","post","type-post","status-publish","format-standard","has-post-thumbnail","hentry","category-uncategorized"],"acf":[],"aioseo_notices":[],"yoast_head":"<!-- This site is optimized with the Yoast SEO Premium plugin v24.9 (Yoast SEO v27.2) - https:\/\/yoast.com\/product\/yoast-seo-premium-wordpress\/ -->\n<title>Restricci\u00f3n por placa de veh\u00edculos fue eliminada en Guayaquil - Ecuador | Noti-America.com<\/title>\n<meta name=\"robots\" content=\"index, follow, max-snippet:-1, max-image-preview:large, max-video-preview:-1\" \/>\n<link rel=\"canonical\" href=\"https:\/\/noti-america.com\/site\/ecuador\/2020\/09\/21\/restriccion-por-placa-de-vehiculos-fue-eliminada-en-guayaquil\/\" \/>\n<meta property=\"og:locale\" content=\"es_ES\" \/>\n<meta property=\"og:type\" content=\"article\" \/>\n<meta property=\"og:title\" content=\"Restricci\u00f3n por placa de veh\u00edculos fue eliminada en Guayaquil\" \/>\n<meta property=\"og:description\" content=\"REDACCI\u00d3N NOTI AMERICA (ECUADOR).- Autor: Lcdo. Henry Ortiz En una fase m\u00e1s de reactivaci\u00f3n que vive la ciudad de Guayaquil en medio de la pandemia por Covid-19, el pleno del Comit\u00e9 de Operaciones de&#046;&#046;&#046;\" \/>\n<meta property=\"og:url\" content=\"https:\/\/noti-america.com\/site\/ecuador\/2020\/09\/21\/restriccion-por-placa-de-vehiculos-fue-eliminada-en-guayaquil\/\" \/>\n<meta property=\"og:site_name\" content=\"Ecuador | Noti-America.com\" \/>\n<meta property=\"article:published_time\" content=\"2020-09-21T19:46:09+00:00\" \/>\n<meta property=\"og:image\" content=\"https:\/\/noti-america.com\/site\/ecuador\/wp-content\/uploads\/sites\/18\/2020\/09\/21-sep-ATM.jpg\" \/>\n\t<meta property=\"og:image:width\" content=\"1080\" \/>\n\t<meta property=\"og:image:height\" content=\"1080\" \/>\n\t<meta property=\"og:image:type\" content=\"image\/jpeg\" \/>\n<meta name=\"author\" content=\"Gregory Quintana Montiel\" \/>\n<meta name=\"twitter:card\" content=\"summary_large_image\" \/>\n<meta name=\"twitter:creator\" content=\"@gdgregori1\" \/>\n<meta name=\"twitter:site\" content=\"@notiamerica\" \/>\n<meta name=\"twitter:label1\" content=\"Escrito por\" \/>\n\t<meta name=\"twitter:data1\" content=\"Gregory Quintana Montiel\" \/>\n\t<meta name=\"twitter:label2\" content=\"Tiempo estimado de lectura\" \/>\n\t<meta name=\"twitter:data2\" content=\"1 minuto\" \/>\n<script type=\"application\/ld+json\" class=\"yoast-schema-graph\">{\"@context\":\"https:\/\/schema.org\",\"@graph\":[{\"@type\":\"Article\",\"@id\":\"https:\/\/noti-america.com\/site\/ecuador\/2020\/09\/21\/restriccion-por-placa-de-vehiculos-fue-eliminada-en-guayaquil\/#article\",\"isPartOf\":{\"@id\":\"https:\/\/noti-america.com\/site\/ecuador\/2020\/09\/21\/restriccion-por-placa-de-vehiculos-fue-eliminada-en-guayaquil\/\"},\"author\":{\"name\":\"Gregory Quintana Montiel\",\"@id\":\"https:\/\/noti-america.com\/site\/ecuador\/#\/schema\/person\/3b975e42f15abfe64bfe3abdd916efda\"},\"headline\":\"Restricci\u00f3n por placa de veh\u00edculos fue eliminada en Guayaquil\",\"datePublished\":\"2020-09-21T19:46:09+00:00\",\"mainEntityOfPage\":{\"@id\":\"https:\/\/noti-america.com\/site\/ecuador\/2020\/09\/21\/restriccion-por-placa-de-vehiculos-fue-eliminada-en-guayaquil\/\"},\"wordCount\":279,\"commentCount\":0,\"publisher\":{\"@id\":\"https:\/\/noti-america.com\/site\/ecuador\/#organization\"},\"image\":{\"@id\":\"https:\/\/noti-america.com\/site\/ecuador\/2020\/09\/21\/restriccion-por-placa-de-vehiculos-fue-eliminada-en-guayaquil\/#primaryimage\"},\"thumbnailUrl\":\"https:\/\/noti-america.com\/site\/ecuador\/wp-content\/uploads\/sites\/18\/2020\/09\/21-sep-ATM.jpg\",\"articleSection\":[\"Uncategorized\"],\"inLanguage\":\"es\",\"potentialAction\":[{\"@type\":\"CommentAction\",\"name\":\"Comment\",\"target\":[\"https:\/\/noti-america.com\/site\/ecuador\/2020\/09\/21\/restriccion-por-placa-de-vehiculos-fue-eliminada-en-guayaquil\/#respond\"]}]},{\"@type\":\"WebPage\",\"@id\":\"https:\/\/noti-america.com\/site\/ecuador\/2020\/09\/21\/restriccion-por-placa-de-vehiculos-fue-eliminada-en-guayaquil\/\",\"url\":\"https:\/\/noti-america.com\/site\/ecuador\/2020\/09\/21\/restriccion-por-placa-de-vehiculos-fue-eliminada-en-guayaquil\/\",\"name\":\"Restricci\u00f3n por placa de veh\u00edculos fue eliminada en Guayaquil - Ecuador | Noti-America.com\",\"isPartOf\":{\"@id\":\"https:\/\/noti-america.com\/site\/ecuador\/#website\"},\"primaryImageOfPage\":{\"@id\":\"https:\/\/noti-america.com\/site\/ecuador\/2020\/09\/21\/restriccion-por-placa-de-vehiculos-fue-eliminada-en-guayaquil\/#primaryimage\"},\"image\":{\"@id\":\"https:\/\/noti-america.com\/site\/ecuador\/2020\/09\/21\/restriccion-por-placa-de-vehiculos-fue-eliminada-en-guayaquil\/#primaryimage\"},\"thumbnailUrl\":\"https:\/\/noti-america.com\/site\/ecuador\/wp-content\/uploads\/sites\/18\/2020\/09\/21-sep-ATM.jpg\",\"datePublished\":\"2020-09-21T19:46:09+00:00\",\"breadcrumb\":{\"@id\":\"https:\/\/noti-america.com\/site\/ecuador\/2020\/09\/21\/restriccion-por-placa-de-vehiculos-fue-eliminada-en-guayaquil\/#breadcrumb\"},\"inLanguage\":\"es\",\"potentialAction\":[{\"@type\":\"ReadAction\",\"target\":[\"https:\/\/noti-america.com\/site\/ecuador\/2020\/09\/21\/restriccion-por-placa-de-vehiculos-fue-eliminada-en-guayaquil\/\"]}]},{\"@type\":\"ImageObject\",\"inLanguage\":\"es\",\"@id\":\"https:\/\/noti-america.com\/site\/ecuador\/2020\/09\/21\/restriccion-por-placa-de-vehiculos-fue-eliminada-en-guayaquil\/#primaryimage\",\"url\":\"https:\/\/noti-america.com\/site\/ecuador\/wp-content\/uploads\/sites\/18\/2020\/09\/21-sep-ATM.jpg\",\"contentUrl\":\"https:\/\/noti-america.com\/site\/ecuador\/wp-content\/uploads\/sites\/18\/2020\/09\/21-sep-ATM.jpg\",\"width\":1080,\"height\":1080},{\"@type\":\"BreadcrumbList\",\"@id\":\"https:\/\/noti-america.com\/site\/ecuador\/2020\/09\/21\/restriccion-por-placa-de-vehiculos-fue-eliminada-en-guayaquil\/#breadcrumb\",\"itemListElement\":[{\"@type\":\"ListItem\",\"position\":1,\"name\":\"Portada\",\"item\":\"https:\/\/noti-america.com\/site\/ecuador\/\"},{\"@type\":\"ListItem\",\"position\":2,\"name\":\"Restricci\u00f3n por placa de veh\u00edculos fue eliminada en Guayaquil\"}]},{\"@type\":\"WebSite\",\"@id\":\"https:\/\/noti-america.com\/site\/ecuador\/#website\",\"url\":\"https:\/\/noti-america.com\/site\/ecuador\/\",\"name\":\"Ecuador | Noti-America.com\",\"description\":\"\",\"publisher\":{\"@id\":\"https:\/\/noti-america.com\/site\/ecuador\/#organization\"},\"potentialAction\":[{\"@type\":\"SearchAction\",\"target\":{\"@type\":\"EntryPoint\",\"urlTemplate\":\"https:\/\/noti-america.com\/site\/ecuador\/?s={search_term_string}\"},\"query-input\":{\"@type\":\"PropertyValueSpecification\",\"valueRequired\":true,\"valueName\":\"search_term_string\"}}],\"inLanguage\":\"es\"},{\"@type\":\"Organization\",\"@id\":\"https:\/\/noti-america.com\/site\/ecuador\/#organization\",\"name\":\"Noti-America LLC | Ecuador\",\"url\":\"https:\/\/noti-america.com\/site\/ecuador\/\",\"logo\":{\"@type\":\"ImageObject\",\"inLanguage\":\"es\",\"@id\":\"https:\/\/noti-america.com\/site\/ecuador\/#\/schema\/logo\/image\/\",\"url\":\"https:\/\/noti-america.com\/site\/ecuador\/wp-content\/uploads\/sites\/18\/2020\/07\/LogoNA-4x3-1.jpg\",\"contentUrl\":\"https:\/\/noti-america.com\/site\/ecuador\/wp-content\/uploads\/sites\/18\/2020\/07\/LogoNA-4x3-1.jpg\",\"width\":1236,\"height\":1080,\"caption\":\"Noti-America LLC | Ecuador\"},\"image\":{\"@id\":\"https:\/\/noti-america.com\/site\/ecuador\/#\/schema\/logo\/image\/\"},\"sameAs\":[\"https:\/\/x.com\/notiamerica\"]},{\"@type\":\"Person\",\"@id\":\"https:\/\/noti-america.com\/site\/ecuador\/#\/schema\/person\/3b975e42f15abfe64bfe3abdd916efda\",\"name\":\"Gregory Quintana Montiel\",\"image\":{\"@type\":\"ImageObject\",\"inLanguage\":\"es\",\"@id\":\"https:\/\/secure.gravatar.com\/avatar\/2d6b802f7720c2ec7744dcbe608cc2f3417aeb964d58b443c6d612b77531de1d?s=96&d=mm&r=g\",\"url\":\"https:\/\/secure.gravatar.com\/avatar\/2d6b802f7720c2ec7744dcbe608cc2f3417aeb964d58b443c6d612b77531de1d?s=96&d=mm&r=g\",\"contentUrl\":\"https:\/\/secure.gravatar.com\/avatar\/2d6b802f7720c2ec7744dcbe608cc2f3417aeb964d58b443c6d612b77531de1d?s=96&d=mm&r=g\",\"caption\":\"Gregory Quintana Montiel\"},\"description\":\"Licenciatura en Ciencias de la Comunicaci\u00f3n Social, egresado en la Especializaci\u00f3n Derecho Ambiental Desarrollo Sostenible y Sustentable, Miembro de la Comunidad de profesionales y experto para Latinoam\u00e9rica y el Caribe en Gesti\u00f3n por Resultado en el Desarrollo (COPLAC - GpRD) del Banco Interamericano de Desarrollo, experiencia en medios radiales y escritos.\",\"sameAs\":[\"https:\/\/x.com\/gdgregori1\",\"gquintana\"],\"url\":\"https:\/\/noti-america.com\/site\/ecuador\/author\/gquintana\/\"}]}<\/script>\n<!-- \/ Yoast SEO Premium plugin. -->","yoast_head_json":{"title":"Restricci\u00f3n por placa de veh\u00edculos fue eliminada en Guayaquil - Ecuador | Noti-America.com","robots":{"index":"index","follow":"follow","max-snippet":"max-snippet:-1","max-image-preview":"max-image-preview:large","max-video-preview":"max-video-preview:-1"},"canonical":"https:\/\/noti-america.com\/site\/ecuador\/2020\/09\/21\/restriccion-por-placa-de-vehiculos-fue-eliminada-en-guayaquil\/","og_locale":"es_ES","og_type":"article","og_title":"Restricci\u00f3n por placa de veh\u00edculos fue eliminada en Guayaquil","og_description":"REDACCI\u00d3N NOTI AMERICA (ECUADOR).- Autor: Lcdo. Henry Ortiz En una fase m\u00e1s de reactivaci\u00f3n que vive la ciudad de Guayaquil en medio de la pandemia por Covid-19, el pleno del Comit\u00e9 de Operaciones de&#46;&#46;&#46;","og_url":"https:\/\/noti-america.com\/site\/ecuador\/2020\/09\/21\/restriccion-por-placa-de-vehiculos-fue-eliminada-en-guayaquil\/","og_site_name":"Ecuador | Noti-America.com","article_published_time":"2020-09-21T19:46:09+00:00","og_image":[{"width":1080,"height":1080,"url":"https:\/\/noti-america.com\/site\/ecuador\/wp-content\/uploads\/sites\/18\/2020\/09\/21-sep-ATM.jpg","type":"image\/jpeg"}],"author":"Gregory Quintana Montiel","twitter_card":"summary_large_image","twitter_creator":"@gdgregori1","twitter_site":"@notiamerica","twitter_misc":{"Escrito por":"Gregory Quintana Montiel","Tiempo estimado de lectura":"1 minuto"},"schema":{"@context":"https:\/\/schema.org","@graph":[{"@type":"Article","@id":"https:\/\/noti-america.com\/site\/ecuador\/2020\/09\/21\/restriccion-por-placa-de-vehiculos-fue-eliminada-en-guayaquil\/#article","isPartOf":{"@id":"https:\/\/noti-america.com\/site\/ecuador\/2020\/09\/21\/restriccion-por-placa-de-vehiculos-fue-eliminada-en-guayaquil\/"},"author":{"name":"Gregory Quintana Montiel","@id":"https:\/\/noti-america.com\/site\/ecuador\/#\/schema\/person\/3b975e42f15abfe64bfe3abdd916efda"},"headline":"Restricci\u00f3n por placa de veh\u00edculos fue eliminada en Guayaquil","datePublished":"2020-09-21T19:46:09+00:00","mainEntityOfPage":{"@id":"https:\/\/noti-america.com\/site\/ecuador\/2020\/09\/21\/restriccion-por-placa-de-vehiculos-fue-eliminada-en-guayaquil\/"},"wordCount":279,"commentCount":0,"publisher":{"@id":"https:\/\/noti-america.com\/site\/ecuador\/#organization"},"image":{"@id":"https:\/\/noti-america.com\/site\/ecuador\/2020\/09\/21\/restriccion-por-placa-de-vehiculos-fue-eliminada-en-guayaquil\/#primaryimage"},"thumbnailUrl":"https:\/\/noti-america.com\/site\/ecuador\/wp-content\/uploads\/sites\/18\/2020\/09\/21-sep-ATM.jpg","articleSection":["Uncategorized"],"inLanguage":"es","potentialAction":[{"@type":"CommentAction","name":"Comment","target":["https:\/\/noti-america.com\/site\/ecuador\/2020\/09\/21\/restriccion-por-placa-de-vehiculos-fue-eliminada-en-guayaquil\/#respond"]}]},{"@type":"WebPage","@id":"https:\/\/noti-america.com\/site\/ecuador\/2020\/09\/21\/restriccion-por-placa-de-vehiculos-fue-eliminada-en-guayaquil\/","url":"https:\/\/noti-america.com\/site\/ecuador\/2020\/09\/21\/restriccion-por-placa-de-vehiculos-fue-eliminada-en-guayaquil\/","name":"Restricci\u00f3n por placa de veh\u00edculos fue eliminada en Guayaquil - Ecuador | Noti-America.com","isPartOf":{"@id":"https:\/\/noti-america.com\/site\/ecuador\/#website"},"primaryImageOfPage":{"@id":"https:\/\/noti-america.com\/site\/ecuador\/2020\/09\/21\/restriccion-por-placa-de-vehiculos-fue-eliminada-en-guayaquil\/#primaryimage"},"image":{"@id":"https:\/\/noti-america.com\/site\/ecuador\/2020\/09\/21\/restriccion-por-placa-de-vehiculos-fue-eliminada-en-guayaquil\/#primaryimage"},"thumbnailUrl":"https:\/\/noti-america.com\/site\/ecuador\/wp-content\/uploads\/sites\/18\/2020\/09\/21-sep-ATM.jpg","datePublished":"2020-09-21T19:46:09+00:00","breadcrumb":{"@id":"https:\/\/noti-america.com\/site\/ecuador\/2020\/09\/21\/restriccion-por-placa-de-vehiculos-fue-eliminada-en-guayaquil\/#breadcrumb"},"inLanguage":"es","potentialAction":[{"@type":"ReadAction","target":["https:\/\/noti-america.com\/site\/ecuador\/2020\/09\/21\/restriccion-por-placa-de-vehiculos-fue-eliminada-en-guayaquil\/"]}]},{"@type":"ImageObject","inLanguage":"es","@id":"https:\/\/noti-america.com\/site\/ecuador\/2020\/09\/21\/restriccion-por-placa-de-vehiculos-fue-eliminada-en-guayaquil\/#primaryimage","url":"https:\/\/noti-america.com\/site\/ecuador\/wp-content\/uploads\/sites\/18\/2020\/09\/21-sep-ATM.jpg","contentUrl":"https:\/\/noti-america.com\/site\/ecuador\/wp-content\/uploads\/sites\/18\/2020\/09\/21-sep-ATM.jpg","width":1080,"height":1080},{"@type":"BreadcrumbList","@id":"https:\/\/noti-america.com\/site\/ecuador\/2020\/09\/21\/restriccion-por-placa-de-vehiculos-fue-eliminada-en-guayaquil\/#breadcrumb","itemListElement":[{"@type":"ListItem","position":1,"name":"Portada","item":"https:\/\/noti-america.com\/site\/ecuador\/"},{"@type":"ListItem","position":2,"name":"Restricci\u00f3n por placa de veh\u00edculos fue eliminada en Guayaquil"}]},{"@type":"WebSite","@id":"https:\/\/noti-america.com\/site\/ecuador\/#website","url":"https:\/\/noti-america.com\/site\/ecuador\/","name":"Ecuador | Noti-America.com","description":"","publisher":{"@id":"https:\/\/noti-america.com\/site\/ecuador\/#organization"},"potentialAction":[{"@type":"SearchAction","target":{"@type":"EntryPoint","urlTemplate":"https:\/\/noti-america.com\/site\/ecuador\/?s={search_term_string}"},"query-input":{"@type":"PropertyValueSpecification","valueRequired":true,"valueName":"search_term_string"}}],"inLanguage":"es"},{"@type":"Organization","@id":"https:\/\/noti-america.com\/site\/ecuador\/#organization","name":"Noti-America LLC | Ecuador","url":"https:\/\/noti-america.com\/site\/ecuador\/","logo":{"@type":"ImageObject","inLanguage":"es","@id":"https:\/\/noti-america.com\/site\/ecuador\/#\/schema\/logo\/image\/","url":"https:\/\/noti-america.com\/site\/ecuador\/wp-content\/uploads\/sites\/18\/2020\/07\/LogoNA-4x3-1.jpg","contentUrl":"https:\/\/noti-america.com\/site\/ecuador\/wp-content\/uploads\/sites\/18\/2020\/07\/LogoNA-4x3-1.jpg","width":1236,"height":1080,"caption":"Noti-America LLC | Ecuador"},"image":{"@id":"https:\/\/noti-america.com\/site\/ecuador\/#\/schema\/logo\/image\/"},"sameAs":["https:\/\/x.com\/notiamerica"]},{"@type":"Person","@id":"https:\/\/noti-america.com\/site\/ecuador\/#\/schema\/person\/3b975e42f15abfe64bfe3abdd916efda","name":"Gregory Quintana Montiel","image":{"@type":"ImageObject","inLanguage":"es","@id":"https:\/\/secure.gravatar.com\/avatar\/2d6b802f7720c2ec7744dcbe608cc2f3417aeb964d58b443c6d612b77531de1d?s=96&d=mm&r=g","url":"https:\/\/secure.gravatar.com\/avatar\/2d6b802f7720c2ec7744dcbe608cc2f3417aeb964d58b443c6d612b77531de1d?s=96&d=mm&r=g","contentUrl":"https:\/\/secure.gravatar.com\/avatar\/2d6b802f7720c2ec7744dcbe608cc2f3417aeb964d58b443c6d612b77531de1d?s=96&d=mm&r=g","caption":"Gregory Quintana Montiel"},"description":"Licenciatura en Ciencias de la Comunicaci\u00f3n Social, egresado en la Especializaci\u00f3n Derecho Ambiental Desarrollo Sostenible y Sustentable, Miembro de la Comunidad de profesionales y experto para Latinoam\u00e9rica y el Caribe en Gesti\u00f3n por Resultado en el Desarrollo (COPLAC - GpRD) del Banco Interamericano de Desarrollo, experiencia en medios radiales y escritos.","sameAs":["https:\/\/x.com\/gdgregori1","gquintana"],"url":"https:\/\/noti-america.com\/site\/ecuador\/author\/gquintana\/"}]}},"_links":{"self":[{"href":"https:\/\/noti-america.com\/site\/ecuador\/wp-json\/wp\/v2\/posts\/10633","targetHints":{"allow":["GET"]}}],"collection":[{"href":"https:\/\/noti-america.com\/site\/ecuador\/wp-json\/wp\/v2\/posts"}],"about":[{"href":"https:\/\/noti-america.com\/site\/ecuador\/wp-json\/wp\/v2\/types\/post"}],"author":[{"embeddable":true,"href":"https:\/\/noti-america.com\/site\/ecuador\/wp-json\/wp\/v2\/users\/17"}],"replies":[{"embeddable":true,"href":"https:\/\/noti-america.com\/site\/ecuador\/wp-json\/wp\/v2\/comments?post=10633"}],"version-history":[{"count":1,"href":"https:\/\/noti-america.com\/site\/ecuador\/wp-json\/wp\/v2\/posts\/10633\/revisions"}],"predecessor-version":[{"id":10635,"href":"https:\/\/noti-america.com\/site\/ecuador\/wp-json\/wp\/v2\/posts\/10633\/revisions\/10635"}],"wp:featuredmedia":[{"embeddable":true,"href":"https:\/\/noti-america.com\/site\/ecuador\/wp-json\/wp\/v2\/media\/10634"}],"wp:attachment":[{"href":"https:\/\/noti-america.com\/site\/ecuador\/wp-json\/wp\/v2\/media?parent=10633"}],"wp:term":[{"taxonomy":"category","embeddable":true,"href":"https:\/\/noti-america.com\/site\/ecuador\/wp-json\/wp\/v2\/categories?post=10633"},{"taxonomy":"post_tag","embeddable":true,"href":"https:\/\/noti-america.com\/site\/ecuador\/wp-json\/wp\/v2\/tags?post=10633"}],"curies":[{"name":"wp","href":"https:\/\/api.w.org\/{rel}","templated":true}]}}