{"id":1043,"date":"2018-06-14T23:01:32","date_gmt":"2018-06-14T23:01:32","guid":{"rendered":"http:\/\/noti-america.com\/site\/ecuador\/?p=1043"},"modified":"2018-06-14T23:01:32","modified_gmt":"2018-06-14T23:01:32","slug":"asamblea-nacional-declara-que-no-procede-el-pedido-de-jueza-de-la-corte-nacional-de-justicia-para-enjuiciamiento-penal-de-rafael-correa","status":"publish","type":"post","link":"https:\/\/noti-america.com\/site\/ecuador\/2018\/06\/14\/asamblea-nacional-declara-que-no-procede-el-pedido-de-jueza-de-la-corte-nacional-de-justicia-para-enjuiciamiento-penal-de-rafael-correa\/","title":{"rendered":"Asamblea Nacional declara que no procede el pedido de jueza de la Corte Nacional de Justicia para enjuiciamiento penal de Rafael Correa"},"content":{"rendered":"<p>REDACCI\u00d3N NOTI-AM\u00c9RICA (ECUADOR)<\/p>\n<p>El pleno de la Asamblea declar\u00f3 improcedente el pedido de la jueza Daniela Camacho de que se autorice el juicio penal al exmandatario Rafael Correa, en el caso Balda.\u00a0Con 83 votos a favor, 2 en contra y 13 abstenciones, los parlamentarios decidieron que no son competentes para calificarlo<strong>.\u00a0<\/strong>Por lo tanto, la decisi\u00f3n le corresponde a la Corte Nacional.<br \/>\n<small><\/small><\/p>\n<p>La sesi\u00f3n 522 del Pleno de la Asamblea se inici\u00f3 a las 16:25 del jueves, 14 de junio del 2018.\u00a0La vinculaci\u00f3n de Correa al caso de Fernando Balda fue el segundo punto del orden del d\u00eda.<br \/>\n<small><\/small><\/p>\n<p>Tras concluir la lectura del pedido de Daniela Camacho, jueza nacional de Garant\u00edas Penales de la Sala Especializada de lo Penal Militar, Penal Policial y Tr\u00e1nsito de la Corte Nacional de Justicia, intervino Fernando Burbano, legislador independiente. \u00c9l elev\u00f3 a moci\u00f3n establecer improcedente y devolver el pedido, pues no compete al Parlamento autorizar el enjuiamiento a un expresidente, conforme dispone la Constituci\u00f3n, en el art\u00edculo 120.<\/p>\n<p><small><\/small>Fernando Burbano, al sustentar la resoluci\u00f3n, explic\u00f3 que en el oficio 1921-2018 CNJ de fecha 11 de junio de 2018, la jueza basa su pedido en el numeral 10 del art\u00edculo 120 de la Constituci\u00f3n que se\u00f1ala como atribuci\u00f3n de la Asamblea Nacional, autorizar con la votaci\u00f3n de las dos tercera partes de sus integrantes el enjuiciamiento penal de la presidenta o presidente, o de la vicepresidenta o vicepresidente de la Rep\u00fablica cuando la autoridad competente lo solicite fundadamente.<\/p>\n<p>Destac\u00f3 que el texto Constitucional es claro en se\u00f1alar que es atribuci\u00f3n de la Asamblea autorizar el enjuiciamiento penal del presidente o vicepresidenta de la Rep\u00fablica y no de un ex presidente o ex vicepresidente y que en el caso del economista Rafael Correa, ya no est\u00e1 en la Presidencia de la Rep\u00fablica desde el 24 de mayo del a\u00f1o pasado.<\/p>\n<p>La Asamblea Nacional, como entidad de Derecho P\u00fablico, solo puede hacer lo que la Constituci\u00f3n y la ley establecen de manera taxativa conforme a lo dispuesto en el art\u00edculo 226 de la Constituci\u00f3n de la Rep\u00fablica<\/p>\n<p><small>\u00a0<\/small><\/p>\n","protected":false},"excerpt":{"rendered":"<p>REDACCI\u00d3N NOTI-AM\u00c9RICA (ECUADOR) El pleno de la Asamblea declar\u00f3 improcedente el pedido de la jueza Daniela Camacho de que se autorice el juicio penal al exmandatario Rafael Correa, en el caso Balda.\u00a0Con 83 votos&#46;&#46;&#46;<\/p>\n","protected":false},"author":17,"featured_media":1046,"comment_status":"open","ping_status":"open","sticky":false,"template":"","format":"standard","meta":{"_acf_changed":false,"om_disable_all_campaigns":false,"rop_custom_images_group":[],"rop_custom_messages_group":[],"rop_publish_now":"initial","rop_publish_now_accounts":{"twitter_242054905_242054905":""},"rop_publish_now_history":[],"rop_publish_now_status":"pending","_uf_show_specific_survey":0,"_uf_disable_surveys":false,"footnotes":""},"categories":[1],"tags":[],"class_list":["post-1043","post","type-post","status-publish","format-standard","has-post-thumbnail","hentry","category-uncategorized"],"acf":[],"aioseo_notices":[],"yoast_head":"<!-- This site is optimized with the Yoast SEO Premium plugin v24.9 (Yoast SEO v27.2) - https:\/\/yoast.com\/product\/yoast-seo-premium-wordpress\/ -->\n<title>Asamblea Nacional declara que no procede el pedido de jueza de la Corte Nacional de Justicia para enjuiciamiento penal de Rafael Correa - Ecuador | Noti-America.com<\/title>\n<meta name=\"robots\" content=\"index, follow, max-snippet:-1, max-image-preview:large, max-video-preview:-1\" \/>\n<link rel=\"canonical\" href=\"https:\/\/noti-america.com\/site\/ecuador\/2018\/06\/14\/asamblea-nacional-declara-que-no-procede-el-pedido-de-jueza-de-la-corte-nacional-de-justicia-para-enjuiciamiento-penal-de-rafael-correa\/\" \/>\n<meta property=\"og:locale\" content=\"es_ES\" \/>\n<meta property=\"og:type\" content=\"article\" \/>\n<meta property=\"og:title\" content=\"Asamblea Nacional declara que no procede el pedido de jueza de la Corte Nacional de Justicia para enjuiciamiento penal de Rafael Correa\" \/>\n<meta property=\"og:description\" content=\"REDACCI\u00d3N NOTI-AM\u00c9RICA (ECUADOR) El pleno de la Asamblea declar\u00f3 improcedente el pedido de la jueza Daniela Camacho de que se autorice el juicio penal al exmandatario Rafael Correa, en el caso Balda.\u00a0Con 83 votos&#046;&#046;&#046;\" \/>\n<meta property=\"og:url\" content=\"https:\/\/noti-america.com\/site\/ecuador\/2018\/06\/14\/asamblea-nacional-declara-que-no-procede-el-pedido-de-jueza-de-la-corte-nacional-de-justicia-para-enjuiciamiento-penal-de-rafael-correa\/\" \/>\n<meta property=\"og:site_name\" content=\"Ecuador | Noti-America.com\" \/>\n<meta property=\"article:published_time\" content=\"2018-06-14T23:01:32+00:00\" \/>\n<meta property=\"og:image\" content=\"https:\/\/noti-america.com\/site\/ecuador\/wp-content\/uploads\/sites\/18\/2018\/06\/FOTO-DE-LA-ASAMBLEA-NACIONAL-PEDIDO-DE-JUICIO-A-RAFAEL-CORREA.jpg\" \/>\n\t<meta property=\"og:image:width\" content=\"420\" \/>\n\t<meta property=\"og:image:height\" content=\"280\" \/>\n\t<meta property=\"og:image:type\" content=\"image\/jpeg\" \/>\n<meta name=\"author\" content=\"Gregory Quintana Montiel\" \/>\n<meta name=\"twitter:card\" content=\"summary_large_image\" \/>\n<meta name=\"twitter:creator\" content=\"@gdgregori1\" \/>\n<meta name=\"twitter:site\" content=\"@notiamerica\" \/>\n<meta name=\"twitter:label1\" content=\"Escrito por\" \/>\n\t<meta name=\"twitter:data1\" content=\"Gregory Quintana Montiel\" \/>\n\t<meta name=\"twitter:label2\" content=\"Tiempo estimado de lectura\" \/>\n\t<meta name=\"twitter:data2\" content=\"2 minutos\" \/>\n<script type=\"application\/ld+json\" class=\"yoast-schema-graph\">{\"@context\":\"https:\/\/schema.org\",\"@graph\":[{\"@type\":\"Article\",\"@id\":\"https:\/\/noti-america.com\/site\/ecuador\/2018\/06\/14\/asamblea-nacional-declara-que-no-procede-el-pedido-de-jueza-de-la-corte-nacional-de-justicia-para-enjuiciamiento-penal-de-rafael-correa\/#article\",\"isPartOf\":{\"@id\":\"https:\/\/noti-america.com\/site\/ecuador\/2018\/06\/14\/asamblea-nacional-declara-que-no-procede-el-pedido-de-jueza-de-la-corte-nacional-de-justicia-para-enjuiciamiento-penal-de-rafael-correa\/\"},\"author\":{\"name\":\"Gregory Quintana Montiel\",\"@id\":\"https:\/\/noti-america.com\/site\/ecuador\/#\/schema\/person\/3b975e42f15abfe64bfe3abdd916efda\"},\"headline\":\"Asamblea Nacional declara que no procede el pedido de jueza de la Corte Nacional de Justicia para enjuiciamiento penal de Rafael Correa\",\"datePublished\":\"2018-06-14T23:01:32+00:00\",\"mainEntityOfPage\":{\"@id\":\"https:\/\/noti-america.com\/site\/ecuador\/2018\/06\/14\/asamblea-nacional-declara-que-no-procede-el-pedido-de-jueza-de-la-corte-nacional-de-justicia-para-enjuiciamiento-penal-de-rafael-correa\/\"},\"wordCount\":378,\"commentCount\":0,\"publisher\":{\"@id\":\"https:\/\/noti-america.com\/site\/ecuador\/#organization\"},\"image\":{\"@id\":\"https:\/\/noti-america.com\/site\/ecuador\/2018\/06\/14\/asamblea-nacional-declara-que-no-procede-el-pedido-de-jueza-de-la-corte-nacional-de-justicia-para-enjuiciamiento-penal-de-rafael-correa\/#primaryimage\"},\"thumbnailUrl\":\"https:\/\/noti-america.com\/site\/ecuador\/wp-content\/uploads\/sites\/18\/2018\/06\/FOTO-DE-LA-ASAMBLEA-NACIONAL-PEDIDO-DE-JUICIO-A-RAFAEL-CORREA.jpg\",\"articleSection\":[\"Uncategorized\"],\"inLanguage\":\"es\",\"potentialAction\":[{\"@type\":\"CommentAction\",\"name\":\"Comment\",\"target\":[\"https:\/\/noti-america.com\/site\/ecuador\/2018\/06\/14\/asamblea-nacional-declara-que-no-procede-el-pedido-de-jueza-de-la-corte-nacional-de-justicia-para-enjuiciamiento-penal-de-rafael-correa\/#respond\"]}]},{\"@type\":\"WebPage\",\"@id\":\"https:\/\/noti-america.com\/site\/ecuador\/2018\/06\/14\/asamblea-nacional-declara-que-no-procede-el-pedido-de-jueza-de-la-corte-nacional-de-justicia-para-enjuiciamiento-penal-de-rafael-correa\/\",\"url\":\"https:\/\/noti-america.com\/site\/ecuador\/2018\/06\/14\/asamblea-nacional-declara-que-no-procede-el-pedido-de-jueza-de-la-corte-nacional-de-justicia-para-enjuiciamiento-penal-de-rafael-correa\/\",\"name\":\"Asamblea Nacional declara que no procede el pedido de jueza de la Corte Nacional de Justicia para enjuiciamiento penal de Rafael Correa - Ecuador | Noti-America.com\",\"isPartOf\":{\"@id\":\"https:\/\/noti-america.com\/site\/ecuador\/#website\"},\"primaryImageOfPage\":{\"@id\":\"https:\/\/noti-america.com\/site\/ecuador\/2018\/06\/14\/asamblea-nacional-declara-que-no-procede-el-pedido-de-jueza-de-la-corte-nacional-de-justicia-para-enjuiciamiento-penal-de-rafael-correa\/#primaryimage\"},\"image\":{\"@id\":\"https:\/\/noti-america.com\/site\/ecuador\/2018\/06\/14\/asamblea-nacional-declara-que-no-procede-el-pedido-de-jueza-de-la-corte-nacional-de-justicia-para-enjuiciamiento-penal-de-rafael-correa\/#primaryimage\"},\"thumbnailUrl\":\"https:\/\/noti-america.com\/site\/ecuador\/wp-content\/uploads\/sites\/18\/2018\/06\/FOTO-DE-LA-ASAMBLEA-NACIONAL-PEDIDO-DE-JUICIO-A-RAFAEL-CORREA.jpg\",\"datePublished\":\"2018-06-14T23:01:32+00:00\",\"breadcrumb\":{\"@id\":\"https:\/\/noti-america.com\/site\/ecuador\/2018\/06\/14\/asamblea-nacional-declara-que-no-procede-el-pedido-de-jueza-de-la-corte-nacional-de-justicia-para-enjuiciamiento-penal-de-rafael-correa\/#breadcrumb\"},\"inLanguage\":\"es\",\"potentialAction\":[{\"@type\":\"ReadAction\",\"target\":[\"https:\/\/noti-america.com\/site\/ecuador\/2018\/06\/14\/asamblea-nacional-declara-que-no-procede-el-pedido-de-jueza-de-la-corte-nacional-de-justicia-para-enjuiciamiento-penal-de-rafael-correa\/\"]}]},{\"@type\":\"ImageObject\",\"inLanguage\":\"es\",\"@id\":\"https:\/\/noti-america.com\/site\/ecuador\/2018\/06\/14\/asamblea-nacional-declara-que-no-procede-el-pedido-de-jueza-de-la-corte-nacional-de-justicia-para-enjuiciamiento-penal-de-rafael-correa\/#primaryimage\",\"url\":\"https:\/\/noti-america.com\/site\/ecuador\/wp-content\/uploads\/sites\/18\/2018\/06\/FOTO-DE-LA-ASAMBLEA-NACIONAL-PEDIDO-DE-JUICIO-A-RAFAEL-CORREA.jpg\",\"contentUrl\":\"https:\/\/noti-america.com\/site\/ecuador\/wp-content\/uploads\/sites\/18\/2018\/06\/FOTO-DE-LA-ASAMBLEA-NACIONAL-PEDIDO-DE-JUICIO-A-RAFAEL-CORREA.jpg\",\"width\":420,\"height\":280,\"caption\":\"La Asamblea Nacional, como entidad de Derecho P\u00fablico, solo puede hacer lo que la Constituci\u00f3n y la ley establecen de manera taxativa conforme a lo dispuesto en el art\u00edculo 226 de la Constituci\u00f3n de la Rep\u00fablica.\"},{\"@type\":\"BreadcrumbList\",\"@id\":\"https:\/\/noti-america.com\/site\/ecuador\/2018\/06\/14\/asamblea-nacional-declara-que-no-procede-el-pedido-de-jueza-de-la-corte-nacional-de-justicia-para-enjuiciamiento-penal-de-rafael-correa\/#breadcrumb\",\"itemListElement\":[{\"@type\":\"ListItem\",\"position\":1,\"name\":\"Portada\",\"item\":\"https:\/\/noti-america.com\/site\/ecuador\/\"},{\"@type\":\"ListItem\",\"position\":2,\"name\":\"Asamblea Nacional declara que no procede el pedido de jueza de la Corte Nacional de Justicia para enjuiciamiento penal de Rafael Correa\"}]},{\"@type\":\"WebSite\",\"@id\":\"https:\/\/noti-america.com\/site\/ecuador\/#website\",\"url\":\"https:\/\/noti-america.com\/site\/ecuador\/\",\"name\":\"Ecuador | Noti-America.com\",\"description\":\"\",\"publisher\":{\"@id\":\"https:\/\/noti-america.com\/site\/ecuador\/#organization\"},\"potentialAction\":[{\"@type\":\"SearchAction\",\"target\":{\"@type\":\"EntryPoint\",\"urlTemplate\":\"https:\/\/noti-america.com\/site\/ecuador\/?s={search_term_string}\"},\"query-input\":{\"@type\":\"PropertyValueSpecification\",\"valueRequired\":true,\"valueName\":\"search_term_string\"}}],\"inLanguage\":\"es\"},{\"@type\":\"Organization\",\"@id\":\"https:\/\/noti-america.com\/site\/ecuador\/#organization\",\"name\":\"Noti-America LLC | Ecuador\",\"url\":\"https:\/\/noti-america.com\/site\/ecuador\/\",\"logo\":{\"@type\":\"ImageObject\",\"inLanguage\":\"es\",\"@id\":\"https:\/\/noti-america.com\/site\/ecuador\/#\/schema\/logo\/image\/\",\"url\":\"https:\/\/noti-america.com\/site\/ecuador\/wp-content\/uploads\/sites\/18\/2020\/07\/LogoNA-4x3-1.jpg\",\"contentUrl\":\"https:\/\/noti-america.com\/site\/ecuador\/wp-content\/uploads\/sites\/18\/2020\/07\/LogoNA-4x3-1.jpg\",\"width\":1236,\"height\":1080,\"caption\":\"Noti-America LLC | Ecuador\"},\"image\":{\"@id\":\"https:\/\/noti-america.com\/site\/ecuador\/#\/schema\/logo\/image\/\"},\"sameAs\":[\"https:\/\/x.com\/notiamerica\"]},{\"@type\":\"Person\",\"@id\":\"https:\/\/noti-america.com\/site\/ecuador\/#\/schema\/person\/3b975e42f15abfe64bfe3abdd916efda\",\"name\":\"Gregory Quintana Montiel\",\"image\":{\"@type\":\"ImageObject\",\"inLanguage\":\"es\",\"@id\":\"https:\/\/secure.gravatar.com\/avatar\/2d6b802f7720c2ec7744dcbe608cc2f3417aeb964d58b443c6d612b77531de1d?s=96&d=mm&r=g\",\"url\":\"https:\/\/secure.gravatar.com\/avatar\/2d6b802f7720c2ec7744dcbe608cc2f3417aeb964d58b443c6d612b77531de1d?s=96&d=mm&r=g\",\"contentUrl\":\"https:\/\/secure.gravatar.com\/avatar\/2d6b802f7720c2ec7744dcbe608cc2f3417aeb964d58b443c6d612b77531de1d?s=96&d=mm&r=g\",\"caption\":\"Gregory Quintana Montiel\"},\"description\":\"Licenciatura en Ciencias de la Comunicaci\u00f3n Social, egresado en la Especializaci\u00f3n Derecho Ambiental Desarrollo Sostenible y Sustentable, Miembro de la Comunidad de profesionales y experto para Latinoam\u00e9rica y el Caribe en Gesti\u00f3n por Resultado en el Desarrollo (COPLAC - GpRD) del Banco Interamericano de Desarrollo, experiencia en medios radiales y escritos.\",\"sameAs\":[\"https:\/\/x.com\/gdgregori1\",\"gquintana\"],\"url\":\"https:\/\/noti-america.com\/site\/ecuador\/author\/gquintana\/\"}]}<\/script>\n<!-- \/ Yoast SEO Premium plugin. -->","yoast_head_json":{"title":"Asamblea Nacional declara que no procede el pedido de jueza de la Corte Nacional de Justicia para enjuiciamiento penal de Rafael Correa - Ecuador | Noti-America.com","robots":{"index":"index","follow":"follow","max-snippet":"max-snippet:-1","max-image-preview":"max-image-preview:large","max-video-preview":"max-video-preview:-1"},"canonical":"https:\/\/noti-america.com\/site\/ecuador\/2018\/06\/14\/asamblea-nacional-declara-que-no-procede-el-pedido-de-jueza-de-la-corte-nacional-de-justicia-para-enjuiciamiento-penal-de-rafael-correa\/","og_locale":"es_ES","og_type":"article","og_title":"Asamblea Nacional declara que no procede el pedido de jueza de la Corte Nacional de Justicia para enjuiciamiento penal de Rafael Correa","og_description":"REDACCI\u00d3N NOTI-AM\u00c9RICA (ECUADOR) El pleno de la Asamblea declar\u00f3 improcedente el pedido de la jueza Daniela Camacho de que se autorice el juicio penal al exmandatario Rafael Correa, en el caso Balda.\u00a0Con 83 votos&#46;&#46;&#46;","og_url":"https:\/\/noti-america.com\/site\/ecuador\/2018\/06\/14\/asamblea-nacional-declara-que-no-procede-el-pedido-de-jueza-de-la-corte-nacional-de-justicia-para-enjuiciamiento-penal-de-rafael-correa\/","og_site_name":"Ecuador | Noti-America.com","article_published_time":"2018-06-14T23:01:32+00:00","og_image":[{"width":420,"height":280,"url":"https:\/\/noti-america.com\/site\/ecuador\/wp-content\/uploads\/sites\/18\/2018\/06\/FOTO-DE-LA-ASAMBLEA-NACIONAL-PEDIDO-DE-JUICIO-A-RAFAEL-CORREA.jpg","type":"image\/jpeg"}],"author":"Gregory Quintana Montiel","twitter_card":"summary_large_image","twitter_creator":"@gdgregori1","twitter_site":"@notiamerica","twitter_misc":{"Escrito por":"Gregory Quintana Montiel","Tiempo estimado de lectura":"2 minutos"},"schema":{"@context":"https:\/\/schema.org","@graph":[{"@type":"Article","@id":"https:\/\/noti-america.com\/site\/ecuador\/2018\/06\/14\/asamblea-nacional-declara-que-no-procede-el-pedido-de-jueza-de-la-corte-nacional-de-justicia-para-enjuiciamiento-penal-de-rafael-correa\/#article","isPartOf":{"@id":"https:\/\/noti-america.com\/site\/ecuador\/2018\/06\/14\/asamblea-nacional-declara-que-no-procede-el-pedido-de-jueza-de-la-corte-nacional-de-justicia-para-enjuiciamiento-penal-de-rafael-correa\/"},"author":{"name":"Gregory Quintana Montiel","@id":"https:\/\/noti-america.com\/site\/ecuador\/#\/schema\/person\/3b975e42f15abfe64bfe3abdd916efda"},"headline":"Asamblea Nacional declara que no procede el pedido de jueza de la Corte Nacional de Justicia para enjuiciamiento penal de Rafael Correa","datePublished":"2018-06-14T23:01:32+00:00","mainEntityOfPage":{"@id":"https:\/\/noti-america.com\/site\/ecuador\/2018\/06\/14\/asamblea-nacional-declara-que-no-procede-el-pedido-de-jueza-de-la-corte-nacional-de-justicia-para-enjuiciamiento-penal-de-rafael-correa\/"},"wordCount":378,"commentCount":0,"publisher":{"@id":"https:\/\/noti-america.com\/site\/ecuador\/#organization"},"image":{"@id":"https:\/\/noti-america.com\/site\/ecuador\/2018\/06\/14\/asamblea-nacional-declara-que-no-procede-el-pedido-de-jueza-de-la-corte-nacional-de-justicia-para-enjuiciamiento-penal-de-rafael-correa\/#primaryimage"},"thumbnailUrl":"https:\/\/noti-america.com\/site\/ecuador\/wp-content\/uploads\/sites\/18\/2018\/06\/FOTO-DE-LA-ASAMBLEA-NACIONAL-PEDIDO-DE-JUICIO-A-RAFAEL-CORREA.jpg","articleSection":["Uncategorized"],"inLanguage":"es","potentialAction":[{"@type":"CommentAction","name":"Comment","target":["https:\/\/noti-america.com\/site\/ecuador\/2018\/06\/14\/asamblea-nacional-declara-que-no-procede-el-pedido-de-jueza-de-la-corte-nacional-de-justicia-para-enjuiciamiento-penal-de-rafael-correa\/#respond"]}]},{"@type":"WebPage","@id":"https:\/\/noti-america.com\/site\/ecuador\/2018\/06\/14\/asamblea-nacional-declara-que-no-procede-el-pedido-de-jueza-de-la-corte-nacional-de-justicia-para-enjuiciamiento-penal-de-rafael-correa\/","url":"https:\/\/noti-america.com\/site\/ecuador\/2018\/06\/14\/asamblea-nacional-declara-que-no-procede-el-pedido-de-jueza-de-la-corte-nacional-de-justicia-para-enjuiciamiento-penal-de-rafael-correa\/","name":"Asamblea Nacional declara que no procede el pedido de jueza de la Corte Nacional de Justicia para enjuiciamiento penal de Rafael Correa - Ecuador | Noti-America.com","isPartOf":{"@id":"https:\/\/noti-america.com\/site\/ecuador\/#website"},"primaryImageOfPage":{"@id":"https:\/\/noti-america.com\/site\/ecuador\/2018\/06\/14\/asamblea-nacional-declara-que-no-procede-el-pedido-de-jueza-de-la-corte-nacional-de-justicia-para-enjuiciamiento-penal-de-rafael-correa\/#primaryimage"},"image":{"@id":"https:\/\/noti-america.com\/site\/ecuador\/2018\/06\/14\/asamblea-nacional-declara-que-no-procede-el-pedido-de-jueza-de-la-corte-nacional-de-justicia-para-enjuiciamiento-penal-de-rafael-correa\/#primaryimage"},"thumbnailUrl":"https:\/\/noti-america.com\/site\/ecuador\/wp-content\/uploads\/sites\/18\/2018\/06\/FOTO-DE-LA-ASAMBLEA-NACIONAL-PEDIDO-DE-JUICIO-A-RAFAEL-CORREA.jpg","datePublished":"2018-06-14T23:01:32+00:00","breadcrumb":{"@id":"https:\/\/noti-america.com\/site\/ecuador\/2018\/06\/14\/asamblea-nacional-declara-que-no-procede-el-pedido-de-jueza-de-la-corte-nacional-de-justicia-para-enjuiciamiento-penal-de-rafael-correa\/#breadcrumb"},"inLanguage":"es","potentialAction":[{"@type":"ReadAction","target":["https:\/\/noti-america.com\/site\/ecuador\/2018\/06\/14\/asamblea-nacional-declara-que-no-procede-el-pedido-de-jueza-de-la-corte-nacional-de-justicia-para-enjuiciamiento-penal-de-rafael-correa\/"]}]},{"@type":"ImageObject","inLanguage":"es","@id":"https:\/\/noti-america.com\/site\/ecuador\/2018\/06\/14\/asamblea-nacional-declara-que-no-procede-el-pedido-de-jueza-de-la-corte-nacional-de-justicia-para-enjuiciamiento-penal-de-rafael-correa\/#primaryimage","url":"https:\/\/noti-america.com\/site\/ecuador\/wp-content\/uploads\/sites\/18\/2018\/06\/FOTO-DE-LA-ASAMBLEA-NACIONAL-PEDIDO-DE-JUICIO-A-RAFAEL-CORREA.jpg","contentUrl":"https:\/\/noti-america.com\/site\/ecuador\/wp-content\/uploads\/sites\/18\/2018\/06\/FOTO-DE-LA-ASAMBLEA-NACIONAL-PEDIDO-DE-JUICIO-A-RAFAEL-CORREA.jpg","width":420,"height":280,"caption":"La Asamblea Nacional, como entidad de Derecho P\u00fablico, solo puede hacer lo que la Constituci\u00f3n y la ley establecen de manera taxativa conforme a lo dispuesto en el art\u00edculo 226 de la Constituci\u00f3n de la Rep\u00fablica."},{"@type":"BreadcrumbList","@id":"https:\/\/noti-america.com\/site\/ecuador\/2018\/06\/14\/asamblea-nacional-declara-que-no-procede-el-pedido-de-jueza-de-la-corte-nacional-de-justicia-para-enjuiciamiento-penal-de-rafael-correa\/#breadcrumb","itemListElement":[{"@type":"ListItem","position":1,"name":"Portada","item":"https:\/\/noti-america.com\/site\/ecuador\/"},{"@type":"ListItem","position":2,"name":"Asamblea Nacional declara que no procede el pedido de jueza de la Corte Nacional de Justicia para enjuiciamiento penal de Rafael Correa"}]},{"@type":"WebSite","@id":"https:\/\/noti-america.com\/site\/ecuador\/#website","url":"https:\/\/noti-america.com\/site\/ecuador\/","name":"Ecuador | Noti-America.com","description":"","publisher":{"@id":"https:\/\/noti-america.com\/site\/ecuador\/#organization"},"potentialAction":[{"@type":"SearchAction","target":{"@type":"EntryPoint","urlTemplate":"https:\/\/noti-america.com\/site\/ecuador\/?s={search_term_string}"},"query-input":{"@type":"PropertyValueSpecification","valueRequired":true,"valueName":"search_term_string"}}],"inLanguage":"es"},{"@type":"Organization","@id":"https:\/\/noti-america.com\/site\/ecuador\/#organization","name":"Noti-America LLC | Ecuador","url":"https:\/\/noti-america.com\/site\/ecuador\/","logo":{"@type":"ImageObject","inLanguage":"es","@id":"https:\/\/noti-america.com\/site\/ecuador\/#\/schema\/logo\/image\/","url":"https:\/\/noti-america.com\/site\/ecuador\/wp-content\/uploads\/sites\/18\/2020\/07\/LogoNA-4x3-1.jpg","contentUrl":"https:\/\/noti-america.com\/site\/ecuador\/wp-content\/uploads\/sites\/18\/2020\/07\/LogoNA-4x3-1.jpg","width":1236,"height":1080,"caption":"Noti-America LLC | Ecuador"},"image":{"@id":"https:\/\/noti-america.com\/site\/ecuador\/#\/schema\/logo\/image\/"},"sameAs":["https:\/\/x.com\/notiamerica"]},{"@type":"Person","@id":"https:\/\/noti-america.com\/site\/ecuador\/#\/schema\/person\/3b975e42f15abfe64bfe3abdd916efda","name":"Gregory Quintana Montiel","image":{"@type":"ImageObject","inLanguage":"es","@id":"https:\/\/secure.gravatar.com\/avatar\/2d6b802f7720c2ec7744dcbe608cc2f3417aeb964d58b443c6d612b77531de1d?s=96&d=mm&r=g","url":"https:\/\/secure.gravatar.com\/avatar\/2d6b802f7720c2ec7744dcbe608cc2f3417aeb964d58b443c6d612b77531de1d?s=96&d=mm&r=g","contentUrl":"https:\/\/secure.gravatar.com\/avatar\/2d6b802f7720c2ec7744dcbe608cc2f3417aeb964d58b443c6d612b77531de1d?s=96&d=mm&r=g","caption":"Gregory Quintana Montiel"},"description":"Licenciatura en Ciencias de la Comunicaci\u00f3n Social, egresado en la Especializaci\u00f3n Derecho Ambiental Desarrollo Sostenible y Sustentable, Miembro de la Comunidad de profesionales y experto para Latinoam\u00e9rica y el Caribe en Gesti\u00f3n por Resultado en el Desarrollo (COPLAC - GpRD) del Banco Interamericano de Desarrollo, experiencia en medios radiales y escritos.","sameAs":["https:\/\/x.com\/gdgregori1","gquintana"],"url":"https:\/\/noti-america.com\/site\/ecuador\/author\/gquintana\/"}]}},"_links":{"self":[{"href":"https:\/\/noti-america.com\/site\/ecuador\/wp-json\/wp\/v2\/posts\/1043","targetHints":{"allow":["GET"]}}],"collection":[{"href":"https:\/\/noti-america.com\/site\/ecuador\/wp-json\/wp\/v2\/posts"}],"about":[{"href":"https:\/\/noti-america.com\/site\/ecuador\/wp-json\/wp\/v2\/types\/post"}],"author":[{"embeddable":true,"href":"https:\/\/noti-america.com\/site\/ecuador\/wp-json\/wp\/v2\/users\/17"}],"replies":[{"embeddable":true,"href":"https:\/\/noti-america.com\/site\/ecuador\/wp-json\/wp\/v2\/comments?post=1043"}],"version-history":[{"count":1,"href":"https:\/\/noti-america.com\/site\/ecuador\/wp-json\/wp\/v2\/posts\/1043\/revisions"}],"predecessor-version":[{"id":1047,"href":"https:\/\/noti-america.com\/site\/ecuador\/wp-json\/wp\/v2\/posts\/1043\/revisions\/1047"}],"wp:featuredmedia":[{"embeddable":true,"href":"https:\/\/noti-america.com\/site\/ecuador\/wp-json\/wp\/v2\/media\/1046"}],"wp:attachment":[{"href":"https:\/\/noti-america.com\/site\/ecuador\/wp-json\/wp\/v2\/media?parent=1043"}],"wp:term":[{"taxonomy":"category","embeddable":true,"href":"https:\/\/noti-america.com\/site\/ecuador\/wp-json\/wp\/v2\/categories?post=1043"},{"taxonomy":"post_tag","embeddable":true,"href":"https:\/\/noti-america.com\/site\/ecuador\/wp-json\/wp\/v2\/tags?post=1043"}],"curies":[{"name":"wp","href":"https:\/\/api.w.org\/{rel}","templated":true}]}}