{"id":10347,"date":"2020-09-01T03:36:59","date_gmt":"2020-09-01T03:36:59","guid":{"rendered":"https:\/\/noti-america.com\/site\/ecuador\/?p=10347"},"modified":"2020-09-01T03:36:59","modified_gmt":"2020-09-01T03:36:59","slug":"ecuador-oea-auspicia-paginas-web-para-las-mypimes","status":"publish","type":"post","link":"https:\/\/noti-america.com\/site\/ecuador\/2020\/09\/01\/ecuador-oea-auspicia-paginas-web-para-las-mypimes\/","title":{"rendered":"Ecuador: OEA auspicia paginas web para las Mypimes"},"content":{"rendered":"<p>REDACCI\u00d3N NOTI AM\u00c9RICA (ECUADOR)<\/p>\n<div style=\"width: 1290px\" class=\"wp-caption aligncenter\"><img loading=\"lazy\" decoding=\"async\" src=\"https:\/\/www.turismo.gob.ec\/wp-content\/uploads\/2020\/08\/WhatsApp-Image-2020-08-31-at-1.51.05-PM.jpeg\" alt=\"\" width=\"1280\" height=\"570\" \/><p class=\"wp-caption-text\">Capacitaci\u00f3n a las Mypime<\/p><\/div>\n<p style=\"text-align: justify\">Este lunes iniciaron las capacitaciones virtuales del Plan de Digitalizaci\u00f3n para las Medianas, Peque\u00f1as y Microempresas (Mypimes), iniciativa que impulsa el Gobierno Nacional \u2013a trav\u00e9s del Ministerio de Turismo\u2013 con el apoyo de la Organizaci\u00f3n de Estados Americanos (OEA).<\/p>\n<p style=\"text-align: justify\">Las capacitaciones ser\u00e1n durante el mes de septiembre mediante Facebook Live de los ministerios de Turismo, Producci\u00f3n y Agricultura. Tambi\u00e9n, en los portales de los Gobiernos Aut\u00f3nomos Descentralizados (GAD) de Guayas, Quito, Cuenta, Ambato, Manta, Santo Domingo de los Ts\u00e1chilas, Ibarra y La Libertad. Asimismo, a las transmisiones se sumar\u00e1n las p\u00e1ginas de algunos gremios tur\u00edsticos y sectores productivos del pa\u00eds.<\/p>\n<p style=\"text-align: justify\">Los temas que se prev\u00e9n tratar son:<\/p>\n<p style=\"text-align: justify\"><u>Semana 1<\/u>: Las dos primeras fases del ciclo de vida del cliente.<\/p>\n<p style=\"text-align: justify\"><u>Semana 2<\/u>: Retenci\u00f3n como fase clave del \u00e9xito digital de las empresas<\/p>\n<p style=\"text-align: justify\"><u>Semana 3<\/u>: Se prepara a las empresas para afrontar con \u00e9xito la campa\u00f1a de Navidad\/Fin de a\u00f1o y que comienza a finales de septiembre<\/p>\n<p style=\"text-align: justify\">El evento inaugural de la etapa de capacitaciones cont\u00f3 con la participaci\u00f3n de la ministra de Turismo, Rosi Prado de Holgu\u00edn, quien asegur\u00f3:\u00a0<em>\u201cHoy m\u00e1s que nunca se vuelve esencial impulsar a los emprendimientos locales que necesitan ofrecer sus productos y servicios en una vitrina de alcance mundial\u201d<\/em>.<\/p>\n<p style=\"text-align: justify\">En esa l\u00ednea, Matilde Mordt, representante residente del Programa de las Naciones Unidas para el Desarrollo (PNUD), coment\u00f3 que el Plan de Digitalizaci\u00f3n resulta estrat\u00e9gico para reducir las brechas digitales de Mypimes, acerc\u00e1ndolas a nuevas oportunidades de mercado.<\/p>\n<p style=\"text-align: justify\">De su lado, el alcalde de Quito, Jorge Yunda, aplaudi\u00f3 la iniciativa, resaltando que es necesario hacer un cambio sustancial de conectividad y automatizaci\u00f3n para prepararnos para la nueva normalidad. Mientras, Andr\u00e9 Obiol, presidente de la Federaci\u00f3n Hotelera del Ecuador (Ahotec), hizo un llamado a todas las empresas -en particular las del sector tur\u00edstico- para que se sumen a estas capacitaciones y generen herramientas digitales propias que permitan la gesti\u00f3n de sus negocios, abaratando costos a trav\u00e9s del comercio electr\u00f3nico.<\/p>\n<p style=\"text-align: justify\">La inauguraci\u00f3n cont\u00f3 adem\u00e1s con la asistencia de otras autoridades locales y gremiales como la alcaldesa de Ibarra, Andrea Scacco; Pedro Palacios, alcalde de Cuenca; y Ra\u00fal Garc\u00eda, presidente de la C\u00e1mara de Turismo de Pichincha (Captur).<\/p>\n<p style=\"text-align: justify\">En el transcurso de la transmisi\u00f3n, Daniel S\u00e1nchez Mola \u2013parte ejecutora de la OEA en el tema de la digitalizaci\u00f3n\u2013 se refiri\u00f3 a los beneficios del plan y explic\u00f3 c\u00f3mo hacer una p\u00e1gina web con comercio electr\u00f3nico integrado, tomando en cuenta las necesidades de especializaci\u00f3n en un nicho de mercado. Todo ello con el objetivo de que la mayor cantidad de visitantes de un portal, se conviertan en clientes.<\/p>\n","protected":false},"excerpt":{"rendered":"<p>REDACCI\u00d3N NOTI AM\u00c9RICA (ECUADOR) Este lunes iniciaron las capacitaciones virtuales del Plan de Digitalizaci\u00f3n para las Medianas, Peque\u00f1as y Microempresas (Mypimes), iniciativa que impulsa el Gobierno Nacional \u2013a trav\u00e9s del Ministerio de Turismo\u2013 con&#46;&#46;&#46;<\/p>\n","protected":false},"author":17,"featured_media":10348,"comment_status":"open","ping_status":"open","sticky":false,"template":"","format":"standard","meta":{"_acf_changed":false,"om_disable_all_campaigns":false,"rop_custom_images_group":[],"rop_custom_messages_group":[],"rop_publish_now":"initial","rop_publish_now_accounts":{"twitter_242054905_242054905":""},"rop_publish_now_history":[],"rop_publish_now_status":"pending","_uf_show_specific_survey":0,"_uf_disable_surveys":false,"footnotes":""},"categories":[42],"tags":[],"class_list":["post-10347","post","type-post","status-publish","format-standard","has-post-thumbnail","hentry","category-noticias"],"acf":[],"aioseo_notices":[],"yoast_head":"<!-- This site is optimized with the Yoast SEO Premium plugin v24.9 (Yoast SEO v27.2) - https:\/\/yoast.com\/product\/yoast-seo-premium-wordpress\/ -->\n<title>Ecuador: OEA auspicia paginas web para las Mypimes - Ecuador | Noti-America.com<\/title>\n<meta name=\"robots\" content=\"index, follow, max-snippet:-1, max-image-preview:large, max-video-preview:-1\" \/>\n<link rel=\"canonical\" href=\"https:\/\/noti-america.com\/site\/ecuador\/2020\/09\/01\/ecuador-oea-auspicia-paginas-web-para-las-mypimes\/\" \/>\n<meta property=\"og:locale\" content=\"es_ES\" \/>\n<meta property=\"og:type\" content=\"article\" \/>\n<meta property=\"og:title\" content=\"Ecuador: OEA auspicia paginas web para las Mypimes\" \/>\n<meta property=\"og:description\" content=\"REDACCI\u00d3N NOTI AM\u00c9RICA (ECUADOR) Este lunes iniciaron las capacitaciones virtuales del Plan de Digitalizaci\u00f3n para las Medianas, Peque\u00f1as y Microempresas (Mypimes), iniciativa que impulsa el Gobierno Nacional \u2013a trav\u00e9s del Ministerio de Turismo\u2013 con&#046;&#046;&#046;\" \/>\n<meta property=\"og:url\" content=\"https:\/\/noti-america.com\/site\/ecuador\/2020\/09\/01\/ecuador-oea-auspicia-paginas-web-para-las-mypimes\/\" \/>\n<meta property=\"og:site_name\" content=\"Ecuador | Noti-America.com\" \/>\n<meta property=\"article:published_time\" content=\"2020-09-01T03:36:59+00:00\" \/>\n<meta property=\"og:image\" content=\"https:\/\/noti-america.com\/site\/ecuador\/wp-content\/uploads\/sites\/18\/2020\/09\/Inicia-plan-de-capacitacion-digital-a-las-Mypimes.jpeg\" \/>\n\t<meta property=\"og:image:width\" content=\"1280\" \/>\n\t<meta property=\"og:image:height\" content=\"570\" \/>\n\t<meta property=\"og:image:type\" content=\"image\/jpeg\" \/>\n<meta name=\"author\" content=\"Gregory Quintana Montiel\" \/>\n<meta name=\"twitter:card\" content=\"summary_large_image\" \/>\n<meta name=\"twitter:creator\" content=\"@gdgregori1\" \/>\n<meta name=\"twitter:site\" content=\"@notiamerica\" \/>\n<meta name=\"twitter:label1\" content=\"Escrito por\" \/>\n\t<meta name=\"twitter:data1\" content=\"Gregory Quintana Montiel\" \/>\n\t<meta name=\"twitter:label2\" content=\"Tiempo estimado de lectura\" \/>\n\t<meta name=\"twitter:data2\" content=\"2 minutos\" \/>\n<script type=\"application\/ld+json\" class=\"yoast-schema-graph\">{\"@context\":\"https:\/\/schema.org\",\"@graph\":[{\"@type\":\"Article\",\"@id\":\"https:\/\/noti-america.com\/site\/ecuador\/2020\/09\/01\/ecuador-oea-auspicia-paginas-web-para-las-mypimes\/#article\",\"isPartOf\":{\"@id\":\"https:\/\/noti-america.com\/site\/ecuador\/2020\/09\/01\/ecuador-oea-auspicia-paginas-web-para-las-mypimes\/\"},\"author\":{\"name\":\"Gregory Quintana Montiel\",\"@id\":\"https:\/\/noti-america.com\/site\/ecuador\/#\/schema\/person\/3b975e42f15abfe64bfe3abdd916efda\"},\"headline\":\"Ecuador: OEA auspicia paginas web para las Mypimes\",\"datePublished\":\"2020-09-01T03:36:59+00:00\",\"mainEntityOfPage\":{\"@id\":\"https:\/\/noti-america.com\/site\/ecuador\/2020\/09\/01\/ecuador-oea-auspicia-paginas-web-para-las-mypimes\/\"},\"wordCount\":492,\"commentCount\":0,\"publisher\":{\"@id\":\"https:\/\/noti-america.com\/site\/ecuador\/#organization\"},\"image\":{\"@id\":\"https:\/\/noti-america.com\/site\/ecuador\/2020\/09\/01\/ecuador-oea-auspicia-paginas-web-para-las-mypimes\/#primaryimage\"},\"thumbnailUrl\":\"https:\/\/noti-america.com\/site\/ecuador\/wp-content\/uploads\/sites\/18\/2020\/09\/Inicia-plan-de-capacitacion-digital-a-las-Mypimes.jpeg\",\"articleSection\":[\"Noticias\"],\"inLanguage\":\"es\",\"potentialAction\":[{\"@type\":\"CommentAction\",\"name\":\"Comment\",\"target\":[\"https:\/\/noti-america.com\/site\/ecuador\/2020\/09\/01\/ecuador-oea-auspicia-paginas-web-para-las-mypimes\/#respond\"]}]},{\"@type\":\"WebPage\",\"@id\":\"https:\/\/noti-america.com\/site\/ecuador\/2020\/09\/01\/ecuador-oea-auspicia-paginas-web-para-las-mypimes\/\",\"url\":\"https:\/\/noti-america.com\/site\/ecuador\/2020\/09\/01\/ecuador-oea-auspicia-paginas-web-para-las-mypimes\/\",\"name\":\"Ecuador: OEA auspicia paginas web para las Mypimes - Ecuador | Noti-America.com\",\"isPartOf\":{\"@id\":\"https:\/\/noti-america.com\/site\/ecuador\/#website\"},\"primaryImageOfPage\":{\"@id\":\"https:\/\/noti-america.com\/site\/ecuador\/2020\/09\/01\/ecuador-oea-auspicia-paginas-web-para-las-mypimes\/#primaryimage\"},\"image\":{\"@id\":\"https:\/\/noti-america.com\/site\/ecuador\/2020\/09\/01\/ecuador-oea-auspicia-paginas-web-para-las-mypimes\/#primaryimage\"},\"thumbnailUrl\":\"https:\/\/noti-america.com\/site\/ecuador\/wp-content\/uploads\/sites\/18\/2020\/09\/Inicia-plan-de-capacitacion-digital-a-las-Mypimes.jpeg\",\"datePublished\":\"2020-09-01T03:36:59+00:00\",\"breadcrumb\":{\"@id\":\"https:\/\/noti-america.com\/site\/ecuador\/2020\/09\/01\/ecuador-oea-auspicia-paginas-web-para-las-mypimes\/#breadcrumb\"},\"inLanguage\":\"es\",\"potentialAction\":[{\"@type\":\"ReadAction\",\"target\":[\"https:\/\/noti-america.com\/site\/ecuador\/2020\/09\/01\/ecuador-oea-auspicia-paginas-web-para-las-mypimes\/\"]}]},{\"@type\":\"ImageObject\",\"inLanguage\":\"es\",\"@id\":\"https:\/\/noti-america.com\/site\/ecuador\/2020\/09\/01\/ecuador-oea-auspicia-paginas-web-para-las-mypimes\/#primaryimage\",\"url\":\"https:\/\/noti-america.com\/site\/ecuador\/wp-content\/uploads\/sites\/18\/2020\/09\/Inicia-plan-de-capacitacion-digital-a-las-Mypimes.jpeg\",\"contentUrl\":\"https:\/\/noti-america.com\/site\/ecuador\/wp-content\/uploads\/sites\/18\/2020\/09\/Inicia-plan-de-capacitacion-digital-a-las-Mypimes.jpeg\",\"width\":1280,\"height\":570},{\"@type\":\"BreadcrumbList\",\"@id\":\"https:\/\/noti-america.com\/site\/ecuador\/2020\/09\/01\/ecuador-oea-auspicia-paginas-web-para-las-mypimes\/#breadcrumb\",\"itemListElement\":[{\"@type\":\"ListItem\",\"position\":1,\"name\":\"Portada\",\"item\":\"https:\/\/noti-america.com\/site\/ecuador\/\"},{\"@type\":\"ListItem\",\"position\":2,\"name\":\"Ecuador: OEA auspicia paginas web para las Mypimes\"}]},{\"@type\":\"WebSite\",\"@id\":\"https:\/\/noti-america.com\/site\/ecuador\/#website\",\"url\":\"https:\/\/noti-america.com\/site\/ecuador\/\",\"name\":\"Ecuador | Noti-America.com\",\"description\":\"\",\"publisher\":{\"@id\":\"https:\/\/noti-america.com\/site\/ecuador\/#organization\"},\"potentialAction\":[{\"@type\":\"SearchAction\",\"target\":{\"@type\":\"EntryPoint\",\"urlTemplate\":\"https:\/\/noti-america.com\/site\/ecuador\/?s={search_term_string}\"},\"query-input\":{\"@type\":\"PropertyValueSpecification\",\"valueRequired\":true,\"valueName\":\"search_term_string\"}}],\"inLanguage\":\"es\"},{\"@type\":\"Organization\",\"@id\":\"https:\/\/noti-america.com\/site\/ecuador\/#organization\",\"name\":\"Noti-America LLC | Ecuador\",\"url\":\"https:\/\/noti-america.com\/site\/ecuador\/\",\"logo\":{\"@type\":\"ImageObject\",\"inLanguage\":\"es\",\"@id\":\"https:\/\/noti-america.com\/site\/ecuador\/#\/schema\/logo\/image\/\",\"url\":\"https:\/\/noti-america.com\/site\/ecuador\/wp-content\/uploads\/sites\/18\/2020\/07\/LogoNA-4x3-1.jpg\",\"contentUrl\":\"https:\/\/noti-america.com\/site\/ecuador\/wp-content\/uploads\/sites\/18\/2020\/07\/LogoNA-4x3-1.jpg\",\"width\":1236,\"height\":1080,\"caption\":\"Noti-America LLC | Ecuador\"},\"image\":{\"@id\":\"https:\/\/noti-america.com\/site\/ecuador\/#\/schema\/logo\/image\/\"},\"sameAs\":[\"https:\/\/x.com\/notiamerica\"]},{\"@type\":\"Person\",\"@id\":\"https:\/\/noti-america.com\/site\/ecuador\/#\/schema\/person\/3b975e42f15abfe64bfe3abdd916efda\",\"name\":\"Gregory Quintana Montiel\",\"image\":{\"@type\":\"ImageObject\",\"inLanguage\":\"es\",\"@id\":\"https:\/\/secure.gravatar.com\/avatar\/2d6b802f7720c2ec7744dcbe608cc2f3417aeb964d58b443c6d612b77531de1d?s=96&d=mm&r=g\",\"url\":\"https:\/\/secure.gravatar.com\/avatar\/2d6b802f7720c2ec7744dcbe608cc2f3417aeb964d58b443c6d612b77531de1d?s=96&d=mm&r=g\",\"contentUrl\":\"https:\/\/secure.gravatar.com\/avatar\/2d6b802f7720c2ec7744dcbe608cc2f3417aeb964d58b443c6d612b77531de1d?s=96&d=mm&r=g\",\"caption\":\"Gregory Quintana Montiel\"},\"description\":\"Licenciatura en Ciencias de la Comunicaci\u00f3n Social, egresado en la Especializaci\u00f3n Derecho Ambiental Desarrollo Sostenible y Sustentable, Miembro de la Comunidad de profesionales y experto para Latinoam\u00e9rica y el Caribe en Gesti\u00f3n por Resultado en el Desarrollo (COPLAC - GpRD) del Banco Interamericano de Desarrollo, experiencia en medios radiales y escritos.\",\"sameAs\":[\"https:\/\/x.com\/gdgregori1\",\"gquintana\"],\"url\":\"https:\/\/noti-america.com\/site\/ecuador\/author\/gquintana\/\"}]}<\/script>\n<!-- \/ Yoast SEO Premium plugin. -->","yoast_head_json":{"title":"Ecuador: OEA auspicia paginas web para las Mypimes - Ecuador | Noti-America.com","robots":{"index":"index","follow":"follow","max-snippet":"max-snippet:-1","max-image-preview":"max-image-preview:large","max-video-preview":"max-video-preview:-1"},"canonical":"https:\/\/noti-america.com\/site\/ecuador\/2020\/09\/01\/ecuador-oea-auspicia-paginas-web-para-las-mypimes\/","og_locale":"es_ES","og_type":"article","og_title":"Ecuador: OEA auspicia paginas web para las Mypimes","og_description":"REDACCI\u00d3N NOTI AM\u00c9RICA (ECUADOR) Este lunes iniciaron las capacitaciones virtuales del Plan de Digitalizaci\u00f3n para las Medianas, Peque\u00f1as y Microempresas (Mypimes), iniciativa que impulsa el Gobierno Nacional \u2013a trav\u00e9s del Ministerio de Turismo\u2013 con&#46;&#46;&#46;","og_url":"https:\/\/noti-america.com\/site\/ecuador\/2020\/09\/01\/ecuador-oea-auspicia-paginas-web-para-las-mypimes\/","og_site_name":"Ecuador | Noti-America.com","article_published_time":"2020-09-01T03:36:59+00:00","og_image":[{"width":1280,"height":570,"url":"https:\/\/noti-america.com\/site\/ecuador\/wp-content\/uploads\/sites\/18\/2020\/09\/Inicia-plan-de-capacitacion-digital-a-las-Mypimes.jpeg","type":"image\/jpeg"}],"author":"Gregory Quintana Montiel","twitter_card":"summary_large_image","twitter_creator":"@gdgregori1","twitter_site":"@notiamerica","twitter_misc":{"Escrito por":"Gregory Quintana Montiel","Tiempo estimado de lectura":"2 minutos"},"schema":{"@context":"https:\/\/schema.org","@graph":[{"@type":"Article","@id":"https:\/\/noti-america.com\/site\/ecuador\/2020\/09\/01\/ecuador-oea-auspicia-paginas-web-para-las-mypimes\/#article","isPartOf":{"@id":"https:\/\/noti-america.com\/site\/ecuador\/2020\/09\/01\/ecuador-oea-auspicia-paginas-web-para-las-mypimes\/"},"author":{"name":"Gregory Quintana Montiel","@id":"https:\/\/noti-america.com\/site\/ecuador\/#\/schema\/person\/3b975e42f15abfe64bfe3abdd916efda"},"headline":"Ecuador: OEA auspicia paginas web para las Mypimes","datePublished":"2020-09-01T03:36:59+00:00","mainEntityOfPage":{"@id":"https:\/\/noti-america.com\/site\/ecuador\/2020\/09\/01\/ecuador-oea-auspicia-paginas-web-para-las-mypimes\/"},"wordCount":492,"commentCount":0,"publisher":{"@id":"https:\/\/noti-america.com\/site\/ecuador\/#organization"},"image":{"@id":"https:\/\/noti-america.com\/site\/ecuador\/2020\/09\/01\/ecuador-oea-auspicia-paginas-web-para-las-mypimes\/#primaryimage"},"thumbnailUrl":"https:\/\/noti-america.com\/site\/ecuador\/wp-content\/uploads\/sites\/18\/2020\/09\/Inicia-plan-de-capacitacion-digital-a-las-Mypimes.jpeg","articleSection":["Noticias"],"inLanguage":"es","potentialAction":[{"@type":"CommentAction","name":"Comment","target":["https:\/\/noti-america.com\/site\/ecuador\/2020\/09\/01\/ecuador-oea-auspicia-paginas-web-para-las-mypimes\/#respond"]}]},{"@type":"WebPage","@id":"https:\/\/noti-america.com\/site\/ecuador\/2020\/09\/01\/ecuador-oea-auspicia-paginas-web-para-las-mypimes\/","url":"https:\/\/noti-america.com\/site\/ecuador\/2020\/09\/01\/ecuador-oea-auspicia-paginas-web-para-las-mypimes\/","name":"Ecuador: OEA auspicia paginas web para las Mypimes - Ecuador | Noti-America.com","isPartOf":{"@id":"https:\/\/noti-america.com\/site\/ecuador\/#website"},"primaryImageOfPage":{"@id":"https:\/\/noti-america.com\/site\/ecuador\/2020\/09\/01\/ecuador-oea-auspicia-paginas-web-para-las-mypimes\/#primaryimage"},"image":{"@id":"https:\/\/noti-america.com\/site\/ecuador\/2020\/09\/01\/ecuador-oea-auspicia-paginas-web-para-las-mypimes\/#primaryimage"},"thumbnailUrl":"https:\/\/noti-america.com\/site\/ecuador\/wp-content\/uploads\/sites\/18\/2020\/09\/Inicia-plan-de-capacitacion-digital-a-las-Mypimes.jpeg","datePublished":"2020-09-01T03:36:59+00:00","breadcrumb":{"@id":"https:\/\/noti-america.com\/site\/ecuador\/2020\/09\/01\/ecuador-oea-auspicia-paginas-web-para-las-mypimes\/#breadcrumb"},"inLanguage":"es","potentialAction":[{"@type":"ReadAction","target":["https:\/\/noti-america.com\/site\/ecuador\/2020\/09\/01\/ecuador-oea-auspicia-paginas-web-para-las-mypimes\/"]}]},{"@type":"ImageObject","inLanguage":"es","@id":"https:\/\/noti-america.com\/site\/ecuador\/2020\/09\/01\/ecuador-oea-auspicia-paginas-web-para-las-mypimes\/#primaryimage","url":"https:\/\/noti-america.com\/site\/ecuador\/wp-content\/uploads\/sites\/18\/2020\/09\/Inicia-plan-de-capacitacion-digital-a-las-Mypimes.jpeg","contentUrl":"https:\/\/noti-america.com\/site\/ecuador\/wp-content\/uploads\/sites\/18\/2020\/09\/Inicia-plan-de-capacitacion-digital-a-las-Mypimes.jpeg","width":1280,"height":570},{"@type":"BreadcrumbList","@id":"https:\/\/noti-america.com\/site\/ecuador\/2020\/09\/01\/ecuador-oea-auspicia-paginas-web-para-las-mypimes\/#breadcrumb","itemListElement":[{"@type":"ListItem","position":1,"name":"Portada","item":"https:\/\/noti-america.com\/site\/ecuador\/"},{"@type":"ListItem","position":2,"name":"Ecuador: OEA auspicia paginas web para las Mypimes"}]},{"@type":"WebSite","@id":"https:\/\/noti-america.com\/site\/ecuador\/#website","url":"https:\/\/noti-america.com\/site\/ecuador\/","name":"Ecuador | Noti-America.com","description":"","publisher":{"@id":"https:\/\/noti-america.com\/site\/ecuador\/#organization"},"potentialAction":[{"@type":"SearchAction","target":{"@type":"EntryPoint","urlTemplate":"https:\/\/noti-america.com\/site\/ecuador\/?s={search_term_string}"},"query-input":{"@type":"PropertyValueSpecification","valueRequired":true,"valueName":"search_term_string"}}],"inLanguage":"es"},{"@type":"Organization","@id":"https:\/\/noti-america.com\/site\/ecuador\/#organization","name":"Noti-America LLC | Ecuador","url":"https:\/\/noti-america.com\/site\/ecuador\/","logo":{"@type":"ImageObject","inLanguage":"es","@id":"https:\/\/noti-america.com\/site\/ecuador\/#\/schema\/logo\/image\/","url":"https:\/\/noti-america.com\/site\/ecuador\/wp-content\/uploads\/sites\/18\/2020\/07\/LogoNA-4x3-1.jpg","contentUrl":"https:\/\/noti-america.com\/site\/ecuador\/wp-content\/uploads\/sites\/18\/2020\/07\/LogoNA-4x3-1.jpg","width":1236,"height":1080,"caption":"Noti-America LLC | Ecuador"},"image":{"@id":"https:\/\/noti-america.com\/site\/ecuador\/#\/schema\/logo\/image\/"},"sameAs":["https:\/\/x.com\/notiamerica"]},{"@type":"Person","@id":"https:\/\/noti-america.com\/site\/ecuador\/#\/schema\/person\/3b975e42f15abfe64bfe3abdd916efda","name":"Gregory Quintana Montiel","image":{"@type":"ImageObject","inLanguage":"es","@id":"https:\/\/secure.gravatar.com\/avatar\/2d6b802f7720c2ec7744dcbe608cc2f3417aeb964d58b443c6d612b77531de1d?s=96&d=mm&r=g","url":"https:\/\/secure.gravatar.com\/avatar\/2d6b802f7720c2ec7744dcbe608cc2f3417aeb964d58b443c6d612b77531de1d?s=96&d=mm&r=g","contentUrl":"https:\/\/secure.gravatar.com\/avatar\/2d6b802f7720c2ec7744dcbe608cc2f3417aeb964d58b443c6d612b77531de1d?s=96&d=mm&r=g","caption":"Gregory Quintana Montiel"},"description":"Licenciatura en Ciencias de la Comunicaci\u00f3n Social, egresado en la Especializaci\u00f3n Derecho Ambiental Desarrollo Sostenible y Sustentable, Miembro de la Comunidad de profesionales y experto para Latinoam\u00e9rica y el Caribe en Gesti\u00f3n por Resultado en el Desarrollo (COPLAC - GpRD) del Banco Interamericano de Desarrollo, experiencia en medios radiales y escritos.","sameAs":["https:\/\/x.com\/gdgregori1","gquintana"],"url":"https:\/\/noti-america.com\/site\/ecuador\/author\/gquintana\/"}]}},"_links":{"self":[{"href":"https:\/\/noti-america.com\/site\/ecuador\/wp-json\/wp\/v2\/posts\/10347","targetHints":{"allow":["GET"]}}],"collection":[{"href":"https:\/\/noti-america.com\/site\/ecuador\/wp-json\/wp\/v2\/posts"}],"about":[{"href":"https:\/\/noti-america.com\/site\/ecuador\/wp-json\/wp\/v2\/types\/post"}],"author":[{"embeddable":true,"href":"https:\/\/noti-america.com\/site\/ecuador\/wp-json\/wp\/v2\/users\/17"}],"replies":[{"embeddable":true,"href":"https:\/\/noti-america.com\/site\/ecuador\/wp-json\/wp\/v2\/comments?post=10347"}],"version-history":[{"count":1,"href":"https:\/\/noti-america.com\/site\/ecuador\/wp-json\/wp\/v2\/posts\/10347\/revisions"}],"predecessor-version":[{"id":10349,"href":"https:\/\/noti-america.com\/site\/ecuador\/wp-json\/wp\/v2\/posts\/10347\/revisions\/10349"}],"wp:featuredmedia":[{"embeddable":true,"href":"https:\/\/noti-america.com\/site\/ecuador\/wp-json\/wp\/v2\/media\/10348"}],"wp:attachment":[{"href":"https:\/\/noti-america.com\/site\/ecuador\/wp-json\/wp\/v2\/media?parent=10347"}],"wp:term":[{"taxonomy":"category","embeddable":true,"href":"https:\/\/noti-america.com\/site\/ecuador\/wp-json\/wp\/v2\/categories?post=10347"},{"taxonomy":"post_tag","embeddable":true,"href":"https:\/\/noti-america.com\/site\/ecuador\/wp-json\/wp\/v2\/tags?post=10347"}],"curies":[{"name":"wp","href":"https:\/\/api.w.org\/{rel}","templated":true}]}}