{"id":10329,"date":"2020-08-30T18:27:43","date_gmt":"2020-08-30T18:27:43","guid":{"rendered":"https:\/\/noti-america.com\/site\/ecuador\/?p=10329"},"modified":"2020-08-30T18:27:43","modified_gmt":"2020-08-30T18:27:43","slug":"105-657-estudiantes-de-la-zona-7-inician-clases-el-1-de-septiembre","status":"publish","type":"post","link":"https:\/\/noti-america.com\/site\/ecuador\/2020\/08\/30\/105-657-estudiantes-de-la-zona-7-inician-clases-el-1-de-septiembre\/","title":{"rendered":"105.657 estudiantes de la Zona 7 inician clases el 1 de septiembre"},"content":{"rendered":"<p>REDACCI\u00d3N NOTI AM\u00c9RICA (ECUADOR)<\/p>\n<ul>\n<li>\n<h3><strong><em>Se proh\u00edbe la compra de \u00fatiles escolares y las matr\u00edculas extraordinarias o traslados empezar\u00e1n el 7 de septiembre<\/em><\/strong><\/h3>\n<\/li>\n<\/ul>\n<div style=\"width: 810px\" class=\"wp-caption aligncenter\"><img loading=\"lazy\" decoding=\"async\" src=\"https:\/\/educacion.gob.ec\/wp-content\/uploads\/2020\/08\/zona-7-nina-clases.png\" alt=\"\" width=\"800\" height=\"450\" \/><p class=\"wp-caption-text\">estudiantes de la Zona 7 inician clases<\/p><\/div>\n<p style=\"text-align: justify\">En los cantones Loja, Catamayo y Saraguro de la provincia de Loja, 74.208 estudiantes inician clases del r\u00e9gimen Sierra Amazon\u00eda, mientras que en la provincia de Zamora Chinchipe son 31.449 ni\u00f1os, ni\u00f1as, adolescentes y j\u00f3venes est\u00e1n listos para iniciar el a\u00f1o lectivo 2020 \u2013 2021 a partir del martes 1 de septiembre, de manera no presencial.<\/p>\n<p style=\"text-align: justify\">Magda Salazar Gonz\u00e1lez, coordinadora de Educaci\u00f3n Zona 7, dijo que contin\u00faa la aplicaci\u00f3n del Plan Educativo \u201cAprendemos Juntos en Casa\u201d, para dar continuidad al proceso de aprendizaje de los estudiantes.<\/p>\n<p style=\"text-align: justify\">En la Zona 7, hay 71.789 estudiantes en el sistema fiscal; 9.755 en el sistema particular; 22.889 en el sistema fiscomisional y 1.224 en el sistema municipal. En total, la poblaci\u00f3n estudiantil es de 105.657 estudiantes.<\/p>\n<p style=\"text-align: justify\">La Coordinadora inform\u00f3 que, con la finalidad de garantizar la educaci\u00f3n, el Ministerio abrir\u00e1 el proceso de matr\u00edcula extraordinaria, as\u00ed como los traslados desde el 7 de septiembre de 2020 hasta el 14 de enero de 2021, mediante la p\u00e1gina web\u00a0https:\/\/juntos.educacion.gob.ec\/<\/p>\n<p style=\"text-align: justify\">El periodo lectivo se desarrollar\u00e1 en dos quimestres; el primero desde el martes 1 de septiembre 2020 hasta el jueves 14 de enero de 2021, y el segundo iniciar\u00e1 el jueves 4 de febrero concluyendo el 30 de junio de 2021.<\/p>\n<p style=\"text-align: justify\">Magda Salazar destac\u00f3 que existe la prohibici\u00f3n de pedir a los padres de familia la compra de \u00fatiles escolares y uniformes. Para los textos escolares, en el sistema fiscal el Ministerio de Educaci\u00f3n se encargar\u00e1 de la entrega, mientras que las instituciones particulares pueden pedir la compra solamente de libros en materias priorizadas, incluido idioma extranjero. Si se presenta alguna irregularidad, se puede presentar la denuncia en el Distrito educativo.<\/p>\n","protected":false},"excerpt":{"rendered":"<p>REDACCI\u00d3N NOTI AM\u00c9RICA (ECUADOR) Se proh\u00edbe la compra de \u00fatiles escolares y las matr\u00edculas extraordinarias o traslados empezar\u00e1n el 7 de septiembre En los cantones Loja, Catamayo y Saraguro de la provincia de Loja,&#46;&#46;&#46;<\/p>\n","protected":false},"author":17,"featured_media":10330,"comment_status":"open","ping_status":"open","sticky":false,"template":"","format":"standard","meta":{"_acf_changed":false,"om_disable_all_campaigns":false,"rop_custom_images_group":[],"rop_custom_messages_group":[],"rop_publish_now":"initial","rop_publish_now_accounts":{"twitter_242054905_242054905":""},"rop_publish_now_history":[],"rop_publish_now_status":"pending","_uf_show_specific_survey":0,"_uf_disable_surveys":false,"footnotes":""},"categories":[103],"tags":[],"class_list":["post-10329","post","type-post","status-publish","format-standard","has-post-thumbnail","hentry","category-educacion"],"acf":[],"aioseo_notices":[],"yoast_head":"<!-- This site is optimized with the Yoast SEO Premium plugin v24.9 (Yoast SEO v27.2) - https:\/\/yoast.com\/product\/yoast-seo-premium-wordpress\/ -->\n<title>105.657 estudiantes de la Zona 7 inician clases el 1 de septiembre - Ecuador | Noti-America.com<\/title>\n<meta name=\"robots\" content=\"index, follow, max-snippet:-1, max-image-preview:large, max-video-preview:-1\" \/>\n<link rel=\"canonical\" href=\"https:\/\/noti-america.com\/site\/ecuador\/2020\/08\/30\/105-657-estudiantes-de-la-zona-7-inician-clases-el-1-de-septiembre\/\" \/>\n<meta property=\"og:locale\" content=\"es_ES\" \/>\n<meta property=\"og:type\" content=\"article\" \/>\n<meta property=\"og:title\" content=\"105.657 estudiantes de la Zona 7 inician clases el 1 de septiembre\" \/>\n<meta property=\"og:description\" content=\"REDACCI\u00d3N NOTI AM\u00c9RICA (ECUADOR) Se proh\u00edbe la compra de \u00fatiles escolares y las matr\u00edculas extraordinarias o traslados empezar\u00e1n el 7 de septiembre En los cantones Loja, Catamayo y Saraguro de la provincia de Loja,&#046;&#046;&#046;\" \/>\n<meta property=\"og:url\" content=\"https:\/\/noti-america.com\/site\/ecuador\/2020\/08\/30\/105-657-estudiantes-de-la-zona-7-inician-clases-el-1-de-septiembre\/\" \/>\n<meta property=\"og:site_name\" content=\"Ecuador | Noti-America.com\" \/>\n<meta property=\"article:published_time\" content=\"2020-08-30T18:27:43+00:00\" \/>\n<meta property=\"og:image\" content=\"https:\/\/noti-america.com\/site\/ecuador\/wp-content\/uploads\/sites\/18\/2020\/08\/zona-7-nina-clases.png\" \/>\n\t<meta property=\"og:image:width\" content=\"800\" \/>\n\t<meta property=\"og:image:height\" content=\"450\" \/>\n\t<meta property=\"og:image:type\" content=\"image\/png\" \/>\n<meta name=\"author\" content=\"Gregory Quintana Montiel\" \/>\n<meta name=\"twitter:card\" content=\"summary_large_image\" \/>\n<meta name=\"twitter:creator\" content=\"@gdgregori1\" \/>\n<meta name=\"twitter:site\" content=\"@notiamerica\" \/>\n<meta name=\"twitter:label1\" content=\"Escrito por\" \/>\n\t<meta name=\"twitter:data1\" content=\"Gregory Quintana Montiel\" \/>\n\t<meta name=\"twitter:label2\" content=\"Tiempo estimado de lectura\" \/>\n\t<meta name=\"twitter:data2\" content=\"2 minutos\" \/>\n<script type=\"application\/ld+json\" class=\"yoast-schema-graph\">{\"@context\":\"https:\/\/schema.org\",\"@graph\":[{\"@type\":\"Article\",\"@id\":\"https:\/\/noti-america.com\/site\/ecuador\/2020\/08\/30\/105-657-estudiantes-de-la-zona-7-inician-clases-el-1-de-septiembre\/#article\",\"isPartOf\":{\"@id\":\"https:\/\/noti-america.com\/site\/ecuador\/2020\/08\/30\/105-657-estudiantes-de-la-zona-7-inician-clases-el-1-de-septiembre\/\"},\"author\":{\"name\":\"Gregory Quintana Montiel\",\"@id\":\"https:\/\/noti-america.com\/site\/ecuador\/#\/schema\/person\/3b975e42f15abfe64bfe3abdd916efda\"},\"headline\":\"105.657 estudiantes de la Zona 7 inician clases el 1 de septiembre\",\"datePublished\":\"2020-08-30T18:27:43+00:00\",\"mainEntityOfPage\":{\"@id\":\"https:\/\/noti-america.com\/site\/ecuador\/2020\/08\/30\/105-657-estudiantes-de-la-zona-7-inician-clases-el-1-de-septiembre\/\"},\"wordCount\":319,\"commentCount\":0,\"publisher\":{\"@id\":\"https:\/\/noti-america.com\/site\/ecuador\/#organization\"},\"image\":{\"@id\":\"https:\/\/noti-america.com\/site\/ecuador\/2020\/08\/30\/105-657-estudiantes-de-la-zona-7-inician-clases-el-1-de-septiembre\/#primaryimage\"},\"thumbnailUrl\":\"https:\/\/noti-america.com\/site\/ecuador\/wp-content\/uploads\/sites\/18\/2020\/08\/zona-7-nina-clases.png\",\"articleSection\":[\"Educaci\u00f3n\"],\"inLanguage\":\"es\",\"potentialAction\":[{\"@type\":\"CommentAction\",\"name\":\"Comment\",\"target\":[\"https:\/\/noti-america.com\/site\/ecuador\/2020\/08\/30\/105-657-estudiantes-de-la-zona-7-inician-clases-el-1-de-septiembre\/#respond\"]}]},{\"@type\":\"WebPage\",\"@id\":\"https:\/\/noti-america.com\/site\/ecuador\/2020\/08\/30\/105-657-estudiantes-de-la-zona-7-inician-clases-el-1-de-septiembre\/\",\"url\":\"https:\/\/noti-america.com\/site\/ecuador\/2020\/08\/30\/105-657-estudiantes-de-la-zona-7-inician-clases-el-1-de-septiembre\/\",\"name\":\"105.657 estudiantes de la Zona 7 inician clases el 1 de septiembre - Ecuador | Noti-America.com\",\"isPartOf\":{\"@id\":\"https:\/\/noti-america.com\/site\/ecuador\/#website\"},\"primaryImageOfPage\":{\"@id\":\"https:\/\/noti-america.com\/site\/ecuador\/2020\/08\/30\/105-657-estudiantes-de-la-zona-7-inician-clases-el-1-de-septiembre\/#primaryimage\"},\"image\":{\"@id\":\"https:\/\/noti-america.com\/site\/ecuador\/2020\/08\/30\/105-657-estudiantes-de-la-zona-7-inician-clases-el-1-de-septiembre\/#primaryimage\"},\"thumbnailUrl\":\"https:\/\/noti-america.com\/site\/ecuador\/wp-content\/uploads\/sites\/18\/2020\/08\/zona-7-nina-clases.png\",\"datePublished\":\"2020-08-30T18:27:43+00:00\",\"breadcrumb\":{\"@id\":\"https:\/\/noti-america.com\/site\/ecuador\/2020\/08\/30\/105-657-estudiantes-de-la-zona-7-inician-clases-el-1-de-septiembre\/#breadcrumb\"},\"inLanguage\":\"es\",\"potentialAction\":[{\"@type\":\"ReadAction\",\"target\":[\"https:\/\/noti-america.com\/site\/ecuador\/2020\/08\/30\/105-657-estudiantes-de-la-zona-7-inician-clases-el-1-de-septiembre\/\"]}]},{\"@type\":\"ImageObject\",\"inLanguage\":\"es\",\"@id\":\"https:\/\/noti-america.com\/site\/ecuador\/2020\/08\/30\/105-657-estudiantes-de-la-zona-7-inician-clases-el-1-de-septiembre\/#primaryimage\",\"url\":\"https:\/\/noti-america.com\/site\/ecuador\/wp-content\/uploads\/sites\/18\/2020\/08\/zona-7-nina-clases.png\",\"contentUrl\":\"https:\/\/noti-america.com\/site\/ecuador\/wp-content\/uploads\/sites\/18\/2020\/08\/zona-7-nina-clases.png\",\"width\":800,\"height\":450},{\"@type\":\"BreadcrumbList\",\"@id\":\"https:\/\/noti-america.com\/site\/ecuador\/2020\/08\/30\/105-657-estudiantes-de-la-zona-7-inician-clases-el-1-de-septiembre\/#breadcrumb\",\"itemListElement\":[{\"@type\":\"ListItem\",\"position\":1,\"name\":\"Portada\",\"item\":\"https:\/\/noti-america.com\/site\/ecuador\/\"},{\"@type\":\"ListItem\",\"position\":2,\"name\":\"105.657 estudiantes de la Zona 7 inician clases el 1 de septiembre\"}]},{\"@type\":\"WebSite\",\"@id\":\"https:\/\/noti-america.com\/site\/ecuador\/#website\",\"url\":\"https:\/\/noti-america.com\/site\/ecuador\/\",\"name\":\"Ecuador | Noti-America.com\",\"description\":\"\",\"publisher\":{\"@id\":\"https:\/\/noti-america.com\/site\/ecuador\/#organization\"},\"potentialAction\":[{\"@type\":\"SearchAction\",\"target\":{\"@type\":\"EntryPoint\",\"urlTemplate\":\"https:\/\/noti-america.com\/site\/ecuador\/?s={search_term_string}\"},\"query-input\":{\"@type\":\"PropertyValueSpecification\",\"valueRequired\":true,\"valueName\":\"search_term_string\"}}],\"inLanguage\":\"es\"},{\"@type\":\"Organization\",\"@id\":\"https:\/\/noti-america.com\/site\/ecuador\/#organization\",\"name\":\"Noti-America LLC | Ecuador\",\"url\":\"https:\/\/noti-america.com\/site\/ecuador\/\",\"logo\":{\"@type\":\"ImageObject\",\"inLanguage\":\"es\",\"@id\":\"https:\/\/noti-america.com\/site\/ecuador\/#\/schema\/logo\/image\/\",\"url\":\"https:\/\/noti-america.com\/site\/ecuador\/wp-content\/uploads\/sites\/18\/2020\/07\/LogoNA-4x3-1.jpg\",\"contentUrl\":\"https:\/\/noti-america.com\/site\/ecuador\/wp-content\/uploads\/sites\/18\/2020\/07\/LogoNA-4x3-1.jpg\",\"width\":1236,\"height\":1080,\"caption\":\"Noti-America LLC | Ecuador\"},\"image\":{\"@id\":\"https:\/\/noti-america.com\/site\/ecuador\/#\/schema\/logo\/image\/\"},\"sameAs\":[\"https:\/\/x.com\/notiamerica\"]},{\"@type\":\"Person\",\"@id\":\"https:\/\/noti-america.com\/site\/ecuador\/#\/schema\/person\/3b975e42f15abfe64bfe3abdd916efda\",\"name\":\"Gregory Quintana Montiel\",\"image\":{\"@type\":\"ImageObject\",\"inLanguage\":\"es\",\"@id\":\"https:\/\/secure.gravatar.com\/avatar\/2d6b802f7720c2ec7744dcbe608cc2f3417aeb964d58b443c6d612b77531de1d?s=96&d=mm&r=g\",\"url\":\"https:\/\/secure.gravatar.com\/avatar\/2d6b802f7720c2ec7744dcbe608cc2f3417aeb964d58b443c6d612b77531de1d?s=96&d=mm&r=g\",\"contentUrl\":\"https:\/\/secure.gravatar.com\/avatar\/2d6b802f7720c2ec7744dcbe608cc2f3417aeb964d58b443c6d612b77531de1d?s=96&d=mm&r=g\",\"caption\":\"Gregory Quintana Montiel\"},\"description\":\"Licenciatura en Ciencias de la Comunicaci\u00f3n Social, egresado en la Especializaci\u00f3n Derecho Ambiental Desarrollo Sostenible y Sustentable, Miembro de la Comunidad de profesionales y experto para Latinoam\u00e9rica y el Caribe en Gesti\u00f3n por Resultado en el Desarrollo (COPLAC - GpRD) del Banco Interamericano de Desarrollo, experiencia en medios radiales y escritos.\",\"sameAs\":[\"https:\/\/x.com\/gdgregori1\",\"gquintana\"],\"url\":\"https:\/\/noti-america.com\/site\/ecuador\/author\/gquintana\/\"}]}<\/script>\n<!-- \/ Yoast SEO Premium plugin. -->","yoast_head_json":{"title":"105.657 estudiantes de la Zona 7 inician clases el 1 de septiembre - Ecuador | Noti-America.com","robots":{"index":"index","follow":"follow","max-snippet":"max-snippet:-1","max-image-preview":"max-image-preview:large","max-video-preview":"max-video-preview:-1"},"canonical":"https:\/\/noti-america.com\/site\/ecuador\/2020\/08\/30\/105-657-estudiantes-de-la-zona-7-inician-clases-el-1-de-septiembre\/","og_locale":"es_ES","og_type":"article","og_title":"105.657 estudiantes de la Zona 7 inician clases el 1 de septiembre","og_description":"REDACCI\u00d3N NOTI AM\u00c9RICA (ECUADOR) Se proh\u00edbe la compra de \u00fatiles escolares y las matr\u00edculas extraordinarias o traslados empezar\u00e1n el 7 de septiembre En los cantones Loja, Catamayo y Saraguro de la provincia de Loja,&#46;&#46;&#46;","og_url":"https:\/\/noti-america.com\/site\/ecuador\/2020\/08\/30\/105-657-estudiantes-de-la-zona-7-inician-clases-el-1-de-septiembre\/","og_site_name":"Ecuador | Noti-America.com","article_published_time":"2020-08-30T18:27:43+00:00","og_image":[{"width":800,"height":450,"url":"https:\/\/noti-america.com\/site\/ecuador\/wp-content\/uploads\/sites\/18\/2020\/08\/zona-7-nina-clases.png","type":"image\/png"}],"author":"Gregory Quintana Montiel","twitter_card":"summary_large_image","twitter_creator":"@gdgregori1","twitter_site":"@notiamerica","twitter_misc":{"Escrito por":"Gregory Quintana Montiel","Tiempo estimado de lectura":"2 minutos"},"schema":{"@context":"https:\/\/schema.org","@graph":[{"@type":"Article","@id":"https:\/\/noti-america.com\/site\/ecuador\/2020\/08\/30\/105-657-estudiantes-de-la-zona-7-inician-clases-el-1-de-septiembre\/#article","isPartOf":{"@id":"https:\/\/noti-america.com\/site\/ecuador\/2020\/08\/30\/105-657-estudiantes-de-la-zona-7-inician-clases-el-1-de-septiembre\/"},"author":{"name":"Gregory Quintana Montiel","@id":"https:\/\/noti-america.com\/site\/ecuador\/#\/schema\/person\/3b975e42f15abfe64bfe3abdd916efda"},"headline":"105.657 estudiantes de la Zona 7 inician clases el 1 de septiembre","datePublished":"2020-08-30T18:27:43+00:00","mainEntityOfPage":{"@id":"https:\/\/noti-america.com\/site\/ecuador\/2020\/08\/30\/105-657-estudiantes-de-la-zona-7-inician-clases-el-1-de-septiembre\/"},"wordCount":319,"commentCount":0,"publisher":{"@id":"https:\/\/noti-america.com\/site\/ecuador\/#organization"},"image":{"@id":"https:\/\/noti-america.com\/site\/ecuador\/2020\/08\/30\/105-657-estudiantes-de-la-zona-7-inician-clases-el-1-de-septiembre\/#primaryimage"},"thumbnailUrl":"https:\/\/noti-america.com\/site\/ecuador\/wp-content\/uploads\/sites\/18\/2020\/08\/zona-7-nina-clases.png","articleSection":["Educaci\u00f3n"],"inLanguage":"es","potentialAction":[{"@type":"CommentAction","name":"Comment","target":["https:\/\/noti-america.com\/site\/ecuador\/2020\/08\/30\/105-657-estudiantes-de-la-zona-7-inician-clases-el-1-de-septiembre\/#respond"]}]},{"@type":"WebPage","@id":"https:\/\/noti-america.com\/site\/ecuador\/2020\/08\/30\/105-657-estudiantes-de-la-zona-7-inician-clases-el-1-de-septiembre\/","url":"https:\/\/noti-america.com\/site\/ecuador\/2020\/08\/30\/105-657-estudiantes-de-la-zona-7-inician-clases-el-1-de-septiembre\/","name":"105.657 estudiantes de la Zona 7 inician clases el 1 de septiembre - Ecuador | Noti-America.com","isPartOf":{"@id":"https:\/\/noti-america.com\/site\/ecuador\/#website"},"primaryImageOfPage":{"@id":"https:\/\/noti-america.com\/site\/ecuador\/2020\/08\/30\/105-657-estudiantes-de-la-zona-7-inician-clases-el-1-de-septiembre\/#primaryimage"},"image":{"@id":"https:\/\/noti-america.com\/site\/ecuador\/2020\/08\/30\/105-657-estudiantes-de-la-zona-7-inician-clases-el-1-de-septiembre\/#primaryimage"},"thumbnailUrl":"https:\/\/noti-america.com\/site\/ecuador\/wp-content\/uploads\/sites\/18\/2020\/08\/zona-7-nina-clases.png","datePublished":"2020-08-30T18:27:43+00:00","breadcrumb":{"@id":"https:\/\/noti-america.com\/site\/ecuador\/2020\/08\/30\/105-657-estudiantes-de-la-zona-7-inician-clases-el-1-de-septiembre\/#breadcrumb"},"inLanguage":"es","potentialAction":[{"@type":"ReadAction","target":["https:\/\/noti-america.com\/site\/ecuador\/2020\/08\/30\/105-657-estudiantes-de-la-zona-7-inician-clases-el-1-de-septiembre\/"]}]},{"@type":"ImageObject","inLanguage":"es","@id":"https:\/\/noti-america.com\/site\/ecuador\/2020\/08\/30\/105-657-estudiantes-de-la-zona-7-inician-clases-el-1-de-septiembre\/#primaryimage","url":"https:\/\/noti-america.com\/site\/ecuador\/wp-content\/uploads\/sites\/18\/2020\/08\/zona-7-nina-clases.png","contentUrl":"https:\/\/noti-america.com\/site\/ecuador\/wp-content\/uploads\/sites\/18\/2020\/08\/zona-7-nina-clases.png","width":800,"height":450},{"@type":"BreadcrumbList","@id":"https:\/\/noti-america.com\/site\/ecuador\/2020\/08\/30\/105-657-estudiantes-de-la-zona-7-inician-clases-el-1-de-septiembre\/#breadcrumb","itemListElement":[{"@type":"ListItem","position":1,"name":"Portada","item":"https:\/\/noti-america.com\/site\/ecuador\/"},{"@type":"ListItem","position":2,"name":"105.657 estudiantes de la Zona 7 inician clases el 1 de septiembre"}]},{"@type":"WebSite","@id":"https:\/\/noti-america.com\/site\/ecuador\/#website","url":"https:\/\/noti-america.com\/site\/ecuador\/","name":"Ecuador | Noti-America.com","description":"","publisher":{"@id":"https:\/\/noti-america.com\/site\/ecuador\/#organization"},"potentialAction":[{"@type":"SearchAction","target":{"@type":"EntryPoint","urlTemplate":"https:\/\/noti-america.com\/site\/ecuador\/?s={search_term_string}"},"query-input":{"@type":"PropertyValueSpecification","valueRequired":true,"valueName":"search_term_string"}}],"inLanguage":"es"},{"@type":"Organization","@id":"https:\/\/noti-america.com\/site\/ecuador\/#organization","name":"Noti-America LLC | Ecuador","url":"https:\/\/noti-america.com\/site\/ecuador\/","logo":{"@type":"ImageObject","inLanguage":"es","@id":"https:\/\/noti-america.com\/site\/ecuador\/#\/schema\/logo\/image\/","url":"https:\/\/noti-america.com\/site\/ecuador\/wp-content\/uploads\/sites\/18\/2020\/07\/LogoNA-4x3-1.jpg","contentUrl":"https:\/\/noti-america.com\/site\/ecuador\/wp-content\/uploads\/sites\/18\/2020\/07\/LogoNA-4x3-1.jpg","width":1236,"height":1080,"caption":"Noti-America LLC | Ecuador"},"image":{"@id":"https:\/\/noti-america.com\/site\/ecuador\/#\/schema\/logo\/image\/"},"sameAs":["https:\/\/x.com\/notiamerica"]},{"@type":"Person","@id":"https:\/\/noti-america.com\/site\/ecuador\/#\/schema\/person\/3b975e42f15abfe64bfe3abdd916efda","name":"Gregory Quintana Montiel","image":{"@type":"ImageObject","inLanguage":"es","@id":"https:\/\/secure.gravatar.com\/avatar\/2d6b802f7720c2ec7744dcbe608cc2f3417aeb964d58b443c6d612b77531de1d?s=96&d=mm&r=g","url":"https:\/\/secure.gravatar.com\/avatar\/2d6b802f7720c2ec7744dcbe608cc2f3417aeb964d58b443c6d612b77531de1d?s=96&d=mm&r=g","contentUrl":"https:\/\/secure.gravatar.com\/avatar\/2d6b802f7720c2ec7744dcbe608cc2f3417aeb964d58b443c6d612b77531de1d?s=96&d=mm&r=g","caption":"Gregory Quintana Montiel"},"description":"Licenciatura en Ciencias de la Comunicaci\u00f3n Social, egresado en la Especializaci\u00f3n Derecho Ambiental Desarrollo Sostenible y Sustentable, Miembro de la Comunidad de profesionales y experto para Latinoam\u00e9rica y el Caribe en Gesti\u00f3n por Resultado en el Desarrollo (COPLAC - GpRD) del Banco Interamericano de Desarrollo, experiencia en medios radiales y escritos.","sameAs":["https:\/\/x.com\/gdgregori1","gquintana"],"url":"https:\/\/noti-america.com\/site\/ecuador\/author\/gquintana\/"}]}},"_links":{"self":[{"href":"https:\/\/noti-america.com\/site\/ecuador\/wp-json\/wp\/v2\/posts\/10329","targetHints":{"allow":["GET"]}}],"collection":[{"href":"https:\/\/noti-america.com\/site\/ecuador\/wp-json\/wp\/v2\/posts"}],"about":[{"href":"https:\/\/noti-america.com\/site\/ecuador\/wp-json\/wp\/v2\/types\/post"}],"author":[{"embeddable":true,"href":"https:\/\/noti-america.com\/site\/ecuador\/wp-json\/wp\/v2\/users\/17"}],"replies":[{"embeddable":true,"href":"https:\/\/noti-america.com\/site\/ecuador\/wp-json\/wp\/v2\/comments?post=10329"}],"version-history":[{"count":1,"href":"https:\/\/noti-america.com\/site\/ecuador\/wp-json\/wp\/v2\/posts\/10329\/revisions"}],"predecessor-version":[{"id":10331,"href":"https:\/\/noti-america.com\/site\/ecuador\/wp-json\/wp\/v2\/posts\/10329\/revisions\/10331"}],"wp:featuredmedia":[{"embeddable":true,"href":"https:\/\/noti-america.com\/site\/ecuador\/wp-json\/wp\/v2\/media\/10330"}],"wp:attachment":[{"href":"https:\/\/noti-america.com\/site\/ecuador\/wp-json\/wp\/v2\/media?parent=10329"}],"wp:term":[{"taxonomy":"category","embeddable":true,"href":"https:\/\/noti-america.com\/site\/ecuador\/wp-json\/wp\/v2\/categories?post=10329"},{"taxonomy":"post_tag","embeddable":true,"href":"https:\/\/noti-america.com\/site\/ecuador\/wp-json\/wp\/v2\/tags?post=10329"}],"curies":[{"name":"wp","href":"https:\/\/api.w.org\/{rel}","templated":true}]}}