{"id":10319,"date":"2020-08-30T17:01:29","date_gmt":"2020-08-30T17:01:29","guid":{"rendered":"https:\/\/noti-america.com\/site\/ecuador\/?p=10319"},"modified":"2020-08-30T17:01:29","modified_gmt":"2020-08-30T17:01:29","slug":"en-esmeraldas-se-realizaron-1440-muestras-de-pruebas-rapidas-covid-19-para-el-estudio-de-seroprevalencia","status":"publish","type":"post","link":"https:\/\/noti-america.com\/site\/ecuador\/2020\/08\/30\/en-esmeraldas-se-realizaron-1440-muestras-de-pruebas-rapidas-covid-19-para-el-estudio-de-seroprevalencia\/","title":{"rendered":"En Esmeraldas se realizaron 1440 muestras de pruebas r\u00e1pidas COVID-19 para el estudio de seroprevalencia"},"content":{"rendered":"<p>REDACCI\u00d3N NOTI AM\u00c9RICA (ECUADOR)<\/p>\n<div style=\"width: 807px\" class=\"wp-caption aligncenter\"><img loading=\"lazy\" decoding=\"async\" src=\"https:\/\/www.salud.gob.ec\/wp-content\/uploads\/2020\/08\/pruebas-seroprevalencia-.jpeg\" alt=\"\" width=\"797\" height=\"510\" \/><p class=\"wp-caption-text\">Esmeraldas realiz\u00f3 1440 muestras de pruebas r\u00e1pidas COVID-19<\/p><\/div>\n<p class=\"s5\" style=\"text-align: justify\"><span class=\"s6\"><span class=\"bumpedFont15\">Esmeraldas realiz\u00f3 1440 muestras de pruebas r\u00e1pidas COVID-19 para el estudio de seroprevalencia impulsado por el Min<\/span><\/span><span class=\"s6\"><span class=\"bumpedFont15\">i<\/span><\/span><span class=\"s6\"><span class=\"bumpedFont15\">sterio de Salud P\u00fablica (MSP), \u00a0con la colaboraci\u00f3n de varias instituciones de la provincia como el COE cantonal y provincial, el Instituto Ecuatoriano de Seguridad Social (IESS), Polic\u00eda Nacional, Autoridad Portuaria, Ministerio de Transporte y Obras P\u00fablicas y la Pontificia Universidad Cat\u00f3lica Sede Esmeraldas.<\/span><\/span><\/p>\n<p class=\"s5\" style=\"text-align: justify\"><span class=\"s6\"><span class=\"bumpedFont15\">Las brigadas del MSP se trasladaron a los sectores de, Santa Martha, Casa Bonita, La Propicia, 15 de Marzo, San Rafael, La Cocoy, entre otros.<\/span><\/span><\/p>\n<p class=\"s5\" style=\"text-align: justify\"><span class=\"s6\"><span class=\"bumpedFont15\">\u201cConsidero que es muy importante que el Ministerio de Salud haga este tipo de campa\u00f1as para que los esmeralde\u00f1os conozcamos si esta enfermedad, la COVID-19, contin\u00faa en nuestra ciudad y para que as\u00ed los ciudadanos practiquen las medidas de prevenci\u00f3n\u201d, expres\u00f3 Carmen Yelitza Mendoza Gaspar, usuaria beneficiaria de este estudio.<\/span><\/span><\/p>\n<p class=\"s5\" style=\"text-align: justify\"><span class=\"s6\"><span class=\"bumpedFont15\">Diego Fuentes Quintana, quien particip\u00f3 de la toma de muestras, manifest\u00f3 \u201ces bueno que el personal del Ministerio de Salud contin\u00fae haciendo la b\u00fasqueda de casos de posibles portadores de COVID-19, pero igual debemos aplicar las medidas de bioseguridad para evitar que esta enfermedad avance\u201d.<\/span><\/span><\/p>\n<p class=\"s5\" style=\"text-align: justify\"><span class=\"s6\"><span class=\"bumpedFont15\">Al finalizar el d\u00eda, del 29 de agosto, luego de entregar la informaci\u00f3n correspondiente se contabilizaron 499 muestras, que sumadas a las tomadas durante la intervenci\u00f3n dar\u00edan un total 1440 muestras, demostrando que se cumpli\u00f3 con la meta establecida por el MSP.<\/span><\/span><\/p>\n<p class=\"s5\" style=\"text-align: justify\"><span class=\"s6\"><span class=\"bumpedFont15\">Por su parte Cecilia \u00c1ngulo, gobernadora de la provincia de Esmeraldas, destac\u00f3 la importancia del estudio de seroprevalencia, \u00a0que permitir\u00e1 conocer el porcentaje de personas que estuvieron en contacto con el virus y desarrollaron inmunidad. \u201cAdem\u00e1s agradeci\u00f3 a todos los esmeralde\u00f1os que abrieron la puerta de sus hogares a las brigadas de salud y aceptaron ser parte de este estudio de vital importancia para tomar medidas frente a esta pandemia que afecta al mundo entero\u201d, reiter\u00f3 la primera autoridad de la provincia.<\/span><\/span><\/p>\n","protected":false},"excerpt":{"rendered":"<p>REDACCI\u00d3N NOTI AM\u00c9RICA (ECUADOR) Esmeraldas realiz\u00f3 1440 muestras de pruebas r\u00e1pidas COVID-19 para el estudio de seroprevalencia impulsado por el Ministerio de Salud P\u00fablica (MSP), \u00a0con la colaboraci\u00f3n de varias instituciones de la provincia&#46;&#46;&#46;<\/p>\n","protected":false},"author":17,"featured_media":10320,"comment_status":"open","ping_status":"open","sticky":false,"template":"","format":"standard","meta":{"_acf_changed":false,"om_disable_all_campaigns":false,"rop_custom_images_group":[],"rop_custom_messages_group":[],"rop_publish_now":"initial","rop_publish_now_accounts":{"twitter_242054905_242054905":""},"rop_publish_now_history":[],"rop_publish_now_status":"pending","_uf_show_specific_survey":0,"_uf_disable_surveys":false,"footnotes":""},"categories":[35],"tags":[],"class_list":["post-10319","post","type-post","status-publish","format-standard","has-post-thumbnail","hentry","category-salud"],"acf":[],"aioseo_notices":[],"yoast_head":"<!-- This site is optimized with the Yoast SEO Premium plugin v24.9 (Yoast SEO v27.2) - https:\/\/yoast.com\/product\/yoast-seo-premium-wordpress\/ -->\n<title>En Esmeraldas se realizaron 1440 muestras de pruebas r\u00e1pidas COVID-19 para el estudio de seroprevalencia - Ecuador | Noti-America.com<\/title>\n<meta name=\"robots\" content=\"index, follow, max-snippet:-1, max-image-preview:large, max-video-preview:-1\" \/>\n<link rel=\"canonical\" href=\"https:\/\/noti-america.com\/site\/ecuador\/2020\/08\/30\/en-esmeraldas-se-realizaron-1440-muestras-de-pruebas-rapidas-covid-19-para-el-estudio-de-seroprevalencia\/\" \/>\n<meta property=\"og:locale\" content=\"es_ES\" \/>\n<meta property=\"og:type\" content=\"article\" \/>\n<meta property=\"og:title\" content=\"En Esmeraldas se realizaron 1440 muestras de pruebas r\u00e1pidas COVID-19 para el estudio de seroprevalencia\" \/>\n<meta property=\"og:description\" content=\"REDACCI\u00d3N NOTI AM\u00c9RICA (ECUADOR) Esmeraldas realiz\u00f3 1440 muestras de pruebas r\u00e1pidas COVID-19 para el estudio de seroprevalencia impulsado por el Ministerio de Salud P\u00fablica (MSP), \u00a0con la colaboraci\u00f3n de varias instituciones de la provincia&#046;&#046;&#046;\" \/>\n<meta property=\"og:url\" content=\"https:\/\/noti-america.com\/site\/ecuador\/2020\/08\/30\/en-esmeraldas-se-realizaron-1440-muestras-de-pruebas-rapidas-covid-19-para-el-estudio-de-seroprevalencia\/\" \/>\n<meta property=\"og:site_name\" content=\"Ecuador | Noti-America.com\" \/>\n<meta property=\"article:published_time\" content=\"2020-08-30T17:01:29+00:00\" \/>\n<meta property=\"og:image\" content=\"https:\/\/noti-america.com\/site\/ecuador\/wp-content\/uploads\/sites\/18\/2020\/08\/pruebas-seroprevalencia-.jpeg\" \/>\n\t<meta property=\"og:image:width\" content=\"797\" \/>\n\t<meta property=\"og:image:height\" content=\"510\" \/>\n\t<meta property=\"og:image:type\" content=\"image\/jpeg\" \/>\n<meta name=\"author\" content=\"Gregory Quintana Montiel\" \/>\n<meta name=\"twitter:card\" content=\"summary_large_image\" \/>\n<meta name=\"twitter:creator\" content=\"@gdgregori1\" \/>\n<meta name=\"twitter:site\" content=\"@notiamerica\" \/>\n<meta name=\"twitter:label1\" content=\"Escrito por\" \/>\n\t<meta name=\"twitter:data1\" content=\"Gregory Quintana Montiel\" \/>\n\t<meta name=\"twitter:label2\" content=\"Tiempo estimado de lectura\" \/>\n\t<meta name=\"twitter:data2\" content=\"2 minutos\" \/>\n<script type=\"application\/ld+json\" class=\"yoast-schema-graph\">{\"@context\":\"https:\/\/schema.org\",\"@graph\":[{\"@type\":\"Article\",\"@id\":\"https:\/\/noti-america.com\/site\/ecuador\/2020\/08\/30\/en-esmeraldas-se-realizaron-1440-muestras-de-pruebas-rapidas-covid-19-para-el-estudio-de-seroprevalencia\/#article\",\"isPartOf\":{\"@id\":\"https:\/\/noti-america.com\/site\/ecuador\/2020\/08\/30\/en-esmeraldas-se-realizaron-1440-muestras-de-pruebas-rapidas-covid-19-para-el-estudio-de-seroprevalencia\/\"},\"author\":{\"name\":\"Gregory Quintana Montiel\",\"@id\":\"https:\/\/noti-america.com\/site\/ecuador\/#\/schema\/person\/3b975e42f15abfe64bfe3abdd916efda\"},\"headline\":\"En Esmeraldas se realizaron 1440 muestras de pruebas r\u00e1pidas COVID-19 para el estudio de seroprevalencia\",\"datePublished\":\"2020-08-30T17:01:29+00:00\",\"mainEntityOfPage\":{\"@id\":\"https:\/\/noti-america.com\/site\/ecuador\/2020\/08\/30\/en-esmeraldas-se-realizaron-1440-muestras-de-pruebas-rapidas-covid-19-para-el-estudio-de-seroprevalencia\/\"},\"wordCount\":354,\"commentCount\":0,\"publisher\":{\"@id\":\"https:\/\/noti-america.com\/site\/ecuador\/#organization\"},\"image\":{\"@id\":\"https:\/\/noti-america.com\/site\/ecuador\/2020\/08\/30\/en-esmeraldas-se-realizaron-1440-muestras-de-pruebas-rapidas-covid-19-para-el-estudio-de-seroprevalencia\/#primaryimage\"},\"thumbnailUrl\":\"https:\/\/noti-america.com\/site\/ecuador\/wp-content\/uploads\/sites\/18\/2020\/08\/pruebas-seroprevalencia-.jpeg\",\"articleSection\":[\"Salud\"],\"inLanguage\":\"es\",\"potentialAction\":[{\"@type\":\"CommentAction\",\"name\":\"Comment\",\"target\":[\"https:\/\/noti-america.com\/site\/ecuador\/2020\/08\/30\/en-esmeraldas-se-realizaron-1440-muestras-de-pruebas-rapidas-covid-19-para-el-estudio-de-seroprevalencia\/#respond\"]}]},{\"@type\":\"WebPage\",\"@id\":\"https:\/\/noti-america.com\/site\/ecuador\/2020\/08\/30\/en-esmeraldas-se-realizaron-1440-muestras-de-pruebas-rapidas-covid-19-para-el-estudio-de-seroprevalencia\/\",\"url\":\"https:\/\/noti-america.com\/site\/ecuador\/2020\/08\/30\/en-esmeraldas-se-realizaron-1440-muestras-de-pruebas-rapidas-covid-19-para-el-estudio-de-seroprevalencia\/\",\"name\":\"En Esmeraldas se realizaron 1440 muestras de pruebas r\u00e1pidas COVID-19 para el estudio de seroprevalencia - Ecuador | Noti-America.com\",\"isPartOf\":{\"@id\":\"https:\/\/noti-america.com\/site\/ecuador\/#website\"},\"primaryImageOfPage\":{\"@id\":\"https:\/\/noti-america.com\/site\/ecuador\/2020\/08\/30\/en-esmeraldas-se-realizaron-1440-muestras-de-pruebas-rapidas-covid-19-para-el-estudio-de-seroprevalencia\/#primaryimage\"},\"image\":{\"@id\":\"https:\/\/noti-america.com\/site\/ecuador\/2020\/08\/30\/en-esmeraldas-se-realizaron-1440-muestras-de-pruebas-rapidas-covid-19-para-el-estudio-de-seroprevalencia\/#primaryimage\"},\"thumbnailUrl\":\"https:\/\/noti-america.com\/site\/ecuador\/wp-content\/uploads\/sites\/18\/2020\/08\/pruebas-seroprevalencia-.jpeg\",\"datePublished\":\"2020-08-30T17:01:29+00:00\",\"breadcrumb\":{\"@id\":\"https:\/\/noti-america.com\/site\/ecuador\/2020\/08\/30\/en-esmeraldas-se-realizaron-1440-muestras-de-pruebas-rapidas-covid-19-para-el-estudio-de-seroprevalencia\/#breadcrumb\"},\"inLanguage\":\"es\",\"potentialAction\":[{\"@type\":\"ReadAction\",\"target\":[\"https:\/\/noti-america.com\/site\/ecuador\/2020\/08\/30\/en-esmeraldas-se-realizaron-1440-muestras-de-pruebas-rapidas-covid-19-para-el-estudio-de-seroprevalencia\/\"]}]},{\"@type\":\"ImageObject\",\"inLanguage\":\"es\",\"@id\":\"https:\/\/noti-america.com\/site\/ecuador\/2020\/08\/30\/en-esmeraldas-se-realizaron-1440-muestras-de-pruebas-rapidas-covid-19-para-el-estudio-de-seroprevalencia\/#primaryimage\",\"url\":\"https:\/\/noti-america.com\/site\/ecuador\/wp-content\/uploads\/sites\/18\/2020\/08\/pruebas-seroprevalencia-.jpeg\",\"contentUrl\":\"https:\/\/noti-america.com\/site\/ecuador\/wp-content\/uploads\/sites\/18\/2020\/08\/pruebas-seroprevalencia-.jpeg\",\"width\":797,\"height\":510},{\"@type\":\"BreadcrumbList\",\"@id\":\"https:\/\/noti-america.com\/site\/ecuador\/2020\/08\/30\/en-esmeraldas-se-realizaron-1440-muestras-de-pruebas-rapidas-covid-19-para-el-estudio-de-seroprevalencia\/#breadcrumb\",\"itemListElement\":[{\"@type\":\"ListItem\",\"position\":1,\"name\":\"Portada\",\"item\":\"https:\/\/noti-america.com\/site\/ecuador\/\"},{\"@type\":\"ListItem\",\"position\":2,\"name\":\"En Esmeraldas se realizaron 1440 muestras de pruebas r\u00e1pidas COVID-19 para el estudio de seroprevalencia\"}]},{\"@type\":\"WebSite\",\"@id\":\"https:\/\/noti-america.com\/site\/ecuador\/#website\",\"url\":\"https:\/\/noti-america.com\/site\/ecuador\/\",\"name\":\"Ecuador | Noti-America.com\",\"description\":\"\",\"publisher\":{\"@id\":\"https:\/\/noti-america.com\/site\/ecuador\/#organization\"},\"potentialAction\":[{\"@type\":\"SearchAction\",\"target\":{\"@type\":\"EntryPoint\",\"urlTemplate\":\"https:\/\/noti-america.com\/site\/ecuador\/?s={search_term_string}\"},\"query-input\":{\"@type\":\"PropertyValueSpecification\",\"valueRequired\":true,\"valueName\":\"search_term_string\"}}],\"inLanguage\":\"es\"},{\"@type\":\"Organization\",\"@id\":\"https:\/\/noti-america.com\/site\/ecuador\/#organization\",\"name\":\"Noti-America LLC | Ecuador\",\"url\":\"https:\/\/noti-america.com\/site\/ecuador\/\",\"logo\":{\"@type\":\"ImageObject\",\"inLanguage\":\"es\",\"@id\":\"https:\/\/noti-america.com\/site\/ecuador\/#\/schema\/logo\/image\/\",\"url\":\"https:\/\/noti-america.com\/site\/ecuador\/wp-content\/uploads\/sites\/18\/2020\/07\/LogoNA-4x3-1.jpg\",\"contentUrl\":\"https:\/\/noti-america.com\/site\/ecuador\/wp-content\/uploads\/sites\/18\/2020\/07\/LogoNA-4x3-1.jpg\",\"width\":1236,\"height\":1080,\"caption\":\"Noti-America LLC | Ecuador\"},\"image\":{\"@id\":\"https:\/\/noti-america.com\/site\/ecuador\/#\/schema\/logo\/image\/\"},\"sameAs\":[\"https:\/\/x.com\/notiamerica\"]},{\"@type\":\"Person\",\"@id\":\"https:\/\/noti-america.com\/site\/ecuador\/#\/schema\/person\/3b975e42f15abfe64bfe3abdd916efda\",\"name\":\"Gregory Quintana Montiel\",\"image\":{\"@type\":\"ImageObject\",\"inLanguage\":\"es\",\"@id\":\"https:\/\/secure.gravatar.com\/avatar\/2d6b802f7720c2ec7744dcbe608cc2f3417aeb964d58b443c6d612b77531de1d?s=96&d=mm&r=g\",\"url\":\"https:\/\/secure.gravatar.com\/avatar\/2d6b802f7720c2ec7744dcbe608cc2f3417aeb964d58b443c6d612b77531de1d?s=96&d=mm&r=g\",\"contentUrl\":\"https:\/\/secure.gravatar.com\/avatar\/2d6b802f7720c2ec7744dcbe608cc2f3417aeb964d58b443c6d612b77531de1d?s=96&d=mm&r=g\",\"caption\":\"Gregory Quintana Montiel\"},\"description\":\"Licenciatura en Ciencias de la Comunicaci\u00f3n Social, egresado en la Especializaci\u00f3n Derecho Ambiental Desarrollo Sostenible y Sustentable, Miembro de la Comunidad de profesionales y experto para Latinoam\u00e9rica y el Caribe en Gesti\u00f3n por Resultado en el Desarrollo (COPLAC - GpRD) del Banco Interamericano de Desarrollo, experiencia en medios radiales y escritos.\",\"sameAs\":[\"https:\/\/x.com\/gdgregori1\",\"gquintana\"],\"url\":\"https:\/\/noti-america.com\/site\/ecuador\/author\/gquintana\/\"}]}<\/script>\n<!-- \/ Yoast SEO Premium plugin. -->","yoast_head_json":{"title":"En Esmeraldas se realizaron 1440 muestras de pruebas r\u00e1pidas COVID-19 para el estudio de seroprevalencia - Ecuador | Noti-America.com","robots":{"index":"index","follow":"follow","max-snippet":"max-snippet:-1","max-image-preview":"max-image-preview:large","max-video-preview":"max-video-preview:-1"},"canonical":"https:\/\/noti-america.com\/site\/ecuador\/2020\/08\/30\/en-esmeraldas-se-realizaron-1440-muestras-de-pruebas-rapidas-covid-19-para-el-estudio-de-seroprevalencia\/","og_locale":"es_ES","og_type":"article","og_title":"En Esmeraldas se realizaron 1440 muestras de pruebas r\u00e1pidas COVID-19 para el estudio de seroprevalencia","og_description":"REDACCI\u00d3N NOTI AM\u00c9RICA (ECUADOR) Esmeraldas realiz\u00f3 1440 muestras de pruebas r\u00e1pidas COVID-19 para el estudio de seroprevalencia impulsado por el Ministerio de Salud P\u00fablica (MSP), \u00a0con la colaboraci\u00f3n de varias instituciones de la provincia&#46;&#46;&#46;","og_url":"https:\/\/noti-america.com\/site\/ecuador\/2020\/08\/30\/en-esmeraldas-se-realizaron-1440-muestras-de-pruebas-rapidas-covid-19-para-el-estudio-de-seroprevalencia\/","og_site_name":"Ecuador | Noti-America.com","article_published_time":"2020-08-30T17:01:29+00:00","og_image":[{"width":797,"height":510,"url":"https:\/\/noti-america.com\/site\/ecuador\/wp-content\/uploads\/sites\/18\/2020\/08\/pruebas-seroprevalencia-.jpeg","type":"image\/jpeg"}],"author":"Gregory Quintana Montiel","twitter_card":"summary_large_image","twitter_creator":"@gdgregori1","twitter_site":"@notiamerica","twitter_misc":{"Escrito por":"Gregory Quintana Montiel","Tiempo estimado de lectura":"2 minutos"},"schema":{"@context":"https:\/\/schema.org","@graph":[{"@type":"Article","@id":"https:\/\/noti-america.com\/site\/ecuador\/2020\/08\/30\/en-esmeraldas-se-realizaron-1440-muestras-de-pruebas-rapidas-covid-19-para-el-estudio-de-seroprevalencia\/#article","isPartOf":{"@id":"https:\/\/noti-america.com\/site\/ecuador\/2020\/08\/30\/en-esmeraldas-se-realizaron-1440-muestras-de-pruebas-rapidas-covid-19-para-el-estudio-de-seroprevalencia\/"},"author":{"name":"Gregory Quintana Montiel","@id":"https:\/\/noti-america.com\/site\/ecuador\/#\/schema\/person\/3b975e42f15abfe64bfe3abdd916efda"},"headline":"En Esmeraldas se realizaron 1440 muestras de pruebas r\u00e1pidas COVID-19 para el estudio de seroprevalencia","datePublished":"2020-08-30T17:01:29+00:00","mainEntityOfPage":{"@id":"https:\/\/noti-america.com\/site\/ecuador\/2020\/08\/30\/en-esmeraldas-se-realizaron-1440-muestras-de-pruebas-rapidas-covid-19-para-el-estudio-de-seroprevalencia\/"},"wordCount":354,"commentCount":0,"publisher":{"@id":"https:\/\/noti-america.com\/site\/ecuador\/#organization"},"image":{"@id":"https:\/\/noti-america.com\/site\/ecuador\/2020\/08\/30\/en-esmeraldas-se-realizaron-1440-muestras-de-pruebas-rapidas-covid-19-para-el-estudio-de-seroprevalencia\/#primaryimage"},"thumbnailUrl":"https:\/\/noti-america.com\/site\/ecuador\/wp-content\/uploads\/sites\/18\/2020\/08\/pruebas-seroprevalencia-.jpeg","articleSection":["Salud"],"inLanguage":"es","potentialAction":[{"@type":"CommentAction","name":"Comment","target":["https:\/\/noti-america.com\/site\/ecuador\/2020\/08\/30\/en-esmeraldas-se-realizaron-1440-muestras-de-pruebas-rapidas-covid-19-para-el-estudio-de-seroprevalencia\/#respond"]}]},{"@type":"WebPage","@id":"https:\/\/noti-america.com\/site\/ecuador\/2020\/08\/30\/en-esmeraldas-se-realizaron-1440-muestras-de-pruebas-rapidas-covid-19-para-el-estudio-de-seroprevalencia\/","url":"https:\/\/noti-america.com\/site\/ecuador\/2020\/08\/30\/en-esmeraldas-se-realizaron-1440-muestras-de-pruebas-rapidas-covid-19-para-el-estudio-de-seroprevalencia\/","name":"En Esmeraldas se realizaron 1440 muestras de pruebas r\u00e1pidas COVID-19 para el estudio de seroprevalencia - Ecuador | Noti-America.com","isPartOf":{"@id":"https:\/\/noti-america.com\/site\/ecuador\/#website"},"primaryImageOfPage":{"@id":"https:\/\/noti-america.com\/site\/ecuador\/2020\/08\/30\/en-esmeraldas-se-realizaron-1440-muestras-de-pruebas-rapidas-covid-19-para-el-estudio-de-seroprevalencia\/#primaryimage"},"image":{"@id":"https:\/\/noti-america.com\/site\/ecuador\/2020\/08\/30\/en-esmeraldas-se-realizaron-1440-muestras-de-pruebas-rapidas-covid-19-para-el-estudio-de-seroprevalencia\/#primaryimage"},"thumbnailUrl":"https:\/\/noti-america.com\/site\/ecuador\/wp-content\/uploads\/sites\/18\/2020\/08\/pruebas-seroprevalencia-.jpeg","datePublished":"2020-08-30T17:01:29+00:00","breadcrumb":{"@id":"https:\/\/noti-america.com\/site\/ecuador\/2020\/08\/30\/en-esmeraldas-se-realizaron-1440-muestras-de-pruebas-rapidas-covid-19-para-el-estudio-de-seroprevalencia\/#breadcrumb"},"inLanguage":"es","potentialAction":[{"@type":"ReadAction","target":["https:\/\/noti-america.com\/site\/ecuador\/2020\/08\/30\/en-esmeraldas-se-realizaron-1440-muestras-de-pruebas-rapidas-covid-19-para-el-estudio-de-seroprevalencia\/"]}]},{"@type":"ImageObject","inLanguage":"es","@id":"https:\/\/noti-america.com\/site\/ecuador\/2020\/08\/30\/en-esmeraldas-se-realizaron-1440-muestras-de-pruebas-rapidas-covid-19-para-el-estudio-de-seroprevalencia\/#primaryimage","url":"https:\/\/noti-america.com\/site\/ecuador\/wp-content\/uploads\/sites\/18\/2020\/08\/pruebas-seroprevalencia-.jpeg","contentUrl":"https:\/\/noti-america.com\/site\/ecuador\/wp-content\/uploads\/sites\/18\/2020\/08\/pruebas-seroprevalencia-.jpeg","width":797,"height":510},{"@type":"BreadcrumbList","@id":"https:\/\/noti-america.com\/site\/ecuador\/2020\/08\/30\/en-esmeraldas-se-realizaron-1440-muestras-de-pruebas-rapidas-covid-19-para-el-estudio-de-seroprevalencia\/#breadcrumb","itemListElement":[{"@type":"ListItem","position":1,"name":"Portada","item":"https:\/\/noti-america.com\/site\/ecuador\/"},{"@type":"ListItem","position":2,"name":"En Esmeraldas se realizaron 1440 muestras de pruebas r\u00e1pidas COVID-19 para el estudio de seroprevalencia"}]},{"@type":"WebSite","@id":"https:\/\/noti-america.com\/site\/ecuador\/#website","url":"https:\/\/noti-america.com\/site\/ecuador\/","name":"Ecuador | Noti-America.com","description":"","publisher":{"@id":"https:\/\/noti-america.com\/site\/ecuador\/#organization"},"potentialAction":[{"@type":"SearchAction","target":{"@type":"EntryPoint","urlTemplate":"https:\/\/noti-america.com\/site\/ecuador\/?s={search_term_string}"},"query-input":{"@type":"PropertyValueSpecification","valueRequired":true,"valueName":"search_term_string"}}],"inLanguage":"es"},{"@type":"Organization","@id":"https:\/\/noti-america.com\/site\/ecuador\/#organization","name":"Noti-America LLC | Ecuador","url":"https:\/\/noti-america.com\/site\/ecuador\/","logo":{"@type":"ImageObject","inLanguage":"es","@id":"https:\/\/noti-america.com\/site\/ecuador\/#\/schema\/logo\/image\/","url":"https:\/\/noti-america.com\/site\/ecuador\/wp-content\/uploads\/sites\/18\/2020\/07\/LogoNA-4x3-1.jpg","contentUrl":"https:\/\/noti-america.com\/site\/ecuador\/wp-content\/uploads\/sites\/18\/2020\/07\/LogoNA-4x3-1.jpg","width":1236,"height":1080,"caption":"Noti-America LLC | Ecuador"},"image":{"@id":"https:\/\/noti-america.com\/site\/ecuador\/#\/schema\/logo\/image\/"},"sameAs":["https:\/\/x.com\/notiamerica"]},{"@type":"Person","@id":"https:\/\/noti-america.com\/site\/ecuador\/#\/schema\/person\/3b975e42f15abfe64bfe3abdd916efda","name":"Gregory Quintana Montiel","image":{"@type":"ImageObject","inLanguage":"es","@id":"https:\/\/secure.gravatar.com\/avatar\/2d6b802f7720c2ec7744dcbe608cc2f3417aeb964d58b443c6d612b77531de1d?s=96&d=mm&r=g","url":"https:\/\/secure.gravatar.com\/avatar\/2d6b802f7720c2ec7744dcbe608cc2f3417aeb964d58b443c6d612b77531de1d?s=96&d=mm&r=g","contentUrl":"https:\/\/secure.gravatar.com\/avatar\/2d6b802f7720c2ec7744dcbe608cc2f3417aeb964d58b443c6d612b77531de1d?s=96&d=mm&r=g","caption":"Gregory Quintana Montiel"},"description":"Licenciatura en Ciencias de la Comunicaci\u00f3n Social, egresado en la Especializaci\u00f3n Derecho Ambiental Desarrollo Sostenible y Sustentable, Miembro de la Comunidad de profesionales y experto para Latinoam\u00e9rica y el Caribe en Gesti\u00f3n por Resultado en el Desarrollo (COPLAC - GpRD) del Banco Interamericano de Desarrollo, experiencia en medios radiales y escritos.","sameAs":["https:\/\/x.com\/gdgregori1","gquintana"],"url":"https:\/\/noti-america.com\/site\/ecuador\/author\/gquintana\/"}]}},"_links":{"self":[{"href":"https:\/\/noti-america.com\/site\/ecuador\/wp-json\/wp\/v2\/posts\/10319","targetHints":{"allow":["GET"]}}],"collection":[{"href":"https:\/\/noti-america.com\/site\/ecuador\/wp-json\/wp\/v2\/posts"}],"about":[{"href":"https:\/\/noti-america.com\/site\/ecuador\/wp-json\/wp\/v2\/types\/post"}],"author":[{"embeddable":true,"href":"https:\/\/noti-america.com\/site\/ecuador\/wp-json\/wp\/v2\/users\/17"}],"replies":[{"embeddable":true,"href":"https:\/\/noti-america.com\/site\/ecuador\/wp-json\/wp\/v2\/comments?post=10319"}],"version-history":[{"count":1,"href":"https:\/\/noti-america.com\/site\/ecuador\/wp-json\/wp\/v2\/posts\/10319\/revisions"}],"predecessor-version":[{"id":10321,"href":"https:\/\/noti-america.com\/site\/ecuador\/wp-json\/wp\/v2\/posts\/10319\/revisions\/10321"}],"wp:featuredmedia":[{"embeddable":true,"href":"https:\/\/noti-america.com\/site\/ecuador\/wp-json\/wp\/v2\/media\/10320"}],"wp:attachment":[{"href":"https:\/\/noti-america.com\/site\/ecuador\/wp-json\/wp\/v2\/media?parent=10319"}],"wp:term":[{"taxonomy":"category","embeddable":true,"href":"https:\/\/noti-america.com\/site\/ecuador\/wp-json\/wp\/v2\/categories?post=10319"},{"taxonomy":"post_tag","embeddable":true,"href":"https:\/\/noti-america.com\/site\/ecuador\/wp-json\/wp\/v2\/tags?post=10319"}],"curies":[{"name":"wp","href":"https:\/\/api.w.org\/{rel}","templated":true}]}}