{"id":10269,"date":"2020-08-26T16:51:19","date_gmt":"2020-08-26T16:51:19","guid":{"rendered":"https:\/\/noti-america.com\/site\/ecuador\/?p=10269"},"modified":"2020-08-26T16:51:19","modified_gmt":"2020-08-26T16:51:19","slug":"atm-asegura-que-exclusividad-del-carril-de-la-metrovia-no-altera-el-flujo-vehicular","status":"publish","type":"post","link":"https:\/\/noti-america.com\/site\/ecuador\/2020\/08\/26\/atm-asegura-que-exclusividad-del-carril-de-la-metrovia-no-altera-el-flujo-vehicular\/","title":{"rendered":"ATM asegura que exclusividad del carril de la Metrov\u00eda no altera el flujo vehicular"},"content":{"rendered":"<p style=\"text-align: justify\"><strong>REDACCI\u00d3N NOTI-AM\u00c9RICA (ECUADOR)<\/strong><\/p>\n<div id=\"attachment_10271\" style=\"width: 837px\" class=\"wp-caption aligncenter\"><img loading=\"lazy\" decoding=\"async\" aria-describedby=\"caption-attachment-10271\" class=\" wp-image-10271\" src=\"https:\/\/noti-america.com\/site\/ecuador\/wp-content\/uploads\/sites\/18\/2020\/08\/Exclusividad_Metrovia2-300x200.jpg\" alt=\"\" width=\"827\" height=\"551\" srcset=\"https:\/\/noti-america.com\/site\/ecuador\/wp-content\/uploads\/sites\/18\/2020\/08\/Exclusividad_Metrovia2-300x200.jpg 300w, https:\/\/noti-america.com\/site\/ecuador\/wp-content\/uploads\/sites\/18\/2020\/08\/Exclusividad_Metrovia2-1024x683.jpg 1024w, https:\/\/noti-america.com\/site\/ecuador\/wp-content\/uploads\/sites\/18\/2020\/08\/Exclusividad_Metrovia2-768x512.jpg 768w, https:\/\/noti-america.com\/site\/ecuador\/wp-content\/uploads\/sites\/18\/2020\/08\/Exclusividad_Metrovia2-1536x1025.jpg 1536w, https:\/\/noti-america.com\/site\/ecuador\/wp-content\/uploads\/sites\/18\/2020\/08\/Exclusividad_Metrovia2-272x182.jpg 272w, https:\/\/noti-america.com\/site\/ecuador\/wp-content\/uploads\/sites\/18\/2020\/08\/Exclusividad_Metrovia2.jpg 2048w\" sizes=\"auto, (max-width: 827px) 100vw, 827px\" \/><p id=\"caption-attachment-10271\" class=\"wp-caption-text\"><strong>El \u00fanico punto que se mantendr\u00e1 como \u2018carril compartido\u2019 es en la Av. De las Am\u00e9ricas, donde se ubica la parada \u2018Aviaci\u00f3n Civil\u2019. Fotos: ATM<\/strong><\/p><\/div>\n<p style=\"text-align: justify\">Tras un an\u00e1lisis por parte de su Centro de Control Integrado de Tr\u00e1nsito y Transporte (CCITT), la Autoridad de Tr\u00e1nsito Municipal (ATM) asegura que el flujo vehicular en Guayaquil no se ha alterado por aplicar la exclusividad del carril de la Metrov\u00eda.<\/p>\n<p style=\"text-align: justify\">El CCITT realiz\u00f3 el seguimiento de la circulaci\u00f3n a trav\u00e9s de los sensores de tiempos de viaje y c\u00e1maras de monitoreo y se constat\u00f3 que no se registr\u00f3 alteraciones en los tiempos de viajes de carros particulares que usan las arterias que comprenden las tres troncales establecidas para sistema de transportaci\u00f3n urbano masivo de la Metrov\u00eda.<\/p>\n<div id=\"attachment_10272\" style=\"width: 545px\" class=\"wp-caption alignleft\"><img loading=\"lazy\" decoding=\"async\" aria-describedby=\"caption-attachment-10272\" class=\" wp-image-10272\" src=\"https:\/\/noti-america.com\/site\/ecuador\/wp-content\/uploads\/sites\/18\/2020\/08\/Exclusividad_Metrovia4-300x166.jpg\" alt=\"\" width=\"535\" height=\"296\" srcset=\"https:\/\/noti-america.com\/site\/ecuador\/wp-content\/uploads\/sites\/18\/2020\/08\/Exclusividad_Metrovia4-300x166.jpg 300w, https:\/\/noti-america.com\/site\/ecuador\/wp-content\/uploads\/sites\/18\/2020\/08\/Exclusividad_Metrovia4.jpg 505w\" sizes=\"auto, (max-width: 535px) 100vw, 535px\" \/><p id=\"caption-attachment-10272\" class=\"wp-caption-text\"><strong>La ATM hace monitoreo constante del transito vehicular a trav\u00e9s de sus c\u00e1maras de videovigilancia.<\/strong><\/p><\/div>\n<p style=\"text-align: justify\">Esto es lo comprendido en las avenidas Boyac\u00e1, Domingo Com\u00edn, Eloy Alfaro, Pedro Carbo, de la Troncal 1; as\u00ed como De Las Am\u00e9ricas, Quito, 25 de Julio, de la Troncal 2; y, Carlos Julio Arosemena y v\u00eda a Daule, de la Troncal 3.<\/p>\n<p style=\"text-align: justify\">La medida entr\u00f3 en vigor desde el pasado lunes 24 de agosto de 2020, despu\u00e9s de casi dos a\u00f1os que se adopt\u00f3 el uso compartido de esos carriles en diferentes sectores.<\/p>\n<p style=\"text-align: justify\">Ahora solo se mantendr\u00e1 como zona compartida el tramo de la Troncal 2, donde se ubica la parada de la Aviaci\u00f3n Civil, en la avenida de las Am\u00e9ricas, entre la Sociedad Italiana Garibaldi y el distribuidor de tr\u00e1nsito que la divide con la Juan Tanca Marengo.<\/p>\n<p style=\"text-align: justify\">Una veintena de Agentes Civiles de Tr\u00e1nsito particip\u00f3 en la campa\u00f1a de orientaci\u00f3n a los conductores particulares sobre la prohibici\u00f3n de invadir el paso exclusivo para los buses, as\u00ed lo dio a conocer el gerente de la ATM, Vicente Taiano.<\/p>\n<p style=\"text-align: justify\">\u00abEl peat\u00f3n y el sistema de transporte p\u00fablico masivo son prioridad en el sistema de movilidad de una ciudad\u2026 esto responde a la demanda de personas que se movilizan a diario en el mismo\u201d, se\u00f1al\u00f3.<\/p>\n<p style=\"text-align: justify\">\u00abEn 15 d\u00edas, pasamos de movilizar a 126.000 personas diariamente a transportar 135.000 pasajeros, por d\u00eda\u00bb, afirm\u00f3 el funcionario.<\/p>\n<p style=\"text-align: justify\">\u201cUn bus, sea del sistema Metrov\u00eda o convencional mueve decenas de personas mientras que un veh\u00edculo particular moviliza en promedio de 1, 2 a 1,4 personas, lo que claramente evidencia que aportar por una mayor fluidez en el transporte p\u00fablico beneficia a m\u00e1s ciudadanos\u201d, asever\u00f3 Taiano.<\/p>\n","protected":false},"excerpt":{"rendered":"<p>REDACCI\u00d3N NOTI-AM\u00c9RICA (ECUADOR) Tras un an\u00e1lisis por parte de su Centro de Control Integrado de Tr\u00e1nsito y Transporte (CCITT), la Autoridad de Tr\u00e1nsito Municipal (ATM) asegura que el flujo vehicular en Guayaquil no se&#46;&#46;&#46;<\/p>\n","protected":false},"author":54,"featured_media":10273,"comment_status":"open","ping_status":"open","sticky":false,"template":"","format":"standard","meta":{"_acf_changed":false,"om_disable_all_campaigns":false,"rop_custom_images_group":[],"rop_custom_messages_group":[],"rop_publish_now":"initial","rop_publish_now_accounts":{"twitter_242054905_242054905":""},"rop_publish_now_history":[],"rop_publish_now_status":"pending","_uf_show_specific_survey":0,"_uf_disable_surveys":false,"footnotes":""},"categories":[109],"tags":[],"class_list":["post-10269","post","type-post","status-publish","format-standard","has-post-thumbnail","hentry","category-seguridad"],"acf":[],"aioseo_notices":[],"yoast_head":"<!-- This site is optimized with the Yoast SEO Premium plugin v24.9 (Yoast SEO v27.2) - https:\/\/yoast.com\/product\/yoast-seo-premium-wordpress\/ -->\n<title>ATM asegura que exclusividad del carril de la Metrov\u00eda no altera el flujo vehicular - Ecuador | Noti-America.com<\/title>\n<meta name=\"robots\" content=\"index, follow, max-snippet:-1, max-image-preview:large, max-video-preview:-1\" \/>\n<link rel=\"canonical\" href=\"https:\/\/noti-america.com\/site\/ecuador\/2020\/08\/26\/atm-asegura-que-exclusividad-del-carril-de-la-metrovia-no-altera-el-flujo-vehicular\/\" \/>\n<meta property=\"og:locale\" content=\"es_ES\" \/>\n<meta property=\"og:type\" content=\"article\" \/>\n<meta property=\"og:title\" content=\"ATM asegura que exclusividad del carril de la Metrov\u00eda no altera el flujo vehicular\" \/>\n<meta property=\"og:description\" content=\"REDACCI\u00d3N NOTI-AM\u00c9RICA (ECUADOR) Tras un an\u00e1lisis por parte de su Centro de Control Integrado de Tr\u00e1nsito y Transporte (CCITT), la Autoridad de Tr\u00e1nsito Municipal (ATM) asegura que el flujo vehicular en Guayaquil no se&#046;&#046;&#046;\" \/>\n<meta property=\"og:url\" content=\"https:\/\/noti-america.com\/site\/ecuador\/2020\/08\/26\/atm-asegura-que-exclusividad-del-carril-de-la-metrovia-no-altera-el-flujo-vehicular\/\" \/>\n<meta property=\"og:site_name\" content=\"Ecuador | Noti-America.com\" \/>\n<meta property=\"article:author\" content=\"https:\/\/www.facebook.com\/geojuradopuente\" \/>\n<meta property=\"article:published_time\" content=\"2020-08-26T16:51:19+00:00\" \/>\n<meta property=\"og:image\" content=\"https:\/\/noti-america.com\/site\/ecuador\/wp-content\/uploads\/sites\/18\/2020\/08\/Exclusividad_Metrovia2-1.jpg\" \/>\n\t<meta property=\"og:image:width\" content=\"2048\" \/>\n\t<meta property=\"og:image:height\" content=\"1366\" \/>\n\t<meta property=\"og:image:type\" content=\"image\/jpeg\" \/>\n<meta name=\"author\" content=\"Mgtr. Geovanny Jurado Puente\" \/>\n<meta name=\"twitter:card\" content=\"summary_large_image\" \/>\n<meta name=\"twitter:creator\" content=\"@GeoJurado\" \/>\n<meta name=\"twitter:site\" content=\"@notiamerica\" \/>\n<meta name=\"twitter:label1\" content=\"Escrito por\" \/>\n\t<meta name=\"twitter:data1\" content=\"Mgtr. Geovanny Jurado Puente\" \/>\n\t<meta name=\"twitter:label2\" content=\"Tiempo estimado de lectura\" \/>\n\t<meta name=\"twitter:data2\" content=\"2 minutos\" \/>\n<script type=\"application\/ld+json\" class=\"yoast-schema-graph\">{\"@context\":\"https:\/\/schema.org\",\"@graph\":[{\"@type\":\"Article\",\"@id\":\"https:\/\/noti-america.com\/site\/ecuador\/2020\/08\/26\/atm-asegura-que-exclusividad-del-carril-de-la-metrovia-no-altera-el-flujo-vehicular\/#article\",\"isPartOf\":{\"@id\":\"https:\/\/noti-america.com\/site\/ecuador\/2020\/08\/26\/atm-asegura-que-exclusividad-del-carril-de-la-metrovia-no-altera-el-flujo-vehicular\/\"},\"author\":{\"name\":\"Mgtr. Geovanny Jurado Puente\",\"@id\":\"https:\/\/noti-america.com\/site\/ecuador\/#\/schema\/person\/eafaa0d78b886269707bbd67c79282d8\"},\"headline\":\"ATM asegura que exclusividad del carril de la Metrov\u00eda no altera el flujo vehicular\",\"datePublished\":\"2020-08-26T16:51:19+00:00\",\"mainEntityOfPage\":{\"@id\":\"https:\/\/noti-america.com\/site\/ecuador\/2020\/08\/26\/atm-asegura-que-exclusividad-del-carril-de-la-metrovia-no-altera-el-flujo-vehicular\/\"},\"wordCount\":453,\"commentCount\":0,\"publisher\":{\"@id\":\"https:\/\/noti-america.com\/site\/ecuador\/#organization\"},\"image\":{\"@id\":\"https:\/\/noti-america.com\/site\/ecuador\/2020\/08\/26\/atm-asegura-que-exclusividad-del-carril-de-la-metrovia-no-altera-el-flujo-vehicular\/#primaryimage\"},\"thumbnailUrl\":\"https:\/\/noti-america.com\/site\/ecuador\/wp-content\/uploads\/sites\/18\/2020\/08\/Exclusividad_Metrovia2-1.jpg\",\"articleSection\":[\"Seguridad\"],\"inLanguage\":\"es\",\"potentialAction\":[{\"@type\":\"CommentAction\",\"name\":\"Comment\",\"target\":[\"https:\/\/noti-america.com\/site\/ecuador\/2020\/08\/26\/atm-asegura-que-exclusividad-del-carril-de-la-metrovia-no-altera-el-flujo-vehicular\/#respond\"]}]},{\"@type\":\"WebPage\",\"@id\":\"https:\/\/noti-america.com\/site\/ecuador\/2020\/08\/26\/atm-asegura-que-exclusividad-del-carril-de-la-metrovia-no-altera-el-flujo-vehicular\/\",\"url\":\"https:\/\/noti-america.com\/site\/ecuador\/2020\/08\/26\/atm-asegura-que-exclusividad-del-carril-de-la-metrovia-no-altera-el-flujo-vehicular\/\",\"name\":\"ATM asegura que exclusividad del carril de la Metrov\u00eda no altera el flujo vehicular - Ecuador | Noti-America.com\",\"isPartOf\":{\"@id\":\"https:\/\/noti-america.com\/site\/ecuador\/#website\"},\"primaryImageOfPage\":{\"@id\":\"https:\/\/noti-america.com\/site\/ecuador\/2020\/08\/26\/atm-asegura-que-exclusividad-del-carril-de-la-metrovia-no-altera-el-flujo-vehicular\/#primaryimage\"},\"image\":{\"@id\":\"https:\/\/noti-america.com\/site\/ecuador\/2020\/08\/26\/atm-asegura-que-exclusividad-del-carril-de-la-metrovia-no-altera-el-flujo-vehicular\/#primaryimage\"},\"thumbnailUrl\":\"https:\/\/noti-america.com\/site\/ecuador\/wp-content\/uploads\/sites\/18\/2020\/08\/Exclusividad_Metrovia2-1.jpg\",\"datePublished\":\"2020-08-26T16:51:19+00:00\",\"breadcrumb\":{\"@id\":\"https:\/\/noti-america.com\/site\/ecuador\/2020\/08\/26\/atm-asegura-que-exclusividad-del-carril-de-la-metrovia-no-altera-el-flujo-vehicular\/#breadcrumb\"},\"inLanguage\":\"es\",\"potentialAction\":[{\"@type\":\"ReadAction\",\"target\":[\"https:\/\/noti-america.com\/site\/ecuador\/2020\/08\/26\/atm-asegura-que-exclusividad-del-carril-de-la-metrovia-no-altera-el-flujo-vehicular\/\"]}]},{\"@type\":\"ImageObject\",\"inLanguage\":\"es\",\"@id\":\"https:\/\/noti-america.com\/site\/ecuador\/2020\/08\/26\/atm-asegura-que-exclusividad-del-carril-de-la-metrovia-no-altera-el-flujo-vehicular\/#primaryimage\",\"url\":\"https:\/\/noti-america.com\/site\/ecuador\/wp-content\/uploads\/sites\/18\/2020\/08\/Exclusividad_Metrovia2-1.jpg\",\"contentUrl\":\"https:\/\/noti-america.com\/site\/ecuador\/wp-content\/uploads\/sites\/18\/2020\/08\/Exclusividad_Metrovia2-1.jpg\",\"width\":2048,\"height\":1366},{\"@type\":\"BreadcrumbList\",\"@id\":\"https:\/\/noti-america.com\/site\/ecuador\/2020\/08\/26\/atm-asegura-que-exclusividad-del-carril-de-la-metrovia-no-altera-el-flujo-vehicular\/#breadcrumb\",\"itemListElement\":[{\"@type\":\"ListItem\",\"position\":1,\"name\":\"Portada\",\"item\":\"https:\/\/noti-america.com\/site\/ecuador\/\"},{\"@type\":\"ListItem\",\"position\":2,\"name\":\"ATM asegura que exclusividad del carril de la Metrov\u00eda no altera el flujo vehicular\"}]},{\"@type\":\"WebSite\",\"@id\":\"https:\/\/noti-america.com\/site\/ecuador\/#website\",\"url\":\"https:\/\/noti-america.com\/site\/ecuador\/\",\"name\":\"Ecuador | Noti-America.com\",\"description\":\"\",\"publisher\":{\"@id\":\"https:\/\/noti-america.com\/site\/ecuador\/#organization\"},\"potentialAction\":[{\"@type\":\"SearchAction\",\"target\":{\"@type\":\"EntryPoint\",\"urlTemplate\":\"https:\/\/noti-america.com\/site\/ecuador\/?s={search_term_string}\"},\"query-input\":{\"@type\":\"PropertyValueSpecification\",\"valueRequired\":true,\"valueName\":\"search_term_string\"}}],\"inLanguage\":\"es\"},{\"@type\":\"Organization\",\"@id\":\"https:\/\/noti-america.com\/site\/ecuador\/#organization\",\"name\":\"Noti-America LLC | Ecuador\",\"url\":\"https:\/\/noti-america.com\/site\/ecuador\/\",\"logo\":{\"@type\":\"ImageObject\",\"inLanguage\":\"es\",\"@id\":\"https:\/\/noti-america.com\/site\/ecuador\/#\/schema\/logo\/image\/\",\"url\":\"https:\/\/noti-america.com\/site\/ecuador\/wp-content\/uploads\/sites\/18\/2020\/07\/LogoNA-4x3-1.jpg\",\"contentUrl\":\"https:\/\/noti-america.com\/site\/ecuador\/wp-content\/uploads\/sites\/18\/2020\/07\/LogoNA-4x3-1.jpg\",\"width\":1236,\"height\":1080,\"caption\":\"Noti-America LLC | Ecuador\"},\"image\":{\"@id\":\"https:\/\/noti-america.com\/site\/ecuador\/#\/schema\/logo\/image\/\"},\"sameAs\":[\"https:\/\/x.com\/notiamerica\"]},{\"@type\":\"Person\",\"@id\":\"https:\/\/noti-america.com\/site\/ecuador\/#\/schema\/person\/eafaa0d78b886269707bbd67c79282d8\",\"name\":\"Mgtr. Geovanny Jurado Puente\",\"image\":{\"@type\":\"ImageObject\",\"inLanguage\":\"es\",\"@id\":\"https:\/\/secure.gravatar.com\/avatar\/f837d50a2ea0d7cba882939210fb03249c2d70cdea88235e685f1a91ced24905?s=96&d=mm&r=g\",\"url\":\"https:\/\/secure.gravatar.com\/avatar\/f837d50a2ea0d7cba882939210fb03249c2d70cdea88235e685f1a91ced24905?s=96&d=mm&r=g\",\"contentUrl\":\"https:\/\/secure.gravatar.com\/avatar\/f837d50a2ea0d7cba882939210fb03249c2d70cdea88235e685f1a91ced24905?s=96&d=mm&r=g\",\"caption\":\"Mgtr. Geovanny Jurado Puente\"},\"description\":\"Mag\u00edster en Comunicaci\u00f3n, Menci\u00f3n Pol\u00edticas de Desarrollo Social; Licenciado en Ciencias de la Comunicaci\u00f3n Social; Docente Universitario; Miembro de la Red de Investigadores en Comunicaci\u00f3n del Ecuador (RICE); Miembro Fundador de la Red de Editoriales Universitarias y Escuelas Polit\u00e9cnicas del Ecuador (Reupde); ecuatoriano de nacimiento, con residencia en Daule.\",\"sameAs\":[\"https:\/\/www.facebook.com\/geojuradopuente\",\"Geo Jurado\",\"https:\/\/x.com\/GeoJurado\"],\"url\":\"https:\/\/noti-america.com\/site\/ecuador\/author\/gjurado\/\"}]}<\/script>\n<!-- \/ Yoast SEO Premium plugin. -->","yoast_head_json":{"title":"ATM asegura que exclusividad del carril de la Metrov\u00eda no altera el flujo vehicular - Ecuador | Noti-America.com","robots":{"index":"index","follow":"follow","max-snippet":"max-snippet:-1","max-image-preview":"max-image-preview:large","max-video-preview":"max-video-preview:-1"},"canonical":"https:\/\/noti-america.com\/site\/ecuador\/2020\/08\/26\/atm-asegura-que-exclusividad-del-carril-de-la-metrovia-no-altera-el-flujo-vehicular\/","og_locale":"es_ES","og_type":"article","og_title":"ATM asegura que exclusividad del carril de la Metrov\u00eda no altera el flujo vehicular","og_description":"REDACCI\u00d3N NOTI-AM\u00c9RICA (ECUADOR) Tras un an\u00e1lisis por parte de su Centro de Control Integrado de Tr\u00e1nsito y Transporte (CCITT), la Autoridad de Tr\u00e1nsito Municipal (ATM) asegura que el flujo vehicular en Guayaquil no se&#46;&#46;&#46;","og_url":"https:\/\/noti-america.com\/site\/ecuador\/2020\/08\/26\/atm-asegura-que-exclusividad-del-carril-de-la-metrovia-no-altera-el-flujo-vehicular\/","og_site_name":"Ecuador | Noti-America.com","article_author":"https:\/\/www.facebook.com\/geojuradopuente","article_published_time":"2020-08-26T16:51:19+00:00","og_image":[{"width":2048,"height":1366,"url":"https:\/\/noti-america.com\/site\/ecuador\/wp-content\/uploads\/sites\/18\/2020\/08\/Exclusividad_Metrovia2-1.jpg","type":"image\/jpeg"}],"author":"Mgtr. Geovanny Jurado Puente","twitter_card":"summary_large_image","twitter_creator":"@GeoJurado","twitter_site":"@notiamerica","twitter_misc":{"Escrito por":"Mgtr. Geovanny Jurado Puente","Tiempo estimado de lectura":"2 minutos"},"schema":{"@context":"https:\/\/schema.org","@graph":[{"@type":"Article","@id":"https:\/\/noti-america.com\/site\/ecuador\/2020\/08\/26\/atm-asegura-que-exclusividad-del-carril-de-la-metrovia-no-altera-el-flujo-vehicular\/#article","isPartOf":{"@id":"https:\/\/noti-america.com\/site\/ecuador\/2020\/08\/26\/atm-asegura-que-exclusividad-del-carril-de-la-metrovia-no-altera-el-flujo-vehicular\/"},"author":{"name":"Mgtr. Geovanny Jurado Puente","@id":"https:\/\/noti-america.com\/site\/ecuador\/#\/schema\/person\/eafaa0d78b886269707bbd67c79282d8"},"headline":"ATM asegura que exclusividad del carril de la Metrov\u00eda no altera el flujo vehicular","datePublished":"2020-08-26T16:51:19+00:00","mainEntityOfPage":{"@id":"https:\/\/noti-america.com\/site\/ecuador\/2020\/08\/26\/atm-asegura-que-exclusividad-del-carril-de-la-metrovia-no-altera-el-flujo-vehicular\/"},"wordCount":453,"commentCount":0,"publisher":{"@id":"https:\/\/noti-america.com\/site\/ecuador\/#organization"},"image":{"@id":"https:\/\/noti-america.com\/site\/ecuador\/2020\/08\/26\/atm-asegura-que-exclusividad-del-carril-de-la-metrovia-no-altera-el-flujo-vehicular\/#primaryimage"},"thumbnailUrl":"https:\/\/noti-america.com\/site\/ecuador\/wp-content\/uploads\/sites\/18\/2020\/08\/Exclusividad_Metrovia2-1.jpg","articleSection":["Seguridad"],"inLanguage":"es","potentialAction":[{"@type":"CommentAction","name":"Comment","target":["https:\/\/noti-america.com\/site\/ecuador\/2020\/08\/26\/atm-asegura-que-exclusividad-del-carril-de-la-metrovia-no-altera-el-flujo-vehicular\/#respond"]}]},{"@type":"WebPage","@id":"https:\/\/noti-america.com\/site\/ecuador\/2020\/08\/26\/atm-asegura-que-exclusividad-del-carril-de-la-metrovia-no-altera-el-flujo-vehicular\/","url":"https:\/\/noti-america.com\/site\/ecuador\/2020\/08\/26\/atm-asegura-que-exclusividad-del-carril-de-la-metrovia-no-altera-el-flujo-vehicular\/","name":"ATM asegura que exclusividad del carril de la Metrov\u00eda no altera el flujo vehicular - Ecuador | Noti-America.com","isPartOf":{"@id":"https:\/\/noti-america.com\/site\/ecuador\/#website"},"primaryImageOfPage":{"@id":"https:\/\/noti-america.com\/site\/ecuador\/2020\/08\/26\/atm-asegura-que-exclusividad-del-carril-de-la-metrovia-no-altera-el-flujo-vehicular\/#primaryimage"},"image":{"@id":"https:\/\/noti-america.com\/site\/ecuador\/2020\/08\/26\/atm-asegura-que-exclusividad-del-carril-de-la-metrovia-no-altera-el-flujo-vehicular\/#primaryimage"},"thumbnailUrl":"https:\/\/noti-america.com\/site\/ecuador\/wp-content\/uploads\/sites\/18\/2020\/08\/Exclusividad_Metrovia2-1.jpg","datePublished":"2020-08-26T16:51:19+00:00","breadcrumb":{"@id":"https:\/\/noti-america.com\/site\/ecuador\/2020\/08\/26\/atm-asegura-que-exclusividad-del-carril-de-la-metrovia-no-altera-el-flujo-vehicular\/#breadcrumb"},"inLanguage":"es","potentialAction":[{"@type":"ReadAction","target":["https:\/\/noti-america.com\/site\/ecuador\/2020\/08\/26\/atm-asegura-que-exclusividad-del-carril-de-la-metrovia-no-altera-el-flujo-vehicular\/"]}]},{"@type":"ImageObject","inLanguage":"es","@id":"https:\/\/noti-america.com\/site\/ecuador\/2020\/08\/26\/atm-asegura-que-exclusividad-del-carril-de-la-metrovia-no-altera-el-flujo-vehicular\/#primaryimage","url":"https:\/\/noti-america.com\/site\/ecuador\/wp-content\/uploads\/sites\/18\/2020\/08\/Exclusividad_Metrovia2-1.jpg","contentUrl":"https:\/\/noti-america.com\/site\/ecuador\/wp-content\/uploads\/sites\/18\/2020\/08\/Exclusividad_Metrovia2-1.jpg","width":2048,"height":1366},{"@type":"BreadcrumbList","@id":"https:\/\/noti-america.com\/site\/ecuador\/2020\/08\/26\/atm-asegura-que-exclusividad-del-carril-de-la-metrovia-no-altera-el-flujo-vehicular\/#breadcrumb","itemListElement":[{"@type":"ListItem","position":1,"name":"Portada","item":"https:\/\/noti-america.com\/site\/ecuador\/"},{"@type":"ListItem","position":2,"name":"ATM asegura que exclusividad del carril de la Metrov\u00eda no altera el flujo vehicular"}]},{"@type":"WebSite","@id":"https:\/\/noti-america.com\/site\/ecuador\/#website","url":"https:\/\/noti-america.com\/site\/ecuador\/","name":"Ecuador | Noti-America.com","description":"","publisher":{"@id":"https:\/\/noti-america.com\/site\/ecuador\/#organization"},"potentialAction":[{"@type":"SearchAction","target":{"@type":"EntryPoint","urlTemplate":"https:\/\/noti-america.com\/site\/ecuador\/?s={search_term_string}"},"query-input":{"@type":"PropertyValueSpecification","valueRequired":true,"valueName":"search_term_string"}}],"inLanguage":"es"},{"@type":"Organization","@id":"https:\/\/noti-america.com\/site\/ecuador\/#organization","name":"Noti-America LLC | Ecuador","url":"https:\/\/noti-america.com\/site\/ecuador\/","logo":{"@type":"ImageObject","inLanguage":"es","@id":"https:\/\/noti-america.com\/site\/ecuador\/#\/schema\/logo\/image\/","url":"https:\/\/noti-america.com\/site\/ecuador\/wp-content\/uploads\/sites\/18\/2020\/07\/LogoNA-4x3-1.jpg","contentUrl":"https:\/\/noti-america.com\/site\/ecuador\/wp-content\/uploads\/sites\/18\/2020\/07\/LogoNA-4x3-1.jpg","width":1236,"height":1080,"caption":"Noti-America LLC | Ecuador"},"image":{"@id":"https:\/\/noti-america.com\/site\/ecuador\/#\/schema\/logo\/image\/"},"sameAs":["https:\/\/x.com\/notiamerica"]},{"@type":"Person","@id":"https:\/\/noti-america.com\/site\/ecuador\/#\/schema\/person\/eafaa0d78b886269707bbd67c79282d8","name":"Mgtr. Geovanny Jurado Puente","image":{"@type":"ImageObject","inLanguage":"es","@id":"https:\/\/secure.gravatar.com\/avatar\/f837d50a2ea0d7cba882939210fb03249c2d70cdea88235e685f1a91ced24905?s=96&d=mm&r=g","url":"https:\/\/secure.gravatar.com\/avatar\/f837d50a2ea0d7cba882939210fb03249c2d70cdea88235e685f1a91ced24905?s=96&d=mm&r=g","contentUrl":"https:\/\/secure.gravatar.com\/avatar\/f837d50a2ea0d7cba882939210fb03249c2d70cdea88235e685f1a91ced24905?s=96&d=mm&r=g","caption":"Mgtr. Geovanny Jurado Puente"},"description":"Mag\u00edster en Comunicaci\u00f3n, Menci\u00f3n Pol\u00edticas de Desarrollo Social; Licenciado en Ciencias de la Comunicaci\u00f3n Social; Docente Universitario; Miembro de la Red de Investigadores en Comunicaci\u00f3n del Ecuador (RICE); Miembro Fundador de la Red de Editoriales Universitarias y Escuelas Polit\u00e9cnicas del Ecuador (Reupde); ecuatoriano de nacimiento, con residencia en Daule.","sameAs":["https:\/\/www.facebook.com\/geojuradopuente","Geo Jurado","https:\/\/x.com\/GeoJurado"],"url":"https:\/\/noti-america.com\/site\/ecuador\/author\/gjurado\/"}]}},"_links":{"self":[{"href":"https:\/\/noti-america.com\/site\/ecuador\/wp-json\/wp\/v2\/posts\/10269","targetHints":{"allow":["GET"]}}],"collection":[{"href":"https:\/\/noti-america.com\/site\/ecuador\/wp-json\/wp\/v2\/posts"}],"about":[{"href":"https:\/\/noti-america.com\/site\/ecuador\/wp-json\/wp\/v2\/types\/post"}],"author":[{"embeddable":true,"href":"https:\/\/noti-america.com\/site\/ecuador\/wp-json\/wp\/v2\/users\/54"}],"replies":[{"embeddable":true,"href":"https:\/\/noti-america.com\/site\/ecuador\/wp-json\/wp\/v2\/comments?post=10269"}],"version-history":[{"count":1,"href":"https:\/\/noti-america.com\/site\/ecuador\/wp-json\/wp\/v2\/posts\/10269\/revisions"}],"predecessor-version":[{"id":10274,"href":"https:\/\/noti-america.com\/site\/ecuador\/wp-json\/wp\/v2\/posts\/10269\/revisions\/10274"}],"wp:featuredmedia":[{"embeddable":true,"href":"https:\/\/noti-america.com\/site\/ecuador\/wp-json\/wp\/v2\/media\/10273"}],"wp:attachment":[{"href":"https:\/\/noti-america.com\/site\/ecuador\/wp-json\/wp\/v2\/media?parent=10269"}],"wp:term":[{"taxonomy":"category","embeddable":true,"href":"https:\/\/noti-america.com\/site\/ecuador\/wp-json\/wp\/v2\/categories?post=10269"},{"taxonomy":"post_tag","embeddable":true,"href":"https:\/\/noti-america.com\/site\/ecuador\/wp-json\/wp\/v2\/tags?post=10269"}],"curies":[{"name":"wp","href":"https:\/\/api.w.org\/{rel}","templated":true}]}}