{"id":10202,"date":"2020-08-22T21:40:52","date_gmt":"2020-08-22T21:40:52","guid":{"rendered":"https:\/\/noti-america.com\/site\/ecuador\/?p=10202"},"modified":"2020-08-22T21:40:52","modified_gmt":"2020-08-22T21:40:52","slug":"los-microplasticos-ya-estan-en-los-tejidos-del-cuerpo-humano","status":"publish","type":"post","link":"https:\/\/noti-america.com\/site\/ecuador\/2020\/08\/22\/los-microplasticos-ya-estan-en-los-tejidos-del-cuerpo-humano\/","title":{"rendered":"Los microplasticos ya est\u00e1n en los tejidos del cuerpo humano"},"content":{"rendered":"<p>REDACCI\u00d3N NOTI AM\u00c9RICA (ECUADOR)<\/p>\n<ul>\n<li><em>La contaminaci\u00f3n pl\u00e1stica, que se hace cada vez m\u00e1s patente en la tierra, el agua y el aire, se ha hecho detectable tambi\u00e9n en \u00f3rganos y tejidos humanos en forma de micro y nanopl\u00e1sticos.<\/em><\/li>\n<\/ul>\n<div style=\"width: 740px\" class=\"wp-caption aligncenter\"><img loading=\"lazy\" decoding=\"async\" src=\"https:\/\/www.ecoticias.com\/userfiles\/extra\/HRHS_186.jpg\" alt=\"Los microplasticos ya est\u00e1n en los tejidos del cuerpo humano\" width=\"730\" height=\"456\" \/><p class=\"wp-caption-text\">Microplasticos en el cuerpo humano<\/p><\/div>\n<p style=\"text-align: justify\">\u00abHay evidencia de que el pl\u00e1stico se est\u00e1 abriendo camino en nuestros cuerpos, pero muy pocos estudios lo han buscado all\u00ed. Y en este punto, no sabemos si este pl\u00e1stico es solo una molestia o si representa un peligro para la salud humana\u00bb, explica Charles Rolsky, que ha presentado un estudio al respecto en la Reuni\u00f3n y Exposici\u00f3n Virtual de Oto\u00f1o de 2020 de la American Chemical Society (ACS).<\/p>\n<p style=\"text-align: justify\">Los cient\u00edficos definen\u00a0<strong>los micropl\u00e1sticos<\/strong>\u00a0como fragmentos de pl\u00e1stico de menos de 5 mm, o alrededor de 0,2 pulgadas, de di\u00e1metro. Los nanopl\u00e1sticos son incluso m\u00e1s peque\u00f1os, con di\u00e1metros inferiores a 0,001 mm. La investigaci\u00f3n en modelos animales y de vida silvestre ha relacionado la exposici\u00f3n a micro y nanopl\u00e1sticos con la infertilidad, la inflamaci\u00f3n y el c\u00e1ncer, pero actualmente se desconocen los resultados de salud en las personas.<\/p>\n<div style=\"width: 610px\" class=\"wp-caption alignleft\"><img loading=\"lazy\" decoding=\"async\" class=\"imagenin img-fluid pull-left mr-40 mb-15\" src=\"https:\/\/www.ecoticias.com\/userfiles\/2020\/Aug_18\/187.jpg\" alt=\"Los microplasticos ya est\u00e1n en los tejidos del cuerpo humano\" width=\"600\" height=\"800\" \/><p class=\"wp-caption-text\">Los microplasticos ya est\u00e1n en los tejidos del cuerpo humano<\/p><\/div>\n<p style=\"text-align: justify\">Estudios anteriores han demostrado que los pl\u00e1sticos pueden atravesar el tracto gastrointestinal humano, pero Rolsky y Varun Kelkar, que tambi\u00e9n presenta la investigaci\u00f3n en la reuni\u00f3n, se preguntaron si las peque\u00f1as part\u00edculas se acumulan en los \u00f3rganos humanos. Rolsky y Kelkar son estudiantes de posgrado en el laboratorio de Rolf Halden, en la Universidad Estatal de Arizona.<\/p>\n<p style=\"text-align: justify\">Para averiguarlo, los investigadores obtuvieron muestras de un gran dep\u00f3sito de tejidos cerebrales y corporales que se estableci\u00f3 para estudiar enfermedades neurodegenerativas, como el Alzheimer. Las 47 muestras se tomaron de pulmones, h\u00edgado, bazo y ri\u00f1ones, cuatro \u00f3rganos que probablemente se expondr\u00e1n, filtrar\u00e1n o<strong>\u00a0recolectar\u00e1n micropl\u00e1sticos.<\/strong><\/p>\n<p style=\"text-align: justify\">El equipo desarroll\u00f3 un procedimiento para extraer pl\u00e1sticos de las muestras y analizarlos mediante espectrometr\u00eda micro Raman. Los investigadores tambi\u00e9n crearon un programa de computadora que convirti\u00f3 la informaci\u00f3n sobre el recuento de part\u00edculas de pl\u00e1stico en unidades de masa y \u00e1rea de superficie. Planean compartir la herramienta en l\u00ednea para que otros investigadores puedan informar sus resultados de manera estandarizada, informa phys.org.<\/p>\n<p style=\"text-align: justify\">\u00abEste recurso compartido ayudar\u00e1 a construir una base de\u00a0<strong>datos de exposici\u00f3n al pl\u00e1stico<\/strong> para que podamos comparar las exposiciones en \u00f3rganos y grupos de personas a lo largo del tiempo y el espacio geogr\u00e1fico\u00bb, dice Halden.<\/p>\n<p style=\"text-align: justify\">El m\u00e9todo permite a los investigadores detectar docenas de tipos de componentes pl\u00e1sticos dentro de los tejidos humanos, incluidos el policarbonato (PC), el tereftalato de polietileno (PET) y el polietileno (PE). Cuando se combina con un ensayo de espectrometr\u00eda de masas desarrollado previamente, se detect\u00f3 contaminaci\u00f3n pl\u00e1stica en cada muestra. Se encontr\u00f3 bisfenol A (BPA), que todav\u00eda se usa en muchos recipientes de alimentos a pesar de los problemas de salud, en las 47 muestras humanas.<\/p>\n<p style=\"text-align: justify\">Seg\u00fan el conocimiento de los investigadores, su estudio es el primero en examinar\u00a0<strong>la presencia de micro y nanopl\u00e1sticos<\/strong>\u00a0en \u00f3rganos humanos de individuos con un historial conocido de exposici\u00f3n ambiental.<\/p>\n<p style=\"text-align: justify\">\u00abLos donantes de tejido proporcionaron informaci\u00f3n detallada sobre su estilo de vida, dieta y exposiciones ocupacionales\u00bb, dice Halden. \u00abDebido a que estos donantes tienen historias tan bien definidas, nuestro estudio proporciona las primeras pistas sobre posibles fuentes y rutas de exposici\u00f3n a micro y nanopl\u00e1sticos\u00bb.<\/p>\n<p style=\"text-align: justify\">\u00bfDeber\u00eda preocuparse la gente por\u00a0<strong>la alta frecuencia de detecci\u00f3n de componentes pl\u00e1sticos<\/strong>\u00a0en los tejidos humanos? \u00abNunca queremos ser alarmistas, pero es preocupante que estos materiales no biodegradables que est\u00e1n presentes en todas partes puedan ingresar y acumularse en los tejidos humanos, y no conocemos los posibles efectos en la salud\u00bb, dice Kelkar.<\/p>\n<p style=\"text-align: justify\">\u00abUna vez que tengamos una mejor idea de lo que hay en los tejidos, podemos realizar estudios epidemiol\u00f3gicos para evaluar los resultados de la salud humana. De esa manera, podemos comenzar a comprender los posibles riesgos para la salud, si los hay\u00bb.<\/p>\n<p>Fuente: Econoticias<\/p>\n","protected":false},"excerpt":{"rendered":"<p>REDACCI\u00d3N NOTI AM\u00c9RICA (ECUADOR) La contaminaci\u00f3n pl\u00e1stica, que se hace cada vez m\u00e1s patente en la tierra, el agua y el aire, se ha hecho detectable tambi\u00e9n en \u00f3rganos y tejidos humanos en forma&#46;&#46;&#46;<\/p>\n","protected":false},"author":17,"featured_media":10203,"comment_status":"open","ping_status":"open","sticky":false,"template":"","format":"standard","meta":{"_acf_changed":false,"om_disable_all_campaigns":false,"rop_custom_images_group":[],"rop_custom_messages_group":[],"rop_publish_now":"initial","rop_publish_now_accounts":{"twitter_242054905_242054905":""},"rop_publish_now_history":[],"rop_publish_now_status":"pending","_uf_show_specific_survey":0,"_uf_disable_surveys":false,"footnotes":""},"categories":[79],"tags":[],"class_list":["post-10202","post","type-post","status-publish","format-standard","has-post-thumbnail","hentry","category-ambiental"],"acf":[],"aioseo_notices":[],"yoast_head":"<!-- This site is optimized with the Yoast SEO Premium plugin v24.9 (Yoast SEO v27.2) - https:\/\/yoast.com\/product\/yoast-seo-premium-wordpress\/ -->\n<title>Los microplasticos ya est\u00e1n en los tejidos del cuerpo humano - Ecuador | Noti-America.com<\/title>\n<meta name=\"robots\" content=\"index, follow, max-snippet:-1, max-image-preview:large, max-video-preview:-1\" \/>\n<link rel=\"canonical\" href=\"https:\/\/noti-america.com\/site\/ecuador\/2020\/08\/22\/los-microplasticos-ya-estan-en-los-tejidos-del-cuerpo-humano\/\" \/>\n<meta property=\"og:locale\" content=\"es_ES\" \/>\n<meta property=\"og:type\" content=\"article\" \/>\n<meta property=\"og:title\" content=\"Los microplasticos ya est\u00e1n en los tejidos del cuerpo humano\" \/>\n<meta property=\"og:description\" content=\"REDACCI\u00d3N NOTI AM\u00c9RICA (ECUADOR) La contaminaci\u00f3n pl\u00e1stica, que se hace cada vez m\u00e1s patente en la tierra, el agua y el aire, se ha hecho detectable tambi\u00e9n en \u00f3rganos y tejidos humanos en forma&#046;&#046;&#046;\" \/>\n<meta property=\"og:url\" content=\"https:\/\/noti-america.com\/site\/ecuador\/2020\/08\/22\/los-microplasticos-ya-estan-en-los-tejidos-del-cuerpo-humano\/\" \/>\n<meta property=\"og:site_name\" content=\"Ecuador | Noti-America.com\" \/>\n<meta property=\"article:published_time\" content=\"2020-08-22T21:40:52+00:00\" \/>\n<meta property=\"og:image\" content=\"https:\/\/noti-america.com\/site\/ecuador\/wp-content\/uploads\/sites\/18\/2020\/08\/Microplasticos-en-el-cuerpo-humano.jpg\" \/>\n\t<meta property=\"og:image:width\" content=\"730\" \/>\n\t<meta property=\"og:image:height\" content=\"456\" \/>\n\t<meta property=\"og:image:type\" content=\"image\/jpeg\" \/>\n<meta name=\"author\" content=\"Gregory Quintana Montiel\" \/>\n<meta name=\"twitter:card\" content=\"summary_large_image\" \/>\n<meta name=\"twitter:creator\" content=\"@gdgregori1\" \/>\n<meta name=\"twitter:site\" content=\"@notiamerica\" \/>\n<meta name=\"twitter:label1\" content=\"Escrito por\" \/>\n\t<meta name=\"twitter:data1\" content=\"Gregory Quintana Montiel\" \/>\n\t<meta name=\"twitter:label2\" content=\"Tiempo estimado de lectura\" \/>\n\t<meta name=\"twitter:data2\" content=\"4 minutos\" \/>\n<script type=\"application\/ld+json\" class=\"yoast-schema-graph\">{\"@context\":\"https:\/\/schema.org\",\"@graph\":[{\"@type\":\"Article\",\"@id\":\"https:\/\/noti-america.com\/site\/ecuador\/2020\/08\/22\/los-microplasticos-ya-estan-en-los-tejidos-del-cuerpo-humano\/#article\",\"isPartOf\":{\"@id\":\"https:\/\/noti-america.com\/site\/ecuador\/2020\/08\/22\/los-microplasticos-ya-estan-en-los-tejidos-del-cuerpo-humano\/\"},\"author\":{\"name\":\"Gregory Quintana Montiel\",\"@id\":\"https:\/\/noti-america.com\/site\/ecuador\/#\/schema\/person\/3b975e42f15abfe64bfe3abdd916efda\"},\"headline\":\"Los microplasticos ya est\u00e1n en los tejidos del cuerpo humano\",\"datePublished\":\"2020-08-22T21:40:52+00:00\",\"mainEntityOfPage\":{\"@id\":\"https:\/\/noti-america.com\/site\/ecuador\/2020\/08\/22\/los-microplasticos-ya-estan-en-los-tejidos-del-cuerpo-humano\/\"},\"wordCount\":728,\"commentCount\":0,\"publisher\":{\"@id\":\"https:\/\/noti-america.com\/site\/ecuador\/#organization\"},\"image\":{\"@id\":\"https:\/\/noti-america.com\/site\/ecuador\/2020\/08\/22\/los-microplasticos-ya-estan-en-los-tejidos-del-cuerpo-humano\/#primaryimage\"},\"thumbnailUrl\":\"https:\/\/noti-america.com\/site\/ecuador\/wp-content\/uploads\/sites\/18\/2020\/08\/Microplasticos-en-el-cuerpo-humano.jpg\",\"articleSection\":[\"Ambiental\"],\"inLanguage\":\"es\",\"potentialAction\":[{\"@type\":\"CommentAction\",\"name\":\"Comment\",\"target\":[\"https:\/\/noti-america.com\/site\/ecuador\/2020\/08\/22\/los-microplasticos-ya-estan-en-los-tejidos-del-cuerpo-humano\/#respond\"]}]},{\"@type\":\"WebPage\",\"@id\":\"https:\/\/noti-america.com\/site\/ecuador\/2020\/08\/22\/los-microplasticos-ya-estan-en-los-tejidos-del-cuerpo-humano\/\",\"url\":\"https:\/\/noti-america.com\/site\/ecuador\/2020\/08\/22\/los-microplasticos-ya-estan-en-los-tejidos-del-cuerpo-humano\/\",\"name\":\"Los microplasticos ya est\u00e1n en los tejidos del cuerpo humano - Ecuador | Noti-America.com\",\"isPartOf\":{\"@id\":\"https:\/\/noti-america.com\/site\/ecuador\/#website\"},\"primaryImageOfPage\":{\"@id\":\"https:\/\/noti-america.com\/site\/ecuador\/2020\/08\/22\/los-microplasticos-ya-estan-en-los-tejidos-del-cuerpo-humano\/#primaryimage\"},\"image\":{\"@id\":\"https:\/\/noti-america.com\/site\/ecuador\/2020\/08\/22\/los-microplasticos-ya-estan-en-los-tejidos-del-cuerpo-humano\/#primaryimage\"},\"thumbnailUrl\":\"https:\/\/noti-america.com\/site\/ecuador\/wp-content\/uploads\/sites\/18\/2020\/08\/Microplasticos-en-el-cuerpo-humano.jpg\",\"datePublished\":\"2020-08-22T21:40:52+00:00\",\"breadcrumb\":{\"@id\":\"https:\/\/noti-america.com\/site\/ecuador\/2020\/08\/22\/los-microplasticos-ya-estan-en-los-tejidos-del-cuerpo-humano\/#breadcrumb\"},\"inLanguage\":\"es\",\"potentialAction\":[{\"@type\":\"ReadAction\",\"target\":[\"https:\/\/noti-america.com\/site\/ecuador\/2020\/08\/22\/los-microplasticos-ya-estan-en-los-tejidos-del-cuerpo-humano\/\"]}]},{\"@type\":\"ImageObject\",\"inLanguage\":\"es\",\"@id\":\"https:\/\/noti-america.com\/site\/ecuador\/2020\/08\/22\/los-microplasticos-ya-estan-en-los-tejidos-del-cuerpo-humano\/#primaryimage\",\"url\":\"https:\/\/noti-america.com\/site\/ecuador\/wp-content\/uploads\/sites\/18\/2020\/08\/Microplasticos-en-el-cuerpo-humano.jpg\",\"contentUrl\":\"https:\/\/noti-america.com\/site\/ecuador\/wp-content\/uploads\/sites\/18\/2020\/08\/Microplasticos-en-el-cuerpo-humano.jpg\",\"width\":730,\"height\":456},{\"@type\":\"BreadcrumbList\",\"@id\":\"https:\/\/noti-america.com\/site\/ecuador\/2020\/08\/22\/los-microplasticos-ya-estan-en-los-tejidos-del-cuerpo-humano\/#breadcrumb\",\"itemListElement\":[{\"@type\":\"ListItem\",\"position\":1,\"name\":\"Portada\",\"item\":\"https:\/\/noti-america.com\/site\/ecuador\/\"},{\"@type\":\"ListItem\",\"position\":2,\"name\":\"Los microplasticos ya est\u00e1n en los tejidos del cuerpo humano\"}]},{\"@type\":\"WebSite\",\"@id\":\"https:\/\/noti-america.com\/site\/ecuador\/#website\",\"url\":\"https:\/\/noti-america.com\/site\/ecuador\/\",\"name\":\"Ecuador | Noti-America.com\",\"description\":\"\",\"publisher\":{\"@id\":\"https:\/\/noti-america.com\/site\/ecuador\/#organization\"},\"potentialAction\":[{\"@type\":\"SearchAction\",\"target\":{\"@type\":\"EntryPoint\",\"urlTemplate\":\"https:\/\/noti-america.com\/site\/ecuador\/?s={search_term_string}\"},\"query-input\":{\"@type\":\"PropertyValueSpecification\",\"valueRequired\":true,\"valueName\":\"search_term_string\"}}],\"inLanguage\":\"es\"},{\"@type\":\"Organization\",\"@id\":\"https:\/\/noti-america.com\/site\/ecuador\/#organization\",\"name\":\"Noti-America LLC | Ecuador\",\"url\":\"https:\/\/noti-america.com\/site\/ecuador\/\",\"logo\":{\"@type\":\"ImageObject\",\"inLanguage\":\"es\",\"@id\":\"https:\/\/noti-america.com\/site\/ecuador\/#\/schema\/logo\/image\/\",\"url\":\"https:\/\/noti-america.com\/site\/ecuador\/wp-content\/uploads\/sites\/18\/2020\/07\/LogoNA-4x3-1.jpg\",\"contentUrl\":\"https:\/\/noti-america.com\/site\/ecuador\/wp-content\/uploads\/sites\/18\/2020\/07\/LogoNA-4x3-1.jpg\",\"width\":1236,\"height\":1080,\"caption\":\"Noti-America LLC | Ecuador\"},\"image\":{\"@id\":\"https:\/\/noti-america.com\/site\/ecuador\/#\/schema\/logo\/image\/\"},\"sameAs\":[\"https:\/\/x.com\/notiamerica\"]},{\"@type\":\"Person\",\"@id\":\"https:\/\/noti-america.com\/site\/ecuador\/#\/schema\/person\/3b975e42f15abfe64bfe3abdd916efda\",\"name\":\"Gregory Quintana Montiel\",\"image\":{\"@type\":\"ImageObject\",\"inLanguage\":\"es\",\"@id\":\"https:\/\/secure.gravatar.com\/avatar\/2d6b802f7720c2ec7744dcbe608cc2f3417aeb964d58b443c6d612b77531de1d?s=96&d=mm&r=g\",\"url\":\"https:\/\/secure.gravatar.com\/avatar\/2d6b802f7720c2ec7744dcbe608cc2f3417aeb964d58b443c6d612b77531de1d?s=96&d=mm&r=g\",\"contentUrl\":\"https:\/\/secure.gravatar.com\/avatar\/2d6b802f7720c2ec7744dcbe608cc2f3417aeb964d58b443c6d612b77531de1d?s=96&d=mm&r=g\",\"caption\":\"Gregory Quintana Montiel\"},\"description\":\"Licenciatura en Ciencias de la Comunicaci\u00f3n Social, egresado en la Especializaci\u00f3n Derecho Ambiental Desarrollo Sostenible y Sustentable, Miembro de la Comunidad de profesionales y experto para Latinoam\u00e9rica y el Caribe en Gesti\u00f3n por Resultado en el Desarrollo (COPLAC - GpRD) del Banco Interamericano de Desarrollo, experiencia en medios radiales y escritos.\",\"sameAs\":[\"https:\/\/x.com\/gdgregori1\",\"gquintana\"],\"url\":\"https:\/\/noti-america.com\/site\/ecuador\/author\/gquintana\/\"}]}<\/script>\n<!-- \/ Yoast SEO Premium plugin. -->","yoast_head_json":{"title":"Los microplasticos ya est\u00e1n en los tejidos del cuerpo humano - Ecuador | Noti-America.com","robots":{"index":"index","follow":"follow","max-snippet":"max-snippet:-1","max-image-preview":"max-image-preview:large","max-video-preview":"max-video-preview:-1"},"canonical":"https:\/\/noti-america.com\/site\/ecuador\/2020\/08\/22\/los-microplasticos-ya-estan-en-los-tejidos-del-cuerpo-humano\/","og_locale":"es_ES","og_type":"article","og_title":"Los microplasticos ya est\u00e1n en los tejidos del cuerpo humano","og_description":"REDACCI\u00d3N NOTI AM\u00c9RICA (ECUADOR) La contaminaci\u00f3n pl\u00e1stica, que se hace cada vez m\u00e1s patente en la tierra, el agua y el aire, se ha hecho detectable tambi\u00e9n en \u00f3rganos y tejidos humanos en forma&#46;&#46;&#46;","og_url":"https:\/\/noti-america.com\/site\/ecuador\/2020\/08\/22\/los-microplasticos-ya-estan-en-los-tejidos-del-cuerpo-humano\/","og_site_name":"Ecuador | Noti-America.com","article_published_time":"2020-08-22T21:40:52+00:00","og_image":[{"width":730,"height":456,"url":"https:\/\/noti-america.com\/site\/ecuador\/wp-content\/uploads\/sites\/18\/2020\/08\/Microplasticos-en-el-cuerpo-humano.jpg","type":"image\/jpeg"}],"author":"Gregory Quintana Montiel","twitter_card":"summary_large_image","twitter_creator":"@gdgregori1","twitter_site":"@notiamerica","twitter_misc":{"Escrito por":"Gregory Quintana Montiel","Tiempo estimado de lectura":"4 minutos"},"schema":{"@context":"https:\/\/schema.org","@graph":[{"@type":"Article","@id":"https:\/\/noti-america.com\/site\/ecuador\/2020\/08\/22\/los-microplasticos-ya-estan-en-los-tejidos-del-cuerpo-humano\/#article","isPartOf":{"@id":"https:\/\/noti-america.com\/site\/ecuador\/2020\/08\/22\/los-microplasticos-ya-estan-en-los-tejidos-del-cuerpo-humano\/"},"author":{"name":"Gregory Quintana Montiel","@id":"https:\/\/noti-america.com\/site\/ecuador\/#\/schema\/person\/3b975e42f15abfe64bfe3abdd916efda"},"headline":"Los microplasticos ya est\u00e1n en los tejidos del cuerpo humano","datePublished":"2020-08-22T21:40:52+00:00","mainEntityOfPage":{"@id":"https:\/\/noti-america.com\/site\/ecuador\/2020\/08\/22\/los-microplasticos-ya-estan-en-los-tejidos-del-cuerpo-humano\/"},"wordCount":728,"commentCount":0,"publisher":{"@id":"https:\/\/noti-america.com\/site\/ecuador\/#organization"},"image":{"@id":"https:\/\/noti-america.com\/site\/ecuador\/2020\/08\/22\/los-microplasticos-ya-estan-en-los-tejidos-del-cuerpo-humano\/#primaryimage"},"thumbnailUrl":"https:\/\/noti-america.com\/site\/ecuador\/wp-content\/uploads\/sites\/18\/2020\/08\/Microplasticos-en-el-cuerpo-humano.jpg","articleSection":["Ambiental"],"inLanguage":"es","potentialAction":[{"@type":"CommentAction","name":"Comment","target":["https:\/\/noti-america.com\/site\/ecuador\/2020\/08\/22\/los-microplasticos-ya-estan-en-los-tejidos-del-cuerpo-humano\/#respond"]}]},{"@type":"WebPage","@id":"https:\/\/noti-america.com\/site\/ecuador\/2020\/08\/22\/los-microplasticos-ya-estan-en-los-tejidos-del-cuerpo-humano\/","url":"https:\/\/noti-america.com\/site\/ecuador\/2020\/08\/22\/los-microplasticos-ya-estan-en-los-tejidos-del-cuerpo-humano\/","name":"Los microplasticos ya est\u00e1n en los tejidos del cuerpo humano - Ecuador | Noti-America.com","isPartOf":{"@id":"https:\/\/noti-america.com\/site\/ecuador\/#website"},"primaryImageOfPage":{"@id":"https:\/\/noti-america.com\/site\/ecuador\/2020\/08\/22\/los-microplasticos-ya-estan-en-los-tejidos-del-cuerpo-humano\/#primaryimage"},"image":{"@id":"https:\/\/noti-america.com\/site\/ecuador\/2020\/08\/22\/los-microplasticos-ya-estan-en-los-tejidos-del-cuerpo-humano\/#primaryimage"},"thumbnailUrl":"https:\/\/noti-america.com\/site\/ecuador\/wp-content\/uploads\/sites\/18\/2020\/08\/Microplasticos-en-el-cuerpo-humano.jpg","datePublished":"2020-08-22T21:40:52+00:00","breadcrumb":{"@id":"https:\/\/noti-america.com\/site\/ecuador\/2020\/08\/22\/los-microplasticos-ya-estan-en-los-tejidos-del-cuerpo-humano\/#breadcrumb"},"inLanguage":"es","potentialAction":[{"@type":"ReadAction","target":["https:\/\/noti-america.com\/site\/ecuador\/2020\/08\/22\/los-microplasticos-ya-estan-en-los-tejidos-del-cuerpo-humano\/"]}]},{"@type":"ImageObject","inLanguage":"es","@id":"https:\/\/noti-america.com\/site\/ecuador\/2020\/08\/22\/los-microplasticos-ya-estan-en-los-tejidos-del-cuerpo-humano\/#primaryimage","url":"https:\/\/noti-america.com\/site\/ecuador\/wp-content\/uploads\/sites\/18\/2020\/08\/Microplasticos-en-el-cuerpo-humano.jpg","contentUrl":"https:\/\/noti-america.com\/site\/ecuador\/wp-content\/uploads\/sites\/18\/2020\/08\/Microplasticos-en-el-cuerpo-humano.jpg","width":730,"height":456},{"@type":"BreadcrumbList","@id":"https:\/\/noti-america.com\/site\/ecuador\/2020\/08\/22\/los-microplasticos-ya-estan-en-los-tejidos-del-cuerpo-humano\/#breadcrumb","itemListElement":[{"@type":"ListItem","position":1,"name":"Portada","item":"https:\/\/noti-america.com\/site\/ecuador\/"},{"@type":"ListItem","position":2,"name":"Los microplasticos ya est\u00e1n en los tejidos del cuerpo humano"}]},{"@type":"WebSite","@id":"https:\/\/noti-america.com\/site\/ecuador\/#website","url":"https:\/\/noti-america.com\/site\/ecuador\/","name":"Ecuador | Noti-America.com","description":"","publisher":{"@id":"https:\/\/noti-america.com\/site\/ecuador\/#organization"},"potentialAction":[{"@type":"SearchAction","target":{"@type":"EntryPoint","urlTemplate":"https:\/\/noti-america.com\/site\/ecuador\/?s={search_term_string}"},"query-input":{"@type":"PropertyValueSpecification","valueRequired":true,"valueName":"search_term_string"}}],"inLanguage":"es"},{"@type":"Organization","@id":"https:\/\/noti-america.com\/site\/ecuador\/#organization","name":"Noti-America LLC | Ecuador","url":"https:\/\/noti-america.com\/site\/ecuador\/","logo":{"@type":"ImageObject","inLanguage":"es","@id":"https:\/\/noti-america.com\/site\/ecuador\/#\/schema\/logo\/image\/","url":"https:\/\/noti-america.com\/site\/ecuador\/wp-content\/uploads\/sites\/18\/2020\/07\/LogoNA-4x3-1.jpg","contentUrl":"https:\/\/noti-america.com\/site\/ecuador\/wp-content\/uploads\/sites\/18\/2020\/07\/LogoNA-4x3-1.jpg","width":1236,"height":1080,"caption":"Noti-America LLC | Ecuador"},"image":{"@id":"https:\/\/noti-america.com\/site\/ecuador\/#\/schema\/logo\/image\/"},"sameAs":["https:\/\/x.com\/notiamerica"]},{"@type":"Person","@id":"https:\/\/noti-america.com\/site\/ecuador\/#\/schema\/person\/3b975e42f15abfe64bfe3abdd916efda","name":"Gregory Quintana Montiel","image":{"@type":"ImageObject","inLanguage":"es","@id":"https:\/\/secure.gravatar.com\/avatar\/2d6b802f7720c2ec7744dcbe608cc2f3417aeb964d58b443c6d612b77531de1d?s=96&d=mm&r=g","url":"https:\/\/secure.gravatar.com\/avatar\/2d6b802f7720c2ec7744dcbe608cc2f3417aeb964d58b443c6d612b77531de1d?s=96&d=mm&r=g","contentUrl":"https:\/\/secure.gravatar.com\/avatar\/2d6b802f7720c2ec7744dcbe608cc2f3417aeb964d58b443c6d612b77531de1d?s=96&d=mm&r=g","caption":"Gregory Quintana Montiel"},"description":"Licenciatura en Ciencias de la Comunicaci\u00f3n Social, egresado en la Especializaci\u00f3n Derecho Ambiental Desarrollo Sostenible y Sustentable, Miembro de la Comunidad de profesionales y experto para Latinoam\u00e9rica y el Caribe en Gesti\u00f3n por Resultado en el Desarrollo (COPLAC - GpRD) del Banco Interamericano de Desarrollo, experiencia en medios radiales y escritos.","sameAs":["https:\/\/x.com\/gdgregori1","gquintana"],"url":"https:\/\/noti-america.com\/site\/ecuador\/author\/gquintana\/"}]}},"_links":{"self":[{"href":"https:\/\/noti-america.com\/site\/ecuador\/wp-json\/wp\/v2\/posts\/10202","targetHints":{"allow":["GET"]}}],"collection":[{"href":"https:\/\/noti-america.com\/site\/ecuador\/wp-json\/wp\/v2\/posts"}],"about":[{"href":"https:\/\/noti-america.com\/site\/ecuador\/wp-json\/wp\/v2\/types\/post"}],"author":[{"embeddable":true,"href":"https:\/\/noti-america.com\/site\/ecuador\/wp-json\/wp\/v2\/users\/17"}],"replies":[{"embeddable":true,"href":"https:\/\/noti-america.com\/site\/ecuador\/wp-json\/wp\/v2\/comments?post=10202"}],"version-history":[{"count":1,"href":"https:\/\/noti-america.com\/site\/ecuador\/wp-json\/wp\/v2\/posts\/10202\/revisions"}],"predecessor-version":[{"id":10204,"href":"https:\/\/noti-america.com\/site\/ecuador\/wp-json\/wp\/v2\/posts\/10202\/revisions\/10204"}],"wp:featuredmedia":[{"embeddable":true,"href":"https:\/\/noti-america.com\/site\/ecuador\/wp-json\/wp\/v2\/media\/10203"}],"wp:attachment":[{"href":"https:\/\/noti-america.com\/site\/ecuador\/wp-json\/wp\/v2\/media?parent=10202"}],"wp:term":[{"taxonomy":"category","embeddable":true,"href":"https:\/\/noti-america.com\/site\/ecuador\/wp-json\/wp\/v2\/categories?post=10202"},{"taxonomy":"post_tag","embeddable":true,"href":"https:\/\/noti-america.com\/site\/ecuador\/wp-json\/wp\/v2\/tags?post=10202"}],"curies":[{"name":"wp","href":"https:\/\/api.w.org\/{rel}","templated":true}]}}