{"id":10048,"date":"2020-08-10T23:51:29","date_gmt":"2020-08-10T23:51:29","guid":{"rendered":"https:\/\/noti-america.com\/site\/ecuador\/?p=10048"},"modified":"2020-08-10T23:51:29","modified_gmt":"2020-08-10T23:51:29","slug":"peru-avanza-hacia-la-carbono-neutralidad-con-un-plan-ambicioso-participativo-y-robusto","status":"publish","type":"post","link":"https:\/\/noti-america.com\/site\/ecuador\/2020\/08\/10\/peru-avanza-hacia-la-carbono-neutralidad-con-un-plan-ambicioso-participativo-y-robusto\/","title":{"rendered":"Per\u00fa avanza hacia la carbono-neutralidad con un plan ambicioso, participativo y robusto"},"content":{"rendered":"<p>REDACCI\u00d3N NOTI AM\u00c9RICA (ECUADOR)<\/p>\n<ul>\n<li style=\"text-align: justify\">\n<h2><em><strong>Descarbonizar puede crear 15 millones de empleos netos para 2030<\/strong><\/em><\/h2>\n<\/li>\n<\/ul>\n<div style=\"width: 1908px\" class=\"wp-caption alignnone\"><img loading=\"lazy\" decoding=\"async\" src=\"https:\/\/blogs.iadb.org\/sostenibilidad\/wp-content\/uploads\/sites\/26\/2020\/08\/Ciclovia-en-Lima-e1596481747217.jpg\" alt=\"\" width=\"1898\" height=\"1149\" \/><p class=\"wp-caption-text\">Peru<\/p><\/div>\n<p style=\"text-align: justify\">A pesar de la pandemia global, este\u00a0a\u00f1o\u00a0es sumamente\u00a0importante\u00a0para\u00a0la agenda clim\u00e1tica internacional.\u00a0Conforme\u00a0al\u00a0Acuerdo de Par\u00eds, es el\u00a0a\u00f1o\u00a0en que los pa\u00edses\u00a0signatarios\u00a0deben presentar\u00a0sus\u00a0Contribuciones Nacionalmente Determinadas (NDC, por sus siglas en ingl\u00e9s) nuevas o actualizadas\u00a0con miras al 2030,\u00a0considerando\u00a0mayores niveles de ambici\u00f3n.<\/p>\n<p style=\"text-align: justify\">Asimismo, es\u00a0el\u00a0a\u00f1o\u00a0en que empieza la implementaci\u00f3n formal del Acuerdo de Par\u00eds y en el que los pa\u00edses signatarios son invitados a presentar sus\u00a0Estrategias de Largo Plazo\u00a0para la Descarbonizaci\u00f3n\u00a0(LTS, por sus siglas en ingl\u00e9s).<\/p>\n<p style=\"text-align: justify\">Las LTS son instrumentos que permiten a los pa\u00edses definir las v\u00edas tecnol\u00f3gicas para descarbonizar sus econom\u00edas y los arreglos institucionales y de pol\u00edtica p\u00fablica para implementarlas. As\u00ed\u00a0tambi\u00e9n, permite anticipar los desaf\u00edos de la descarbonizaci\u00f3n y\u00a0dise\u00f1ar\u00a0estrategias en etapas tempranas para asegurar una transici\u00f3n justa\u00a0a\u00a0aquellos que podr\u00edan verse afectados por la transformaci\u00f3n.<\/p>\n<p style=\"text-align: justify\">El\u00a0desarrollo\u00a0de\u00a0LTS es\u00a0urgente. La ciencia es clara sobre la necesidad de alcanzar cero emisiones netas al 2050 para evitar un calentamiento por sobre los 1.5\u00b0C\u00a0y las consecuencias sin retorno de este hito.\u00a0Un \u00faltimo dato interesante para considerar\u00a0sobre las LTS es que, si bien fueron inicialmente ideadas como estrategias de descarbonizaci\u00f3n\u00a0para reducir las emisiones, muchos pa\u00edses est\u00e1n incluyendo estrategias de adaptaci\u00f3n a largo plazo en su dise\u00f1o.<\/p>\n<h2 style=\"text-align: justify\"><strong>Descarbonizar viene con\u00a0<\/strong><strong>muchos\u00a0<\/strong><strong>beneficios<\/strong><\/h2>\n<p style=\"text-align: justify\">Una\u00a0reciente publicaci\u00f3n del BID y la OIT revela que la descarbonizaci\u00f3n en la regi\u00f3n de Am\u00e9rica Latina y el Caribe (LAC) puede crear 15 millones de empleos netos para 2030 en sectores como la agricultura sostenible, la construcci\u00f3n y la energ\u00eda renovable. As\u00ed tambi\u00e9n, traer\u00e1 nuevas inversiones, descongestionar\u00e1 el tr\u00e1fico en las ciudades, impulsar\u00e1 la movilidad el\u00e9ctrica,\u00a0aumentar\u00e1\u00a0la\u00a0competitividad, la calidad del aire, y la calidad de vida de las personas. Esto es a\u00fan m\u00e1s relevante en el contexto de\u00a0la actual crisis mundial del COVID-19 y la posterior recuperaci\u00f3n econ\u00f3mica.<\/p>\n<p style=\"text-align: justify\">Algunos\u00a0pa\u00edses\u00a0latinoamericanos\u00a0est\u00e1n en la vanguardia de la agenda clim\u00e1tica.\u00a0Por ejemplo,\u00a0Costa Rica ya present\u00f3 su LTS, y pa\u00edses como Colombia, Chile y Per\u00fa est\u00e1n activamente trabajando en desarrollar\u00a0sus estrategias. El BID, a trav\u00e9s de\u00a0NDC\u00a0INVEST\u00a0y el proyecto\u00a0<em>Deep\u00a0Decarbonization\u00a0Pathways\u00a0for\u00a0Latin\u00a0America\u00a0and\u00a0the\u00a0Caribbean<\/em>\u00a0(DDPLAC),\u00a0est\u00e1 apoyando a estos cuatro pa\u00edses vanguardistas en el dise\u00f1o de sus LTS.\u00a0.<\/p>\n<h2 style=\"text-align: justify\"><strong>Per\u00fa\u00a0<\/strong><strong>avanza<\/strong><strong>\u00a0<\/strong><strong>hacia la carbono<\/strong><strong>\u2013<\/strong><strong>neutralidad\u00a0<\/strong><\/h2>\n<p style=\"text-align: justify\">El\u00a0Per\u00fa\u00a0es uno de los pa\u00edses\u00a0latinoamericanos\u00a0m\u00e1s impactados por el\u00a0COVID-19\u00a0y se espera\u00a0un proceso de recuperaci\u00f3n de considerables proporciones, que denomina \u201creactivaci\u00f3n econ\u00f3mica clim\u00e1ticamente inteligente\u201d.<\/p>\n<p style=\"text-align: justify\">Por ello,\u00a0el\u00a0pa\u00eds\u00a0ve la agenda clim\u00e1tica como una oportunidad para\u00a0impulsar una\u00a0reactivaci\u00f3n econ\u00f3mica sostenible\u00a0e\u00a0inclusiva\u00a0y mejorar la calidad de vida de los peruanos, y\u00a0avanza a pasos\u00a0muy importantes\u00a0con su compromiso ante el Acuerdo de Par\u00eds.<\/p>\n<p style=\"text-align: justify\">Est\u00e1n\u00a0actualizando\u00a0su NDC,\u00a0finalizando el\u00a0Plan Nacional de Adaptaci\u00f3n, y\u00a0tambi\u00e9n est\u00e1n actualizando\u00a0la Estrategia Nacional\u00a0ante el Cambio Clim\u00e1tico al a\u00f1o 2050\u00a0(la Estrategia), que\u00a0incorpora\u00a0una visi\u00f3n a la carbono-neutralidad y la adaptaci\u00f3n a largo plazo,\u00a0y que presentar\u00e1n\u00a0como su LTS en la COP26 en Glasgow\u00a0en\u00a0noviembre de 2021.<\/p>\n<p style=\"text-align: justify\">Para seguir\u00a0con\u00a0los avances,\u00a0DDPLAC,\u00a0NDC\u00a0INVEST\u00a0y la\u00a0<em>2050 Pat<\/em><em>h<\/em><em>ways\u00a0<\/em><em>Platform<\/em>\u00a0est\u00e1n\u00a0apoyando\u00a0al Gobierno\u00a0del\u00a0Per\u00fa a informar\u00a0la actualizaci\u00f3n de la Estrategia\u00a0mediante\u00a0una t\u00e9cnica innovadora\u00a0de Toma de Decisi\u00f3n Robusta\u00a0(RDM, por sus siglas en ingl\u00e9s), que\u00a0modela rutas tecnol\u00f3gicas para la descarbonizaci\u00f3n bajo los siguientes principios:<\/p>\n<ul style=\"text-align: justify\">\n<li><strong>Co-construcci\u00f3n\u00a0y alineaci\u00f3n con m\u00faltiples objetivos de desarrollo:<\/strong>\u00a0las opciones de descarbonizaci\u00f3n son discutidas con actores relevantes de la sociedad\u00a0peruana, no s\u00f3lo en t\u00e9rminos de su potencial para lograr cero emisiones netas al 2050, sino\u00a0tambi\u00e9n\u00a0en t\u00e9rminos de sus potenciales beneficios\u00a0y alineaci\u00f3n con otros objetivos de desarrollo, costos,\u00a0e incertidumbres a considerar. De esta manera, la modelaci\u00f3n incorpora opciones de descarbonizaci\u00f3n\u00a0que maximicen\u00a0la calidad de vida de los peruanos y lleve a costos manejables para los ciudadanos, el sector privado, y el Gobierno. En\u00a0abril del presente\u00a0a\u00f1o,\u00a0se realizaron\u00a0los primeros talleres\u00a0con actores de los sectores\u00a0m\u00e1s importantes en t\u00e9rminos de emisiones de gases de efecto invernadero:\u00a0energ\u00eda, transporte, bosques, agricultura, industrias y residuos.<\/li>\n<li><strong>Ambici\u00f3n y contexto local:<\/strong>\u00a0el proceso de\u00a0co-construcci\u00f3n\u00a0con los actores que mejor conocen\u00a0el funcionamiento de\u00a0la econom\u00eda y sociedad peruana permite trabajar sobre el dise\u00f1o de una LTS que ser\u00e1 acorde a la realidad del pa\u00eds y que\u00a0construir\u00e1 sobre procesos existentes en\u00a0la agenda clim\u00e1tica y de desarrollo del\u00a0Per\u00fa.<\/li>\n<li><strong>Robustez:<\/strong>\u00a0RDM\u00a0incorpora variables de incertidumbre mediante la simulaci\u00f3n de cientos de escenarios, haci\u00e9ndolas robustas ante la incertidumbre. As\u00ed tambi\u00e9n, permite identificar las vulnerabilidades\u00a0m\u00e1s importantes y posibles medidas de acci\u00f3n para\u00a0contrarrestarlas.<\/li>\n<li><strong>Generaci\u00f3n de capacidades locales:<\/strong>\u00a0El proyecto\u00a0busca instalar capacidad\u00a0anal\u00edtica\u00a0en el Per\u00fa\u00a0e institucionalizar la relaci\u00f3n ciencia-toma de decisiones.\u00a0En\u00a0el pa\u00eds,\u00a0un equipo de investigadores\u00a0de la Universidad del Pac\u00edfico, que lidera el proceso,\u00a0est\u00e1\u00a0siendo capacitado por la Universidad de Costa Rica para combinar\u00a0sus capacidades anal\u00edticas\u00a0existentes\u00a0con el uso del m\u00e9todo RDM. Los profesionales de la UCR utilizaron exitosamente esta herramienta para estimar los costos y beneficios del Plan de Descarbonizaci\u00f3n de Costa Rica.<\/li>\n<\/ul>\n<p style=\"text-align: justify\">Una segunda ronda de talleres organizada por el Ministerio del Ambiente se realizar\u00e1 en el mes de\u00a0agosto\u00a0para compartir\u00a0los resultados preliminares del proyecto a los sectores y\u00a0refinarlos\u00a0en base a\u00a0su retroalimentaci\u00f3n.\u00a0De esta forma,\u00a0Per\u00fa\u00a0avanza hacia la\u00a0definici\u00f3n de\u00a0una LTS robusta y\u00a0ratifica su compromiso con\u00a0la ambici\u00f3n clim\u00e1tica\u00a0y\u00a0una reactivaci\u00f3n econ\u00f3mica\u00a0sostenible e inclusiva.<\/p>\n<p>Fuente: BID<\/p>\n","protected":false},"excerpt":{"rendered":"<p>REDACCI\u00d3N NOTI AM\u00c9RICA (ECUADOR) Descarbonizar puede crear 15 millones de empleos netos para 2030 A pesar de la pandemia global, este\u00a0a\u00f1o\u00a0es sumamente\u00a0importante\u00a0para\u00a0la agenda clim\u00e1tica internacional.\u00a0Conforme\u00a0al\u00a0Acuerdo de Par\u00eds, es el\u00a0a\u00f1o\u00a0en que los pa\u00edses\u00a0signatarios\u00a0deben presentar\u00a0sus\u00a0Contribuciones Nacionalmente&#46;&#46;&#46;<\/p>\n","protected":false},"author":17,"featured_media":10049,"comment_status":"open","ping_status":"open","sticky":false,"template":"","format":"standard","meta":{"_acf_changed":false,"om_disable_all_campaigns":false,"rop_custom_images_group":[],"rop_custom_messages_group":[],"rop_publish_now":"initial","rop_publish_now_accounts":{"twitter_242054905_242054905":""},"rop_publish_now_history":[],"rop_publish_now_status":"pending","_uf_show_specific_survey":0,"_uf_disable_surveys":false,"footnotes":""},"categories":[111],"tags":[],"class_list":["post-10048","post","type-post","status-publish","format-standard","has-post-thumbnail","hentry","category-sostenibilidad-y-cambio-climatico"],"acf":[],"aioseo_notices":[],"yoast_head":"<!-- This site is optimized with the Yoast SEO Premium plugin v24.9 (Yoast SEO v27.2) - https:\/\/yoast.com\/product\/yoast-seo-premium-wordpress\/ -->\n<title>Per\u00fa avanza hacia la carbono-neutralidad con un plan ambicioso, participativo y robusto - Ecuador | Noti-America.com<\/title>\n<meta name=\"robots\" content=\"index, follow, max-snippet:-1, max-image-preview:large, max-video-preview:-1\" \/>\n<link rel=\"canonical\" href=\"https:\/\/noti-america.com\/site\/ecuador\/2020\/08\/10\/peru-avanza-hacia-la-carbono-neutralidad-con-un-plan-ambicioso-participativo-y-robusto\/\" \/>\n<meta property=\"og:locale\" content=\"es_ES\" \/>\n<meta property=\"og:type\" content=\"article\" \/>\n<meta property=\"og:title\" content=\"Per\u00fa avanza hacia la carbono-neutralidad con un plan ambicioso, participativo y robusto\" \/>\n<meta property=\"og:description\" content=\"REDACCI\u00d3N NOTI AM\u00c9RICA (ECUADOR) Descarbonizar puede crear 15 millones de empleos netos para 2030 A pesar de la pandemia global, este\u00a0a\u00f1o\u00a0es sumamente\u00a0importante\u00a0para\u00a0la agenda clim\u00e1tica internacional.\u00a0Conforme\u00a0al\u00a0Acuerdo de Par\u00eds, es el\u00a0a\u00f1o\u00a0en que los pa\u00edses\u00a0signatarios\u00a0deben presentar\u00a0sus\u00a0Contribuciones Nacionalmente&#046;&#046;&#046;\" \/>\n<meta property=\"og:url\" content=\"https:\/\/noti-america.com\/site\/ecuador\/2020\/08\/10\/peru-avanza-hacia-la-carbono-neutralidad-con-un-plan-ambicioso-participativo-y-robusto\/\" \/>\n<meta property=\"og:site_name\" content=\"Ecuador | Noti-America.com\" \/>\n<meta property=\"article:published_time\" content=\"2020-08-10T23:51:29+00:00\" \/>\n<meta property=\"og:image\" content=\"https:\/\/noti-america.com\/site\/ecuador\/wp-content\/uploads\/sites\/18\/2020\/08\/Ciclovia-en-Lima.jpg\" \/>\n\t<meta property=\"og:image:width\" content=\"1536\" \/>\n\t<meta property=\"og:image:height\" content=\"930\" \/>\n\t<meta property=\"og:image:type\" content=\"image\/jpeg\" \/>\n<meta name=\"author\" content=\"Gregory Quintana Montiel\" \/>\n<meta name=\"twitter:card\" content=\"summary_large_image\" \/>\n<meta name=\"twitter:creator\" content=\"@gdgregori1\" \/>\n<meta name=\"twitter:site\" content=\"@notiamerica\" \/>\n<meta name=\"twitter:label1\" content=\"Escrito por\" \/>\n\t<meta name=\"twitter:data1\" content=\"Gregory Quintana Montiel\" \/>\n\t<meta name=\"twitter:label2\" content=\"Tiempo estimado de lectura\" \/>\n\t<meta name=\"twitter:data2\" content=\"5 minutos\" \/>\n<script type=\"application\/ld+json\" class=\"yoast-schema-graph\">{\"@context\":\"https:\/\/schema.org\",\"@graph\":[{\"@type\":\"Article\",\"@id\":\"https:\/\/noti-america.com\/site\/ecuador\/2020\/08\/10\/peru-avanza-hacia-la-carbono-neutralidad-con-un-plan-ambicioso-participativo-y-robusto\/#article\",\"isPartOf\":{\"@id\":\"https:\/\/noti-america.com\/site\/ecuador\/2020\/08\/10\/peru-avanza-hacia-la-carbono-neutralidad-con-un-plan-ambicioso-participativo-y-robusto\/\"},\"author\":{\"name\":\"Gregory Quintana Montiel\",\"@id\":\"https:\/\/noti-america.com\/site\/ecuador\/#\/schema\/person\/3b975e42f15abfe64bfe3abdd916efda\"},\"headline\":\"Per\u00fa avanza hacia la carbono-neutralidad con un plan ambicioso, participativo y robusto\",\"datePublished\":\"2020-08-10T23:51:29+00:00\",\"mainEntityOfPage\":{\"@id\":\"https:\/\/noti-america.com\/site\/ecuador\/2020\/08\/10\/peru-avanza-hacia-la-carbono-neutralidad-con-un-plan-ambicioso-participativo-y-robusto\/\"},\"wordCount\":1063,\"commentCount\":0,\"publisher\":{\"@id\":\"https:\/\/noti-america.com\/site\/ecuador\/#organization\"},\"image\":{\"@id\":\"https:\/\/noti-america.com\/site\/ecuador\/2020\/08\/10\/peru-avanza-hacia-la-carbono-neutralidad-con-un-plan-ambicioso-participativo-y-robusto\/#primaryimage\"},\"thumbnailUrl\":\"https:\/\/noti-america.com\/site\/ecuador\/wp-content\/uploads\/sites\/18\/2020\/08\/Ciclovia-en-Lima.jpg\",\"articleSection\":[\"Sostenibilidad y Cambio Clim\u00e1tico\"],\"inLanguage\":\"es\",\"potentialAction\":[{\"@type\":\"CommentAction\",\"name\":\"Comment\",\"target\":[\"https:\/\/noti-america.com\/site\/ecuador\/2020\/08\/10\/peru-avanza-hacia-la-carbono-neutralidad-con-un-plan-ambicioso-participativo-y-robusto\/#respond\"]}]},{\"@type\":\"WebPage\",\"@id\":\"https:\/\/noti-america.com\/site\/ecuador\/2020\/08\/10\/peru-avanza-hacia-la-carbono-neutralidad-con-un-plan-ambicioso-participativo-y-robusto\/\",\"url\":\"https:\/\/noti-america.com\/site\/ecuador\/2020\/08\/10\/peru-avanza-hacia-la-carbono-neutralidad-con-un-plan-ambicioso-participativo-y-robusto\/\",\"name\":\"Per\u00fa avanza hacia la carbono-neutralidad con un plan ambicioso, participativo y robusto - Ecuador | Noti-America.com\",\"isPartOf\":{\"@id\":\"https:\/\/noti-america.com\/site\/ecuador\/#website\"},\"primaryImageOfPage\":{\"@id\":\"https:\/\/noti-america.com\/site\/ecuador\/2020\/08\/10\/peru-avanza-hacia-la-carbono-neutralidad-con-un-plan-ambicioso-participativo-y-robusto\/#primaryimage\"},\"image\":{\"@id\":\"https:\/\/noti-america.com\/site\/ecuador\/2020\/08\/10\/peru-avanza-hacia-la-carbono-neutralidad-con-un-plan-ambicioso-participativo-y-robusto\/#primaryimage\"},\"thumbnailUrl\":\"https:\/\/noti-america.com\/site\/ecuador\/wp-content\/uploads\/sites\/18\/2020\/08\/Ciclovia-en-Lima.jpg\",\"datePublished\":\"2020-08-10T23:51:29+00:00\",\"breadcrumb\":{\"@id\":\"https:\/\/noti-america.com\/site\/ecuador\/2020\/08\/10\/peru-avanza-hacia-la-carbono-neutralidad-con-un-plan-ambicioso-participativo-y-robusto\/#breadcrumb\"},\"inLanguage\":\"es\",\"potentialAction\":[{\"@type\":\"ReadAction\",\"target\":[\"https:\/\/noti-america.com\/site\/ecuador\/2020\/08\/10\/peru-avanza-hacia-la-carbono-neutralidad-con-un-plan-ambicioso-participativo-y-robusto\/\"]}]},{\"@type\":\"ImageObject\",\"inLanguage\":\"es\",\"@id\":\"https:\/\/noti-america.com\/site\/ecuador\/2020\/08\/10\/peru-avanza-hacia-la-carbono-neutralidad-con-un-plan-ambicioso-participativo-y-robusto\/#primaryimage\",\"url\":\"https:\/\/noti-america.com\/site\/ecuador\/wp-content\/uploads\/sites\/18\/2020\/08\/Ciclovia-en-Lima.jpg\",\"contentUrl\":\"https:\/\/noti-america.com\/site\/ecuador\/wp-content\/uploads\/sites\/18\/2020\/08\/Ciclovia-en-Lima.jpg\",\"width\":1536,\"height\":930},{\"@type\":\"BreadcrumbList\",\"@id\":\"https:\/\/noti-america.com\/site\/ecuador\/2020\/08\/10\/peru-avanza-hacia-la-carbono-neutralidad-con-un-plan-ambicioso-participativo-y-robusto\/#breadcrumb\",\"itemListElement\":[{\"@type\":\"ListItem\",\"position\":1,\"name\":\"Portada\",\"item\":\"https:\/\/noti-america.com\/site\/ecuador\/\"},{\"@type\":\"ListItem\",\"position\":2,\"name\":\"Per\u00fa avanza hacia la carbono-neutralidad con un plan ambicioso, participativo y robusto\"}]},{\"@type\":\"WebSite\",\"@id\":\"https:\/\/noti-america.com\/site\/ecuador\/#website\",\"url\":\"https:\/\/noti-america.com\/site\/ecuador\/\",\"name\":\"Ecuador | Noti-America.com\",\"description\":\"\",\"publisher\":{\"@id\":\"https:\/\/noti-america.com\/site\/ecuador\/#organization\"},\"potentialAction\":[{\"@type\":\"SearchAction\",\"target\":{\"@type\":\"EntryPoint\",\"urlTemplate\":\"https:\/\/noti-america.com\/site\/ecuador\/?s={search_term_string}\"},\"query-input\":{\"@type\":\"PropertyValueSpecification\",\"valueRequired\":true,\"valueName\":\"search_term_string\"}}],\"inLanguage\":\"es\"},{\"@type\":\"Organization\",\"@id\":\"https:\/\/noti-america.com\/site\/ecuador\/#organization\",\"name\":\"Noti-America LLC | Ecuador\",\"url\":\"https:\/\/noti-america.com\/site\/ecuador\/\",\"logo\":{\"@type\":\"ImageObject\",\"inLanguage\":\"es\",\"@id\":\"https:\/\/noti-america.com\/site\/ecuador\/#\/schema\/logo\/image\/\",\"url\":\"https:\/\/noti-america.com\/site\/ecuador\/wp-content\/uploads\/sites\/18\/2020\/07\/LogoNA-4x3-1.jpg\",\"contentUrl\":\"https:\/\/noti-america.com\/site\/ecuador\/wp-content\/uploads\/sites\/18\/2020\/07\/LogoNA-4x3-1.jpg\",\"width\":1236,\"height\":1080,\"caption\":\"Noti-America LLC | Ecuador\"},\"image\":{\"@id\":\"https:\/\/noti-america.com\/site\/ecuador\/#\/schema\/logo\/image\/\"},\"sameAs\":[\"https:\/\/x.com\/notiamerica\"]},{\"@type\":\"Person\",\"@id\":\"https:\/\/noti-america.com\/site\/ecuador\/#\/schema\/person\/3b975e42f15abfe64bfe3abdd916efda\",\"name\":\"Gregory Quintana Montiel\",\"image\":{\"@type\":\"ImageObject\",\"inLanguage\":\"es\",\"@id\":\"https:\/\/secure.gravatar.com\/avatar\/2d6b802f7720c2ec7744dcbe608cc2f3417aeb964d58b443c6d612b77531de1d?s=96&d=mm&r=g\",\"url\":\"https:\/\/secure.gravatar.com\/avatar\/2d6b802f7720c2ec7744dcbe608cc2f3417aeb964d58b443c6d612b77531de1d?s=96&d=mm&r=g\",\"contentUrl\":\"https:\/\/secure.gravatar.com\/avatar\/2d6b802f7720c2ec7744dcbe608cc2f3417aeb964d58b443c6d612b77531de1d?s=96&d=mm&r=g\",\"caption\":\"Gregory Quintana Montiel\"},\"description\":\"Licenciatura en Ciencias de la Comunicaci\u00f3n Social, egresado en la Especializaci\u00f3n Derecho Ambiental Desarrollo Sostenible y Sustentable, Miembro de la Comunidad de profesionales y experto para Latinoam\u00e9rica y el Caribe en Gesti\u00f3n por Resultado en el Desarrollo (COPLAC - GpRD) del Banco Interamericano de Desarrollo, experiencia en medios radiales y escritos.\",\"sameAs\":[\"https:\/\/x.com\/gdgregori1\",\"gquintana\"],\"url\":\"https:\/\/noti-america.com\/site\/ecuador\/author\/gquintana\/\"}]}<\/script>\n<!-- \/ Yoast SEO Premium plugin. -->","yoast_head_json":{"title":"Per\u00fa avanza hacia la carbono-neutralidad con un plan ambicioso, participativo y robusto - Ecuador | Noti-America.com","robots":{"index":"index","follow":"follow","max-snippet":"max-snippet:-1","max-image-preview":"max-image-preview:large","max-video-preview":"max-video-preview:-1"},"canonical":"https:\/\/noti-america.com\/site\/ecuador\/2020\/08\/10\/peru-avanza-hacia-la-carbono-neutralidad-con-un-plan-ambicioso-participativo-y-robusto\/","og_locale":"es_ES","og_type":"article","og_title":"Per\u00fa avanza hacia la carbono-neutralidad con un plan ambicioso, participativo y robusto","og_description":"REDACCI\u00d3N NOTI AM\u00c9RICA (ECUADOR) Descarbonizar puede crear 15 millones de empleos netos para 2030 A pesar de la pandemia global, este\u00a0a\u00f1o\u00a0es sumamente\u00a0importante\u00a0para\u00a0la agenda clim\u00e1tica internacional.\u00a0Conforme\u00a0al\u00a0Acuerdo de Par\u00eds, es el\u00a0a\u00f1o\u00a0en que los pa\u00edses\u00a0signatarios\u00a0deben presentar\u00a0sus\u00a0Contribuciones Nacionalmente&#46;&#46;&#46;","og_url":"https:\/\/noti-america.com\/site\/ecuador\/2020\/08\/10\/peru-avanza-hacia-la-carbono-neutralidad-con-un-plan-ambicioso-participativo-y-robusto\/","og_site_name":"Ecuador | Noti-America.com","article_published_time":"2020-08-10T23:51:29+00:00","og_image":[{"width":1536,"height":930,"url":"https:\/\/noti-america.com\/site\/ecuador\/wp-content\/uploads\/sites\/18\/2020\/08\/Ciclovia-en-Lima.jpg","type":"image\/jpeg"}],"author":"Gregory Quintana Montiel","twitter_card":"summary_large_image","twitter_creator":"@gdgregori1","twitter_site":"@notiamerica","twitter_misc":{"Escrito por":"Gregory Quintana Montiel","Tiempo estimado de lectura":"5 minutos"},"schema":{"@context":"https:\/\/schema.org","@graph":[{"@type":"Article","@id":"https:\/\/noti-america.com\/site\/ecuador\/2020\/08\/10\/peru-avanza-hacia-la-carbono-neutralidad-con-un-plan-ambicioso-participativo-y-robusto\/#article","isPartOf":{"@id":"https:\/\/noti-america.com\/site\/ecuador\/2020\/08\/10\/peru-avanza-hacia-la-carbono-neutralidad-con-un-plan-ambicioso-participativo-y-robusto\/"},"author":{"name":"Gregory Quintana Montiel","@id":"https:\/\/noti-america.com\/site\/ecuador\/#\/schema\/person\/3b975e42f15abfe64bfe3abdd916efda"},"headline":"Per\u00fa avanza hacia la carbono-neutralidad con un plan ambicioso, participativo y robusto","datePublished":"2020-08-10T23:51:29+00:00","mainEntityOfPage":{"@id":"https:\/\/noti-america.com\/site\/ecuador\/2020\/08\/10\/peru-avanza-hacia-la-carbono-neutralidad-con-un-plan-ambicioso-participativo-y-robusto\/"},"wordCount":1063,"commentCount":0,"publisher":{"@id":"https:\/\/noti-america.com\/site\/ecuador\/#organization"},"image":{"@id":"https:\/\/noti-america.com\/site\/ecuador\/2020\/08\/10\/peru-avanza-hacia-la-carbono-neutralidad-con-un-plan-ambicioso-participativo-y-robusto\/#primaryimage"},"thumbnailUrl":"https:\/\/noti-america.com\/site\/ecuador\/wp-content\/uploads\/sites\/18\/2020\/08\/Ciclovia-en-Lima.jpg","articleSection":["Sostenibilidad y Cambio Clim\u00e1tico"],"inLanguage":"es","potentialAction":[{"@type":"CommentAction","name":"Comment","target":["https:\/\/noti-america.com\/site\/ecuador\/2020\/08\/10\/peru-avanza-hacia-la-carbono-neutralidad-con-un-plan-ambicioso-participativo-y-robusto\/#respond"]}]},{"@type":"WebPage","@id":"https:\/\/noti-america.com\/site\/ecuador\/2020\/08\/10\/peru-avanza-hacia-la-carbono-neutralidad-con-un-plan-ambicioso-participativo-y-robusto\/","url":"https:\/\/noti-america.com\/site\/ecuador\/2020\/08\/10\/peru-avanza-hacia-la-carbono-neutralidad-con-un-plan-ambicioso-participativo-y-robusto\/","name":"Per\u00fa avanza hacia la carbono-neutralidad con un plan ambicioso, participativo y robusto - Ecuador | Noti-America.com","isPartOf":{"@id":"https:\/\/noti-america.com\/site\/ecuador\/#website"},"primaryImageOfPage":{"@id":"https:\/\/noti-america.com\/site\/ecuador\/2020\/08\/10\/peru-avanza-hacia-la-carbono-neutralidad-con-un-plan-ambicioso-participativo-y-robusto\/#primaryimage"},"image":{"@id":"https:\/\/noti-america.com\/site\/ecuador\/2020\/08\/10\/peru-avanza-hacia-la-carbono-neutralidad-con-un-plan-ambicioso-participativo-y-robusto\/#primaryimage"},"thumbnailUrl":"https:\/\/noti-america.com\/site\/ecuador\/wp-content\/uploads\/sites\/18\/2020\/08\/Ciclovia-en-Lima.jpg","datePublished":"2020-08-10T23:51:29+00:00","breadcrumb":{"@id":"https:\/\/noti-america.com\/site\/ecuador\/2020\/08\/10\/peru-avanza-hacia-la-carbono-neutralidad-con-un-plan-ambicioso-participativo-y-robusto\/#breadcrumb"},"inLanguage":"es","potentialAction":[{"@type":"ReadAction","target":["https:\/\/noti-america.com\/site\/ecuador\/2020\/08\/10\/peru-avanza-hacia-la-carbono-neutralidad-con-un-plan-ambicioso-participativo-y-robusto\/"]}]},{"@type":"ImageObject","inLanguage":"es","@id":"https:\/\/noti-america.com\/site\/ecuador\/2020\/08\/10\/peru-avanza-hacia-la-carbono-neutralidad-con-un-plan-ambicioso-participativo-y-robusto\/#primaryimage","url":"https:\/\/noti-america.com\/site\/ecuador\/wp-content\/uploads\/sites\/18\/2020\/08\/Ciclovia-en-Lima.jpg","contentUrl":"https:\/\/noti-america.com\/site\/ecuador\/wp-content\/uploads\/sites\/18\/2020\/08\/Ciclovia-en-Lima.jpg","width":1536,"height":930},{"@type":"BreadcrumbList","@id":"https:\/\/noti-america.com\/site\/ecuador\/2020\/08\/10\/peru-avanza-hacia-la-carbono-neutralidad-con-un-plan-ambicioso-participativo-y-robusto\/#breadcrumb","itemListElement":[{"@type":"ListItem","position":1,"name":"Portada","item":"https:\/\/noti-america.com\/site\/ecuador\/"},{"@type":"ListItem","position":2,"name":"Per\u00fa avanza hacia la carbono-neutralidad con un plan ambicioso, participativo y robusto"}]},{"@type":"WebSite","@id":"https:\/\/noti-america.com\/site\/ecuador\/#website","url":"https:\/\/noti-america.com\/site\/ecuador\/","name":"Ecuador | Noti-America.com","description":"","publisher":{"@id":"https:\/\/noti-america.com\/site\/ecuador\/#organization"},"potentialAction":[{"@type":"SearchAction","target":{"@type":"EntryPoint","urlTemplate":"https:\/\/noti-america.com\/site\/ecuador\/?s={search_term_string}"},"query-input":{"@type":"PropertyValueSpecification","valueRequired":true,"valueName":"search_term_string"}}],"inLanguage":"es"},{"@type":"Organization","@id":"https:\/\/noti-america.com\/site\/ecuador\/#organization","name":"Noti-America LLC | Ecuador","url":"https:\/\/noti-america.com\/site\/ecuador\/","logo":{"@type":"ImageObject","inLanguage":"es","@id":"https:\/\/noti-america.com\/site\/ecuador\/#\/schema\/logo\/image\/","url":"https:\/\/noti-america.com\/site\/ecuador\/wp-content\/uploads\/sites\/18\/2020\/07\/LogoNA-4x3-1.jpg","contentUrl":"https:\/\/noti-america.com\/site\/ecuador\/wp-content\/uploads\/sites\/18\/2020\/07\/LogoNA-4x3-1.jpg","width":1236,"height":1080,"caption":"Noti-America LLC | Ecuador"},"image":{"@id":"https:\/\/noti-america.com\/site\/ecuador\/#\/schema\/logo\/image\/"},"sameAs":["https:\/\/x.com\/notiamerica"]},{"@type":"Person","@id":"https:\/\/noti-america.com\/site\/ecuador\/#\/schema\/person\/3b975e42f15abfe64bfe3abdd916efda","name":"Gregory Quintana Montiel","image":{"@type":"ImageObject","inLanguage":"es","@id":"https:\/\/secure.gravatar.com\/avatar\/2d6b802f7720c2ec7744dcbe608cc2f3417aeb964d58b443c6d612b77531de1d?s=96&d=mm&r=g","url":"https:\/\/secure.gravatar.com\/avatar\/2d6b802f7720c2ec7744dcbe608cc2f3417aeb964d58b443c6d612b77531de1d?s=96&d=mm&r=g","contentUrl":"https:\/\/secure.gravatar.com\/avatar\/2d6b802f7720c2ec7744dcbe608cc2f3417aeb964d58b443c6d612b77531de1d?s=96&d=mm&r=g","caption":"Gregory Quintana Montiel"},"description":"Licenciatura en Ciencias de la Comunicaci\u00f3n Social, egresado en la Especializaci\u00f3n Derecho Ambiental Desarrollo Sostenible y Sustentable, Miembro de la Comunidad de profesionales y experto para Latinoam\u00e9rica y el Caribe en Gesti\u00f3n por Resultado en el Desarrollo (COPLAC - GpRD) del Banco Interamericano de Desarrollo, experiencia en medios radiales y escritos.","sameAs":["https:\/\/x.com\/gdgregori1","gquintana"],"url":"https:\/\/noti-america.com\/site\/ecuador\/author\/gquintana\/"}]}},"_links":{"self":[{"href":"https:\/\/noti-america.com\/site\/ecuador\/wp-json\/wp\/v2\/posts\/10048","targetHints":{"allow":["GET"]}}],"collection":[{"href":"https:\/\/noti-america.com\/site\/ecuador\/wp-json\/wp\/v2\/posts"}],"about":[{"href":"https:\/\/noti-america.com\/site\/ecuador\/wp-json\/wp\/v2\/types\/post"}],"author":[{"embeddable":true,"href":"https:\/\/noti-america.com\/site\/ecuador\/wp-json\/wp\/v2\/users\/17"}],"replies":[{"embeddable":true,"href":"https:\/\/noti-america.com\/site\/ecuador\/wp-json\/wp\/v2\/comments?post=10048"}],"version-history":[{"count":1,"href":"https:\/\/noti-america.com\/site\/ecuador\/wp-json\/wp\/v2\/posts\/10048\/revisions"}],"predecessor-version":[{"id":10050,"href":"https:\/\/noti-america.com\/site\/ecuador\/wp-json\/wp\/v2\/posts\/10048\/revisions\/10050"}],"wp:featuredmedia":[{"embeddable":true,"href":"https:\/\/noti-america.com\/site\/ecuador\/wp-json\/wp\/v2\/media\/10049"}],"wp:attachment":[{"href":"https:\/\/noti-america.com\/site\/ecuador\/wp-json\/wp\/v2\/media?parent=10048"}],"wp:term":[{"taxonomy":"category","embeddable":true,"href":"https:\/\/noti-america.com\/site\/ecuador\/wp-json\/wp\/v2\/categories?post=10048"},{"taxonomy":"post_tag","embeddable":true,"href":"https:\/\/noti-america.com\/site\/ecuador\/wp-json\/wp\/v2\/tags?post=10048"}],"curies":[{"name":"wp","href":"https:\/\/api.w.org\/{rel}","templated":true}]}}