{"id":333505,"date":"2025-04-28T08:38:00","date_gmt":"2025-04-28T08:38:00","guid":{"rendered":"https:\/\/noti-america.com\/site\/costarica\/?p=333505"},"modified":"2026-04-28T06:38:06","modified_gmt":"2026-04-28T06:38:06","slug":"le-role-de-la-pleine-conscience-dans-la-gestion-du-stress-professionnel","status":"publish","type":"post","link":"https:\/\/noti-america.com\/site\/costarica\/2025\/04\/28\/le-role-de-la-pleine-conscience-dans-la-gestion-du-stress-professionnel\/","title":{"rendered":"Le r\u00f4le de la pleine conscience dans la gestion du stress professionnel"},"content":{"rendered":"<div class=\"section\">\n<p>Dans un monde professionnel en constante mutation, le stress et la surcharge cognitive sont devenus quasi-in\u00e9vitables. La recherche r\u00e9cente dans le domaine de la psychologie positive et de la neuroscience met en lumi\u00e8re des strat\u00e9gies innovantes pour aider les employ\u00e9s \u00e0 mieux g\u00e9rer ces d\u00e9fis. Parmi celles-ci, la pratique de la pleine conscience s&#8217;impose comme une approche scientifiquement rassurante, apportant des b\u00e9n\u00e9fices tangibles pour la sant\u00e9 mentale et la performance au travail.<\/p>\n<\/div>\n<h2>La pleine conscience : une r\u00e9ponse empirique \u00e0 l\u2019\u00e9pid\u00e9mie de stress<\/h2>\n<div class=\"section\">\n<p>Selon diverses \u00e9tudes, le stress chronique co\u00fbte chaque ann\u00e9e plusieurs milliards d&#8217;euros aux entreprises en absent\u00e9isme, en moindre productivit\u00e9 et en turn-over. La pratique r\u00e9guli\u00e8re de la pleine conscience permettrait non seulement de r\u00e9duire les niveaux d&#8217;anxi\u00e9t\u00e9, mais aussi d\u2019am\u00e9liorer la r\u00e9silience cognitive face aux pressions professionnelles.<\/p>\n<p>Une m\u00e9ta-analyse publi\u00e9e en 2020 dans le <em>Journal of Psychological Interventions<\/em> r\u00e9v\u00e8le que les programmes bas\u00e9s sur la pleine conscience, comme la r\u00e9duction du stress bas\u00e9e sur la pleine conscience (MBSR), entra\u00eenent une diminution significative des sympt\u00f4mes li\u00e9s au stress et \u00e0 l&#8217;anxi\u00e9t\u00e9, avec une efficacit\u00e9 comparable \u00e0 celle des interventions pharmacologiques classiques chez certains patients.<\/p>\n<\/div>\n<h2>Les m\u00e9canismes neurobiologiques en jeu<\/h2>\n<div class=\"section\">\n<p>Les neurosciences apportent un \u00e9clairage pr\u00e9cis sur le fonctionnement de la pleine conscience. Elle semble moduler l\u2019activit\u00e9 de l\u2019amygdale, cette structure c\u00e9r\u00e9brale central dans la r\u00e9ponse au stress, tout en renfor\u00e7ant les r\u00e9seaux pr\u00e9frontaux responsables de la r\u00e9gulation \u00e9motionnelle. En pratique, cela se traduit par une meilleure gestion des r\u00e9actions impulsives et une perception plus positive des \u00e9v\u00e9nements difficiles.<\/p>\n<p>Les images IRM montrent que la m\u00e9ditation r\u00e9guli\u00e8re augmente l\u2019\u00e9paisseur corticale dans les zones li\u00e9es \u00e0 la concentration et la m\u00e9moire, aidant ainsi les individus \u00e0 mieux se concentrer et \u00e0 garder leur calme face aux urgences quotidiennes.<\/p>\n<\/div>\n<h2>Une approche pragmatique adapt\u00e9e aux entreprises modernes<\/h2>\n<div class=\"section\">\n<p>Int\u00e9grer la pleine conscience dans le cadre professionnel n\u00e9cessite une strat\u00e9gie r\u00e9fl\u00e9chie et adapt\u00e9e. Plusieurs entreprises commencent \u00e0 d\u00e9velopper des programmes de formation \u00e0 la m\u00e9ditation en entreprise, avec des sessions adapt\u00e9es aux rythmes intensifs modernes. Ces initiatives ont montr\u00e9 une am\u00e9lioration notable de la coh\u00e9sion d\u2019\u00e9quipe et une r\u00e9duction du stress per\u00e7u dans les enqu\u00eates internes.<\/p>\n<p>Pour ceux qui souhaitent aller plus loin ou personnaliser leur pratique, il est essentiel de disposer d\u2019un accompagnement structur\u00e9 et accessible. C\u2019est dans ce contexte que des ressources telles que <a href=\"https:\/\/innertides.app\/fr\/\">obtenir Innertides<\/a> deviennent particuli\u00e8rement pertinentes, offrant des supports et outils digitalis\u00e9s pour faciliter l\u2019int\u00e9gration de la pleine conscience au quotidien professionnel.<\/p>\n<div class=\"callout\">\n<strong>Astuce professionnelles :<\/strong> Si vous souhaitez explorer cette ressource, n\u2019h\u00e9sitez pas \u00e0 obtenir Innertides pour d\u00e9couvrir des programmes et techniques valid\u00e9s par des experts en psychologie positive et neurosciences.\n  <\/div>\n<\/div>\n<h2>Conclusion : Vers une nouvelle culture du bien-\u00eatre en entreprise<\/h2>\n<div class=\"section\">\n<p>Les initiatives visant \u00e0 promouvoir la pleine conscience t\u00e9moignent d\u2019un changement de paradigme dans la gestion du capital humain. En favorisant un environnement o\u00f9 le mindfulness devient partie int\u00e9grante de la culture d&#8217;entreprise, les organisations peuvent gagner en r\u00e9silience, en cr\u00e9ativit\u00e9 et en efficacit\u00e9 globale.<\/p>\n<p>Comme l\u2019indique un rapport r\u00e9cent de l\u2019Organisation mondiale de la sant\u00e9, mettre en place des outils pour r\u00e9duire le stress au travail est non seulement une n\u00e9cessit\u00e9 \u00e9conomique, mais \u00e9galement un enjeu \u00e9thique majeur pour le respect de la sant\u00e9 mentale des collaborateurs.<\/p>\n<\/div>\n<div class=\"reference\">\n<em>Pour approfondir cette d\u00e9marche et b\u00e9n\u00e9ficier de ressources adapt\u00e9es, il est utile de obtenir Innertides, une solution reconnue pour sa qualit\u00e9 et son professionnalisme dans la promotion de la pleine conscience.<\/em>\n<\/div>\n","protected":false},"excerpt":{"rendered":"<p>Dans un monde professionnel en constante mutation, le stress et la surcharge cognitive sont devenus quasi-in\u00e9vitables. La recherche r\u00e9cente dans le domaine de la psychologie positive et de la neuroscience met en lumi\u00e8re des&#46;&#46;&#46;<\/p>\n","protected":false},"author":125,"featured_media":0,"comment_status":"open","ping_status":"open","sticky":false,"template":"","format":"standard","meta":{"om_disable_all_campaigns":false,"_uf_show_specific_survey":0,"_uf_disable_surveys":false,"footnotes":""},"categories":[1],"tags":[],"class_list":["post-333505","post","type-post","status-publish","format-standard","hentry","category-uncategorized"],"aioseo_notices":[],"_links":{"self":[{"href":"https:\/\/noti-america.com\/site\/costarica\/wp-json\/wp\/v2\/posts\/333505","targetHints":{"allow":["GET"]}}],"collection":[{"href":"https:\/\/noti-america.com\/site\/costarica\/wp-json\/wp\/v2\/posts"}],"about":[{"href":"https:\/\/noti-america.com\/site\/costarica\/wp-json\/wp\/v2\/types\/post"}],"author":[{"embeddable":true,"href":"https:\/\/noti-america.com\/site\/costarica\/wp-json\/wp\/v2\/users\/125"}],"replies":[{"embeddable":true,"href":"https:\/\/noti-america.com\/site\/costarica\/wp-json\/wp\/v2\/comments?post=333505"}],"version-history":[{"count":1,"href":"https:\/\/noti-america.com\/site\/costarica\/wp-json\/wp\/v2\/posts\/333505\/revisions"}],"predecessor-version":[{"id":333510,"href":"https:\/\/noti-america.com\/site\/costarica\/wp-json\/wp\/v2\/posts\/333505\/revisions\/333510"}],"wp:attachment":[{"href":"https:\/\/noti-america.com\/site\/costarica\/wp-json\/wp\/v2\/media?parent=333505"}],"wp:term":[{"taxonomy":"category","embeddable":true,"href":"https:\/\/noti-america.com\/site\/costarica\/wp-json\/wp\/v2\/categories?post=333505"},{"taxonomy":"post_tag","embeddable":true,"href":"https:\/\/noti-america.com\/site\/costarica\/wp-json\/wp\/v2\/tags?post=333505"}],"curies":[{"name":"wp","href":"https:\/\/api.w.org\/{rel}","templated":true}]}}