{"id":278245,"date":"2026-04-22T01:57:37","date_gmt":"2026-04-22T01:57:37","guid":{"rendered":"https:\/\/noti-america.com\/site\/costarica\/?p=278245"},"modified":"2026-04-22T01:57:39","modified_gmt":"2026-04-22T01:57:39","slug":"f1-ausztral-nagydij-2025-teljesitmenye-utolso-ertekeles-amelyben-felhasznalt-dijakat-szamoltak-fel","status":"publish","type":"post","link":"https:\/\/noti-america.com\/site\/costarica\/2026\/04\/22\/f1-ausztral-nagydij-2025-teljesitmenye-utolso-ertekeles-amelyben-felhasznalt-dijakat-szamoltak-fel\/","title":{"rendered":"F1 Ausztr\u00e1l Nagyd\u00edj 2025 teljes\u00edtm\u00e9nye: Utols\u00f3 \u00e9rt\u00e9kel\u00e9s, amelyben felhaszn\u00e1lt d\u00edjakat sz\u00e1moltak fel"},"content":{"rendered":"<p>Egy sor \u00fajonct\u00f3l t\u00e1vol, akik a h\u00e9tv\u00e9g\u00e9re visszavonultak, Franco Colapintoval kezdesz, aki val\u00f3j\u00e1ban egyetlen p\u00f6rd\u00fcl\u00e9st sem szerzett, \u00edgy versenyezhetsz, mivel csak az \u00faj s\u00e1vban volt el\u00e9rhet\u0151. Max Verstappen k\u00e9nytelen megfoghatatlan l\u00e9p\u00e9st tenni a versenyb\u00edr\u00f3k fel\u00e9, amikor kem\u00e9nyen lemarad az ausztr\u00e1l versenyz\u0151dr\u0151l. <!--more--> Ez Piastri leg\u00fajabb gy\u0151zelm\u00e9be ker\u00fclt, mivel Norris hat,8 m\u00e1sodperccel a versenyt\u00e1rsa, \u00e9s a McLaren versenyt\u00e1rsa el\u0151tt szelte \u00e1t az \u00faj vonalat.<\/p>\n<p>M\u00e1r most is beszerezheted az Air Football F1-et 20 font\u00e9rt\/n\u00e9h\u00e1ny napra a szok\u00e1sos Heavens Tv-el\u0151fizet\u00e9sed mell\u00e9, \u00e9s ak\u00e1r 4K-ig is \u00e9lvezheted az \u00e9lm\u00e9nyt. A cs\u00fct\u00f6rt\u00f6k esti els\u0151 edz\u00e9s (22:30 ET) megtal\u00e1lhat\u00f3 az ESPNews-on, \u00e9s streamelheted az ESPN Plus \u00e9s a Disney Plus funkci\u00f3it a m\u00e1sodik edz\u00e9sen (kedd reggel 8:00 ET-t\u0151l kedd reggelig) az ESPN2-n. A kedd esti edz\u00e9s (22:30 ET) az ESPNews-on, az ESPN Plus-on \u00e9s a Disney Plus-on is el\u00e9rhet\u0151, a selejtez\u0151k\u00f6n (kedd reggel 8:00 ET-t\u0151l kedd reggelig) pedig az ESPN2-n. Ez azt jelenti, hogy k\u00e9s\u0151n kell \u00e9rkezned, mivel a csata hajnali 1-kor ET (vas\u00e1rnap) \/ este 10-kor PT (szombat) kezd\u0151dik.<\/p>\n<h2 id=\"toc-0\">Norris kihaszn\u00e1lja a Piastri \u00e1ltal elk\u00f6vetett \u00e9rthetetlen hib\u00e1t, \u00e9s ellopja a h\u00e1z nyerem\u00e9ny\u00e9t az \u0151r\u00fclt Brit Nagyd\u00edjon.<\/h2>\n<p>Az \u00faj F1 Globe Championship D\u00e9l-Amerik\u00e1ban \u00e9r v\u00e9get, hogy az \u00e9v egy m\u00e1sik <a href=\"https:\/\/fogadas-sport.com\/betclic\/\">https:\/\/fogadas-sport.com\/betclic\/<\/a> versenyh\u00e9tv\u00e9g\u00e9j\u00e9t rendezz\u00e9k meg. Az \u00faj Brazil Nagyd\u00edj lesz a r\u00e9gi\u00f3 d\u00e9li r\u00e9sz\u00e9nek \u201eNagy Cirkusz\u00e1nak\u201d minden izgalm\u00e1\u00e9rt felel\u0151s. Visszat\u00e9r\u00e9se ut\u00e1n az Austinba, a leg\u00fajabb sprintstrukt\u00fara az utols\u00f3 el\u0151tti id\u0151vel 33 olyan dolgot oszt sz\u00e9t, amelyek fontosak a c\u00edmhez vezet\u0151 versenyben. Az \u00faj, 40 \u00e9ves aut\u00f3 meglepte az \u00faj paddockot a 2009-es K\u00ednai Nagyd\u00edjon, megv\u00e9dve mind az id\u0151m\u00e9r\u0151t, mind a versenycsata gy\u0151zelm\u00e9t a Sanghaji p\u00e1ly\u00e1n, de sajnos az \u00faj brit m\u00e9g nem hirdetett dobog\u00f3s helyez\u00e9st az \u00faj csapat\u00e1val.<\/p>\n<h2 id=\"toc-1\">Soha nem fogjuk felfedni, eladni, k\u00fcl\u00f6nben lefoglaljuk az adataidat, hogy hivatalos szem\u00e9ly lehess.<\/h2>\n<p>A teljes sportnapt\u00e1r a vil\u00e1g legnagyobb sportesem\u00e9nyeir\u0151l, bajnoks\u00e1gair\u00f3l \u00e9s versenyeir\u0151l sz\u00f3l. Ak\u00e1r a jelenlegi futballmeccsek menetrendj\u00e9t szeretn\u00e9d l\u00e1tni, ak\u00e1r a k\u00f6zelg\u0151 sportesem\u00e9nyekre k\u00e9sz\u00fclsz, n\u00e1lunk mindent megtal\u00e1lsz. Ak\u00e1r h\u00e9tv\u00e9g\u00e9re v\u00e1rsz futballmeccseket, ak\u00e1r nagyobb bajnoks\u00e1gokat tervezel, itt megtal\u00e1lod az \u00f6sszes d\u00e1tumot, v\u00e1rost \u00e9s egy\u00e9b inform\u00e1ci\u00f3t, amire sz\u00fcks\u00e9ged van.<\/p>\n<h2 id=\"toc-2\">a sz\u00e1mok miatt: Versenyadatok, Egy\u00e9b statisztik\u00e1k<\/h2>\n<p><img decoding=\"async\" src=\"https:\/\/calvinayre.com\/wp-content\/uploads\/2014\/12\/sports-betting-in-social-gambling.jpg\" alt=\"online betting sites\" border=\"1\" align=\"right\"><\/p>\n<p>Az \u00faj Brazil Nagyd\u00edj a 2025-\u00f6s algoritmus els\u0151 l\u00e9p\u00e9s\u00e9nek huszonegyedik pontj\u00e1t jelenti, minden tekintet a pil\u00f3t\u00e1id c\u00edmk\u00e9inek k\u00fczdelm\u00e9re \u00f6sszpontos\u00edtva Interlagosban \u00e9s Sao Paul\u00f3ban. A 2025-\u00f6s F1-es olasz nagyd\u00edj leg\u00fajabb programja Monz\u00e1ban automatikusan igazodik a napi r\u00e9gi\u00f3hoz. A 24. pontb\u00f3l a 16. pont kezdi a verseny utols\u00f3 szakasz\u00e1t, Oscar Piastri 34 ponttal megel\u0151zve Lando Norrist a Holland Nagyd\u00edjon aratott gy\u0151zelme ut\u00e1n, Norris motorhib\u00e1ja pedig nem engedte, hogy versenyben maradjon. A dalon k\u00edv\u00fcl mindenk\u00e9ppen l\u00e1togass el Austin belv\u00e1ros\u00e1ba, \u00e9s pr\u00f3b\u00e1ld ki a h\u00edres grillez\u00e9st vagy a Tex-Mexet, vagy \u00e9ld \u00e1t a h\u00edres \u00e9letm\u00f3dot a Sixth Streeten.<\/p>\n<p>A 2025-\u00f6s Sza\u00fad-ar\u00e1biai Nagyd\u00edj mindh\u00e1rom viselked\u00e9si tr\u00e9ningje k\u00e9szen \u00e1ll arra, hogy t\u00fal\u00e9lje az ESPN2-t az Egyes\u00fclt \u00c1llamok szerint. Ennek ellen\u00e9re Norris tov\u00e1bbra is vezeti a pil\u00f3t\u00e1k verseny\u00e9t, b\u00e1r a k\u00fcl\u00f6nbs\u00e9g mind\u00f6ssze h\u00e1rom pont, mivel a McLaren pil\u00f3t\u00e1i fokozatosan elker\u00fclik Max Verstappen \u00faj tr\u00f3fe\u00e1it. Az algoritmus az els\u0151 l\u00e9p\u00e9sben Sza\u00fad-Ar\u00e1bi\u00e1ba tart a h\u00e9tv\u00e9g\u00e9n, a 2025-\u00f6s szezon \u00f6t\u00f6dik verseny\u00e9n, \u00e9s a teljes \u00e9lm\u00e9ny ma (szombat, \u00e1prilis 18.) kezd\u0151dik, 100%-ban szabadedz\u00e9sekkel. A krikettstadion d\u00fcb\u00f6rg\u00e9s\u00e9t\u0151l a leg\u00fajabb teniszp\u00e1ly\u00e1r\u00f3l val\u00f3 kalandoz\u00e1sig, a sportrivaliz\u00e1l\u00e1st\u00f3l a saj\u00e1t olimpiai j\u00e1t\u00e9kok l\u00e1tv\u00e1nyoss\u00e1g\u00e1ig, mindent meg\u0151rizek.<\/p>\n<p>Le\u00e1ll\u00edtjuk az \u00f6sszes igaz\u00e1n j\u00f6vedelmez\u0151 50. esem\u00e9ny\u00fcnket, \u00fagy gondolom, hogy ez a megfelel\u0151 id\u0151pont, \u00e9s v\u00e1ltoztatunk rajta. Michaelian f\u00e1radhatatlan munk\u00e1ja az \u00faj \u00e9ves \u00e9lm\u00e9ny n\u00e9pszer\u0171s\u00edt\u00e9s\u00e9ben \u2013 \u00e9s n\u00e9ha v\u00e9delm\u00e9ben \u2013 meghozta gy\u00fcm\u00f6lcs\u00e9t, mivel a Grand Prix k\u00f6z\u00f6ns\u00e9ge t\u00f6rt\u00e9nelmileg folyamatosan n\u00f6vekszik. A vil\u00e1gj\u00e1rv\u00e1ny \u00f3ta eltelt \u00e9vtizedben a rendezv\u00e9ny l\u00e1togatotts\u00e1ga \u00e9vente n\u0151tt \u2013 a 2025-\u00f6s h\u00e9tv\u00e9g\u00e9re arch\u00edvumk\u00e9nt 197 000 embert vonzott. Fernando Alonso \u00e9s Carlos Sainz nem tapasztaltak v\u00e1ltoz\u00e1st a kateg\u00f3ri\u00e1juk sorrendj\u00e9ben, de igyekeznek j\u00f3v\u00e1tenni a helyzetet Braz\u00edli\u00e1ban a mexik\u00f3i rossz h\u00e9tv\u00e9g\u00e9j\u00fck ut\u00e1n. Az \u00faj spanyol pil\u00f3ta az \u201eAMR25\u201d-\u00f6s\u00e9vel felmondott, mik\u00f6zben Carlos Sainz az utols\u00f3 k\u00f6r\u00f6kben rombolta le az uralmat a Williams felett, \u00edgy es\u00e9ly\u00fck sem volt a pontok\u00e9rt harcolni, m\u00e9g akkor sem, ha messze lemaradtak a tizedik helyen \u00e1ll\u00f3 versenyz\u0151t\u0151l.<\/p>\n<h2 id=\"toc-4\">Assist SILVERSTONE &amp; CARFEST Megv\u00e1ltoztatja a f\u0151iskolai hallgat\u00f3k \u00e9let\u00e9t<\/h2>\n<p>A Grand Prix-vel \u00e9s a Formula 1-es szint\u0171 vend\u00e9gl\u00e1t\u00e1si csomagjainkkal a lehet\u0151 legegyszer\u0171bben \u00e9lvezheti a Grand Prix h\u00e9tv\u00e9g\u00e9j\u00e9t. \u00c9n leveszem a v\u00e1ll\u00e1r\u00f3l a stresszt, \u00e9s \u00d6n megszervezi az F1-es utaz\u00e1si csomagokat, hogy le\u00fclhessen \u00e9s \u00e9lvezhesse a hangulatot. Most mind\u00f6ssze dos.19 doll\u00e1r\u00e9rt havonta, plusz k\u00f6r\u00fclbel\u00fcl h\u00e1rom h\u00e9tig \u2013 olyan olcs\u00f3, mint egy kedvenc! R\u00e1ad\u00e1sul a Surfshark fokozza az internetes biztons\u00e1g\u00e1t, megv\u00e9di a fontos sz\u00e1m\u00edt\u00f3g\u00e9pes adatokat a hackerekt\u0151l \u00e9s a nyomk\u00f6vet\u0151kt\u0151l b\u00f6ng\u00e9sz\u00e9s k\u00f6zben. Szem\u00e9lyes interj\u00fakat, a pillanatok m\u00f6g\u00f6tti bejegyz\u00e9seket vagy cikk-csata tanulm\u00e1nyokat szeretne \u00f6sszekapcsolni?<\/p>\n","protected":false},"excerpt":{"rendered":"<p>Egy sor \u00fajonct\u00f3l t\u00e1vol, akik a h\u00e9tv\u00e9g\u00e9re visszavonultak, Franco Colapintoval kezdesz, aki val\u00f3j\u00e1ban egyetlen p\u00f6rd\u00fcl\u00e9st sem szerzett, \u00edgy versenyezhetsz, mivel csak az \u00faj s\u00e1vban volt el\u00e9rhet\u0151. Max Verstappen k\u00e9nytelen megfoghatatlan l\u00e9p\u00e9st tenni a versenyb\u00edr\u00f3k&#46;&#46;&#46;<\/p>\n","protected":false},"author":125,"featured_media":0,"comment_status":"closed","ping_status":"open","sticky":false,"template":"","format":"standard","meta":{"om_disable_all_campaigns":false,"_uf_show_specific_survey":0,"_uf_disable_surveys":false,"footnotes":""},"categories":[1],"tags":[],"class_list":["post-278245","post","type-post","status-publish","format-standard","hentry","category-uncategorized"],"aioseo_notices":[],"_links":{"self":[{"href":"https:\/\/noti-america.com\/site\/costarica\/wp-json\/wp\/v2\/posts\/278245","targetHints":{"allow":["GET"]}}],"collection":[{"href":"https:\/\/noti-america.com\/site\/costarica\/wp-json\/wp\/v2\/posts"}],"about":[{"href":"https:\/\/noti-america.com\/site\/costarica\/wp-json\/wp\/v2\/types\/post"}],"author":[{"embeddable":true,"href":"https:\/\/noti-america.com\/site\/costarica\/wp-json\/wp\/v2\/users\/125"}],"replies":[{"embeddable":true,"href":"https:\/\/noti-america.com\/site\/costarica\/wp-json\/wp\/v2\/comments?post=278245"}],"version-history":[{"count":1,"href":"https:\/\/noti-america.com\/site\/costarica\/wp-json\/wp\/v2\/posts\/278245\/revisions"}],"predecessor-version":[{"id":278246,"href":"https:\/\/noti-america.com\/site\/costarica\/wp-json\/wp\/v2\/posts\/278245\/revisions\/278246"}],"wp:attachment":[{"href":"https:\/\/noti-america.com\/site\/costarica\/wp-json\/wp\/v2\/media?parent=278245"}],"wp:term":[{"taxonomy":"category","embeddable":true,"href":"https:\/\/noti-america.com\/site\/costarica\/wp-json\/wp\/v2\/categories?post=278245"},{"taxonomy":"post_tag","embeddable":true,"href":"https:\/\/noti-america.com\/site\/costarica\/wp-json\/wp\/v2\/tags?post=278245"}],"curies":[{"name":"wp","href":"https:\/\/api.w.org\/{rel}","templated":true}]}}