{"id":166789,"date":"2026-03-19T11:53:55","date_gmt":"2026-03-19T11:53:55","guid":{"rendered":"https:\/\/noti-america.com\/site\/costarica\/?p=166789"},"modified":"2026-03-19T11:53:59","modified_gmt":"2026-03-19T11:53:59","slug":"otletek-a-friss-2025-os-giro-ditalia-nezesehez-elosuly-televizios-informaciok","status":"publish","type":"post","link":"https:\/\/noti-america.com\/site\/costarica\/2026\/03\/19\/otletek-a-friss-2025-os-giro-ditalia-nezesehez-elosuly-televizios-informaciok\/","title":{"rendered":"\u00d6tletek a friss 2025-\u00f6s Giro d&#039;Italia n\u00e9z\u00e9s\u00e9hez: \u00c9l\u0151s\u00faly, Telev\u00edzi\u00f3s inform\u00e1ci\u00f3k"},"content":{"rendered":"<div id=\"toc\" style=\"background: #f9f9f9;border: 1px solid #aaa;margin-bottom: 1em;padding: 1em;width: 350px\">\n<p class=\"toctitle\" style=\"font-weight: 700;text-align: center\">Bejegyz\u00e9sek<\/p>\n<ul class=\"toc_list\">\n<li><a href=\"#toc-0\">Giro d&#039;Italia tizenegyedik szakasza &#8211; \u00c9l\u0151 k\u00f6zvet\u00edt\u00e9s<\/a><\/li>\n<li><a href=\"#toc-1\">Ayuso elesett<\/a><\/li>\n<li><a href=\"#toc-2\">\u00d6tletek a leg\u00fajabb, 2025-\u00f6s Giro d&#039;Italia n\u0151i ker\u00e9kp\u00e1rverseny n\u00e9z\u00e9s\u00e9hez: \u00c9l\u0151 TV, streaming \u00e9s vil\u00e1gszerte sug\u00e1rzott m\u0171sor\u00fajs\u00e1g<\/a><\/li>\n<li><a href=\"#toc-3\">Ezek lehetnek FanZone bejegyz\u00e9sek, felhaszn\u00e1l\u00f3k sz\u00e1m\u00e1ra lefoglalva.<\/a><\/li>\n<li><a href=\"#toc-4\">Legut\u00f3bbi kilom\u00e9ter<\/a><\/li>\n<\/ul>\n<\/div>\n<p>Hogy ez a h\u00e1rom h\u00f3napos csata Olaszorsz\u00e1g leny\u0171g\u00f6z\u0151 felsz\u00edn\u00e9nek k\u00f6sz\u00f6nhet\u0151, t\u00e1vol a kih\u00edv\u00e1st jelent\u0151 alpesi cs\u00facsokt\u00f3l a t\u00f6rt\u00e9nelmi macskak\u00f6ves v\u00e1rosokig. A Flobikes felel\u0151s a leg\u00fajabb Giro d&#039;Italia kanadai terjeszt\u00e9s\u00e9\u00e9rt. A tags\u00e1gok \u00e1ra Kaliforni\u00e1ban 39,99 doll\u00e1r harminc napra, \u00e9s nagyszer\u0171 aj\u00e1nlatokat k\u00edn\u00e1lnak nagyon hossz\u00fa t\u00e1v\u00fa szerz\u0151d\u00e9sekre. Az \u00faj Flobikes TV alkalmaz\u00e1s let\u00f6lthet\u0151 Roku, Fire TV, Chromecast \u00e9s Fruit TV k\u00e9sz\u00fcl\u00e9kekre, valamint Androidra \u00e9s iOS-re. <!--more--> F\u00f6ldrajzi korl\u00e1toz\u00e1sok \u00e9rv\u00e9nyesek, ha itt n\u00e9zed a saj\u00e1t ker\u00e9kp\u00e1roz\u00e1sodat, akkor egy j\u00f3 VPN-nel tov\u00e1bbra is hozz\u00e1f\u00e9rhetsz &#8211; rajtad k\u00edv\u00fcl. Sv\u00e1jcban az SRG t\u00e1rsadalmi m\u0171sorszolg\u00e1ltat\u00f3 rendelkezik a Giro d&#039;Italia RSI La 2-re t\u00f6rt\u00e9n\u0151 k\u00f6zvet\u00edt\u00e9s\u00e9nek jogaival, amelyet az RSI weboldal\u00e1n kereszt\u00fcl online streamelnek.<\/p>\n<h2 id=\"toc-0\">Giro d&#039;Italia tizenegyedik szakasza &#8211; \u00c9l\u0151 k\u00f6zvet\u00edt\u00e9s<\/h2>\n<p>Az XDS Astana rendk\u00edv\u00fcl lelkesen vesz r\u00e9szt a napi sz\u00fcnetben. Ez egy igazi folyamat, hogy olyan sz\u00fcnetet tal\u00e1ljunk, amellyel mindenki el\u00e9gedett. Az \u00faj id\u0151pontok m\u00e1r \u00e9rkeznek, t\u00f6bbek k\u00f6z\u00f6tt a Decathlon, a Picnic PostNL, a Bardiani \u00e9s m\u00e1sok. \u201eA verseny utols\u00f3 szakasza el\u00e9g gyors, de a kezdet pik\u00e1ns lesz\u201d \u2013 mondta Patxi Vila, a Red Bull-Bora-Hansgrohe DS-e a TNT Sportsnak. Ha elismerj\u00fck a Castel di Sangro nevet, az a sportcsapatuknak k\u00f6sz\u00f6nhet\u0151. Az 1990-es \u00e9vekt\u0151l a csapat csod\u00e1val hat\u00e1ros m\u00f3don n\u00e9gy lig\u00e1val feljebb l\u00e9pett a Serie B-ben, az az olasz sport\u00e1g k\u00f6vetkez\u0151 nagy kateg\u00f3ri\u00e1ja.<\/p>\n<p>Melyik \u00fcld\u00f6z\u0151oszt\u00e1lyban vannak leend\u0151 szakaszbajnokok, akik a legjobban megfelelnek az azt k\u00f6vet\u0151 \u00faj domboknak \u2013 konkr\u00e9tan Pello Bilbao \u00e9s Chris Harper. A leg\u00fajabb \u00fcld\u00f6z\u0151kateg\u00f3ria \u00fagy t\u0171nik, csatlakozhat a 13 \u00e9llovashoz. Egy \u00faj \u00fcld\u00f6z\u0151oszt\u00e1ly is kialakult, a pelotonb\u00f3l ugr\u00e1ssal. 15 motoros van benne, valamint Wout van Aert. Az \u00faj peloton nem telepedett felfel\u00e9, m\u00e9g mindig vannak motorosok, akik a kezdeti jeleket keresik, de a dep\u00f3 50 percre n\u0151tt. \u201eAhhoz, hogy megnyerd az \u00faj szakaszt \u00e9s beker\u00fclj a r\u00f3zsasz\u00edn trik\u00f3ba, igaz\u00e1n hihetetlen\u00fcl kell t\u00f6rekedned, k\u00fcl\u00f6n\u00f6sen egy ilyen csapatmunka ut\u00e1n\u201d \u2013 mondta Pedersen a szakasz ut\u00e1n.<\/p>\n<p><img decoding=\"async\" src=\"https:\/\/www.washingtonpost.com\/resizer\/MaGFiZTawEWCrvOyc58GmFQyo2s=\/1179x0\/arc-anglerfish-washpost-prod-washpost.s3.amazonaws.com\/public\/CH7T4NORPFDLDMCO6WKONQQ2LA.jpg\" alt=\"cs go betting sites\" border=\"0\" align=\"left\"><\/p>\n<p>A Giro d&#039;Italia \u00faj, 2025-\u00f6s modellje \u00e1ll\u00edt\u00f3lag ingyenesen el\u00e9rhet\u0151 Ausztr\u00e1li\u00e1ban \u00e9s sz\u00e1mos eur\u00f3pai orsz\u00e1gban.<\/p>\n<p>K\u00f6zt\u00fck tal\u00e1lsz d\u00e1tummint\u00e1kat, dombfokozatot, \u00e9s sprinteket is \u00f6sszeadhatsz, hogy b\u00f6ng\u00e9szhess. A 2022-es Concert tour de l&#039;Avenir leg\u00fajabb bajnoka, Uijtdebroeks nemr\u00e9g t\u00f6lt\u00f6tte be a 21. \u00e9let\u00e9v\u00e9t, \u00e9s ezt sz\u00e9les k\u00f6rben j\u00f3 j\u00f6v\u0151beli nagy verseny es\u00e9lyesnek tartj\u00e1k. A belga Wout van Aerttel ellent\u00e9tben, aki a n\u00e9h\u00e1ny h\u00e9ttel ezel\u0151tti belga versenyen egy j\u00f3 fagy\u00e1sban elszenvedett s\u00e9r\u00fcl\u00e9sei miatt lemarad az \u00faj Gir\u00f3r\u00f3l, Uijtdebroeks lesz a csapat Giro-terveinek k\u00f6z\u00e9ppontj\u00e1ban. Egy er\u0151s csapattal a k\u00f6zel\u00e9ben ak\u00e1r dobog\u00f3ra is fel\u00e1llhat, ami az egyszer\u0171 m\u00f3dja annak, hogy a Giro leg\u00fajabb legjobb fiatal versenyz\u0151je legyen. Az \u00faj szakasz a 20. szakaszra val\u00f3 felk\u00e9sz\u00fcl\u00e9s, az utols\u00f3 lehet\u0151s\u00e9g annak, aki a 2024-es Giro d&#039;Itali\u00e1t szeretn\u00e9 megszerezni att\u00f3l, aki az \u00e9lre ker\u00fclt. \u00c9s \u2013 ahogy n\u00e9h\u00e1ny verseny t\u00f6rt\u00e9nete mutatja \u2013 ez egy re\u00e1lis lehet\u0151s\u00e9g.<\/p>\n<h2 id=\"toc-1\">Ayuso elesett<\/h2>\n<p>Min\u00e9l <a href=\"https:\/\/fogadas-sport.com\/bonus\/\">fogadas-sport.com port\u00e1l linkje<\/a> k\u00f6zelebb ker\u00fclsz a v\u00e9g\u00e9hez, \u00e9s csak egy kis hi\u00e1ny marad bel\u0151le, ann\u00e1l val\u00f3sz\u00edn\u0171bb, hogy Poga\u010darban fogsz \u00fajra nyerni. Az ereszked\u0151h\u00f6z vezet\u0151 friss \u00f6sv\u00e9nyek nedvesek, \u00edgy az Alaphilippe tal\u00e1n nem a szok\u00e1sos vakmer\u0151 ereszked\u00e9s\u00fcket v\u00e1lasztja, \u00e9s te val\u00f3j\u00e1ban a t\u00fara v\u00e9g\u00e9n pihenhetsz, \u00e9s csak a gumiabroncsok oldal\u00e1n maradhatsz. Az \u00faj csata lefel\u00e9 vezet a lejt\u0151n eg\u00e9szen a 63 km-es jelz\u00e9sig, ahol kezd\u0151dik a nap legjobb emelked\u0151je, hogy feljusson a Passo Gobbera-ra (5,7 kilom\u00e9ter az 5,8%-os p\u00e1ly\u00e1n).<\/p>\n<h2 id=\"toc-2\">\u00d6tletek a leg\u00fajabb, 2025-\u00f6s Giro d&#039;Italia n\u0151i ker\u00e9kp\u00e1rverseny n\u00e9z\u00e9s\u00e9hez: \u00c9l\u0151 TV, streaming \u00e9s vil\u00e1gszerte sug\u00e1rzott m\u0171sor\u00fajs\u00e1g<\/h2>\n<p>Az Ineosban 3 motoros indul el, Bernal pedig m\u00f6g\u00f6tt\u00fck. A leg\u00fajabb kolumbiai versenyz\u0151nek rengeteg ideje \u00e9s energi\u00e1ja van arra, hogy behozza a nagyd\u00edjat, mivel a dem\u00f3ban is elesett, \u00e9s m\u00e1ris a leg\u00fajabb m\u00faltban ragadt\u00e1l. Egyre t\u00f6bb motoros t\u00e1mad a mez\u0151nyb\u0151l, hogy megpr\u00f3b\u00e1lja \u00e1thidalni a vezet\u0151s\u00e9g sz\u00e1m\u00e1ra a leg\u00fajabb 15 k\u00f6vetkez\u0151 boxutc\u00e1t, de egyik sem siker\u00fcl igaz\u00e1n.<\/p>\n<p><img decoding=\"async\" src=\"http:\/\/bettingshaman.com\/wp-content\/uploads\/2016\/10\/sports-betting-win.jpg\" alt=\"100 betting tips\" align=\"left\" border=\"1\"><\/p>\n<p>Ez az els\u0151 versenyed a nap folyam\u00e1n, \u00e9s a Lidl-Trip val\u00f3j\u00e1ban az elej\u00e9n t\u00f6megesen halad. Kevesebb mint n\u00e9gy kilom\u00e9ter van h\u00e1tra az els\u0151h\u00f6z, k\u00f6r\u00fclbel\u00fcl h\u00e1rom halad\u00f3 sprint ut\u00e1n, az egyik Cles v\u00e1ros\u00e1ban. \u00cdme Romain Bardet h\u00edre a holnapi tal\u00e1lkoz\u00f3 el\u0151tt, amely a Blockhausban k\u00f6t ki&#8230; Ugyanakkor a k\u00f6vetkez\u0151kben egy visszatekint\u00e9s erre a legut\u00f3bbi kilom\u00e9terre \u00e9s a gy\u0151zelem\u00e9rt folytatott versenyre.<\/p>\n<p>Sportesem\u00e9nyekr\u0151l \u00edrt a Cricketerben \u00e9s a Tennis Monthlyban; a t\u00e9v\u00e9ben a TechRadar, a WhatToWatch \u00e9s a Cinema Mix megv\u00e1s\u00e1rl\u00e1s\u00e1t javasolja; az egyes Which?-r\u0151l; a T3 megv\u00e1s\u00e1rl\u00e1s\u00e1r\u00f3l \u00e9s a Tom&#039;s Publicationr\u0151l; valamint az ingatlanpiacr\u00f3l \u00e9s a kreat\u00edv Bloqr\u00f3l. A sr\u00e1cnak joga van a helyi krikettparti tulajdonosa lenni, szenved\u00e9lyes alkot\u00f3, szeret \u00e9nekelni \u00e9s madarakat tartani. Nagyszer\u0171 VPN-t haszn\u00e1lhatsz, amely seg\u00edt k\u00fclf\u00f6ld\u00f6n \u00e9l\u0151 n\u00e9z\u0151v\u00e9 v\u00e1lni.<\/p>\n<h2 id=\"toc-3\">Ezek lehetnek FanZone bejegyz\u00e9sek, felhaszn\u00e1l\u00f3k sz\u00e1m\u00e1ra lefoglalva.<\/h2>\n<p>A Procyclingstats adatai alapj\u00e1n a Giro vadonat\u00faj, 21 napos verseny\u00e9n csak n\u00e9gy bonyolultabb szakasz tal\u00e1lhat\u00f3, sz\u00f3val mindenk\u00e9ppen \u00e9rdemes odafigyelni. Ma n\u00e9gy kategoriz\u00e1lt emelked\u0151t tal\u00e1lsz, mint p\u00e9ld\u00e1ul az utols\u00f3 emelked\u0151t, a verseny legkor\u00e1bbi kateg\u00f3ri\u00e1s emelked\u0151j\u00e9t, a harmadik szakasz pedig 390 m\u00e9terre van a 168,4 km-es szakaszt\u00f3l. Az \u00faj belga majdnem n\u00e9gyszeresre cs\u00f6kkentette a leg\u00fajabb vezet\u0151 el\u0151ny\u00e9t, tizenk\u00e9t kilom\u00e9terrel a verseny v\u00e9ge el\u0151tt. Adam Yates majdnem kiesett a saj\u00e1t csoportod jobb h\u00e1tulj\u00e1b\u00f3l, tekintve Visma \u00f6ccs\u00e9nek temp\u00f3j\u00e1t.<\/p>\n<h2 id=\"toc-4\">Legut\u00f3bbi kilom\u00e9ter<\/h2>\n<p><img decoding=\"async\" src=\"https:\/\/www.optimagaming.com\/wp-content\/uploads\/2019\/04\/Provisional_Mobile.jpg\" alt=\"live betting\" align=\"right\" border=\"1\" style=\"padding: 10px\"><\/p>\n<p>A k\u00f6vetkez\u0151 egy visszatekint\u00e9s abba a pillanatba, amikor Ghebreigzabhier bels\u0151 t\u00e1mad\u00e1sba lend\u00fclt, Steinhauser pedig a h\u00e1tt\u00e9rben \u00fcld\u00f6zte \u0151t. Az \u00faj n\u00e9met csak az \u00faj Intergiro futamot nyerte meg, de agg\u00f3dott az \u00faj szakasz megnyer\u00e9se miatt. A DSM temp\u00f3ja nem v\u00e1ltotta be a v\u00e1rt eredm\u00e9nyt, \u00edgy az \u00faj sz\u00e1guld\u00f3k el\u0151nye k\u00f6zel egyharmadra cs\u00f6kkent, mik\u00f6zben fel\u00e9rnek az \u00faj emelked\u00e9sre.<\/p>\n<p>De Bondt jelenetei, ahogy a split k\u00f6zeledik az \u00faj felhajt\u00e1s cs\u00facs\u00e1hoz. \u00c9rdekes lesz megfigyelni, hogyan folytatja a v\u00e9g\u00e9t &#8211; a pomp\u00e1ban m\u00e1r egy gyors r\u00fag\u00e1st mutatott neki, \u00e9s az alakja, amiben most van, tal\u00e1n m\u00e9g egy es\u00e9lyt is ki\u00e1llhat egy kis gy\u0151zelemre. Visma vezeti a leg\u00fajabb mez\u0151nyt, hihetetlen\u00fcl j\u00f3 eredm\u00e9nnyel a saj\u00e1t felhajt\u00e1sod sor\u00e1n, 2-05-tel a leg\u00fajabb vezet\u0151k el\u0151tt. Az \u00faj felhajt\u00e1s feje egy ideje megn\u0151tt ebben a felhajt\u00e1sban, \u00edgy 2-10-re \u00e1llhatsz. Tekintettel az oszt\u00e1ly ar\u00e1nyaira, nagy er\u0151fesz\u00edt\u00e9sre van sz\u00fcks\u00e9g a mez\u0151nyt\u0151l, hogy visszavegy\u00e9k \u0151ket.<\/p>\n<p>A tegnapi szakaszon Isaac del Toro, a versenyt vezet\u0151 versenyz\u0151 visszav\u00e1gott egy rossz nap ut\u00e1n, \u00e9s egy kiv\u00e1l\u00f3 k\u00e9s\u0151bbi t\u00e1mad\u00e1ssal teljes erej\u00e9ig n\u00f6velte az id\u0151t \u00e9s az energi\u00e1t. A Giro d&#039;Italia 21 fokos szakasz\u00e1t \u00e9l\u0151ben \u00e9s ingyenesen k\u00f6vetheti az SBS Viceland, \u00e9s online streaming szolg\u00e1ltat\u00e1sokon kereszt\u00fcl is megtekintheti az SBS To You Request-en. A verseny nagyszer\u0171 munk\u00e1t v\u00e9gzett az el\u0151z\u0151 lejt\u0151n, a leg\u00fajabb s\u00edkon el\u00e9rt k\u00f6zvetlens\u00e9g n\u00f6vel\u00e9s\u00e9vel. Ez m\u00e1r elkezd\u0151d\u00f6tt Colle delle Finestre-n, de a szakad\u00e9k er\u0151sebb hegym\u00e1sz\u00f3inak \u00e9rdemes kihaszn\u00e1lniuk az alkalmat, hogy innen sikeresen teljes\u00edts\u00e9k az \u00faj szakaszt. Az \u00faj Italian Grand Tour, amely p\u00e9nteken kezd\u0151dik Alb\u00e1ni\u00e1ban, \u00e9l\u0151ben k\u00f6zvet\u00edti kiz\u00e1r\u00f3lag a TNT Sports \u00e9s annak saj\u00e1t streaming platformja, a Discovery+. Ez a hagyom\u00e1nyos f\u00e9rfi mosd\u00f3 Grand Concert t\u00fara, ahol az \u00e9l\u0151 ker\u00e9kp\u00e1rosok a TNT Sportesem\u00e9nyekre \u00e9s az Eurosportra is feliratkoztak.<\/p>\n<p><img decoding=\"async\" src=\"https:\/\/www.sporttechie.com\/wp-content\/uploads\/2018\/06\/Perform-Retail-Video-e1528203734350.png\" alt=\"add betting url \" align=\"left\" border=\"0\"><\/p>\n<p>A Polti-Visit Malta r\u00e1tesz egy kis stresszt az els\u0151 kupacra, de a j\u00f6v\u0151 legjobb csapatainak sz\u00e1m\u00e1val ez legjobb esetben is csak egy f\u00fcgg\u0151ben l\u00e9v\u0151 akci\u00f3. Tov\u00e1bbi 31 motoros teszi meg a dolg\u00e1t a lassan emelked\u0151 \u00faton a Tonale l\u00e1b\u00e1n\u00e1l, de meg\u00edt\u00e9l\u00e9sem szerint ink\u00e1bb h\u00e1trafel\u00e9, mint el\u0151re haladtak, lehet, hogy t\u00f6bb motorossal akarnak tal\u00e1lkozni. Egy hatalmas, k\u00f6r\u00fclbel\u00fcl 40 motorosb\u00f3l \u00e1ll\u00f3 csoport vonultatja el\u0151re az \u00faj csapatot a sz\u00e9lesebb v\u00f6lgyi \u00f6sv\u00e9nyeken, amelyek a sz\u0151l\u0151\u00fcltetv\u00e9nyekt\u0151l indulnak, \u00e9s egyre nagyobb \u00e1tkel\u00e9ssel haladnak \u00e1t. A leg\u00fajabb roham megt\u00f6rt\u00e9nt, mi\u00f3ta a csapat elindult Clesb\u0151l, a Jayco-AIUIa biztos seg\u00edts\u00e9get ny\u00fajt, hogy megpr\u00f3b\u00e1ljanak egy j\u00f3 kis pihen\u0151t h\u00fazni. A nyilv\u00e1noss\u00e1g d\u00e9lben, BST id\u0151 szerint kezd\u0151dik, \u00e9s d\u00e9lut\u00e1n 5-kor z\u00e1rul.<\/p>\n","protected":false},"excerpt":{"rendered":"<p>Bejegyz\u00e9sek Giro d&#039;Italia tizenegyedik szakasza &#8211; \u00c9l\u0151 k\u00f6zvet\u00edt\u00e9s Ayuso elesett \u00d6tletek a leg\u00fajabb, 2025-\u00f6s Giro d&#039;Italia n\u0151i ker\u00e9kp\u00e1rverseny n\u00e9z\u00e9s\u00e9hez: \u00c9l\u0151 TV, streaming \u00e9s vil\u00e1gszerte sug\u00e1rzott m\u0171sor\u00fajs\u00e1g Ezek lehetnek FanZone bejegyz\u00e9sek, felhaszn\u00e1l\u00f3k sz\u00e1m\u00e1ra lefoglalva. Legut\u00f3bbi&#46;&#46;&#46;<\/p>\n","protected":false},"author":125,"featured_media":0,"comment_status":"closed","ping_status":"open","sticky":false,"template":"","format":"standard","meta":{"om_disable_all_campaigns":false,"_uf_show_specific_survey":0,"_uf_disable_surveys":false,"footnotes":""},"categories":[1],"tags":[],"class_list":["post-166789","post","type-post","status-publish","format-standard","hentry","category-uncategorized"],"aioseo_notices":[],"_links":{"self":[{"href":"https:\/\/noti-america.com\/site\/costarica\/wp-json\/wp\/v2\/posts\/166789","targetHints":{"allow":["GET"]}}],"collection":[{"href":"https:\/\/noti-america.com\/site\/costarica\/wp-json\/wp\/v2\/posts"}],"about":[{"href":"https:\/\/noti-america.com\/site\/costarica\/wp-json\/wp\/v2\/types\/post"}],"author":[{"embeddable":true,"href":"https:\/\/noti-america.com\/site\/costarica\/wp-json\/wp\/v2\/users\/125"}],"replies":[{"embeddable":true,"href":"https:\/\/noti-america.com\/site\/costarica\/wp-json\/wp\/v2\/comments?post=166789"}],"version-history":[{"count":1,"href":"https:\/\/noti-america.com\/site\/costarica\/wp-json\/wp\/v2\/posts\/166789\/revisions"}],"predecessor-version":[{"id":166790,"href":"https:\/\/noti-america.com\/site\/costarica\/wp-json\/wp\/v2\/posts\/166789\/revisions\/166790"}],"wp:attachment":[{"href":"https:\/\/noti-america.com\/site\/costarica\/wp-json\/wp\/v2\/media?parent=166789"}],"wp:term":[{"taxonomy":"category","embeddable":true,"href":"https:\/\/noti-america.com\/site\/costarica\/wp-json\/wp\/v2\/categories?post=166789"},{"taxonomy":"post_tag","embeddable":true,"href":"https:\/\/noti-america.com\/site\/costarica\/wp-json\/wp\/v2\/tags?post=166789"}],"curies":[{"name":"wp","href":"https:\/\/api.w.org\/{rel}","templated":true}]}}