{"id":7343,"date":"2021-05-26T09:15:19","date_gmt":"2021-05-26T09:15:19","guid":{"rendered":"https:\/\/noti-america.com\/site\/colombia\/2021\/05\/26\/los-triunfos-de-egan-bernal-son-herencia-de-ramon-hoyos-vallejo\/"},"modified":"2021-05-26T13:15:27","modified_gmt":"2021-05-26T13:15:27","slug":"los-triunfos-de-egan-bernal-son-herencia-de-ramon-hoyos-vallejo","status":"publish","type":"post","link":"https:\/\/noti-america.com\/site\/colombia\/2021\/05\/26\/los-triunfos-de-egan-bernal-son-herencia-de-ramon-hoyos-vallejo\/","title":{"rendered":"Los triunfos de Egan Bernal son herencia de Ram\u00f3n Hoyos Vallejo"},"content":{"rendered":"<p class=\"v1gmail-MsoNoSpacing\" style=\"text-align: justify;\">Por Guillermo Romero Salamanca<\/p>\n<p class=\"v1gmail-MsoNoSpacing\" style=\"text-align: justify;\">En la calle Carabobo, N\u00famero 54-31 de Medell\u00edn se levanta el edificio que le hace un sincero homenaje al pionero del ciclismo en Colombia: don Ram\u00f3n Hoyos Vallejo. Unas enormes RH engalanan el lugar.<\/p>\n<p class=\"v1gmail-MsoNoSpacing\" style=\"text-align: justify;\">Ahora cuando los colombianos madrugan para instalarse frente a los televisores, en mullidas sillas, degustando una bebida caliente y unos pasabocas, mientras gritan: \u00abEgan, Egan, Egan\u00bb y se emocionan como cuando tambi\u00e9n triunfaron Nairo Quintana, Rigoberto Ur\u00e1n, El Superm\u00e1n L\u00f3pez, Lucho Herrera, Fabio Parra, Mart\u00edn Emilio Cochise y m\u00e1s de mil hombres que han dejado marcadas las huellas de sus bicicletas impregnadas de sudor y muchas veces de l\u00e1grimas en las carreteras colombianas y europeas, deben saber que existi\u00f3 un hombre, de Marinilla, Antioquia y que este 26 de mayo cumplir\u00eda 89 a\u00f1os de edad.<\/p>\n<p class=\"v1gmail-MsoNoSpacing\" style=\"text-align: justify;\">Naci\u00f3 en 1932 y desde muy joven mont\u00f3 en una pesada bicicleta, de las que llamaban \u00abturismeras\u00bb, pero con la fuerza de sus piernas derrotaba las empinadas monta\u00f1as antioque\u00f1as, surcando los caminos hacia el \u00e9xito.<\/p>\n<p class=\"v1gmail-MsoNoSpacing\" style=\"text-align: justify;\">Compiti\u00f3 con grandes como Efra\u00edn \u00abEl Zipa\u00bb Forero y Roberto \u00abEl pajarito\u00bb Buitrago.<\/p>\n<p class=\"v1gmail-MsoNoSpacing\" style=\"text-align: justify;\">Ese hombre, sin ayudas tecnol\u00f3gicas, sin uniformes especiales, con una bicicleta de muchos kilos, con unas v\u00edas embarradas, compiti\u00f3 en la d\u00e9cada de los cincuenta y principio de los sesenta y fue el ganador de 5 ediciones de la Vuelta a Colombia.<\/p>\n<p class=\"v1gmail-MsoNoSpacing\" style=\"text-align: justify;\">Su primer triunfo se produjo en una doble a Rionegro en 1951 y en las vueltas a Colombia su primera victoria de etapa la consigui\u00f3 en el tramo Cali \u2013 Sevilla en 1952.<\/p>\n<p class=\"v1gmail-MsoNoSpacing\" style=\"text-align: justify;\">A \u00e9l se le debe el apelativo de \u00abescarabajos\u00bb porque as\u00ed lo bautizaron, por sus grandes cualidades para el ascenso.<\/p>\n<p class=\"v1gmail-MsoNoSpacing\" style=\"text-align: justify;\">Gan\u00f3 su primera vuelta a Colombia en 1953 cuando estaba pr\u00f3ximo a cumplir 21 a\u00f1os, en esta ocasi\u00f3n no solo fue el mejor en la clasificaci\u00f3n general; sino que se impuso en 8 de las 15 etapas disputadas: repiti\u00f3 sus triunfos en esta prueba en 1954, 1955, 1956 y 1958; pero fue en 1955 cuando implant\u00f3 un registro hist\u00f3rico: gan\u00f3 la carrera y se llev\u00f3 12 de las 18 etapas cumplidas verdadero s\u00edmbolo de la vuelta a Colombia.<\/p>\n<p class=\"v1gmail-MsoNoSpacing\" style=\"text-align: justify;\">En 1953 corri\u00f3 en la Route de Francia. Gan\u00f3 el t\u00edtulo panamericano de rutas en M\u00e9xico en 1955 individual y por equipos, ese mismo a\u00f1o triunf\u00f3 en la vuelta a Puerto Rico. En las pruebas de ruta de los Juegos Ol\u00edmpicos de Melbourne Australia en 1956 y Roma 1960 donde clasific\u00f3 en los puestos Noveno y Trig\u00e9simo octavo respectivamente. En 1959, un a\u00f1o despu\u00e9s de ganar su quinta vuelta a Colombia, cansado de recibir trofeos y muy poco dinero por sus esfuerzos estuvo a punto de retirarse del ciclismo, pero lo convencieron de renunciar a esta idea y corri\u00f3 una nueva versi\u00f3n de esta competencia con tan solo 2 semanas de preparaci\u00f3n.<\/p>\n<p class=\"v1gmail-MsoNoSpacing\" style=\"text-align: justify;\">En 1955 su gloria cicl\u00edstica mereci\u00f3 la atenci\u00f3n del escritor Gabriel Garc\u00eda M\u00e1rquez, quien siendo reportero de El Espectador escribi\u00f3 14 cap\u00edtulos sobre su vida deportiva. Ramon Hoyos se convirti\u00f3 en una leyenda del ciclismo colombiano.<\/p>\n<p class=\"v1gmail-MsoNoSpacing\" style=\"text-align: justify;\">En una entrevista coment\u00f3: \u00abantes se corr\u00eda por puro amor a la camiseta\u00bb. Su retiro del ciclismo se produjo en 1964, despu\u00e9s de que la Asociaci\u00f3n de Ciclismo Colombiana no lo incluyera en la n\u00f3mina nacional que competir\u00eda ese a\u00f1o en los juegos Ol\u00edmpicos de Tokio. Para Hoyos eso fue una injusticia, pues hab\u00eda ganado su casilla para competir en este certamen.<\/p>\n<p class=\"v1gmail-MsoNoSpacing\" style=\"text-align: justify;\">Fueron tambi\u00e9n los a\u00f1os dorados de la radio. Las vueltas a Colombia incrementaron el poder t\u00e9cnico de ese medio de comunicaci\u00f3n. Por miles de maromas y cables hicieron posible que se transmitieran \u00e9pica etapas. A veces, por las dificultades de los terrenos, los narradores y comentaristas se \u00abinventaban\u00bb la carrera, pero en las casas, talleres, cafeter\u00edas, f\u00e1bricas y en los buses los colombianos segu\u00edan cada pedalazo. Eso s\u00ed era sinton\u00eda.<\/p>\n<p class=\"v1gmail-MsoNoSpacing\" style=\"text-align: justify;\">Dos extranjeros: Carlos Arturo Rueda C y Julio Arrast\u00eda encontraron filones limpios, para formar unas carreras por el ciclismo.<\/p>\n<p class=\"v1gmail-MsoNoSpacing\" style=\"text-align: justify;\">Ellos dieron las primeras clases. Don Julio con su t\u00e9cnica y don Carlos Arturo con su poes\u00eda. Con sus narraciones le puso sobrenombres a todos los municipios y pueblos por los que pas\u00f3 y hac\u00eda que la gente dejara sus labores en el campo, en las f\u00e1bricas o en los colegios para salir al paso de los ciclistas.<\/p>\n<p class=\"v1gmail-MsoNoSpacing\" style=\"text-align: justify;\">Los primeros fan\u00e1ticos del ciclismo cargaban transistores para no perder un segundo de cada etapa y cuando sus \u00eddolos cruzaban las metas, lloraban de emoci\u00f3n.<\/p>\n<p class=\"v1gmail-MsoNoSpacing\" style=\"text-align: justify;\">Luego de sus competencias, un d\u00eda don Ram\u00f3n intuy\u00f3 que deb\u00eda masificar el deporte y mont\u00f3 una f\u00e1brica de bicicletas. Miles de ni\u00f1os han aprendido a pedalear con sus m\u00e1quinas, millares han so\u00f1ado con los triunfos en las carreteras. Unos m\u00e1s han encontrado una forma de trabajo. Su idea ha sido una bendici\u00f3n para cientos de personas.<\/p>\n<p class=\"v1gmail-MsoNoSpacing\" style=\"text-align: justify;\">Como dicen en Medell\u00edn: \u00ab\u00a1don Ram\u00f3n, eh Avemar\u00eda, qu\u00e9 personaje!\u00bb<\/p>\n<p class=\"v1gmail-MsoNoSpacing\" style=\"text-align: justify;\">Don Ram\u00f3n Hoyos se cas\u00f3 con do\u00f1a Mar\u00eda Cecilia Hurtado, tuvo cinco hijos, tres nietas.<\/p>\n<p class=\"v1gmail-MsoNoSpacing\" style=\"text-align: justify;\">El pintor y escultor Fernando Botero le dedic\u00f3 una de sus obras que bautiz\u00f3 como \u00abApoteosis de Ram\u00f3n Hoyos\u00bb, en un cuadro de 1.72 metros de alto por 3.14 de ancho. Est\u00e1 colgado en Dinamarca.<\/p>\n<p class=\"v1gmail-MsoNoSpacing\" style=\"text-align: justify;\">El 19 de noviembre del 2014, el coraz\u00f3n de don Ram\u00f3n, despu\u00e9s de amar con intensidad a Colombia, querer apasionadamente a su Antioquia del alma, sentir la pasi\u00f3n del ciclismo y entregarse a su familia por completo, se detuvo, pero sigui\u00f3 latiendo en las entra\u00f1as de la gente buena y noble de su patria.<\/p>\n<p class=\"v1gmail-MsoNoSpacing\" style=\"text-align: justify;\">Cuando Egan cruza la meta, ah\u00ed est\u00e1 tambi\u00e9n presente don Ram\u00f3n Hoyos Vallejo, porque imprimi\u00f3 car\u00e1cter y berraquera para hacer las cosas bien, sin hacerle mal a nadie, con trabajo y con sudor. Dios lo guarde por toda la eternidad.<\/p>\n","protected":false},"excerpt":{"rendered":"<p>Por Guillermo Romero Salamanca En la calle Carabobo, N\u00famero 54-31 de Medell\u00edn se levanta el edificio que le hace un sincero homenaje al pionero del ciclismo en Colombia: don Ram\u00f3n Hoyos Vallejo. Unas enormes&#46;&#46;&#46;<\/p>\n","protected":false},"author":1,"featured_media":7344,"comment_status":"open","ping_status":"open","sticky":false,"template":"","format":"image","meta":{"_acf_changed":false,"om_disable_all_campaigns":false,"rop_custom_images_group":[],"rop_custom_messages_group":[],"rop_publish_now":"initial","rop_publish_now_accounts":{"twitter_242054905_242054905":""},"rop_publish_now_history":[],"rop_publish_now_status":"pending","_uf_show_specific_survey":0,"_uf_disable_surveys":false,"footnotes":""},"categories":[121,16],"tags":[],"class_list":["post-7343","post","type-post","status-publish","format-image","has-post-thumbnail","hentry","category-actualidad","category-deportes","post_format-post-format-image"],"acf":[],"aioseo_notices":[],"yoast_head":"<!-- This site is optimized with the Yoast SEO Premium plugin v24.9 (Yoast SEO v27.2) - https:\/\/yoast.com\/product\/yoast-seo-premium-wordpress\/ -->\n<title>Los triunfos de Egan Bernal son herencia de Ram\u00f3n Hoyos Vallejo - Colombia | Noti-America.com<\/title>\n<meta name=\"robots\" content=\"index, follow, max-snippet:-1, max-image-preview:large, max-video-preview:-1\" \/>\n<link rel=\"canonical\" href=\"https:\/\/noti-america.com\/site\/colombia\/2021\/05\/26\/los-triunfos-de-egan-bernal-son-herencia-de-ramon-hoyos-vallejo\/\" \/>\n<meta property=\"og:locale\" content=\"es_ES\" \/>\n<meta property=\"og:type\" content=\"article\" \/>\n<meta property=\"og:title\" content=\"Los triunfos de Egan Bernal son herencia de Ram\u00f3n Hoyos Vallejo\" \/>\n<meta property=\"og:description\" content=\"Por Guillermo Romero Salamanca En la calle Carabobo, N\u00famero 54-31 de Medell\u00edn se levanta el edificio que le hace un sincero homenaje al pionero del ciclismo en Colombia: don Ram\u00f3n Hoyos Vallejo. Unas enormes&#046;&#046;&#046;\" \/>\n<meta property=\"og:url\" content=\"https:\/\/noti-america.com\/site\/colombia\/2021\/05\/26\/los-triunfos-de-egan-bernal-son-herencia-de-ramon-hoyos-vallejo\/\" \/>\n<meta property=\"og:site_name\" content=\"Colombia | Noti-America.com\" \/>\n<meta property=\"article:published_time\" content=\"2021-05-26T09:15:19+00:00\" \/>\n<meta property=\"article:modified_time\" content=\"2021-05-26T13:15:27+00:00\" \/>\n<meta property=\"og:image\" content=\"https:\/\/noti-america.com\/site\/colombia\/wp-content\/uploads\/sites\/20\/2021\/05\/Ramon-Hoyos-Vallejo.jpg\" \/>\n\t<meta property=\"og:image:width\" content=\"650\" \/>\n\t<meta property=\"og:image:height\" content=\"400\" \/>\n\t<meta property=\"og:image:type\" content=\"image\/jpeg\" \/>\n<meta name=\"author\" content=\"Rosmer Herrera\" \/>\n<meta name=\"twitter:card\" content=\"summary_large_image\" \/>\n<meta name=\"twitter:creator\" content=\"@notiamerica\" \/>\n<meta name=\"twitter:site\" content=\"@notiamerica\" \/>\n<meta name=\"twitter:label1\" content=\"Escrito por\" \/>\n\t<meta name=\"twitter:data1\" content=\"Rosmer Herrera\" \/>\n\t<meta name=\"twitter:label2\" content=\"Tiempo estimado de lectura\" \/>\n\t<meta name=\"twitter:data2\" content=\"5 minutos\" \/>\n<script type=\"application\/ld+json\" class=\"yoast-schema-graph\">{\"@context\":\"https:\/\/schema.org\",\"@graph\":[{\"@type\":\"Article\",\"@id\":\"https:\/\/noti-america.com\/site\/colombia\/2021\/05\/26\/los-triunfos-de-egan-bernal-son-herencia-de-ramon-hoyos-vallejo\/#article\",\"isPartOf\":{\"@id\":\"https:\/\/noti-america.com\/site\/colombia\/2021\/05\/26\/los-triunfos-de-egan-bernal-son-herencia-de-ramon-hoyos-vallejo\/\"},\"author\":{\"name\":\"Rosmer Herrera\",\"@id\":\"https:\/\/noti-america.com\/site\/colombia\/#\/schema\/person\/fd58dbfb92a257e9dc5761bf69a855ff\"},\"headline\":\"Los triunfos de Egan Bernal son herencia de Ram\u00f3n Hoyos Vallejo\",\"datePublished\":\"2021-05-26T09:15:19+00:00\",\"dateModified\":\"2021-05-26T13:15:27+00:00\",\"mainEntityOfPage\":{\"@id\":\"https:\/\/noti-america.com\/site\/colombia\/2021\/05\/26\/los-triunfos-de-egan-bernal-son-herencia-de-ramon-hoyos-vallejo\/\"},\"wordCount\":1013,\"commentCount\":0,\"image\":{\"@id\":\"https:\/\/noti-america.com\/site\/colombia\/2021\/05\/26\/los-triunfos-de-egan-bernal-son-herencia-de-ramon-hoyos-vallejo\/#primaryimage\"},\"thumbnailUrl\":\"https:\/\/noti-america.com\/site\/colombia\/wp-content\/uploads\/sites\/20\/2021\/05\/Ramon-Hoyos-Vallejo.jpg\",\"articleSection\":[\"Actualidad\",\"Deportes\"],\"inLanguage\":\"es\",\"potentialAction\":[{\"@type\":\"CommentAction\",\"name\":\"Comment\",\"target\":[\"https:\/\/noti-america.com\/site\/colombia\/2021\/05\/26\/los-triunfos-de-egan-bernal-son-herencia-de-ramon-hoyos-vallejo\/#respond\"]}]},{\"@type\":\"WebPage\",\"@id\":\"https:\/\/noti-america.com\/site\/colombia\/2021\/05\/26\/los-triunfos-de-egan-bernal-son-herencia-de-ramon-hoyos-vallejo\/\",\"url\":\"https:\/\/noti-america.com\/site\/colombia\/2021\/05\/26\/los-triunfos-de-egan-bernal-son-herencia-de-ramon-hoyos-vallejo\/\",\"name\":\"Los triunfos de Egan Bernal son herencia de Ram\u00f3n Hoyos Vallejo - Colombia | Noti-America.com\",\"isPartOf\":{\"@id\":\"https:\/\/noti-america.com\/site\/colombia\/#website\"},\"primaryImageOfPage\":{\"@id\":\"https:\/\/noti-america.com\/site\/colombia\/2021\/05\/26\/los-triunfos-de-egan-bernal-son-herencia-de-ramon-hoyos-vallejo\/#primaryimage\"},\"image\":{\"@id\":\"https:\/\/noti-america.com\/site\/colombia\/2021\/05\/26\/los-triunfos-de-egan-bernal-son-herencia-de-ramon-hoyos-vallejo\/#primaryimage\"},\"thumbnailUrl\":\"https:\/\/noti-america.com\/site\/colombia\/wp-content\/uploads\/sites\/20\/2021\/05\/Ramon-Hoyos-Vallejo.jpg\",\"datePublished\":\"2021-05-26T09:15:19+00:00\",\"dateModified\":\"2021-05-26T13:15:27+00:00\",\"author\":{\"@id\":\"https:\/\/noti-america.com\/site\/colombia\/#\/schema\/person\/fd58dbfb92a257e9dc5761bf69a855ff\"},\"breadcrumb\":{\"@id\":\"https:\/\/noti-america.com\/site\/colombia\/2021\/05\/26\/los-triunfos-de-egan-bernal-son-herencia-de-ramon-hoyos-vallejo\/#breadcrumb\"},\"inLanguage\":\"es\",\"potentialAction\":[{\"@type\":\"ReadAction\",\"target\":[\"https:\/\/noti-america.com\/site\/colombia\/2021\/05\/26\/los-triunfos-de-egan-bernal-son-herencia-de-ramon-hoyos-vallejo\/\"]}]},{\"@type\":\"ImageObject\",\"inLanguage\":\"es\",\"@id\":\"https:\/\/noti-america.com\/site\/colombia\/2021\/05\/26\/los-triunfos-de-egan-bernal-son-herencia-de-ramon-hoyos-vallejo\/#primaryimage\",\"url\":\"https:\/\/noti-america.com\/site\/colombia\/wp-content\/uploads\/sites\/20\/2021\/05\/Ramon-Hoyos-Vallejo.jpg\",\"contentUrl\":\"https:\/\/noti-america.com\/site\/colombia\/wp-content\/uploads\/sites\/20\/2021\/05\/Ramon-Hoyos-Vallejo.jpg\",\"width\":650,\"height\":400},{\"@type\":\"BreadcrumbList\",\"@id\":\"https:\/\/noti-america.com\/site\/colombia\/2021\/05\/26\/los-triunfos-de-egan-bernal-son-herencia-de-ramon-hoyos-vallejo\/#breadcrumb\",\"itemListElement\":[{\"@type\":\"ListItem\",\"position\":1,\"name\":\"Portada\",\"item\":\"https:\/\/noti-america.com\/site\/colombia\/\"},{\"@type\":\"ListItem\",\"position\":2,\"name\":\"Los triunfos de Egan Bernal son herencia de Ram\u00f3n Hoyos Vallejo\"}]},{\"@type\":\"WebSite\",\"@id\":\"https:\/\/noti-america.com\/site\/colombia\/#website\",\"url\":\"https:\/\/noti-america.com\/site\/colombia\/\",\"name\":\"Colombia | Noti-America.com\",\"description\":\"\",\"potentialAction\":[{\"@type\":\"SearchAction\",\"target\":{\"@type\":\"EntryPoint\",\"urlTemplate\":\"https:\/\/noti-america.com\/site\/colombia\/?s={search_term_string}\"},\"query-input\":{\"@type\":\"PropertyValueSpecification\",\"valueRequired\":true,\"valueName\":\"search_term_string\"}}],\"inLanguage\":\"es\"},{\"@type\":\"Person\",\"@id\":\"https:\/\/noti-america.com\/site\/colombia\/#\/schema\/person\/fd58dbfb92a257e9dc5761bf69a855ff\",\"name\":\"Rosmer Herrera\",\"image\":{\"@type\":\"ImageObject\",\"inLanguage\":\"es\",\"@id\":\"https:\/\/secure.gravatar.com\/avatar\/153e75c261394dbf20ff1a1e70ea2be9494f2b40b7fc4e7704084db13220ae08?s=96&d=mm&r=g\",\"url\":\"https:\/\/secure.gravatar.com\/avatar\/153e75c261394dbf20ff1a1e70ea2be9494f2b40b7fc4e7704084db13220ae08?s=96&d=mm&r=g\",\"contentUrl\":\"https:\/\/secure.gravatar.com\/avatar\/153e75c261394dbf20ff1a1e70ea2be9494f2b40b7fc4e7704084db13220ae08?s=96&d=mm&r=g\",\"caption\":\"Rosmer Herrera\"},\"url\":\"https:\/\/noti-america.com\/site\/colombia\/author\/rosmer33\/\"}]}<\/script>\n<!-- \/ Yoast SEO Premium plugin. -->","yoast_head_json":{"title":"Los triunfos de Egan Bernal son herencia de Ram\u00f3n Hoyos Vallejo - Colombia | Noti-America.com","robots":{"index":"index","follow":"follow","max-snippet":"max-snippet:-1","max-image-preview":"max-image-preview:large","max-video-preview":"max-video-preview:-1"},"canonical":"https:\/\/noti-america.com\/site\/colombia\/2021\/05\/26\/los-triunfos-de-egan-bernal-son-herencia-de-ramon-hoyos-vallejo\/","og_locale":"es_ES","og_type":"article","og_title":"Los triunfos de Egan Bernal son herencia de Ram\u00f3n Hoyos Vallejo","og_description":"Por Guillermo Romero Salamanca En la calle Carabobo, N\u00famero 54-31 de Medell\u00edn se levanta el edificio que le hace un sincero homenaje al pionero del ciclismo en Colombia: don Ram\u00f3n Hoyos Vallejo. Unas enormes&#46;&#46;&#46;","og_url":"https:\/\/noti-america.com\/site\/colombia\/2021\/05\/26\/los-triunfos-de-egan-bernal-son-herencia-de-ramon-hoyos-vallejo\/","og_site_name":"Colombia | Noti-America.com","article_published_time":"2021-05-26T09:15:19+00:00","article_modified_time":"2021-05-26T13:15:27+00:00","og_image":[{"width":650,"height":400,"url":"https:\/\/noti-america.com\/site\/colombia\/wp-content\/uploads\/sites\/20\/2021\/05\/Ramon-Hoyos-Vallejo.jpg","type":"image\/jpeg"}],"author":"Rosmer Herrera","twitter_card":"summary_large_image","twitter_creator":"@notiamerica","twitter_site":"@notiamerica","twitter_misc":{"Escrito por":"Rosmer Herrera","Tiempo estimado de lectura":"5 minutos"},"schema":{"@context":"https:\/\/schema.org","@graph":[{"@type":"Article","@id":"https:\/\/noti-america.com\/site\/colombia\/2021\/05\/26\/los-triunfos-de-egan-bernal-son-herencia-de-ramon-hoyos-vallejo\/#article","isPartOf":{"@id":"https:\/\/noti-america.com\/site\/colombia\/2021\/05\/26\/los-triunfos-de-egan-bernal-son-herencia-de-ramon-hoyos-vallejo\/"},"author":{"name":"Rosmer Herrera","@id":"https:\/\/noti-america.com\/site\/colombia\/#\/schema\/person\/fd58dbfb92a257e9dc5761bf69a855ff"},"headline":"Los triunfos de Egan Bernal son herencia de Ram\u00f3n Hoyos Vallejo","datePublished":"2021-05-26T09:15:19+00:00","dateModified":"2021-05-26T13:15:27+00:00","mainEntityOfPage":{"@id":"https:\/\/noti-america.com\/site\/colombia\/2021\/05\/26\/los-triunfos-de-egan-bernal-son-herencia-de-ramon-hoyos-vallejo\/"},"wordCount":1013,"commentCount":0,"image":{"@id":"https:\/\/noti-america.com\/site\/colombia\/2021\/05\/26\/los-triunfos-de-egan-bernal-son-herencia-de-ramon-hoyos-vallejo\/#primaryimage"},"thumbnailUrl":"https:\/\/noti-america.com\/site\/colombia\/wp-content\/uploads\/sites\/20\/2021\/05\/Ramon-Hoyos-Vallejo.jpg","articleSection":["Actualidad","Deportes"],"inLanguage":"es","potentialAction":[{"@type":"CommentAction","name":"Comment","target":["https:\/\/noti-america.com\/site\/colombia\/2021\/05\/26\/los-triunfos-de-egan-bernal-son-herencia-de-ramon-hoyos-vallejo\/#respond"]}]},{"@type":"WebPage","@id":"https:\/\/noti-america.com\/site\/colombia\/2021\/05\/26\/los-triunfos-de-egan-bernal-son-herencia-de-ramon-hoyos-vallejo\/","url":"https:\/\/noti-america.com\/site\/colombia\/2021\/05\/26\/los-triunfos-de-egan-bernal-son-herencia-de-ramon-hoyos-vallejo\/","name":"Los triunfos de Egan Bernal son herencia de Ram\u00f3n Hoyos Vallejo - Colombia | Noti-America.com","isPartOf":{"@id":"https:\/\/noti-america.com\/site\/colombia\/#website"},"primaryImageOfPage":{"@id":"https:\/\/noti-america.com\/site\/colombia\/2021\/05\/26\/los-triunfos-de-egan-bernal-son-herencia-de-ramon-hoyos-vallejo\/#primaryimage"},"image":{"@id":"https:\/\/noti-america.com\/site\/colombia\/2021\/05\/26\/los-triunfos-de-egan-bernal-son-herencia-de-ramon-hoyos-vallejo\/#primaryimage"},"thumbnailUrl":"https:\/\/noti-america.com\/site\/colombia\/wp-content\/uploads\/sites\/20\/2021\/05\/Ramon-Hoyos-Vallejo.jpg","datePublished":"2021-05-26T09:15:19+00:00","dateModified":"2021-05-26T13:15:27+00:00","author":{"@id":"https:\/\/noti-america.com\/site\/colombia\/#\/schema\/person\/fd58dbfb92a257e9dc5761bf69a855ff"},"breadcrumb":{"@id":"https:\/\/noti-america.com\/site\/colombia\/2021\/05\/26\/los-triunfos-de-egan-bernal-son-herencia-de-ramon-hoyos-vallejo\/#breadcrumb"},"inLanguage":"es","potentialAction":[{"@type":"ReadAction","target":["https:\/\/noti-america.com\/site\/colombia\/2021\/05\/26\/los-triunfos-de-egan-bernal-son-herencia-de-ramon-hoyos-vallejo\/"]}]},{"@type":"ImageObject","inLanguage":"es","@id":"https:\/\/noti-america.com\/site\/colombia\/2021\/05\/26\/los-triunfos-de-egan-bernal-son-herencia-de-ramon-hoyos-vallejo\/#primaryimage","url":"https:\/\/noti-america.com\/site\/colombia\/wp-content\/uploads\/sites\/20\/2021\/05\/Ramon-Hoyos-Vallejo.jpg","contentUrl":"https:\/\/noti-america.com\/site\/colombia\/wp-content\/uploads\/sites\/20\/2021\/05\/Ramon-Hoyos-Vallejo.jpg","width":650,"height":400},{"@type":"BreadcrumbList","@id":"https:\/\/noti-america.com\/site\/colombia\/2021\/05\/26\/los-triunfos-de-egan-bernal-son-herencia-de-ramon-hoyos-vallejo\/#breadcrumb","itemListElement":[{"@type":"ListItem","position":1,"name":"Portada","item":"https:\/\/noti-america.com\/site\/colombia\/"},{"@type":"ListItem","position":2,"name":"Los triunfos de Egan Bernal son herencia de Ram\u00f3n Hoyos Vallejo"}]},{"@type":"WebSite","@id":"https:\/\/noti-america.com\/site\/colombia\/#website","url":"https:\/\/noti-america.com\/site\/colombia\/","name":"Colombia | Noti-America.com","description":"","potentialAction":[{"@type":"SearchAction","target":{"@type":"EntryPoint","urlTemplate":"https:\/\/noti-america.com\/site\/colombia\/?s={search_term_string}"},"query-input":{"@type":"PropertyValueSpecification","valueRequired":true,"valueName":"search_term_string"}}],"inLanguage":"es"},{"@type":"Person","@id":"https:\/\/noti-america.com\/site\/colombia\/#\/schema\/person\/fd58dbfb92a257e9dc5761bf69a855ff","name":"Rosmer Herrera","image":{"@type":"ImageObject","inLanguage":"es","@id":"https:\/\/secure.gravatar.com\/avatar\/153e75c261394dbf20ff1a1e70ea2be9494f2b40b7fc4e7704084db13220ae08?s=96&d=mm&r=g","url":"https:\/\/secure.gravatar.com\/avatar\/153e75c261394dbf20ff1a1e70ea2be9494f2b40b7fc4e7704084db13220ae08?s=96&d=mm&r=g","contentUrl":"https:\/\/secure.gravatar.com\/avatar\/153e75c261394dbf20ff1a1e70ea2be9494f2b40b7fc4e7704084db13220ae08?s=96&d=mm&r=g","caption":"Rosmer Herrera"},"url":"https:\/\/noti-america.com\/site\/colombia\/author\/rosmer33\/"}]}},"_links":{"self":[{"href":"https:\/\/noti-america.com\/site\/colombia\/wp-json\/wp\/v2\/posts\/7343","targetHints":{"allow":["GET"]}}],"collection":[{"href":"https:\/\/noti-america.com\/site\/colombia\/wp-json\/wp\/v2\/posts"}],"about":[{"href":"https:\/\/noti-america.com\/site\/colombia\/wp-json\/wp\/v2\/types\/post"}],"author":[{"embeddable":true,"href":"https:\/\/noti-america.com\/site\/colombia\/wp-json\/wp\/v2\/users\/1"}],"replies":[{"embeddable":true,"href":"https:\/\/noti-america.com\/site\/colombia\/wp-json\/wp\/v2\/comments?post=7343"}],"version-history":[{"count":1,"href":"https:\/\/noti-america.com\/site\/colombia\/wp-json\/wp\/v2\/posts\/7343\/revisions"}],"predecessor-version":[{"id":7345,"href":"https:\/\/noti-america.com\/site\/colombia\/wp-json\/wp\/v2\/posts\/7343\/revisions\/7345"}],"wp:featuredmedia":[{"embeddable":true,"href":"https:\/\/noti-america.com\/site\/colombia\/wp-json\/wp\/v2\/media\/7344"}],"wp:attachment":[{"href":"https:\/\/noti-america.com\/site\/colombia\/wp-json\/wp\/v2\/media?parent=7343"}],"wp:term":[{"taxonomy":"category","embeddable":true,"href":"https:\/\/noti-america.com\/site\/colombia\/wp-json\/wp\/v2\/categories?post=7343"},{"taxonomy":"post_tag","embeddable":true,"href":"https:\/\/noti-america.com\/site\/colombia\/wp-json\/wp\/v2\/tags?post=7343"}],"curies":[{"name":"wp","href":"https:\/\/api.w.org\/{rel}","templated":true}]}}