{"id":7165,"date":"2021-03-10T21:15:38","date_gmt":"2021-03-10T21:15:38","guid":{"rendered":"https:\/\/noti-america.com\/site\/colombia\/?p=7165"},"modified":"2021-03-10T21:15:38","modified_gmt":"2021-03-10T21:15:38","slug":"que-golpe","status":"publish","type":"post","link":"https:\/\/noti-america.com\/site\/colombia\/2021\/03\/10\/que-golpe\/","title":{"rendered":"\u00a1Qu\u00e9 golpe!"},"content":{"rendered":"<p><img loading=\"lazy\" decoding=\"async\" class=\"size-medium wp-image-7166 aligncenter\" src=\"https:\/\/noti-america.com\/site\/colombia\/wp-content\/uploads\/sites\/20\/2021\/03\/presentador-espn-radio-colombia-accidente-768x432-1-300x169.jpg\" alt=\"\" width=\"300\" height=\"169\" srcset=\"https:\/\/noti-america.com\/site\/colombia\/wp-content\/uploads\/sites\/20\/2021\/03\/presentador-espn-radio-colombia-accidente-768x432-1-300x169.jpg 300w, https:\/\/noti-america.com\/site\/colombia\/wp-content\/uploads\/sites\/20\/2021\/03\/presentador-espn-radio-colombia-accidente-768x432-1.jpg 768w\" sizes=\"auto, (max-width: 300px) 100vw, 300px\" \/><\/p>\n<p style=\"text-align: center\"><strong>Presentado<em style=\"font-weight: bold\">r de programa de televisi\u00f3n fue aplastado por estructura de la escenograf\u00eda que cay\u00f3 sobre \u00e9l en vivo.<\/em><\/strong><\/p>\n<p>Carlos Orduz, el protagonista del accidente por fortuna se encuentra bien de salud, despu\u00e9s del aparatoso accidente que sufri\u00f3 en el programa del canal deportivo ESPN, FC Radio Colombia, donde oficia como presentador. Una estructura met\u00e1lica de la escenograf\u00eda cay\u00f3 sobre su espalda ocasionando un efecto acorde\u00f3n, haciendo que su cara y parte de su cuerpo se estrellara contra la mesa principal.<\/p>\n<p>Los hechos ocurrieron la noche del martes, mientras se desarrollaba en vivo el programa de an\u00e1lisis deportivo, justo cuando el plano que mostraba la general del set, la estructura que golpea la humanidad de Orduz se viene abajo, en el lugar se escucha la frase: \u00abMe revente\u00bb, seguido de otra que le dice: \u00abTranquilo, tranquilo\u00bb y de inmediato env\u00edan el programa a comerciales.<\/p>\n<blockquote class=\"twitter-tweet\" data-width=\"500\" data-dnt=\"true\">\n<p lang=\"es\" dir=\"ltr\">Este accidente reci\u00e9n sucedi\u00f3 esta noche en el programa de los colegas de ESPN en Bogot\u00e1 al aire. El fuerte golpe lo recibi\u00f3 el colega Carlos Orduz.<\/p>\n<p>Que no sea nada grave Dios m\u00edo bendito \ud83d\ude4f\ud83d\ude4f <a href=\"https:\/\/t.co\/GBVzr7LojV\">pic.twitter.com\/GBVzr7LojV<\/a><\/p>\n<p>&mdash; ALVARO HINCAPIE C. (@HINCAPIEDATOS) <a href=\"https:\/\/twitter.com\/HINCAPIEDATOS\/status\/1369474150197309442?ref_src=twsrc%5Etfw\">March 10, 2021<\/a><\/p><\/blockquote>\n<p><script async src=\"https:\/\/platform.twitter.com\/widgets.js\" charset=\"utf-8\"><\/script><\/p>\n<p>En minutos el video se viraliz\u00f3 en las redes sociales y la preocupaci\u00f3n en los seguidores y televidentes del programa deportivo aument\u00f3, ped\u00edan alguna raz\u00f3n sobre el estado de salud del conocido periodista deportivo, quien al poco tiempo respondi\u00f3 con un video donde inform\u00f3 que se encontraba bien despu\u00e9s del accidente sufrido.<\/p>\n<blockquote class=\"twitter-tweet\" data-width=\"500\" data-dnt=\"true\">\n<p lang=\"es\" dir=\"ltr\">Mensaje de <a href=\"https:\/\/twitter.com\/orduzrubio?ref_src=twsrc%5Etfw\">@orduzrubio<\/a> <a href=\"https:\/\/t.co\/KIBmh3DRcj\">pic.twitter.com\/KIBmh3DRcj<\/a><\/p>\n<p>&mdash; Nicol\u00e1s Samper (@udsnoexisten) <a href=\"https:\/\/twitter.com\/udsnoexisten\/status\/1369487109132783618?ref_src=twsrc%5Etfw\">March 10, 2021<\/a><\/p><\/blockquote>\n<p><script async src=\"https:\/\/platform.twitter.com\/widgets.js\" charset=\"utf-8\"><\/script><\/p>\n<p>&nbsp;<\/p>\n","protected":false},"excerpt":{"rendered":"<p>Presentador de programa de televisi\u00f3n fue aplastado por estructura de la escenograf\u00eda que cay\u00f3 sobre \u00e9l en vivo. Carlos Orduz, el protagonista del accidente por fortuna se encuentra bien de salud, despu\u00e9s del aparatoso&#46;&#46;&#46;<\/p>\n","protected":false},"author":84,"featured_media":7166,"comment_status":"open","ping_status":"open","sticky":false,"template":"","format":"standard","meta":{"_acf_changed":false,"om_disable_all_campaigns":false,"rop_custom_images_group":[],"rop_custom_messages_group":[],"rop_publish_now":"initial","rop_publish_now_accounts":{"twitter_242054905_242054905":""},"rop_publish_now_history":[],"rop_publish_now_status":"pending","_uf_show_specific_survey":0,"_uf_disable_surveys":false,"footnotes":""},"categories":[16,40],"tags":[],"class_list":["post-7165","post","type-post","status-publish","format-standard","has-post-thumbnail","hentry","category-deportes","category-noticias"],"acf":[],"aioseo_notices":[],"yoast_head":"<!-- This site is optimized with the Yoast SEO Premium plugin v24.9 (Yoast SEO v27.2) - https:\/\/yoast.com\/product\/yoast-seo-premium-wordpress\/ -->\n<title>\u00a1Qu\u00e9 golpe! - Colombia | Noti-America.com<\/title>\n<meta name=\"robots\" content=\"index, follow, max-snippet:-1, max-image-preview:large, max-video-preview:-1\" \/>\n<link rel=\"canonical\" href=\"https:\/\/noti-america.com\/site\/colombia\/2021\/03\/10\/que-golpe\/\" \/>\n<meta property=\"og:locale\" content=\"es_ES\" \/>\n<meta property=\"og:type\" content=\"article\" \/>\n<meta property=\"og:title\" content=\"\u00a1Qu\u00e9 golpe!\" \/>\n<meta property=\"og:description\" content=\"Presentador de programa de televisi\u00f3n fue aplastado por estructura de la escenograf\u00eda que cay\u00f3 sobre \u00e9l en vivo. Carlos Orduz, el protagonista del accidente por fortuna se encuentra bien de salud, despu\u00e9s del aparatoso&#046;&#046;&#046;\" \/>\n<meta property=\"og:url\" content=\"https:\/\/noti-america.com\/site\/colombia\/2021\/03\/10\/que-golpe\/\" \/>\n<meta property=\"og:site_name\" content=\"Colombia | Noti-America.com\" \/>\n<meta property=\"article:published_time\" content=\"2021-03-10T21:15:38+00:00\" \/>\n<meta property=\"og:image\" content=\"https:\/\/noti-america.com\/site\/colombia\/wp-content\/uploads\/sites\/20\/2021\/03\/presentador-espn-radio-colombia-accidente-768x432-1.jpg\" \/>\n\t<meta property=\"og:image:width\" content=\"768\" \/>\n\t<meta property=\"og:image:height\" content=\"432\" \/>\n\t<meta property=\"og:image:type\" content=\"image\/jpeg\" \/>\n<meta name=\"author\" content=\"Julian Ortiz\" \/>\n<meta name=\"twitter:card\" content=\"summary_large_image\" \/>\n<meta name=\"twitter:creator\" content=\"@notiamerica\" \/>\n<meta name=\"twitter:site\" content=\"@notiamerica\" \/>\n<meta name=\"twitter:label1\" content=\"Escrito por\" \/>\n\t<meta name=\"twitter:data1\" content=\"Julian Ortiz\" \/>\n\t<meta name=\"twitter:label2\" content=\"Tiempo estimado de lectura\" \/>\n\t<meta name=\"twitter:data2\" content=\"1 minuto\" \/>\n<script type=\"application\/ld+json\" class=\"yoast-schema-graph\">{\"@context\":\"https:\/\/schema.org\",\"@graph\":[{\"@type\":\"Article\",\"@id\":\"https:\/\/noti-america.com\/site\/colombia\/2021\/03\/10\/que-golpe\/#article\",\"isPartOf\":{\"@id\":\"https:\/\/noti-america.com\/site\/colombia\/2021\/03\/10\/que-golpe\/\"},\"author\":{\"name\":\"Julian Ortiz\",\"@id\":\"https:\/\/noti-america.com\/site\/colombia\/#\/schema\/person\/eb01881981abf1d02e3bc14527a88e8f\"},\"headline\":\"\u00a1Qu\u00e9 golpe!\",\"datePublished\":\"2021-03-10T21:15:38+00:00\",\"mainEntityOfPage\":{\"@id\":\"https:\/\/noti-america.com\/site\/colombia\/2021\/03\/10\/que-golpe\/\"},\"wordCount\":222,\"commentCount\":0,\"image\":{\"@id\":\"https:\/\/noti-america.com\/site\/colombia\/2021\/03\/10\/que-golpe\/#primaryimage\"},\"thumbnailUrl\":\"https:\/\/noti-america.com\/site\/colombia\/wp-content\/uploads\/sites\/20\/2021\/03\/presentador-espn-radio-colombia-accidente-768x432-1.jpg\",\"articleSection\":[\"Deportes\",\"Noticias\"],\"inLanguage\":\"es\",\"potentialAction\":[{\"@type\":\"CommentAction\",\"name\":\"Comment\",\"target\":[\"https:\/\/noti-america.com\/site\/colombia\/2021\/03\/10\/que-golpe\/#respond\"]}]},{\"@type\":\"WebPage\",\"@id\":\"https:\/\/noti-america.com\/site\/colombia\/2021\/03\/10\/que-golpe\/\",\"url\":\"https:\/\/noti-america.com\/site\/colombia\/2021\/03\/10\/que-golpe\/\",\"name\":\"\u00a1Qu\u00e9 golpe! - Colombia | Noti-America.com\",\"isPartOf\":{\"@id\":\"https:\/\/noti-america.com\/site\/colombia\/#website\"},\"primaryImageOfPage\":{\"@id\":\"https:\/\/noti-america.com\/site\/colombia\/2021\/03\/10\/que-golpe\/#primaryimage\"},\"image\":{\"@id\":\"https:\/\/noti-america.com\/site\/colombia\/2021\/03\/10\/que-golpe\/#primaryimage\"},\"thumbnailUrl\":\"https:\/\/noti-america.com\/site\/colombia\/wp-content\/uploads\/sites\/20\/2021\/03\/presentador-espn-radio-colombia-accidente-768x432-1.jpg\",\"datePublished\":\"2021-03-10T21:15:38+00:00\",\"author\":{\"@id\":\"https:\/\/noti-america.com\/site\/colombia\/#\/schema\/person\/eb01881981abf1d02e3bc14527a88e8f\"},\"breadcrumb\":{\"@id\":\"https:\/\/noti-america.com\/site\/colombia\/2021\/03\/10\/que-golpe\/#breadcrumb\"},\"inLanguage\":\"es\",\"potentialAction\":[{\"@type\":\"ReadAction\",\"target\":[\"https:\/\/noti-america.com\/site\/colombia\/2021\/03\/10\/que-golpe\/\"]}]},{\"@type\":\"ImageObject\",\"inLanguage\":\"es\",\"@id\":\"https:\/\/noti-america.com\/site\/colombia\/2021\/03\/10\/que-golpe\/#primaryimage\",\"url\":\"https:\/\/noti-america.com\/site\/colombia\/wp-content\/uploads\/sites\/20\/2021\/03\/presentador-espn-radio-colombia-accidente-768x432-1.jpg\",\"contentUrl\":\"https:\/\/noti-america.com\/site\/colombia\/wp-content\/uploads\/sites\/20\/2021\/03\/presentador-espn-radio-colombia-accidente-768x432-1.jpg\",\"width\":768,\"height\":432},{\"@type\":\"BreadcrumbList\",\"@id\":\"https:\/\/noti-america.com\/site\/colombia\/2021\/03\/10\/que-golpe\/#breadcrumb\",\"itemListElement\":[{\"@type\":\"ListItem\",\"position\":1,\"name\":\"Portada\",\"item\":\"https:\/\/noti-america.com\/site\/colombia\/\"},{\"@type\":\"ListItem\",\"position\":2,\"name\":\"\u00a1Qu\u00e9 golpe!\"}]},{\"@type\":\"WebSite\",\"@id\":\"https:\/\/noti-america.com\/site\/colombia\/#website\",\"url\":\"https:\/\/noti-america.com\/site\/colombia\/\",\"name\":\"Colombia | Noti-America.com\",\"description\":\"\",\"potentialAction\":[{\"@type\":\"SearchAction\",\"target\":{\"@type\":\"EntryPoint\",\"urlTemplate\":\"https:\/\/noti-america.com\/site\/colombia\/?s={search_term_string}\"},\"query-input\":{\"@type\":\"PropertyValueSpecification\",\"valueRequired\":true,\"valueName\":\"search_term_string\"}}],\"inLanguage\":\"es\"},{\"@type\":\"Person\",\"@id\":\"https:\/\/noti-america.com\/site\/colombia\/#\/schema\/person\/eb01881981abf1d02e3bc14527a88e8f\",\"name\":\"Julian Ortiz\",\"image\":{\"@type\":\"ImageObject\",\"inLanguage\":\"es\",\"@id\":\"https:\/\/secure.gravatar.com\/avatar\/538f67c8e966ab4c39ad15913dfecfa3902d52730c1c7194ed5a337bf2268d69?s=96&d=mm&r=g\",\"url\":\"https:\/\/secure.gravatar.com\/avatar\/538f67c8e966ab4c39ad15913dfecfa3902d52730c1c7194ed5a337bf2268d69?s=96&d=mm&r=g\",\"contentUrl\":\"https:\/\/secure.gravatar.com\/avatar\/538f67c8e966ab4c39ad15913dfecfa3902d52730c1c7194ed5a337bf2268d69?s=96&d=mm&r=g\",\"caption\":\"Julian Ortiz\"},\"url\":\"https:\/\/noti-america.com\/site\/colombia\/author\/jortiz\/\"}]}<\/script>\n<!-- \/ Yoast SEO Premium plugin. -->","yoast_head_json":{"title":"\u00a1Qu\u00e9 golpe! - Colombia | Noti-America.com","robots":{"index":"index","follow":"follow","max-snippet":"max-snippet:-1","max-image-preview":"max-image-preview:large","max-video-preview":"max-video-preview:-1"},"canonical":"https:\/\/noti-america.com\/site\/colombia\/2021\/03\/10\/que-golpe\/","og_locale":"es_ES","og_type":"article","og_title":"\u00a1Qu\u00e9 golpe!","og_description":"Presentador de programa de televisi\u00f3n fue aplastado por estructura de la escenograf\u00eda que cay\u00f3 sobre \u00e9l en vivo. Carlos Orduz, el protagonista del accidente por fortuna se encuentra bien de salud, despu\u00e9s del aparatoso&#46;&#46;&#46;","og_url":"https:\/\/noti-america.com\/site\/colombia\/2021\/03\/10\/que-golpe\/","og_site_name":"Colombia | Noti-America.com","article_published_time":"2021-03-10T21:15:38+00:00","og_image":[{"width":768,"height":432,"url":"https:\/\/noti-america.com\/site\/colombia\/wp-content\/uploads\/sites\/20\/2021\/03\/presentador-espn-radio-colombia-accidente-768x432-1.jpg","type":"image\/jpeg"}],"author":"Julian Ortiz","twitter_card":"summary_large_image","twitter_creator":"@notiamerica","twitter_site":"@notiamerica","twitter_misc":{"Escrito por":"Julian Ortiz","Tiempo estimado de lectura":"1 minuto"},"schema":{"@context":"https:\/\/schema.org","@graph":[{"@type":"Article","@id":"https:\/\/noti-america.com\/site\/colombia\/2021\/03\/10\/que-golpe\/#article","isPartOf":{"@id":"https:\/\/noti-america.com\/site\/colombia\/2021\/03\/10\/que-golpe\/"},"author":{"name":"Julian Ortiz","@id":"https:\/\/noti-america.com\/site\/colombia\/#\/schema\/person\/eb01881981abf1d02e3bc14527a88e8f"},"headline":"\u00a1Qu\u00e9 golpe!","datePublished":"2021-03-10T21:15:38+00:00","mainEntityOfPage":{"@id":"https:\/\/noti-america.com\/site\/colombia\/2021\/03\/10\/que-golpe\/"},"wordCount":222,"commentCount":0,"image":{"@id":"https:\/\/noti-america.com\/site\/colombia\/2021\/03\/10\/que-golpe\/#primaryimage"},"thumbnailUrl":"https:\/\/noti-america.com\/site\/colombia\/wp-content\/uploads\/sites\/20\/2021\/03\/presentador-espn-radio-colombia-accidente-768x432-1.jpg","articleSection":["Deportes","Noticias"],"inLanguage":"es","potentialAction":[{"@type":"CommentAction","name":"Comment","target":["https:\/\/noti-america.com\/site\/colombia\/2021\/03\/10\/que-golpe\/#respond"]}]},{"@type":"WebPage","@id":"https:\/\/noti-america.com\/site\/colombia\/2021\/03\/10\/que-golpe\/","url":"https:\/\/noti-america.com\/site\/colombia\/2021\/03\/10\/que-golpe\/","name":"\u00a1Qu\u00e9 golpe! - Colombia | Noti-America.com","isPartOf":{"@id":"https:\/\/noti-america.com\/site\/colombia\/#website"},"primaryImageOfPage":{"@id":"https:\/\/noti-america.com\/site\/colombia\/2021\/03\/10\/que-golpe\/#primaryimage"},"image":{"@id":"https:\/\/noti-america.com\/site\/colombia\/2021\/03\/10\/que-golpe\/#primaryimage"},"thumbnailUrl":"https:\/\/noti-america.com\/site\/colombia\/wp-content\/uploads\/sites\/20\/2021\/03\/presentador-espn-radio-colombia-accidente-768x432-1.jpg","datePublished":"2021-03-10T21:15:38+00:00","author":{"@id":"https:\/\/noti-america.com\/site\/colombia\/#\/schema\/person\/eb01881981abf1d02e3bc14527a88e8f"},"breadcrumb":{"@id":"https:\/\/noti-america.com\/site\/colombia\/2021\/03\/10\/que-golpe\/#breadcrumb"},"inLanguage":"es","potentialAction":[{"@type":"ReadAction","target":["https:\/\/noti-america.com\/site\/colombia\/2021\/03\/10\/que-golpe\/"]}]},{"@type":"ImageObject","inLanguage":"es","@id":"https:\/\/noti-america.com\/site\/colombia\/2021\/03\/10\/que-golpe\/#primaryimage","url":"https:\/\/noti-america.com\/site\/colombia\/wp-content\/uploads\/sites\/20\/2021\/03\/presentador-espn-radio-colombia-accidente-768x432-1.jpg","contentUrl":"https:\/\/noti-america.com\/site\/colombia\/wp-content\/uploads\/sites\/20\/2021\/03\/presentador-espn-radio-colombia-accidente-768x432-1.jpg","width":768,"height":432},{"@type":"BreadcrumbList","@id":"https:\/\/noti-america.com\/site\/colombia\/2021\/03\/10\/que-golpe\/#breadcrumb","itemListElement":[{"@type":"ListItem","position":1,"name":"Portada","item":"https:\/\/noti-america.com\/site\/colombia\/"},{"@type":"ListItem","position":2,"name":"\u00a1Qu\u00e9 golpe!"}]},{"@type":"WebSite","@id":"https:\/\/noti-america.com\/site\/colombia\/#website","url":"https:\/\/noti-america.com\/site\/colombia\/","name":"Colombia | Noti-America.com","description":"","potentialAction":[{"@type":"SearchAction","target":{"@type":"EntryPoint","urlTemplate":"https:\/\/noti-america.com\/site\/colombia\/?s={search_term_string}"},"query-input":{"@type":"PropertyValueSpecification","valueRequired":true,"valueName":"search_term_string"}}],"inLanguage":"es"},{"@type":"Person","@id":"https:\/\/noti-america.com\/site\/colombia\/#\/schema\/person\/eb01881981abf1d02e3bc14527a88e8f","name":"Julian Ortiz","image":{"@type":"ImageObject","inLanguage":"es","@id":"https:\/\/secure.gravatar.com\/avatar\/538f67c8e966ab4c39ad15913dfecfa3902d52730c1c7194ed5a337bf2268d69?s=96&d=mm&r=g","url":"https:\/\/secure.gravatar.com\/avatar\/538f67c8e966ab4c39ad15913dfecfa3902d52730c1c7194ed5a337bf2268d69?s=96&d=mm&r=g","contentUrl":"https:\/\/secure.gravatar.com\/avatar\/538f67c8e966ab4c39ad15913dfecfa3902d52730c1c7194ed5a337bf2268d69?s=96&d=mm&r=g","caption":"Julian Ortiz"},"url":"https:\/\/noti-america.com\/site\/colombia\/author\/jortiz\/"}]}},"_links":{"self":[{"href":"https:\/\/noti-america.com\/site\/colombia\/wp-json\/wp\/v2\/posts\/7165","targetHints":{"allow":["GET"]}}],"collection":[{"href":"https:\/\/noti-america.com\/site\/colombia\/wp-json\/wp\/v2\/posts"}],"about":[{"href":"https:\/\/noti-america.com\/site\/colombia\/wp-json\/wp\/v2\/types\/post"}],"author":[{"embeddable":true,"href":"https:\/\/noti-america.com\/site\/colombia\/wp-json\/wp\/v2\/users\/84"}],"replies":[{"embeddable":true,"href":"https:\/\/noti-america.com\/site\/colombia\/wp-json\/wp\/v2\/comments?post=7165"}],"version-history":[{"count":2,"href":"https:\/\/noti-america.com\/site\/colombia\/wp-json\/wp\/v2\/posts\/7165\/revisions"}],"predecessor-version":[{"id":7168,"href":"https:\/\/noti-america.com\/site\/colombia\/wp-json\/wp\/v2\/posts\/7165\/revisions\/7168"}],"wp:featuredmedia":[{"embeddable":true,"href":"https:\/\/noti-america.com\/site\/colombia\/wp-json\/wp\/v2\/media\/7166"}],"wp:attachment":[{"href":"https:\/\/noti-america.com\/site\/colombia\/wp-json\/wp\/v2\/media?parent=7165"}],"wp:term":[{"taxonomy":"category","embeddable":true,"href":"https:\/\/noti-america.com\/site\/colombia\/wp-json\/wp\/v2\/categories?post=7165"},{"taxonomy":"post_tag","embeddable":true,"href":"https:\/\/noti-america.com\/site\/colombia\/wp-json\/wp\/v2\/tags?post=7165"}],"curies":[{"name":"wp","href":"https:\/\/api.w.org\/{rel}","templated":true}]}}