{"id":7045,"date":"2021-02-14T14:18:22","date_gmt":"2021-02-14T14:18:22","guid":{"rendered":"https:\/\/noti-america.com\/site\/colombia\/2021\/02\/14\/con-cortometraje-musical-adri-duque-celebra-el-ano-de-la-familia\/"},"modified":"2021-02-14T18:19:08","modified_gmt":"2021-02-14T18:19:08","slug":"con-cortometraje-musical-adri-duque-celebra-el-ano-de-la-familia","status":"publish","type":"post","link":"https:\/\/noti-america.com\/site\/colombia\/2021\/02\/14\/con-cortometraje-musical-adri-duque-celebra-el-ano-de-la-familia\/","title":{"rendered":"CON CORTOMETRAJE MUSICAL ADRI DUQUE CELEBRA EL A\u00d1O DE LA FAMILIA"},"content":{"rendered":"<p>COLOMBIA | NOTI-AMERICA.COM<\/p>\n<p style=\"text-align: center;\">CON CORTOMETRAJE MUSICAL ADRI DUQUE CELEBRA EL A\u00d1O DE LA FAMILIA<\/p>\n<p><img loading=\"lazy\" decoding=\"async\" class=\"alignnone size-medium wp-image-7046 aligncenter\" src=\"https:\/\/noti-america.com\/site\/colombia\/wp-content\/uploads\/sites\/20\/2021\/02\/ADRI-DUQUE-LA-FAMILIA-300x300.jpg\" alt=\"\" width=\"300\" height=\"300\" srcset=\"https:\/\/noti-america.com\/site\/colombia\/wp-content\/uploads\/sites\/20\/2021\/02\/ADRI-DUQUE-LA-FAMILIA-300x300.jpg 300w, https:\/\/noti-america.com\/site\/colombia\/wp-content\/uploads\/sites\/20\/2021\/02\/ADRI-DUQUE-LA-FAMILIA-1024x1024.jpg 1024w, https:\/\/noti-america.com\/site\/colombia\/wp-content\/uploads\/sites\/20\/2021\/02\/ADRI-DUQUE-LA-FAMILIA-150x150.jpg 150w, https:\/\/noti-america.com\/site\/colombia\/wp-content\/uploads\/sites\/20\/2021\/02\/ADRI-DUQUE-LA-FAMILIA-768x768.jpg 768w, https:\/\/noti-america.com\/site\/colombia\/wp-content\/uploads\/sites\/20\/2021\/02\/ADRI-DUQUE-LA-FAMILIA-1536x1536.jpg 1536w, https:\/\/noti-america.com\/site\/colombia\/wp-content\/uploads\/sites\/20\/2021\/02\/ADRI-DUQUE-LA-FAMILIA-2048x2048.jpg 2048w, https:\/\/noti-america.com\/site\/colombia\/wp-content\/uploads\/sites\/20\/2021\/02\/ADRI-DUQUE-LA-FAMILIA-80x80.jpg 80w, https:\/\/noti-america.com\/site\/colombia\/wp-content\/uploads\/sites\/20\/2021\/02\/ADRI-DUQUE-LA-FAMILIA-320x320.jpg 320w\" sizes=\"auto, (max-width: 300px) 100vw, 300px\" \/><\/p>\n<p>A partir del 19 de febrero estar\u00e1 disponible, en todas las plataformas musicales, la canci\u00f3n \u201cLa Familia\u201d, el m\u00e1s reciente lanzamiento de la cantautora antioque\u00f1a.<\/p>\n<p>FEBRERO DE 2021. Para una persona que como Adri Duque proviene de un hogar de 10 hermanos, y desde hace 23 a\u00f1os comparte la vida con su esposo y sus cinco hijos, la familia es un regalo invaluable, el coraz\u00f3n y el pulm\u00f3n de la sociedad.<\/p>\n<p>Es por eso que en el 2021, aprovechando la declaratoria del \u201cA\u00f1o de la Familia\u201d hecha por el Papa Francisco, la cantautora quiere enviar un mensaje sobre la importancia que tiene para todo individuo fortalecer sus v\u00ednculos familiares.<\/p>\n<p>\u201cLa canci\u00f3n se produjo en el 2020 y me dio mucha emoci\u00f3n cuando supe que el Papa Francisco hab\u00eda dedicado este a\u00f1o a la familia, poniendo a San Jos\u00e9 como centro, el padre del hogar de Nazaret. A partir de ah\u00ed nos animamos a hacer una producci\u00f3n de video m\u00e1s innovadora. Para m\u00ed fue una \u2018diosidencia\u2019\u201d, se\u00f1ala Adri Duque.<\/p>\n<p>Para ella, la familia tiene un valor incalculable, como n\u00facleo principal de la sociedad, es la primera escuela donde nacen los valores, donde se forman hombres valientes y mujeres valerosas, donde se consolida el amor, se aprende a resolver problemas, una escuela incansable donde los ni\u00f1os construyen todas las herramientas emocionales y espirituales que son importantes para la vida.<\/p>\n<p>\u201cCreo que es un momento especial para llevar un mensaje al mundo entero. Es un a\u00f1o especial porque es la oportunidad de trabajar y preservar la familia\u201d, a\u00f1ade. Raz\u00f3n de m\u00e1s para procurar una producci\u00f3n musical y audiovisual transformadora.<\/p>\n<p>Dice Duque: \u201cEn esta oportunidad quisimos narrar la vida de tres familias, en diferentes situaciones de la vida, a trav\u00e9s de un cortometraje de ocho minutos que va al comp\u00e1s de tres atm\u00f3sferas musicales diferenciadas\u201d.<\/p>\n<p>El cortometraje narra la cotidianidad de cualquier hogar en el mundo, muchas veces aquejado por dramas como la enfermedad, la soledad y las crisis matrimoniales; historias que tocan el coraz\u00f3n y que la artista espera logre que muchas personas se vean identificadas.<\/p>\n<p>\u201cEl mensaje debe ser tan contundente, fuerte y claro que necesit\u00e1bamos m\u00e1s de tres minutos para reflexionar acerca de la construcci\u00f3n de la familia, que es un regalo y un reflejo del Cielo, de esa Familia Trinitaria (Padre, Hijo y Esp\u00edritu Santo), y tambi\u00e9n del seno del hogar de Jes\u00fas junto a Mar\u00eda y Jos\u00e9 en Nazaret\u201d, explica Adri Duque.<\/p>\n<p>La producci\u00f3n del cortometraje fue dirigida por Ricardo Agudelo, y la producci\u00f3n musical fue dirigida por el grupo La Raya: Juan Pablo Bustamante, Camilo Giraldo y Camilo Casta\u00f1o; letra e interpretaci\u00f3n de Adri Duque.<\/p>\n<p>La invitaci\u00f3n de la cantautora antioque\u00f1a es a perder el miedo a tener una familia, pues como ella asegura \u201clas cosas que valen la pena en la vida merecen esfuerzo y traen grandes satisfacciones\u201d.<\/p>\n<p>\u201cNo existe regalo m\u00e1s grande que la familia, ni un estado m\u00e1s ideal para uno crecer, fortalecerse, madurar y forjarse que en la convivencia familiar. Una familia implica peque\u00f1as renuncias, s\u00ed es cierto, pero lo que se recibe a cambio son recompensas invaluables\u201d, comenta.<\/p>\n<p>A partir del 19 de febrero de 2021 estar\u00e1 disponible, en todas las plataformas musicales, la canci\u00f3n \u201cLa Familia\u201d.<\/p>\n<p>Sobre Adri Duque<\/p>\n<p>En 2019, la cantautora paisa Adri Duque debuta en el universo de la m\u00fasica cat\u00f3lica colombiana con su canci\u00f3n \u201cTe encontr\u00e9\u201d, desde entonces han llegado nuevas interpretaciones como \u201cLos voy a extra\u00f1ar\u201d, \u201cConoc\u00ed un lugar\u201d, \u201cAprend\u00ed\u201d, y \u201cRest\u00e1uranos\u201d. En el 2020 cuatro nuevos sencillos fueron lanzados para completar un a\u00f1o de alabanza, gratitud y adoraci\u00f3n a Dios.<\/p>\n<p>Con un pop dulce, Adri Duque quiere darle un toque de frescura a la m\u00fasica cat\u00f3lica entregando nuevos ritmos y letras, d\u00e1ndole muchas m\u00e1s opciones al p\u00fablico. Si bien su talento para cantar lo ha reconocido desde ni\u00f1a, solo hasta hace pocos a\u00f1os decidi\u00f3 que quer\u00eda convertirse en un instrumento para Dios, y as\u00ed llevar su nombre y palabra por el mundo.<\/p>\n<p>Su primera aproximaci\u00f3n a este prop\u00f3sito fueron las visitas que como voluntaria hace a las c\u00e1rceles de m\u00e1xima seguridad en Medell\u00edn, desde hace cinco a\u00f1os. All\u00ed acompa\u00f1a espiritualmente a hombres y mujeres que buscan una esperanza. As\u00ed naci\u00f3 su fundaci\u00f3n Puntadas de Libertad, a trav\u00e9s de la cual tambi\u00e9n apoya con empleo desde su propia empresa.<\/p>\n<p>En estos espacios empez\u00f3 a cantar y descubri\u00f3 que a trav\u00e9s de la m\u00fasica pod\u00eda llegar al alma de quienes las escuchaban. De esta manera regresa a la composici\u00f3n musical, y en 2019 decide subir a los escenarios a compartir sus talentos con el mundo.<\/p>\n<p>Como ella asegura, Dios vive en un eterno presente, para \u00c9l el tiempo no existe, y desde que surgi\u00f3 este anhelo por la m\u00fasica hasta hoy, la prepar\u00f3 para hacerlo en el momento correcto. Todo ha sido guiado por \u00c9l, de su mano.<\/p>\n<p>Con la m\u00fasica Adri Duque va detr\u00e1s del Cielo, detr\u00e1s de las almas que quieren regresar a<\/p>\n<p>Dios. \u201cCuando uno cumple el prop\u00f3sito por el que fue creado, as\u00ed uno no se lucre, Dios<\/p>\n<p>responde a esa vocaci\u00f3n, a ese llamado que se recibe con el coraz\u00f3n. Como dice el Evangelio: \u00abbusca primero el Reino de Dios y su justicia, y lo dem\u00e1s se nos dar\u00e1 por a\u00f1adidura\u00bb.<\/p>\n<p>CONTACTO DE PRENSA<\/p>\n<p>Clara Robayo: 316 8716142<\/p>\n","protected":false},"excerpt":{"rendered":"<p>COLOMBIA | NOTI-AMERICA.COM CON CORTOMETRAJE MUSICAL ADRI DUQUE CELEBRA EL A\u00d1O DE LA FAMILIA A partir del 19 de febrero estar\u00e1 disponible, en todas las plataformas musicales, la canci\u00f3n \u201cLa Familia\u201d, el m\u00e1s reciente&#46;&#46;&#46;<\/p>\n","protected":false},"author":2,"featured_media":7046,"comment_status":"open","ping_status":"open","sticky":false,"template":"","format":"standard","meta":{"_acf_changed":false,"om_disable_all_campaigns":false,"rop_custom_images_group":[],"rop_custom_messages_group":[],"rop_publish_now":"initial","rop_publish_now_accounts":{"twitter_242054905_242054905":""},"rop_publish_now_history":[],"rop_publish_now_status":"pending","_uf_show_specific_survey":0,"_uf_disable_surveys":false,"footnotes":""},"categories":[8],"tags":[],"class_list":["post-7045","post","type-post","status-publish","format-standard","has-post-thumbnail","hentry","category-arte-y-espectaculos"],"acf":[],"aioseo_notices":[],"yoast_head":"<!-- This site is optimized with the Yoast SEO Premium plugin v24.9 (Yoast SEO v27.2) - https:\/\/yoast.com\/product\/yoast-seo-premium-wordpress\/ -->\n<title>CON CORTOMETRAJE MUSICAL ADRI DUQUE CELEBRA EL A\u00d1O DE LA FAMILIA - Colombia | Noti-America.com<\/title>\n<meta name=\"robots\" content=\"index, follow, max-snippet:-1, max-image-preview:large, max-video-preview:-1\" \/>\n<link rel=\"canonical\" href=\"https:\/\/noti-america.com\/site\/colombia\/2021\/02\/14\/con-cortometraje-musical-adri-duque-celebra-el-ano-de-la-familia\/\" \/>\n<meta property=\"og:locale\" content=\"es_ES\" \/>\n<meta property=\"og:type\" content=\"article\" \/>\n<meta property=\"og:title\" content=\"CON CORTOMETRAJE MUSICAL ADRI DUQUE CELEBRA EL A\u00d1O DE LA FAMILIA\" \/>\n<meta property=\"og:description\" content=\"COLOMBIA | NOTI-AMERICA.COM CON CORTOMETRAJE MUSICAL ADRI DUQUE CELEBRA EL A\u00d1O DE LA FAMILIA A partir del 19 de febrero estar\u00e1 disponible, en todas las plataformas musicales, la canci\u00f3n \u201cLa Familia\u201d, el m\u00e1s reciente&#046;&#046;&#046;\" \/>\n<meta property=\"og:url\" content=\"https:\/\/noti-america.com\/site\/colombia\/2021\/02\/14\/con-cortometraje-musical-adri-duque-celebra-el-ano-de-la-familia\/\" \/>\n<meta property=\"og:site_name\" content=\"Colombia | Noti-America.com\" \/>\n<meta property=\"article:published_time\" content=\"2021-02-14T14:18:22+00:00\" \/>\n<meta property=\"article:modified_time\" content=\"2021-02-14T18:19:08+00:00\" \/>\n<meta property=\"og:image\" content=\"https:\/\/noti-america.com\/site\/colombia\/wp-content\/uploads\/sites\/20\/2021\/02\/ADRI-DUQUE-LA-FAMILIA.jpg\" \/>\n\t<meta property=\"og:image:width\" content=\"2500\" \/>\n\t<meta property=\"og:image:height\" content=\"2500\" \/>\n\t<meta property=\"og:image:type\" content=\"image\/jpeg\" \/>\n<meta name=\"author\" content=\"rloaiza\" \/>\n<meta name=\"twitter:card\" content=\"summary_large_image\" \/>\n<meta name=\"twitter:creator\" content=\"@notiamerica\" \/>\n<meta name=\"twitter:site\" content=\"@notiamerica\" \/>\n<meta name=\"twitter:label1\" content=\"Escrito por\" \/>\n\t<meta name=\"twitter:data1\" content=\"rloaiza\" \/>\n\t<meta name=\"twitter:label2\" content=\"Tiempo estimado de lectura\" \/>\n\t<meta name=\"twitter:data2\" content=\"5 minutos\" \/>\n<script type=\"application\/ld+json\" class=\"yoast-schema-graph\">{\"@context\":\"https:\/\/schema.org\",\"@graph\":[{\"@type\":\"Article\",\"@id\":\"https:\/\/noti-america.com\/site\/colombia\/2021\/02\/14\/con-cortometraje-musical-adri-duque-celebra-el-ano-de-la-familia\/#article\",\"isPartOf\":{\"@id\":\"https:\/\/noti-america.com\/site\/colombia\/2021\/02\/14\/con-cortometraje-musical-adri-duque-celebra-el-ano-de-la-familia\/\"},\"author\":{\"name\":\"rloaiza\",\"@id\":\"https:\/\/noti-america.com\/site\/colombia\/#\/schema\/person\/a2e478ba496331ce89bcd0c731cd6533\"},\"headline\":\"CON CORTOMETRAJE MUSICAL ADRI DUQUE CELEBRA EL A\u00d1O DE LA FAMILIA\",\"datePublished\":\"2021-02-14T14:18:22+00:00\",\"dateModified\":\"2021-02-14T18:19:08+00:00\",\"mainEntityOfPage\":{\"@id\":\"https:\/\/noti-america.com\/site\/colombia\/2021\/02\/14\/con-cortometraje-musical-adri-duque-celebra-el-ano-de-la-familia\/\"},\"wordCount\":970,\"commentCount\":0,\"image\":{\"@id\":\"https:\/\/noti-america.com\/site\/colombia\/2021\/02\/14\/con-cortometraje-musical-adri-duque-celebra-el-ano-de-la-familia\/#primaryimage\"},\"thumbnailUrl\":\"https:\/\/noti-america.com\/site\/colombia\/wp-content\/uploads\/sites\/20\/2021\/02\/ADRI-DUQUE-LA-FAMILIA.jpg\",\"articleSection\":[\"Arte y Espect\u00e1culos\"],\"inLanguage\":\"es\",\"potentialAction\":[{\"@type\":\"CommentAction\",\"name\":\"Comment\",\"target\":[\"https:\/\/noti-america.com\/site\/colombia\/2021\/02\/14\/con-cortometraje-musical-adri-duque-celebra-el-ano-de-la-familia\/#respond\"]}]},{\"@type\":\"WebPage\",\"@id\":\"https:\/\/noti-america.com\/site\/colombia\/2021\/02\/14\/con-cortometraje-musical-adri-duque-celebra-el-ano-de-la-familia\/\",\"url\":\"https:\/\/noti-america.com\/site\/colombia\/2021\/02\/14\/con-cortometraje-musical-adri-duque-celebra-el-ano-de-la-familia\/\",\"name\":\"CON CORTOMETRAJE MUSICAL ADRI DUQUE CELEBRA EL A\u00d1O DE LA FAMILIA - Colombia | Noti-America.com\",\"isPartOf\":{\"@id\":\"https:\/\/noti-america.com\/site\/colombia\/#website\"},\"primaryImageOfPage\":{\"@id\":\"https:\/\/noti-america.com\/site\/colombia\/2021\/02\/14\/con-cortometraje-musical-adri-duque-celebra-el-ano-de-la-familia\/#primaryimage\"},\"image\":{\"@id\":\"https:\/\/noti-america.com\/site\/colombia\/2021\/02\/14\/con-cortometraje-musical-adri-duque-celebra-el-ano-de-la-familia\/#primaryimage\"},\"thumbnailUrl\":\"https:\/\/noti-america.com\/site\/colombia\/wp-content\/uploads\/sites\/20\/2021\/02\/ADRI-DUQUE-LA-FAMILIA.jpg\",\"datePublished\":\"2021-02-14T14:18:22+00:00\",\"dateModified\":\"2021-02-14T18:19:08+00:00\",\"author\":{\"@id\":\"https:\/\/noti-america.com\/site\/colombia\/#\/schema\/person\/a2e478ba496331ce89bcd0c731cd6533\"},\"breadcrumb\":{\"@id\":\"https:\/\/noti-america.com\/site\/colombia\/2021\/02\/14\/con-cortometraje-musical-adri-duque-celebra-el-ano-de-la-familia\/#breadcrumb\"},\"inLanguage\":\"es\",\"potentialAction\":[{\"@type\":\"ReadAction\",\"target\":[\"https:\/\/noti-america.com\/site\/colombia\/2021\/02\/14\/con-cortometraje-musical-adri-duque-celebra-el-ano-de-la-familia\/\"]}]},{\"@type\":\"ImageObject\",\"inLanguage\":\"es\",\"@id\":\"https:\/\/noti-america.com\/site\/colombia\/2021\/02\/14\/con-cortometraje-musical-adri-duque-celebra-el-ano-de-la-familia\/#primaryimage\",\"url\":\"https:\/\/noti-america.com\/site\/colombia\/wp-content\/uploads\/sites\/20\/2021\/02\/ADRI-DUQUE-LA-FAMILIA.jpg\",\"contentUrl\":\"https:\/\/noti-america.com\/site\/colombia\/wp-content\/uploads\/sites\/20\/2021\/02\/ADRI-DUQUE-LA-FAMILIA.jpg\",\"width\":2500,\"height\":2500},{\"@type\":\"BreadcrumbList\",\"@id\":\"https:\/\/noti-america.com\/site\/colombia\/2021\/02\/14\/con-cortometraje-musical-adri-duque-celebra-el-ano-de-la-familia\/#breadcrumb\",\"itemListElement\":[{\"@type\":\"ListItem\",\"position\":1,\"name\":\"Portada\",\"item\":\"https:\/\/noti-america.com\/site\/colombia\/\"},{\"@type\":\"ListItem\",\"position\":2,\"name\":\"CON CORTOMETRAJE MUSICAL ADRI DUQUE CELEBRA EL A\u00d1O DE LA FAMILIA\"}]},{\"@type\":\"WebSite\",\"@id\":\"https:\/\/noti-america.com\/site\/colombia\/#website\",\"url\":\"https:\/\/noti-america.com\/site\/colombia\/\",\"name\":\"Colombia | Noti-America.com\",\"description\":\"\",\"potentialAction\":[{\"@type\":\"SearchAction\",\"target\":{\"@type\":\"EntryPoint\",\"urlTemplate\":\"https:\/\/noti-america.com\/site\/colombia\/?s={search_term_string}\"},\"query-input\":{\"@type\":\"PropertyValueSpecification\",\"valueRequired\":true,\"valueName\":\"search_term_string\"}}],\"inLanguage\":\"es\"},{\"@type\":\"Person\",\"@id\":\"https:\/\/noti-america.com\/site\/colombia\/#\/schema\/person\/a2e478ba496331ce89bcd0c731cd6533\",\"name\":\"rloaiza\",\"image\":{\"@type\":\"ImageObject\",\"inLanguage\":\"es\",\"@id\":\"https:\/\/secure.gravatar.com\/avatar\/190058e5d4427934610b99c45aa7a6558806850adedd53ddeddd194b04773e22?s=96&d=mm&r=g\",\"url\":\"https:\/\/secure.gravatar.com\/avatar\/190058e5d4427934610b99c45aa7a6558806850adedd53ddeddd194b04773e22?s=96&d=mm&r=g\",\"contentUrl\":\"https:\/\/secure.gravatar.com\/avatar\/190058e5d4427934610b99c45aa7a6558806850adedd53ddeddd194b04773e22?s=96&d=mm&r=g\",\"caption\":\"rloaiza\"},\"url\":\"https:\/\/noti-america.com\/site\/colombia\/author\/rloaiza\/\"}]}<\/script>\n<!-- \/ Yoast SEO Premium plugin. -->","yoast_head_json":{"title":"CON CORTOMETRAJE MUSICAL ADRI DUQUE CELEBRA EL A\u00d1O DE LA FAMILIA - Colombia | Noti-America.com","robots":{"index":"index","follow":"follow","max-snippet":"max-snippet:-1","max-image-preview":"max-image-preview:large","max-video-preview":"max-video-preview:-1"},"canonical":"https:\/\/noti-america.com\/site\/colombia\/2021\/02\/14\/con-cortometraje-musical-adri-duque-celebra-el-ano-de-la-familia\/","og_locale":"es_ES","og_type":"article","og_title":"CON CORTOMETRAJE MUSICAL ADRI DUQUE CELEBRA EL A\u00d1O DE LA FAMILIA","og_description":"COLOMBIA | NOTI-AMERICA.COM CON CORTOMETRAJE MUSICAL ADRI DUQUE CELEBRA EL A\u00d1O DE LA FAMILIA A partir del 19 de febrero estar\u00e1 disponible, en todas las plataformas musicales, la canci\u00f3n \u201cLa Familia\u201d, el m\u00e1s reciente&#46;&#46;&#46;","og_url":"https:\/\/noti-america.com\/site\/colombia\/2021\/02\/14\/con-cortometraje-musical-adri-duque-celebra-el-ano-de-la-familia\/","og_site_name":"Colombia | Noti-America.com","article_published_time":"2021-02-14T14:18:22+00:00","article_modified_time":"2021-02-14T18:19:08+00:00","og_image":[{"width":2500,"height":2500,"url":"https:\/\/noti-america.com\/site\/colombia\/wp-content\/uploads\/sites\/20\/2021\/02\/ADRI-DUQUE-LA-FAMILIA.jpg","type":"image\/jpeg"}],"author":"rloaiza","twitter_card":"summary_large_image","twitter_creator":"@notiamerica","twitter_site":"@notiamerica","twitter_misc":{"Escrito por":"rloaiza","Tiempo estimado de lectura":"5 minutos"},"schema":{"@context":"https:\/\/schema.org","@graph":[{"@type":"Article","@id":"https:\/\/noti-america.com\/site\/colombia\/2021\/02\/14\/con-cortometraje-musical-adri-duque-celebra-el-ano-de-la-familia\/#article","isPartOf":{"@id":"https:\/\/noti-america.com\/site\/colombia\/2021\/02\/14\/con-cortometraje-musical-adri-duque-celebra-el-ano-de-la-familia\/"},"author":{"name":"rloaiza","@id":"https:\/\/noti-america.com\/site\/colombia\/#\/schema\/person\/a2e478ba496331ce89bcd0c731cd6533"},"headline":"CON CORTOMETRAJE MUSICAL ADRI DUQUE CELEBRA EL A\u00d1O DE LA FAMILIA","datePublished":"2021-02-14T14:18:22+00:00","dateModified":"2021-02-14T18:19:08+00:00","mainEntityOfPage":{"@id":"https:\/\/noti-america.com\/site\/colombia\/2021\/02\/14\/con-cortometraje-musical-adri-duque-celebra-el-ano-de-la-familia\/"},"wordCount":970,"commentCount":0,"image":{"@id":"https:\/\/noti-america.com\/site\/colombia\/2021\/02\/14\/con-cortometraje-musical-adri-duque-celebra-el-ano-de-la-familia\/#primaryimage"},"thumbnailUrl":"https:\/\/noti-america.com\/site\/colombia\/wp-content\/uploads\/sites\/20\/2021\/02\/ADRI-DUQUE-LA-FAMILIA.jpg","articleSection":["Arte y Espect\u00e1culos"],"inLanguage":"es","potentialAction":[{"@type":"CommentAction","name":"Comment","target":["https:\/\/noti-america.com\/site\/colombia\/2021\/02\/14\/con-cortometraje-musical-adri-duque-celebra-el-ano-de-la-familia\/#respond"]}]},{"@type":"WebPage","@id":"https:\/\/noti-america.com\/site\/colombia\/2021\/02\/14\/con-cortometraje-musical-adri-duque-celebra-el-ano-de-la-familia\/","url":"https:\/\/noti-america.com\/site\/colombia\/2021\/02\/14\/con-cortometraje-musical-adri-duque-celebra-el-ano-de-la-familia\/","name":"CON CORTOMETRAJE MUSICAL ADRI DUQUE CELEBRA EL A\u00d1O DE LA FAMILIA - Colombia | Noti-America.com","isPartOf":{"@id":"https:\/\/noti-america.com\/site\/colombia\/#website"},"primaryImageOfPage":{"@id":"https:\/\/noti-america.com\/site\/colombia\/2021\/02\/14\/con-cortometraje-musical-adri-duque-celebra-el-ano-de-la-familia\/#primaryimage"},"image":{"@id":"https:\/\/noti-america.com\/site\/colombia\/2021\/02\/14\/con-cortometraje-musical-adri-duque-celebra-el-ano-de-la-familia\/#primaryimage"},"thumbnailUrl":"https:\/\/noti-america.com\/site\/colombia\/wp-content\/uploads\/sites\/20\/2021\/02\/ADRI-DUQUE-LA-FAMILIA.jpg","datePublished":"2021-02-14T14:18:22+00:00","dateModified":"2021-02-14T18:19:08+00:00","author":{"@id":"https:\/\/noti-america.com\/site\/colombia\/#\/schema\/person\/a2e478ba496331ce89bcd0c731cd6533"},"breadcrumb":{"@id":"https:\/\/noti-america.com\/site\/colombia\/2021\/02\/14\/con-cortometraje-musical-adri-duque-celebra-el-ano-de-la-familia\/#breadcrumb"},"inLanguage":"es","potentialAction":[{"@type":"ReadAction","target":["https:\/\/noti-america.com\/site\/colombia\/2021\/02\/14\/con-cortometraje-musical-adri-duque-celebra-el-ano-de-la-familia\/"]}]},{"@type":"ImageObject","inLanguage":"es","@id":"https:\/\/noti-america.com\/site\/colombia\/2021\/02\/14\/con-cortometraje-musical-adri-duque-celebra-el-ano-de-la-familia\/#primaryimage","url":"https:\/\/noti-america.com\/site\/colombia\/wp-content\/uploads\/sites\/20\/2021\/02\/ADRI-DUQUE-LA-FAMILIA.jpg","contentUrl":"https:\/\/noti-america.com\/site\/colombia\/wp-content\/uploads\/sites\/20\/2021\/02\/ADRI-DUQUE-LA-FAMILIA.jpg","width":2500,"height":2500},{"@type":"BreadcrumbList","@id":"https:\/\/noti-america.com\/site\/colombia\/2021\/02\/14\/con-cortometraje-musical-adri-duque-celebra-el-ano-de-la-familia\/#breadcrumb","itemListElement":[{"@type":"ListItem","position":1,"name":"Portada","item":"https:\/\/noti-america.com\/site\/colombia\/"},{"@type":"ListItem","position":2,"name":"CON CORTOMETRAJE MUSICAL ADRI DUQUE CELEBRA EL A\u00d1O DE LA FAMILIA"}]},{"@type":"WebSite","@id":"https:\/\/noti-america.com\/site\/colombia\/#website","url":"https:\/\/noti-america.com\/site\/colombia\/","name":"Colombia | Noti-America.com","description":"","potentialAction":[{"@type":"SearchAction","target":{"@type":"EntryPoint","urlTemplate":"https:\/\/noti-america.com\/site\/colombia\/?s={search_term_string}"},"query-input":{"@type":"PropertyValueSpecification","valueRequired":true,"valueName":"search_term_string"}}],"inLanguage":"es"},{"@type":"Person","@id":"https:\/\/noti-america.com\/site\/colombia\/#\/schema\/person\/a2e478ba496331ce89bcd0c731cd6533","name":"rloaiza","image":{"@type":"ImageObject","inLanguage":"es","@id":"https:\/\/secure.gravatar.com\/avatar\/190058e5d4427934610b99c45aa7a6558806850adedd53ddeddd194b04773e22?s=96&d=mm&r=g","url":"https:\/\/secure.gravatar.com\/avatar\/190058e5d4427934610b99c45aa7a6558806850adedd53ddeddd194b04773e22?s=96&d=mm&r=g","contentUrl":"https:\/\/secure.gravatar.com\/avatar\/190058e5d4427934610b99c45aa7a6558806850adedd53ddeddd194b04773e22?s=96&d=mm&r=g","caption":"rloaiza"},"url":"https:\/\/noti-america.com\/site\/colombia\/author\/rloaiza\/"}]}},"_links":{"self":[{"href":"https:\/\/noti-america.com\/site\/colombia\/wp-json\/wp\/v2\/posts\/7045","targetHints":{"allow":["GET"]}}],"collection":[{"href":"https:\/\/noti-america.com\/site\/colombia\/wp-json\/wp\/v2\/posts"}],"about":[{"href":"https:\/\/noti-america.com\/site\/colombia\/wp-json\/wp\/v2\/types\/post"}],"author":[{"embeddable":true,"href":"https:\/\/noti-america.com\/site\/colombia\/wp-json\/wp\/v2\/users\/2"}],"replies":[{"embeddable":true,"href":"https:\/\/noti-america.com\/site\/colombia\/wp-json\/wp\/v2\/comments?post=7045"}],"version-history":[{"count":1,"href":"https:\/\/noti-america.com\/site\/colombia\/wp-json\/wp\/v2\/posts\/7045\/revisions"}],"predecessor-version":[{"id":7047,"href":"https:\/\/noti-america.com\/site\/colombia\/wp-json\/wp\/v2\/posts\/7045\/revisions\/7047"}],"wp:featuredmedia":[{"embeddable":true,"href":"https:\/\/noti-america.com\/site\/colombia\/wp-json\/wp\/v2\/media\/7046"}],"wp:attachment":[{"href":"https:\/\/noti-america.com\/site\/colombia\/wp-json\/wp\/v2\/media?parent=7045"}],"wp:term":[{"taxonomy":"category","embeddable":true,"href":"https:\/\/noti-america.com\/site\/colombia\/wp-json\/wp\/v2\/categories?post=7045"},{"taxonomy":"post_tag","embeddable":true,"href":"https:\/\/noti-america.com\/site\/colombia\/wp-json\/wp\/v2\/tags?post=7045"}],"curies":[{"name":"wp","href":"https:\/\/api.w.org\/{rel}","templated":true}]}}