{"id":6940,"date":"2021-01-21T21:20:11","date_gmt":"2021-01-21T21:20:11","guid":{"rendered":"https:\/\/noti-america.com\/site\/colombia\/2021\/01\/21\/banco-de-bogota-apoya-la-reactivacion-de-la-industria-textil-y-se-mantiene-como-aliado-de-colombiatex-2021\/"},"modified":"2021-01-22T01:20:18","modified_gmt":"2021-01-22T01:20:18","slug":"banco-de-bogota-apoya-la-reactivacion-de-la-industria-textil-y-se-mantiene-como-aliado-de-colombiatex-2021","status":"publish","type":"post","link":"https:\/\/noti-america.com\/site\/colombia\/2021\/01\/21\/banco-de-bogota-apoya-la-reactivacion-de-la-industria-textil-y-se-mantiene-como-aliado-de-colombiatex-2021\/","title":{"rendered":"Banco de Bogot\u00e1 apoya la reactivaci\u00f3n de la industria textil y se mantiene como aliado de Colombiatex 2021"},"content":{"rendered":"<p style=\"text-align: center;\"><strong>Banco de Bogot\u00e1 apoya la reactivaci\u00f3n de la industria textil y se mantiene como aliado de Colombiatex 2021<\/strong><\/p>\n<div id=\"attachment_54310\" style=\"width: 310px\" class=\"wp-caption aligncenter\"><img loading=\"lazy\" decoding=\"async\" aria-describedby=\"caption-attachment-54310\" class=\"size-medium wp-image-6941\" src=\"https:\/\/noti-america.com\/site\/colombia\/wp-content\/uploads\/sites\/20\/2021\/01\/Apoyo-a-la-industria-300x200.jpg\" alt=\"\" width=\"300\" height=\"200\" srcset=\"https:\/\/noti-america.com\/site\/colombia\/wp-content\/uploads\/sites\/20\/2021\/01\/Apoyo-a-la-industria-300x200.jpg 300w, https:\/\/noti-america.com\/site\/colombia\/wp-content\/uploads\/sites\/20\/2021\/01\/Apoyo-a-la-industria-768x511.jpg 768w, https:\/\/noti-america.com\/site\/colombia\/wp-content\/uploads\/sites\/20\/2021\/01\/Apoyo-a-la-industria-272x182.jpg 272w, https:\/\/noti-america.com\/site\/colombia\/wp-content\/uploads\/sites\/20\/2021\/01\/Apoyo-a-la-industria.jpg 850w\" sizes=\"auto, (max-width: 300px) 100vw, 300px\" \/><p id=\"caption-attachment-54310\" class=\"wp-caption-text\">Woman writes the measurements to a notepad. Designes sew cloth. Top view.<\/p><\/div>\n<p><strong><em>\u00a0Banco de Bogot\u00e1 estar\u00e1 presente en la plataforma virtual, brindando a los empresarios un robusto portafolio de productos y servicios especializados, promoviendo el crecimiento de los sectores que conforman la industria.<\/em><\/strong><\/p>\n<p><strong>Bogot\u00e1, enero 2021. \u00a0<\/strong>Como parte de su compromiso con la reactivaci\u00f3n econ\u00f3mica del pa\u00eds y reafirmando su apoyo a la industria textil, Banco de Bogot\u00e1 se une por octavo a\u00f1o consecutivo a Colombiatex de Las Am\u00e9ricas 2021 Digital, brindando un robusto portafolio de productos y servicios especializado para Pymes y Empresas.<\/p>\n<p>El Banco brinda un modelo de servicio adaptado a las necesidades de cada cliente y su oferta comercial est\u00e1 compuesta por tasas preferenciales para cr\u00e9ditos para pago de n\u00f3mina con garant\u00eda del FNG, cr\u00e9dito para capital de trabajo, cr\u00e9dito para cesant\u00edas, l\u00edneas de cr\u00e9dito financiadas en d\u00f3lares, entre otros.<\/p>\n<p>La feria, que se desarrollar\u00e1 en la plataforma virtual <a href=\"http:\/\/www.colombiatex.com\"><em>www.colombiatex.com<\/em><\/a> hasta el pr\u00f3ximo 5 de febrero, ser\u00e1 el punto de encuentro entre expositores y compradores y contar\u00e1 con la participaci\u00f3n de 240 expositores de Colombia, Espa\u00f1a, India, entre otros.<\/p>\n<p>Colombiatex Digital 2021 destacar\u00e1 los desarrollos e innovaciones empresariales en sostenibilidad y bioseguridad, como por ejemplo: uso de hilos reciclados, re\u00faso de agua, estampaci\u00f3n eco-amigable, reciclaje de pl\u00e1stico y textiles antivirales.<\/p>\n<p>\u201cEn Banco de Bogot\u00e1 apoyamos las empresas que contribuyen al fortalecimiento de nuestra econom\u00eda y que adoptan pr\u00e1cticas sostenibles para el beneficio del medio ambiente. En esta versi\u00f3n de Colombiatex estaremos acompa\u00f1ando a los asistentes con atenci\u00f3n personalizada y un portafolio dise\u00f1ado para atender sus necesidades, facilitando las oportunidades de negocio y crecimiento que ofrece la feria\u201d, afirm\u00f3 Rafael Arango, Vicepresidente de Banca Empresas del Banco de Bogot\u00e1.<\/p>\n<p>De esta forma, Banco de Bogot\u00e1, filial de Grupo Aval, reafirma su compromiso con el sector, las industrias creativas y el talento colombiano, a trav\u00e9s del apoyo a los empresarios que buscan proteger el empleo y potenciar la econom\u00eda nacional.<\/p>\n<p>&nbsp;<\/p>\n","protected":false},"excerpt":{"rendered":"<p>Banco de Bogot\u00e1 apoya la reactivaci\u00f3n de la industria textil y se mantiene como aliado de Colombiatex 2021 \u00a0Banco de Bogot\u00e1 estar\u00e1 presente en la plataforma virtual, brindando a los empresarios un robusto portafolio&#46;&#46;&#46;<\/p>\n","protected":false},"author":2,"featured_media":6941,"comment_status":"open","ping_status":"open","sticky":false,"template":"","format":"standard","meta":{"_acf_changed":false,"om_disable_all_campaigns":false,"rop_custom_images_group":[],"rop_custom_messages_group":[],"rop_publish_now":"initial","rop_publish_now_accounts":{"twitter_242054905_242054905":""},"rop_publish_now_history":[],"rop_publish_now_status":"pending","_uf_show_specific_survey":0,"_uf_disable_surveys":false,"footnotes":""},"categories":[5],"tags":[],"class_list":["post-6940","post","type-post","status-publish","format-standard","has-post-thumbnail","hentry","category-economia"],"acf":[],"aioseo_notices":[],"yoast_head":"<!-- This site is optimized with the Yoast SEO Premium plugin v24.9 (Yoast SEO v27.2) - https:\/\/yoast.com\/product\/yoast-seo-premium-wordpress\/ -->\n<title>Banco de Bogot\u00e1 apoya la reactivaci\u00f3n de la industria textil y se mantiene como aliado de Colombiatex 2021 - Colombia | Noti-America.com<\/title>\n<meta name=\"robots\" content=\"index, follow, max-snippet:-1, max-image-preview:large, max-video-preview:-1\" \/>\n<link rel=\"canonical\" href=\"https:\/\/noti-america.com\/site\/colombia\/2021\/01\/21\/banco-de-bogota-apoya-la-reactivacion-de-la-industria-textil-y-se-mantiene-como-aliado-de-colombiatex-2021\/\" \/>\n<meta property=\"og:locale\" content=\"es_ES\" \/>\n<meta property=\"og:type\" content=\"article\" \/>\n<meta property=\"og:title\" content=\"Banco de Bogot\u00e1 apoya la reactivaci\u00f3n de la industria textil y se mantiene como aliado de Colombiatex 2021\" \/>\n<meta property=\"og:description\" content=\"Banco de Bogot\u00e1 apoya la reactivaci\u00f3n de la industria textil y se mantiene como aliado de Colombiatex 2021 \u00a0Banco de Bogot\u00e1 estar\u00e1 presente en la plataforma virtual, brindando a los empresarios un robusto portafolio&#046;&#046;&#046;\" \/>\n<meta property=\"og:url\" content=\"https:\/\/noti-america.com\/site\/colombia\/2021\/01\/21\/banco-de-bogota-apoya-la-reactivacion-de-la-industria-textil-y-se-mantiene-como-aliado-de-colombiatex-2021\/\" \/>\n<meta property=\"og:site_name\" content=\"Colombia | Noti-America.com\" \/>\n<meta property=\"article:published_time\" content=\"2021-01-21T21:20:11+00:00\" \/>\n<meta property=\"article:modified_time\" content=\"2021-01-22T01:20:18+00:00\" \/>\n<meta property=\"og:image\" content=\"https:\/\/noti-america.com\/site\/colombia\/wp-content\/uploads\/sites\/20\/2021\/01\/Apoyo-a-la-industria.jpg\" \/>\n\t<meta property=\"og:image:width\" content=\"850\" \/>\n\t<meta property=\"og:image:height\" content=\"566\" \/>\n\t<meta property=\"og:image:type\" content=\"image\/jpeg\" \/>\n<meta name=\"author\" content=\"rloaiza\" \/>\n<meta name=\"twitter:card\" content=\"summary_large_image\" \/>\n<meta name=\"twitter:creator\" content=\"@notiamerica\" \/>\n<meta name=\"twitter:site\" content=\"@notiamerica\" \/>\n<meta name=\"twitter:label1\" content=\"Escrito por\" \/>\n\t<meta name=\"twitter:data1\" content=\"rloaiza\" \/>\n\t<meta name=\"twitter:label2\" content=\"Tiempo estimado de lectura\" \/>\n\t<meta name=\"twitter:data2\" content=\"2 minutos\" \/>\n<script type=\"application\/ld+json\" class=\"yoast-schema-graph\">{\"@context\":\"https:\/\/schema.org\",\"@graph\":[{\"@type\":\"Article\",\"@id\":\"https:\/\/noti-america.com\/site\/colombia\/2021\/01\/21\/banco-de-bogota-apoya-la-reactivacion-de-la-industria-textil-y-se-mantiene-como-aliado-de-colombiatex-2021\/#article\",\"isPartOf\":{\"@id\":\"https:\/\/noti-america.com\/site\/colombia\/2021\/01\/21\/banco-de-bogota-apoya-la-reactivacion-de-la-industria-textil-y-se-mantiene-como-aliado-de-colombiatex-2021\/\"},\"author\":{\"name\":\"rloaiza\",\"@id\":\"https:\/\/noti-america.com\/site\/colombia\/#\/schema\/person\/a2e478ba496331ce89bcd0c731cd6533\"},\"headline\":\"Banco de Bogot\u00e1 apoya la reactivaci\u00f3n de la industria textil y se mantiene como aliado de Colombiatex 2021\",\"datePublished\":\"2021-01-21T21:20:11+00:00\",\"dateModified\":\"2021-01-22T01:20:18+00:00\",\"mainEntityOfPage\":{\"@id\":\"https:\/\/noti-america.com\/site\/colombia\/2021\/01\/21\/banco-de-bogota-apoya-la-reactivacion-de-la-industria-textil-y-se-mantiene-como-aliado-de-colombiatex-2021\/\"},\"wordCount\":390,\"commentCount\":0,\"image\":{\"@id\":\"https:\/\/noti-america.com\/site\/colombia\/2021\/01\/21\/banco-de-bogota-apoya-la-reactivacion-de-la-industria-textil-y-se-mantiene-como-aliado-de-colombiatex-2021\/#primaryimage\"},\"thumbnailUrl\":\"https:\/\/noti-america.com\/site\/colombia\/wp-content\/uploads\/sites\/20\/2021\/01\/Apoyo-a-la-industria.jpg\",\"articleSection\":[\"Econom\u00eda\"],\"inLanguage\":\"es\",\"potentialAction\":[{\"@type\":\"CommentAction\",\"name\":\"Comment\",\"target\":[\"https:\/\/noti-america.com\/site\/colombia\/2021\/01\/21\/banco-de-bogota-apoya-la-reactivacion-de-la-industria-textil-y-se-mantiene-como-aliado-de-colombiatex-2021\/#respond\"]}]},{\"@type\":\"WebPage\",\"@id\":\"https:\/\/noti-america.com\/site\/colombia\/2021\/01\/21\/banco-de-bogota-apoya-la-reactivacion-de-la-industria-textil-y-se-mantiene-como-aliado-de-colombiatex-2021\/\",\"url\":\"https:\/\/noti-america.com\/site\/colombia\/2021\/01\/21\/banco-de-bogota-apoya-la-reactivacion-de-la-industria-textil-y-se-mantiene-como-aliado-de-colombiatex-2021\/\",\"name\":\"Banco de Bogot\u00e1 apoya la reactivaci\u00f3n de la industria textil y se mantiene como aliado de Colombiatex 2021 - Colombia | Noti-America.com\",\"isPartOf\":{\"@id\":\"https:\/\/noti-america.com\/site\/colombia\/#website\"},\"primaryImageOfPage\":{\"@id\":\"https:\/\/noti-america.com\/site\/colombia\/2021\/01\/21\/banco-de-bogota-apoya-la-reactivacion-de-la-industria-textil-y-se-mantiene-como-aliado-de-colombiatex-2021\/#primaryimage\"},\"image\":{\"@id\":\"https:\/\/noti-america.com\/site\/colombia\/2021\/01\/21\/banco-de-bogota-apoya-la-reactivacion-de-la-industria-textil-y-se-mantiene-como-aliado-de-colombiatex-2021\/#primaryimage\"},\"thumbnailUrl\":\"https:\/\/noti-america.com\/site\/colombia\/wp-content\/uploads\/sites\/20\/2021\/01\/Apoyo-a-la-industria.jpg\",\"datePublished\":\"2021-01-21T21:20:11+00:00\",\"dateModified\":\"2021-01-22T01:20:18+00:00\",\"author\":{\"@id\":\"https:\/\/noti-america.com\/site\/colombia\/#\/schema\/person\/a2e478ba496331ce89bcd0c731cd6533\"},\"breadcrumb\":{\"@id\":\"https:\/\/noti-america.com\/site\/colombia\/2021\/01\/21\/banco-de-bogota-apoya-la-reactivacion-de-la-industria-textil-y-se-mantiene-como-aliado-de-colombiatex-2021\/#breadcrumb\"},\"inLanguage\":\"es\",\"potentialAction\":[{\"@type\":\"ReadAction\",\"target\":[\"https:\/\/noti-america.com\/site\/colombia\/2021\/01\/21\/banco-de-bogota-apoya-la-reactivacion-de-la-industria-textil-y-se-mantiene-como-aliado-de-colombiatex-2021\/\"]}]},{\"@type\":\"ImageObject\",\"inLanguage\":\"es\",\"@id\":\"https:\/\/noti-america.com\/site\/colombia\/2021\/01\/21\/banco-de-bogota-apoya-la-reactivacion-de-la-industria-textil-y-se-mantiene-como-aliado-de-colombiatex-2021\/#primaryimage\",\"url\":\"https:\/\/noti-america.com\/site\/colombia\/wp-content\/uploads\/sites\/20\/2021\/01\/Apoyo-a-la-industria.jpg\",\"contentUrl\":\"https:\/\/noti-america.com\/site\/colombia\/wp-content\/uploads\/sites\/20\/2021\/01\/Apoyo-a-la-industria.jpg\",\"width\":850,\"height\":566,\"caption\":\"Woman writes the measurements to a notepad. Designes sew cloth. Top view.\"},{\"@type\":\"BreadcrumbList\",\"@id\":\"https:\/\/noti-america.com\/site\/colombia\/2021\/01\/21\/banco-de-bogota-apoya-la-reactivacion-de-la-industria-textil-y-se-mantiene-como-aliado-de-colombiatex-2021\/#breadcrumb\",\"itemListElement\":[{\"@type\":\"ListItem\",\"position\":1,\"name\":\"Portada\",\"item\":\"https:\/\/noti-america.com\/site\/colombia\/\"},{\"@type\":\"ListItem\",\"position\":2,\"name\":\"Banco de Bogot\u00e1 apoya la reactivaci\u00f3n de la industria textil y se mantiene como aliado de Colombiatex 2021\"}]},{\"@type\":\"WebSite\",\"@id\":\"https:\/\/noti-america.com\/site\/colombia\/#website\",\"url\":\"https:\/\/noti-america.com\/site\/colombia\/\",\"name\":\"Colombia | Noti-America.com\",\"description\":\"\",\"potentialAction\":[{\"@type\":\"SearchAction\",\"target\":{\"@type\":\"EntryPoint\",\"urlTemplate\":\"https:\/\/noti-america.com\/site\/colombia\/?s={search_term_string}\"},\"query-input\":{\"@type\":\"PropertyValueSpecification\",\"valueRequired\":true,\"valueName\":\"search_term_string\"}}],\"inLanguage\":\"es\"},{\"@type\":\"Person\",\"@id\":\"https:\/\/noti-america.com\/site\/colombia\/#\/schema\/person\/a2e478ba496331ce89bcd0c731cd6533\",\"name\":\"rloaiza\",\"image\":{\"@type\":\"ImageObject\",\"inLanguage\":\"es\",\"@id\":\"https:\/\/secure.gravatar.com\/avatar\/190058e5d4427934610b99c45aa7a6558806850adedd53ddeddd194b04773e22?s=96&d=mm&r=g\",\"url\":\"https:\/\/secure.gravatar.com\/avatar\/190058e5d4427934610b99c45aa7a6558806850adedd53ddeddd194b04773e22?s=96&d=mm&r=g\",\"contentUrl\":\"https:\/\/secure.gravatar.com\/avatar\/190058e5d4427934610b99c45aa7a6558806850adedd53ddeddd194b04773e22?s=96&d=mm&r=g\",\"caption\":\"rloaiza\"},\"url\":\"https:\/\/noti-america.com\/site\/colombia\/author\/rloaiza\/\"}]}<\/script>\n<!-- \/ Yoast SEO Premium plugin. -->","yoast_head_json":{"title":"Banco de Bogot\u00e1 apoya la reactivaci\u00f3n de la industria textil y se mantiene como aliado de Colombiatex 2021 - Colombia | Noti-America.com","robots":{"index":"index","follow":"follow","max-snippet":"max-snippet:-1","max-image-preview":"max-image-preview:large","max-video-preview":"max-video-preview:-1"},"canonical":"https:\/\/noti-america.com\/site\/colombia\/2021\/01\/21\/banco-de-bogota-apoya-la-reactivacion-de-la-industria-textil-y-se-mantiene-como-aliado-de-colombiatex-2021\/","og_locale":"es_ES","og_type":"article","og_title":"Banco de Bogot\u00e1 apoya la reactivaci\u00f3n de la industria textil y se mantiene como aliado de Colombiatex 2021","og_description":"Banco de Bogot\u00e1 apoya la reactivaci\u00f3n de la industria textil y se mantiene como aliado de Colombiatex 2021 \u00a0Banco de Bogot\u00e1 estar\u00e1 presente en la plataforma virtual, brindando a los empresarios un robusto portafolio&#46;&#46;&#46;","og_url":"https:\/\/noti-america.com\/site\/colombia\/2021\/01\/21\/banco-de-bogota-apoya-la-reactivacion-de-la-industria-textil-y-se-mantiene-como-aliado-de-colombiatex-2021\/","og_site_name":"Colombia | Noti-America.com","article_published_time":"2021-01-21T21:20:11+00:00","article_modified_time":"2021-01-22T01:20:18+00:00","og_image":[{"width":850,"height":566,"url":"https:\/\/noti-america.com\/site\/colombia\/wp-content\/uploads\/sites\/20\/2021\/01\/Apoyo-a-la-industria.jpg","type":"image\/jpeg"}],"author":"rloaiza","twitter_card":"summary_large_image","twitter_creator":"@notiamerica","twitter_site":"@notiamerica","twitter_misc":{"Escrito por":"rloaiza","Tiempo estimado de lectura":"2 minutos"},"schema":{"@context":"https:\/\/schema.org","@graph":[{"@type":"Article","@id":"https:\/\/noti-america.com\/site\/colombia\/2021\/01\/21\/banco-de-bogota-apoya-la-reactivacion-de-la-industria-textil-y-se-mantiene-como-aliado-de-colombiatex-2021\/#article","isPartOf":{"@id":"https:\/\/noti-america.com\/site\/colombia\/2021\/01\/21\/banco-de-bogota-apoya-la-reactivacion-de-la-industria-textil-y-se-mantiene-como-aliado-de-colombiatex-2021\/"},"author":{"name":"rloaiza","@id":"https:\/\/noti-america.com\/site\/colombia\/#\/schema\/person\/a2e478ba496331ce89bcd0c731cd6533"},"headline":"Banco de Bogot\u00e1 apoya la reactivaci\u00f3n de la industria textil y se mantiene como aliado de Colombiatex 2021","datePublished":"2021-01-21T21:20:11+00:00","dateModified":"2021-01-22T01:20:18+00:00","mainEntityOfPage":{"@id":"https:\/\/noti-america.com\/site\/colombia\/2021\/01\/21\/banco-de-bogota-apoya-la-reactivacion-de-la-industria-textil-y-se-mantiene-como-aliado-de-colombiatex-2021\/"},"wordCount":390,"commentCount":0,"image":{"@id":"https:\/\/noti-america.com\/site\/colombia\/2021\/01\/21\/banco-de-bogota-apoya-la-reactivacion-de-la-industria-textil-y-se-mantiene-como-aliado-de-colombiatex-2021\/#primaryimage"},"thumbnailUrl":"https:\/\/noti-america.com\/site\/colombia\/wp-content\/uploads\/sites\/20\/2021\/01\/Apoyo-a-la-industria.jpg","articleSection":["Econom\u00eda"],"inLanguage":"es","potentialAction":[{"@type":"CommentAction","name":"Comment","target":["https:\/\/noti-america.com\/site\/colombia\/2021\/01\/21\/banco-de-bogota-apoya-la-reactivacion-de-la-industria-textil-y-se-mantiene-como-aliado-de-colombiatex-2021\/#respond"]}]},{"@type":"WebPage","@id":"https:\/\/noti-america.com\/site\/colombia\/2021\/01\/21\/banco-de-bogota-apoya-la-reactivacion-de-la-industria-textil-y-se-mantiene-como-aliado-de-colombiatex-2021\/","url":"https:\/\/noti-america.com\/site\/colombia\/2021\/01\/21\/banco-de-bogota-apoya-la-reactivacion-de-la-industria-textil-y-se-mantiene-como-aliado-de-colombiatex-2021\/","name":"Banco de Bogot\u00e1 apoya la reactivaci\u00f3n de la industria textil y se mantiene como aliado de Colombiatex 2021 - Colombia | Noti-America.com","isPartOf":{"@id":"https:\/\/noti-america.com\/site\/colombia\/#website"},"primaryImageOfPage":{"@id":"https:\/\/noti-america.com\/site\/colombia\/2021\/01\/21\/banco-de-bogota-apoya-la-reactivacion-de-la-industria-textil-y-se-mantiene-como-aliado-de-colombiatex-2021\/#primaryimage"},"image":{"@id":"https:\/\/noti-america.com\/site\/colombia\/2021\/01\/21\/banco-de-bogota-apoya-la-reactivacion-de-la-industria-textil-y-se-mantiene-como-aliado-de-colombiatex-2021\/#primaryimage"},"thumbnailUrl":"https:\/\/noti-america.com\/site\/colombia\/wp-content\/uploads\/sites\/20\/2021\/01\/Apoyo-a-la-industria.jpg","datePublished":"2021-01-21T21:20:11+00:00","dateModified":"2021-01-22T01:20:18+00:00","author":{"@id":"https:\/\/noti-america.com\/site\/colombia\/#\/schema\/person\/a2e478ba496331ce89bcd0c731cd6533"},"breadcrumb":{"@id":"https:\/\/noti-america.com\/site\/colombia\/2021\/01\/21\/banco-de-bogota-apoya-la-reactivacion-de-la-industria-textil-y-se-mantiene-como-aliado-de-colombiatex-2021\/#breadcrumb"},"inLanguage":"es","potentialAction":[{"@type":"ReadAction","target":["https:\/\/noti-america.com\/site\/colombia\/2021\/01\/21\/banco-de-bogota-apoya-la-reactivacion-de-la-industria-textil-y-se-mantiene-como-aliado-de-colombiatex-2021\/"]}]},{"@type":"ImageObject","inLanguage":"es","@id":"https:\/\/noti-america.com\/site\/colombia\/2021\/01\/21\/banco-de-bogota-apoya-la-reactivacion-de-la-industria-textil-y-se-mantiene-como-aliado-de-colombiatex-2021\/#primaryimage","url":"https:\/\/noti-america.com\/site\/colombia\/wp-content\/uploads\/sites\/20\/2021\/01\/Apoyo-a-la-industria.jpg","contentUrl":"https:\/\/noti-america.com\/site\/colombia\/wp-content\/uploads\/sites\/20\/2021\/01\/Apoyo-a-la-industria.jpg","width":850,"height":566,"caption":"Woman writes the measurements to a notepad. Designes sew cloth. Top view."},{"@type":"BreadcrumbList","@id":"https:\/\/noti-america.com\/site\/colombia\/2021\/01\/21\/banco-de-bogota-apoya-la-reactivacion-de-la-industria-textil-y-se-mantiene-como-aliado-de-colombiatex-2021\/#breadcrumb","itemListElement":[{"@type":"ListItem","position":1,"name":"Portada","item":"https:\/\/noti-america.com\/site\/colombia\/"},{"@type":"ListItem","position":2,"name":"Banco de Bogot\u00e1 apoya la reactivaci\u00f3n de la industria textil y se mantiene como aliado de Colombiatex 2021"}]},{"@type":"WebSite","@id":"https:\/\/noti-america.com\/site\/colombia\/#website","url":"https:\/\/noti-america.com\/site\/colombia\/","name":"Colombia | Noti-America.com","description":"","potentialAction":[{"@type":"SearchAction","target":{"@type":"EntryPoint","urlTemplate":"https:\/\/noti-america.com\/site\/colombia\/?s={search_term_string}"},"query-input":{"@type":"PropertyValueSpecification","valueRequired":true,"valueName":"search_term_string"}}],"inLanguage":"es"},{"@type":"Person","@id":"https:\/\/noti-america.com\/site\/colombia\/#\/schema\/person\/a2e478ba496331ce89bcd0c731cd6533","name":"rloaiza","image":{"@type":"ImageObject","inLanguage":"es","@id":"https:\/\/secure.gravatar.com\/avatar\/190058e5d4427934610b99c45aa7a6558806850adedd53ddeddd194b04773e22?s=96&d=mm&r=g","url":"https:\/\/secure.gravatar.com\/avatar\/190058e5d4427934610b99c45aa7a6558806850adedd53ddeddd194b04773e22?s=96&d=mm&r=g","contentUrl":"https:\/\/secure.gravatar.com\/avatar\/190058e5d4427934610b99c45aa7a6558806850adedd53ddeddd194b04773e22?s=96&d=mm&r=g","caption":"rloaiza"},"url":"https:\/\/noti-america.com\/site\/colombia\/author\/rloaiza\/"}]}},"_links":{"self":[{"href":"https:\/\/noti-america.com\/site\/colombia\/wp-json\/wp\/v2\/posts\/6940","targetHints":{"allow":["GET"]}}],"collection":[{"href":"https:\/\/noti-america.com\/site\/colombia\/wp-json\/wp\/v2\/posts"}],"about":[{"href":"https:\/\/noti-america.com\/site\/colombia\/wp-json\/wp\/v2\/types\/post"}],"author":[{"embeddable":true,"href":"https:\/\/noti-america.com\/site\/colombia\/wp-json\/wp\/v2\/users\/2"}],"replies":[{"embeddable":true,"href":"https:\/\/noti-america.com\/site\/colombia\/wp-json\/wp\/v2\/comments?post=6940"}],"version-history":[{"count":1,"href":"https:\/\/noti-america.com\/site\/colombia\/wp-json\/wp\/v2\/posts\/6940\/revisions"}],"predecessor-version":[{"id":6942,"href":"https:\/\/noti-america.com\/site\/colombia\/wp-json\/wp\/v2\/posts\/6940\/revisions\/6942"}],"wp:featuredmedia":[{"embeddable":true,"href":"https:\/\/noti-america.com\/site\/colombia\/wp-json\/wp\/v2\/media\/6941"}],"wp:attachment":[{"href":"https:\/\/noti-america.com\/site\/colombia\/wp-json\/wp\/v2\/media?parent=6940"}],"wp:term":[{"taxonomy":"category","embeddable":true,"href":"https:\/\/noti-america.com\/site\/colombia\/wp-json\/wp\/v2\/categories?post=6940"},{"taxonomy":"post_tag","embeddable":true,"href":"https:\/\/noti-america.com\/site\/colombia\/wp-json\/wp\/v2\/tags?post=6940"}],"curies":[{"name":"wp","href":"https:\/\/api.w.org\/{rel}","templated":true}]}}