{"id":6849,"date":"2021-01-07T22:21:15","date_gmt":"2021-01-07T22:21:15","guid":{"rendered":"https:\/\/noti-america.com\/site\/colombia\/?p=6849"},"modified":"2021-01-07T22:22:30","modified_gmt":"2021-01-07T22:22:30","slug":"bogota-declara-alerta-roja-toque-de-queda-y-nuevas-medidas-para-enfrentar-segundo-pico-de-covid-19","status":"publish","type":"post","link":"https:\/\/noti-america.com\/site\/colombia\/2021\/01\/07\/bogota-declara-alerta-roja-toque-de-queda-y-nuevas-medidas-para-enfrentar-segundo-pico-de-covid-19\/","title":{"rendered":"Bogot\u00e1 declara Alerta Roja, toque de queda y nuevas medidas, para enfrentar segundo pico de COVID-19"},"content":{"rendered":"<p style=\"text-align: justify\"><img loading=\"lazy\" decoding=\"async\" class=\"size-medium wp-image-5298 aligncenter\" src=\"https:\/\/noti-america.com\/site\/colombia\/wp-content\/uploads\/sites\/20\/2020\/08\/IMG-20200814-WA0003-300x233.jpg\" alt=\"\" width=\"300\" height=\"233\" srcset=\"https:\/\/noti-america.com\/site\/colombia\/wp-content\/uploads\/sites\/20\/2020\/08\/IMG-20200814-WA0003-300x233.jpg 300w, https:\/\/noti-america.com\/site\/colombia\/wp-content\/uploads\/sites\/20\/2020\/08\/IMG-20200814-WA0003-1024x794.jpg 1024w, https:\/\/noti-america.com\/site\/colombia\/wp-content\/uploads\/sites\/20\/2020\/08\/IMG-20200814-WA0003-768x595.jpg 768w, https:\/\/noti-america.com\/site\/colombia\/wp-content\/uploads\/sites\/20\/2020\/08\/IMG-20200814-WA0003.jpg 1280w\" sizes=\"auto, (max-width: 300px) 100vw, 300px\" \/><\/p>\n<p style=\"text-align: justify\"><strong><em>\u25cf La Alcald\u00eda Mayor de Bogot\u00e1 y la Secretar\u00eda de Salud declaran alerta roja para la ciudad y para el sistema hospitalario para garantizar disponibilidad y atenci\u00f3n de pacientes en UCI.<\/em><\/strong><\/p>\n<p style=\"text-align: justify\"><strong><em>\u25cf Acatando la instrucci\u00f3n del Gobierno Nacional, se declara restricci\u00f3n total de la movilidad desde hoy jueves 7 de enero a medianoche, hasta el martes 12 de enero a las 4 de la ma\u00f1ana.\u00a0<\/em><\/strong><\/p>\n<p style=\"text-align: justify\"><strong><em>\u25cf En este mismo sentido, la ciudad habr\u00e1 toque de queda nocturno entre el martes 12 de enero hasta el domingo 17 de enero en el horario comprendido entre las 8:00 de la noche y las 4:00 de la ma\u00f1ana. Durante este periodo de tiempo TransMilenio funcionar\u00e1 hasta las 8 pm.<\/em><\/strong><\/p>\n<p style=\"text-align: justify\"><strong><em>\u25cf Se mantienen las medidas de cuarentena estricta que ven\u00edan rigiendo en las localidades de Usaqu\u00e9n, Suba y Engativ\u00e1 hasta el pr\u00f3ximo 17 de enero a las 11:59 p.m.\u00a0<\/em><\/strong><\/p>\n<p style=\"text-align: justify\"><strong><em>\u25cf Entran en cuarentena estricta las localidades de Kennedy, Fontib\u00f3n y Teusaquillo a partir de este martes 12 de enero a las 00:00 horas y se mantendr\u00e1 hasta el pr\u00f3ximo jueves 21 de enero a las 11:59 p.m, esto con el fin de controlar el creciente n\u00famero de contagios y hospitalizaciones por coronavirus.\u00a0<\/em><\/strong><\/p>\n<p style=\"text-align: justify\"><strong><em>\u25cf Durante este domingo y lunes festivo, la ciclov\u00eda estar\u00e1 suspendida para facilitar el regreso de los viajeros a Bogot\u00e1 y evitar aglomeraciones. A quienes regresan de viaje, se les pide extremar los cuidados durante el trayecto y a la llegada y realizar un aislamiento preventivo y voluntario de 7 d\u00edas para evaluar sus s\u00edntomas y reportar cualquier novedad.\u00a0<\/em><\/strong><\/p>\n<p style=\"text-align: justify\">Este jueves la alcaldesa Claudia L\u00f3pez en compa\u00f1\u00eda del secretario de Salud Alejandro G\u00f3mez y el secretario de Gobierno Luis Ernesto G\u00f3mez, explic\u00f3 las medidas que empezar\u00e1n a regir desde esta semana como producto del segundo pico del Covid-19 en el pa\u00eds y en la ciudad. Alerta roja en la ciudad, en el sistema hospitalario, toque de queda general y nuevas localidades con cuarentena estricta son las principales medidas.<\/p>\n<p style=\"text-align: justify\">El comportamiento de los indicadores de salud en Bogot\u00e1 evidencia que desde la primera semana de diciembre hay un incremento en la ocupaci\u00f3n de camas de cuidados intensivos e intermedios en la ciudad, por lo que el Distrito, como primera medida, declar\u00f3 la alerta roja en la ciudad y en el servicio hospitalario con el fin de seguir garantizando la prestaci\u00f3n de los servicios de salud, la disponibilidad del talento humano y los medicamentos esenciales para todos los niveles de atenci\u00f3n m\u00e9dica.<\/p>\n<p style=\"text-align: justify\">Este segundo pico est\u00e1 siendo mucho m\u00e1s dr\u00e1stico de lo estimado, no s\u00f3lo por mayor n\u00famero de contactos y contagios sino por mayor carga viral identificada en los positivos, lo cual dispara la transmisibilidad. Por eso, acatando la instrucci\u00f3n del Gobierno Nacional, se declara la restricci\u00f3n total de la movilidad en todo Bogot\u00e1 a partir de este jueves 7 de enero a las 11:59 p.m y hasta el pr\u00f3ximo martes 12 de enero a las 4:00 a.m.<\/p>\n<p style=\"text-align: justify\">En este mismo sentido, la ciudad tambi\u00e9n tendr\u00e1 toque de queda nocturno entre el martes 12 de enero hasta el domingo 17 de enero en el horario comprendido entre las 8:00 de la noche y las 4:00 de la ma\u00f1ana.<\/p>\n<p style=\"text-align: justify\">Por otra parte, las localidades que ya ten\u00edan medidas especiales (Suba, Engativ\u00e1 y Usaqu\u00e9n), continuar\u00e1n hasta el pr\u00f3ximo 17 de enero a las 11:59 p.m. y por su parte; las localidades de Kennedy, Teusaquillo y Fontib\u00f3n entran en cuarentena estricta desde este martes 12 de enero a las 00:00 horas y hasta el pr\u00f3ximo jueves 21 de enero a las 11:59 p.m, debido al aumento de casos positivos y hospitalizaciones por coronavirus en los \u00faltimos d\u00edas.<\/p>\n<p style=\"text-align: justify\">Adicionalmente, durante este domingo y lunes festivo, la ciclov\u00eda estar\u00e1 suspendida para facilitar el regreso de los viajeros a Bogot\u00e1 y evitar aglomeraciones. A quienes regresan de viaje, se les pide extremar los cuidados durante el trayecto y a la llegada y realizar un aislamiento preventivo y voluntario de 7 d\u00edas para evaluar sus s\u00edntomas y reportar cualquier novedad.<\/p>\n<p style=\"text-align: justify\">\u201cEs duro iniciar el a\u00f1o tomando estas medidas, pero de todos depende que este segundo pico lo pasemos r\u00e1pido. Nos enfrentamos a posibles fen\u00f3menos como la nueva cepa y por eso debemos extremar todas las medidas para protegernos. Bogot\u00e1 siempre ha sido ejemplo de cuidado durante toda la pandemia, no podemos bajar la guardia.<\/p>\n<p style=\"text-align: justify\">Si nos cuidamos, salvamos nuestra vida y la de miles de personas en la ciudad\u201d, puntualiz\u00f3 la alcaldesa Claudia L\u00f3pez.<\/p>\n<p style=\"text-align: justify\">\n","protected":false},"excerpt":{"rendered":"<p>\u25cf La Alcald\u00eda Mayor de Bogot\u00e1 y la Secretar\u00eda de Salud declaran alerta roja para la ciudad y para el sistema hospitalario para garantizar disponibilidad y atenci\u00f3n de pacientes en UCI. \u25cf Acatando la&#46;&#46;&#46;<\/p>\n","protected":false},"author":85,"featured_media":4692,"comment_status":"open","ping_status":"open","sticky":false,"template":"","format":"standard","meta":{"_acf_changed":false,"om_disable_all_campaigns":false,"rop_custom_images_group":[],"rop_custom_messages_group":[],"rop_publish_now":"initial","rop_publish_now_accounts":{"twitter_242054905_242054905":""},"rop_publish_now_history":[],"rop_publish_now_status":"pending","_uf_show_specific_survey":0,"_uf_disable_surveys":false,"footnotes":""},"categories":[121,172,40],"tags":[],"class_list":["post-6849","post","type-post","status-publish","format-standard","has-post-thumbnail","hentry","category-actualidad","category-coronavirus-2","category-noticias"],"acf":[],"aioseo_notices":[],"yoast_head":"<!-- This site is optimized with the Yoast SEO Premium plugin v24.9 (Yoast SEO v27.2) - https:\/\/yoast.com\/product\/yoast-seo-premium-wordpress\/ -->\n<title>Bogot\u00e1 declara Alerta Roja, toque de queda y nuevas medidas, para enfrentar segundo pico de COVID-19 - Colombia | Noti-America.com<\/title>\n<meta name=\"robots\" content=\"index, follow, max-snippet:-1, max-image-preview:large, max-video-preview:-1\" \/>\n<link rel=\"canonical\" href=\"https:\/\/noti-america.com\/site\/colombia\/2021\/01\/07\/bogota-declara-alerta-roja-toque-de-queda-y-nuevas-medidas-para-enfrentar-segundo-pico-de-covid-19\/\" \/>\n<meta property=\"og:locale\" content=\"es_ES\" \/>\n<meta property=\"og:type\" content=\"article\" \/>\n<meta property=\"og:title\" content=\"Bogot\u00e1 declara Alerta Roja, toque de queda y nuevas medidas, para enfrentar segundo pico de COVID-19\" \/>\n<meta property=\"og:description\" content=\"\u25cf La Alcald\u00eda Mayor de Bogot\u00e1 y la Secretar\u00eda de Salud declaran alerta roja para la ciudad y para el sistema hospitalario para garantizar disponibilidad y atenci\u00f3n de pacientes en UCI. \u25cf Acatando la&#046;&#046;&#046;\" \/>\n<meta property=\"og:url\" content=\"https:\/\/noti-america.com\/site\/colombia\/2021\/01\/07\/bogota-declara-alerta-roja-toque-de-queda-y-nuevas-medidas-para-enfrentar-segundo-pico-de-covid-19\/\" \/>\n<meta property=\"og:site_name\" content=\"Colombia | Noti-America.com\" \/>\n<meta property=\"article:published_time\" content=\"2021-01-07T22:21:15+00:00\" \/>\n<meta property=\"article:modified_time\" content=\"2021-01-07T22:22:30+00:00\" \/>\n<meta property=\"og:image\" content=\"https:\/\/noti-america.com\/site\/colombia\/wp-content\/uploads\/sites\/20\/2020\/06\/pubInt151797.jpg\" \/>\n\t<meta property=\"og:image:width\" content=\"1100\" \/>\n\t<meta property=\"og:image:height\" content=\"400\" \/>\n\t<meta property=\"og:image:type\" content=\"image\/jpeg\" \/>\n<meta name=\"author\" content=\"Silvia S\u00e1nchez\" \/>\n<meta name=\"twitter:card\" content=\"summary_large_image\" \/>\n<meta name=\"twitter:creator\" content=\"@notiamerica\" \/>\n<meta name=\"twitter:site\" content=\"@notiamerica\" \/>\n<meta name=\"twitter:label1\" content=\"Escrito por\" \/>\n\t<meta name=\"twitter:data1\" content=\"Silvia S\u00e1nchez\" \/>\n\t<meta name=\"twitter:label2\" content=\"Tiempo estimado de lectura\" \/>\n\t<meta name=\"twitter:data2\" content=\"4 minutos\" \/>\n<script type=\"application\/ld+json\" class=\"yoast-schema-graph\">{\"@context\":\"https:\/\/schema.org\",\"@graph\":[{\"@type\":\"Article\",\"@id\":\"https:\/\/noti-america.com\/site\/colombia\/2021\/01\/07\/bogota-declara-alerta-roja-toque-de-queda-y-nuevas-medidas-para-enfrentar-segundo-pico-de-covid-19\/#article\",\"isPartOf\":{\"@id\":\"https:\/\/noti-america.com\/site\/colombia\/2021\/01\/07\/bogota-declara-alerta-roja-toque-de-queda-y-nuevas-medidas-para-enfrentar-segundo-pico-de-covid-19\/\"},\"author\":{\"name\":\"Silvia S\u00e1nchez\",\"@id\":\"https:\/\/noti-america.com\/site\/colombia\/#\/schema\/person\/cbe765ce6466f69388037918684cdbc1\"},\"headline\":\"Bogot\u00e1 declara Alerta Roja, toque de queda y nuevas medidas, para enfrentar segundo pico de COVID-19\",\"datePublished\":\"2021-01-07T22:21:15+00:00\",\"dateModified\":\"2021-01-07T22:22:30+00:00\",\"mainEntityOfPage\":{\"@id\":\"https:\/\/noti-america.com\/site\/colombia\/2021\/01\/07\/bogota-declara-alerta-roja-toque-de-queda-y-nuevas-medidas-para-enfrentar-segundo-pico-de-covid-19\/\"},\"wordCount\":769,\"commentCount\":0,\"image\":{\"@id\":\"https:\/\/noti-america.com\/site\/colombia\/2021\/01\/07\/bogota-declara-alerta-roja-toque-de-queda-y-nuevas-medidas-para-enfrentar-segundo-pico-de-covid-19\/#primaryimage\"},\"thumbnailUrl\":\"https:\/\/noti-america.com\/site\/colombia\/wp-content\/uploads\/sites\/20\/2020\/06\/pubInt151797.jpg\",\"articleSection\":[\"Actualidad\",\"Coronavirus\",\"Noticias\"],\"inLanguage\":\"es\",\"potentialAction\":[{\"@type\":\"CommentAction\",\"name\":\"Comment\",\"target\":[\"https:\/\/noti-america.com\/site\/colombia\/2021\/01\/07\/bogota-declara-alerta-roja-toque-de-queda-y-nuevas-medidas-para-enfrentar-segundo-pico-de-covid-19\/#respond\"]}]},{\"@type\":\"WebPage\",\"@id\":\"https:\/\/noti-america.com\/site\/colombia\/2021\/01\/07\/bogota-declara-alerta-roja-toque-de-queda-y-nuevas-medidas-para-enfrentar-segundo-pico-de-covid-19\/\",\"url\":\"https:\/\/noti-america.com\/site\/colombia\/2021\/01\/07\/bogota-declara-alerta-roja-toque-de-queda-y-nuevas-medidas-para-enfrentar-segundo-pico-de-covid-19\/\",\"name\":\"Bogot\u00e1 declara Alerta Roja, toque de queda y nuevas medidas, para enfrentar segundo pico de COVID-19 - Colombia | Noti-America.com\",\"isPartOf\":{\"@id\":\"https:\/\/noti-america.com\/site\/colombia\/#website\"},\"primaryImageOfPage\":{\"@id\":\"https:\/\/noti-america.com\/site\/colombia\/2021\/01\/07\/bogota-declara-alerta-roja-toque-de-queda-y-nuevas-medidas-para-enfrentar-segundo-pico-de-covid-19\/#primaryimage\"},\"image\":{\"@id\":\"https:\/\/noti-america.com\/site\/colombia\/2021\/01\/07\/bogota-declara-alerta-roja-toque-de-queda-y-nuevas-medidas-para-enfrentar-segundo-pico-de-covid-19\/#primaryimage\"},\"thumbnailUrl\":\"https:\/\/noti-america.com\/site\/colombia\/wp-content\/uploads\/sites\/20\/2020\/06\/pubInt151797.jpg\",\"datePublished\":\"2021-01-07T22:21:15+00:00\",\"dateModified\":\"2021-01-07T22:22:30+00:00\",\"author\":{\"@id\":\"https:\/\/noti-america.com\/site\/colombia\/#\/schema\/person\/cbe765ce6466f69388037918684cdbc1\"},\"breadcrumb\":{\"@id\":\"https:\/\/noti-america.com\/site\/colombia\/2021\/01\/07\/bogota-declara-alerta-roja-toque-de-queda-y-nuevas-medidas-para-enfrentar-segundo-pico-de-covid-19\/#breadcrumb\"},\"inLanguage\":\"es\",\"potentialAction\":[{\"@type\":\"ReadAction\",\"target\":[\"https:\/\/noti-america.com\/site\/colombia\/2021\/01\/07\/bogota-declara-alerta-roja-toque-de-queda-y-nuevas-medidas-para-enfrentar-segundo-pico-de-covid-19\/\"]}]},{\"@type\":\"ImageObject\",\"inLanguage\":\"es\",\"@id\":\"https:\/\/noti-america.com\/site\/colombia\/2021\/01\/07\/bogota-declara-alerta-roja-toque-de-queda-y-nuevas-medidas-para-enfrentar-segundo-pico-de-covid-19\/#primaryimage\",\"url\":\"https:\/\/noti-america.com\/site\/colombia\/wp-content\/uploads\/sites\/20\/2020\/06\/pubInt151797.jpg\",\"contentUrl\":\"https:\/\/noti-america.com\/site\/colombia\/wp-content\/uploads\/sites\/20\/2020\/06\/pubInt151797.jpg\",\"width\":1100,\"height\":400},{\"@type\":\"BreadcrumbList\",\"@id\":\"https:\/\/noti-america.com\/site\/colombia\/2021\/01\/07\/bogota-declara-alerta-roja-toque-de-queda-y-nuevas-medidas-para-enfrentar-segundo-pico-de-covid-19\/#breadcrumb\",\"itemListElement\":[{\"@type\":\"ListItem\",\"position\":1,\"name\":\"Portada\",\"item\":\"https:\/\/noti-america.com\/site\/colombia\/\"},{\"@type\":\"ListItem\",\"position\":2,\"name\":\"Bogot\u00e1 declara Alerta Roja, toque de queda y nuevas medidas, para enfrentar segundo pico de COVID-19\"}]},{\"@type\":\"WebSite\",\"@id\":\"https:\/\/noti-america.com\/site\/colombia\/#website\",\"url\":\"https:\/\/noti-america.com\/site\/colombia\/\",\"name\":\"Colombia | Noti-America.com\",\"description\":\"\",\"potentialAction\":[{\"@type\":\"SearchAction\",\"target\":{\"@type\":\"EntryPoint\",\"urlTemplate\":\"https:\/\/noti-america.com\/site\/colombia\/?s={search_term_string}\"},\"query-input\":{\"@type\":\"PropertyValueSpecification\",\"valueRequired\":true,\"valueName\":\"search_term_string\"}}],\"inLanguage\":\"es\"},{\"@type\":\"Person\",\"@id\":\"https:\/\/noti-america.com\/site\/colombia\/#\/schema\/person\/cbe765ce6466f69388037918684cdbc1\",\"name\":\"Silvia S\u00e1nchez\",\"image\":{\"@type\":\"ImageObject\",\"inLanguage\":\"es\",\"@id\":\"https:\/\/secure.gravatar.com\/avatar\/2287cfc8de78326c0baee5bffce79d09df06b397cb6bd0bce79b2faf6d45aa43?s=96&d=mm&r=g\",\"url\":\"https:\/\/secure.gravatar.com\/avatar\/2287cfc8de78326c0baee5bffce79d09df06b397cb6bd0bce79b2faf6d45aa43?s=96&d=mm&r=g\",\"contentUrl\":\"https:\/\/secure.gravatar.com\/avatar\/2287cfc8de78326c0baee5bffce79d09df06b397cb6bd0bce79b2faf6d45aa43?s=96&d=mm&r=g\",\"caption\":\"Silvia S\u00e1nchez\"},\"url\":\"https:\/\/noti-america.com\/site\/colombia\/author\/ssanchez\/\"}]}<\/script>\n<!-- \/ Yoast SEO Premium plugin. -->","yoast_head_json":{"title":"Bogot\u00e1 declara Alerta Roja, toque de queda y nuevas medidas, para enfrentar segundo pico de COVID-19 - Colombia | Noti-America.com","robots":{"index":"index","follow":"follow","max-snippet":"max-snippet:-1","max-image-preview":"max-image-preview:large","max-video-preview":"max-video-preview:-1"},"canonical":"https:\/\/noti-america.com\/site\/colombia\/2021\/01\/07\/bogota-declara-alerta-roja-toque-de-queda-y-nuevas-medidas-para-enfrentar-segundo-pico-de-covid-19\/","og_locale":"es_ES","og_type":"article","og_title":"Bogot\u00e1 declara Alerta Roja, toque de queda y nuevas medidas, para enfrentar segundo pico de COVID-19","og_description":"\u25cf La Alcald\u00eda Mayor de Bogot\u00e1 y la Secretar\u00eda de Salud declaran alerta roja para la ciudad y para el sistema hospitalario para garantizar disponibilidad y atenci\u00f3n de pacientes en UCI. \u25cf Acatando la&#46;&#46;&#46;","og_url":"https:\/\/noti-america.com\/site\/colombia\/2021\/01\/07\/bogota-declara-alerta-roja-toque-de-queda-y-nuevas-medidas-para-enfrentar-segundo-pico-de-covid-19\/","og_site_name":"Colombia | Noti-America.com","article_published_time":"2021-01-07T22:21:15+00:00","article_modified_time":"2021-01-07T22:22:30+00:00","og_image":[{"width":1100,"height":400,"url":"https:\/\/noti-america.com\/site\/colombia\/wp-content\/uploads\/sites\/20\/2020\/06\/pubInt151797.jpg","type":"image\/jpeg"}],"author":"Silvia S\u00e1nchez","twitter_card":"summary_large_image","twitter_creator":"@notiamerica","twitter_site":"@notiamerica","twitter_misc":{"Escrito por":"Silvia S\u00e1nchez","Tiempo estimado de lectura":"4 minutos"},"schema":{"@context":"https:\/\/schema.org","@graph":[{"@type":"Article","@id":"https:\/\/noti-america.com\/site\/colombia\/2021\/01\/07\/bogota-declara-alerta-roja-toque-de-queda-y-nuevas-medidas-para-enfrentar-segundo-pico-de-covid-19\/#article","isPartOf":{"@id":"https:\/\/noti-america.com\/site\/colombia\/2021\/01\/07\/bogota-declara-alerta-roja-toque-de-queda-y-nuevas-medidas-para-enfrentar-segundo-pico-de-covid-19\/"},"author":{"name":"Silvia S\u00e1nchez","@id":"https:\/\/noti-america.com\/site\/colombia\/#\/schema\/person\/cbe765ce6466f69388037918684cdbc1"},"headline":"Bogot\u00e1 declara Alerta Roja, toque de queda y nuevas medidas, para enfrentar segundo pico de COVID-19","datePublished":"2021-01-07T22:21:15+00:00","dateModified":"2021-01-07T22:22:30+00:00","mainEntityOfPage":{"@id":"https:\/\/noti-america.com\/site\/colombia\/2021\/01\/07\/bogota-declara-alerta-roja-toque-de-queda-y-nuevas-medidas-para-enfrentar-segundo-pico-de-covid-19\/"},"wordCount":769,"commentCount":0,"image":{"@id":"https:\/\/noti-america.com\/site\/colombia\/2021\/01\/07\/bogota-declara-alerta-roja-toque-de-queda-y-nuevas-medidas-para-enfrentar-segundo-pico-de-covid-19\/#primaryimage"},"thumbnailUrl":"https:\/\/noti-america.com\/site\/colombia\/wp-content\/uploads\/sites\/20\/2020\/06\/pubInt151797.jpg","articleSection":["Actualidad","Coronavirus","Noticias"],"inLanguage":"es","potentialAction":[{"@type":"CommentAction","name":"Comment","target":["https:\/\/noti-america.com\/site\/colombia\/2021\/01\/07\/bogota-declara-alerta-roja-toque-de-queda-y-nuevas-medidas-para-enfrentar-segundo-pico-de-covid-19\/#respond"]}]},{"@type":"WebPage","@id":"https:\/\/noti-america.com\/site\/colombia\/2021\/01\/07\/bogota-declara-alerta-roja-toque-de-queda-y-nuevas-medidas-para-enfrentar-segundo-pico-de-covid-19\/","url":"https:\/\/noti-america.com\/site\/colombia\/2021\/01\/07\/bogota-declara-alerta-roja-toque-de-queda-y-nuevas-medidas-para-enfrentar-segundo-pico-de-covid-19\/","name":"Bogot\u00e1 declara Alerta Roja, toque de queda y nuevas medidas, para enfrentar segundo pico de COVID-19 - Colombia | Noti-America.com","isPartOf":{"@id":"https:\/\/noti-america.com\/site\/colombia\/#website"},"primaryImageOfPage":{"@id":"https:\/\/noti-america.com\/site\/colombia\/2021\/01\/07\/bogota-declara-alerta-roja-toque-de-queda-y-nuevas-medidas-para-enfrentar-segundo-pico-de-covid-19\/#primaryimage"},"image":{"@id":"https:\/\/noti-america.com\/site\/colombia\/2021\/01\/07\/bogota-declara-alerta-roja-toque-de-queda-y-nuevas-medidas-para-enfrentar-segundo-pico-de-covid-19\/#primaryimage"},"thumbnailUrl":"https:\/\/noti-america.com\/site\/colombia\/wp-content\/uploads\/sites\/20\/2020\/06\/pubInt151797.jpg","datePublished":"2021-01-07T22:21:15+00:00","dateModified":"2021-01-07T22:22:30+00:00","author":{"@id":"https:\/\/noti-america.com\/site\/colombia\/#\/schema\/person\/cbe765ce6466f69388037918684cdbc1"},"breadcrumb":{"@id":"https:\/\/noti-america.com\/site\/colombia\/2021\/01\/07\/bogota-declara-alerta-roja-toque-de-queda-y-nuevas-medidas-para-enfrentar-segundo-pico-de-covid-19\/#breadcrumb"},"inLanguage":"es","potentialAction":[{"@type":"ReadAction","target":["https:\/\/noti-america.com\/site\/colombia\/2021\/01\/07\/bogota-declara-alerta-roja-toque-de-queda-y-nuevas-medidas-para-enfrentar-segundo-pico-de-covid-19\/"]}]},{"@type":"ImageObject","inLanguage":"es","@id":"https:\/\/noti-america.com\/site\/colombia\/2021\/01\/07\/bogota-declara-alerta-roja-toque-de-queda-y-nuevas-medidas-para-enfrentar-segundo-pico-de-covid-19\/#primaryimage","url":"https:\/\/noti-america.com\/site\/colombia\/wp-content\/uploads\/sites\/20\/2020\/06\/pubInt151797.jpg","contentUrl":"https:\/\/noti-america.com\/site\/colombia\/wp-content\/uploads\/sites\/20\/2020\/06\/pubInt151797.jpg","width":1100,"height":400},{"@type":"BreadcrumbList","@id":"https:\/\/noti-america.com\/site\/colombia\/2021\/01\/07\/bogota-declara-alerta-roja-toque-de-queda-y-nuevas-medidas-para-enfrentar-segundo-pico-de-covid-19\/#breadcrumb","itemListElement":[{"@type":"ListItem","position":1,"name":"Portada","item":"https:\/\/noti-america.com\/site\/colombia\/"},{"@type":"ListItem","position":2,"name":"Bogot\u00e1 declara Alerta Roja, toque de queda y nuevas medidas, para enfrentar segundo pico de COVID-19"}]},{"@type":"WebSite","@id":"https:\/\/noti-america.com\/site\/colombia\/#website","url":"https:\/\/noti-america.com\/site\/colombia\/","name":"Colombia | Noti-America.com","description":"","potentialAction":[{"@type":"SearchAction","target":{"@type":"EntryPoint","urlTemplate":"https:\/\/noti-america.com\/site\/colombia\/?s={search_term_string}"},"query-input":{"@type":"PropertyValueSpecification","valueRequired":true,"valueName":"search_term_string"}}],"inLanguage":"es"},{"@type":"Person","@id":"https:\/\/noti-america.com\/site\/colombia\/#\/schema\/person\/cbe765ce6466f69388037918684cdbc1","name":"Silvia S\u00e1nchez","image":{"@type":"ImageObject","inLanguage":"es","@id":"https:\/\/secure.gravatar.com\/avatar\/2287cfc8de78326c0baee5bffce79d09df06b397cb6bd0bce79b2faf6d45aa43?s=96&d=mm&r=g","url":"https:\/\/secure.gravatar.com\/avatar\/2287cfc8de78326c0baee5bffce79d09df06b397cb6bd0bce79b2faf6d45aa43?s=96&d=mm&r=g","contentUrl":"https:\/\/secure.gravatar.com\/avatar\/2287cfc8de78326c0baee5bffce79d09df06b397cb6bd0bce79b2faf6d45aa43?s=96&d=mm&r=g","caption":"Silvia S\u00e1nchez"},"url":"https:\/\/noti-america.com\/site\/colombia\/author\/ssanchez\/"}]}},"_links":{"self":[{"href":"https:\/\/noti-america.com\/site\/colombia\/wp-json\/wp\/v2\/posts\/6849","targetHints":{"allow":["GET"]}}],"collection":[{"href":"https:\/\/noti-america.com\/site\/colombia\/wp-json\/wp\/v2\/posts"}],"about":[{"href":"https:\/\/noti-america.com\/site\/colombia\/wp-json\/wp\/v2\/types\/post"}],"author":[{"embeddable":true,"href":"https:\/\/noti-america.com\/site\/colombia\/wp-json\/wp\/v2\/users\/85"}],"replies":[{"embeddable":true,"href":"https:\/\/noti-america.com\/site\/colombia\/wp-json\/wp\/v2\/comments?post=6849"}],"version-history":[{"count":1,"href":"https:\/\/noti-america.com\/site\/colombia\/wp-json\/wp\/v2\/posts\/6849\/revisions"}],"predecessor-version":[{"id":6850,"href":"https:\/\/noti-america.com\/site\/colombia\/wp-json\/wp\/v2\/posts\/6849\/revisions\/6850"}],"wp:featuredmedia":[{"embeddable":true,"href":"https:\/\/noti-america.com\/site\/colombia\/wp-json\/wp\/v2\/media\/4692"}],"wp:attachment":[{"href":"https:\/\/noti-america.com\/site\/colombia\/wp-json\/wp\/v2\/media?parent=6849"}],"wp:term":[{"taxonomy":"category","embeddable":true,"href":"https:\/\/noti-america.com\/site\/colombia\/wp-json\/wp\/v2\/categories?post=6849"},{"taxonomy":"post_tag","embeddable":true,"href":"https:\/\/noti-america.com\/site\/colombia\/wp-json\/wp\/v2\/tags?post=6849"}],"curies":[{"name":"wp","href":"https:\/\/api.w.org\/{rel}","templated":true}]}}