{"id":6842,"date":"2021-01-06T19:10:01","date_gmt":"2021-01-06T19:10:01","guid":{"rendered":"https:\/\/noti-america.com\/site\/colombia\/?p=6842"},"modified":"2021-01-06T19:10:40","modified_gmt":"2021-01-06T19:10:40","slug":"polemica-por-vacaciones-de-claudia-lopez","status":"publish","type":"post","link":"https:\/\/noti-america.com\/site\/colombia\/2021\/01\/06\/polemica-por-vacaciones-de-claudia-lopez\/","title":{"rendered":"Pol\u00e9mica por vacaciones de Claudia L\u00f3pez\u00a0"},"content":{"rendered":"<p><img loading=\"lazy\" decoding=\"async\" class=\"size-medium wp-image-6843 aligncenter\" src=\"https:\/\/noti-america.com\/site\/colombia\/wp-content\/uploads\/sites\/20\/2021\/01\/JQXHZR6N6BCTVLMKNCZ7QFURRA-300x134.jpg\" alt=\"\" width=\"300\" height=\"134\" srcset=\"https:\/\/noti-america.com\/site\/colombia\/wp-content\/uploads\/sites\/20\/2021\/01\/JQXHZR6N6BCTVLMKNCZ7QFURRA-300x134.jpg 300w, https:\/\/noti-america.com\/site\/colombia\/wp-content\/uploads\/sites\/20\/2021\/01\/JQXHZR6N6BCTVLMKNCZ7QFURRA.jpg 420w\" sizes=\"auto, (max-width: 300px) 100vw, 300px\" \/><\/p>\n<p style=\"text-align: justify\"><strong><em>La Alcaldesa Mayor de Bogot\u00e1 regres\u00f3 antes de su viaje por Costa Rica<\/em><\/strong><\/p>\n<p style=\"text-align: justify\">Claudia L\u00f3pez adelant\u00f3 sus vacaciones y regres\u00f3 a Bogot\u00e1 para reasumir sus funciones como alcaldesa. La mandataria, quien se tom\u00f3 cinco d\u00edas de vacaciones en Costa Rica, hab\u00eda dejado en su ausencia al secretario de Gobierno, Luis Ernesto G\u00f3mez, como alcalde encargado de la ciudad. El descanso de la alcaldesa estaba previsto hasta el 11 de enero, pero debido a la fuerte pol\u00e9mica que ocasion\u00f3 su ausencia, regres\u00f3 unos d\u00edas antes. Recordemos que la ciudad atraviesa por el segundo pico de la pandemia, y que por ese motivo, durante la ausencia de la mandataria se impuso la cuarentena estricta en tres localidades.<\/p>\n<blockquote class=\"twitter-tweet\" data-width=\"500\" data-dnt=\"true\">\n<p lang=\"es\" dir=\"ltr\">Agradezco a <a href=\"https:\/\/twitter.com\/LuisErnestoGL?ref_src=twsrc%5Etfw\">@LuisErnestoGL<\/a>, <a href=\"https:\/\/twitter.com\/AlejandroGL2014?ref_src=twsrc%5Etfw\">@AlejandroGL2014<\/a> y a todos los equipos de trabajo con quienes hemos estado coordinando las medidas de cuidado en Bogot\u00e1, que reasumo presencialmente desde esta noche.<br \/>Felicitaciones a <a href=\"https:\/\/twitter.com\/BOG_ELDORADO?ref_src=twsrc%5Etfw\">@BOG_ELDORADO<\/a> por la correcta aplicaci\u00f3n de las reglas y protocolos.<\/p>\n<p>&mdash; Claudia L\u00f3pez Hern\u00e1ndez (@ClaudiaLopez) <a href=\"https:\/\/twitter.com\/ClaudiaLopez\/status\/1346638028543037440?ref_src=twsrc%5Etfw\">January 6, 2021<\/a><\/p><\/blockquote>\n<p><script async src=\"https:\/\/platform.twitter.com\/widgets.js\" charset=\"utf-8\"><\/script><\/p>\n<p><span style=\"text-align: justify\">A su regreso, asegur\u00f3 que se le realizaron las respectivas pruebas para poder ingresar al pa\u00eds.\u00a0<\/span><\/p>\n<blockquote class=\"twitter-tweet\" data-width=\"500\" data-dnt=\"true\">\n<p lang=\"es\" dir=\"ltr\">Como corresponde, me hice prueba PCR para salir y regresar. Ambas negativas. Es mi doceava prueba PCR y, a pesar de mi trabajo y exposici\u00f3n, han sido negativas. Cuidarse y cumplir las medidas de tapabocas, lavado, ventilaci\u00f3n y distanciamiento funciona. Sig\u00e1monos cuidando. <a href=\"https:\/\/t.co\/KRVdnKhEzj\">pic.twitter.com\/KRVdnKhEzj<\/a><\/p>\n<p>&mdash; Claudia L\u00f3pez Hern\u00e1ndez (@ClaudiaLopez) <a href=\"https:\/\/twitter.com\/ClaudiaLopez\/status\/1346818760775237632?ref_src=twsrc%5Etfw\">January 6, 2021<\/a><\/p><\/blockquote>\n<p><script async src=\"https:\/\/platform.twitter.com\/widgets.js\" charset=\"utf-8\"><\/script><\/p>\n<p style=\"text-align: justify\">Varias son las voces que han sonado de apoyo y reproche a la alcaldesa. Algunos congresistas han pedido la renuncia de Claudia L\u00f3pez e incluso hoy fue oficializada la primera petici\u00f3n para revocatoria de su mandato.<\/p>\n","protected":false},"excerpt":{"rendered":"<p>La Alcaldesa Mayor de Bogot\u00e1 regres\u00f3 antes de su viaje por Costa Rica Claudia L\u00f3pez adelant\u00f3 sus vacaciones y regres\u00f3 a Bogot\u00e1 para reasumir sus funciones como alcaldesa. La mandataria, quien se tom\u00f3 cinco&#46;&#46;&#46;<\/p>\n","protected":false},"author":85,"featured_media":6843,"comment_status":"open","ping_status":"open","sticky":false,"template":"","format":"standard","meta":{"_acf_changed":false,"om_disable_all_campaigns":false,"rop_custom_images_group":[],"rop_custom_messages_group":[],"rop_publish_now":"initial","rop_publish_now_accounts":{"twitter_242054905_242054905":""},"rop_publish_now_history":[],"rop_publish_now_status":"pending","_uf_show_specific_survey":0,"_uf_disable_surveys":false,"footnotes":""},"categories":[121,40],"tags":[],"class_list":["post-6842","post","type-post","status-publish","format-standard","has-post-thumbnail","hentry","category-actualidad","category-noticias"],"acf":[],"aioseo_notices":[],"yoast_head":"<!-- This site is optimized with the Yoast SEO Premium plugin v24.9 (Yoast SEO v27.2) - https:\/\/yoast.com\/product\/yoast-seo-premium-wordpress\/ -->\n<title>Pol\u00e9mica por vacaciones de Claudia L\u00f3pez\u00a0 - Colombia | Noti-America.com<\/title>\n<meta name=\"robots\" content=\"index, follow, max-snippet:-1, max-image-preview:large, max-video-preview:-1\" \/>\n<link rel=\"canonical\" href=\"https:\/\/noti-america.com\/site\/colombia\/2021\/01\/06\/polemica-por-vacaciones-de-claudia-lopez\/\" \/>\n<meta property=\"og:locale\" content=\"es_ES\" \/>\n<meta property=\"og:type\" content=\"article\" \/>\n<meta property=\"og:title\" content=\"Pol\u00e9mica por vacaciones de Claudia L\u00f3pez\u00a0\" \/>\n<meta property=\"og:description\" content=\"La Alcaldesa Mayor de Bogot\u00e1 regres\u00f3 antes de su viaje por Costa Rica Claudia L\u00f3pez adelant\u00f3 sus vacaciones y regres\u00f3 a Bogot\u00e1 para reasumir sus funciones como alcaldesa. La mandataria, quien se tom\u00f3 cinco&#046;&#046;&#046;\" \/>\n<meta property=\"og:url\" content=\"https:\/\/noti-america.com\/site\/colombia\/2021\/01\/06\/polemica-por-vacaciones-de-claudia-lopez\/\" \/>\n<meta property=\"og:site_name\" content=\"Colombia | Noti-America.com\" \/>\n<meta property=\"article:published_time\" content=\"2021-01-06T19:10:01+00:00\" \/>\n<meta property=\"article:modified_time\" content=\"2021-01-06T19:10:40+00:00\" \/>\n<meta property=\"og:image\" content=\"https:\/\/noti-america.com\/site\/colombia\/wp-content\/uploads\/sites\/20\/2021\/01\/JQXHZR6N6BCTVLMKNCZ7QFURRA.jpg\" \/>\n\t<meta property=\"og:image:width\" content=\"420\" \/>\n\t<meta property=\"og:image:height\" content=\"187\" \/>\n\t<meta property=\"og:image:type\" content=\"image\/jpeg\" \/>\n<meta name=\"author\" content=\"Silvia S\u00e1nchez\" \/>\n<meta name=\"twitter:card\" content=\"summary_large_image\" \/>\n<meta name=\"twitter:creator\" content=\"@notiamerica\" \/>\n<meta name=\"twitter:site\" content=\"@notiamerica\" \/>\n<meta name=\"twitter:label1\" content=\"Escrito por\" \/>\n\t<meta name=\"twitter:data1\" content=\"Silvia S\u00e1nchez\" \/>\n\t<meta name=\"twitter:label2\" content=\"Tiempo estimado de lectura\" \/>\n\t<meta name=\"twitter:data2\" content=\"1 minuto\" \/>\n<script type=\"application\/ld+json\" class=\"yoast-schema-graph\">{\"@context\":\"https:\/\/schema.org\",\"@graph\":[{\"@type\":\"Article\",\"@id\":\"https:\/\/noti-america.com\/site\/colombia\/2021\/01\/06\/polemica-por-vacaciones-de-claudia-lopez\/#article\",\"isPartOf\":{\"@id\":\"https:\/\/noti-america.com\/site\/colombia\/2021\/01\/06\/polemica-por-vacaciones-de-claudia-lopez\/\"},\"author\":{\"name\":\"Silvia S\u00e1nchez\",\"@id\":\"https:\/\/noti-america.com\/site\/colombia\/#\/schema\/person\/cbe765ce6466f69388037918684cdbc1\"},\"headline\":\"Pol\u00e9mica por vacaciones de Claudia L\u00f3pez\u00a0\",\"datePublished\":\"2021-01-06T19:10:01+00:00\",\"dateModified\":\"2021-01-06T19:10:40+00:00\",\"mainEntityOfPage\":{\"@id\":\"https:\/\/noti-america.com\/site\/colombia\/2021\/01\/06\/polemica-por-vacaciones-de-claudia-lopez\/\"},\"wordCount\":195,\"commentCount\":0,\"image\":{\"@id\":\"https:\/\/noti-america.com\/site\/colombia\/2021\/01\/06\/polemica-por-vacaciones-de-claudia-lopez\/#primaryimage\"},\"thumbnailUrl\":\"https:\/\/noti-america.com\/site\/colombia\/wp-content\/uploads\/sites\/20\/2021\/01\/JQXHZR6N6BCTVLMKNCZ7QFURRA.jpg\",\"articleSection\":[\"Actualidad\",\"Noticias\"],\"inLanguage\":\"es\",\"potentialAction\":[{\"@type\":\"CommentAction\",\"name\":\"Comment\",\"target\":[\"https:\/\/noti-america.com\/site\/colombia\/2021\/01\/06\/polemica-por-vacaciones-de-claudia-lopez\/#respond\"]}]},{\"@type\":\"WebPage\",\"@id\":\"https:\/\/noti-america.com\/site\/colombia\/2021\/01\/06\/polemica-por-vacaciones-de-claudia-lopez\/\",\"url\":\"https:\/\/noti-america.com\/site\/colombia\/2021\/01\/06\/polemica-por-vacaciones-de-claudia-lopez\/\",\"name\":\"Pol\u00e9mica por vacaciones de Claudia L\u00f3pez\u00a0 - Colombia | Noti-America.com\",\"isPartOf\":{\"@id\":\"https:\/\/noti-america.com\/site\/colombia\/#website\"},\"primaryImageOfPage\":{\"@id\":\"https:\/\/noti-america.com\/site\/colombia\/2021\/01\/06\/polemica-por-vacaciones-de-claudia-lopez\/#primaryimage\"},\"image\":{\"@id\":\"https:\/\/noti-america.com\/site\/colombia\/2021\/01\/06\/polemica-por-vacaciones-de-claudia-lopez\/#primaryimage\"},\"thumbnailUrl\":\"https:\/\/noti-america.com\/site\/colombia\/wp-content\/uploads\/sites\/20\/2021\/01\/JQXHZR6N6BCTVLMKNCZ7QFURRA.jpg\",\"datePublished\":\"2021-01-06T19:10:01+00:00\",\"dateModified\":\"2021-01-06T19:10:40+00:00\",\"author\":{\"@id\":\"https:\/\/noti-america.com\/site\/colombia\/#\/schema\/person\/cbe765ce6466f69388037918684cdbc1\"},\"breadcrumb\":{\"@id\":\"https:\/\/noti-america.com\/site\/colombia\/2021\/01\/06\/polemica-por-vacaciones-de-claudia-lopez\/#breadcrumb\"},\"inLanguage\":\"es\",\"potentialAction\":[{\"@type\":\"ReadAction\",\"target\":[\"https:\/\/noti-america.com\/site\/colombia\/2021\/01\/06\/polemica-por-vacaciones-de-claudia-lopez\/\"]}]},{\"@type\":\"ImageObject\",\"inLanguage\":\"es\",\"@id\":\"https:\/\/noti-america.com\/site\/colombia\/2021\/01\/06\/polemica-por-vacaciones-de-claudia-lopez\/#primaryimage\",\"url\":\"https:\/\/noti-america.com\/site\/colombia\/wp-content\/uploads\/sites\/20\/2021\/01\/JQXHZR6N6BCTVLMKNCZ7QFURRA.jpg\",\"contentUrl\":\"https:\/\/noti-america.com\/site\/colombia\/wp-content\/uploads\/sites\/20\/2021\/01\/JQXHZR6N6BCTVLMKNCZ7QFURRA.jpg\",\"width\":420,\"height\":187},{\"@type\":\"BreadcrumbList\",\"@id\":\"https:\/\/noti-america.com\/site\/colombia\/2021\/01\/06\/polemica-por-vacaciones-de-claudia-lopez\/#breadcrumb\",\"itemListElement\":[{\"@type\":\"ListItem\",\"position\":1,\"name\":\"Portada\",\"item\":\"https:\/\/noti-america.com\/site\/colombia\/\"},{\"@type\":\"ListItem\",\"position\":2,\"name\":\"Pol\u00e9mica por vacaciones de Claudia L\u00f3pez\u00a0\"}]},{\"@type\":\"WebSite\",\"@id\":\"https:\/\/noti-america.com\/site\/colombia\/#website\",\"url\":\"https:\/\/noti-america.com\/site\/colombia\/\",\"name\":\"Colombia | Noti-America.com\",\"description\":\"\",\"potentialAction\":[{\"@type\":\"SearchAction\",\"target\":{\"@type\":\"EntryPoint\",\"urlTemplate\":\"https:\/\/noti-america.com\/site\/colombia\/?s={search_term_string}\"},\"query-input\":{\"@type\":\"PropertyValueSpecification\",\"valueRequired\":true,\"valueName\":\"search_term_string\"}}],\"inLanguage\":\"es\"},{\"@type\":\"Person\",\"@id\":\"https:\/\/noti-america.com\/site\/colombia\/#\/schema\/person\/cbe765ce6466f69388037918684cdbc1\",\"name\":\"Silvia S\u00e1nchez\",\"image\":{\"@type\":\"ImageObject\",\"inLanguage\":\"es\",\"@id\":\"https:\/\/secure.gravatar.com\/avatar\/2287cfc8de78326c0baee5bffce79d09df06b397cb6bd0bce79b2faf6d45aa43?s=96&d=mm&r=g\",\"url\":\"https:\/\/secure.gravatar.com\/avatar\/2287cfc8de78326c0baee5bffce79d09df06b397cb6bd0bce79b2faf6d45aa43?s=96&d=mm&r=g\",\"contentUrl\":\"https:\/\/secure.gravatar.com\/avatar\/2287cfc8de78326c0baee5bffce79d09df06b397cb6bd0bce79b2faf6d45aa43?s=96&d=mm&r=g\",\"caption\":\"Silvia S\u00e1nchez\"},\"url\":\"https:\/\/noti-america.com\/site\/colombia\/author\/ssanchez\/\"}]}<\/script>\n<!-- \/ Yoast SEO Premium plugin. -->","yoast_head_json":{"title":"Pol\u00e9mica por vacaciones de Claudia L\u00f3pez\u00a0 - Colombia | Noti-America.com","robots":{"index":"index","follow":"follow","max-snippet":"max-snippet:-1","max-image-preview":"max-image-preview:large","max-video-preview":"max-video-preview:-1"},"canonical":"https:\/\/noti-america.com\/site\/colombia\/2021\/01\/06\/polemica-por-vacaciones-de-claudia-lopez\/","og_locale":"es_ES","og_type":"article","og_title":"Pol\u00e9mica por vacaciones de Claudia L\u00f3pez\u00a0","og_description":"La Alcaldesa Mayor de Bogot\u00e1 regres\u00f3 antes de su viaje por Costa Rica Claudia L\u00f3pez adelant\u00f3 sus vacaciones y regres\u00f3 a Bogot\u00e1 para reasumir sus funciones como alcaldesa. La mandataria, quien se tom\u00f3 cinco&#46;&#46;&#46;","og_url":"https:\/\/noti-america.com\/site\/colombia\/2021\/01\/06\/polemica-por-vacaciones-de-claudia-lopez\/","og_site_name":"Colombia | Noti-America.com","article_published_time":"2021-01-06T19:10:01+00:00","article_modified_time":"2021-01-06T19:10:40+00:00","og_image":[{"width":420,"height":187,"url":"https:\/\/noti-america.com\/site\/colombia\/wp-content\/uploads\/sites\/20\/2021\/01\/JQXHZR6N6BCTVLMKNCZ7QFURRA.jpg","type":"image\/jpeg"}],"author":"Silvia S\u00e1nchez","twitter_card":"summary_large_image","twitter_creator":"@notiamerica","twitter_site":"@notiamerica","twitter_misc":{"Escrito por":"Silvia S\u00e1nchez","Tiempo estimado de lectura":"1 minuto"},"schema":{"@context":"https:\/\/schema.org","@graph":[{"@type":"Article","@id":"https:\/\/noti-america.com\/site\/colombia\/2021\/01\/06\/polemica-por-vacaciones-de-claudia-lopez\/#article","isPartOf":{"@id":"https:\/\/noti-america.com\/site\/colombia\/2021\/01\/06\/polemica-por-vacaciones-de-claudia-lopez\/"},"author":{"name":"Silvia S\u00e1nchez","@id":"https:\/\/noti-america.com\/site\/colombia\/#\/schema\/person\/cbe765ce6466f69388037918684cdbc1"},"headline":"Pol\u00e9mica por vacaciones de Claudia L\u00f3pez\u00a0","datePublished":"2021-01-06T19:10:01+00:00","dateModified":"2021-01-06T19:10:40+00:00","mainEntityOfPage":{"@id":"https:\/\/noti-america.com\/site\/colombia\/2021\/01\/06\/polemica-por-vacaciones-de-claudia-lopez\/"},"wordCount":195,"commentCount":0,"image":{"@id":"https:\/\/noti-america.com\/site\/colombia\/2021\/01\/06\/polemica-por-vacaciones-de-claudia-lopez\/#primaryimage"},"thumbnailUrl":"https:\/\/noti-america.com\/site\/colombia\/wp-content\/uploads\/sites\/20\/2021\/01\/JQXHZR6N6BCTVLMKNCZ7QFURRA.jpg","articleSection":["Actualidad","Noticias"],"inLanguage":"es","potentialAction":[{"@type":"CommentAction","name":"Comment","target":["https:\/\/noti-america.com\/site\/colombia\/2021\/01\/06\/polemica-por-vacaciones-de-claudia-lopez\/#respond"]}]},{"@type":"WebPage","@id":"https:\/\/noti-america.com\/site\/colombia\/2021\/01\/06\/polemica-por-vacaciones-de-claudia-lopez\/","url":"https:\/\/noti-america.com\/site\/colombia\/2021\/01\/06\/polemica-por-vacaciones-de-claudia-lopez\/","name":"Pol\u00e9mica por vacaciones de Claudia L\u00f3pez\u00a0 - Colombia | Noti-America.com","isPartOf":{"@id":"https:\/\/noti-america.com\/site\/colombia\/#website"},"primaryImageOfPage":{"@id":"https:\/\/noti-america.com\/site\/colombia\/2021\/01\/06\/polemica-por-vacaciones-de-claudia-lopez\/#primaryimage"},"image":{"@id":"https:\/\/noti-america.com\/site\/colombia\/2021\/01\/06\/polemica-por-vacaciones-de-claudia-lopez\/#primaryimage"},"thumbnailUrl":"https:\/\/noti-america.com\/site\/colombia\/wp-content\/uploads\/sites\/20\/2021\/01\/JQXHZR6N6BCTVLMKNCZ7QFURRA.jpg","datePublished":"2021-01-06T19:10:01+00:00","dateModified":"2021-01-06T19:10:40+00:00","author":{"@id":"https:\/\/noti-america.com\/site\/colombia\/#\/schema\/person\/cbe765ce6466f69388037918684cdbc1"},"breadcrumb":{"@id":"https:\/\/noti-america.com\/site\/colombia\/2021\/01\/06\/polemica-por-vacaciones-de-claudia-lopez\/#breadcrumb"},"inLanguage":"es","potentialAction":[{"@type":"ReadAction","target":["https:\/\/noti-america.com\/site\/colombia\/2021\/01\/06\/polemica-por-vacaciones-de-claudia-lopez\/"]}]},{"@type":"ImageObject","inLanguage":"es","@id":"https:\/\/noti-america.com\/site\/colombia\/2021\/01\/06\/polemica-por-vacaciones-de-claudia-lopez\/#primaryimage","url":"https:\/\/noti-america.com\/site\/colombia\/wp-content\/uploads\/sites\/20\/2021\/01\/JQXHZR6N6BCTVLMKNCZ7QFURRA.jpg","contentUrl":"https:\/\/noti-america.com\/site\/colombia\/wp-content\/uploads\/sites\/20\/2021\/01\/JQXHZR6N6BCTVLMKNCZ7QFURRA.jpg","width":420,"height":187},{"@type":"BreadcrumbList","@id":"https:\/\/noti-america.com\/site\/colombia\/2021\/01\/06\/polemica-por-vacaciones-de-claudia-lopez\/#breadcrumb","itemListElement":[{"@type":"ListItem","position":1,"name":"Portada","item":"https:\/\/noti-america.com\/site\/colombia\/"},{"@type":"ListItem","position":2,"name":"Pol\u00e9mica por vacaciones de Claudia L\u00f3pez\u00a0"}]},{"@type":"WebSite","@id":"https:\/\/noti-america.com\/site\/colombia\/#website","url":"https:\/\/noti-america.com\/site\/colombia\/","name":"Colombia | Noti-America.com","description":"","potentialAction":[{"@type":"SearchAction","target":{"@type":"EntryPoint","urlTemplate":"https:\/\/noti-america.com\/site\/colombia\/?s={search_term_string}"},"query-input":{"@type":"PropertyValueSpecification","valueRequired":true,"valueName":"search_term_string"}}],"inLanguage":"es"},{"@type":"Person","@id":"https:\/\/noti-america.com\/site\/colombia\/#\/schema\/person\/cbe765ce6466f69388037918684cdbc1","name":"Silvia S\u00e1nchez","image":{"@type":"ImageObject","inLanguage":"es","@id":"https:\/\/secure.gravatar.com\/avatar\/2287cfc8de78326c0baee5bffce79d09df06b397cb6bd0bce79b2faf6d45aa43?s=96&d=mm&r=g","url":"https:\/\/secure.gravatar.com\/avatar\/2287cfc8de78326c0baee5bffce79d09df06b397cb6bd0bce79b2faf6d45aa43?s=96&d=mm&r=g","contentUrl":"https:\/\/secure.gravatar.com\/avatar\/2287cfc8de78326c0baee5bffce79d09df06b397cb6bd0bce79b2faf6d45aa43?s=96&d=mm&r=g","caption":"Silvia S\u00e1nchez"},"url":"https:\/\/noti-america.com\/site\/colombia\/author\/ssanchez\/"}]}},"_links":{"self":[{"href":"https:\/\/noti-america.com\/site\/colombia\/wp-json\/wp\/v2\/posts\/6842","targetHints":{"allow":["GET"]}}],"collection":[{"href":"https:\/\/noti-america.com\/site\/colombia\/wp-json\/wp\/v2\/posts"}],"about":[{"href":"https:\/\/noti-america.com\/site\/colombia\/wp-json\/wp\/v2\/types\/post"}],"author":[{"embeddable":true,"href":"https:\/\/noti-america.com\/site\/colombia\/wp-json\/wp\/v2\/users\/85"}],"replies":[{"embeddable":true,"href":"https:\/\/noti-america.com\/site\/colombia\/wp-json\/wp\/v2\/comments?post=6842"}],"version-history":[{"count":1,"href":"https:\/\/noti-america.com\/site\/colombia\/wp-json\/wp\/v2\/posts\/6842\/revisions"}],"predecessor-version":[{"id":6844,"href":"https:\/\/noti-america.com\/site\/colombia\/wp-json\/wp\/v2\/posts\/6842\/revisions\/6844"}],"wp:featuredmedia":[{"embeddable":true,"href":"https:\/\/noti-america.com\/site\/colombia\/wp-json\/wp\/v2\/media\/6843"}],"wp:attachment":[{"href":"https:\/\/noti-america.com\/site\/colombia\/wp-json\/wp\/v2\/media?parent=6842"}],"wp:term":[{"taxonomy":"category","embeddable":true,"href":"https:\/\/noti-america.com\/site\/colombia\/wp-json\/wp\/v2\/categories?post=6842"},{"taxonomy":"post_tag","embeddable":true,"href":"https:\/\/noti-america.com\/site\/colombia\/wp-json\/wp\/v2\/tags?post=6842"}],"curies":[{"name":"wp","href":"https:\/\/api.w.org\/{rel}","templated":true}]}}