{"id":6366,"date":"2020-10-29T08:59:00","date_gmt":"2020-10-29T08:59:00","guid":{"rendered":"https:\/\/noti-america.com\/site\/colombia\/?p=6366"},"modified":"2020-10-29T08:59:00","modified_gmt":"2020-10-29T08:59:00","slug":"hombre-de-85-anos-muere-tras-incendio-en-la-clinica-san-rafael-en-bogota","status":"publish","type":"post","link":"https:\/\/noti-america.com\/site\/colombia\/2020\/10\/29\/hombre-de-85-anos-muere-tras-incendio-en-la-clinica-san-rafael-en-bogota\/","title":{"rendered":"Hombre de 85 a\u00f1os muere tras incendio en la Cl\u00ednica San Rafael en Bogot\u00e1"},"content":{"rendered":"<p style=\"text-align: justify\"><img loading=\"lazy\" decoding=\"async\" class=\"size-medium wp-image-6367 aligncenter\" src=\"https:\/\/noti-america.com\/site\/colombia\/wp-content\/uploads\/sites\/20\/2020\/10\/1603730075_266534_1603730214_noticia_normal-300x174.jpg\" alt=\"\" width=\"300\" height=\"174\" srcset=\"https:\/\/noti-america.com\/site\/colombia\/wp-content\/uploads\/sites\/20\/2020\/10\/1603730075_266534_1603730214_noticia_normal-300x174.jpg 300w, https:\/\/noti-america.com\/site\/colombia\/wp-content\/uploads\/sites\/20\/2020\/10\/1603730075_266534_1603730214_noticia_normal-1024x593.jpg 1024w, https:\/\/noti-america.com\/site\/colombia\/wp-content\/uploads\/sites\/20\/2020\/10\/1603730075_266534_1603730214_noticia_normal-768x444.jpg 768w, https:\/\/noti-america.com\/site\/colombia\/wp-content\/uploads\/sites\/20\/2020\/10\/1603730075_266534_1603730214_noticia_normal.jpg 1080w\" sizes=\"auto, (max-width: 300px) 100vw, 300px\" \/><br \/>\n<em>La familia pide una explicaci\u00f3n, porque aseguran que despu\u00e9s del incendio no fueron notificados por parte de la cl\u00ednica de la gravedad de las heridas de su padre.<\/em><\/p>\n<p style=\"text-align: justify\">Luz Dary Fajardo hija de Eliades Nancianeno Fajardo, hombre de 85 a\u00f1os de edad que perdi\u00f3 la vida a causa de un incendio en la Cl\u00ednica San Rafael, asegura que todo comenz\u00f3 el d\u00eda martes 20 de octubre, cuando tuvieron que internar a su padre en el centro m\u00e9dico por haber presentado dolores fuerte de cabeza y fiebre alta. Despu\u00e9s de realizarle el examen para determinar las causas de su malestar, detectaron que el se\u00f1or Eliades era positivo por Covid-19, por lo que los galenos de la instituci\u00f3n decidieron dejarlo hospitalizado para tratar el virus.<\/p>\n<p style=\"text-align: justify\">Pasados dos d\u00edas, seg\u00fan versi\u00f3n del familiar, su mejor\u00eda hab\u00eda sido exitosa y esperaban que el viernes le dieran de alta pasa seguir su tratamiento contra el Coronavirus en las comodidades de su hogar, pero todo esto cambio cuando en las horas de la tarde del d\u00eda jueves, la tragedia lleg\u00f3 a la cl\u00ednica donde Eliades Nancianeno se encontraba hospitalizado; las llamas causadas por un incendio le provocaron quemaduras en el 50% de su cuerpo y tuvo que ser trasladado al Hospital Sim\u00f3n Bol\u00edvar, centro m\u00e9dico especializado en el manejo de quemados, donde despu\u00e9s de haber estado dos d\u00edas en la Unidad de Cuidados Intensivos, perdi\u00f3 la batalla a la 1:45 de la tarde del d\u00eda s\u00e1bado, por los fuertes traumas causados por las quemaduras.<\/p>\n<p style=\"text-align: justify\">\u201cLlaman a mi hermana y le dicen que se hab\u00eda presentado un conato de incendio y que hab\u00eda sido m\u00e1s fuerte en la habitaci\u00f3n donde se encontraba mi padre y que \u00e9l estaba muy grave\u201d, afirma Luz Dary, que esa fue la \u00fanica informaci\u00f3n que les dieron y que su progenitor deber\u00eda ser trasladado al Hospital Sim\u00f3n Bol\u00edvar, pero asegura, que el parte m\u00e9dico nunca se los dieron a conocer y se enteraron del verdadero estado de salud de su padre dos d\u00edas despu\u00e9s cuando ya se encontraba en la UCI del Hospital Sim\u00f3n Bol\u00edvar.<\/p>\n<p style=\"text-align: justify\">Por su parte, la Cl\u00ednica San Rafael, en un comunicado expuesto en su p\u00e1gina de internet, informaron: \u201cSe present\u00f3 un conato de incendio en una de sus habitaciones, que fue inmediatamente controlado por los bomberos, y que un paciente de cerca de 90 a\u00f1os hospitalizado por COVID-19 que estaba en la habitaci\u00f3n donde se origin\u00f3 el conato de incendio, fue transferido a una unidad de cuidados intensivos para su tratamiento\u201d, en ninguna parte del comunicado exponen el estado de salud de los afectados en el incendio.<\/p>\n<p style=\"text-align: justify\">Los bomberos que atendieron los hechos informaron que, evaluando el sitio y el comportamiento del fuego en el lugar, se llega a la conclusi\u00f3n de que la conflagraci\u00f3n fue provocada por un encendedor.<\/p>\n<p style=\"text-align: justify\">La familia exige a la Cl\u00ednica San Rafael que le brinde toda la informaci\u00f3n y aclaren los hechos, ya que argumentan que nunca fueron informados con precisi\u00f3n y veracidad sobre el estado de salud de su padre y las causas que originaron su muerte.<\/p>\n","protected":false},"excerpt":{"rendered":"<p>La familia pide una explicaci\u00f3n, porque aseguran que despu\u00e9s del incendio no fueron notificados por parte de la cl\u00ednica de la gravedad de las heridas de su padre. Luz Dary Fajardo hija de Eliades&#46;&#46;&#46;<\/p>\n","protected":false},"author":84,"featured_media":6367,"comment_status":"open","ping_status":"open","sticky":false,"template":"","format":"standard","meta":{"_acf_changed":false,"om_disable_all_campaigns":false,"rop_custom_images_group":[],"rop_custom_messages_group":[],"rop_publish_now":"initial","rop_publish_now_accounts":{"twitter_242054905_242054905":""},"rop_publish_now_history":[],"rop_publish_now_status":"pending","_uf_show_specific_survey":0,"_uf_disable_surveys":false,"footnotes":""},"categories":[40],"tags":[],"class_list":["post-6366","post","type-post","status-publish","format-standard","has-post-thumbnail","hentry","category-noticias"],"acf":[],"aioseo_notices":[],"yoast_head":"<!-- This site is optimized with the Yoast SEO Premium plugin v24.9 (Yoast SEO v27.2) - https:\/\/yoast.com\/product\/yoast-seo-premium-wordpress\/ -->\n<title>Hombre de 85 a\u00f1os muere tras incendio en la Cl\u00ednica San Rafael en Bogot\u00e1 - Colombia | Noti-America.com<\/title>\n<meta name=\"robots\" content=\"index, follow, max-snippet:-1, max-image-preview:large, max-video-preview:-1\" \/>\n<link rel=\"canonical\" href=\"https:\/\/noti-america.com\/site\/colombia\/2020\/10\/29\/hombre-de-85-anos-muere-tras-incendio-en-la-clinica-san-rafael-en-bogota\/\" \/>\n<meta property=\"og:locale\" content=\"es_ES\" \/>\n<meta property=\"og:type\" content=\"article\" \/>\n<meta property=\"og:title\" content=\"Hombre de 85 a\u00f1os muere tras incendio en la Cl\u00ednica San Rafael en Bogot\u00e1\" \/>\n<meta property=\"og:description\" content=\"La familia pide una explicaci\u00f3n, porque aseguran que despu\u00e9s del incendio no fueron notificados por parte de la cl\u00ednica de la gravedad de las heridas de su padre. Luz Dary Fajardo hija de Eliades&#046;&#046;&#046;\" \/>\n<meta property=\"og:url\" content=\"https:\/\/noti-america.com\/site\/colombia\/2020\/10\/29\/hombre-de-85-anos-muere-tras-incendio-en-la-clinica-san-rafael-en-bogota\/\" \/>\n<meta property=\"og:site_name\" content=\"Colombia | Noti-America.com\" \/>\n<meta property=\"article:published_time\" content=\"2020-10-29T08:59:00+00:00\" \/>\n<meta property=\"og:image\" content=\"https:\/\/noti-america.com\/site\/colombia\/wp-content\/uploads\/sites\/20\/2020\/10\/1603730075_266534_1603730214_noticia_normal.jpg\" \/>\n\t<meta property=\"og:image:width\" content=\"1080\" \/>\n\t<meta property=\"og:image:height\" content=\"625\" \/>\n\t<meta property=\"og:image:type\" content=\"image\/jpeg\" \/>\n<meta name=\"author\" content=\"Julian Ortiz\" \/>\n<meta name=\"twitter:card\" content=\"summary_large_image\" \/>\n<meta name=\"twitter:creator\" content=\"@notiamerica\" \/>\n<meta name=\"twitter:site\" content=\"@notiamerica\" \/>\n<meta name=\"twitter:label1\" content=\"Escrito por\" \/>\n\t<meta name=\"twitter:data1\" content=\"Julian Ortiz\" \/>\n\t<meta name=\"twitter:label2\" content=\"Tiempo estimado de lectura\" \/>\n\t<meta name=\"twitter:data2\" content=\"3 minutos\" \/>\n<script type=\"application\/ld+json\" class=\"yoast-schema-graph\">{\"@context\":\"https:\/\/schema.org\",\"@graph\":[{\"@type\":\"Article\",\"@id\":\"https:\/\/noti-america.com\/site\/colombia\/2020\/10\/29\/hombre-de-85-anos-muere-tras-incendio-en-la-clinica-san-rafael-en-bogota\/#article\",\"isPartOf\":{\"@id\":\"https:\/\/noti-america.com\/site\/colombia\/2020\/10\/29\/hombre-de-85-anos-muere-tras-incendio-en-la-clinica-san-rafael-en-bogota\/\"},\"author\":{\"name\":\"Julian Ortiz\",\"@id\":\"https:\/\/noti-america.com\/site\/colombia\/#\/schema\/person\/eb01881981abf1d02e3bc14527a88e8f\"},\"headline\":\"Hombre de 85 a\u00f1os muere tras incendio en la Cl\u00ednica San Rafael en Bogot\u00e1\",\"datePublished\":\"2020-10-29T08:59:00+00:00\",\"mainEntityOfPage\":{\"@id\":\"https:\/\/noti-america.com\/site\/colombia\/2020\/10\/29\/hombre-de-85-anos-muere-tras-incendio-en-la-clinica-san-rafael-en-bogota\/\"},\"wordCount\":562,\"commentCount\":0,\"image\":{\"@id\":\"https:\/\/noti-america.com\/site\/colombia\/2020\/10\/29\/hombre-de-85-anos-muere-tras-incendio-en-la-clinica-san-rafael-en-bogota\/#primaryimage\"},\"thumbnailUrl\":\"https:\/\/noti-america.com\/site\/colombia\/wp-content\/uploads\/sites\/20\/2020\/10\/1603730075_266534_1603730214_noticia_normal.jpg\",\"articleSection\":[\"Noticias\"],\"inLanguage\":\"es\",\"potentialAction\":[{\"@type\":\"CommentAction\",\"name\":\"Comment\",\"target\":[\"https:\/\/noti-america.com\/site\/colombia\/2020\/10\/29\/hombre-de-85-anos-muere-tras-incendio-en-la-clinica-san-rafael-en-bogota\/#respond\"]}]},{\"@type\":\"WebPage\",\"@id\":\"https:\/\/noti-america.com\/site\/colombia\/2020\/10\/29\/hombre-de-85-anos-muere-tras-incendio-en-la-clinica-san-rafael-en-bogota\/\",\"url\":\"https:\/\/noti-america.com\/site\/colombia\/2020\/10\/29\/hombre-de-85-anos-muere-tras-incendio-en-la-clinica-san-rafael-en-bogota\/\",\"name\":\"Hombre de 85 a\u00f1os muere tras incendio en la Cl\u00ednica San Rafael en Bogot\u00e1 - Colombia | Noti-America.com\",\"isPartOf\":{\"@id\":\"https:\/\/noti-america.com\/site\/colombia\/#website\"},\"primaryImageOfPage\":{\"@id\":\"https:\/\/noti-america.com\/site\/colombia\/2020\/10\/29\/hombre-de-85-anos-muere-tras-incendio-en-la-clinica-san-rafael-en-bogota\/#primaryimage\"},\"image\":{\"@id\":\"https:\/\/noti-america.com\/site\/colombia\/2020\/10\/29\/hombre-de-85-anos-muere-tras-incendio-en-la-clinica-san-rafael-en-bogota\/#primaryimage\"},\"thumbnailUrl\":\"https:\/\/noti-america.com\/site\/colombia\/wp-content\/uploads\/sites\/20\/2020\/10\/1603730075_266534_1603730214_noticia_normal.jpg\",\"datePublished\":\"2020-10-29T08:59:00+00:00\",\"author\":{\"@id\":\"https:\/\/noti-america.com\/site\/colombia\/#\/schema\/person\/eb01881981abf1d02e3bc14527a88e8f\"},\"breadcrumb\":{\"@id\":\"https:\/\/noti-america.com\/site\/colombia\/2020\/10\/29\/hombre-de-85-anos-muere-tras-incendio-en-la-clinica-san-rafael-en-bogota\/#breadcrumb\"},\"inLanguage\":\"es\",\"potentialAction\":[{\"@type\":\"ReadAction\",\"target\":[\"https:\/\/noti-america.com\/site\/colombia\/2020\/10\/29\/hombre-de-85-anos-muere-tras-incendio-en-la-clinica-san-rafael-en-bogota\/\"]}]},{\"@type\":\"ImageObject\",\"inLanguage\":\"es\",\"@id\":\"https:\/\/noti-america.com\/site\/colombia\/2020\/10\/29\/hombre-de-85-anos-muere-tras-incendio-en-la-clinica-san-rafael-en-bogota\/#primaryimage\",\"url\":\"https:\/\/noti-america.com\/site\/colombia\/wp-content\/uploads\/sites\/20\/2020\/10\/1603730075_266534_1603730214_noticia_normal.jpg\",\"contentUrl\":\"https:\/\/noti-america.com\/site\/colombia\/wp-content\/uploads\/sites\/20\/2020\/10\/1603730075_266534_1603730214_noticia_normal.jpg\",\"width\":1080,\"height\":625},{\"@type\":\"BreadcrumbList\",\"@id\":\"https:\/\/noti-america.com\/site\/colombia\/2020\/10\/29\/hombre-de-85-anos-muere-tras-incendio-en-la-clinica-san-rafael-en-bogota\/#breadcrumb\",\"itemListElement\":[{\"@type\":\"ListItem\",\"position\":1,\"name\":\"Portada\",\"item\":\"https:\/\/noti-america.com\/site\/colombia\/\"},{\"@type\":\"ListItem\",\"position\":2,\"name\":\"Hombre de 85 a\u00f1os muere tras incendio en la Cl\u00ednica San Rafael en Bogot\u00e1\"}]},{\"@type\":\"WebSite\",\"@id\":\"https:\/\/noti-america.com\/site\/colombia\/#website\",\"url\":\"https:\/\/noti-america.com\/site\/colombia\/\",\"name\":\"Colombia | Noti-America.com\",\"description\":\"\",\"potentialAction\":[{\"@type\":\"SearchAction\",\"target\":{\"@type\":\"EntryPoint\",\"urlTemplate\":\"https:\/\/noti-america.com\/site\/colombia\/?s={search_term_string}\"},\"query-input\":{\"@type\":\"PropertyValueSpecification\",\"valueRequired\":true,\"valueName\":\"search_term_string\"}}],\"inLanguage\":\"es\"},{\"@type\":\"Person\",\"@id\":\"https:\/\/noti-america.com\/site\/colombia\/#\/schema\/person\/eb01881981abf1d02e3bc14527a88e8f\",\"name\":\"Julian Ortiz\",\"image\":{\"@type\":\"ImageObject\",\"inLanguage\":\"es\",\"@id\":\"https:\/\/secure.gravatar.com\/avatar\/538f67c8e966ab4c39ad15913dfecfa3902d52730c1c7194ed5a337bf2268d69?s=96&d=mm&r=g\",\"url\":\"https:\/\/secure.gravatar.com\/avatar\/538f67c8e966ab4c39ad15913dfecfa3902d52730c1c7194ed5a337bf2268d69?s=96&d=mm&r=g\",\"contentUrl\":\"https:\/\/secure.gravatar.com\/avatar\/538f67c8e966ab4c39ad15913dfecfa3902d52730c1c7194ed5a337bf2268d69?s=96&d=mm&r=g\",\"caption\":\"Julian Ortiz\"},\"url\":\"https:\/\/noti-america.com\/site\/colombia\/author\/jortiz\/\"}]}<\/script>\n<!-- \/ Yoast SEO Premium plugin. -->","yoast_head_json":{"title":"Hombre de 85 a\u00f1os muere tras incendio en la Cl\u00ednica San Rafael en Bogot\u00e1 - Colombia | Noti-America.com","robots":{"index":"index","follow":"follow","max-snippet":"max-snippet:-1","max-image-preview":"max-image-preview:large","max-video-preview":"max-video-preview:-1"},"canonical":"https:\/\/noti-america.com\/site\/colombia\/2020\/10\/29\/hombre-de-85-anos-muere-tras-incendio-en-la-clinica-san-rafael-en-bogota\/","og_locale":"es_ES","og_type":"article","og_title":"Hombre de 85 a\u00f1os muere tras incendio en la Cl\u00ednica San Rafael en Bogot\u00e1","og_description":"La familia pide una explicaci\u00f3n, porque aseguran que despu\u00e9s del incendio no fueron notificados por parte de la cl\u00ednica de la gravedad de las heridas de su padre. Luz Dary Fajardo hija de Eliades&#46;&#46;&#46;","og_url":"https:\/\/noti-america.com\/site\/colombia\/2020\/10\/29\/hombre-de-85-anos-muere-tras-incendio-en-la-clinica-san-rafael-en-bogota\/","og_site_name":"Colombia | Noti-America.com","article_published_time":"2020-10-29T08:59:00+00:00","og_image":[{"width":1080,"height":625,"url":"https:\/\/noti-america.com\/site\/colombia\/wp-content\/uploads\/sites\/20\/2020\/10\/1603730075_266534_1603730214_noticia_normal.jpg","type":"image\/jpeg"}],"author":"Julian Ortiz","twitter_card":"summary_large_image","twitter_creator":"@notiamerica","twitter_site":"@notiamerica","twitter_misc":{"Escrito por":"Julian Ortiz","Tiempo estimado de lectura":"3 minutos"},"schema":{"@context":"https:\/\/schema.org","@graph":[{"@type":"Article","@id":"https:\/\/noti-america.com\/site\/colombia\/2020\/10\/29\/hombre-de-85-anos-muere-tras-incendio-en-la-clinica-san-rafael-en-bogota\/#article","isPartOf":{"@id":"https:\/\/noti-america.com\/site\/colombia\/2020\/10\/29\/hombre-de-85-anos-muere-tras-incendio-en-la-clinica-san-rafael-en-bogota\/"},"author":{"name":"Julian Ortiz","@id":"https:\/\/noti-america.com\/site\/colombia\/#\/schema\/person\/eb01881981abf1d02e3bc14527a88e8f"},"headline":"Hombre de 85 a\u00f1os muere tras incendio en la Cl\u00ednica San Rafael en Bogot\u00e1","datePublished":"2020-10-29T08:59:00+00:00","mainEntityOfPage":{"@id":"https:\/\/noti-america.com\/site\/colombia\/2020\/10\/29\/hombre-de-85-anos-muere-tras-incendio-en-la-clinica-san-rafael-en-bogota\/"},"wordCount":562,"commentCount":0,"image":{"@id":"https:\/\/noti-america.com\/site\/colombia\/2020\/10\/29\/hombre-de-85-anos-muere-tras-incendio-en-la-clinica-san-rafael-en-bogota\/#primaryimage"},"thumbnailUrl":"https:\/\/noti-america.com\/site\/colombia\/wp-content\/uploads\/sites\/20\/2020\/10\/1603730075_266534_1603730214_noticia_normal.jpg","articleSection":["Noticias"],"inLanguage":"es","potentialAction":[{"@type":"CommentAction","name":"Comment","target":["https:\/\/noti-america.com\/site\/colombia\/2020\/10\/29\/hombre-de-85-anos-muere-tras-incendio-en-la-clinica-san-rafael-en-bogota\/#respond"]}]},{"@type":"WebPage","@id":"https:\/\/noti-america.com\/site\/colombia\/2020\/10\/29\/hombre-de-85-anos-muere-tras-incendio-en-la-clinica-san-rafael-en-bogota\/","url":"https:\/\/noti-america.com\/site\/colombia\/2020\/10\/29\/hombre-de-85-anos-muere-tras-incendio-en-la-clinica-san-rafael-en-bogota\/","name":"Hombre de 85 a\u00f1os muere tras incendio en la Cl\u00ednica San Rafael en Bogot\u00e1 - Colombia | Noti-America.com","isPartOf":{"@id":"https:\/\/noti-america.com\/site\/colombia\/#website"},"primaryImageOfPage":{"@id":"https:\/\/noti-america.com\/site\/colombia\/2020\/10\/29\/hombre-de-85-anos-muere-tras-incendio-en-la-clinica-san-rafael-en-bogota\/#primaryimage"},"image":{"@id":"https:\/\/noti-america.com\/site\/colombia\/2020\/10\/29\/hombre-de-85-anos-muere-tras-incendio-en-la-clinica-san-rafael-en-bogota\/#primaryimage"},"thumbnailUrl":"https:\/\/noti-america.com\/site\/colombia\/wp-content\/uploads\/sites\/20\/2020\/10\/1603730075_266534_1603730214_noticia_normal.jpg","datePublished":"2020-10-29T08:59:00+00:00","author":{"@id":"https:\/\/noti-america.com\/site\/colombia\/#\/schema\/person\/eb01881981abf1d02e3bc14527a88e8f"},"breadcrumb":{"@id":"https:\/\/noti-america.com\/site\/colombia\/2020\/10\/29\/hombre-de-85-anos-muere-tras-incendio-en-la-clinica-san-rafael-en-bogota\/#breadcrumb"},"inLanguage":"es","potentialAction":[{"@type":"ReadAction","target":["https:\/\/noti-america.com\/site\/colombia\/2020\/10\/29\/hombre-de-85-anos-muere-tras-incendio-en-la-clinica-san-rafael-en-bogota\/"]}]},{"@type":"ImageObject","inLanguage":"es","@id":"https:\/\/noti-america.com\/site\/colombia\/2020\/10\/29\/hombre-de-85-anos-muere-tras-incendio-en-la-clinica-san-rafael-en-bogota\/#primaryimage","url":"https:\/\/noti-america.com\/site\/colombia\/wp-content\/uploads\/sites\/20\/2020\/10\/1603730075_266534_1603730214_noticia_normal.jpg","contentUrl":"https:\/\/noti-america.com\/site\/colombia\/wp-content\/uploads\/sites\/20\/2020\/10\/1603730075_266534_1603730214_noticia_normal.jpg","width":1080,"height":625},{"@type":"BreadcrumbList","@id":"https:\/\/noti-america.com\/site\/colombia\/2020\/10\/29\/hombre-de-85-anos-muere-tras-incendio-en-la-clinica-san-rafael-en-bogota\/#breadcrumb","itemListElement":[{"@type":"ListItem","position":1,"name":"Portada","item":"https:\/\/noti-america.com\/site\/colombia\/"},{"@type":"ListItem","position":2,"name":"Hombre de 85 a\u00f1os muere tras incendio en la Cl\u00ednica San Rafael en Bogot\u00e1"}]},{"@type":"WebSite","@id":"https:\/\/noti-america.com\/site\/colombia\/#website","url":"https:\/\/noti-america.com\/site\/colombia\/","name":"Colombia | Noti-America.com","description":"","potentialAction":[{"@type":"SearchAction","target":{"@type":"EntryPoint","urlTemplate":"https:\/\/noti-america.com\/site\/colombia\/?s={search_term_string}"},"query-input":{"@type":"PropertyValueSpecification","valueRequired":true,"valueName":"search_term_string"}}],"inLanguage":"es"},{"@type":"Person","@id":"https:\/\/noti-america.com\/site\/colombia\/#\/schema\/person\/eb01881981abf1d02e3bc14527a88e8f","name":"Julian Ortiz","image":{"@type":"ImageObject","inLanguage":"es","@id":"https:\/\/secure.gravatar.com\/avatar\/538f67c8e966ab4c39ad15913dfecfa3902d52730c1c7194ed5a337bf2268d69?s=96&d=mm&r=g","url":"https:\/\/secure.gravatar.com\/avatar\/538f67c8e966ab4c39ad15913dfecfa3902d52730c1c7194ed5a337bf2268d69?s=96&d=mm&r=g","contentUrl":"https:\/\/secure.gravatar.com\/avatar\/538f67c8e966ab4c39ad15913dfecfa3902d52730c1c7194ed5a337bf2268d69?s=96&d=mm&r=g","caption":"Julian Ortiz"},"url":"https:\/\/noti-america.com\/site\/colombia\/author\/jortiz\/"}]}},"_links":{"self":[{"href":"https:\/\/noti-america.com\/site\/colombia\/wp-json\/wp\/v2\/posts\/6366","targetHints":{"allow":["GET"]}}],"collection":[{"href":"https:\/\/noti-america.com\/site\/colombia\/wp-json\/wp\/v2\/posts"}],"about":[{"href":"https:\/\/noti-america.com\/site\/colombia\/wp-json\/wp\/v2\/types\/post"}],"author":[{"embeddable":true,"href":"https:\/\/noti-america.com\/site\/colombia\/wp-json\/wp\/v2\/users\/84"}],"replies":[{"embeddable":true,"href":"https:\/\/noti-america.com\/site\/colombia\/wp-json\/wp\/v2\/comments?post=6366"}],"version-history":[{"count":1,"href":"https:\/\/noti-america.com\/site\/colombia\/wp-json\/wp\/v2\/posts\/6366\/revisions"}],"predecessor-version":[{"id":6368,"href":"https:\/\/noti-america.com\/site\/colombia\/wp-json\/wp\/v2\/posts\/6366\/revisions\/6368"}],"wp:featuredmedia":[{"embeddable":true,"href":"https:\/\/noti-america.com\/site\/colombia\/wp-json\/wp\/v2\/media\/6367"}],"wp:attachment":[{"href":"https:\/\/noti-america.com\/site\/colombia\/wp-json\/wp\/v2\/media?parent=6366"}],"wp:term":[{"taxonomy":"category","embeddable":true,"href":"https:\/\/noti-america.com\/site\/colombia\/wp-json\/wp\/v2\/categories?post=6366"},{"taxonomy":"post_tag","embeddable":true,"href":"https:\/\/noti-america.com\/site\/colombia\/wp-json\/wp\/v2\/tags?post=6366"}],"curies":[{"name":"wp","href":"https:\/\/api.w.org\/{rel}","templated":true}]}}