{"id":6294,"date":"2020-10-22T23:11:10","date_gmt":"2020-10-22T23:11:10","guid":{"rendered":"https:\/\/noti-america.com\/site\/colombia\/2020\/10\/22\/compradores-internacionales-conoceran-de-manera-virtual-el-cacao-de-5-regiones-de-colombia\/"},"modified":"2020-10-23T03:11:17","modified_gmt":"2020-10-23T03:11:17","slug":"compradores-internacionales-conoceran-de-manera-virtual-el-cacao-de-5-regiones-de-colombia","status":"publish","type":"post","link":"https:\/\/noti-america.com\/site\/colombia\/2020\/10\/22\/compradores-internacionales-conoceran-de-manera-virtual-el-cacao-de-5-regiones-de-colombia\/","title":{"rendered":"Compradores internacionales conocer\u00e1n de manera virtual el cacao de 5 regiones de Colombia"},"content":{"rendered":"<p>NOTI-AMERICA.COM (COLOMBIA)<\/p>\n<p style=\"text-align: center;\">Compradores internacionales conocer\u00e1n de manera virtual el cacao de 5 regiones de Colombia<\/p>\n<p><img loading=\"lazy\" decoding=\"async\" class=\"alignnone size-full wp-image-6295 aligncenter\" src=\"https:\/\/noti-america.com\/site\/colombia\/wp-content\/uploads\/sites\/20\/2020\/10\/KAKAO1.jpg\" alt=\"\" width=\"240\" height=\"160\" \/><\/p>\n<p><strong>\u00a0<\/strong><\/p>\n<p><strong>Bogot\u00e1, octubre\u00a0 2020. <\/strong>Del 20 al 23 de octubre, Procolombia, Fedecacao y la Agencia de Estados Unidos para el Desarrollo Internacional (USAID), desarrollar\u00e1n por primera vez de manera virtual la Sexta versi\u00f3n del Encuentro Especializado de Negocios para el sector de Cacao y Chocolater\u00eda 2020. Esta versi\u00f3n contar\u00e1 con la presencia de 38 compradores de 21 pa\u00edses y la participaci\u00f3n de 46 empresas y organizaciones cacaoteras colombianas.<\/p>\n<p>Durante estos 4 d\u00edas, el objetivo es facilitar espacios de interacci\u00f3n entre los productores colombianos de cacao, industrias procesadoras y los compradores internacionales, con el fin de generar y fortalecer los v\u00ednculos comerciales entre ellos. El evento contar\u00e1 con cuatro jornadas de cata, que destacar\u00e1n las cualidades de sabor y aroma del cacao que se produce en Colombia. Los compradores degustar\u00e1n 25 muestras de cacao de referencia (70%), que recibir\u00e1n en sus casas de los departamentos de Antioquia, Arauca, Bol\u00edvar, Boyac\u00e1, Caquet\u00e1, C\u00f3rdoba, Cundinamarca, Meta, Santander, Nari\u00f1o, entre otros.<\/p>\n<p><img loading=\"lazy\" decoding=\"async\" class=\"alignnone size-full wp-image-6297 aligncenter\" src=\"https:\/\/noti-america.com\/site\/colombia\/wp-content\/uploads\/sites\/20\/2020\/10\/KAKAO.jpg\" alt=\"\" width=\"240\" height=\"134\" \/><\/p>\n<p>Todos los d\u00edas habr\u00e1 citas de negocios, para la facilitaci\u00f3n de acercamientos comerciales y se realizar\u00e1 agenda acad\u00e9mica, con la participaci\u00f3n de organizaciones expertas reconocidas internacionalmente como: The Fine Chocolate Industry Association (FCIA) y la International Institute of Chocolate &amp; Cacao Tasting, adem\u00e1s de destacados actores de la industria nacional.<\/p>\n<p>&nbsp;<\/p>\n<p>\u00c9ste espacio de promoci\u00f3n, es una oportunidad para exponer el potencial de Colombia como pa\u00eds proveedor de Cacaos Especiales, destacando su posici\u00f3n geogr\u00e1fica, caracter\u00edsticas agroecol\u00f3gicas y la diversidad gen\u00e9tica que favorecen el gran espectro de perfiles sensoriales nacionales. Los esperamos en este evento que estar\u00e1 abierto al p\u00fablico para que desde su casa pueda conocer la realidad de los cacaoteros colombianos y aprender sobre las cualidades y caracter\u00edsticas de su cacao, as\u00ed como de la riqueza cultural y natural de sus departamentos.<\/p>\n<p><img loading=\"lazy\" decoding=\"async\" class=\"alignnone size-full wp-image-6299 aligncenter\" src=\"https:\/\/noti-america.com\/site\/colombia\/wp-content\/uploads\/sites\/20\/2020\/10\/KAKAO2.jpg\" alt=\"\" width=\"240\" height=\"160\" \/><\/p>\n<p>&nbsp;<\/p>\n<p>&nbsp;<\/p>\n<p>&nbsp;<\/p>\n<p>Leidy Sabogal M<\/p>\n<p>Comunicaciones Fedecacao<\/p>\n<p>Celular: 316 567 8050<\/p>\n","protected":false},"excerpt":{"rendered":"<p>NOTI-AMERICA.COM (COLOMBIA) Compradores internacionales conocer\u00e1n de manera virtual el cacao de 5 regiones de Colombia \u00a0 Bogot\u00e1, octubre\u00a0 2020. Del 20 al 23 de octubre, Procolombia, Fedecacao y la Agencia de Estados Unidos para&#46;&#46;&#46;<\/p>\n","protected":false},"author":2,"featured_media":6297,"comment_status":"open","ping_status":"open","sticky":false,"template":"","format":"standard","meta":{"_acf_changed":false,"om_disable_all_campaigns":false,"rop_custom_images_group":[],"rop_custom_messages_group":[],"rop_publish_now":"initial","rop_publish_now_accounts":{"twitter_242054905_242054905":""},"rop_publish_now_history":[],"rop_publish_now_status":"pending","_uf_show_specific_survey":0,"_uf_disable_surveys":false,"footnotes":""},"categories":[40],"tags":[],"class_list":["post-6294","post","type-post","status-publish","format-standard","has-post-thumbnail","hentry","category-noticias"],"acf":[],"aioseo_notices":[],"yoast_head":"<!-- This site is optimized with the Yoast SEO Premium plugin v24.9 (Yoast SEO v27.2) - https:\/\/yoast.com\/product\/yoast-seo-premium-wordpress\/ -->\n<title>Compradores internacionales conocer\u00e1n de manera virtual el cacao de 5 regiones de Colombia - Colombia | Noti-America.com<\/title>\n<meta name=\"robots\" content=\"index, follow, max-snippet:-1, max-image-preview:large, max-video-preview:-1\" \/>\n<link rel=\"canonical\" href=\"https:\/\/noti-america.com\/site\/colombia\/2020\/10\/22\/compradores-internacionales-conoceran-de-manera-virtual-el-cacao-de-5-regiones-de-colombia\/\" \/>\n<meta property=\"og:locale\" content=\"es_ES\" \/>\n<meta property=\"og:type\" content=\"article\" \/>\n<meta property=\"og:title\" content=\"Compradores internacionales conocer\u00e1n de manera virtual el cacao de 5 regiones de Colombia\" \/>\n<meta property=\"og:description\" content=\"NOTI-AMERICA.COM (COLOMBIA) Compradores internacionales conocer\u00e1n de manera virtual el cacao de 5 regiones de Colombia \u00a0 Bogot\u00e1, octubre\u00a0 2020. Del 20 al 23 de octubre, Procolombia, Fedecacao y la Agencia de Estados Unidos para&#046;&#046;&#046;\" \/>\n<meta property=\"og:url\" content=\"https:\/\/noti-america.com\/site\/colombia\/2020\/10\/22\/compradores-internacionales-conoceran-de-manera-virtual-el-cacao-de-5-regiones-de-colombia\/\" \/>\n<meta property=\"og:site_name\" content=\"Colombia | Noti-America.com\" \/>\n<meta property=\"article:published_time\" content=\"2020-10-22T23:11:10+00:00\" \/>\n<meta property=\"article:modified_time\" content=\"2020-10-23T03:11:17+00:00\" \/>\n<meta property=\"og:image\" content=\"https:\/\/noti-america.com\/site\/colombia\/wp-content\/uploads\/sites\/20\/2020\/10\/KAKAO.jpg\" \/>\n\t<meta property=\"og:image:width\" content=\"240\" \/>\n\t<meta property=\"og:image:height\" content=\"134\" \/>\n\t<meta property=\"og:image:type\" content=\"image\/jpeg\" \/>\n<meta name=\"author\" content=\"rloaiza\" \/>\n<meta name=\"twitter:card\" content=\"summary_large_image\" \/>\n<meta name=\"twitter:creator\" content=\"@notiamerica\" \/>\n<meta name=\"twitter:site\" content=\"@notiamerica\" \/>\n<meta name=\"twitter:label1\" content=\"Escrito por\" \/>\n\t<meta name=\"twitter:data1\" content=\"rloaiza\" \/>\n\t<meta name=\"twitter:label2\" content=\"Tiempo estimado de lectura\" \/>\n\t<meta name=\"twitter:data2\" content=\"2 minutos\" \/>\n<script type=\"application\/ld+json\" class=\"yoast-schema-graph\">{\"@context\":\"https:\/\/schema.org\",\"@graph\":[{\"@type\":\"Article\",\"@id\":\"https:\/\/noti-america.com\/site\/colombia\/2020\/10\/22\/compradores-internacionales-conoceran-de-manera-virtual-el-cacao-de-5-regiones-de-colombia\/#article\",\"isPartOf\":{\"@id\":\"https:\/\/noti-america.com\/site\/colombia\/2020\/10\/22\/compradores-internacionales-conoceran-de-manera-virtual-el-cacao-de-5-regiones-de-colombia\/\"},\"author\":{\"name\":\"rloaiza\",\"@id\":\"https:\/\/noti-america.com\/site\/colombia\/#\/schema\/person\/a2e478ba496331ce89bcd0c731cd6533\"},\"headline\":\"Compradores internacionales conocer\u00e1n de manera virtual el cacao de 5 regiones de Colombia\",\"datePublished\":\"2020-10-22T23:11:10+00:00\",\"dateModified\":\"2020-10-23T03:11:17+00:00\",\"mainEntityOfPage\":{\"@id\":\"https:\/\/noti-america.com\/site\/colombia\/2020\/10\/22\/compradores-internacionales-conoceran-de-manera-virtual-el-cacao-de-5-regiones-de-colombia\/\"},\"wordCount\":346,\"commentCount\":0,\"image\":{\"@id\":\"https:\/\/noti-america.com\/site\/colombia\/2020\/10\/22\/compradores-internacionales-conoceran-de-manera-virtual-el-cacao-de-5-regiones-de-colombia\/#primaryimage\"},\"thumbnailUrl\":\"https:\/\/noti-america.com\/site\/colombia\/wp-content\/uploads\/sites\/20\/2020\/10\/KAKAO.jpg\",\"articleSection\":[\"Noticias\"],\"inLanguage\":\"es\",\"potentialAction\":[{\"@type\":\"CommentAction\",\"name\":\"Comment\",\"target\":[\"https:\/\/noti-america.com\/site\/colombia\/2020\/10\/22\/compradores-internacionales-conoceran-de-manera-virtual-el-cacao-de-5-regiones-de-colombia\/#respond\"]}]},{\"@type\":\"WebPage\",\"@id\":\"https:\/\/noti-america.com\/site\/colombia\/2020\/10\/22\/compradores-internacionales-conoceran-de-manera-virtual-el-cacao-de-5-regiones-de-colombia\/\",\"url\":\"https:\/\/noti-america.com\/site\/colombia\/2020\/10\/22\/compradores-internacionales-conoceran-de-manera-virtual-el-cacao-de-5-regiones-de-colombia\/\",\"name\":\"Compradores internacionales conocer\u00e1n de manera virtual el cacao de 5 regiones de Colombia - Colombia | Noti-America.com\",\"isPartOf\":{\"@id\":\"https:\/\/noti-america.com\/site\/colombia\/#website\"},\"primaryImageOfPage\":{\"@id\":\"https:\/\/noti-america.com\/site\/colombia\/2020\/10\/22\/compradores-internacionales-conoceran-de-manera-virtual-el-cacao-de-5-regiones-de-colombia\/#primaryimage\"},\"image\":{\"@id\":\"https:\/\/noti-america.com\/site\/colombia\/2020\/10\/22\/compradores-internacionales-conoceran-de-manera-virtual-el-cacao-de-5-regiones-de-colombia\/#primaryimage\"},\"thumbnailUrl\":\"https:\/\/noti-america.com\/site\/colombia\/wp-content\/uploads\/sites\/20\/2020\/10\/KAKAO.jpg\",\"datePublished\":\"2020-10-22T23:11:10+00:00\",\"dateModified\":\"2020-10-23T03:11:17+00:00\",\"author\":{\"@id\":\"https:\/\/noti-america.com\/site\/colombia\/#\/schema\/person\/a2e478ba496331ce89bcd0c731cd6533\"},\"breadcrumb\":{\"@id\":\"https:\/\/noti-america.com\/site\/colombia\/2020\/10\/22\/compradores-internacionales-conoceran-de-manera-virtual-el-cacao-de-5-regiones-de-colombia\/#breadcrumb\"},\"inLanguage\":\"es\",\"potentialAction\":[{\"@type\":\"ReadAction\",\"target\":[\"https:\/\/noti-america.com\/site\/colombia\/2020\/10\/22\/compradores-internacionales-conoceran-de-manera-virtual-el-cacao-de-5-regiones-de-colombia\/\"]}]},{\"@type\":\"ImageObject\",\"inLanguage\":\"es\",\"@id\":\"https:\/\/noti-america.com\/site\/colombia\/2020\/10\/22\/compradores-internacionales-conoceran-de-manera-virtual-el-cacao-de-5-regiones-de-colombia\/#primaryimage\",\"url\":\"https:\/\/noti-america.com\/site\/colombia\/wp-content\/uploads\/sites\/20\/2020\/10\/KAKAO.jpg\",\"contentUrl\":\"https:\/\/noti-america.com\/site\/colombia\/wp-content\/uploads\/sites\/20\/2020\/10\/KAKAO.jpg\",\"width\":240,\"height\":134},{\"@type\":\"BreadcrumbList\",\"@id\":\"https:\/\/noti-america.com\/site\/colombia\/2020\/10\/22\/compradores-internacionales-conoceran-de-manera-virtual-el-cacao-de-5-regiones-de-colombia\/#breadcrumb\",\"itemListElement\":[{\"@type\":\"ListItem\",\"position\":1,\"name\":\"Portada\",\"item\":\"https:\/\/noti-america.com\/site\/colombia\/\"},{\"@type\":\"ListItem\",\"position\":2,\"name\":\"Compradores internacionales conocer\u00e1n de manera virtual el cacao de 5 regiones de Colombia\"}]},{\"@type\":\"WebSite\",\"@id\":\"https:\/\/noti-america.com\/site\/colombia\/#website\",\"url\":\"https:\/\/noti-america.com\/site\/colombia\/\",\"name\":\"Colombia | Noti-America.com\",\"description\":\"\",\"potentialAction\":[{\"@type\":\"SearchAction\",\"target\":{\"@type\":\"EntryPoint\",\"urlTemplate\":\"https:\/\/noti-america.com\/site\/colombia\/?s={search_term_string}\"},\"query-input\":{\"@type\":\"PropertyValueSpecification\",\"valueRequired\":true,\"valueName\":\"search_term_string\"}}],\"inLanguage\":\"es\"},{\"@type\":\"Person\",\"@id\":\"https:\/\/noti-america.com\/site\/colombia\/#\/schema\/person\/a2e478ba496331ce89bcd0c731cd6533\",\"name\":\"rloaiza\",\"image\":{\"@type\":\"ImageObject\",\"inLanguage\":\"es\",\"@id\":\"https:\/\/secure.gravatar.com\/avatar\/190058e5d4427934610b99c45aa7a6558806850adedd53ddeddd194b04773e22?s=96&d=mm&r=g\",\"url\":\"https:\/\/secure.gravatar.com\/avatar\/190058e5d4427934610b99c45aa7a6558806850adedd53ddeddd194b04773e22?s=96&d=mm&r=g\",\"contentUrl\":\"https:\/\/secure.gravatar.com\/avatar\/190058e5d4427934610b99c45aa7a6558806850adedd53ddeddd194b04773e22?s=96&d=mm&r=g\",\"caption\":\"rloaiza\"},\"url\":\"https:\/\/noti-america.com\/site\/colombia\/author\/rloaiza\/\"}]}<\/script>\n<!-- \/ Yoast SEO Premium plugin. -->","yoast_head_json":{"title":"Compradores internacionales conocer\u00e1n de manera virtual el cacao de 5 regiones de Colombia - Colombia | Noti-America.com","robots":{"index":"index","follow":"follow","max-snippet":"max-snippet:-1","max-image-preview":"max-image-preview:large","max-video-preview":"max-video-preview:-1"},"canonical":"https:\/\/noti-america.com\/site\/colombia\/2020\/10\/22\/compradores-internacionales-conoceran-de-manera-virtual-el-cacao-de-5-regiones-de-colombia\/","og_locale":"es_ES","og_type":"article","og_title":"Compradores internacionales conocer\u00e1n de manera virtual el cacao de 5 regiones de Colombia","og_description":"NOTI-AMERICA.COM (COLOMBIA) Compradores internacionales conocer\u00e1n de manera virtual el cacao de 5 regiones de Colombia \u00a0 Bogot\u00e1, octubre\u00a0 2020. Del 20 al 23 de octubre, Procolombia, Fedecacao y la Agencia de Estados Unidos para&#46;&#46;&#46;","og_url":"https:\/\/noti-america.com\/site\/colombia\/2020\/10\/22\/compradores-internacionales-conoceran-de-manera-virtual-el-cacao-de-5-regiones-de-colombia\/","og_site_name":"Colombia | Noti-America.com","article_published_time":"2020-10-22T23:11:10+00:00","article_modified_time":"2020-10-23T03:11:17+00:00","og_image":[{"width":240,"height":134,"url":"https:\/\/noti-america.com\/site\/colombia\/wp-content\/uploads\/sites\/20\/2020\/10\/KAKAO.jpg","type":"image\/jpeg"}],"author":"rloaiza","twitter_card":"summary_large_image","twitter_creator":"@notiamerica","twitter_site":"@notiamerica","twitter_misc":{"Escrito por":"rloaiza","Tiempo estimado de lectura":"2 minutos"},"schema":{"@context":"https:\/\/schema.org","@graph":[{"@type":"Article","@id":"https:\/\/noti-america.com\/site\/colombia\/2020\/10\/22\/compradores-internacionales-conoceran-de-manera-virtual-el-cacao-de-5-regiones-de-colombia\/#article","isPartOf":{"@id":"https:\/\/noti-america.com\/site\/colombia\/2020\/10\/22\/compradores-internacionales-conoceran-de-manera-virtual-el-cacao-de-5-regiones-de-colombia\/"},"author":{"name":"rloaiza","@id":"https:\/\/noti-america.com\/site\/colombia\/#\/schema\/person\/a2e478ba496331ce89bcd0c731cd6533"},"headline":"Compradores internacionales conocer\u00e1n de manera virtual el cacao de 5 regiones de Colombia","datePublished":"2020-10-22T23:11:10+00:00","dateModified":"2020-10-23T03:11:17+00:00","mainEntityOfPage":{"@id":"https:\/\/noti-america.com\/site\/colombia\/2020\/10\/22\/compradores-internacionales-conoceran-de-manera-virtual-el-cacao-de-5-regiones-de-colombia\/"},"wordCount":346,"commentCount":0,"image":{"@id":"https:\/\/noti-america.com\/site\/colombia\/2020\/10\/22\/compradores-internacionales-conoceran-de-manera-virtual-el-cacao-de-5-regiones-de-colombia\/#primaryimage"},"thumbnailUrl":"https:\/\/noti-america.com\/site\/colombia\/wp-content\/uploads\/sites\/20\/2020\/10\/KAKAO.jpg","articleSection":["Noticias"],"inLanguage":"es","potentialAction":[{"@type":"CommentAction","name":"Comment","target":["https:\/\/noti-america.com\/site\/colombia\/2020\/10\/22\/compradores-internacionales-conoceran-de-manera-virtual-el-cacao-de-5-regiones-de-colombia\/#respond"]}]},{"@type":"WebPage","@id":"https:\/\/noti-america.com\/site\/colombia\/2020\/10\/22\/compradores-internacionales-conoceran-de-manera-virtual-el-cacao-de-5-regiones-de-colombia\/","url":"https:\/\/noti-america.com\/site\/colombia\/2020\/10\/22\/compradores-internacionales-conoceran-de-manera-virtual-el-cacao-de-5-regiones-de-colombia\/","name":"Compradores internacionales conocer\u00e1n de manera virtual el cacao de 5 regiones de Colombia - Colombia | Noti-America.com","isPartOf":{"@id":"https:\/\/noti-america.com\/site\/colombia\/#website"},"primaryImageOfPage":{"@id":"https:\/\/noti-america.com\/site\/colombia\/2020\/10\/22\/compradores-internacionales-conoceran-de-manera-virtual-el-cacao-de-5-regiones-de-colombia\/#primaryimage"},"image":{"@id":"https:\/\/noti-america.com\/site\/colombia\/2020\/10\/22\/compradores-internacionales-conoceran-de-manera-virtual-el-cacao-de-5-regiones-de-colombia\/#primaryimage"},"thumbnailUrl":"https:\/\/noti-america.com\/site\/colombia\/wp-content\/uploads\/sites\/20\/2020\/10\/KAKAO.jpg","datePublished":"2020-10-22T23:11:10+00:00","dateModified":"2020-10-23T03:11:17+00:00","author":{"@id":"https:\/\/noti-america.com\/site\/colombia\/#\/schema\/person\/a2e478ba496331ce89bcd0c731cd6533"},"breadcrumb":{"@id":"https:\/\/noti-america.com\/site\/colombia\/2020\/10\/22\/compradores-internacionales-conoceran-de-manera-virtual-el-cacao-de-5-regiones-de-colombia\/#breadcrumb"},"inLanguage":"es","potentialAction":[{"@type":"ReadAction","target":["https:\/\/noti-america.com\/site\/colombia\/2020\/10\/22\/compradores-internacionales-conoceran-de-manera-virtual-el-cacao-de-5-regiones-de-colombia\/"]}]},{"@type":"ImageObject","inLanguage":"es","@id":"https:\/\/noti-america.com\/site\/colombia\/2020\/10\/22\/compradores-internacionales-conoceran-de-manera-virtual-el-cacao-de-5-regiones-de-colombia\/#primaryimage","url":"https:\/\/noti-america.com\/site\/colombia\/wp-content\/uploads\/sites\/20\/2020\/10\/KAKAO.jpg","contentUrl":"https:\/\/noti-america.com\/site\/colombia\/wp-content\/uploads\/sites\/20\/2020\/10\/KAKAO.jpg","width":240,"height":134},{"@type":"BreadcrumbList","@id":"https:\/\/noti-america.com\/site\/colombia\/2020\/10\/22\/compradores-internacionales-conoceran-de-manera-virtual-el-cacao-de-5-regiones-de-colombia\/#breadcrumb","itemListElement":[{"@type":"ListItem","position":1,"name":"Portada","item":"https:\/\/noti-america.com\/site\/colombia\/"},{"@type":"ListItem","position":2,"name":"Compradores internacionales conocer\u00e1n de manera virtual el cacao de 5 regiones de Colombia"}]},{"@type":"WebSite","@id":"https:\/\/noti-america.com\/site\/colombia\/#website","url":"https:\/\/noti-america.com\/site\/colombia\/","name":"Colombia | Noti-America.com","description":"","potentialAction":[{"@type":"SearchAction","target":{"@type":"EntryPoint","urlTemplate":"https:\/\/noti-america.com\/site\/colombia\/?s={search_term_string}"},"query-input":{"@type":"PropertyValueSpecification","valueRequired":true,"valueName":"search_term_string"}}],"inLanguage":"es"},{"@type":"Person","@id":"https:\/\/noti-america.com\/site\/colombia\/#\/schema\/person\/a2e478ba496331ce89bcd0c731cd6533","name":"rloaiza","image":{"@type":"ImageObject","inLanguage":"es","@id":"https:\/\/secure.gravatar.com\/avatar\/190058e5d4427934610b99c45aa7a6558806850adedd53ddeddd194b04773e22?s=96&d=mm&r=g","url":"https:\/\/secure.gravatar.com\/avatar\/190058e5d4427934610b99c45aa7a6558806850adedd53ddeddd194b04773e22?s=96&d=mm&r=g","contentUrl":"https:\/\/secure.gravatar.com\/avatar\/190058e5d4427934610b99c45aa7a6558806850adedd53ddeddd194b04773e22?s=96&d=mm&r=g","caption":"rloaiza"},"url":"https:\/\/noti-america.com\/site\/colombia\/author\/rloaiza\/"}]}},"_links":{"self":[{"href":"https:\/\/noti-america.com\/site\/colombia\/wp-json\/wp\/v2\/posts\/6294","targetHints":{"allow":["GET"]}}],"collection":[{"href":"https:\/\/noti-america.com\/site\/colombia\/wp-json\/wp\/v2\/posts"}],"about":[{"href":"https:\/\/noti-america.com\/site\/colombia\/wp-json\/wp\/v2\/types\/post"}],"author":[{"embeddable":true,"href":"https:\/\/noti-america.com\/site\/colombia\/wp-json\/wp\/v2\/users\/2"}],"replies":[{"embeddable":true,"href":"https:\/\/noti-america.com\/site\/colombia\/wp-json\/wp\/v2\/comments?post=6294"}],"version-history":[{"count":3,"href":"https:\/\/noti-america.com\/site\/colombia\/wp-json\/wp\/v2\/posts\/6294\/revisions"}],"predecessor-version":[{"id":6300,"href":"https:\/\/noti-america.com\/site\/colombia\/wp-json\/wp\/v2\/posts\/6294\/revisions\/6300"}],"wp:featuredmedia":[{"embeddable":true,"href":"https:\/\/noti-america.com\/site\/colombia\/wp-json\/wp\/v2\/media\/6297"}],"wp:attachment":[{"href":"https:\/\/noti-america.com\/site\/colombia\/wp-json\/wp\/v2\/media?parent=6294"}],"wp:term":[{"taxonomy":"category","embeddable":true,"href":"https:\/\/noti-america.com\/site\/colombia\/wp-json\/wp\/v2\/categories?post=6294"},{"taxonomy":"post_tag","embeddable":true,"href":"https:\/\/noti-america.com\/site\/colombia\/wp-json\/wp\/v2\/tags?post=6294"}],"curies":[{"name":"wp","href":"https:\/\/api.w.org\/{rel}","templated":true}]}}