{"id":6191,"date":"2020-10-16T03:10:45","date_gmt":"2020-10-16T03:10:45","guid":{"rendered":"https:\/\/noti-america.com\/site\/colombia\/?p=6191"},"modified":"2020-10-16T03:10:45","modified_gmt":"2020-10-16T03:10:45","slug":"minga-indigena-camino-para-bogota","status":"publish","type":"post","link":"https:\/\/noti-america.com\/site\/colombia\/2020\/10\/16\/minga-indigena-camino-para-bogota\/","title":{"rendered":"Minga ind\u00edgena, camino para Bogot\u00e1"},"content":{"rendered":"<p><img loading=\"lazy\" decoding=\"async\" class=\"size-medium wp-image-6194 aligncenter\" src=\"https:\/\/noti-america.com\/site\/colombia\/wp-content\/uploads\/sites\/20\/2020\/10\/IMG_20201015_220633-300x230.jpg\" alt=\"\" width=\"300\" height=\"230\" srcset=\"https:\/\/noti-america.com\/site\/colombia\/wp-content\/uploads\/sites\/20\/2020\/10\/IMG_20201015_220633-300x230.jpg 300w, https:\/\/noti-america.com\/site\/colombia\/wp-content\/uploads\/sites\/20\/2020\/10\/IMG_20201015_220633.jpg 720w\" sizes=\"auto, (max-width: 300px) 100vw, 300px\" \/><\/p>\n<p style=\"text-align: justify\"><em>El lunes estar\u00eda llegando a la capital.<\/em><\/p>\n<p style=\"text-align: justify\">M\u00e1s de 10.000 ind\u00edgenas emprendieron su camino para la capital de Colombia. Temas como asesinatos a l\u00edderes sociales, masacres e inseguridad en sus territorios, son los que esperan dialogar con el presidente Iv\u00e1n Duque.<\/p>\n<p style=\"text-align: justify\">La minga completar\u00e1 6 d\u00edas de traves\u00eda pasando por Cali, Armenia, Ibagu\u00e9, Fusagasug\u00e1, y Soacha, para finalmente llegar a Bogot\u00e1 el pr\u00f3ximo 19 de octubre y poder reunirse con el Gobierno Nacional y ser escuchados para poder frenar los cr\u00edmenes contra miembros de su comunidad y gestionar compromisos pactados en a\u00f1os anteriores.<\/p>\n<p style=\"text-align: justify\">Por su parte, el Gobierno Nacional asegura que est\u00e1n dispuestos a escuchar a los voceros de esta marcha y por eso env\u00edo el pasado 12 de octubre, a una parte del gobierno, encabezado por la Ministra del Interior Alicia Arango, a la ciudad de Cali, para analizar las peticiones, pero desafortunadamente no hubo acuerdo y decidieron seguir su camino hacia Bogot\u00e1.<\/p>\n<p style=\"text-align: justify\">Ante estos hechos la alcaldesa mayor Claudia L\u00f3pez, critic\u00f3 al gobierno por no llegar a un acuerdo con la minga y asegur\u00f3 que la llegada de este gremio genera aglomeraciones y podr\u00eda aumenta la propagaci\u00f3n del coronavirus.<\/p>\n<p><img loading=\"lazy\" decoding=\"async\" class=\"size-medium wp-image-6192 aligncenter\" src=\"https:\/\/noti-america.com\/site\/colombia\/wp-content\/uploads\/sites\/20\/2020\/10\/IMG_20201015_220631-300x292.jpg\" alt=\"\" width=\"300\" height=\"292\" srcset=\"https:\/\/noti-america.com\/site\/colombia\/wp-content\/uploads\/sites\/20\/2020\/10\/IMG_20201015_220631-300x292.jpg 300w, https:\/\/noti-america.com\/site\/colombia\/wp-content\/uploads\/sites\/20\/2020\/10\/IMG_20201015_220631.jpg 720w\" sizes=\"auto, (max-width: 300px) 100vw, 300px\" \/><\/p>\n<p style=\"text-align: justify\">El secretario de Gobierno Luis Ernesto G\u00f3mez afirm\u00f3 que la minga \u201cser\u00e1 recibida y tendr\u00e1 todas las garant\u00edas para que desarrollen sus derechos pol\u00edticos y sociales\u201d.<\/p>\n<p style=\"text-align: justify\">En lo corrido del a\u00f1o, 47 l\u00edderes ind\u00edgenas han sido asesinados.<\/p>\n","protected":false},"excerpt":{"rendered":"<p>El lunes estar\u00eda llegando a la capital. M\u00e1s de 10.000 ind\u00edgenas emprendieron su camino para la capital de Colombia. Temas como asesinatos a l\u00edderes sociales, masacres e inseguridad en sus territorios, son los que&#46;&#46;&#46;<\/p>\n","protected":false},"author":85,"featured_media":6192,"comment_status":"open","ping_status":"open","sticky":false,"template":"","format":"standard","meta":{"_acf_changed":false,"om_disable_all_campaigns":false,"rop_custom_images_group":[],"rop_custom_messages_group":[],"rop_publish_now":"initial","rop_publish_now_accounts":{"twitter_242054905_242054905":""},"rop_publish_now_history":[],"rop_publish_now_status":"pending","_uf_show_specific_survey":0,"_uf_disable_surveys":false,"footnotes":""},"categories":[156],"tags":[],"class_list":["post-6191","post","type-post","status-publish","format-standard","has-post-thumbnail","hentry","category-comunidades"],"acf":[],"aioseo_notices":[],"yoast_head":"<!-- This site is optimized with the Yoast SEO Premium plugin v24.9 (Yoast SEO v27.2) - https:\/\/yoast.com\/product\/yoast-seo-premium-wordpress\/ -->\n<title>Minga ind\u00edgena, camino para Bogot\u00e1 - Colombia | Noti-America.com<\/title>\n<meta name=\"robots\" content=\"index, follow, max-snippet:-1, max-image-preview:large, max-video-preview:-1\" \/>\n<link rel=\"canonical\" href=\"https:\/\/noti-america.com\/site\/colombia\/2020\/10\/16\/minga-indigena-camino-para-bogota\/\" \/>\n<meta property=\"og:locale\" content=\"es_ES\" \/>\n<meta property=\"og:type\" content=\"article\" \/>\n<meta property=\"og:title\" content=\"Minga ind\u00edgena, camino para Bogot\u00e1\" \/>\n<meta property=\"og:description\" content=\"El lunes estar\u00eda llegando a la capital. M\u00e1s de 10.000 ind\u00edgenas emprendieron su camino para la capital de Colombia. Temas como asesinatos a l\u00edderes sociales, masacres e inseguridad en sus territorios, son los que&#046;&#046;&#046;\" \/>\n<meta property=\"og:url\" content=\"https:\/\/noti-america.com\/site\/colombia\/2020\/10\/16\/minga-indigena-camino-para-bogota\/\" \/>\n<meta property=\"og:site_name\" content=\"Colombia | Noti-America.com\" \/>\n<meta property=\"article:published_time\" content=\"2020-10-16T03:10:45+00:00\" \/>\n<meta property=\"og:image\" content=\"https:\/\/noti-america.com\/site\/colombia\/wp-content\/uploads\/sites\/20\/2020\/10\/IMG_20201015_220631.jpg\" \/>\n\t<meta property=\"og:image:width\" content=\"720\" \/>\n\t<meta property=\"og:image:height\" content=\"701\" \/>\n\t<meta property=\"og:image:type\" content=\"image\/jpeg\" \/>\n<meta name=\"author\" content=\"Silvia S\u00e1nchez\" \/>\n<meta name=\"twitter:card\" content=\"summary_large_image\" \/>\n<meta name=\"twitter:creator\" content=\"@notiamerica\" \/>\n<meta name=\"twitter:site\" content=\"@notiamerica\" \/>\n<meta name=\"twitter:label1\" content=\"Escrito por\" \/>\n\t<meta name=\"twitter:data1\" content=\"Silvia S\u00e1nchez\" \/>\n\t<meta name=\"twitter:label2\" content=\"Tiempo estimado de lectura\" \/>\n\t<meta name=\"twitter:data2\" content=\"1 minuto\" \/>\n<script type=\"application\/ld+json\" class=\"yoast-schema-graph\">{\"@context\":\"https:\/\/schema.org\",\"@graph\":[{\"@type\":\"Article\",\"@id\":\"https:\/\/noti-america.com\/site\/colombia\/2020\/10\/16\/minga-indigena-camino-para-bogota\/#article\",\"isPartOf\":{\"@id\":\"https:\/\/noti-america.com\/site\/colombia\/2020\/10\/16\/minga-indigena-camino-para-bogota\/\"},\"author\":{\"name\":\"Silvia S\u00e1nchez\",\"@id\":\"https:\/\/noti-america.com\/site\/colombia\/#\/schema\/person\/cbe765ce6466f69388037918684cdbc1\"},\"headline\":\"Minga ind\u00edgena, camino para Bogot\u00e1\",\"datePublished\":\"2020-10-16T03:10:45+00:00\",\"mainEntityOfPage\":{\"@id\":\"https:\/\/noti-america.com\/site\/colombia\/2020\/10\/16\/minga-indigena-camino-para-bogota\/\"},\"wordCount\":250,\"commentCount\":0,\"image\":{\"@id\":\"https:\/\/noti-america.com\/site\/colombia\/2020\/10\/16\/minga-indigena-camino-para-bogota\/#primaryimage\"},\"thumbnailUrl\":\"https:\/\/noti-america.com\/site\/colombia\/wp-content\/uploads\/sites\/20\/2020\/10\/IMG_20201015_220631.jpg\",\"articleSection\":[\"Comunidades\"],\"inLanguage\":\"es\",\"potentialAction\":[{\"@type\":\"CommentAction\",\"name\":\"Comment\",\"target\":[\"https:\/\/noti-america.com\/site\/colombia\/2020\/10\/16\/minga-indigena-camino-para-bogota\/#respond\"]}]},{\"@type\":\"WebPage\",\"@id\":\"https:\/\/noti-america.com\/site\/colombia\/2020\/10\/16\/minga-indigena-camino-para-bogota\/\",\"url\":\"https:\/\/noti-america.com\/site\/colombia\/2020\/10\/16\/minga-indigena-camino-para-bogota\/\",\"name\":\"Minga ind\u00edgena, camino para Bogot\u00e1 - Colombia | Noti-America.com\",\"isPartOf\":{\"@id\":\"https:\/\/noti-america.com\/site\/colombia\/#website\"},\"primaryImageOfPage\":{\"@id\":\"https:\/\/noti-america.com\/site\/colombia\/2020\/10\/16\/minga-indigena-camino-para-bogota\/#primaryimage\"},\"image\":{\"@id\":\"https:\/\/noti-america.com\/site\/colombia\/2020\/10\/16\/minga-indigena-camino-para-bogota\/#primaryimage\"},\"thumbnailUrl\":\"https:\/\/noti-america.com\/site\/colombia\/wp-content\/uploads\/sites\/20\/2020\/10\/IMG_20201015_220631.jpg\",\"datePublished\":\"2020-10-16T03:10:45+00:00\",\"author\":{\"@id\":\"https:\/\/noti-america.com\/site\/colombia\/#\/schema\/person\/cbe765ce6466f69388037918684cdbc1\"},\"breadcrumb\":{\"@id\":\"https:\/\/noti-america.com\/site\/colombia\/2020\/10\/16\/minga-indigena-camino-para-bogota\/#breadcrumb\"},\"inLanguage\":\"es\",\"potentialAction\":[{\"@type\":\"ReadAction\",\"target\":[\"https:\/\/noti-america.com\/site\/colombia\/2020\/10\/16\/minga-indigena-camino-para-bogota\/\"]}]},{\"@type\":\"ImageObject\",\"inLanguage\":\"es\",\"@id\":\"https:\/\/noti-america.com\/site\/colombia\/2020\/10\/16\/minga-indigena-camino-para-bogota\/#primaryimage\",\"url\":\"https:\/\/noti-america.com\/site\/colombia\/wp-content\/uploads\/sites\/20\/2020\/10\/IMG_20201015_220631.jpg\",\"contentUrl\":\"https:\/\/noti-america.com\/site\/colombia\/wp-content\/uploads\/sites\/20\/2020\/10\/IMG_20201015_220631.jpg\",\"width\":720,\"height\":701},{\"@type\":\"BreadcrumbList\",\"@id\":\"https:\/\/noti-america.com\/site\/colombia\/2020\/10\/16\/minga-indigena-camino-para-bogota\/#breadcrumb\",\"itemListElement\":[{\"@type\":\"ListItem\",\"position\":1,\"name\":\"Portada\",\"item\":\"https:\/\/noti-america.com\/site\/colombia\/\"},{\"@type\":\"ListItem\",\"position\":2,\"name\":\"Minga ind\u00edgena, camino para Bogot\u00e1\"}]},{\"@type\":\"WebSite\",\"@id\":\"https:\/\/noti-america.com\/site\/colombia\/#website\",\"url\":\"https:\/\/noti-america.com\/site\/colombia\/\",\"name\":\"Colombia | Noti-America.com\",\"description\":\"\",\"potentialAction\":[{\"@type\":\"SearchAction\",\"target\":{\"@type\":\"EntryPoint\",\"urlTemplate\":\"https:\/\/noti-america.com\/site\/colombia\/?s={search_term_string}\"},\"query-input\":{\"@type\":\"PropertyValueSpecification\",\"valueRequired\":true,\"valueName\":\"search_term_string\"}}],\"inLanguage\":\"es\"},{\"@type\":\"Person\",\"@id\":\"https:\/\/noti-america.com\/site\/colombia\/#\/schema\/person\/cbe765ce6466f69388037918684cdbc1\",\"name\":\"Silvia S\u00e1nchez\",\"image\":{\"@type\":\"ImageObject\",\"inLanguage\":\"es\",\"@id\":\"https:\/\/secure.gravatar.com\/avatar\/2287cfc8de78326c0baee5bffce79d09df06b397cb6bd0bce79b2faf6d45aa43?s=96&d=mm&r=g\",\"url\":\"https:\/\/secure.gravatar.com\/avatar\/2287cfc8de78326c0baee5bffce79d09df06b397cb6bd0bce79b2faf6d45aa43?s=96&d=mm&r=g\",\"contentUrl\":\"https:\/\/secure.gravatar.com\/avatar\/2287cfc8de78326c0baee5bffce79d09df06b397cb6bd0bce79b2faf6d45aa43?s=96&d=mm&r=g\",\"caption\":\"Silvia S\u00e1nchez\"},\"url\":\"https:\/\/noti-america.com\/site\/colombia\/author\/ssanchez\/\"}]}<\/script>\n<!-- \/ Yoast SEO Premium plugin. -->","yoast_head_json":{"title":"Minga ind\u00edgena, camino para Bogot\u00e1 - Colombia | Noti-America.com","robots":{"index":"index","follow":"follow","max-snippet":"max-snippet:-1","max-image-preview":"max-image-preview:large","max-video-preview":"max-video-preview:-1"},"canonical":"https:\/\/noti-america.com\/site\/colombia\/2020\/10\/16\/minga-indigena-camino-para-bogota\/","og_locale":"es_ES","og_type":"article","og_title":"Minga ind\u00edgena, camino para Bogot\u00e1","og_description":"El lunes estar\u00eda llegando a la capital. M\u00e1s de 10.000 ind\u00edgenas emprendieron su camino para la capital de Colombia. Temas como asesinatos a l\u00edderes sociales, masacres e inseguridad en sus territorios, son los que&#46;&#46;&#46;","og_url":"https:\/\/noti-america.com\/site\/colombia\/2020\/10\/16\/minga-indigena-camino-para-bogota\/","og_site_name":"Colombia | Noti-America.com","article_published_time":"2020-10-16T03:10:45+00:00","og_image":[{"width":720,"height":701,"url":"https:\/\/noti-america.com\/site\/colombia\/wp-content\/uploads\/sites\/20\/2020\/10\/IMG_20201015_220631.jpg","type":"image\/jpeg"}],"author":"Silvia S\u00e1nchez","twitter_card":"summary_large_image","twitter_creator":"@notiamerica","twitter_site":"@notiamerica","twitter_misc":{"Escrito por":"Silvia S\u00e1nchez","Tiempo estimado de lectura":"1 minuto"},"schema":{"@context":"https:\/\/schema.org","@graph":[{"@type":"Article","@id":"https:\/\/noti-america.com\/site\/colombia\/2020\/10\/16\/minga-indigena-camino-para-bogota\/#article","isPartOf":{"@id":"https:\/\/noti-america.com\/site\/colombia\/2020\/10\/16\/minga-indigena-camino-para-bogota\/"},"author":{"name":"Silvia S\u00e1nchez","@id":"https:\/\/noti-america.com\/site\/colombia\/#\/schema\/person\/cbe765ce6466f69388037918684cdbc1"},"headline":"Minga ind\u00edgena, camino para Bogot\u00e1","datePublished":"2020-10-16T03:10:45+00:00","mainEntityOfPage":{"@id":"https:\/\/noti-america.com\/site\/colombia\/2020\/10\/16\/minga-indigena-camino-para-bogota\/"},"wordCount":250,"commentCount":0,"image":{"@id":"https:\/\/noti-america.com\/site\/colombia\/2020\/10\/16\/minga-indigena-camino-para-bogota\/#primaryimage"},"thumbnailUrl":"https:\/\/noti-america.com\/site\/colombia\/wp-content\/uploads\/sites\/20\/2020\/10\/IMG_20201015_220631.jpg","articleSection":["Comunidades"],"inLanguage":"es","potentialAction":[{"@type":"CommentAction","name":"Comment","target":["https:\/\/noti-america.com\/site\/colombia\/2020\/10\/16\/minga-indigena-camino-para-bogota\/#respond"]}]},{"@type":"WebPage","@id":"https:\/\/noti-america.com\/site\/colombia\/2020\/10\/16\/minga-indigena-camino-para-bogota\/","url":"https:\/\/noti-america.com\/site\/colombia\/2020\/10\/16\/minga-indigena-camino-para-bogota\/","name":"Minga ind\u00edgena, camino para Bogot\u00e1 - Colombia | Noti-America.com","isPartOf":{"@id":"https:\/\/noti-america.com\/site\/colombia\/#website"},"primaryImageOfPage":{"@id":"https:\/\/noti-america.com\/site\/colombia\/2020\/10\/16\/minga-indigena-camino-para-bogota\/#primaryimage"},"image":{"@id":"https:\/\/noti-america.com\/site\/colombia\/2020\/10\/16\/minga-indigena-camino-para-bogota\/#primaryimage"},"thumbnailUrl":"https:\/\/noti-america.com\/site\/colombia\/wp-content\/uploads\/sites\/20\/2020\/10\/IMG_20201015_220631.jpg","datePublished":"2020-10-16T03:10:45+00:00","author":{"@id":"https:\/\/noti-america.com\/site\/colombia\/#\/schema\/person\/cbe765ce6466f69388037918684cdbc1"},"breadcrumb":{"@id":"https:\/\/noti-america.com\/site\/colombia\/2020\/10\/16\/minga-indigena-camino-para-bogota\/#breadcrumb"},"inLanguage":"es","potentialAction":[{"@type":"ReadAction","target":["https:\/\/noti-america.com\/site\/colombia\/2020\/10\/16\/minga-indigena-camino-para-bogota\/"]}]},{"@type":"ImageObject","inLanguage":"es","@id":"https:\/\/noti-america.com\/site\/colombia\/2020\/10\/16\/minga-indigena-camino-para-bogota\/#primaryimage","url":"https:\/\/noti-america.com\/site\/colombia\/wp-content\/uploads\/sites\/20\/2020\/10\/IMG_20201015_220631.jpg","contentUrl":"https:\/\/noti-america.com\/site\/colombia\/wp-content\/uploads\/sites\/20\/2020\/10\/IMG_20201015_220631.jpg","width":720,"height":701},{"@type":"BreadcrumbList","@id":"https:\/\/noti-america.com\/site\/colombia\/2020\/10\/16\/minga-indigena-camino-para-bogota\/#breadcrumb","itemListElement":[{"@type":"ListItem","position":1,"name":"Portada","item":"https:\/\/noti-america.com\/site\/colombia\/"},{"@type":"ListItem","position":2,"name":"Minga ind\u00edgena, camino para Bogot\u00e1"}]},{"@type":"WebSite","@id":"https:\/\/noti-america.com\/site\/colombia\/#website","url":"https:\/\/noti-america.com\/site\/colombia\/","name":"Colombia | Noti-America.com","description":"","potentialAction":[{"@type":"SearchAction","target":{"@type":"EntryPoint","urlTemplate":"https:\/\/noti-america.com\/site\/colombia\/?s={search_term_string}"},"query-input":{"@type":"PropertyValueSpecification","valueRequired":true,"valueName":"search_term_string"}}],"inLanguage":"es"},{"@type":"Person","@id":"https:\/\/noti-america.com\/site\/colombia\/#\/schema\/person\/cbe765ce6466f69388037918684cdbc1","name":"Silvia S\u00e1nchez","image":{"@type":"ImageObject","inLanguage":"es","@id":"https:\/\/secure.gravatar.com\/avatar\/2287cfc8de78326c0baee5bffce79d09df06b397cb6bd0bce79b2faf6d45aa43?s=96&d=mm&r=g","url":"https:\/\/secure.gravatar.com\/avatar\/2287cfc8de78326c0baee5bffce79d09df06b397cb6bd0bce79b2faf6d45aa43?s=96&d=mm&r=g","contentUrl":"https:\/\/secure.gravatar.com\/avatar\/2287cfc8de78326c0baee5bffce79d09df06b397cb6bd0bce79b2faf6d45aa43?s=96&d=mm&r=g","caption":"Silvia S\u00e1nchez"},"url":"https:\/\/noti-america.com\/site\/colombia\/author\/ssanchez\/"}]}},"_links":{"self":[{"href":"https:\/\/noti-america.com\/site\/colombia\/wp-json\/wp\/v2\/posts\/6191","targetHints":{"allow":["GET"]}}],"collection":[{"href":"https:\/\/noti-america.com\/site\/colombia\/wp-json\/wp\/v2\/posts"}],"about":[{"href":"https:\/\/noti-america.com\/site\/colombia\/wp-json\/wp\/v2\/types\/post"}],"author":[{"embeddable":true,"href":"https:\/\/noti-america.com\/site\/colombia\/wp-json\/wp\/v2\/users\/85"}],"replies":[{"embeddable":true,"href":"https:\/\/noti-america.com\/site\/colombia\/wp-json\/wp\/v2\/comments?post=6191"}],"version-history":[{"count":2,"href":"https:\/\/noti-america.com\/site\/colombia\/wp-json\/wp\/v2\/posts\/6191\/revisions"}],"predecessor-version":[{"id":6196,"href":"https:\/\/noti-america.com\/site\/colombia\/wp-json\/wp\/v2\/posts\/6191\/revisions\/6196"}],"wp:featuredmedia":[{"embeddable":true,"href":"https:\/\/noti-america.com\/site\/colombia\/wp-json\/wp\/v2\/media\/6192"}],"wp:attachment":[{"href":"https:\/\/noti-america.com\/site\/colombia\/wp-json\/wp\/v2\/media?parent=6191"}],"wp:term":[{"taxonomy":"category","embeddable":true,"href":"https:\/\/noti-america.com\/site\/colombia\/wp-json\/wp\/v2\/categories?post=6191"},{"taxonomy":"post_tag","embeddable":true,"href":"https:\/\/noti-america.com\/site\/colombia\/wp-json\/wp\/v2\/tags?post=6191"}],"curies":[{"name":"wp","href":"https:\/\/api.w.org\/{rel}","templated":true}]}}