{"id":6136,"date":"2020-10-14T12:55:29","date_gmt":"2020-10-14T12:55:29","guid":{"rendered":"https:\/\/noti-america.com\/site\/colombia\/?p=6136"},"modified":"2020-10-14T12:55:29","modified_gmt":"2020-10-14T12:55:29","slug":"impactante-video-de-tragico-accidente-en-chia-cundinamarca","status":"publish","type":"post","link":"https:\/\/noti-america.com\/site\/colombia\/2020\/10\/14\/impactante-video-de-tragico-accidente-en-chia-cundinamarca\/","title":{"rendered":"Impactante video de tr\u00e1gico accidente en Ch\u00eda, Cundinamarca"},"content":{"rendered":"<p style=\"text-align: justify\"><img loading=\"lazy\" decoding=\"async\" class=\"size-medium wp-image-6138 aligncenter\" src=\"https:\/\/noti-america.com\/site\/colombia\/wp-content\/uploads\/sites\/20\/2020\/10\/accidente-300x223.png\" alt=\"\" width=\"300\" height=\"223\" srcset=\"https:\/\/noti-america.com\/site\/colombia\/wp-content\/uploads\/sites\/20\/2020\/10\/accidente-300x223.png 300w, https:\/\/noti-america.com\/site\/colombia\/wp-content\/uploads\/sites\/20\/2020\/10\/accidente.png 554w\" sizes=\"auto, (max-width: 300px) 100vw, 300px\" \/><br \/>\n<em>Ciclista falleci\u00f3 luego de ser embestido y caer del puente La Caro.<\/em><\/p>\n<p style=\"text-align: justify\">\nJos\u00e9 Antonio Duarte, un vigilante de 56 a\u00f1os muri\u00f3 tras sufrir un grave accidente en la v\u00eda Bogot\u00e1 &#8211; Tunja cuando se dirig\u00eda en su bicicleta a Sop\u00f3 en su d\u00eda de descanso. El conductor de un furg\u00f3n lo embisti\u00f3 por detr\u00e1s, ocasionando que cayera del puente La Caro, a una altura de 4.5 metros. Los hechos ocurrieron el pasado viernes 9 de octubre a las 9:01 a.m., tal como lo evidencia el impactante video que gener\u00f3 el rechazo de la ciudadan\u00eda, en el que adem\u00e1s se ve como, luego de embestirlo, el conductor del furg\u00f3n toma el otro carril y huye, mientras que en el puente, los veh\u00edculos se detienen al lado de la bicicleta y abajo, otros conductores buscan socorrer al hombre, quien es trasladado a la Cl\u00ednica de La Sabana, donde fallece.<br \/>\nLa muerte de este padre de familia, amante de la bici, conmocion\u00f3 al pa\u00eds y a \u00edconos del deporte como el campe\u00f3n del Tour de Francia 2019, Egan Bernal, quien reaccion\u00f3 en sus redes sociales:<\/p>\n<blockquote class=\"twitter-tweet\" data-width=\"500\" data-dnt=\"true\">\n<p lang=\"es\" dir=\"ltr\">H\u00e1ganme el HP favor&#8230; \ud83e\udd26\ud83c\udffd\u200d\u2642\ufe0f Y as\u00ed de f\u00e1cil acaban con la vida de una persona. Que tristeza e impotencia siento al ver esto. Pas\u00f3 ayer en Chia, muy cerca de donde yo vivo. Espero haya justicia!! Mi solidaridad con su familia. \ud83d\ude4f\ud83c\udffd <a href=\"https:\/\/t.co\/tsPWDAW3Rs\">pic.twitter.com\/tsPWDAW3Rs<\/a><\/p>\n<p>&mdash; Egan Arley Bernal (@Eganbernal) <a href=\"https:\/\/twitter.com\/Eganbernal\/status\/1315358267997130752?ref_src=twsrc%5Etfw\">October 11, 2020<\/a><\/p><\/blockquote>\n<p><script async src=\"https:\/\/platform.twitter.com\/widgets.js\" charset=\"utf-8\"><\/script><\/p>\n<blockquote class=\"twitter-tweet\" data-width=\"500\" data-dnt=\"true\">\n<p lang=\"es\" dir=\"ltr\">Lugar donde fue asesinado el ciclista. Nada justifica el accionar del conductor. <a href=\"https:\/\/twitter.com\/PoliciaColombia?ref_src=twsrc%5Etfw\">@PoliciaColombia<\/a> <a href=\"https:\/\/twitter.com\/Accenorte?ref_src=twsrc%5Etfw\">@Accenorte<\/a> <a href=\"https:\/\/twitter.com\/SectorMovilidad?ref_src=twsrc%5Etfw\">@SectorMovilidad<\/a> <a href=\"https:\/\/twitter.com\/ClaudiaLopez?ref_src=twsrc%5Etfw\">@ClaudiaLopez<\/a> <a href=\"https:\/\/twitter.com\/hashtag\/Asesino?src=hash&amp;ref_src=twsrc%5Etfw\">#Asesino<\/a> <a href=\"https:\/\/t.co\/bZsdZZJMLy\">pic.twitter.com\/bZsdZZJMLy<\/a><\/p>\n<p>&mdash; Andr\u00e9s Parra (@SoyAndresParra) <a href=\"https:\/\/twitter.com\/SoyAndresParra\/status\/1315330635012210689?ref_src=twsrc%5Etfw\">October 11, 2020<\/a><\/p><\/blockquote>\n<p><script async src=\"https:\/\/platform.twitter.com\/widgets.js\" charset=\"utf-8\"><\/script><\/p>\n<p style=\"text-align: justify\">\n<strong>El caso<\/strong><br \/>\nEl conductor del furg\u00f3n que hab\u00eda huido luego del accidente fue detenido en Sop\u00f3, pero m\u00e1s tarde fue dejado en libertad al no ser encontrado en flagrancia. El hombre contin\u00faa vinculado al proceso.<\/p>\n<blockquote class=\"twitter-tweet\" data-width=\"500\" data-dnt=\"true\">\n<p lang=\"es\" dir=\"ltr\">Conductor que atropell\u00f3 y arroj\u00f3 del puente al ciclista fue capturado, lamentablemente fue dejado en libertad al no ser encontrado en flagrancia. Video que muestra los hechos es aterrador. Los ciclistas no pueden seguir siendo v\u00edctimas de este tipo de situaciones. \u00a1NO M\u00c1S!<\/p>\n<p>&mdash; Nicol\u00e1s Garc\u00eda Bustos (@nicolasgarciab) <a href=\"https:\/\/twitter.com\/nicolasgarciab\/status\/1315319196440559618?ref_src=twsrc%5Etfw\">October 11, 2020<\/a><\/p><\/blockquote>\n<p><script async src=\"https:\/\/platform.twitter.com\/widgets.js\" charset=\"utf-8\"><\/script><\/p>\n<p>&nbsp;<\/p>\n<p style=\"text-align: justify\">En lo corrido del a\u00f1o han fallecido 35 ciclistas en Cundinamarca.<\/p>\n","protected":false},"excerpt":{"rendered":"<p>Ciclista falleci\u00f3 luego de ser embestido y caer del puente La Caro. Jos\u00e9 Antonio Duarte, un vigilante de 56 a\u00f1os muri\u00f3 tras sufrir un grave accidente en la v\u00eda Bogot\u00e1 &#8211; Tunja cuando se&#46;&#46;&#46;<\/p>\n","protected":false},"author":85,"featured_media":6138,"comment_status":"open","ping_status":"open","sticky":false,"template":"","format":"standard","meta":{"_acf_changed":false,"om_disable_all_campaigns":false,"rop_custom_images_group":[],"rop_custom_messages_group":[],"rop_publish_now":"initial","rop_publish_now_accounts":{"twitter_242054905_242054905":""},"rop_publish_now_history":[],"rop_publish_now_status":"pending","_uf_show_specific_survey":0,"_uf_disable_surveys":false,"footnotes":""},"categories":[174],"tags":[],"class_list":["post-6136","post","type-post","status-publish","format-standard","has-post-thumbnail","hentry","category-judicial"],"acf":[],"aioseo_notices":[],"yoast_head":"<!-- This site is optimized with the Yoast SEO Premium plugin v24.9 (Yoast SEO v27.2) - https:\/\/yoast.com\/product\/yoast-seo-premium-wordpress\/ -->\n<title>Impactante video de tr\u00e1gico accidente en Ch\u00eda, Cundinamarca - Colombia | Noti-America.com<\/title>\n<meta name=\"robots\" content=\"index, follow, max-snippet:-1, max-image-preview:large, max-video-preview:-1\" \/>\n<link rel=\"canonical\" href=\"https:\/\/noti-america.com\/site\/colombia\/2020\/10\/14\/impactante-video-de-tragico-accidente-en-chia-cundinamarca\/\" \/>\n<meta property=\"og:locale\" content=\"es_ES\" \/>\n<meta property=\"og:type\" content=\"article\" \/>\n<meta property=\"og:title\" content=\"Impactante video de tr\u00e1gico accidente en Ch\u00eda, Cundinamarca\" \/>\n<meta property=\"og:description\" content=\"Ciclista falleci\u00f3 luego de ser embestido y caer del puente La Caro. Jos\u00e9 Antonio Duarte, un vigilante de 56 a\u00f1os muri\u00f3 tras sufrir un grave accidente en la v\u00eda Bogot\u00e1 &#8211; Tunja cuando se&#046;&#046;&#046;\" \/>\n<meta property=\"og:url\" content=\"https:\/\/noti-america.com\/site\/colombia\/2020\/10\/14\/impactante-video-de-tragico-accidente-en-chia-cundinamarca\/\" \/>\n<meta property=\"og:site_name\" content=\"Colombia | Noti-America.com\" \/>\n<meta property=\"article:published_time\" content=\"2020-10-14T12:55:29+00:00\" \/>\n<meta property=\"og:image\" content=\"https:\/\/noti-america.com\/site\/colombia\/wp-content\/uploads\/sites\/20\/2020\/10\/accidente.png\" \/>\n\t<meta property=\"og:image:width\" content=\"554\" \/>\n\t<meta property=\"og:image:height\" content=\"411\" \/>\n\t<meta property=\"og:image:type\" content=\"image\/png\" \/>\n<meta name=\"author\" content=\"Silvia S\u00e1nchez\" \/>\n<meta name=\"twitter:card\" content=\"summary_large_image\" \/>\n<meta name=\"twitter:creator\" content=\"@notiamerica\" \/>\n<meta name=\"twitter:site\" content=\"@notiamerica\" \/>\n<meta name=\"twitter:label1\" content=\"Escrito por\" \/>\n\t<meta name=\"twitter:data1\" content=\"Silvia S\u00e1nchez\" \/>\n\t<meta name=\"twitter:label2\" content=\"Tiempo estimado de lectura\" \/>\n\t<meta name=\"twitter:data2\" content=\"1 minuto\" \/>\n<script type=\"application\/ld+json\" class=\"yoast-schema-graph\">{\"@context\":\"https:\/\/schema.org\",\"@graph\":[{\"@type\":\"Article\",\"@id\":\"https:\/\/noti-america.com\/site\/colombia\/2020\/10\/14\/impactante-video-de-tragico-accidente-en-chia-cundinamarca\/#article\",\"isPartOf\":{\"@id\":\"https:\/\/noti-america.com\/site\/colombia\/2020\/10\/14\/impactante-video-de-tragico-accidente-en-chia-cundinamarca\/\"},\"author\":{\"name\":\"Silvia S\u00e1nchez\",\"@id\":\"https:\/\/noti-america.com\/site\/colombia\/#\/schema\/person\/cbe765ce6466f69388037918684cdbc1\"},\"headline\":\"Impactante video de tr\u00e1gico accidente en Ch\u00eda, Cundinamarca\",\"datePublished\":\"2020-10-14T12:55:29+00:00\",\"mainEntityOfPage\":{\"@id\":\"https:\/\/noti-america.com\/site\/colombia\/2020\/10\/14\/impactante-video-de-tragico-accidente-en-chia-cundinamarca\/\"},\"wordCount\":270,\"commentCount\":0,\"image\":{\"@id\":\"https:\/\/noti-america.com\/site\/colombia\/2020\/10\/14\/impactante-video-de-tragico-accidente-en-chia-cundinamarca\/#primaryimage\"},\"thumbnailUrl\":\"https:\/\/noti-america.com\/site\/colombia\/wp-content\/uploads\/sites\/20\/2020\/10\/accidente.png\",\"articleSection\":[\"Judicial\"],\"inLanguage\":\"es\",\"potentialAction\":[{\"@type\":\"CommentAction\",\"name\":\"Comment\",\"target\":[\"https:\/\/noti-america.com\/site\/colombia\/2020\/10\/14\/impactante-video-de-tragico-accidente-en-chia-cundinamarca\/#respond\"]}]},{\"@type\":\"WebPage\",\"@id\":\"https:\/\/noti-america.com\/site\/colombia\/2020\/10\/14\/impactante-video-de-tragico-accidente-en-chia-cundinamarca\/\",\"url\":\"https:\/\/noti-america.com\/site\/colombia\/2020\/10\/14\/impactante-video-de-tragico-accidente-en-chia-cundinamarca\/\",\"name\":\"Impactante video de tr\u00e1gico accidente en Ch\u00eda, Cundinamarca - Colombia | Noti-America.com\",\"isPartOf\":{\"@id\":\"https:\/\/noti-america.com\/site\/colombia\/#website\"},\"primaryImageOfPage\":{\"@id\":\"https:\/\/noti-america.com\/site\/colombia\/2020\/10\/14\/impactante-video-de-tragico-accidente-en-chia-cundinamarca\/#primaryimage\"},\"image\":{\"@id\":\"https:\/\/noti-america.com\/site\/colombia\/2020\/10\/14\/impactante-video-de-tragico-accidente-en-chia-cundinamarca\/#primaryimage\"},\"thumbnailUrl\":\"https:\/\/noti-america.com\/site\/colombia\/wp-content\/uploads\/sites\/20\/2020\/10\/accidente.png\",\"datePublished\":\"2020-10-14T12:55:29+00:00\",\"author\":{\"@id\":\"https:\/\/noti-america.com\/site\/colombia\/#\/schema\/person\/cbe765ce6466f69388037918684cdbc1\"},\"breadcrumb\":{\"@id\":\"https:\/\/noti-america.com\/site\/colombia\/2020\/10\/14\/impactante-video-de-tragico-accidente-en-chia-cundinamarca\/#breadcrumb\"},\"inLanguage\":\"es\",\"potentialAction\":[{\"@type\":\"ReadAction\",\"target\":[\"https:\/\/noti-america.com\/site\/colombia\/2020\/10\/14\/impactante-video-de-tragico-accidente-en-chia-cundinamarca\/\"]}]},{\"@type\":\"ImageObject\",\"inLanguage\":\"es\",\"@id\":\"https:\/\/noti-america.com\/site\/colombia\/2020\/10\/14\/impactante-video-de-tragico-accidente-en-chia-cundinamarca\/#primaryimage\",\"url\":\"https:\/\/noti-america.com\/site\/colombia\/wp-content\/uploads\/sites\/20\/2020\/10\/accidente.png\",\"contentUrl\":\"https:\/\/noti-america.com\/site\/colombia\/wp-content\/uploads\/sites\/20\/2020\/10\/accidente.png\",\"width\":554,\"height\":411},{\"@type\":\"BreadcrumbList\",\"@id\":\"https:\/\/noti-america.com\/site\/colombia\/2020\/10\/14\/impactante-video-de-tragico-accidente-en-chia-cundinamarca\/#breadcrumb\",\"itemListElement\":[{\"@type\":\"ListItem\",\"position\":1,\"name\":\"Portada\",\"item\":\"https:\/\/noti-america.com\/site\/colombia\/\"},{\"@type\":\"ListItem\",\"position\":2,\"name\":\"Impactante video de tr\u00e1gico accidente en Ch\u00eda, Cundinamarca\"}]},{\"@type\":\"WebSite\",\"@id\":\"https:\/\/noti-america.com\/site\/colombia\/#website\",\"url\":\"https:\/\/noti-america.com\/site\/colombia\/\",\"name\":\"Colombia | Noti-America.com\",\"description\":\"\",\"potentialAction\":[{\"@type\":\"SearchAction\",\"target\":{\"@type\":\"EntryPoint\",\"urlTemplate\":\"https:\/\/noti-america.com\/site\/colombia\/?s={search_term_string}\"},\"query-input\":{\"@type\":\"PropertyValueSpecification\",\"valueRequired\":true,\"valueName\":\"search_term_string\"}}],\"inLanguage\":\"es\"},{\"@type\":\"Person\",\"@id\":\"https:\/\/noti-america.com\/site\/colombia\/#\/schema\/person\/cbe765ce6466f69388037918684cdbc1\",\"name\":\"Silvia S\u00e1nchez\",\"image\":{\"@type\":\"ImageObject\",\"inLanguage\":\"es\",\"@id\":\"https:\/\/secure.gravatar.com\/avatar\/2287cfc8de78326c0baee5bffce79d09df06b397cb6bd0bce79b2faf6d45aa43?s=96&d=mm&r=g\",\"url\":\"https:\/\/secure.gravatar.com\/avatar\/2287cfc8de78326c0baee5bffce79d09df06b397cb6bd0bce79b2faf6d45aa43?s=96&d=mm&r=g\",\"contentUrl\":\"https:\/\/secure.gravatar.com\/avatar\/2287cfc8de78326c0baee5bffce79d09df06b397cb6bd0bce79b2faf6d45aa43?s=96&d=mm&r=g\",\"caption\":\"Silvia S\u00e1nchez\"},\"url\":\"https:\/\/noti-america.com\/site\/colombia\/author\/ssanchez\/\"}]}<\/script>\n<!-- \/ Yoast SEO Premium plugin. -->","yoast_head_json":{"title":"Impactante video de tr\u00e1gico accidente en Ch\u00eda, Cundinamarca - Colombia | Noti-America.com","robots":{"index":"index","follow":"follow","max-snippet":"max-snippet:-1","max-image-preview":"max-image-preview:large","max-video-preview":"max-video-preview:-1"},"canonical":"https:\/\/noti-america.com\/site\/colombia\/2020\/10\/14\/impactante-video-de-tragico-accidente-en-chia-cundinamarca\/","og_locale":"es_ES","og_type":"article","og_title":"Impactante video de tr\u00e1gico accidente en Ch\u00eda, Cundinamarca","og_description":"Ciclista falleci\u00f3 luego de ser embestido y caer del puente La Caro. Jos\u00e9 Antonio Duarte, un vigilante de 56 a\u00f1os muri\u00f3 tras sufrir un grave accidente en la v\u00eda Bogot\u00e1 &#8211; Tunja cuando se&#46;&#46;&#46;","og_url":"https:\/\/noti-america.com\/site\/colombia\/2020\/10\/14\/impactante-video-de-tragico-accidente-en-chia-cundinamarca\/","og_site_name":"Colombia | Noti-America.com","article_published_time":"2020-10-14T12:55:29+00:00","og_image":[{"width":554,"height":411,"url":"https:\/\/noti-america.com\/site\/colombia\/wp-content\/uploads\/sites\/20\/2020\/10\/accidente.png","type":"image\/png"}],"author":"Silvia S\u00e1nchez","twitter_card":"summary_large_image","twitter_creator":"@notiamerica","twitter_site":"@notiamerica","twitter_misc":{"Escrito por":"Silvia S\u00e1nchez","Tiempo estimado de lectura":"1 minuto"},"schema":{"@context":"https:\/\/schema.org","@graph":[{"@type":"Article","@id":"https:\/\/noti-america.com\/site\/colombia\/2020\/10\/14\/impactante-video-de-tragico-accidente-en-chia-cundinamarca\/#article","isPartOf":{"@id":"https:\/\/noti-america.com\/site\/colombia\/2020\/10\/14\/impactante-video-de-tragico-accidente-en-chia-cundinamarca\/"},"author":{"name":"Silvia S\u00e1nchez","@id":"https:\/\/noti-america.com\/site\/colombia\/#\/schema\/person\/cbe765ce6466f69388037918684cdbc1"},"headline":"Impactante video de tr\u00e1gico accidente en Ch\u00eda, Cundinamarca","datePublished":"2020-10-14T12:55:29+00:00","mainEntityOfPage":{"@id":"https:\/\/noti-america.com\/site\/colombia\/2020\/10\/14\/impactante-video-de-tragico-accidente-en-chia-cundinamarca\/"},"wordCount":270,"commentCount":0,"image":{"@id":"https:\/\/noti-america.com\/site\/colombia\/2020\/10\/14\/impactante-video-de-tragico-accidente-en-chia-cundinamarca\/#primaryimage"},"thumbnailUrl":"https:\/\/noti-america.com\/site\/colombia\/wp-content\/uploads\/sites\/20\/2020\/10\/accidente.png","articleSection":["Judicial"],"inLanguage":"es","potentialAction":[{"@type":"CommentAction","name":"Comment","target":["https:\/\/noti-america.com\/site\/colombia\/2020\/10\/14\/impactante-video-de-tragico-accidente-en-chia-cundinamarca\/#respond"]}]},{"@type":"WebPage","@id":"https:\/\/noti-america.com\/site\/colombia\/2020\/10\/14\/impactante-video-de-tragico-accidente-en-chia-cundinamarca\/","url":"https:\/\/noti-america.com\/site\/colombia\/2020\/10\/14\/impactante-video-de-tragico-accidente-en-chia-cundinamarca\/","name":"Impactante video de tr\u00e1gico accidente en Ch\u00eda, Cundinamarca - Colombia | Noti-America.com","isPartOf":{"@id":"https:\/\/noti-america.com\/site\/colombia\/#website"},"primaryImageOfPage":{"@id":"https:\/\/noti-america.com\/site\/colombia\/2020\/10\/14\/impactante-video-de-tragico-accidente-en-chia-cundinamarca\/#primaryimage"},"image":{"@id":"https:\/\/noti-america.com\/site\/colombia\/2020\/10\/14\/impactante-video-de-tragico-accidente-en-chia-cundinamarca\/#primaryimage"},"thumbnailUrl":"https:\/\/noti-america.com\/site\/colombia\/wp-content\/uploads\/sites\/20\/2020\/10\/accidente.png","datePublished":"2020-10-14T12:55:29+00:00","author":{"@id":"https:\/\/noti-america.com\/site\/colombia\/#\/schema\/person\/cbe765ce6466f69388037918684cdbc1"},"breadcrumb":{"@id":"https:\/\/noti-america.com\/site\/colombia\/2020\/10\/14\/impactante-video-de-tragico-accidente-en-chia-cundinamarca\/#breadcrumb"},"inLanguage":"es","potentialAction":[{"@type":"ReadAction","target":["https:\/\/noti-america.com\/site\/colombia\/2020\/10\/14\/impactante-video-de-tragico-accidente-en-chia-cundinamarca\/"]}]},{"@type":"ImageObject","inLanguage":"es","@id":"https:\/\/noti-america.com\/site\/colombia\/2020\/10\/14\/impactante-video-de-tragico-accidente-en-chia-cundinamarca\/#primaryimage","url":"https:\/\/noti-america.com\/site\/colombia\/wp-content\/uploads\/sites\/20\/2020\/10\/accidente.png","contentUrl":"https:\/\/noti-america.com\/site\/colombia\/wp-content\/uploads\/sites\/20\/2020\/10\/accidente.png","width":554,"height":411},{"@type":"BreadcrumbList","@id":"https:\/\/noti-america.com\/site\/colombia\/2020\/10\/14\/impactante-video-de-tragico-accidente-en-chia-cundinamarca\/#breadcrumb","itemListElement":[{"@type":"ListItem","position":1,"name":"Portada","item":"https:\/\/noti-america.com\/site\/colombia\/"},{"@type":"ListItem","position":2,"name":"Impactante video de tr\u00e1gico accidente en Ch\u00eda, Cundinamarca"}]},{"@type":"WebSite","@id":"https:\/\/noti-america.com\/site\/colombia\/#website","url":"https:\/\/noti-america.com\/site\/colombia\/","name":"Colombia | Noti-America.com","description":"","potentialAction":[{"@type":"SearchAction","target":{"@type":"EntryPoint","urlTemplate":"https:\/\/noti-america.com\/site\/colombia\/?s={search_term_string}"},"query-input":{"@type":"PropertyValueSpecification","valueRequired":true,"valueName":"search_term_string"}}],"inLanguage":"es"},{"@type":"Person","@id":"https:\/\/noti-america.com\/site\/colombia\/#\/schema\/person\/cbe765ce6466f69388037918684cdbc1","name":"Silvia S\u00e1nchez","image":{"@type":"ImageObject","inLanguage":"es","@id":"https:\/\/secure.gravatar.com\/avatar\/2287cfc8de78326c0baee5bffce79d09df06b397cb6bd0bce79b2faf6d45aa43?s=96&d=mm&r=g","url":"https:\/\/secure.gravatar.com\/avatar\/2287cfc8de78326c0baee5bffce79d09df06b397cb6bd0bce79b2faf6d45aa43?s=96&d=mm&r=g","contentUrl":"https:\/\/secure.gravatar.com\/avatar\/2287cfc8de78326c0baee5bffce79d09df06b397cb6bd0bce79b2faf6d45aa43?s=96&d=mm&r=g","caption":"Silvia S\u00e1nchez"},"url":"https:\/\/noti-america.com\/site\/colombia\/author\/ssanchez\/"}]}},"_links":{"self":[{"href":"https:\/\/noti-america.com\/site\/colombia\/wp-json\/wp\/v2\/posts\/6136","targetHints":{"allow":["GET"]}}],"collection":[{"href":"https:\/\/noti-america.com\/site\/colombia\/wp-json\/wp\/v2\/posts"}],"about":[{"href":"https:\/\/noti-america.com\/site\/colombia\/wp-json\/wp\/v2\/types\/post"}],"author":[{"embeddable":true,"href":"https:\/\/noti-america.com\/site\/colombia\/wp-json\/wp\/v2\/users\/85"}],"replies":[{"embeddable":true,"href":"https:\/\/noti-america.com\/site\/colombia\/wp-json\/wp\/v2\/comments?post=6136"}],"version-history":[{"count":1,"href":"https:\/\/noti-america.com\/site\/colombia\/wp-json\/wp\/v2\/posts\/6136\/revisions"}],"predecessor-version":[{"id":6139,"href":"https:\/\/noti-america.com\/site\/colombia\/wp-json\/wp\/v2\/posts\/6136\/revisions\/6139"}],"wp:featuredmedia":[{"embeddable":true,"href":"https:\/\/noti-america.com\/site\/colombia\/wp-json\/wp\/v2\/media\/6138"}],"wp:attachment":[{"href":"https:\/\/noti-america.com\/site\/colombia\/wp-json\/wp\/v2\/media?parent=6136"}],"wp:term":[{"taxonomy":"category","embeddable":true,"href":"https:\/\/noti-america.com\/site\/colombia\/wp-json\/wp\/v2\/categories?post=6136"},{"taxonomy":"post_tag","embeddable":true,"href":"https:\/\/noti-america.com\/site\/colombia\/wp-json\/wp\/v2\/tags?post=6136"}],"curies":[{"name":"wp","href":"https:\/\/api.w.org\/{rel}","templated":true}]}}