{"id":6038,"date":"2020-10-03T15:50:26","date_gmt":"2020-10-03T15:50:26","guid":{"rendered":"https:\/\/noti-america.com\/site\/colombia\/?p=6038"},"modified":"2020-10-03T15:50:26","modified_gmt":"2020-10-03T15:50:26","slug":"hallan-sin-vida-a-campo-elias-galindo-lider-y-coordinador-de-colombia-humana-en-medellin","status":"publish","type":"post","link":"https:\/\/noti-america.com\/site\/colombia\/2020\/10\/03\/hallan-sin-vida-a-campo-elias-galindo-lider-y-coordinador-de-colombia-humana-en-medellin\/","title":{"rendered":"Hallan sin vida a Campo El\u00edas Galindo, l\u00edder y coordinador de Colombia Humana en Medell\u00edn"},"content":{"rendered":"<p style=\"text-align: justify\"><img loading=\"lazy\" decoding=\"async\" class=\"size-medium wp-image-6039 aligncenter\" src=\"https:\/\/noti-america.com\/site\/colombia\/wp-content\/uploads\/sites\/20\/2020\/10\/Campo-Elias-Galindo-300x204.jpg\" alt=\"\" width=\"300\" height=\"204\" srcset=\"https:\/\/noti-america.com\/site\/colombia\/wp-content\/uploads\/sites\/20\/2020\/10\/Campo-Elias-Galindo-300x204.jpg 300w, https:\/\/noti-america.com\/site\/colombia\/wp-content\/uploads\/sites\/20\/2020\/10\/Campo-Elias-Galindo.jpg 696w\" sizes=\"auto, (max-width: 300px) 100vw, 300px\" \/><\/p>\n<p style=\"text-align: justify\"><em><span style=\"font-weight: 400\">Un familiar lo encontr\u00f3 muerto en su apartamento y di\u00f3 aviso a las autoridades.<\/span><\/em><\/p>\n<p style=\"text-align: justify\"><span style=\"font-weight: 400\">Campo El\u00edas Galindo se desempe\u00f1aba como profesor y l\u00edder social, pensionado de la Universidad Nacional de Colombia, hac\u00eda parte del partido pol\u00edtico Colombia Humana en la ciudad de Medell\u00edn.<\/span><\/p>\n<p style=\"text-align: justify\"><span style=\"font-weight: 400\">Fue encontrado sin vida en su apartamento, en el barrio Los Pinos, occidente del Valle de Aburr\u00e1, por su hermana, quien afirma haber hablado con \u00e9l el pasado domingo, pero el d\u00eda jueves fue avisada por los compa\u00f1eros de partido de Campo El\u00edas, que no hab\u00eda asistido a las reuniones en los \u00faltimos d\u00edas .\u201cHoy (jueves) en la ma\u00f1ana los amigos de su actividad pol\u00edtica nos dijeron que estaban muy extra\u00f1ados porque hac\u00eda dos d\u00edas no iba a las reuniones. \u00c9l vive solo y vinimos a su apartamento, tuvimos que hacer abrir la puerta y lo encontramos\u201d, afirma Doris Galindo, hermana del profesor.<\/span><\/p>\n<p style=\"text-align: justify\"><span style=\"font-weight: 400\">El cuerpo sin vida del docente fue encontrado en un charco de sangre a los pies de su cama, al parecer fue asesinado con arma blanca y seg\u00fan fuentes de la autoridades, se investigar\u00e1 la p\u00e9rdida de su computador y algunos objetos personales, sus familiares no descartan que su asesinato fue producto por el desarrollo de sus actividades pol\u00edticas y afirman que por cuenta de ellos, seguir\u00e1n haciendo sus averiguaciones e investigaciones para dar con los responsables de este macabro crimen.<\/span><\/p>\n<p style=\"text-align: justify\"><span style=\"font-weight: 400\">\u201cMi hermano era un hombre que toda la vida so\u00f1\u00f3 con transformaciones sociales, era un acad\u00e9mico dedicado a ense\u00f1ar y que crey\u00f3 en un pa\u00eds diferente, m\u00e1s justo. Era padre de dos hijos, un hombre y una mujer, uno de ellos en M\u00e9xico, y sobre todo era muy colaborador y amable\u201d, dice Doris de su hermano.<\/span><\/p>\n<p style=\"text-align: justify\"><span style=\"font-weight: 400\">Historiador y mag\u00edster en planeaci\u00f3n urbana, se jubil\u00f3 de la Universidad Nacional de Colombia en el a\u00f1o 2006 y durante dos a\u00f1os m\u00e1s cumpli\u00f3 como docente ocasional en el departamento de Ciencias Pol\u00edticas.<\/span><\/p>\n<p style=\"text-align: justify\"><span style=\"font-weight: 400\">Por su parte el alcalde de Medell\u00edn, Daniel Quintero Calle, repudi\u00f3 los hechos y ofreci\u00f3 una recompensa de 20 millones de pesos, para quien de informaci\u00f3n de los responsables del asesinato de l\u00edder de izquierda, \u201cDolor por el asesinato en su casa del profesor y activista Campo Elias Galindo. Habr\u00e1 justicia: Polic\u00eda y Fiscal\u00eda trabajan para capturar a los responsables\u00bb, dice el burgomaestre.<\/span><\/p>\n<p style=\"text-align: justify\"><span style=\"font-weight: 400\">El rechazo de los hechos se hizo evidente en redes sociales, donde se pide celeridad en la investigaci\u00f3n y se condenan las muertes de los l\u00edderes sociales.<\/span><\/p>\n<blockquote class=\"twitter-tweet\" data-width=\"500\" data-dnt=\"true\">\n<p lang=\"es\" dir=\"ltr\">El cadaver de Campo Elias Galindo, estaba en su apartamento apu\u00f1aleado desde hace tres dias, tenia un libro que quemaron sobre su pecho y se llevaron celular y computador con informaci\u00f3n de la Colombia Humana de Antioquia.<\/p>\n<p>&mdash; Gustavo Petro (@petrogustavo) <a href=\"https:\/\/twitter.com\/petrogustavo\/status\/1311812768253739009?ref_src=twsrc%5Etfw\">October 1, 2020<\/a><\/p><\/blockquote>\n<p><script async src=\"https:\/\/platform.twitter.com\/widgets.js\" charset=\"utf-8\"><\/script><\/p>\n<p style=\"text-align: justify\">\n<p>https:\/\/twitter.com\/AUGUSTOOCAMPO\/status\/1311984776321159168?s=19<\/p>\n<p style=\"text-align: justify\">\n<blockquote class=\"twitter-tweet\" data-width=\"500\" data-dnt=\"true\">\n<p lang=\"es\" dir=\"ltr\">Campo El\u00edas Galindo dedic\u00f3 su vida a la construcci\u00f3n de la paz y a la educaci\u00f3n. Un maestro, un l\u00edder, un padre que hoy fue asesinado en Medell\u00edn Exigimos respeto a la vida y al pensamiento cr\u00edtico. A la Colombia Humana <a href=\"https:\/\/twitter.com\/hashtag\/NosEst%C3%A1nMatando?src=hash&amp;ref_src=twsrc%5Etfw\">#NosEst\u00e1nMatando<\/a><a href=\"https:\/\/twitter.com\/petrogustavo?ref_src=twsrc%5Etfw\">@petrogustavo<\/a> <a href=\"https:\/\/twitter.com\/QuinteroCalle?ref_src=twsrc%5Etfw\">@QuinteroCalle<\/a> <a href=\"https:\/\/twitter.com\/DefensoriaCol?ref_src=twsrc%5Etfw\">@DefensoriaCol<\/a><\/p>\n<p>&mdash; Juventud Antioquia\ud83d\udc9c\ud83d\udc9b (@JuventudAntioq1) <a href=\"https:\/\/twitter.com\/JuventudAntioq1\/status\/1311748886055317505?ref_src=twsrc%5Etfw\">October 1, 2020<\/a><\/p><\/blockquote>\n<p><script async src=\"https:\/\/platform.twitter.com\/widgets.js\" charset=\"utf-8\"><\/script><\/p>\n<p style=\"text-align: justify\">\n<p style=\"text-align: justify\">\n","protected":false},"excerpt":{"rendered":"<p>Un familiar lo encontr\u00f3 muerto en su apartamento y di\u00f3 aviso a las autoridades. Campo El\u00edas Galindo se desempe\u00f1aba como profesor y l\u00edder social, pensionado de la Universidad Nacional de Colombia, hac\u00eda parte del&#46;&#46;&#46;<\/p>\n","protected":false},"author":84,"featured_media":6039,"comment_status":"open","ping_status":"open","sticky":false,"template":"","format":"standard","meta":{"_acf_changed":false,"om_disable_all_campaigns":false,"rop_custom_images_group":[],"rop_custom_messages_group":[],"rop_publish_now":"initial","rop_publish_now_accounts":{"twitter_242054905_242054905":""},"rop_publish_now_history":[],"rop_publish_now_status":"pending","_uf_show_specific_survey":0,"_uf_disable_surveys":false,"footnotes":""},"categories":[174],"tags":[],"class_list":["post-6038","post","type-post","status-publish","format-standard","has-post-thumbnail","hentry","category-judicial"],"acf":[],"aioseo_notices":[],"yoast_head":"<!-- This site is optimized with the Yoast SEO Premium plugin v24.9 (Yoast SEO v27.2) - https:\/\/yoast.com\/product\/yoast-seo-premium-wordpress\/ -->\n<title>Hallan sin vida a Campo El\u00edas Galindo, l\u00edder y coordinador de Colombia Humana en Medell\u00edn - Colombia | Noti-America.com<\/title>\n<meta name=\"robots\" content=\"index, follow, max-snippet:-1, max-image-preview:large, max-video-preview:-1\" \/>\n<link rel=\"canonical\" href=\"https:\/\/noti-america.com\/site\/colombia\/2020\/10\/03\/hallan-sin-vida-a-campo-elias-galindo-lider-y-coordinador-de-colombia-humana-en-medellin\/\" \/>\n<meta property=\"og:locale\" content=\"es_ES\" \/>\n<meta property=\"og:type\" content=\"article\" \/>\n<meta property=\"og:title\" content=\"Hallan sin vida a Campo El\u00edas Galindo, l\u00edder y coordinador de Colombia Humana en Medell\u00edn\" \/>\n<meta property=\"og:description\" content=\"Un familiar lo encontr\u00f3 muerto en su apartamento y di\u00f3 aviso a las autoridades. Campo El\u00edas Galindo se desempe\u00f1aba como profesor y l\u00edder social, pensionado de la Universidad Nacional de Colombia, hac\u00eda parte del&#046;&#046;&#046;\" \/>\n<meta property=\"og:url\" content=\"https:\/\/noti-america.com\/site\/colombia\/2020\/10\/03\/hallan-sin-vida-a-campo-elias-galindo-lider-y-coordinador-de-colombia-humana-en-medellin\/\" \/>\n<meta property=\"og:site_name\" content=\"Colombia | Noti-America.com\" \/>\n<meta property=\"article:published_time\" content=\"2020-10-03T15:50:26+00:00\" \/>\n<meta property=\"og:image\" content=\"https:\/\/noti-america.com\/site\/colombia\/wp-content\/uploads\/sites\/20\/2020\/10\/Campo-Elias-Galindo.jpg\" \/>\n\t<meta property=\"og:image:width\" content=\"696\" \/>\n\t<meta property=\"og:image:height\" content=\"473\" \/>\n\t<meta property=\"og:image:type\" content=\"image\/jpeg\" \/>\n<meta name=\"author\" content=\"Julian Ortiz\" \/>\n<meta name=\"twitter:card\" content=\"summary_large_image\" \/>\n<meta name=\"twitter:creator\" content=\"@notiamerica\" \/>\n<meta name=\"twitter:site\" content=\"@notiamerica\" \/>\n<meta name=\"twitter:label1\" content=\"Escrito por\" \/>\n\t<meta name=\"twitter:data1\" content=\"Julian Ortiz\" \/>\n\t<meta name=\"twitter:label2\" content=\"Tiempo estimado de lectura\" \/>\n\t<meta name=\"twitter:data2\" content=\"2 minutos\" \/>\n<script type=\"application\/ld+json\" class=\"yoast-schema-graph\">{\"@context\":\"https:\/\/schema.org\",\"@graph\":[{\"@type\":\"Article\",\"@id\":\"https:\/\/noti-america.com\/site\/colombia\/2020\/10\/03\/hallan-sin-vida-a-campo-elias-galindo-lider-y-coordinador-de-colombia-humana-en-medellin\/#article\",\"isPartOf\":{\"@id\":\"https:\/\/noti-america.com\/site\/colombia\/2020\/10\/03\/hallan-sin-vida-a-campo-elias-galindo-lider-y-coordinador-de-colombia-humana-en-medellin\/\"},\"author\":{\"name\":\"Julian Ortiz\",\"@id\":\"https:\/\/noti-america.com\/site\/colombia\/#\/schema\/person\/eb01881981abf1d02e3bc14527a88e8f\"},\"headline\":\"Hallan sin vida a Campo El\u00edas Galindo, l\u00edder y coordinador de Colombia Humana en Medell\u00edn\",\"datePublished\":\"2020-10-03T15:50:26+00:00\",\"mainEntityOfPage\":{\"@id\":\"https:\/\/noti-america.com\/site\/colombia\/2020\/10\/03\/hallan-sin-vida-a-campo-elias-galindo-lider-y-coordinador-de-colombia-humana-en-medellin\/\"},\"wordCount\":478,\"commentCount\":0,\"image\":{\"@id\":\"https:\/\/noti-america.com\/site\/colombia\/2020\/10\/03\/hallan-sin-vida-a-campo-elias-galindo-lider-y-coordinador-de-colombia-humana-en-medellin\/#primaryimage\"},\"thumbnailUrl\":\"https:\/\/noti-america.com\/site\/colombia\/wp-content\/uploads\/sites\/20\/2020\/10\/Campo-Elias-Galindo.jpg\",\"articleSection\":[\"Judicial\"],\"inLanguage\":\"es\",\"potentialAction\":[{\"@type\":\"CommentAction\",\"name\":\"Comment\",\"target\":[\"https:\/\/noti-america.com\/site\/colombia\/2020\/10\/03\/hallan-sin-vida-a-campo-elias-galindo-lider-y-coordinador-de-colombia-humana-en-medellin\/#respond\"]}]},{\"@type\":\"WebPage\",\"@id\":\"https:\/\/noti-america.com\/site\/colombia\/2020\/10\/03\/hallan-sin-vida-a-campo-elias-galindo-lider-y-coordinador-de-colombia-humana-en-medellin\/\",\"url\":\"https:\/\/noti-america.com\/site\/colombia\/2020\/10\/03\/hallan-sin-vida-a-campo-elias-galindo-lider-y-coordinador-de-colombia-humana-en-medellin\/\",\"name\":\"Hallan sin vida a Campo El\u00edas Galindo, l\u00edder y coordinador de Colombia Humana en Medell\u00edn - Colombia | Noti-America.com\",\"isPartOf\":{\"@id\":\"https:\/\/noti-america.com\/site\/colombia\/#website\"},\"primaryImageOfPage\":{\"@id\":\"https:\/\/noti-america.com\/site\/colombia\/2020\/10\/03\/hallan-sin-vida-a-campo-elias-galindo-lider-y-coordinador-de-colombia-humana-en-medellin\/#primaryimage\"},\"image\":{\"@id\":\"https:\/\/noti-america.com\/site\/colombia\/2020\/10\/03\/hallan-sin-vida-a-campo-elias-galindo-lider-y-coordinador-de-colombia-humana-en-medellin\/#primaryimage\"},\"thumbnailUrl\":\"https:\/\/noti-america.com\/site\/colombia\/wp-content\/uploads\/sites\/20\/2020\/10\/Campo-Elias-Galindo.jpg\",\"datePublished\":\"2020-10-03T15:50:26+00:00\",\"author\":{\"@id\":\"https:\/\/noti-america.com\/site\/colombia\/#\/schema\/person\/eb01881981abf1d02e3bc14527a88e8f\"},\"breadcrumb\":{\"@id\":\"https:\/\/noti-america.com\/site\/colombia\/2020\/10\/03\/hallan-sin-vida-a-campo-elias-galindo-lider-y-coordinador-de-colombia-humana-en-medellin\/#breadcrumb\"},\"inLanguage\":\"es\",\"potentialAction\":[{\"@type\":\"ReadAction\",\"target\":[\"https:\/\/noti-america.com\/site\/colombia\/2020\/10\/03\/hallan-sin-vida-a-campo-elias-galindo-lider-y-coordinador-de-colombia-humana-en-medellin\/\"]}]},{\"@type\":\"ImageObject\",\"inLanguage\":\"es\",\"@id\":\"https:\/\/noti-america.com\/site\/colombia\/2020\/10\/03\/hallan-sin-vida-a-campo-elias-galindo-lider-y-coordinador-de-colombia-humana-en-medellin\/#primaryimage\",\"url\":\"https:\/\/noti-america.com\/site\/colombia\/wp-content\/uploads\/sites\/20\/2020\/10\/Campo-Elias-Galindo.jpg\",\"contentUrl\":\"https:\/\/noti-america.com\/site\/colombia\/wp-content\/uploads\/sites\/20\/2020\/10\/Campo-Elias-Galindo.jpg\",\"width\":696,\"height\":473},{\"@type\":\"BreadcrumbList\",\"@id\":\"https:\/\/noti-america.com\/site\/colombia\/2020\/10\/03\/hallan-sin-vida-a-campo-elias-galindo-lider-y-coordinador-de-colombia-humana-en-medellin\/#breadcrumb\",\"itemListElement\":[{\"@type\":\"ListItem\",\"position\":1,\"name\":\"Portada\",\"item\":\"https:\/\/noti-america.com\/site\/colombia\/\"},{\"@type\":\"ListItem\",\"position\":2,\"name\":\"Hallan sin vida a Campo El\u00edas Galindo, l\u00edder y coordinador de Colombia Humana en Medell\u00edn\"}]},{\"@type\":\"WebSite\",\"@id\":\"https:\/\/noti-america.com\/site\/colombia\/#website\",\"url\":\"https:\/\/noti-america.com\/site\/colombia\/\",\"name\":\"Colombia | Noti-America.com\",\"description\":\"\",\"potentialAction\":[{\"@type\":\"SearchAction\",\"target\":{\"@type\":\"EntryPoint\",\"urlTemplate\":\"https:\/\/noti-america.com\/site\/colombia\/?s={search_term_string}\"},\"query-input\":{\"@type\":\"PropertyValueSpecification\",\"valueRequired\":true,\"valueName\":\"search_term_string\"}}],\"inLanguage\":\"es\"},{\"@type\":\"Person\",\"@id\":\"https:\/\/noti-america.com\/site\/colombia\/#\/schema\/person\/eb01881981abf1d02e3bc14527a88e8f\",\"name\":\"Julian Ortiz\",\"image\":{\"@type\":\"ImageObject\",\"inLanguage\":\"es\",\"@id\":\"https:\/\/secure.gravatar.com\/avatar\/538f67c8e966ab4c39ad15913dfecfa3902d52730c1c7194ed5a337bf2268d69?s=96&d=mm&r=g\",\"url\":\"https:\/\/secure.gravatar.com\/avatar\/538f67c8e966ab4c39ad15913dfecfa3902d52730c1c7194ed5a337bf2268d69?s=96&d=mm&r=g\",\"contentUrl\":\"https:\/\/secure.gravatar.com\/avatar\/538f67c8e966ab4c39ad15913dfecfa3902d52730c1c7194ed5a337bf2268d69?s=96&d=mm&r=g\",\"caption\":\"Julian Ortiz\"},\"url\":\"https:\/\/noti-america.com\/site\/colombia\/author\/jortiz\/\"}]}<\/script>\n<!-- \/ Yoast SEO Premium plugin. -->","yoast_head_json":{"title":"Hallan sin vida a Campo El\u00edas Galindo, l\u00edder y coordinador de Colombia Humana en Medell\u00edn - Colombia | Noti-America.com","robots":{"index":"index","follow":"follow","max-snippet":"max-snippet:-1","max-image-preview":"max-image-preview:large","max-video-preview":"max-video-preview:-1"},"canonical":"https:\/\/noti-america.com\/site\/colombia\/2020\/10\/03\/hallan-sin-vida-a-campo-elias-galindo-lider-y-coordinador-de-colombia-humana-en-medellin\/","og_locale":"es_ES","og_type":"article","og_title":"Hallan sin vida a Campo El\u00edas Galindo, l\u00edder y coordinador de Colombia Humana en Medell\u00edn","og_description":"Un familiar lo encontr\u00f3 muerto en su apartamento y di\u00f3 aviso a las autoridades. Campo El\u00edas Galindo se desempe\u00f1aba como profesor y l\u00edder social, pensionado de la Universidad Nacional de Colombia, hac\u00eda parte del&#46;&#46;&#46;","og_url":"https:\/\/noti-america.com\/site\/colombia\/2020\/10\/03\/hallan-sin-vida-a-campo-elias-galindo-lider-y-coordinador-de-colombia-humana-en-medellin\/","og_site_name":"Colombia | Noti-America.com","article_published_time":"2020-10-03T15:50:26+00:00","og_image":[{"width":696,"height":473,"url":"https:\/\/noti-america.com\/site\/colombia\/wp-content\/uploads\/sites\/20\/2020\/10\/Campo-Elias-Galindo.jpg","type":"image\/jpeg"}],"author":"Julian Ortiz","twitter_card":"summary_large_image","twitter_creator":"@notiamerica","twitter_site":"@notiamerica","twitter_misc":{"Escrito por":"Julian Ortiz","Tiempo estimado de lectura":"2 minutos"},"schema":{"@context":"https:\/\/schema.org","@graph":[{"@type":"Article","@id":"https:\/\/noti-america.com\/site\/colombia\/2020\/10\/03\/hallan-sin-vida-a-campo-elias-galindo-lider-y-coordinador-de-colombia-humana-en-medellin\/#article","isPartOf":{"@id":"https:\/\/noti-america.com\/site\/colombia\/2020\/10\/03\/hallan-sin-vida-a-campo-elias-galindo-lider-y-coordinador-de-colombia-humana-en-medellin\/"},"author":{"name":"Julian Ortiz","@id":"https:\/\/noti-america.com\/site\/colombia\/#\/schema\/person\/eb01881981abf1d02e3bc14527a88e8f"},"headline":"Hallan sin vida a Campo El\u00edas Galindo, l\u00edder y coordinador de Colombia Humana en Medell\u00edn","datePublished":"2020-10-03T15:50:26+00:00","mainEntityOfPage":{"@id":"https:\/\/noti-america.com\/site\/colombia\/2020\/10\/03\/hallan-sin-vida-a-campo-elias-galindo-lider-y-coordinador-de-colombia-humana-en-medellin\/"},"wordCount":478,"commentCount":0,"image":{"@id":"https:\/\/noti-america.com\/site\/colombia\/2020\/10\/03\/hallan-sin-vida-a-campo-elias-galindo-lider-y-coordinador-de-colombia-humana-en-medellin\/#primaryimage"},"thumbnailUrl":"https:\/\/noti-america.com\/site\/colombia\/wp-content\/uploads\/sites\/20\/2020\/10\/Campo-Elias-Galindo.jpg","articleSection":["Judicial"],"inLanguage":"es","potentialAction":[{"@type":"CommentAction","name":"Comment","target":["https:\/\/noti-america.com\/site\/colombia\/2020\/10\/03\/hallan-sin-vida-a-campo-elias-galindo-lider-y-coordinador-de-colombia-humana-en-medellin\/#respond"]}]},{"@type":"WebPage","@id":"https:\/\/noti-america.com\/site\/colombia\/2020\/10\/03\/hallan-sin-vida-a-campo-elias-galindo-lider-y-coordinador-de-colombia-humana-en-medellin\/","url":"https:\/\/noti-america.com\/site\/colombia\/2020\/10\/03\/hallan-sin-vida-a-campo-elias-galindo-lider-y-coordinador-de-colombia-humana-en-medellin\/","name":"Hallan sin vida a Campo El\u00edas Galindo, l\u00edder y coordinador de Colombia Humana en Medell\u00edn - Colombia | Noti-America.com","isPartOf":{"@id":"https:\/\/noti-america.com\/site\/colombia\/#website"},"primaryImageOfPage":{"@id":"https:\/\/noti-america.com\/site\/colombia\/2020\/10\/03\/hallan-sin-vida-a-campo-elias-galindo-lider-y-coordinador-de-colombia-humana-en-medellin\/#primaryimage"},"image":{"@id":"https:\/\/noti-america.com\/site\/colombia\/2020\/10\/03\/hallan-sin-vida-a-campo-elias-galindo-lider-y-coordinador-de-colombia-humana-en-medellin\/#primaryimage"},"thumbnailUrl":"https:\/\/noti-america.com\/site\/colombia\/wp-content\/uploads\/sites\/20\/2020\/10\/Campo-Elias-Galindo.jpg","datePublished":"2020-10-03T15:50:26+00:00","author":{"@id":"https:\/\/noti-america.com\/site\/colombia\/#\/schema\/person\/eb01881981abf1d02e3bc14527a88e8f"},"breadcrumb":{"@id":"https:\/\/noti-america.com\/site\/colombia\/2020\/10\/03\/hallan-sin-vida-a-campo-elias-galindo-lider-y-coordinador-de-colombia-humana-en-medellin\/#breadcrumb"},"inLanguage":"es","potentialAction":[{"@type":"ReadAction","target":["https:\/\/noti-america.com\/site\/colombia\/2020\/10\/03\/hallan-sin-vida-a-campo-elias-galindo-lider-y-coordinador-de-colombia-humana-en-medellin\/"]}]},{"@type":"ImageObject","inLanguage":"es","@id":"https:\/\/noti-america.com\/site\/colombia\/2020\/10\/03\/hallan-sin-vida-a-campo-elias-galindo-lider-y-coordinador-de-colombia-humana-en-medellin\/#primaryimage","url":"https:\/\/noti-america.com\/site\/colombia\/wp-content\/uploads\/sites\/20\/2020\/10\/Campo-Elias-Galindo.jpg","contentUrl":"https:\/\/noti-america.com\/site\/colombia\/wp-content\/uploads\/sites\/20\/2020\/10\/Campo-Elias-Galindo.jpg","width":696,"height":473},{"@type":"BreadcrumbList","@id":"https:\/\/noti-america.com\/site\/colombia\/2020\/10\/03\/hallan-sin-vida-a-campo-elias-galindo-lider-y-coordinador-de-colombia-humana-en-medellin\/#breadcrumb","itemListElement":[{"@type":"ListItem","position":1,"name":"Portada","item":"https:\/\/noti-america.com\/site\/colombia\/"},{"@type":"ListItem","position":2,"name":"Hallan sin vida a Campo El\u00edas Galindo, l\u00edder y coordinador de Colombia Humana en Medell\u00edn"}]},{"@type":"WebSite","@id":"https:\/\/noti-america.com\/site\/colombia\/#website","url":"https:\/\/noti-america.com\/site\/colombia\/","name":"Colombia | Noti-America.com","description":"","potentialAction":[{"@type":"SearchAction","target":{"@type":"EntryPoint","urlTemplate":"https:\/\/noti-america.com\/site\/colombia\/?s={search_term_string}"},"query-input":{"@type":"PropertyValueSpecification","valueRequired":true,"valueName":"search_term_string"}}],"inLanguage":"es"},{"@type":"Person","@id":"https:\/\/noti-america.com\/site\/colombia\/#\/schema\/person\/eb01881981abf1d02e3bc14527a88e8f","name":"Julian Ortiz","image":{"@type":"ImageObject","inLanguage":"es","@id":"https:\/\/secure.gravatar.com\/avatar\/538f67c8e966ab4c39ad15913dfecfa3902d52730c1c7194ed5a337bf2268d69?s=96&d=mm&r=g","url":"https:\/\/secure.gravatar.com\/avatar\/538f67c8e966ab4c39ad15913dfecfa3902d52730c1c7194ed5a337bf2268d69?s=96&d=mm&r=g","contentUrl":"https:\/\/secure.gravatar.com\/avatar\/538f67c8e966ab4c39ad15913dfecfa3902d52730c1c7194ed5a337bf2268d69?s=96&d=mm&r=g","caption":"Julian Ortiz"},"url":"https:\/\/noti-america.com\/site\/colombia\/author\/jortiz\/"}]}},"_links":{"self":[{"href":"https:\/\/noti-america.com\/site\/colombia\/wp-json\/wp\/v2\/posts\/6038","targetHints":{"allow":["GET"]}}],"collection":[{"href":"https:\/\/noti-america.com\/site\/colombia\/wp-json\/wp\/v2\/posts"}],"about":[{"href":"https:\/\/noti-america.com\/site\/colombia\/wp-json\/wp\/v2\/types\/post"}],"author":[{"embeddable":true,"href":"https:\/\/noti-america.com\/site\/colombia\/wp-json\/wp\/v2\/users\/84"}],"replies":[{"embeddable":true,"href":"https:\/\/noti-america.com\/site\/colombia\/wp-json\/wp\/v2\/comments?post=6038"}],"version-history":[{"count":1,"href":"https:\/\/noti-america.com\/site\/colombia\/wp-json\/wp\/v2\/posts\/6038\/revisions"}],"predecessor-version":[{"id":6040,"href":"https:\/\/noti-america.com\/site\/colombia\/wp-json\/wp\/v2\/posts\/6038\/revisions\/6040"}],"wp:featuredmedia":[{"embeddable":true,"href":"https:\/\/noti-america.com\/site\/colombia\/wp-json\/wp\/v2\/media\/6039"}],"wp:attachment":[{"href":"https:\/\/noti-america.com\/site\/colombia\/wp-json\/wp\/v2\/media?parent=6038"}],"wp:term":[{"taxonomy":"category","embeddable":true,"href":"https:\/\/noti-america.com\/site\/colombia\/wp-json\/wp\/v2\/categories?post=6038"},{"taxonomy":"post_tag","embeddable":true,"href":"https:\/\/noti-america.com\/site\/colombia\/wp-json\/wp\/v2\/tags?post=6038"}],"curies":[{"name":"wp","href":"https:\/\/api.w.org\/{rel}","templated":true}]}}