{"id":5948,"date":"2020-09-21T13:06:22","date_gmt":"2020-09-21T13:06:22","guid":{"rendered":"https:\/\/noti-america.com\/site\/colombia\/?p=5948"},"modified":"2020-09-21T13:11:12","modified_gmt":"2020-09-21T13:11:12","slug":"goles-y-mas-goles-de-los-colombianos-en-el-exterior","status":"publish","type":"post","link":"https:\/\/noti-america.com\/site\/colombia\/2020\/09\/21\/goles-y-mas-goles-de-los-colombianos-en-el-exterior\/","title":{"rendered":"Goles y m\u00e1s goles de los colombianos en el exterior"},"content":{"rendered":"<p style=\"text-align: justify\"><em>Las ligas en Europa est\u00e1n comenzando y los nuestros van poniendo su sello, jornada tras jornada.<\/em><\/p>\n<p style=\"text-align: justify\"><strong>Falcao Garc\u00eda<\/strong><br \/>\nEl \u00b4Tigre\u00b4, no deja de rugir en Turqu\u00eda, report\u00e1ndose con el 1 a 0, de su equipo el Galatasaray contra el Instanbul, \u00faltimo campe\u00f3n de la liga turca. La presencia del goleador colombiano en el frente de ataque del equipo turco ha sido valiosa para los intereses de los leones, que han conseguido 6 puntos de 6 posibles, con gran aporte del 9 de la selecci\u00f3n que ya lleva 3 goles de cinco que ha convertido su equipo en el inicio de la liga.<\/p>\n<p>https:\/\/twitter.com\/CimbomVarsa\/status\/1307715484305981440?s=20<\/p>\n<p>&nbsp;<\/p>\n<p style=\"text-align: justify\"><strong>Alfredo Morelos<\/strong><br \/>\nEl tricolor se volvi\u00f3 a ondear en tierras europeas gracias a la gran actuaci\u00f3n del delantero que defiende los colores del Rangers de Escocia, que con sutileza domina el bal\u00f3n en el \u00e1rea rival despu\u00e9s de un centro desde la lateral derecha, engatilla y dispara con un fuerte remate que termina en lo profundo de la red, empatando el encuentro antes de finalizar la primera mitad. El encuentro concluy\u00f3 2 por 2 en un sufrido empate. Morelos viene de marcar 2 goles en la Europa League a mitad de semana, volviendo a ganar la confianza de su t\u00e9cnico Steven Gerrard.<\/p>\n<p>https:\/\/twitter.com\/Cafeteros_FC\/status\/1307692511884959745?s=20<\/p>\n<p>&nbsp;<\/p>\n<p style=\"text-align: justify\"><strong>Jhon C\u00f3rdoba<\/strong><br \/>\nSu llegada al Hertha de Berl\u00edn no pudo ser mejor, debut y gol, as\u00ed es Jhon Cordoba, un delantero de raza, que enamora en el viejo continente. El primer encuentro de su equipo en la Bundesliga fue contra el Werder Bremen en condici\u00f3n de visita al que derrot\u00f3 4 &#8211; 1 y el mo\u00f1o se encarg\u00f3 de ponerlo C\u00f3rdoba anotando el cuarto gol. El delantero proveniente del Colonia, tambi\u00e9n de Alemania, inici\u00f3 con pie derecho su historia en el Hertha.<\/p>\n<p>https:\/\/twitter.com\/Cafeteros_FC\/status\/1307347842592366594?s=20<\/p>\n<p>&nbsp;<\/p>\n<p style=\"text-align: justify\"><strong>\u00c9der \u00c1lvarez Balanta<\/strong><br \/>\nEl defensa del Brujas de B\u00e9lgica marc\u00f3 el gol n\u00famero seis con el que su equipo cerr\u00f3 la goleada 6 &#8211; 1 contra el Zulte Waregem. Balanta ingres\u00f3 al campo de juego al minuto 66 y tan solo 8 minutos despu\u00e9s anot\u00f3. El bogotano viste la camiseta del Brujas desde septiembre del a\u00f1o pasado, ha disputado 27 encuentros consiguiendo cuatro goles.<\/p>\n<p>https:\/\/twitter.com\/Cafeteros_FC\/status\/1307669922387046401?s=20<\/p>\n<p>&nbsp;<\/p>\n<p style=\"text-align: justify\"><strong>Brayan Riascos<\/strong><br \/>\nUn d\u00eda memorable para el delantero de Buenaventura, Pac\u00edfico colombiano, gol y asistencia con su equipo, el Nacional de la primera divisi\u00f3n del f\u00fatbol de Portugal, pero no alcanz\u00f3 para la victoria y el encuentro concluy\u00f3 en empate 3 a 3 contra el Boavista. Riascos que fue vital para el ascenso de su equipo, espera seguir siendo protagonista con su club y aportar para su permanencia en la primera divisi\u00f3n.<\/p>\n<p>https:\/\/twitter.com\/Cafeteros_FC\/status\/1307652898936041475?s=20<\/p>\n<p style=\"text-align: justify\"><strong>James Rodr\u00edguez<\/strong><br \/>\nGenio y figura, en la victoria de los &#8216;Blues&#8217;, el colombiano va ocupando un lugar en el equipo de la ciudad de Liverpool, que vi\u00f3 como 5 balones se encajaban en la red, de los cuales James empujaba el segundo hasta el fondo, con fuerte remate de pierna izquierda que el guardameta del West Bromwish no logr\u00f3 atajar. La confianza que ha puesto Carlo Ancelotti en el 10 de la selecci\u00f3n Colombia se ha visto recompensada con las actuaciones del cucute\u00f1o en la Premier League.<\/p>\n<blockquote class=\"twitter-tweet\" data-width=\"500\" data-dnt=\"true\">\n<p lang=\"es\" dir=\"ltr\">Lo mejor que le pudo pasar a James! Muy bien  por \u00e9l<\/p>\n<p>&mdash; Eve Brenes (@EveBrenes) <a href=\"https:\/\/twitter.com\/EveBrenes\/status\/1307455879978123265?ref_src=twsrc%5Etfw\">September 19, 2020<\/a><\/p><\/blockquote>\n<p><script async src=\"https:\/\/platform.twitter.com\/widgets.js\" charset=\"utf-8\"><\/script><\/p>\n<p>&nbsp;<\/p>\n<p style=\"text-align: justify\"><strong>David Ospina<\/strong><br \/>\nEn el reinicio del Calcio Italiano, el guardameta colombiano le puso un cerrojo a su p\u00f3rtico, desde el inicio hasta el final, dej\u00e1ndolo en ceros, en la victoria del Napoli contra el Parma, d\u00e1ndole los primeros 3 puntos en la liga.<br \/>\n<img loading=\"lazy\" decoding=\"async\" class=\"size-medium wp-image-5951 aligncenter\" src=\"https:\/\/noti-america.com\/site\/colombia\/wp-content\/uploads\/sites\/20\/2020\/09\/000_8qc9f3_0-300x175.jpg\" alt=\"\" width=\"300\" height=\"175\" srcset=\"https:\/\/noti-america.com\/site\/colombia\/wp-content\/uploads\/sites\/20\/2020\/09\/000_8qc9f3_0-300x175.jpg 300w, https:\/\/noti-america.com\/site\/colombia\/wp-content\/uploads\/sites\/20\/2020\/09\/000_8qc9f3_0.jpg 631w\" sizes=\"auto, (max-width: 300px) 100vw, 300px\" \/><\/p>\n<p style=\"text-align: justify\"><strong>Otros<\/strong><br \/>\nJeison Murillo \u201cllego para jugar\u201d, a pocos d\u00edas de llegar de la Sampdoria debut\u00f3 con el Celta de Vigo en Espa\u00f1a, mientras tanto Sebasti\u00e1n P\u00e9rez es el nuevo refuerzo del Boavista de la primera divisi\u00f3n del f\u00fatbol de Portugal y el \u00b4Cucho\u00b4 Hern\u00e1ndez \u201ca donde llega es titular\u201d, as\u00ed se evidencio a su llegada al Getafe.<\/p>\n<p><img loading=\"lazy\" decoding=\"async\" class=\"size-medium wp-image-5949 aligncenter\" src=\"https:\/\/noti-america.com\/site\/colombia\/wp-content\/uploads\/sites\/20\/2020\/09\/IMG_20200921_080105-300x204.jpg\" alt=\"\" width=\"300\" height=\"204\" srcset=\"https:\/\/noti-america.com\/site\/colombia\/wp-content\/uploads\/sites\/20\/2020\/09\/IMG_20200921_080105-300x204.jpg 300w, https:\/\/noti-america.com\/site\/colombia\/wp-content\/uploads\/sites\/20\/2020\/09\/IMG_20200921_080105-768x522.jpg 768w, https:\/\/noti-america.com\/site\/colombia\/wp-content\/uploads\/sites\/20\/2020\/09\/IMG_20200921_080105.jpg 871w\" sizes=\"auto, (max-width: 300px) 100vw, 300px\" \/><\/p>\n","protected":false},"excerpt":{"rendered":"<p>Las ligas en Europa est\u00e1n comenzando y los nuestros van poniendo su sello, jornada tras jornada. Falcao Garc\u00eda El \u00b4Tigre\u00b4, no deja de rugir en Turqu\u00eda, report\u00e1ndose con el 1 a 0, de su&#46;&#46;&#46;<\/p>\n","protected":false},"author":84,"featured_media":5953,"comment_status":"open","ping_status":"open","sticky":false,"template":"","format":"standard","meta":{"_acf_changed":false,"om_disable_all_campaigns":false,"rop_custom_images_group":[],"rop_custom_messages_group":[],"rop_publish_now":"initial","rop_publish_now_accounts":{"twitter_242054905_242054905":""},"rop_publish_now_history":[],"rop_publish_now_status":"pending","_uf_show_specific_survey":0,"_uf_disable_surveys":false,"footnotes":""},"categories":[16],"tags":[],"class_list":["post-5948","post","type-post","status-publish","format-standard","has-post-thumbnail","hentry","category-deportes"],"acf":[],"aioseo_notices":[],"yoast_head":"<!-- This site is optimized with the Yoast SEO Premium plugin v24.9 (Yoast SEO v27.2) - https:\/\/yoast.com\/product\/yoast-seo-premium-wordpress\/ -->\n<title>Goles y m\u00e1s goles de los colombianos en el exterior - Colombia | Noti-America.com<\/title>\n<meta name=\"robots\" content=\"index, follow, max-snippet:-1, max-image-preview:large, max-video-preview:-1\" \/>\n<link rel=\"canonical\" href=\"https:\/\/noti-america.com\/site\/colombia\/2020\/09\/21\/goles-y-mas-goles-de-los-colombianos-en-el-exterior\/\" \/>\n<meta property=\"og:locale\" content=\"es_ES\" \/>\n<meta property=\"og:type\" content=\"article\" \/>\n<meta property=\"og:title\" content=\"Goles y m\u00e1s goles de los colombianos en el exterior\" \/>\n<meta property=\"og:description\" content=\"Las ligas en Europa est\u00e1n comenzando y los nuestros van poniendo su sello, jornada tras jornada. Falcao Garc\u00eda El \u00b4Tigre\u00b4, no deja de rugir en Turqu\u00eda, report\u00e1ndose con el 1 a 0, de su&#046;&#046;&#046;\" \/>\n<meta property=\"og:url\" content=\"https:\/\/noti-america.com\/site\/colombia\/2020\/09\/21\/goles-y-mas-goles-de-los-colombianos-en-el-exterior\/\" \/>\n<meta property=\"og:site_name\" content=\"Colombia | Noti-America.com\" \/>\n<meta property=\"article:published_time\" content=\"2020-09-21T13:06:22+00:00\" \/>\n<meta property=\"article:modified_time\" content=\"2020-09-21T13:11:12+00:00\" \/>\n<meta property=\"og:image\" content=\"https:\/\/noti-america.com\/site\/colombia\/wp-content\/uploads\/sites\/20\/2020\/09\/IMG-20200921-WA0009.jpg\" \/>\n\t<meta property=\"og:image:width\" content=\"616\" \/>\n\t<meta property=\"og:image:height\" content=\"790\" \/>\n\t<meta property=\"og:image:type\" content=\"image\/jpeg\" \/>\n<meta name=\"author\" content=\"Julian Ortiz\" \/>\n<meta name=\"twitter:card\" content=\"summary_large_image\" \/>\n<meta name=\"twitter:creator\" content=\"@notiamerica\" \/>\n<meta name=\"twitter:site\" content=\"@notiamerica\" \/>\n<meta name=\"twitter:label1\" content=\"Escrito por\" \/>\n\t<meta name=\"twitter:data1\" content=\"Julian Ortiz\" \/>\n\t<meta name=\"twitter:label2\" content=\"Tiempo estimado de lectura\" \/>\n\t<meta name=\"twitter:data2\" content=\"3 minutos\" \/>\n<script type=\"application\/ld+json\" class=\"yoast-schema-graph\">{\"@context\":\"https:\/\/schema.org\",\"@graph\":[{\"@type\":\"Article\",\"@id\":\"https:\/\/noti-america.com\/site\/colombia\/2020\/09\/21\/goles-y-mas-goles-de-los-colombianos-en-el-exterior\/#article\",\"isPartOf\":{\"@id\":\"https:\/\/noti-america.com\/site\/colombia\/2020\/09\/21\/goles-y-mas-goles-de-los-colombianos-en-el-exterior\/\"},\"author\":{\"name\":\"Julian Ortiz\",\"@id\":\"https:\/\/noti-america.com\/site\/colombia\/#\/schema\/person\/eb01881981abf1d02e3bc14527a88e8f\"},\"headline\":\"Goles y m\u00e1s goles de los colombianos en el exterior\",\"datePublished\":\"2020-09-21T13:06:22+00:00\",\"dateModified\":\"2020-09-21T13:11:12+00:00\",\"mainEntityOfPage\":{\"@id\":\"https:\/\/noti-america.com\/site\/colombia\/2020\/09\/21\/goles-y-mas-goles-de-los-colombianos-en-el-exterior\/\"},\"wordCount\":682,\"commentCount\":0,\"image\":{\"@id\":\"https:\/\/noti-america.com\/site\/colombia\/2020\/09\/21\/goles-y-mas-goles-de-los-colombianos-en-el-exterior\/#primaryimage\"},\"thumbnailUrl\":\"https:\/\/noti-america.com\/site\/colombia\/wp-content\/uploads\/sites\/20\/2020\/09\/IMG-20200921-WA0009.jpg\",\"articleSection\":[\"Deportes\"],\"inLanguage\":\"es\",\"potentialAction\":[{\"@type\":\"CommentAction\",\"name\":\"Comment\",\"target\":[\"https:\/\/noti-america.com\/site\/colombia\/2020\/09\/21\/goles-y-mas-goles-de-los-colombianos-en-el-exterior\/#respond\"]}]},{\"@type\":\"WebPage\",\"@id\":\"https:\/\/noti-america.com\/site\/colombia\/2020\/09\/21\/goles-y-mas-goles-de-los-colombianos-en-el-exterior\/\",\"url\":\"https:\/\/noti-america.com\/site\/colombia\/2020\/09\/21\/goles-y-mas-goles-de-los-colombianos-en-el-exterior\/\",\"name\":\"Goles y m\u00e1s goles de los colombianos en el exterior - Colombia | Noti-America.com\",\"isPartOf\":{\"@id\":\"https:\/\/noti-america.com\/site\/colombia\/#website\"},\"primaryImageOfPage\":{\"@id\":\"https:\/\/noti-america.com\/site\/colombia\/2020\/09\/21\/goles-y-mas-goles-de-los-colombianos-en-el-exterior\/#primaryimage\"},\"image\":{\"@id\":\"https:\/\/noti-america.com\/site\/colombia\/2020\/09\/21\/goles-y-mas-goles-de-los-colombianos-en-el-exterior\/#primaryimage\"},\"thumbnailUrl\":\"https:\/\/noti-america.com\/site\/colombia\/wp-content\/uploads\/sites\/20\/2020\/09\/IMG-20200921-WA0009.jpg\",\"datePublished\":\"2020-09-21T13:06:22+00:00\",\"dateModified\":\"2020-09-21T13:11:12+00:00\",\"author\":{\"@id\":\"https:\/\/noti-america.com\/site\/colombia\/#\/schema\/person\/eb01881981abf1d02e3bc14527a88e8f\"},\"breadcrumb\":{\"@id\":\"https:\/\/noti-america.com\/site\/colombia\/2020\/09\/21\/goles-y-mas-goles-de-los-colombianos-en-el-exterior\/#breadcrumb\"},\"inLanguage\":\"es\",\"potentialAction\":[{\"@type\":\"ReadAction\",\"target\":[\"https:\/\/noti-america.com\/site\/colombia\/2020\/09\/21\/goles-y-mas-goles-de-los-colombianos-en-el-exterior\/\"]}]},{\"@type\":\"ImageObject\",\"inLanguage\":\"es\",\"@id\":\"https:\/\/noti-america.com\/site\/colombia\/2020\/09\/21\/goles-y-mas-goles-de-los-colombianos-en-el-exterior\/#primaryimage\",\"url\":\"https:\/\/noti-america.com\/site\/colombia\/wp-content\/uploads\/sites\/20\/2020\/09\/IMG-20200921-WA0009.jpg\",\"contentUrl\":\"https:\/\/noti-america.com\/site\/colombia\/wp-content\/uploads\/sites\/20\/2020\/09\/IMG-20200921-WA0009.jpg\",\"width\":616,\"height\":790},{\"@type\":\"BreadcrumbList\",\"@id\":\"https:\/\/noti-america.com\/site\/colombia\/2020\/09\/21\/goles-y-mas-goles-de-los-colombianos-en-el-exterior\/#breadcrumb\",\"itemListElement\":[{\"@type\":\"ListItem\",\"position\":1,\"name\":\"Portada\",\"item\":\"https:\/\/noti-america.com\/site\/colombia\/\"},{\"@type\":\"ListItem\",\"position\":2,\"name\":\"Goles y m\u00e1s goles de los colombianos en el exterior\"}]},{\"@type\":\"WebSite\",\"@id\":\"https:\/\/noti-america.com\/site\/colombia\/#website\",\"url\":\"https:\/\/noti-america.com\/site\/colombia\/\",\"name\":\"Colombia | Noti-America.com\",\"description\":\"\",\"potentialAction\":[{\"@type\":\"SearchAction\",\"target\":{\"@type\":\"EntryPoint\",\"urlTemplate\":\"https:\/\/noti-america.com\/site\/colombia\/?s={search_term_string}\"},\"query-input\":{\"@type\":\"PropertyValueSpecification\",\"valueRequired\":true,\"valueName\":\"search_term_string\"}}],\"inLanguage\":\"es\"},{\"@type\":\"Person\",\"@id\":\"https:\/\/noti-america.com\/site\/colombia\/#\/schema\/person\/eb01881981abf1d02e3bc14527a88e8f\",\"name\":\"Julian Ortiz\",\"image\":{\"@type\":\"ImageObject\",\"inLanguage\":\"es\",\"@id\":\"https:\/\/secure.gravatar.com\/avatar\/538f67c8e966ab4c39ad15913dfecfa3902d52730c1c7194ed5a337bf2268d69?s=96&d=mm&r=g\",\"url\":\"https:\/\/secure.gravatar.com\/avatar\/538f67c8e966ab4c39ad15913dfecfa3902d52730c1c7194ed5a337bf2268d69?s=96&d=mm&r=g\",\"contentUrl\":\"https:\/\/secure.gravatar.com\/avatar\/538f67c8e966ab4c39ad15913dfecfa3902d52730c1c7194ed5a337bf2268d69?s=96&d=mm&r=g\",\"caption\":\"Julian Ortiz\"},\"url\":\"https:\/\/noti-america.com\/site\/colombia\/author\/jortiz\/\"}]}<\/script>\n<!-- \/ Yoast SEO Premium plugin. -->","yoast_head_json":{"title":"Goles y m\u00e1s goles de los colombianos en el exterior - Colombia | Noti-America.com","robots":{"index":"index","follow":"follow","max-snippet":"max-snippet:-1","max-image-preview":"max-image-preview:large","max-video-preview":"max-video-preview:-1"},"canonical":"https:\/\/noti-america.com\/site\/colombia\/2020\/09\/21\/goles-y-mas-goles-de-los-colombianos-en-el-exterior\/","og_locale":"es_ES","og_type":"article","og_title":"Goles y m\u00e1s goles de los colombianos en el exterior","og_description":"Las ligas en Europa est\u00e1n comenzando y los nuestros van poniendo su sello, jornada tras jornada. Falcao Garc\u00eda El \u00b4Tigre\u00b4, no deja de rugir en Turqu\u00eda, report\u00e1ndose con el 1 a 0, de su&#46;&#46;&#46;","og_url":"https:\/\/noti-america.com\/site\/colombia\/2020\/09\/21\/goles-y-mas-goles-de-los-colombianos-en-el-exterior\/","og_site_name":"Colombia | Noti-America.com","article_published_time":"2020-09-21T13:06:22+00:00","article_modified_time":"2020-09-21T13:11:12+00:00","og_image":[{"width":616,"height":790,"url":"https:\/\/noti-america.com\/site\/colombia\/wp-content\/uploads\/sites\/20\/2020\/09\/IMG-20200921-WA0009.jpg","type":"image\/jpeg"}],"author":"Julian Ortiz","twitter_card":"summary_large_image","twitter_creator":"@notiamerica","twitter_site":"@notiamerica","twitter_misc":{"Escrito por":"Julian Ortiz","Tiempo estimado de lectura":"3 minutos"},"schema":{"@context":"https:\/\/schema.org","@graph":[{"@type":"Article","@id":"https:\/\/noti-america.com\/site\/colombia\/2020\/09\/21\/goles-y-mas-goles-de-los-colombianos-en-el-exterior\/#article","isPartOf":{"@id":"https:\/\/noti-america.com\/site\/colombia\/2020\/09\/21\/goles-y-mas-goles-de-los-colombianos-en-el-exterior\/"},"author":{"name":"Julian Ortiz","@id":"https:\/\/noti-america.com\/site\/colombia\/#\/schema\/person\/eb01881981abf1d02e3bc14527a88e8f"},"headline":"Goles y m\u00e1s goles de los colombianos en el exterior","datePublished":"2020-09-21T13:06:22+00:00","dateModified":"2020-09-21T13:11:12+00:00","mainEntityOfPage":{"@id":"https:\/\/noti-america.com\/site\/colombia\/2020\/09\/21\/goles-y-mas-goles-de-los-colombianos-en-el-exterior\/"},"wordCount":682,"commentCount":0,"image":{"@id":"https:\/\/noti-america.com\/site\/colombia\/2020\/09\/21\/goles-y-mas-goles-de-los-colombianos-en-el-exterior\/#primaryimage"},"thumbnailUrl":"https:\/\/noti-america.com\/site\/colombia\/wp-content\/uploads\/sites\/20\/2020\/09\/IMG-20200921-WA0009.jpg","articleSection":["Deportes"],"inLanguage":"es","potentialAction":[{"@type":"CommentAction","name":"Comment","target":["https:\/\/noti-america.com\/site\/colombia\/2020\/09\/21\/goles-y-mas-goles-de-los-colombianos-en-el-exterior\/#respond"]}]},{"@type":"WebPage","@id":"https:\/\/noti-america.com\/site\/colombia\/2020\/09\/21\/goles-y-mas-goles-de-los-colombianos-en-el-exterior\/","url":"https:\/\/noti-america.com\/site\/colombia\/2020\/09\/21\/goles-y-mas-goles-de-los-colombianos-en-el-exterior\/","name":"Goles y m\u00e1s goles de los colombianos en el exterior - Colombia | Noti-America.com","isPartOf":{"@id":"https:\/\/noti-america.com\/site\/colombia\/#website"},"primaryImageOfPage":{"@id":"https:\/\/noti-america.com\/site\/colombia\/2020\/09\/21\/goles-y-mas-goles-de-los-colombianos-en-el-exterior\/#primaryimage"},"image":{"@id":"https:\/\/noti-america.com\/site\/colombia\/2020\/09\/21\/goles-y-mas-goles-de-los-colombianos-en-el-exterior\/#primaryimage"},"thumbnailUrl":"https:\/\/noti-america.com\/site\/colombia\/wp-content\/uploads\/sites\/20\/2020\/09\/IMG-20200921-WA0009.jpg","datePublished":"2020-09-21T13:06:22+00:00","dateModified":"2020-09-21T13:11:12+00:00","author":{"@id":"https:\/\/noti-america.com\/site\/colombia\/#\/schema\/person\/eb01881981abf1d02e3bc14527a88e8f"},"breadcrumb":{"@id":"https:\/\/noti-america.com\/site\/colombia\/2020\/09\/21\/goles-y-mas-goles-de-los-colombianos-en-el-exterior\/#breadcrumb"},"inLanguage":"es","potentialAction":[{"@type":"ReadAction","target":["https:\/\/noti-america.com\/site\/colombia\/2020\/09\/21\/goles-y-mas-goles-de-los-colombianos-en-el-exterior\/"]}]},{"@type":"ImageObject","inLanguage":"es","@id":"https:\/\/noti-america.com\/site\/colombia\/2020\/09\/21\/goles-y-mas-goles-de-los-colombianos-en-el-exterior\/#primaryimage","url":"https:\/\/noti-america.com\/site\/colombia\/wp-content\/uploads\/sites\/20\/2020\/09\/IMG-20200921-WA0009.jpg","contentUrl":"https:\/\/noti-america.com\/site\/colombia\/wp-content\/uploads\/sites\/20\/2020\/09\/IMG-20200921-WA0009.jpg","width":616,"height":790},{"@type":"BreadcrumbList","@id":"https:\/\/noti-america.com\/site\/colombia\/2020\/09\/21\/goles-y-mas-goles-de-los-colombianos-en-el-exterior\/#breadcrumb","itemListElement":[{"@type":"ListItem","position":1,"name":"Portada","item":"https:\/\/noti-america.com\/site\/colombia\/"},{"@type":"ListItem","position":2,"name":"Goles y m\u00e1s goles de los colombianos en el exterior"}]},{"@type":"WebSite","@id":"https:\/\/noti-america.com\/site\/colombia\/#website","url":"https:\/\/noti-america.com\/site\/colombia\/","name":"Colombia | Noti-America.com","description":"","potentialAction":[{"@type":"SearchAction","target":{"@type":"EntryPoint","urlTemplate":"https:\/\/noti-america.com\/site\/colombia\/?s={search_term_string}"},"query-input":{"@type":"PropertyValueSpecification","valueRequired":true,"valueName":"search_term_string"}}],"inLanguage":"es"},{"@type":"Person","@id":"https:\/\/noti-america.com\/site\/colombia\/#\/schema\/person\/eb01881981abf1d02e3bc14527a88e8f","name":"Julian Ortiz","image":{"@type":"ImageObject","inLanguage":"es","@id":"https:\/\/secure.gravatar.com\/avatar\/538f67c8e966ab4c39ad15913dfecfa3902d52730c1c7194ed5a337bf2268d69?s=96&d=mm&r=g","url":"https:\/\/secure.gravatar.com\/avatar\/538f67c8e966ab4c39ad15913dfecfa3902d52730c1c7194ed5a337bf2268d69?s=96&d=mm&r=g","contentUrl":"https:\/\/secure.gravatar.com\/avatar\/538f67c8e966ab4c39ad15913dfecfa3902d52730c1c7194ed5a337bf2268d69?s=96&d=mm&r=g","caption":"Julian Ortiz"},"url":"https:\/\/noti-america.com\/site\/colombia\/author\/jortiz\/"}]}},"_links":{"self":[{"href":"https:\/\/noti-america.com\/site\/colombia\/wp-json\/wp\/v2\/posts\/5948","targetHints":{"allow":["GET"]}}],"collection":[{"href":"https:\/\/noti-america.com\/site\/colombia\/wp-json\/wp\/v2\/posts"}],"about":[{"href":"https:\/\/noti-america.com\/site\/colombia\/wp-json\/wp\/v2\/types\/post"}],"author":[{"embeddable":true,"href":"https:\/\/noti-america.com\/site\/colombia\/wp-json\/wp\/v2\/users\/84"}],"replies":[{"embeddable":true,"href":"https:\/\/noti-america.com\/site\/colombia\/wp-json\/wp\/v2\/comments?post=5948"}],"version-history":[{"count":2,"href":"https:\/\/noti-america.com\/site\/colombia\/wp-json\/wp\/v2\/posts\/5948\/revisions"}],"predecessor-version":[{"id":5955,"href":"https:\/\/noti-america.com\/site\/colombia\/wp-json\/wp\/v2\/posts\/5948\/revisions\/5955"}],"wp:featuredmedia":[{"embeddable":true,"href":"https:\/\/noti-america.com\/site\/colombia\/wp-json\/wp\/v2\/media\/5953"}],"wp:attachment":[{"href":"https:\/\/noti-america.com\/site\/colombia\/wp-json\/wp\/v2\/media?parent=5948"}],"wp:term":[{"taxonomy":"category","embeddable":true,"href":"https:\/\/noti-america.com\/site\/colombia\/wp-json\/wp\/v2\/categories?post=5948"},{"taxonomy":"post_tag","embeddable":true,"href":"https:\/\/noti-america.com\/site\/colombia\/wp-json\/wp\/v2\/tags?post=5948"}],"curies":[{"name":"wp","href":"https:\/\/api.w.org\/{rel}","templated":true}]}}